{"id":203845,"date":"2020-12-01T10:36:31","date_gmt":"2020-12-01T10:36:31","guid":{"rendered":"https:\/\/www.meydan.tv\/article\/hekim-doyusde-ayagini-itiren-oglumun-sargilarini-deyismeye-gelmir\/"},"modified":"2020-12-01T10:36:31","modified_gmt":"2020-12-01T10:36:31","slug":"hekim-doyusde-ayagini-itiren-oglumun-sargilarini-deyismeye-gelmir","status":"publish","type":"post","link":"https:\/\/www.meydan.tv\/az\/article\/hekim-doyusde-ayagini-itiren-oglumun-sargilarini-deyismeye-gelmir\/","title":{"rendered":"&#8220;H\u0259kim d\u00f6y\u00fc\u015fd\u0259 aya\u011f\u0131n\u0131 itir\u0259n o\u011flumun sar\u011f\u0131lar\u0131n\u0131 d\u0259yi\u015fm\u0259y\u0259 g\u0259lmir&#8221;"},"content":{"rendered":"<p>\n  <i><br \/>\n    Valideyn deyir ki, onlar\u0131n v\u0259ziyy\u0259ti il\u0259 maraqlanan yoxdur<br \/>\n  <\/i>\n<\/p>\n<p>\n  Qazax sakini 19 ya\u015fl\u0131 K\u0259nan Musayev oktyabr\u0131n 3-d\u0259 Suqovu\u015fan istiqam\u0259tind\u0259 ged\u0259n d\u00f6y\u00fc\u015fl\u0259r zaman\u0131 minaya d\u00fc\u015f\u0259r\u0259k sol aya\u011f\u0131n\u0131 dizd\u0259n a\u015fa\u011f\u0131 itirib.\n<\/p>\n<p>\n  Ke\u00e7mi\u015f d\u00f6y\u00fc\u015f\u00e7\u00fcn\u00fcn anas\u0131 M\u0259h\u0259bb\u0259t M\u0259mm\u0259dova Meydan TV-y\u0259 m\u00fcsahib\u0259sind\u0259 bildirib ki, o\u011flu yaralanandan sonra \u0259vv\u0259lc\u0259 Naftalan \u015e\u0259h\u0259r M\u0259rk\u0259zi X\u0259st\u0259xanas\u0131na yerl\u0259\u015fdiril\u0259r\u0259k, \u0259m\u0259liyyat olunub. Ming\u0259\u00e7evir \u015e\u0259h\u0259r M\u0259rk\u0259zi X\u0259st\u0259xanas\u0131na apar\u0131laraq, daha iki d\u0259f\u0259 d\u0259 orada \u0259m\u0259liyyat ke\u00e7irib:\n<\/p>\n<p>\n  \u201c\u018fm\u0259liyyatlardan sonra oktyabr\u0131n 18-d\u0259 ev\u0259 burax\u0131l\u0131b. H\u0259kim demi\u015fdi ki, h\u0259r g\u00fcn sar\u011f\u0131s\u0131 d\u0259yi\u015fdirilm\u0259li, yaras\u0131na n\u0259zar\u0259t olunmal\u0131d\u0131r. Qazax Rayon M\u0259rk\u0259zi X\u0259st\u0259xanas\u0131na m\u00fcraci\u0259t etdik ki, h\u0259kim ay\u0131rs\u0131nlar. H\u0259kim h\u0259r g\u00fcn g\u0259lib, o\u011fluma ba\u015f \u00e7\u0259km\u0259li, sar\u011f\u0131s\u0131n\u0131 d\u0259yi\u015fdirm\u0259li idi. Lakin u\u015fa\u011f\u0131n aya\u011f\u0131n\u0131n sar\u011f\u0131s\u0131 bir ay, 15 g\u00fcn \u0259rzind\u0259 4 d\u0259f\u0259 d\u0259yi\u015fdirilib. G\u0259lm\u0259diyi \u00fc\u00e7\u00fcn ax\u0131rda \u0259lacs\u0131z qal\u0131b, sar\u011f\u0131n\u0131 qon\u015fular\u0131n k\u00f6m\u0259kliyi il\u0259 \u00f6z\u00fcm t\u0259z\u0259l\u0259yirdim. Qon\u015fuda bir qad\u0131n var, sa\u011f olsun, h\u0259r g\u00fcn g\u0259lib sar\u011f\u0131n\u0131 d\u0259yi\u015fir\u201d.\n<\/p>\n<p>\n  K\u0259nan Musayev 2001-ci ild\u0259 Qazax rayonunda do\u011fulub. 2009-cu ild\u0259 valideynl\u0259ri bo\u015fan\u0131b. Haz\u0131rda maddi v\u0259ziyy\u0259ti a\u011f\u0131r olan ail\u0259 Qazax K\u0259nd T\u0259s\u0259rr\u00fcffat\u0131 Texnikumunun yataqxanas\u0131nda ya\u015fay\u0131r:\n<\/p>\n<p>\n  \u201c\u00dc\u00e7 \u00f6vlad\u0131m \u2013 iki q\u0131z\u0131m, bir o\u011flum var. Q\u0131zlar\u0131m ail\u0259 h\u0259yat\u0131 qurub. O\u011flumla ikimiz birg\u0259 ya\u015fay\u0131r\u0131q. K\u0259nan \u0259sg\u0259rlikd\u0259n \u0259vv\u0259l ma\u015f\u0131n ustas\u0131 i\u015fl\u0259yirdi. M\u0259n d\u0259 kartof y\u0131\u011f\u0131m\u0131na v\u0259 evl\u0259r\u0259 t\u0259mizlik i\u015fl\u0259ri g\u00f6rm\u0259y\u0259 gedir\u0259m. O\u011flum on ay idi ki, \u0259sg\u0259rlikd\u0259 idi. T\u0259t\u0259rd\u0259 xidm\u0259t g\u00f6st\u0259riridi. M\u00fcharib\u0259 ba\u015flayan g\u00fcnd\u0259n d\u00f6y\u00fc\u015fl\u0259rd\u0259 i\u015ftirak edib. Deyir ki, biz\u0259 \u201c\u0130r\u0259li!\u201d komandas\u0131 verilib, bununla b\u0259rab\u0259r ba\u015fqa bir \u0259sg\u0259r yolda\u015f\u0131 ir\u0259li ged\u0259nd\u0259, ikisi d\u0259 eyni yerd\u0259, sol ayaqlar\u0131ndan minaya d\u00fc\u015f\u00fcbl\u0259r. U\u015faq kontuziya al\u0131b, beyin silk\u0259l\u0259nm\u0259si olub. Psixoloji durumu yerind\u0259 deyil, \u0259s\u0259bl\u0259ri \u00e7ox oyaqd\u0131r. M\u00fcharib\u0259 il\u0259 ba\u011fl\u0131 \u00fcmumiyy\u0259tl\u0259 dan\u0131\u015fma\u011f\u0131 sevmir\u201d.\n<\/p>\n<p>\n  Ail\u0259nin maddi v\u0259ziyy\u0259ti a\u011f\u0131rd\u0131r. M\u0259h\u0259bb\u0259t M\u0259mm\u0259dova deyir ki, maddi \u00e7at\u0131mazl\u0131qlar\u0131n\u0131n olmas\u0131 il\u0259 ba\u011fl\u0131 rayonun aidiyy\u0259tli qurumlar\u0131na m\u00fcraci\u0259t ets\u0259 d\u0259, Qaraba\u011f d\u00f6y\u00fc\u015fl\u0259rind\u0259 sol aya\u011f\u0131n\u0131 itir\u0259n g\u0259ncin probleml\u0259ri il\u0259 maraqlanan yoxdur:\n<\/p>\n<p>\n  \u201cD\u0259f\u0259l\u0259rl\u0259 Qazax Rayon \u0130cra Hakimiyy\u0259tin\u0259 getmi\u015f\u0259m. A\u015fa\u011f\u0131da, pill\u0259k\u0259nin aya\u011f\u0131nda n\u00fcmay\u0259nd\u0259l\u0259ri qar\u015f\u0131lay\u0131b. N\u0259 soru\u015fublar, cavab vermi\u015f\u0259m, yaz\u0131bar. Deyibl\u0259r ki, maraqlanaca\u011f\u0131q, amma he\u00e7 bir n\u0259tic\u0259si olmay\u0131b. Qazax Rayon M\u0259rk\u0259zi X\u0259st\u0259xanas\u0131 da h\u0259m\u00e7inin, u\u015fa\u011f\u0131n sar\u011f\u0131s\u0131n\u0131 qon\u015fu d\u0259yi\u015fir. Halbuki, bunun \u00fc\u00e7\u00fcn h\u0259kim t\u0259yin olunmu\u015fdu, vaxtl\u0131-vaxt\u0131nda g\u0259lm\u0259di\u201d.\n<\/p>\n<p>\n  Qazax Rayon \u0130cra Hakimiyy\u0259tind\u0259n z\u0259ngi cavabland\u0131rmay\u0131blar. Qazax Rayon M\u0259rk\u0259zi X\u0259st\u0259xas\u0131n\u0131n q\u0259bul \u015f\u00f6b\u0259sind\u0259n is\u0259 \u015fikay\u0259ti r\u0259hb\u0259rliy\u0259 \u00e7atd\u0131racaqlar\u0131n\u0131 deyibl\u0259r.\n<\/p>\n<p>\n  Bu il sentyabr\u0131n 27-d\u0259 Az\u0259rbaycanla Erm\u0259nistan aras\u0131nda h\u0259rbi \u0259m\u0259liyyatlar ba\u015flay\u0131b. Noyabr\u0131n 9-d\u0259k s\u00fcr\u0259n 44 g\u00fcnl\u00fck \u0259m\u0259liyyat n\u0259tic\u0259sind\u0259, Az\u0259rbaycan t\u0259xmin\u0259n 280 k\u0259ndi, d\u00f6rd q\u0259s\u0259b\u0259ni (Hadrut, Mincivan, A\u011fb\u0259nd, Bartaz), \u015eu\u015fa v\u0259 daha d\u00f6rd \u015f\u0259h\u0259ri (C\u0259bray\u0131l, F\u00fczuli, Z\u0259ngilan, Qubadl\u0131) i\u015f\u011faldan azad edib.\n<\/p>\n<p>\n  Noyabr\u0131n 10-da Az\u0259rbaycan, Erm\u0259nistan v\u0259 Rusiya d\u00f6vl\u0259t ba\u015f\u00e7\u0131lar\u0131 at\u0259\u015fk\u0259s b\u0259yanat\u0131 imzalay\u0131b. S\u0259n\u0259d\u0259 g\u00f6r\u0259, noyabr\u0131n 20-d\u0259 A\u011fdam, 25-d\u0259 K\u0259lb\u0259c\u0259r, dekabr\u0131n 1-d\u0259 is\u0259 La\u00e7\u0131n rayonu Az\u0259rbaycana qaytar\u0131l\u0131b. La\u00e7\u0131n d\u0259hlizind\u0259 v\u0259 qo\u015funlar\u0131n t\u0259mas x\u0259ttind\u0259 is\u0259 Rusiya s\u00fclhm\u0259raml\u0131lar\u0131 yerl\u0259\u015fdirilib.\n<\/p>\n<p>\n  Qaraba\u011f m\u00fcnaqi\u015f\u0259si Erm\u0259nistan\u0131n Az\u0259rbaycana \u0259razi iddialar\u0131 il\u0259 1988-ci ild\u0259 ba\u015flay\u0131b. 1994-c\u00fc ild\u0259 olan at\u0259\u015fk\u0259s raz\u0131la\u015fmas\u0131na q\u0259d\u0259r Az\u0259rbaycan\u0131n Da\u011fl\u0131q Qaraba\u011f b\u00f6lg\u0259si v\u0259 ona biti\u015fik 7 rayonu i\u015f\u011fal edilmi\u015fdi.<\/p>\n","protected":false},"excerpt":{"rendered":"<p>M\u0259h\u0259bb\u0259t M\u0259mm\u0259dova deyir ki, maddi \u00e7at\u0131mazl\u0131qlar\u0131n\u0131n olmas\u0131 il\u0259 ba\u011fl\u0131 rayonun aidiyy\u0259tli qurumlar\u0131na m\u00fcraci\u0259t ets\u0259 d\u0259, Qaraba\u011f d\u00f6y\u00fc\u015fl\u0259rind\u0259 sol aya\u011f\u0131n\u0131 itir\u0259n g\u0259ncin probleml\u0259ri il\u0259 maraqlanan yoxdur<\/p>\n","protected":false},"author":11,"featured_media":152378,"comment_status":"closed","ping_status":"open","sticky":false,"template":"","format":"standard","meta":{"_acf_changed":false,"_sitemap_exclude":false,"_sitemap_priority":"","_sitemap_frequency":"","footnotes":""},"categories":[60],"tags":[],"class_list":["post-203845","post","type-post","status-publish","format-standard","has-post-thumbnail","hentry","category-bolge","infinite-scroll-item","generate-columns","tablet-grid-50","mobile-grid-100","grid-parent","grid-33","no-featured-image-padding"],"acf":[],"yoast_head":"<!-- This site is optimized with the Yoast SEO plugin v27.5 - https:\/\/yoast.com\/product\/yoast-seo-wordpress\/ -->\n<title>&quot;H\u0259kim d\u00f6y\u00fc\u015fd\u0259 aya\u011f\u0131n\u0131 itir\u0259n o\u011flumun sar\u011f\u0131lar\u0131n\u0131 d\u0259yi\u015fm\u0259y\u0259 g\u0259lmir&quot; - MEYDAN.TV<\/title>\n<meta name=\"robots\" content=\"index, follow, max-snippet:-1, max-image-preview:large, max-video-preview:-1\" \/>\n<link rel=\"canonical\" href=\"https:\/\/www.meydan.tv\/az\/article\/hekim-doyusde-ayagini-itiren-oglumun-sargilarini-deyismeye-gelmir\/\" \/>\n<meta property=\"og:locale\" content=\"az_AZ\" \/>\n<meta property=\"og:type\" content=\"article\" \/>\n<meta property=\"og:title\" content=\"&quot;H\u0259kim d\u00f6y\u00fc\u015fd\u0259 aya\u011f\u0131n\u0131 itir\u0259n o\u011flumun sar\u011f\u0131lar\u0131n\u0131 d\u0259yi\u015fm\u0259y\u0259 g\u0259lmir&quot; - MEYDAN.TV\" \/>\n<meta property=\"og:description\" content=\"M\u0259h\u0259bb\u0259t M\u0259mm\u0259dova deyir ki, maddi \u00e7at\u0131mazl\u0131qlar\u0131n\u0131n olmas\u0131 il\u0259 ba\u011fl\u0131 rayonun aidiyy\u0259tli qurumlar\u0131na m\u00fcraci\u0259t ets\u0259 d\u0259, Qaraba\u011f d\u00f6y\u00fc\u015fl\u0259rind\u0259 sol aya\u011f\u0131n\u0131 itir\u0259n g\u0259ncin probleml\u0259ri il\u0259 maraqlanan yoxdur\" \/>\n<meta property=\"og:url\" content=\"https:\/\/www.meydan.tv\/az\/article\/hekim-doyusde-ayagini-itiren-oglumun-sargilarini-deyismeye-gelmir\/\" \/>\n<meta property=\"og:site_name\" content=\"MEYDAN.TV\" \/>\n<meta property=\"article:published_time\" content=\"2020-12-01T10:36:31+00:00\" \/>\n<meta property=\"og:image\" content=\"https:\/\/www.meydan.tv\/wp-content\/uploads\/untitled_design_8_hisj3hn.png\" \/>\n\t<meta property=\"og:image:width\" content=\"1920\" \/>\n\t<meta property=\"og:image:height\" content=\"1080\" \/>\n\t<meta property=\"og:image:type\" content=\"image\/png\" \/>\n<meta name=\"author\" content=\"user-manager\" \/>\n<meta name=\"twitter:card\" content=\"summary_large_image\" \/>\n<script type=\"application\/ld+json\" class=\"yoast-schema-graph\">{\"@context\":\"https:\\\/\\\/schema.org\",\"@graph\":[{\"@type\":\"Article\",\"@id\":\"https:\\\/\\\/www.meydan.tv\\\/az\\\/article\\\/hekim-doyusde-ayagini-itiren-oglumun-sargilarini-deyismeye-gelmir\\\/#article\",\"isPartOf\":{\"@id\":\"https:\\\/\\\/www.meydan.tv\\\/az\\\/article\\\/hekim-doyusde-ayagini-itiren-oglumun-sargilarini-deyismeye-gelmir\\\/\"},\"author\":{\"name\":\"user-manager\",\"@id\":\"https:\\\/\\\/www.meydan.tv\\\/az\\\/#\\\/schema\\\/person\\\/10d11eccf6da3662cf5fdab9806ea91a\"},\"headline\":\"&#8220;H\u0259kim d\u00f6y\u00fc\u015fd\u0259 aya\u011f\u0131n\u0131 itir\u0259n o\u011flumun sar\u011f\u0131lar\u0131n\u0131 d\u0259yi\u015fm\u0259y\u0259 g\u0259lmir&#8221;\",\"datePublished\":\"2020-12-01T10:36:31+00:00\",\"mainEntityOfPage\":{\"@id\":\"https:\\\/\\\/www.meydan.tv\\\/az\\\/article\\\/hekim-doyusde-ayagini-itiren-oglumun-sargilarini-deyismeye-gelmir\\\/\"},\"wordCount\":825,\"publisher\":{\"@id\":\"https:\\\/\\\/www.meydan.tv\\\/az\\\/#organization\"},\"image\":{\"@id\":\"https:\\\/\\\/www.meydan.tv\\\/az\\\/article\\\/hekim-doyusde-ayagini-itiren-oglumun-sargilarini-deyismeye-gelmir\\\/#primaryimage\"},\"thumbnailUrl\":\"https:\\\/\\\/www.meydan.tv\\\/wp-content\\\/uploads\\\/untitled_design_8_hisj3hn.png\",\"articleSection\":[\"B\u00f6lg\u0259\"],\"inLanguage\":\"az\"},{\"@type\":\"WebPage\",\"@id\":\"https:\\\/\\\/www.meydan.tv\\\/az\\\/article\\\/hekim-doyusde-ayagini-itiren-oglumun-sargilarini-deyismeye-gelmir\\\/\",\"url\":\"https:\\\/\\\/www.meydan.tv\\\/az\\\/article\\\/hekim-doyusde-ayagini-itiren-oglumun-sargilarini-deyismeye-gelmir\\\/\",\"name\":\"\\\"H\u0259kim d\u00f6y\u00fc\u015fd\u0259 aya\u011f\u0131n\u0131 itir\u0259n o\u011flumun sar\u011f\u0131lar\u0131n\u0131 d\u0259yi\u015fm\u0259y\u0259 g\u0259lmir\\\" - MEYDAN.TV\",\"isPartOf\":{\"@id\":\"https:\\\/\\\/www.meydan.tv\\\/az\\\/#website\"},\"primaryImageOfPage\":{\"@id\":\"https:\\\/\\\/www.meydan.tv\\\/az\\\/article\\\/hekim-doyusde-ayagini-itiren-oglumun-sargilarini-deyismeye-gelmir\\\/#primaryimage\"},\"image\":{\"@id\":\"https:\\\/\\\/www.meydan.tv\\\/az\\\/article\\\/hekim-doyusde-ayagini-itiren-oglumun-sargilarini-deyismeye-gelmir\\\/#primaryimage\"},\"thumbnailUrl\":\"https:\\\/\\\/www.meydan.tv\\\/wp-content\\\/uploads\\\/untitled_design_8_hisj3hn.png\",\"datePublished\":\"2020-12-01T10:36:31+00:00\",\"breadcrumb\":{\"@id\":\"https:\\\/\\\/www.meydan.tv\\\/az\\\/article\\\/hekim-doyusde-ayagini-itiren-oglumun-sargilarini-deyismeye-gelmir\\\/#breadcrumb\"},\"inLanguage\":\"az\",\"potentialAction\":[{\"@type\":\"ReadAction\",\"target\":[\"https:\\\/\\\/www.meydan.tv\\\/az\\\/article\\\/hekim-doyusde-ayagini-itiren-oglumun-sargilarini-deyismeye-gelmir\\\/\"]}]},{\"@type\":\"ImageObject\",\"inLanguage\":\"az\",\"@id\":\"https:\\\/\\\/www.meydan.tv\\\/az\\\/article\\\/hekim-doyusde-ayagini-itiren-oglumun-sargilarini-deyismeye-gelmir\\\/#primaryimage\",\"url\":\"https:\\\/\\\/www.meydan.tv\\\/wp-content\\\/uploads\\\/untitled_design_8_hisj3hn.png\",\"contentUrl\":\"https:\\\/\\\/www.meydan.tv\\\/wp-content\\\/uploads\\\/untitled_design_8_hisj3hn.png\",\"width\":1920,\"height\":1080,\"caption\":\"Source: Meydan TV\"},{\"@type\":\"BreadcrumbList\",\"@id\":\"https:\\\/\\\/www.meydan.tv\\\/az\\\/article\\\/hekim-doyusde-ayagini-itiren-oglumun-sargilarini-deyismeye-gelmir\\\/#breadcrumb\",\"itemListElement\":[{\"@type\":\"ListItem\",\"position\":1,\"name\":\"Ana s\u0259hif\u0259\",\"item\":\"https:\\\/\\\/www.meydan.tv\\\/az\\\/\"},{\"@type\":\"ListItem\",\"position\":2,\"name\":\"B\u00f6lg\u0259\",\"item\":\"https:\\\/\\\/www.meydan.tv\\\/az\\\/section\\\/bolge\\\/\"},{\"@type\":\"ListItem\",\"position\":3,\"name\":\"&#8220;H\u0259kim d\u00f6y\u00fc\u015fd\u0259 aya\u011f\u0131n\u0131 itir\u0259n o\u011flumun sar\u011f\u0131lar\u0131n\u0131 d\u0259yi\u015fm\u0259y\u0259 g\u0259lmir&#8221;\"}]},{\"@type\":\"WebSite\",\"@id\":\"https:\\\/\\\/www.meydan.tv\\\/az\\\/#website\",\"url\":\"https:\\\/\\\/www.meydan.tv\\\/az\\\/\",\"name\":\"MEYDAN.TV\",\"description\":\"Meydan TV Az\u0259rbaycan\u0131n media m\u0259kan\u0131ndak\u0131 alternativ s\u0259sidir\",\"publisher\":{\"@id\":\"https:\\\/\\\/www.meydan.tv\\\/az\\\/#organization\"},\"potentialAction\":[{\"@type\":\"SearchAction\",\"target\":{\"@type\":\"EntryPoint\",\"urlTemplate\":\"https:\\\/\\\/www.meydan.tv\\\/az\\\/?s={search_term_string}\"},\"query-input\":{\"@type\":\"PropertyValueSpecification\",\"valueRequired\":true,\"valueName\":\"search_term_string\"}}],\"inLanguage\":\"az\"},{\"@type\":\"Organization\",\"@id\":\"https:\\\/\\\/www.meydan.tv\\\/az\\\/#organization\",\"name\":\"Meydan TV\",\"url\":\"https:\\\/\\\/www.meydan.tv\\\/az\\\/\",\"logo\":{\"@type\":\"ImageObject\",\"inLanguage\":\"az\",\"@id\":\"https:\\\/\\\/www.meydan.tv\\\/az\\\/#\\\/schema\\\/logo\\\/image\\\/\",\"url\":\"https:\\\/\\\/www.meydan.tv\\\/wp-content\\\/uploads\\\/2021\\\/07\\\/meydan-logo.svg\",\"contentUrl\":\"https:\\\/\\\/www.meydan.tv\\\/wp-content\\\/uploads\\\/2021\\\/07\\\/meydan-logo.svg\",\"width\":195,\"height\":46,\"caption\":\"Meydan TV\"},\"image\":{\"@id\":\"https:\\\/\\\/www.meydan.tv\\\/az\\\/#\\\/schema\\\/logo\\\/image\\\/\"}},{\"@type\":\"Person\",\"@id\":\"https:\\\/\\\/www.meydan.tv\\\/az\\\/#\\\/schema\\\/person\\\/10d11eccf6da3662cf5fdab9806ea91a\",\"name\":\"user-manager\"}]}<\/script>\n<!-- \/ Yoast SEO plugin. -->","yoast_head_json":{"title":"\"H\u0259kim d\u00f6y\u00fc\u015fd\u0259 aya\u011f\u0131n\u0131 itir\u0259n o\u011flumun sar\u011f\u0131lar\u0131n\u0131 d\u0259yi\u015fm\u0259y\u0259 g\u0259lmir\" - MEYDAN.TV","robots":{"index":"index","follow":"follow","max-snippet":"max-snippet:-1","max-image-preview":"max-image-preview:large","max-video-preview":"max-video-preview:-1"},"canonical":"https:\/\/www.meydan.tv\/az\/article\/hekim-doyusde-ayagini-itiren-oglumun-sargilarini-deyismeye-gelmir\/","og_locale":"az_AZ","og_type":"article","og_title":"\"H\u0259kim d\u00f6y\u00fc\u015fd\u0259 aya\u011f\u0131n\u0131 itir\u0259n o\u011flumun sar\u011f\u0131lar\u0131n\u0131 d\u0259yi\u015fm\u0259y\u0259 g\u0259lmir\" - MEYDAN.TV","og_description":"M\u0259h\u0259bb\u0259t M\u0259mm\u0259dova deyir ki, maddi \u00e7at\u0131mazl\u0131qlar\u0131n\u0131n olmas\u0131 il\u0259 ba\u011fl\u0131 rayonun aidiyy\u0259tli qurumlar\u0131na m\u00fcraci\u0259t ets\u0259 d\u0259, Qaraba\u011f d\u00f6y\u00fc\u015fl\u0259rind\u0259 sol aya\u011f\u0131n\u0131 itir\u0259n g\u0259ncin probleml\u0259ri il\u0259 maraqlanan yoxdur","og_url":"https:\/\/www.meydan.tv\/az\/article\/hekim-doyusde-ayagini-itiren-oglumun-sargilarini-deyismeye-gelmir\/","og_site_name":"MEYDAN.TV","article_published_time":"2020-12-01T10:36:31+00:00","og_image":[{"width":1920,"height":1080,"url":"https:\/\/www.meydan.tv\/wp-content\/uploads\/untitled_design_8_hisj3hn.png","type":"image\/png"}],"author":"user-manager","twitter_card":"summary_large_image","schema":{"@context":"https:\/\/schema.org","@graph":[{"@type":"Article","@id":"https:\/\/www.meydan.tv\/az\/article\/hekim-doyusde-ayagini-itiren-oglumun-sargilarini-deyismeye-gelmir\/#article","isPartOf":{"@id":"https:\/\/www.meydan.tv\/az\/article\/hekim-doyusde-ayagini-itiren-oglumun-sargilarini-deyismeye-gelmir\/"},"author":{"name":"user-manager","@id":"https:\/\/www.meydan.tv\/az\/#\/schema\/person\/10d11eccf6da3662cf5fdab9806ea91a"},"headline":"&#8220;H\u0259kim d\u00f6y\u00fc\u015fd\u0259 aya\u011f\u0131n\u0131 itir\u0259n o\u011flumun sar\u011f\u0131lar\u0131n\u0131 d\u0259yi\u015fm\u0259y\u0259 g\u0259lmir&#8221;","datePublished":"2020-12-01T10:36:31+00:00","mainEntityOfPage":{"@id":"https:\/\/www.meydan.tv\/az\/article\/hekim-doyusde-ayagini-itiren-oglumun-sargilarini-deyismeye-gelmir\/"},"wordCount":825,"publisher":{"@id":"https:\/\/www.meydan.tv\/az\/#organization"},"image":{"@id":"https:\/\/www.meydan.tv\/az\/article\/hekim-doyusde-ayagini-itiren-oglumun-sargilarini-deyismeye-gelmir\/#primaryimage"},"thumbnailUrl":"https:\/\/www.meydan.tv\/wp-content\/uploads\/untitled_design_8_hisj3hn.png","articleSection":["B\u00f6lg\u0259"],"inLanguage":"az"},{"@type":"WebPage","@id":"https:\/\/www.meydan.tv\/az\/article\/hekim-doyusde-ayagini-itiren-oglumun-sargilarini-deyismeye-gelmir\/","url":"https:\/\/www.meydan.tv\/az\/article\/hekim-doyusde-ayagini-itiren-oglumun-sargilarini-deyismeye-gelmir\/","name":"\"H\u0259kim d\u00f6y\u00fc\u015fd\u0259 aya\u011f\u0131n\u0131 itir\u0259n o\u011flumun sar\u011f\u0131lar\u0131n\u0131 d\u0259yi\u015fm\u0259y\u0259 g\u0259lmir\" - MEYDAN.TV","isPartOf":{"@id":"https:\/\/www.meydan.tv\/az\/#website"},"primaryImageOfPage":{"@id":"https:\/\/www.meydan.tv\/az\/article\/hekim-doyusde-ayagini-itiren-oglumun-sargilarini-deyismeye-gelmir\/#primaryimage"},"image":{"@id":"https:\/\/www.meydan.tv\/az\/article\/hekim-doyusde-ayagini-itiren-oglumun-sargilarini-deyismeye-gelmir\/#primaryimage"},"thumbnailUrl":"https:\/\/www.meydan.tv\/wp-content\/uploads\/untitled_design_8_hisj3hn.png","datePublished":"2020-12-01T10:36:31+00:00","breadcrumb":{"@id":"https:\/\/www.meydan.tv\/az\/article\/hekim-doyusde-ayagini-itiren-oglumun-sargilarini-deyismeye-gelmir\/#breadcrumb"},"inLanguage":"az","potentialAction":[{"@type":"ReadAction","target":["https:\/\/www.meydan.tv\/az\/article\/hekim-doyusde-ayagini-itiren-oglumun-sargilarini-deyismeye-gelmir\/"]}]},{"@type":"ImageObject","inLanguage":"az","@id":"https:\/\/www.meydan.tv\/az\/article\/hekim-doyusde-ayagini-itiren-oglumun-sargilarini-deyismeye-gelmir\/#primaryimage","url":"https:\/\/www.meydan.tv\/wp-content\/uploads\/untitled_design_8_hisj3hn.png","contentUrl":"https:\/\/www.meydan.tv\/wp-content\/uploads\/untitled_design_8_hisj3hn.png","width":1920,"height":1080,"caption":"Source: Meydan TV"},{"@type":"BreadcrumbList","@id":"https:\/\/www.meydan.tv\/az\/article\/hekim-doyusde-ayagini-itiren-oglumun-sargilarini-deyismeye-gelmir\/#breadcrumb","itemListElement":[{"@type":"ListItem","position":1,"name":"Ana s\u0259hif\u0259","item":"https:\/\/www.meydan.tv\/az\/"},{"@type":"ListItem","position":2,"name":"B\u00f6lg\u0259","item":"https:\/\/www.meydan.tv\/az\/section\/bolge\/"},{"@type":"ListItem","position":3,"name":"&#8220;H\u0259kim d\u00f6y\u00fc\u015fd\u0259 aya\u011f\u0131n\u0131 itir\u0259n o\u011flumun sar\u011f\u0131lar\u0131n\u0131 d\u0259yi\u015fm\u0259y\u0259 g\u0259lmir&#8221;"}]},{"@type":"WebSite","@id":"https:\/\/www.meydan.tv\/az\/#website","url":"https:\/\/www.meydan.tv\/az\/","name":"MEYDAN.TV","description":"Meydan TV Az\u0259rbaycan\u0131n media m\u0259kan\u0131ndak\u0131 alternativ s\u0259sidir","publisher":{"@id":"https:\/\/www.meydan.tv\/az\/#organization"},"potentialAction":[{"@type":"SearchAction","target":{"@type":"EntryPoint","urlTemplate":"https:\/\/www.meydan.tv\/az\/?s={search_term_string}"},"query-input":{"@type":"PropertyValueSpecification","valueRequired":true,"valueName":"search_term_string"}}],"inLanguage":"az"},{"@type":"Organization","@id":"https:\/\/www.meydan.tv\/az\/#organization","name":"Meydan TV","url":"https:\/\/www.meydan.tv\/az\/","logo":{"@type":"ImageObject","inLanguage":"az","@id":"https:\/\/www.meydan.tv\/az\/#\/schema\/logo\/image\/","url":"https:\/\/www.meydan.tv\/wp-content\/uploads\/2021\/07\/meydan-logo.svg","contentUrl":"https:\/\/www.meydan.tv\/wp-content\/uploads\/2021\/07\/meydan-logo.svg","width":195,"height":46,"caption":"Meydan TV"},"image":{"@id":"https:\/\/www.meydan.tv\/az\/#\/schema\/logo\/image\/"}},{"@type":"Person","@id":"https:\/\/www.meydan.tv\/az\/#\/schema\/person\/10d11eccf6da3662cf5fdab9806ea91a","name":"user-manager"}]}},"_links":{"self":[{"href":"https:\/\/www.meydan.tv\/az\/wp-json\/wp\/v2\/posts\/203845","targetHints":{"allow":["GET"]}}],"collection":[{"href":"https:\/\/www.meydan.tv\/az\/wp-json\/wp\/v2\/posts"}],"about":[{"href":"https:\/\/www.meydan.tv\/az\/wp-json\/wp\/v2\/types\/post"}],"author":[{"embeddable":true,"href":"https:\/\/www.meydan.tv\/az\/wp-json\/wp\/v2\/users\/11"}],"replies":[{"embeddable":true,"href":"https:\/\/www.meydan.tv\/az\/wp-json\/wp\/v2\/comments?post=203845"}],"version-history":[{"count":0,"href":"https:\/\/www.meydan.tv\/az\/wp-json\/wp\/v2\/posts\/203845\/revisions"}],"wp:featuredmedia":[{"embeddable":true,"href":"https:\/\/www.meydan.tv\/az\/wp-json\/wp\/v2\/media\/152378"}],"wp:attachment":[{"href":"https:\/\/www.meydan.tv\/az\/wp-json\/wp\/v2\/media?parent=203845"}],"wp:term":[{"taxonomy":"category","embeddable":true,"href":"https:\/\/www.meydan.tv\/az\/wp-json\/wp\/v2\/categories?post=203845"},{"taxonomy":"post_tag","embeddable":true,"href":"https:\/\/www.meydan.tv\/az\/wp-json\/wp\/v2\/tags?post=203845"}],"curies":[{"name":"wp","href":"https:\/\/api.w.org\/{rel}","templated":true}]}}