{"id":203841,"date":"2020-11-30T18:19:03","date_gmt":"2020-11-30T18:19:03","guid":{"rendered":"https:\/\/www.meydan.tv\/article\/cernobil-elili-evsizlikden-eziyyet-cekir\/"},"modified":"2020-11-30T18:19:03","modified_gmt":"2020-11-30T18:19:03","slug":"cernobil-elili-evsizlikden-eziyyet-cekir","status":"publish","type":"post","link":"https:\/\/www.meydan.tv\/az\/article\/cernobil-elili-evsizlikden-eziyyet-cekir\/","title":{"rendered":"\u00c7ernob\u0131l \u0259lili evsizlikd\u0259n \u0259ziyy\u0259t \u00e7\u0259kir"},"content":{"rendered":"<p>\n  <i><br \/>\n    \u201cDaha n\u0259 vaxtad\u0259k g\u00f6zl\u0259y\u0259k, 27 ildir evsizik\u201d<br \/>\n  <\/i>\n<\/p>\n<p>\n  A\u011fstafa rayonunun A\u015fa\u011f\u0131 K\u0259s\u0259m\u0259n k\u0259nd sakini, 2-ci qrup \u00c7ernob\u0131l \u0259lili, 53 ya\u015fl\u0131 C\u0259lil Mustafayev 27 ildir m\u0259nzil n\u00f6vb\u0259sind\u0259dir. Lakin ill\u0259rdir A\u011fstafa Rayon \u0130cra Hakimiyy\u0259ti, el\u0259c\u0259 d\u0259 \u0259laq\u0259dar qurumlara m\u00fcraci\u0259ti n\u0259tic\u0259siz qal\u0131b, ona m\u0259nzil verilmir.\n<\/p>\n<p>\n  Art\u0131q ikinci d\u0259f\u0259 Meydan TV-y\u0259 m\u00fcraci\u0259t ed\u0259n C\u0259lil Mustafayevin h\u0259yat yolda\u015f\u0131 Xatir\u0259 Mustafayeva deyib ki, \u00f6t\u0259n d\u0259f\u0259 etdiyi \u015fikay\u0259tin n\u0259tic\u0259si olmay\u0131b, h\u0259l\u0259 d\u0259 3 \u00f6vlad\u0131 il\u0259 G\u0259nc\u0259 \u015f\u0259h\u0259rind\u0259 yax\u0131n qohumlar\u0131n\u0131n evind\u0259 ya\u015fay\u0131rlar:\n<\/p>\n<p>\n  \u201cH\u0259yat yolda\u015f\u0131m 1986-c\u0131 ild\u0259 \u00c7ernob\u0131l Atom Elektrik Stansiyas\u0131nda ba\u015f ver\u0259n partlay\u0131\u015f\u0131n n\u0259tic\u0259l\u0259rinin aradan qald\u0131r\u0131lmas\u0131nda t\u0259mizl\u0259yici-kimya\u00e7\u0131 kimi i\u015ftirak edib. \u0130ll\u0259rdir bronxlar\u0131ndan m\u00fcalic\u0259 al\u0131r. \u015e\u00fcalanmadan ciddi z\u0259d\u0259 al\u0131b, bo\u011fulmalar\u0131 olur. N\u0259v\u0259m d\u0259 x\u0259st\u0259dir, biziml\u0259 birg\u0259 ya\u015fay\u0131r. \u0130cra hakimiyy\u0259tind\u0259n deyirl\u0259r ki, g\u00f6zl\u0259y\u0259k. Daha n\u0259 vaxtad\u0259k g\u00f6zl\u0259y\u0259k, 27 ildir evsizik\u201d.\n<\/p>\n<p>\n  C\u0259lil Mustafayevin s\u0259hh\u0259tind\u0259 bronxlar\u0131ndan ba\u015fqa da probleml\u0259r var. \u015eikay\u0259t\u00e7i s\u00f6yl\u0259yib ki, el\u0259 A\u011fstafadak\u0131 evl\u0259rini m\u0259hz C\u0259lil Mustafayevin m\u00fcalic\u0259si \u00fc\u00e7\u00fcn sat\u0131blar. A\u011fstafada ev n\u00f6vb\u0259sin\u0259 1995-ci ild\u0259n yaz\u0131l\u0131blar. 2007-ci ild\u0259 Mustafayevl\u0259r ail\u0259sinin n\u00f6vb\u0259si \u00e7at\u0131b, amma m\u00fc\u0259yy\u0259n s\u0259b\u0259bl\u0259rd\u0259n m\u0259nzil ala bilm\u0259yibl\u0259r.\n<\/p>\n<p>\n  \u201c\u0130cra hakimiyy\u0259tind\u0259n \u018fm\u0259k v\u0259 \u018fhalinin Sosial M\u00fcdafi\u0259si Nazirliyin\u0259 m\u00fcraci\u0259t etm\u0259yi t\u00f6vsiy\u0259 etdil\u0259r. Nazirlikd\u0259n d\u0259 dedil\u0259r ki, icra hakimiyy\u0259tin\u0259 deyin\u201d.\n<\/p>\n<figure class=\"wp-block-image size-large\">\n  <img decoding=\"async\" src=\"https:\/\/www.meydan.tv\/az\/image_from_ios-4-jpg-166\/\" alt=\"image_from_ios (4).jpg\" class=\"wp-image-152288\"\/><figcaption>\n    &#8220;Daha n\u0259 vaxtad\u0259k g\u00f6zl\u0259y\u0259k, 27 ildir evsizik\u201d<br \/>\n  <\/figcaption><\/figure>\n<p>\n  Xatir\u0259 Mustafayevan\u0131n s\u00f6zl\u0259rin\u0259 g\u00f6r\u0259, ail\u0259nin \u00fcmumi g\u0259liri ayl\u0131q \u0259rza\u011fa g\u00fccl\u0259 \u00e7at\u0131r. Yazd\u0131qlar\u0131 m\u0259ktublar is\u0259 prezident\u0259 \u00e7atd\u0131r\u0131lm\u0131r:\n<\/p>\n<p>\n  \u201c\u00d6lk\u0259 ba\u015f\u00e7\u0131s\u0131 \u0259lill\u0259rin m\u0259nzil \u015f\u0259raitinin yax\u015f\u0131la\u015fd\u0131r\u0131lmas\u0131 \u00fc\u00e7\u00fcn t\u0259dbirl\u0259r g\u00f6r\u00fcr, tap\u015f\u0131r\u0131qlar verir. Amma yerl\u0259rd\u0259 s\u00fcr\u00fcnd\u00fcrm\u0259\u00e7ilik var. \u018fmin\u0259m ki, prezidentin x\u0259b\u0259ri olarsa, evi olmayan, dolan\u0131\u015f\u0131q \u00fc\u00e7\u00fcn \u00e7\u0259tinlik \u00e7\u0259k\u0259n bir ail\u0259nin m\u00fcraci\u0259tl\u0259ri n\u0259tic\u0259siz qalmaz\u201d.\n<\/p>\n<p>\n  A\u011fstafa Rayon \u0130cra Hakimiyy\u0259tind\u0259n Meydan TV-y\u0259 bildiribl\u0259r ki, m\u0259nzill\u0259rin b\u00f6l\u00fc\u015fd\u00fcr\u00fclm\u0259si \u018fm\u0259k v\u0259 \u018fhalinin Sosial M\u00fcdafi\u0259si Nazirliyi t\u0259r\u0259find\u0259n h\u0259yata ke\u00e7irilir.\n<\/p>\n<p>\n  \u201c\u015eikay\u0259td\u0259n x\u0259b\u0259rdar deyil\u0259m, y\u0259qin buna g\u00f6r\u0259 g\u00f6zl\u0259m\u0259yi tap\u015f\u0131r\u0131blar\u201d, &#8211; ad\u0131n\u0131 a\u00e7\u0131qlamaq ist\u0259m\u0259y\u0259n qurum \u0259m\u0259kda\u015f\u0131 deyib.\n<\/p>\n<p>\n  Nazirlikd\u0259n is\u0259 sor\u011funu cavabland\u0131rmay\u0131blar.\n<\/p>\n<figure class=\"wp-block-image size-large\">\n  <img decoding=\"async\" src=\"https:\/\/www.meydan.tv\/az\/image_from_ios-3-jpg-142\/\" alt=\"image_from_ios (3).jpg\" class=\"wp-image-152285\"\/><figcaption>\n    &#8220;A\u011fstafada ev n\u00f6vb\u0259sin\u0259 1995-ci ild\u0259n yaz\u0131l\u0131blar&#8221;<br \/>\n  <\/figcaption><\/figure>\n<figure class=\"wp-block-image size-large\">\n  <img decoding=\"async\" src=\"https:\/\/www.meydan.tv\/az\/image_from_ios-5-jpg-125\/\" alt=\"image_from_ios (5).jpg\" class=\"wp-image-152291\"\/><figcaption>\n    \u0130cra hakimiyy\u0259tinin Xatir\u0259 Mustafayevaya cavab m\u0259ktubu<br \/>\n  <\/figcaption><\/figure>\n","protected":false},"excerpt":{"rendered":"<p>\u015eikay\u0259t\u00e7i s\u00f6yl\u0259yib ki, el\u0259 A\u011fstafadak\u0131 evl\u0259rini m\u0259hz C\u0259lil Mustafayevin m\u00fcalic\u0259si \u00fc\u00e7\u00fcn sat\u0131blar.<\/p>\n","protected":false},"author":11,"featured_media":152303,"comment_status":"closed","ping_status":"open","sticky":false,"template":"","format":"standard","meta":{"_acf_changed":false,"_sitemap_exclude":false,"_sitemap_priority":"","_sitemap_frequency":"","footnotes":""},"categories":[60],"tags":[],"class_list":["post-203841","post","type-post","status-publish","format-standard","has-post-thumbnail","hentry","category-bolge","infinite-scroll-item","generate-columns","tablet-grid-50","mobile-grid-100","grid-parent","grid-33","no-featured-image-padding"],"acf":[],"yoast_head":"<!-- This site is optimized with the Yoast SEO plugin v27.5 - https:\/\/yoast.com\/product\/yoast-seo-wordpress\/ -->\n<title>\u00c7ernob\u0131l \u0259lili evsizlikd\u0259n \u0259ziyy\u0259t \u00e7\u0259kir - MEYDAN.TV<\/title>\n<meta name=\"robots\" content=\"index, follow, max-snippet:-1, max-image-preview:large, max-video-preview:-1\" \/>\n<link rel=\"canonical\" href=\"https:\/\/www.meydan.tv\/az\/article\/cernobil-elili-evsizlikden-eziyyet-cekir\/\" \/>\n<meta property=\"og:locale\" content=\"az_AZ\" \/>\n<meta property=\"og:type\" content=\"article\" \/>\n<meta property=\"og:title\" content=\"\u00c7ernob\u0131l \u0259lili evsizlikd\u0259n \u0259ziyy\u0259t \u00e7\u0259kir - MEYDAN.TV\" \/>\n<meta property=\"og:description\" content=\"\u015eikay\u0259t\u00e7i s\u00f6yl\u0259yib ki, el\u0259 A\u011fstafadak\u0131 evl\u0259rini m\u0259hz C\u0259lil Mustafayevin m\u00fcalic\u0259si \u00fc\u00e7\u00fcn sat\u0131blar.\" \/>\n<meta property=\"og:url\" content=\"https:\/\/www.meydan.tv\/az\/article\/cernobil-elili-evsizlikden-eziyyet-cekir\/\" \/>\n<meta property=\"og:site_name\" content=\"MEYDAN.TV\" \/>\n<meta property=\"article:published_time\" content=\"2020-11-30T18:19:03+00:00\" \/>\n<meta property=\"og:image\" content=\"https:\/\/www.meydan.tv\/wp-content\/uploads\/untitled_design_1_hiqygsm.png\" \/>\n\t<meta property=\"og:image:width\" content=\"1920\" \/>\n\t<meta property=\"og:image:height\" content=\"1080\" \/>\n\t<meta property=\"og:image:type\" content=\"image\/png\" \/>\n<meta name=\"author\" content=\"user-manager\" \/>\n<meta name=\"twitter:card\" content=\"summary_large_image\" \/>\n<script type=\"application\/ld+json\" class=\"yoast-schema-graph\">{\"@context\":\"https:\\\/\\\/schema.org\",\"@graph\":[{\"@type\":\"Article\",\"@id\":\"https:\\\/\\\/www.meydan.tv\\\/az\\\/article\\\/cernobil-elili-evsizlikden-eziyyet-cekir\\\/#article\",\"isPartOf\":{\"@id\":\"https:\\\/\\\/www.meydan.tv\\\/az\\\/article\\\/cernobil-elili-evsizlikden-eziyyet-cekir\\\/\"},\"author\":{\"name\":\"user-manager\",\"@id\":\"https:\\\/\\\/www.meydan.tv\\\/az\\\/#\\\/schema\\\/person\\\/10d11eccf6da3662cf5fdab9806ea91a\"},\"headline\":\"\u00c7ernob\u0131l \u0259lili evsizlikd\u0259n \u0259ziyy\u0259t \u00e7\u0259kir\",\"datePublished\":\"2020-11-30T18:19:03+00:00\",\"mainEntityOfPage\":{\"@id\":\"https:\\\/\\\/www.meydan.tv\\\/az\\\/article\\\/cernobil-elili-evsizlikden-eziyyet-cekir\\\/\"},\"wordCount\":516,\"publisher\":{\"@id\":\"https:\\\/\\\/www.meydan.tv\\\/az\\\/#organization\"},\"image\":{\"@id\":\"https:\\\/\\\/www.meydan.tv\\\/az\\\/article\\\/cernobil-elili-evsizlikden-eziyyet-cekir\\\/#primaryimage\"},\"thumbnailUrl\":\"https:\\\/\\\/www.meydan.tv\\\/wp-content\\\/uploads\\\/untitled_design_1_hiqygsm.png\",\"articleSection\":[\"B\u00f6lg\u0259\"],\"inLanguage\":\"az\"},{\"@type\":\"WebPage\",\"@id\":\"https:\\\/\\\/www.meydan.tv\\\/az\\\/article\\\/cernobil-elili-evsizlikden-eziyyet-cekir\\\/\",\"url\":\"https:\\\/\\\/www.meydan.tv\\\/az\\\/article\\\/cernobil-elili-evsizlikden-eziyyet-cekir\\\/\",\"name\":\"\u00c7ernob\u0131l \u0259lili evsizlikd\u0259n \u0259ziyy\u0259t \u00e7\u0259kir - MEYDAN.TV\",\"isPartOf\":{\"@id\":\"https:\\\/\\\/www.meydan.tv\\\/az\\\/#website\"},\"primaryImageOfPage\":{\"@id\":\"https:\\\/\\\/www.meydan.tv\\\/az\\\/article\\\/cernobil-elili-evsizlikden-eziyyet-cekir\\\/#primaryimage\"},\"image\":{\"@id\":\"https:\\\/\\\/www.meydan.tv\\\/az\\\/article\\\/cernobil-elili-evsizlikden-eziyyet-cekir\\\/#primaryimage\"},\"thumbnailUrl\":\"https:\\\/\\\/www.meydan.tv\\\/wp-content\\\/uploads\\\/untitled_design_1_hiqygsm.png\",\"datePublished\":\"2020-11-30T18:19:03+00:00\",\"breadcrumb\":{\"@id\":\"https:\\\/\\\/www.meydan.tv\\\/az\\\/article\\\/cernobil-elili-evsizlikden-eziyyet-cekir\\\/#breadcrumb\"},\"inLanguage\":\"az\",\"potentialAction\":[{\"@type\":\"ReadAction\",\"target\":[\"https:\\\/\\\/www.meydan.tv\\\/az\\\/article\\\/cernobil-elili-evsizlikden-eziyyet-cekir\\\/\"]}]},{\"@type\":\"ImageObject\",\"inLanguage\":\"az\",\"@id\":\"https:\\\/\\\/www.meydan.tv\\\/az\\\/article\\\/cernobil-elili-evsizlikden-eziyyet-cekir\\\/#primaryimage\",\"url\":\"https:\\\/\\\/www.meydan.tv\\\/wp-content\\\/uploads\\\/untitled_design_1_hiqygsm.png\",\"contentUrl\":\"https:\\\/\\\/www.meydan.tv\\\/wp-content\\\/uploads\\\/untitled_design_1_hiqygsm.png\",\"width\":1920,\"height\":1080,\"caption\":\"Source: Specify Source\"},{\"@type\":\"BreadcrumbList\",\"@id\":\"https:\\\/\\\/www.meydan.tv\\\/az\\\/article\\\/cernobil-elili-evsizlikden-eziyyet-cekir\\\/#breadcrumb\",\"itemListElement\":[{\"@type\":\"ListItem\",\"position\":1,\"name\":\"Ana s\u0259hif\u0259\",\"item\":\"https:\\\/\\\/www.meydan.tv\\\/az\\\/\"},{\"@type\":\"ListItem\",\"position\":2,\"name\":\"B\u00f6lg\u0259\",\"item\":\"https:\\\/\\\/www.meydan.tv\\\/az\\\/section\\\/bolge\\\/\"},{\"@type\":\"ListItem\",\"position\":3,\"name\":\"\u00c7ernob\u0131l \u0259lili evsizlikd\u0259n \u0259ziyy\u0259t \u00e7\u0259kir\"}]},{\"@type\":\"WebSite\",\"@id\":\"https:\\\/\\\/www.meydan.tv\\\/az\\\/#website\",\"url\":\"https:\\\/\\\/www.meydan.tv\\\/az\\\/\",\"name\":\"MEYDAN.TV\",\"description\":\"Meydan TV Az\u0259rbaycan\u0131n media m\u0259kan\u0131ndak\u0131 alternativ s\u0259sidir\",\"publisher\":{\"@id\":\"https:\\\/\\\/www.meydan.tv\\\/az\\\/#organization\"},\"potentialAction\":[{\"@type\":\"SearchAction\",\"target\":{\"@type\":\"EntryPoint\",\"urlTemplate\":\"https:\\\/\\\/www.meydan.tv\\\/az\\\/?s={search_term_string}\"},\"query-input\":{\"@type\":\"PropertyValueSpecification\",\"valueRequired\":true,\"valueName\":\"search_term_string\"}}],\"inLanguage\":\"az\"},{\"@type\":\"Organization\",\"@id\":\"https:\\\/\\\/www.meydan.tv\\\/az\\\/#organization\",\"name\":\"Meydan TV\",\"url\":\"https:\\\/\\\/www.meydan.tv\\\/az\\\/\",\"logo\":{\"@type\":\"ImageObject\",\"inLanguage\":\"az\",\"@id\":\"https:\\\/\\\/www.meydan.tv\\\/az\\\/#\\\/schema\\\/logo\\\/image\\\/\",\"url\":\"https:\\\/\\\/www.meydan.tv\\\/wp-content\\\/uploads\\\/2021\\\/07\\\/meydan-logo.svg\",\"contentUrl\":\"https:\\\/\\\/www.meydan.tv\\\/wp-content\\\/uploads\\\/2021\\\/07\\\/meydan-logo.svg\",\"width\":195,\"height\":46,\"caption\":\"Meydan TV\"},\"image\":{\"@id\":\"https:\\\/\\\/www.meydan.tv\\\/az\\\/#\\\/schema\\\/logo\\\/image\\\/\"}},{\"@type\":\"Person\",\"@id\":\"https:\\\/\\\/www.meydan.tv\\\/az\\\/#\\\/schema\\\/person\\\/10d11eccf6da3662cf5fdab9806ea91a\",\"name\":\"user-manager\"}]}<\/script>\n<!-- \/ Yoast SEO plugin. -->","yoast_head_json":{"title":"\u00c7ernob\u0131l \u0259lili evsizlikd\u0259n \u0259ziyy\u0259t \u00e7\u0259kir - MEYDAN.TV","robots":{"index":"index","follow":"follow","max-snippet":"max-snippet:-1","max-image-preview":"max-image-preview:large","max-video-preview":"max-video-preview:-1"},"canonical":"https:\/\/www.meydan.tv\/az\/article\/cernobil-elili-evsizlikden-eziyyet-cekir\/","og_locale":"az_AZ","og_type":"article","og_title":"\u00c7ernob\u0131l \u0259lili evsizlikd\u0259n \u0259ziyy\u0259t \u00e7\u0259kir - MEYDAN.TV","og_description":"\u015eikay\u0259t\u00e7i s\u00f6yl\u0259yib ki, el\u0259 A\u011fstafadak\u0131 evl\u0259rini m\u0259hz C\u0259lil Mustafayevin m\u00fcalic\u0259si \u00fc\u00e7\u00fcn sat\u0131blar.","og_url":"https:\/\/www.meydan.tv\/az\/article\/cernobil-elili-evsizlikden-eziyyet-cekir\/","og_site_name":"MEYDAN.TV","article_published_time":"2020-11-30T18:19:03+00:00","og_image":[{"width":1920,"height":1080,"url":"https:\/\/www.meydan.tv\/wp-content\/uploads\/untitled_design_1_hiqygsm.png","type":"image\/png"}],"author":"user-manager","twitter_card":"summary_large_image","schema":{"@context":"https:\/\/schema.org","@graph":[{"@type":"Article","@id":"https:\/\/www.meydan.tv\/az\/article\/cernobil-elili-evsizlikden-eziyyet-cekir\/#article","isPartOf":{"@id":"https:\/\/www.meydan.tv\/az\/article\/cernobil-elili-evsizlikden-eziyyet-cekir\/"},"author":{"name":"user-manager","@id":"https:\/\/www.meydan.tv\/az\/#\/schema\/person\/10d11eccf6da3662cf5fdab9806ea91a"},"headline":"\u00c7ernob\u0131l \u0259lili evsizlikd\u0259n \u0259ziyy\u0259t \u00e7\u0259kir","datePublished":"2020-11-30T18:19:03+00:00","mainEntityOfPage":{"@id":"https:\/\/www.meydan.tv\/az\/article\/cernobil-elili-evsizlikden-eziyyet-cekir\/"},"wordCount":516,"publisher":{"@id":"https:\/\/www.meydan.tv\/az\/#organization"},"image":{"@id":"https:\/\/www.meydan.tv\/az\/article\/cernobil-elili-evsizlikden-eziyyet-cekir\/#primaryimage"},"thumbnailUrl":"https:\/\/www.meydan.tv\/wp-content\/uploads\/untitled_design_1_hiqygsm.png","articleSection":["B\u00f6lg\u0259"],"inLanguage":"az"},{"@type":"WebPage","@id":"https:\/\/www.meydan.tv\/az\/article\/cernobil-elili-evsizlikden-eziyyet-cekir\/","url":"https:\/\/www.meydan.tv\/az\/article\/cernobil-elili-evsizlikden-eziyyet-cekir\/","name":"\u00c7ernob\u0131l \u0259lili evsizlikd\u0259n \u0259ziyy\u0259t \u00e7\u0259kir - MEYDAN.TV","isPartOf":{"@id":"https:\/\/www.meydan.tv\/az\/#website"},"primaryImageOfPage":{"@id":"https:\/\/www.meydan.tv\/az\/article\/cernobil-elili-evsizlikden-eziyyet-cekir\/#primaryimage"},"image":{"@id":"https:\/\/www.meydan.tv\/az\/article\/cernobil-elili-evsizlikden-eziyyet-cekir\/#primaryimage"},"thumbnailUrl":"https:\/\/www.meydan.tv\/wp-content\/uploads\/untitled_design_1_hiqygsm.png","datePublished":"2020-11-30T18:19:03+00:00","breadcrumb":{"@id":"https:\/\/www.meydan.tv\/az\/article\/cernobil-elili-evsizlikden-eziyyet-cekir\/#breadcrumb"},"inLanguage":"az","potentialAction":[{"@type":"ReadAction","target":["https:\/\/www.meydan.tv\/az\/article\/cernobil-elili-evsizlikden-eziyyet-cekir\/"]}]},{"@type":"ImageObject","inLanguage":"az","@id":"https:\/\/www.meydan.tv\/az\/article\/cernobil-elili-evsizlikden-eziyyet-cekir\/#primaryimage","url":"https:\/\/www.meydan.tv\/wp-content\/uploads\/untitled_design_1_hiqygsm.png","contentUrl":"https:\/\/www.meydan.tv\/wp-content\/uploads\/untitled_design_1_hiqygsm.png","width":1920,"height":1080,"caption":"Source: Specify Source"},{"@type":"BreadcrumbList","@id":"https:\/\/www.meydan.tv\/az\/article\/cernobil-elili-evsizlikden-eziyyet-cekir\/#breadcrumb","itemListElement":[{"@type":"ListItem","position":1,"name":"Ana s\u0259hif\u0259","item":"https:\/\/www.meydan.tv\/az\/"},{"@type":"ListItem","position":2,"name":"B\u00f6lg\u0259","item":"https:\/\/www.meydan.tv\/az\/section\/bolge\/"},{"@type":"ListItem","position":3,"name":"\u00c7ernob\u0131l \u0259lili evsizlikd\u0259n \u0259ziyy\u0259t \u00e7\u0259kir"}]},{"@type":"WebSite","@id":"https:\/\/www.meydan.tv\/az\/#website","url":"https:\/\/www.meydan.tv\/az\/","name":"MEYDAN.TV","description":"Meydan TV Az\u0259rbaycan\u0131n media m\u0259kan\u0131ndak\u0131 alternativ s\u0259sidir","publisher":{"@id":"https:\/\/www.meydan.tv\/az\/#organization"},"potentialAction":[{"@type":"SearchAction","target":{"@type":"EntryPoint","urlTemplate":"https:\/\/www.meydan.tv\/az\/?s={search_term_string}"},"query-input":{"@type":"PropertyValueSpecification","valueRequired":true,"valueName":"search_term_string"}}],"inLanguage":"az"},{"@type":"Organization","@id":"https:\/\/www.meydan.tv\/az\/#organization","name":"Meydan TV","url":"https:\/\/www.meydan.tv\/az\/","logo":{"@type":"ImageObject","inLanguage":"az","@id":"https:\/\/www.meydan.tv\/az\/#\/schema\/logo\/image\/","url":"https:\/\/www.meydan.tv\/wp-content\/uploads\/2021\/07\/meydan-logo.svg","contentUrl":"https:\/\/www.meydan.tv\/wp-content\/uploads\/2021\/07\/meydan-logo.svg","width":195,"height":46,"caption":"Meydan TV"},"image":{"@id":"https:\/\/www.meydan.tv\/az\/#\/schema\/logo\/image\/"}},{"@type":"Person","@id":"https:\/\/www.meydan.tv\/az\/#\/schema\/person\/10d11eccf6da3662cf5fdab9806ea91a","name":"user-manager"}]}},"_links":{"self":[{"href":"https:\/\/www.meydan.tv\/az\/wp-json\/wp\/v2\/posts\/203841","targetHints":{"allow":["GET"]}}],"collection":[{"href":"https:\/\/www.meydan.tv\/az\/wp-json\/wp\/v2\/posts"}],"about":[{"href":"https:\/\/www.meydan.tv\/az\/wp-json\/wp\/v2\/types\/post"}],"author":[{"embeddable":true,"href":"https:\/\/www.meydan.tv\/az\/wp-json\/wp\/v2\/users\/11"}],"replies":[{"embeddable":true,"href":"https:\/\/www.meydan.tv\/az\/wp-json\/wp\/v2\/comments?post=203841"}],"version-history":[{"count":0,"href":"https:\/\/www.meydan.tv\/az\/wp-json\/wp\/v2\/posts\/203841\/revisions"}],"wp:featuredmedia":[{"embeddable":true,"href":"https:\/\/www.meydan.tv\/az\/wp-json\/wp\/v2\/media\/152303"}],"wp:attachment":[{"href":"https:\/\/www.meydan.tv\/az\/wp-json\/wp\/v2\/media?parent=203841"}],"wp:term":[{"taxonomy":"category","embeddable":true,"href":"https:\/\/www.meydan.tv\/az\/wp-json\/wp\/v2\/categories?post=203841"},{"taxonomy":"post_tag","embeddable":true,"href":"https:\/\/www.meydan.tv\/az\/wp-json\/wp\/v2\/tags?post=203841"}],"curies":[{"name":"wp","href":"https:\/\/api.w.org\/{rel}","templated":true}]}}