{"id":203837,"date":"2020-11-30T18:07:20","date_gmt":"2020-11-30T18:07:20","guid":{"rendered":"https:\/\/www.meydan.tv\/article\/xacmaz-sakini-tecili-yardima-zeng-eledim-gelmediler\/"},"modified":"2020-11-30T18:07:20","modified_gmt":"2020-11-30T18:07:20","slug":"xacmaz-sakini-tecili-yardima-zeng-eledim-gelmediler","status":"publish","type":"post","link":"https:\/\/www.meydan.tv\/az\/article\/xacmaz-sakini-tecili-yardima-zeng-eledim-gelmediler\/","title":{"rendered":"Xa\u00e7maz sakini: T\u0259cili yard\u0131ma z\u0259ng el\u0259dim, g\u0259lm\u0259dil\u0259r&#8230;"},"content":{"rendered":"<p>\n  <i><br \/>\n    \u201cDeyir\u0259m ki, COV\u0130D-19 x\u0259st\u0259siy\u0259m, deyir, otur g\u00f6zl\u0259\u201d<br \/>\n  <\/i>\n<\/p>\n<p>\n  Xa\u00e7maz sakini Zaur Quliyev deyir ki, koronavirusa yoluxsa da, rayondak\u0131 m\u0259rk\u0259zi x\u0259st\u0259xanada bigan\u0259 m\u00fcnasib\u0259tl\u0259 \u00fczl\u0259\u015fib. O iddia edir ki, m\u00fcalic\u0259 etm\u0259m\u0259k \u00fc\u00e7\u00fcn COV\u0130D-19 da\u015f\u0131y\u0131c\u0131s\u0131 olmad\u0131\u011f\u0131n\u0131 deyib, ev\u0259 g\u00f6nd\u0259ribl\u0259r.\n<\/p>\n<p>\n  <b><br \/>\n    \u201cDedil\u0259r ki, x\u0259st\u0259xanada ancaq u\u015faq h\u0259kimi var\u201d<br \/>\n  <\/b>\n<\/p>\n<p>\n  \u201c25 g\u00fcnd\u00fcr x\u0259st\u0259 yat\u0131ram. El\u0259 davran\u0131rlar ki, sanki he\u00e7 bel\u0259 x\u0259st\u0259 yoxdur. Koronavirus testi vermi\u015f\u0259m, r\u0259smi cavab\u0131 indiy\u0259 q\u0259d\u0259r g\u0259lm\u0259yib. Hal\u0131m pisl\u0259\u015fmi\u015fdi, \u0259vv\u0259l el\u0259 bildim soyuqlam\u0131\u015fam. Sonra g\u00f6rd\u00fcm ki, yox, getdikc\u0259 pis oluram, t\u0259cili tibbi yard\u0131m \u00e7a\u011f\u0131rd\u0131q. Analiz g\u00f6t\u00fcr\u00fcb getdil\u0259r. Bir ne\u00e7\u0259 g\u00fcn \u0259rzind\u0259 daha da a\u011f\u0131rla\u015fd\u0131m. Cavab da g\u0259lmirdi. Ax\u0131rda ya\u015fl\u0131 anam x\u0259st\u0259xanaya getdi ki, cavab\u0131 \u00f6yr\u0259nsin. Oradan demi\u015fdil\u0259r ki, adam \u00e7oxdu, gecikirik, g\u00f6nd\u0259r\u0259 bilm\u0259mi\u015fik, amma sizin o\u011flunuzda cavab neqativ \u00e7\u0131x\u0131b\u201d, &#8211; 44 ya\u015fl\u0131 Zaur Quliyev dan\u0131\u015f\u0131r.\n<\/p>\n<p>\n  Onun s\u00f6zl\u0259rin\u0259 g\u00f6r\u0259, \u00fc\u00e7-d\u00f6rd g\u00fcn ke\u00e7ib v\u0259 gec\u0259yar\u0131s\u0131 n\u0259f\u0259s almaqda \u00e7\u0259tinlik \u00e7\u0259kib. Ail\u0259 yen\u0259 t\u0259cili yard\u0131ma z\u0259ng el\u0259yib: \u201cG\u0259lm\u0259dil\u0259r. Bir tan\u0131\u015f\u0131n z\u0259ngind\u0259n sonra t\u0259cili yard\u0131m ma\u015f\u0131n\u0131 g\u00f6nd\u0259rdil\u0259r. H\u0259kim g\u0259lib soru\u015fdu ki, m\u0259n indi neyl\u0259yim. Dedim, apar\u0131n m\u0259ni x\u0259st\u0259xanaya. Cavab verdi ki, indi x\u0259st\u0259xanada t\u0259kc\u0259 u\u015faq h\u0259kimi var. Quba, Bak\u0131 x\u0259st\u0259xanalar\u0131 da q\u0259bul el\u0259mir. Sonra da \u00e7\u0131x\u0131b getdi&#8230;\u201d\n<\/p>\n<p>\n  <b><br \/>\n    \u201cBak\u0131dak\u0131 h\u0259kim m\u0259ni qiyabi m\u00fcalic\u0259 el\u0259di\u201d<br \/>\n  <\/b>\n<\/p>\n<p>\n  Zaur Quliyev dan\u0131\u015f\u0131r ki, s\u0259h\u0259r a\u00e7\u0131lana q\u0259d\u0259r d\u00f6z\u00fcb, sonra \u00f6z\u00fc yax\u0131nlar\u0131n\u0131n k\u00f6m\u0259yil\u0259 x\u0259st\u0259xanaya gedib. Orada rentgend\u0259n ke\u00e7ib: \u201c\u018fvv\u0259l iki saat bo\u015f yer\u0259 otuzdub g\u00f6zl\u0259tdirdil\u0259r. Baxan olmad\u0131. Gedib a\u011fciy\u0259r x\u0259st\u0259xanas\u0131nda rentgen \u00e7\u0131xartd\u0131m, n\u0259tic\u0259ni Bak\u0131dak\u0131 tan\u0131\u015f h\u0259kim\u0259 g\u00f6nd\u0259rdim. Rentgenin n\u0259tic\u0259sin\u0259 baxan kimi dedi ki, b\u0259xtin g\u0259tirib, indiy\u0259 q\u0259d\u0259r \u00f6lm\u0259mis\u0259n. A\u011fciy\u0259rd\u0259 buzla\u015fma gedibmi\u015f. O g\u00fcnd\u0259n h\u0259min h\u0259kimin qiyabi m\u00fcalic\u0259sil\u0259 sa\u011f qalm\u0131\u015fam. Dem\u0259k olar ki, aya\u011fa qalxm\u0131\u015fam, amma \u00f6z\u00fcm h\u0259l\u0259 k\u00fc\u00e7\u0259y\u0259 \u00e7\u0131xm\u0131ram. M\u0259sl\u0259h\u0259t g\u00f6rd\u00fc ki, bir-iki h\u0259ft\u0259 x\u00fcsusi diqq\u0259t el\u0259yim\u201d.\n<\/p>\n<p>\n  Quliyevl\u0259r ail\u0259sind\u0259n koronavirusa yoluxan ba\u015fqa kims\u0259 olmay\u0131b. Amma yen\u0259 d\u0259 ail\u0259 \u00fczvl\u0259rin\u0259 g\u00f6r\u0259 ehtiyatlan\u0131r.\n<\/p>\n<p>\n  Zaur Quliyev Xa\u00e7maz Rayon M\u0259rk\u0259zi X\u0259st\u0259xanas\u0131ndan yuxar\u0131 d\u00f6vl\u0259t orqanlar\u0131na \u015fikay\u0259t etm\u0259diyini deyir. Bunu da bel\u0259 \u0259sasland\u0131r\u0131r ki, sa\u011fl\u0131q durumu h\u0259l\u0259lik imkan vermir: \u201cEl\u0259 g\u00fcnd\u0259ydim ki, he\u00e7 harasa \u015fikay\u0259t etm\u0259y\u0259 heyim d\u0259 yox idi. Sanki koma v\u0259ziyy\u0259tind\u0259ydim. Anam\u0131n 65 ya\u015f\u0131 var, m\u0259n\u0259 o, qulluq el\u0259yirdi. Anam da tibb i\u015f\u00e7isi olub, indi t\u0259qa\u00fcdd\u0259dir. Sistemi o k\u00f6\u00e7\u00fcr\u00fcrd\u00fc, dava-d\u0259rmana o bax\u0131rd\u0131\u201d.\n<\/p>\n<p>\n  <b><br \/>\n    \u201cH\u0259l\u0259 ba\u015f\u0131ma g\u0259l\u0259nl\u0259rin 10 faizini dan\u0131\u015f\u0131ram\u201d<br \/>\n  <\/b>\n<\/p>\n<p>\n  Zaur Quliyev iddia edir ki, Xa\u00e7mazda COV\u0130D-19-a yoluxanlar\u0131n say\u0131 \u00e7oxdur, amma effektiv m\u00fcalic\u0259 d\u0259 yoxdur. Onun s\u00f6zl\u0259rin\u0259 g\u00f6r\u0259, el\u0259 x\u0259st\u0259xanan\u0131n tibb hey\u0259tind\u0259n 3-4 n\u0259f\u0259r virusdan v\u0259fat edib, aralar\u0131nda h\u0259kiml\u0259r d\u0259 var.\n<\/p>\n<p>\n  Xa\u00e7maz sakininin fikrinc\u0259, problemin d\u0259rinl\u0259\u015fm\u0259sind\u0259 s\u0259hl\u0259nkarl\u0131q da rol oynay\u0131r: \u201c\u0130nfeksiya \u015f\u00f6b\u0259sind\u0259n g\u00f6nd\u0259ri\u015f verilm\u0259liydi ki, A\u011fciy\u0259r x\u0259st\u0259xanas\u0131ndan rentgen n\u0259tic\u0259si bar\u0259d\u0259 ka\u011f\u0131z ala bilim. Gedib g\u00f6rd\u00fcm ki, d\u0259hlizd\u0259 m\u0259nd\u0259n ba\u015fqa 15-20 adam var. Bir o q\u0259d\u0259r d\u0259 x\u0259st\u0259xana i\u015f\u00e7isi. Az qala, 50 n\u0259f\u0259r. Ka\u011f\u0131z ist\u0259yir\u0259m, deyir\u0259m ki, COV\u0130D-19 x\u0259st\u0259siy\u0259m. Deyir, \u201cotur g\u00f6zl\u0259\u201d. Camaat x\u0259st\u0259liyini gizl\u0259dir, m\u0259ns\u0259 buna a\u00e7\u0131q deyir\u0259m. Yen\u0259 deyir ki, g\u00f6zl\u0259m\u0259lis\u0259n. \u0130ki saat orada qald\u0131m, h\u0259kiml\u0259r, tibb bac\u0131lar\u0131 narahat olmad\u0131 ki, burada COV\u0130D-19 x\u0259st\u0259si var. Bir ka\u011f\u0131z\u0131 yaz\u0131b verm\u0259k n\u0259 \u00e7\u0259tin i\u015fdi ki?! Bel\u0259 s\u0259hl\u0259nkarl\u0131q olmaz. Az\u0259rbaycanda bir ildi COV\u0130D-19 var. Ba\u015f\u0131 \u00e7\u0131xmayan da pe\u015f\u0259karla\u015f\u0131b. B\u0259s bunlar h\u0259l\u0259 d\u0259 nec\u0259 davranma\u011f\u0131 bilmirl\u0259r? M\u0259n h\u0259l\u0259 siz\u0259 ba\u015f\u0131ma g\u0259l\u0259nl\u0259rin 10 faizini dan\u0131\u015f\u0131ram\u201d.\n<\/p>\n<p>\n  <b><br \/>\n    Ba\u015f h\u0259kimin m\u00fcavini: \u201cAnaliz neqativ g\u00f6st\u0259ribs\u0259&#8230;\u201d<br \/>\n  <\/b>\n<\/p>\n<p>\n  Xa\u00e7maz Rayon M\u0259rk\u0259zi X\u0259st\u0259xanas\u0131ndan is\u0259 koronavirus infeksiyas\u0131na yoluxan \u015f\u0259xsl\u0259r\u0259 qar\u015f\u0131 bigan\u0259 m\u00fcnasib\u0259t v\u0259 s\u0259hl\u0259nkarl\u0131q bar\u0259d\u0259 iddialar\u0131 t\u0259kzib edibl\u0259r. X\u0259st\u0259xanan\u0131n ba\u015f h\u0259kiminin m\u00fcavini R\u0259hman Kiramu\u011fani Meydan TV-y\u0259 bildirib ki, \u0259g\u0259r testin n\u0259tic\u0259si neqativ g\u00f6st\u0259ribs\u0259, onun COV\u0130D-19 \u00fczr\u0259 m\u00fcalic\u0259si do\u011fru deyil: \u201cAnaliz neqativ g\u00f6st\u0259ribs\u0259, ba\u015fqa h\u0259kim ona nec\u0259 koronavirus diaqnozu qoya bil\u0259r?\u201d\n<\/p>\n<p>\n  Virusun yay\u0131ld\u0131\u011f\u0131 bir vaxtda ki\u00e7ik m\u0259kanda \u00e7oxsayl\u0131 adamlar\u0131n toplanmas\u0131, b\u00fcrokratiya bar\u0259d\u0259 deyil\u0259nl\u0259rl\u0259 d\u0259 raz\u0131la\u015fm\u0131r: \u201cM\u0259n el\u0259 bir hal m\u00fc\u015fahid\u0259 etm\u0259mi\u015f\u0259m. O v\u0259t\u0259nda\u015f biz\u0259 m\u00fcraci\u0259t el\u0259sin, g\u00f6r\u0259k n\u0259 deyir, n\u0259 ist\u0259yir&#8230;\u201d<\/p>\n","protected":false},"excerpt":{"rendered":"<p>&#8221;B\u0259s bunlar h\u0259l\u0259 d\u0259 nec\u0259 davranma\u011f\u0131 bilmirl\u0259r?&#8221;<\/p>\n","protected":false},"author":11,"featured_media":152366,"comment_status":"closed","ping_status":"open","sticky":false,"template":"","format":"standard","meta":{"_acf_changed":false,"_sitemap_exclude":false,"_sitemap_priority":"","_sitemap_frequency":"","footnotes":""},"categories":[60],"tags":[],"class_list":["post-203837","post","type-post","status-publish","format-standard","has-post-thumbnail","hentry","category-bolge","infinite-scroll-item","generate-columns","tablet-grid-50","mobile-grid-100","grid-parent","grid-33","no-featured-image-padding"],"acf":[],"yoast_head":"<!-- This site is optimized with the Yoast SEO plugin v27.5 - https:\/\/yoast.com\/product\/yoast-seo-wordpress\/ -->\n<title>Xa\u00e7maz sakini: T\u0259cili yard\u0131ma z\u0259ng el\u0259dim, g\u0259lm\u0259dil\u0259r... - MEYDAN.TV<\/title>\n<meta name=\"robots\" content=\"index, follow, max-snippet:-1, max-image-preview:large, max-video-preview:-1\" \/>\n<link rel=\"canonical\" href=\"https:\/\/www.meydan.tv\/az\/article\/xacmaz-sakini-tecili-yardima-zeng-eledim-gelmediler\/\" \/>\n<meta property=\"og:locale\" content=\"az_AZ\" \/>\n<meta property=\"og:type\" content=\"article\" \/>\n<meta property=\"og:title\" content=\"Xa\u00e7maz sakini: T\u0259cili yard\u0131ma z\u0259ng el\u0259dim, g\u0259lm\u0259dil\u0259r... - MEYDAN.TV\" \/>\n<meta property=\"og:description\" content=\"&#039;&#039;B\u0259s bunlar h\u0259l\u0259 d\u0259 nec\u0259 davranma\u011f\u0131 bilmirl\u0259r?&#039;&#039;\" \/>\n<meta property=\"og:url\" content=\"https:\/\/www.meydan.tv\/az\/article\/xacmaz-sakini-tecili-yardima-zeng-eledim-gelmediler\/\" \/>\n<meta property=\"og:site_name\" content=\"MEYDAN.TV\" \/>\n<meta property=\"article:published_time\" content=\"2020-11-30T18:07:20+00:00\" \/>\n<meta property=\"og:image\" content=\"https:\/\/www.meydan.tv\/wp-content\/uploads\/untitled_design_6_lhjvwbp.png\" \/>\n\t<meta property=\"og:image:width\" content=\"1920\" \/>\n\t<meta property=\"og:image:height\" content=\"1080\" \/>\n\t<meta property=\"og:image:type\" content=\"image\/png\" \/>\n<meta name=\"author\" content=\"user-manager\" \/>\n<meta name=\"twitter:card\" content=\"summary_large_image\" \/>\n<script type=\"application\/ld+json\" class=\"yoast-schema-graph\">{\"@context\":\"https:\\\/\\\/schema.org\",\"@graph\":[{\"@type\":\"Article\",\"@id\":\"https:\\\/\\\/www.meydan.tv\\\/az\\\/article\\\/xacmaz-sakini-tecili-yardima-zeng-eledim-gelmediler\\\/#article\",\"isPartOf\":{\"@id\":\"https:\\\/\\\/www.meydan.tv\\\/az\\\/article\\\/xacmaz-sakini-tecili-yardima-zeng-eledim-gelmediler\\\/\"},\"author\":{\"name\":\"user-manager\",\"@id\":\"https:\\\/\\\/www.meydan.tv\\\/az\\\/#\\\/schema\\\/person\\\/10d11eccf6da3662cf5fdab9806ea91a\"},\"headline\":\"Xa\u00e7maz sakini: T\u0259cili yard\u0131ma z\u0259ng el\u0259dim, g\u0259lm\u0259dil\u0259r&#8230;\",\"datePublished\":\"2020-11-30T18:07:20+00:00\",\"mainEntityOfPage\":{\"@id\":\"https:\\\/\\\/www.meydan.tv\\\/az\\\/article\\\/xacmaz-sakini-tecili-yardima-zeng-eledim-gelmediler\\\/\"},\"wordCount\":979,\"publisher\":{\"@id\":\"https:\\\/\\\/www.meydan.tv\\\/az\\\/#organization\"},\"image\":{\"@id\":\"https:\\\/\\\/www.meydan.tv\\\/az\\\/article\\\/xacmaz-sakini-tecili-yardima-zeng-eledim-gelmediler\\\/#primaryimage\"},\"thumbnailUrl\":\"https:\\\/\\\/www.meydan.tv\\\/wp-content\\\/uploads\\\/untitled_design_6_lhjvwbp.png\",\"articleSection\":[\"B\u00f6lg\u0259\"],\"inLanguage\":\"az\"},{\"@type\":\"WebPage\",\"@id\":\"https:\\\/\\\/www.meydan.tv\\\/az\\\/article\\\/xacmaz-sakini-tecili-yardima-zeng-eledim-gelmediler\\\/\",\"url\":\"https:\\\/\\\/www.meydan.tv\\\/az\\\/article\\\/xacmaz-sakini-tecili-yardima-zeng-eledim-gelmediler\\\/\",\"name\":\"Xa\u00e7maz sakini: T\u0259cili yard\u0131ma z\u0259ng el\u0259dim, g\u0259lm\u0259dil\u0259r... - MEYDAN.TV\",\"isPartOf\":{\"@id\":\"https:\\\/\\\/www.meydan.tv\\\/az\\\/#website\"},\"primaryImageOfPage\":{\"@id\":\"https:\\\/\\\/www.meydan.tv\\\/az\\\/article\\\/xacmaz-sakini-tecili-yardima-zeng-eledim-gelmediler\\\/#primaryimage\"},\"image\":{\"@id\":\"https:\\\/\\\/www.meydan.tv\\\/az\\\/article\\\/xacmaz-sakini-tecili-yardima-zeng-eledim-gelmediler\\\/#primaryimage\"},\"thumbnailUrl\":\"https:\\\/\\\/www.meydan.tv\\\/wp-content\\\/uploads\\\/untitled_design_6_lhjvwbp.png\",\"datePublished\":\"2020-11-30T18:07:20+00:00\",\"breadcrumb\":{\"@id\":\"https:\\\/\\\/www.meydan.tv\\\/az\\\/article\\\/xacmaz-sakini-tecili-yardima-zeng-eledim-gelmediler\\\/#breadcrumb\"},\"inLanguage\":\"az\",\"potentialAction\":[{\"@type\":\"ReadAction\",\"target\":[\"https:\\\/\\\/www.meydan.tv\\\/az\\\/article\\\/xacmaz-sakini-tecili-yardima-zeng-eledim-gelmediler\\\/\"]}]},{\"@type\":\"ImageObject\",\"inLanguage\":\"az\",\"@id\":\"https:\\\/\\\/www.meydan.tv\\\/az\\\/article\\\/xacmaz-sakini-tecili-yardima-zeng-eledim-gelmediler\\\/#primaryimage\",\"url\":\"https:\\\/\\\/www.meydan.tv\\\/wp-content\\\/uploads\\\/untitled_design_6_lhjvwbp.png\",\"contentUrl\":\"https:\\\/\\\/www.meydan.tv\\\/wp-content\\\/uploads\\\/untitled_design_6_lhjvwbp.png\",\"width\":1920,\"height\":1080,\"caption\":\"Source: google.az\"},{\"@type\":\"BreadcrumbList\",\"@id\":\"https:\\\/\\\/www.meydan.tv\\\/az\\\/article\\\/xacmaz-sakini-tecili-yardima-zeng-eledim-gelmediler\\\/#breadcrumb\",\"itemListElement\":[{\"@type\":\"ListItem\",\"position\":1,\"name\":\"Ana s\u0259hif\u0259\",\"item\":\"https:\\\/\\\/www.meydan.tv\\\/az\\\/\"},{\"@type\":\"ListItem\",\"position\":2,\"name\":\"B\u00f6lg\u0259\",\"item\":\"https:\\\/\\\/www.meydan.tv\\\/az\\\/section\\\/bolge\\\/\"},{\"@type\":\"ListItem\",\"position\":3,\"name\":\"Xa\u00e7maz sakini: T\u0259cili yard\u0131ma z\u0259ng el\u0259dim, g\u0259lm\u0259dil\u0259r&#8230;\"}]},{\"@type\":\"WebSite\",\"@id\":\"https:\\\/\\\/www.meydan.tv\\\/az\\\/#website\",\"url\":\"https:\\\/\\\/www.meydan.tv\\\/az\\\/\",\"name\":\"MEYDAN.TV\",\"description\":\"Meydan TV Az\u0259rbaycan\u0131n media m\u0259kan\u0131ndak\u0131 alternativ s\u0259sidir\",\"publisher\":{\"@id\":\"https:\\\/\\\/www.meydan.tv\\\/az\\\/#organization\"},\"potentialAction\":[{\"@type\":\"SearchAction\",\"target\":{\"@type\":\"EntryPoint\",\"urlTemplate\":\"https:\\\/\\\/www.meydan.tv\\\/az\\\/?s={search_term_string}\"},\"query-input\":{\"@type\":\"PropertyValueSpecification\",\"valueRequired\":true,\"valueName\":\"search_term_string\"}}],\"inLanguage\":\"az\"},{\"@type\":\"Organization\",\"@id\":\"https:\\\/\\\/www.meydan.tv\\\/az\\\/#organization\",\"name\":\"Meydan TV\",\"url\":\"https:\\\/\\\/www.meydan.tv\\\/az\\\/\",\"logo\":{\"@type\":\"ImageObject\",\"inLanguage\":\"az\",\"@id\":\"https:\\\/\\\/www.meydan.tv\\\/az\\\/#\\\/schema\\\/logo\\\/image\\\/\",\"url\":\"https:\\\/\\\/www.meydan.tv\\\/wp-content\\\/uploads\\\/2021\\\/07\\\/meydan-logo.svg\",\"contentUrl\":\"https:\\\/\\\/www.meydan.tv\\\/wp-content\\\/uploads\\\/2021\\\/07\\\/meydan-logo.svg\",\"width\":195,\"height\":46,\"caption\":\"Meydan TV\"},\"image\":{\"@id\":\"https:\\\/\\\/www.meydan.tv\\\/az\\\/#\\\/schema\\\/logo\\\/image\\\/\"}},{\"@type\":\"Person\",\"@id\":\"https:\\\/\\\/www.meydan.tv\\\/az\\\/#\\\/schema\\\/person\\\/10d11eccf6da3662cf5fdab9806ea91a\",\"name\":\"user-manager\"}]}<\/script>\n<!-- \/ Yoast SEO plugin. -->","yoast_head_json":{"title":"Xa\u00e7maz sakini: T\u0259cili yard\u0131ma z\u0259ng el\u0259dim, g\u0259lm\u0259dil\u0259r... - MEYDAN.TV","robots":{"index":"index","follow":"follow","max-snippet":"max-snippet:-1","max-image-preview":"max-image-preview:large","max-video-preview":"max-video-preview:-1"},"canonical":"https:\/\/www.meydan.tv\/az\/article\/xacmaz-sakini-tecili-yardima-zeng-eledim-gelmediler\/","og_locale":"az_AZ","og_type":"article","og_title":"Xa\u00e7maz sakini: T\u0259cili yard\u0131ma z\u0259ng el\u0259dim, g\u0259lm\u0259dil\u0259r... - MEYDAN.TV","og_description":"''B\u0259s bunlar h\u0259l\u0259 d\u0259 nec\u0259 davranma\u011f\u0131 bilmirl\u0259r?''","og_url":"https:\/\/www.meydan.tv\/az\/article\/xacmaz-sakini-tecili-yardima-zeng-eledim-gelmediler\/","og_site_name":"MEYDAN.TV","article_published_time":"2020-11-30T18:07:20+00:00","og_image":[{"width":1920,"height":1080,"url":"https:\/\/www.meydan.tv\/wp-content\/uploads\/untitled_design_6_lhjvwbp.png","type":"image\/png"}],"author":"user-manager","twitter_card":"summary_large_image","schema":{"@context":"https:\/\/schema.org","@graph":[{"@type":"Article","@id":"https:\/\/www.meydan.tv\/az\/article\/xacmaz-sakini-tecili-yardima-zeng-eledim-gelmediler\/#article","isPartOf":{"@id":"https:\/\/www.meydan.tv\/az\/article\/xacmaz-sakini-tecili-yardima-zeng-eledim-gelmediler\/"},"author":{"name":"user-manager","@id":"https:\/\/www.meydan.tv\/az\/#\/schema\/person\/10d11eccf6da3662cf5fdab9806ea91a"},"headline":"Xa\u00e7maz sakini: T\u0259cili yard\u0131ma z\u0259ng el\u0259dim, g\u0259lm\u0259dil\u0259r&#8230;","datePublished":"2020-11-30T18:07:20+00:00","mainEntityOfPage":{"@id":"https:\/\/www.meydan.tv\/az\/article\/xacmaz-sakini-tecili-yardima-zeng-eledim-gelmediler\/"},"wordCount":979,"publisher":{"@id":"https:\/\/www.meydan.tv\/az\/#organization"},"image":{"@id":"https:\/\/www.meydan.tv\/az\/article\/xacmaz-sakini-tecili-yardima-zeng-eledim-gelmediler\/#primaryimage"},"thumbnailUrl":"https:\/\/www.meydan.tv\/wp-content\/uploads\/untitled_design_6_lhjvwbp.png","articleSection":["B\u00f6lg\u0259"],"inLanguage":"az"},{"@type":"WebPage","@id":"https:\/\/www.meydan.tv\/az\/article\/xacmaz-sakini-tecili-yardima-zeng-eledim-gelmediler\/","url":"https:\/\/www.meydan.tv\/az\/article\/xacmaz-sakini-tecili-yardima-zeng-eledim-gelmediler\/","name":"Xa\u00e7maz sakini: T\u0259cili yard\u0131ma z\u0259ng el\u0259dim, g\u0259lm\u0259dil\u0259r... - MEYDAN.TV","isPartOf":{"@id":"https:\/\/www.meydan.tv\/az\/#website"},"primaryImageOfPage":{"@id":"https:\/\/www.meydan.tv\/az\/article\/xacmaz-sakini-tecili-yardima-zeng-eledim-gelmediler\/#primaryimage"},"image":{"@id":"https:\/\/www.meydan.tv\/az\/article\/xacmaz-sakini-tecili-yardima-zeng-eledim-gelmediler\/#primaryimage"},"thumbnailUrl":"https:\/\/www.meydan.tv\/wp-content\/uploads\/untitled_design_6_lhjvwbp.png","datePublished":"2020-11-30T18:07:20+00:00","breadcrumb":{"@id":"https:\/\/www.meydan.tv\/az\/article\/xacmaz-sakini-tecili-yardima-zeng-eledim-gelmediler\/#breadcrumb"},"inLanguage":"az","potentialAction":[{"@type":"ReadAction","target":["https:\/\/www.meydan.tv\/az\/article\/xacmaz-sakini-tecili-yardima-zeng-eledim-gelmediler\/"]}]},{"@type":"ImageObject","inLanguage":"az","@id":"https:\/\/www.meydan.tv\/az\/article\/xacmaz-sakini-tecili-yardima-zeng-eledim-gelmediler\/#primaryimage","url":"https:\/\/www.meydan.tv\/wp-content\/uploads\/untitled_design_6_lhjvwbp.png","contentUrl":"https:\/\/www.meydan.tv\/wp-content\/uploads\/untitled_design_6_lhjvwbp.png","width":1920,"height":1080,"caption":"Source: google.az"},{"@type":"BreadcrumbList","@id":"https:\/\/www.meydan.tv\/az\/article\/xacmaz-sakini-tecili-yardima-zeng-eledim-gelmediler\/#breadcrumb","itemListElement":[{"@type":"ListItem","position":1,"name":"Ana s\u0259hif\u0259","item":"https:\/\/www.meydan.tv\/az\/"},{"@type":"ListItem","position":2,"name":"B\u00f6lg\u0259","item":"https:\/\/www.meydan.tv\/az\/section\/bolge\/"},{"@type":"ListItem","position":3,"name":"Xa\u00e7maz sakini: T\u0259cili yard\u0131ma z\u0259ng el\u0259dim, g\u0259lm\u0259dil\u0259r&#8230;"}]},{"@type":"WebSite","@id":"https:\/\/www.meydan.tv\/az\/#website","url":"https:\/\/www.meydan.tv\/az\/","name":"MEYDAN.TV","description":"Meydan TV Az\u0259rbaycan\u0131n media m\u0259kan\u0131ndak\u0131 alternativ s\u0259sidir","publisher":{"@id":"https:\/\/www.meydan.tv\/az\/#organization"},"potentialAction":[{"@type":"SearchAction","target":{"@type":"EntryPoint","urlTemplate":"https:\/\/www.meydan.tv\/az\/?s={search_term_string}"},"query-input":{"@type":"PropertyValueSpecification","valueRequired":true,"valueName":"search_term_string"}}],"inLanguage":"az"},{"@type":"Organization","@id":"https:\/\/www.meydan.tv\/az\/#organization","name":"Meydan TV","url":"https:\/\/www.meydan.tv\/az\/","logo":{"@type":"ImageObject","inLanguage":"az","@id":"https:\/\/www.meydan.tv\/az\/#\/schema\/logo\/image\/","url":"https:\/\/www.meydan.tv\/wp-content\/uploads\/2021\/07\/meydan-logo.svg","contentUrl":"https:\/\/www.meydan.tv\/wp-content\/uploads\/2021\/07\/meydan-logo.svg","width":195,"height":46,"caption":"Meydan TV"},"image":{"@id":"https:\/\/www.meydan.tv\/az\/#\/schema\/logo\/image\/"}},{"@type":"Person","@id":"https:\/\/www.meydan.tv\/az\/#\/schema\/person\/10d11eccf6da3662cf5fdab9806ea91a","name":"user-manager"}]}},"_links":{"self":[{"href":"https:\/\/www.meydan.tv\/az\/wp-json\/wp\/v2\/posts\/203837","targetHints":{"allow":["GET"]}}],"collection":[{"href":"https:\/\/www.meydan.tv\/az\/wp-json\/wp\/v2\/posts"}],"about":[{"href":"https:\/\/www.meydan.tv\/az\/wp-json\/wp\/v2\/types\/post"}],"author":[{"embeddable":true,"href":"https:\/\/www.meydan.tv\/az\/wp-json\/wp\/v2\/users\/11"}],"replies":[{"embeddable":true,"href":"https:\/\/www.meydan.tv\/az\/wp-json\/wp\/v2\/comments?post=203837"}],"version-history":[{"count":0,"href":"https:\/\/www.meydan.tv\/az\/wp-json\/wp\/v2\/posts\/203837\/revisions"}],"wp:featuredmedia":[{"embeddable":true,"href":"https:\/\/www.meydan.tv\/az\/wp-json\/wp\/v2\/media\/152366"}],"wp:attachment":[{"href":"https:\/\/www.meydan.tv\/az\/wp-json\/wp\/v2\/media?parent=203837"}],"wp:term":[{"taxonomy":"category","embeddable":true,"href":"https:\/\/www.meydan.tv\/az\/wp-json\/wp\/v2\/categories?post=203837"},{"taxonomy":"post_tag","embeddable":true,"href":"https:\/\/www.meydan.tv\/az\/wp-json\/wp\/v2\/tags?post=203837"}],"curies":[{"name":"wp","href":"https:\/\/api.w.org\/{rel}","templated":true}]}}