{"id":203827,"date":"2020-11-30T12:12:26","date_gmt":"2020-11-30T12:12:26","guid":{"rendered":"https:\/\/www.meydan.tv\/article\/gence-sakini-bir-qardasim-sehid-oldu-o-biri-de-meyiti-gorub-havalandi\/"},"modified":"2020-11-30T12:12:26","modified_gmt":"2020-11-30T12:12:26","slug":"gence-sakini-bir-qardasim-sehid-oldu-o-biri-de-meyiti-gorub-havalandi","status":"publish","type":"post","link":"https:\/\/www.meydan.tv\/az\/article\/gence-sakini-bir-qardasim-sehid-oldu-o-biri-de-meyiti-gorub-havalandi\/","title":{"rendered":"G\u0259nc\u0259 sakini: Bir qarda\u015f\u0131m \u015f\u0259hid oldu, o biri d\u0259 meyiti g\u00f6r\u00fcb havaland\u0131&#8230;"},"content":{"rendered":"<p>\n  <i><br \/>\n    \u201cQazax Rayonlararas\u0131 Ruhi X\u0259st\u0259xanas\u0131nda qarda\u015f\u0131mla \u00e7ox pis davran\u0131rlar\u201d<br \/>\n  <\/i>\n<\/p>\n<p>\n  Sevil S\u0259m\u0259dova Qazax Rayonlararas\u0131 Ruhi X\u0259st\u0259xanadan \u015fikay\u0259tl\u0259nir. O, m\u00fcalic\u0259 m\u00fc\u0259ssis\u0259sind\u0259 olan qarda\u015f\u0131 R\u00f6v\u015f\u0259n S\u0259m\u0259dova qar\u015f\u0131 m\u00fcnasib\u0259tin \u00e7ox pis oldu\u011funu iddia edir.\n<\/p>\n<p>\n  <b><br \/>\n    \u201cAta-anam he\u00e7 qarda\u015f\u0131m\u0131n ilin\u0259 q\u0259d\u0259r d\u00f6z\u0259 bilm\u0259di\u201d<br \/>\n  <\/b>\n<\/p>\n<p>\n  Sevil S\u0259m\u0259dova dan\u0131\u015f\u0131r ki, b\u00f6y\u00fck qarda\u015f\u0131 \u0130lham S\u0259m\u0259dov Birinci Qaraba\u011f M\u00fcharib\u0259sind\u0259 h\u0259lak olub. O, 1993-c\u00fc Tovuzun \u018flib\u0259yli k\u0259ndi u\u011frunda d\u00f6y\u00fc\u015fl\u0259rd\u0259 h\u0259yat\u0131n\u0131 itirib. Bac\u0131s\u0131n\u0131n s\u00f6zl\u0259rin\u0259 g\u00f6r\u0259, tank komandiri olan \u0130lham S\u0259m\u0259dov Moskvada t\u0259hsil al\u0131rm\u0131\u015f, oradan g\u0259lib birba\u015fa d\u00f6y\u00fc\u015fl\u0259r\u0259 yollan\u0131b. Ki\u00e7ik qarda\u015f R\u00f6v\u015f\u0259n o zaman qarda\u015f\u0131n\u0131n \u00f6l\u00fcm\u00fcn\u0259 g\u00f6r\u0259 \u00e7ox sars\u0131l\u0131b. Bundan sonra psixi durumu xeyli korlan\u0131b: \u201cMeyiti g\u00f6r\u0259nd\u0259 havalanm\u0131\u015fd\u0131. \u018fvv\u0259l uzun m\u00fcdd\u0259t evd\u0259 qald\u0131. M\u00fcalic\u0259 el\u0259tdirirdik. N\u0259 bacard\u0131qsa, el\u0259dik. \u00c7ox \u00e7al\u0131\u015fd\u0131q ki, d\u00fcz\u0259lsin. Alt\u0131-yeddi il olar, ruhi x\u0259st\u0259xanaya yerl\u0259\u015fdirmi\u015fik. 36 ya\u015f\u0131 var. O hadis\u0259d\u0259n sonra he\u00e7 c\u00fcr normal h\u0259yata qay\u0131da bilm\u0259di. Ata-anam da o zaman qarda\u015f\u0131m\u0131n \u00f6l\u00fcm\u00fcn\u0259 d\u00f6zm\u0259di, he\u00e7 ilin\u0259 q\u0259d\u0259r tab g\u0259tir\u0259 bilm\u0259dil\u0259r, \u00f6ld\u00fcl\u0259r. Ail\u0259miz darmada\u011f\u0131n oldu&#8230;\u201d\n<\/p>\n<p>\n  <b><br \/>\n    \u201cM\u0259nim yan\u0131mda o c\u00fcr davranan g\u00f6r\u00fcn m\u0259n olmayanda n\u0259 edir&#8230;\u201d<br \/>\n  <\/b>\n<\/p>\n<p>\n  R\u00f6v\u015f\u0259n S\u0259m\u0259dov t\u0259xmin\u0259n 6 il \u0259vv\u0259l Qazax Rayonlararas\u0131 Ruhi X\u0259st\u0259xanas\u0131na yerl\u0259\u015fdirilib. Bac\u0131s\u0131 deyir ki, onun G\u0259nc\u0259d\u0259ki psixiatriya x\u0259st\u0259xanas\u0131nda qalmas\u0131n\u0131 ist\u0259s\u0259 d\u0259, al\u0131nmay\u0131b. Qazax x\u0259st\u0259xanas\u0131na yerl\u0259\u015fdirm\u0259kd\u0259n ba\u015fqa \u00e7ar\u0259si olmay\u0131b: \u201cM\u0259n ail\u0259 qurdu\u011fuma g\u00f6r\u0259 G\u0259nc\u0259d\u0259 ya\u015fay\u0131ram. Qarda\u015f\u0131m Tovuz rayonunda qeydiyyatda oldu\u011funa g\u00f6r\u0259 G\u0259nc\u0259d\u0259ki x\u0259st\u0259xanaya yerl\u0259\u015fdir\u0259 bilm\u0259dik. Qazaxdak\u0131 x\u0259st\u0259xanaya g\u00f6nd\u0259rdil\u0259r, \u00e7\u00fcnki regionald\u0131r. Ayda bir d\u0259f\u0259 gedir\u0259m. Ged\u0259nd\u0259 d\u0259 g\u00f6r\u00fc\u015f ota\u011f\u0131nda el\u0259 davran\u0131\u015f g\u00f6r\u00fcr\u0259m ki, n\u00f6vb\u0259ti bir ayda \u2013 g\u00f6r\u00fc\u015f vaxt\u0131 \u00e7atana q\u0259d\u0259r nigaran qal\u0131ram. Fikirl\u0259\u015fir\u0259m ki, g\u00f6r\u0259s\u0259n ba\u015f\u0131na n\u0259 g\u0259ldi.\n<\/p>\n<figure class=\"wp-block-image size-large\">\n  <img decoding=\"async\" src=\"https:\/\/www.meydan.tv\/az\/untitled-design-4-png-12\/\" alt=\"Untitled design (4).png\" class=\"wp-image-152336\"\/><figcaption>\n    \u0130lham S\u0259m\u0259dov<br \/>\n  <\/figcaption><\/figure>\n<p>\n  Demir\u0259m ki, yem\u0259k vermirl\u0259r, ac saxlay\u0131rlar. Ged\u0259nd\u0259 ev yem\u0259yi d\u0259 apar\u0131ram. Sad\u0259c\u0259, \u00e7ox insafs\u0131z davran\u0131\u015f g\u00f6r\u00fcr\u0259m. Qat\u0131 cinay\u0259tkarla el\u0259 davranm\u0131rlar he\u00e7. Be\u015f d\u0259qiq\u0259 vaxt vermir ki, hal-\u0259hval tutum, yem\u0259yini yedirim, v\u0259ziyy\u0259tind\u0259n x\u0259b\u0259rdar olum. Yar\u0131m saat vaxt\u0131m\u0131z olmur ki, bac\u0131-qarda\u015f h\u0259ms\u00f6hb\u0259t olaq, d\u0259rdini desin m\u0259n\u0259. Tam anlaqs\u0131z deyil, a\u011fl\u0131 gedib-g\u0259lir. A\u011flay\u0131b yalvar\u0131r ki, m\u0259n\u0259 yem\u0259k g\u0259tirm\u0259, K\u0259mal\u0259 xan\u0131m m\u0259n\u0259 g\u00fcn vermir. \u00d6z yan\u0131mda o c\u00fcr davranan, g\u00f6r\u00fcn m\u0259n olmayanda n\u0259 edir&#8230;\u201d\n<\/p>\n<p>\n  <b><br \/>\n    \u201cN\u0259 q\u0259d\u0259r dedim ki, bel\u0259 el\u0259m\u0259yin, yaz\u0131qd\u0131, xeyri olmad\u0131&#8230;\u201d<br \/>\n  <\/b>\n<\/p>\n<p>\n  Sevil S\u0259m\u0259dova K\u0259mal\u0259 adl\u0131 tibb i\u015f\u00e7isi il\u0259 dil tapma\u011fa \u00e7al\u0131\u015fd\u0131\u011f\u0131n\u0131 deyir. Onun s\u00f6zl\u0259rin\u0259 g\u00f6r\u0259, he\u00e7 c\u00fcr anla\u015fa bilm\u0259yibl\u0259r: \u201c\u0130zah el\u0259y\u0259 bilm\u0259dim ki, bunu onsuz da Allah b\u0259db\u0259xt el\u0259yib, s\u0259n ondan n\u0259 ist\u0259yirs\u0259n? M\u0259nim yan\u0131mda a\u011fz\u0131na g\u0259l\u0259ni deyir. Deyir\u0259m ki, m\u0259nim yan\u0131mda bu c\u00fcr davran\u0131rsansa, t\u0259s\u0259vv\u00fcr edir\u0259m ki, m\u0259n ged\u0259nd\u0259n sonra ba\u015f\u0131na n\u0259 oyun g\u0259tirirsiz. N\u0259 q\u0259d\u0259r dedim ki, bel\u0259 el\u0259m\u0259yin, yaz\u0131qd\u0131, insand\u0131, xeyri olmad\u0131. Heyvanla el\u0259 davranmazlar. Deyir ki, m\u0259n\u0259 a\u011fz\u0131na g\u0259l\u0259ni deyir. Deyir\u0259m, bu adamla niy\u0259 bel\u0259 davran\u0131rsan? Yem\u0259yini niy\u0259 vermirs\u0259n? M\u0259nim qarda\u015flar\u0131m bu \u00f6lk\u0259nin u\u011frunda bel\u0259 olub. Ona qar\u015f\u0131 davran\u0131\u015fdan naraz\u0131yam. Bel\u0259 m\u00fcnasib\u0259t\u0259 layiq deyilik\u201d.\n<\/p>\n<figure class=\"wp-block-image size-large\">\n  <img decoding=\"async\" src=\"https:\/\/www.meydan.tv\/az\/untitled-design-3-png-22\/\" alt=\"Untitled design (3).png\" class=\"wp-image-152330\"\/><figcaption>\n    R\u00f6v\u015f\u0259n S\u0259m\u0259dov<br \/>\n  <\/figcaption><\/figure>\n<p>\n  <b><br \/>\n    \u201cN\u0259 g\u00f6r\u00fc\u015f veririk, n\u0259 d\u0259 \u0259rzaq q\u0259bul el\u0259yirik\u201d<br \/>\n  <\/b>\n<\/p>\n<p>\n  Qazax Rayonlarars\u0131 Ruhi X\u0259st\u0259xanas\u0131n\u0131n ba\u015f h\u0259kimi Ramiz Mansurov Meydan TV-y\u0259 a\u00e7\u0131qlamas\u0131nda orada saxlan\u0131lan x\u0259st\u0259l\u0259r\u0259 qar\u015f\u0131 pis davran\u0131\u015f haqda iddialarla raz\u0131la\u015fmay\u0131b: \u201cK\u0259mal\u0259 xan\u0131m x\u0259st\u0259l\u0259ri onlar\u0131n yax\u0131nlar\u0131 il\u0259 g\u00f6r\u00fc\u015fd\u00fcr\u00fcr. \u018fvv\u0259ll\u0259r yem\u0259k d\u0259 verirdi. X\u0259st\u0259xanan\u0131n \u00f6z\u00fcnd\u0259 h\u0259r \u015fey var. Kimins\u0259 k\u0259nardan n\u0259s\u0259 g\u0259tirm\u0259sin\u0259 ehtiyac yoxdu. Karantin g\u00fcnl\u0259rind\u0259 n\u0259 g\u00f6r\u00fc\u015f veririk, n\u0259 d\u0259 \u0259rzaq q\u0259bul el\u0259yirik. Bununla ba\u011fl\u0131 naraz\u0131l\u0131q \u00e7oxdu v\u0259 ola bil\u0259r\u201d.<\/p>\n","protected":false},"excerpt":{"rendered":"<p>&#8220;Heyvanla el\u0259 davranmazlar&#8221;<\/p>\n","protected":false},"author":11,"featured_media":152339,"comment_status":"closed","ping_status":"open","sticky":false,"template":"","format":"standard","meta":{"_acf_changed":false,"_sitemap_exclude":false,"_sitemap_priority":"","_sitemap_frequency":"","footnotes":""},"categories":[60],"tags":[],"class_list":["post-203827","post","type-post","status-publish","format-standard","has-post-thumbnail","hentry","category-bolge","infinite-scroll-item","generate-columns","tablet-grid-50","mobile-grid-100","grid-parent","grid-33","no-featured-image-padding"],"acf":[],"yoast_head":"<!-- This site is optimized with the Yoast SEO plugin v27.5 - https:\/\/yoast.com\/product\/yoast-seo-wordpress\/ -->\n<title>G\u0259nc\u0259 sakini: Bir qarda\u015f\u0131m \u015f\u0259hid oldu, o biri d\u0259 meyiti g\u00f6r\u00fcb havaland\u0131... - MEYDAN.TV<\/title>\n<meta name=\"robots\" content=\"index, follow, max-snippet:-1, max-image-preview:large, max-video-preview:-1\" \/>\n<link rel=\"canonical\" href=\"https:\/\/www.meydan.tv\/az\/article\/gence-sakini-bir-qardasim-sehid-oldu-o-biri-de-meyiti-gorub-havalandi\/\" \/>\n<meta property=\"og:locale\" content=\"az_AZ\" \/>\n<meta property=\"og:type\" content=\"article\" \/>\n<meta property=\"og:title\" content=\"G\u0259nc\u0259 sakini: Bir qarda\u015f\u0131m \u015f\u0259hid oldu, o biri d\u0259 meyiti g\u00f6r\u00fcb havaland\u0131... - MEYDAN.TV\" \/>\n<meta property=\"og:description\" content=\"&quot;Heyvanla el\u0259 davranmazlar&quot;\" \/>\n<meta property=\"og:url\" content=\"https:\/\/www.meydan.tv\/az\/article\/gence-sakini-bir-qardasim-sehid-oldu-o-biri-de-meyiti-gorub-havalandi\/\" \/>\n<meta property=\"og:site_name\" content=\"MEYDAN.TV\" \/>\n<meta property=\"article:published_time\" content=\"2020-11-30T12:12:26+00:00\" \/>\n<meta property=\"og:image\" content=\"https:\/\/www.meydan.tv\/wp-content\/uploads\/untitled_design_5_ez8cdnj.png\" \/>\n\t<meta property=\"og:image:width\" content=\"1920\" \/>\n\t<meta property=\"og:image:height\" content=\"1080\" \/>\n\t<meta property=\"og:image:type\" content=\"image\/png\" \/>\n<meta name=\"author\" content=\"user-manager\" \/>\n<meta name=\"twitter:card\" content=\"summary_large_image\" \/>\n<script type=\"application\/ld+json\" class=\"yoast-schema-graph\">{\"@context\":\"https:\\\/\\\/schema.org\",\"@graph\":[{\"@type\":\"Article\",\"@id\":\"https:\\\/\\\/www.meydan.tv\\\/az\\\/article\\\/gence-sakini-bir-qardasim-sehid-oldu-o-biri-de-meyiti-gorub-havalandi\\\/#article\",\"isPartOf\":{\"@id\":\"https:\\\/\\\/www.meydan.tv\\\/az\\\/article\\\/gence-sakini-bir-qardasim-sehid-oldu-o-biri-de-meyiti-gorub-havalandi\\\/\"},\"author\":{\"name\":\"user-manager\",\"@id\":\"https:\\\/\\\/www.meydan.tv\\\/az\\\/#\\\/schema\\\/person\\\/10d11eccf6da3662cf5fdab9806ea91a\"},\"headline\":\"G\u0259nc\u0259 sakini: Bir qarda\u015f\u0131m \u015f\u0259hid oldu, o biri d\u0259 meyiti g\u00f6r\u00fcb havaland\u0131&#8230;\",\"datePublished\":\"2020-11-30T12:12:26+00:00\",\"mainEntityOfPage\":{\"@id\":\"https:\\\/\\\/www.meydan.tv\\\/az\\\/article\\\/gence-sakini-bir-qardasim-sehid-oldu-o-biri-de-meyiti-gorub-havalandi\\\/\"},\"wordCount\":856,\"publisher\":{\"@id\":\"https:\\\/\\\/www.meydan.tv\\\/az\\\/#organization\"},\"image\":{\"@id\":\"https:\\\/\\\/www.meydan.tv\\\/az\\\/article\\\/gence-sakini-bir-qardasim-sehid-oldu-o-biri-de-meyiti-gorub-havalandi\\\/#primaryimage\"},\"thumbnailUrl\":\"https:\\\/\\\/www.meydan.tv\\\/wp-content\\\/uploads\\\/untitled_design_5_ez8cdnj.png\",\"articleSection\":[\"B\u00f6lg\u0259\"],\"inLanguage\":\"az\"},{\"@type\":\"WebPage\",\"@id\":\"https:\\\/\\\/www.meydan.tv\\\/az\\\/article\\\/gence-sakini-bir-qardasim-sehid-oldu-o-biri-de-meyiti-gorub-havalandi\\\/\",\"url\":\"https:\\\/\\\/www.meydan.tv\\\/az\\\/article\\\/gence-sakini-bir-qardasim-sehid-oldu-o-biri-de-meyiti-gorub-havalandi\\\/\",\"name\":\"G\u0259nc\u0259 sakini: Bir qarda\u015f\u0131m \u015f\u0259hid oldu, o biri d\u0259 meyiti g\u00f6r\u00fcb havaland\u0131... - MEYDAN.TV\",\"isPartOf\":{\"@id\":\"https:\\\/\\\/www.meydan.tv\\\/az\\\/#website\"},\"primaryImageOfPage\":{\"@id\":\"https:\\\/\\\/www.meydan.tv\\\/az\\\/article\\\/gence-sakini-bir-qardasim-sehid-oldu-o-biri-de-meyiti-gorub-havalandi\\\/#primaryimage\"},\"image\":{\"@id\":\"https:\\\/\\\/www.meydan.tv\\\/az\\\/article\\\/gence-sakini-bir-qardasim-sehid-oldu-o-biri-de-meyiti-gorub-havalandi\\\/#primaryimage\"},\"thumbnailUrl\":\"https:\\\/\\\/www.meydan.tv\\\/wp-content\\\/uploads\\\/untitled_design_5_ez8cdnj.png\",\"datePublished\":\"2020-11-30T12:12:26+00:00\",\"breadcrumb\":{\"@id\":\"https:\\\/\\\/www.meydan.tv\\\/az\\\/article\\\/gence-sakini-bir-qardasim-sehid-oldu-o-biri-de-meyiti-gorub-havalandi\\\/#breadcrumb\"},\"inLanguage\":\"az\",\"potentialAction\":[{\"@type\":\"ReadAction\",\"target\":[\"https:\\\/\\\/www.meydan.tv\\\/az\\\/article\\\/gence-sakini-bir-qardasim-sehid-oldu-o-biri-de-meyiti-gorub-havalandi\\\/\"]}]},{\"@type\":\"ImageObject\",\"inLanguage\":\"az\",\"@id\":\"https:\\\/\\\/www.meydan.tv\\\/az\\\/article\\\/gence-sakini-bir-qardasim-sehid-oldu-o-biri-de-meyiti-gorub-havalandi\\\/#primaryimage\",\"url\":\"https:\\\/\\\/www.meydan.tv\\\/wp-content\\\/uploads\\\/untitled_design_5_ez8cdnj.png\",\"contentUrl\":\"https:\\\/\\\/www.meydan.tv\\\/wp-content\\\/uploads\\\/untitled_design_5_ez8cdnj.png\",\"width\":1920,\"height\":1080,\"caption\":\"Source: Specify Source\"},{\"@type\":\"BreadcrumbList\",\"@id\":\"https:\\\/\\\/www.meydan.tv\\\/az\\\/article\\\/gence-sakini-bir-qardasim-sehid-oldu-o-biri-de-meyiti-gorub-havalandi\\\/#breadcrumb\",\"itemListElement\":[{\"@type\":\"ListItem\",\"position\":1,\"name\":\"Ana s\u0259hif\u0259\",\"item\":\"https:\\\/\\\/www.meydan.tv\\\/az\\\/\"},{\"@type\":\"ListItem\",\"position\":2,\"name\":\"B\u00f6lg\u0259\",\"item\":\"https:\\\/\\\/www.meydan.tv\\\/az\\\/section\\\/bolge\\\/\"},{\"@type\":\"ListItem\",\"position\":3,\"name\":\"G\u0259nc\u0259 sakini: Bir qarda\u015f\u0131m \u015f\u0259hid oldu, o biri d\u0259 meyiti g\u00f6r\u00fcb havaland\u0131&#8230;\"}]},{\"@type\":\"WebSite\",\"@id\":\"https:\\\/\\\/www.meydan.tv\\\/az\\\/#website\",\"url\":\"https:\\\/\\\/www.meydan.tv\\\/az\\\/\",\"name\":\"MEYDAN.TV\",\"description\":\"Meydan TV Az\u0259rbaycan\u0131n media m\u0259kan\u0131ndak\u0131 alternativ s\u0259sidir\",\"publisher\":{\"@id\":\"https:\\\/\\\/www.meydan.tv\\\/az\\\/#organization\"},\"potentialAction\":[{\"@type\":\"SearchAction\",\"target\":{\"@type\":\"EntryPoint\",\"urlTemplate\":\"https:\\\/\\\/www.meydan.tv\\\/az\\\/?s={search_term_string}\"},\"query-input\":{\"@type\":\"PropertyValueSpecification\",\"valueRequired\":true,\"valueName\":\"search_term_string\"}}],\"inLanguage\":\"az\"},{\"@type\":\"Organization\",\"@id\":\"https:\\\/\\\/www.meydan.tv\\\/az\\\/#organization\",\"name\":\"Meydan TV\",\"url\":\"https:\\\/\\\/www.meydan.tv\\\/az\\\/\",\"logo\":{\"@type\":\"ImageObject\",\"inLanguage\":\"az\",\"@id\":\"https:\\\/\\\/www.meydan.tv\\\/az\\\/#\\\/schema\\\/logo\\\/image\\\/\",\"url\":\"https:\\\/\\\/www.meydan.tv\\\/wp-content\\\/uploads\\\/2021\\\/07\\\/meydan-logo.svg\",\"contentUrl\":\"https:\\\/\\\/www.meydan.tv\\\/wp-content\\\/uploads\\\/2021\\\/07\\\/meydan-logo.svg\",\"width\":195,\"height\":46,\"caption\":\"Meydan TV\"},\"image\":{\"@id\":\"https:\\\/\\\/www.meydan.tv\\\/az\\\/#\\\/schema\\\/logo\\\/image\\\/\"}},{\"@type\":\"Person\",\"@id\":\"https:\\\/\\\/www.meydan.tv\\\/az\\\/#\\\/schema\\\/person\\\/10d11eccf6da3662cf5fdab9806ea91a\",\"name\":\"user-manager\"}]}<\/script>\n<!-- \/ Yoast SEO plugin. -->","yoast_head_json":{"title":"G\u0259nc\u0259 sakini: Bir qarda\u015f\u0131m \u015f\u0259hid oldu, o biri d\u0259 meyiti g\u00f6r\u00fcb havaland\u0131... - MEYDAN.TV","robots":{"index":"index","follow":"follow","max-snippet":"max-snippet:-1","max-image-preview":"max-image-preview:large","max-video-preview":"max-video-preview:-1"},"canonical":"https:\/\/www.meydan.tv\/az\/article\/gence-sakini-bir-qardasim-sehid-oldu-o-biri-de-meyiti-gorub-havalandi\/","og_locale":"az_AZ","og_type":"article","og_title":"G\u0259nc\u0259 sakini: Bir qarda\u015f\u0131m \u015f\u0259hid oldu, o biri d\u0259 meyiti g\u00f6r\u00fcb havaland\u0131... - MEYDAN.TV","og_description":"\"Heyvanla el\u0259 davranmazlar\"","og_url":"https:\/\/www.meydan.tv\/az\/article\/gence-sakini-bir-qardasim-sehid-oldu-o-biri-de-meyiti-gorub-havalandi\/","og_site_name":"MEYDAN.TV","article_published_time":"2020-11-30T12:12:26+00:00","og_image":[{"width":1920,"height":1080,"url":"https:\/\/www.meydan.tv\/wp-content\/uploads\/untitled_design_5_ez8cdnj.png","type":"image\/png"}],"author":"user-manager","twitter_card":"summary_large_image","schema":{"@context":"https:\/\/schema.org","@graph":[{"@type":"Article","@id":"https:\/\/www.meydan.tv\/az\/article\/gence-sakini-bir-qardasim-sehid-oldu-o-biri-de-meyiti-gorub-havalandi\/#article","isPartOf":{"@id":"https:\/\/www.meydan.tv\/az\/article\/gence-sakini-bir-qardasim-sehid-oldu-o-biri-de-meyiti-gorub-havalandi\/"},"author":{"name":"user-manager","@id":"https:\/\/www.meydan.tv\/az\/#\/schema\/person\/10d11eccf6da3662cf5fdab9806ea91a"},"headline":"G\u0259nc\u0259 sakini: Bir qarda\u015f\u0131m \u015f\u0259hid oldu, o biri d\u0259 meyiti g\u00f6r\u00fcb havaland\u0131&#8230;","datePublished":"2020-11-30T12:12:26+00:00","mainEntityOfPage":{"@id":"https:\/\/www.meydan.tv\/az\/article\/gence-sakini-bir-qardasim-sehid-oldu-o-biri-de-meyiti-gorub-havalandi\/"},"wordCount":856,"publisher":{"@id":"https:\/\/www.meydan.tv\/az\/#organization"},"image":{"@id":"https:\/\/www.meydan.tv\/az\/article\/gence-sakini-bir-qardasim-sehid-oldu-o-biri-de-meyiti-gorub-havalandi\/#primaryimage"},"thumbnailUrl":"https:\/\/www.meydan.tv\/wp-content\/uploads\/untitled_design_5_ez8cdnj.png","articleSection":["B\u00f6lg\u0259"],"inLanguage":"az"},{"@type":"WebPage","@id":"https:\/\/www.meydan.tv\/az\/article\/gence-sakini-bir-qardasim-sehid-oldu-o-biri-de-meyiti-gorub-havalandi\/","url":"https:\/\/www.meydan.tv\/az\/article\/gence-sakini-bir-qardasim-sehid-oldu-o-biri-de-meyiti-gorub-havalandi\/","name":"G\u0259nc\u0259 sakini: Bir qarda\u015f\u0131m \u015f\u0259hid oldu, o biri d\u0259 meyiti g\u00f6r\u00fcb havaland\u0131... - MEYDAN.TV","isPartOf":{"@id":"https:\/\/www.meydan.tv\/az\/#website"},"primaryImageOfPage":{"@id":"https:\/\/www.meydan.tv\/az\/article\/gence-sakini-bir-qardasim-sehid-oldu-o-biri-de-meyiti-gorub-havalandi\/#primaryimage"},"image":{"@id":"https:\/\/www.meydan.tv\/az\/article\/gence-sakini-bir-qardasim-sehid-oldu-o-biri-de-meyiti-gorub-havalandi\/#primaryimage"},"thumbnailUrl":"https:\/\/www.meydan.tv\/wp-content\/uploads\/untitled_design_5_ez8cdnj.png","datePublished":"2020-11-30T12:12:26+00:00","breadcrumb":{"@id":"https:\/\/www.meydan.tv\/az\/article\/gence-sakini-bir-qardasim-sehid-oldu-o-biri-de-meyiti-gorub-havalandi\/#breadcrumb"},"inLanguage":"az","potentialAction":[{"@type":"ReadAction","target":["https:\/\/www.meydan.tv\/az\/article\/gence-sakini-bir-qardasim-sehid-oldu-o-biri-de-meyiti-gorub-havalandi\/"]}]},{"@type":"ImageObject","inLanguage":"az","@id":"https:\/\/www.meydan.tv\/az\/article\/gence-sakini-bir-qardasim-sehid-oldu-o-biri-de-meyiti-gorub-havalandi\/#primaryimage","url":"https:\/\/www.meydan.tv\/wp-content\/uploads\/untitled_design_5_ez8cdnj.png","contentUrl":"https:\/\/www.meydan.tv\/wp-content\/uploads\/untitled_design_5_ez8cdnj.png","width":1920,"height":1080,"caption":"Source: Specify Source"},{"@type":"BreadcrumbList","@id":"https:\/\/www.meydan.tv\/az\/article\/gence-sakini-bir-qardasim-sehid-oldu-o-biri-de-meyiti-gorub-havalandi\/#breadcrumb","itemListElement":[{"@type":"ListItem","position":1,"name":"Ana s\u0259hif\u0259","item":"https:\/\/www.meydan.tv\/az\/"},{"@type":"ListItem","position":2,"name":"B\u00f6lg\u0259","item":"https:\/\/www.meydan.tv\/az\/section\/bolge\/"},{"@type":"ListItem","position":3,"name":"G\u0259nc\u0259 sakini: Bir qarda\u015f\u0131m \u015f\u0259hid oldu, o biri d\u0259 meyiti g\u00f6r\u00fcb havaland\u0131&#8230;"}]},{"@type":"WebSite","@id":"https:\/\/www.meydan.tv\/az\/#website","url":"https:\/\/www.meydan.tv\/az\/","name":"MEYDAN.TV","description":"Meydan TV Az\u0259rbaycan\u0131n media m\u0259kan\u0131ndak\u0131 alternativ s\u0259sidir","publisher":{"@id":"https:\/\/www.meydan.tv\/az\/#organization"},"potentialAction":[{"@type":"SearchAction","target":{"@type":"EntryPoint","urlTemplate":"https:\/\/www.meydan.tv\/az\/?s={search_term_string}"},"query-input":{"@type":"PropertyValueSpecification","valueRequired":true,"valueName":"search_term_string"}}],"inLanguage":"az"},{"@type":"Organization","@id":"https:\/\/www.meydan.tv\/az\/#organization","name":"Meydan TV","url":"https:\/\/www.meydan.tv\/az\/","logo":{"@type":"ImageObject","inLanguage":"az","@id":"https:\/\/www.meydan.tv\/az\/#\/schema\/logo\/image\/","url":"https:\/\/www.meydan.tv\/wp-content\/uploads\/2021\/07\/meydan-logo.svg","contentUrl":"https:\/\/www.meydan.tv\/wp-content\/uploads\/2021\/07\/meydan-logo.svg","width":195,"height":46,"caption":"Meydan TV"},"image":{"@id":"https:\/\/www.meydan.tv\/az\/#\/schema\/logo\/image\/"}},{"@type":"Person","@id":"https:\/\/www.meydan.tv\/az\/#\/schema\/person\/10d11eccf6da3662cf5fdab9806ea91a","name":"user-manager"}]}},"_links":{"self":[{"href":"https:\/\/www.meydan.tv\/az\/wp-json\/wp\/v2\/posts\/203827","targetHints":{"allow":["GET"]}}],"collection":[{"href":"https:\/\/www.meydan.tv\/az\/wp-json\/wp\/v2\/posts"}],"about":[{"href":"https:\/\/www.meydan.tv\/az\/wp-json\/wp\/v2\/types\/post"}],"author":[{"embeddable":true,"href":"https:\/\/www.meydan.tv\/az\/wp-json\/wp\/v2\/users\/11"}],"replies":[{"embeddable":true,"href":"https:\/\/www.meydan.tv\/az\/wp-json\/wp\/v2\/comments?post=203827"}],"version-history":[{"count":0,"href":"https:\/\/www.meydan.tv\/az\/wp-json\/wp\/v2\/posts\/203827\/revisions"}],"wp:featuredmedia":[{"embeddable":true,"href":"https:\/\/www.meydan.tv\/az\/wp-json\/wp\/v2\/media\/152339"}],"wp:attachment":[{"href":"https:\/\/www.meydan.tv\/az\/wp-json\/wp\/v2\/media?parent=203827"}],"wp:term":[{"taxonomy":"category","embeddable":true,"href":"https:\/\/www.meydan.tv\/az\/wp-json\/wp\/v2\/categories?post=203827"},{"taxonomy":"post_tag","embeddable":true,"href":"https:\/\/www.meydan.tv\/az\/wp-json\/wp\/v2\/tags?post=203827"}],"curies":[{"name":"wp","href":"https:\/\/api.w.org\/{rel}","templated":true}]}}