{"id":203825,"date":"2020-11-30T11:31:33","date_gmt":"2020-11-30T11:31:33","guid":{"rendered":"https:\/\/www.meydan.tv\/article\/qazax-sakini-meni-ise-goturmeye-qorxurlar-ki-icra-bascisinin-qezebine-tus-gelerler\/"},"modified":"2020-11-30T11:31:33","modified_gmt":"2020-11-30T11:31:33","slug":"qazax-sakini-meni-ise-goturmeye-qorxurlar-ki-icra-bascisinin-qezebine-tus-gelerler","status":"publish","type":"post","link":"https:\/\/www.meydan.tv\/az\/article\/qazax-sakini-meni-ise-goturmeye-qorxurlar-ki-icra-bascisinin-qezebine-tus-gelerler\/","title":{"rendered":"Qazax sakini: M\u0259ni i\u015f\u0259 g\u00f6t\u00fcrm\u0259y\u0259 qorxurlar ki, icra ba\u015f\u00e7\u0131s\u0131n\u0131n q\u0259z\u0259bin\u0259 tu\u015f g\u0259l\u0259rl\u0259r"},"content":{"rendered":"<p>\n  <i><br \/>\n    \u201cBel\u0259 q\u0259na\u0259t\u0259 g\u0259ldim ki, ba\u015f\u00e7\u0131 kollecd\u0259ki xan\u0131mla ba\u011fl\u0131 yaranan m\u0259s\u0259l\u0259ni \u00f6z\u00fcn\u0259 h\u00f6rm\u0259tsizlik kimi q\u0259bul edib\u201d<br \/>\n  <\/i>\n<\/p>\n<p>\n  \u201c2017-ci il iyunun 16-dan, Qazax D\u00f6vl\u0259t Sosial-\u0130qtisadi Kollecind\u0259 t\u0259dris i\u015fl\u0259ri \u00fczr\u0259 direktor m\u00fcavini v\u0259zif\u0259sind\u0259 i\u015fl\u0259y\u0259n g\u00fcnd\u0259n direktor El\u015fad Quliyev m\u0259n\u0259 deyirdi ki, icra ba\u015f\u00e7\u0131s\u0131n\u0131n s\u0259ninl\u0259 i\u015fl\u0259m\u0259k ist\u0259yi yoxdur, \u00f6z\u00fcn\u00fc tap\u015f\u0131rtd\u0131r. Ba\u015f\u00e7\u0131n\u0131n m\u0259ni ist\u0259m\u0259m\u0259yinin s\u0259b\u0259bini anlam\u0131rd\u0131m\u201d.\n<\/p>\n<p>\n  Qazax rayonu, Da\u015f Salah\u0131 k\u0259nd sakini Nicat G\u00f6y\u00fc\u015fl\u00fc bel\u0259 deyir. S\u00f6yl\u0259yir ki, kollecd\u0259 f\u0259aliyy\u0259t\u0259 ba\u015flad\u0131\u011f\u0131 ilk g\u00fcnl\u0259rd\u0259n yerli icra hakimiyy\u0259ti ba\u015f\u00e7\u0131s\u0131n\u0131n ona qar\u015f\u0131 m\u00fcnasib\u0259tinin birm\u0259nal\u0131 olmad\u0131\u011f\u0131n\u0131 hiss edib:\n<\/p>\n<p>\n  \u201cD\u00fcz\u00fc, s\u0259b\u0259b m\u0259n\u0259 d\u0259 qaranl\u0131q idi. H\u0259tta kollecd\u0259 i\u015fl\u0259y\u0259nd\u0259, b\u0259zi xo\u015fag\u0259lm\u0259z hallarla ba\u011fl\u0131 ba\u015f\u00e7\u0131 il\u0259 g\u00f6r\u00fc\u015fm\u0259k ist\u0259yim al\u0131nm\u0131rd\u0131. T\u0259hsil Nazirliyin\u0259 yazandan sonra n\u0259hay\u0259t, icra ba\u015f\u00e7\u0131s\u0131 il\u0259 g\u00f6r\u00fc\u015fd\u00fcm. Dedi ki, s\u0259n m\u0259n\u0259 yanl\u0131\u015f formada t\u0259qdim olunmu\u015fdun. Bununla da R\u0259c\u0259b Baba\u015fovun m\u0259n\u0259 qar\u015f\u0131 m\u00fcnasib\u0259ti d\u00fcz\u0259ldi. Bu v\u0259ziyy\u0259t Mikay\u0131l Cabbarov T\u0259hsil naziri v\u0259zif\u0259sind\u0259n ged\u0259n\u0259 kimi davam etdi. Nazir postunda d\u0259yi\u015fiklik ba\u015f ver\u0259nd\u0259n sonra kollecd\u0259 m\u0259n\u0259 qar\u015f\u0131 basq\u0131lar yen\u0259 ba\u015flad\u0131. Bununla ba\u011fl\u0131 d\u0259f\u0259l\u0259rl\u0259 icra hakimiyy\u0259tin\u0259 m\u00fcraci\u0259t etdim, ba\u015f\u00e7\u0131n\u0131n q\u0259buluna d\u00fc\u015fm\u0259k ist\u0259dim. Dedil\u0259r ki, ba\u015f\u00e7\u0131 s\u0259ninl\u0259 g\u00f6r\u00fc\u015fm\u0259k ist\u0259mir\u201d.\n<\/p>\n<p>\n  \u015eikay\u0259t\u00e7i bu ilin avqustunda icra ba\u015f\u00e7\u0131s\u0131na m\u0259ktubla m\u00fcraci\u0259t edib. Yaranm\u0131\u015f anla\u015f\u0131lmazl\u0131\u011fa ayd\u0131nl\u0131q g\u0259tirm\u0259k ist\u0259yib:\n<\/p>\n<p>\n  \u201cBa\u015f\u00e7\u0131ya yazd\u0131\u011f\u0131m m\u0259ktubuma m\u00fcavini G\u00fclay\u0259 H\u0259s\u0259nova cavab verib. Bildirib ki, m\u00fcvafiq orqanlar ara\u015fd\u0131rma apar\u0131b, m\u0259nim kollecd\u0259 qanunsuzluq fakt\u0131 kimi ortaya \u00e7\u0131xard\u0131\u011f\u0131m m\u0259s\u0259l\u0259l\u0259rin b\u00f6htan oldu\u011fu s\u00fcbut<br \/>\n  <a href=\"https:\/\/d9mc3ts4czbpr.cloudfront.net\/ru\/article\/qazax-dovlet-sosial-iqtisadi-kollecindeki-ozbasinaliqlarla-bagli-tedbir-gorulsun\/\"><br \/>\n    edilib<br \/>\n  <\/a><br \/>\n  . Onda z\u0259hm\u0259t olmasa, h\u0259min cavablar\u0131n bir n\u00fcsx\u0259sini m\u0259n\u0259 v\u0259 ya ictimaiyy\u0259t\u0259 t\u0259qdim edin. M\u0259n d\u0259 o zaman m\u00fcvafiq orqanlar\u0131n h\u0259min ara\u015fd\u0131rman\u0131n z\u0259if apar\u0131ld\u0131\u011f\u0131n\u0131, hans\u0131 qanun pozuntular\u0131n\u0131n oldu\u011funu faktlarla s\u00fcbut edim, onlara yenid\u0259n ara\u015fd\u0131rmalar\u0131 \u00fc\u00e7\u00fcn d\u0259lill\u0259r verim. \u0130cra ba\u015f\u00e7\u0131s\u0131na m\u00fcrac\u0259tim kollecd\u0259 ba\u015f ver\u0259n qanun pozuntular\u0131 il\u0259 ba\u011fl\u0131 yox, R\u0259c\u0259b Baba\u015fovla aram\u0131zda yaranan anla\u015f\u0131lmazl\u0131\u011fa ayd\u0131nl\u0131q g\u0259tirm\u0259k idi. H\u0259m m\u00fcavinlik i\u015fim olsa, m\u00fcraci\u0259timi ona ed\u0259rdim. Kollec\u0259 g\u0259linc\u0259, Prezident \u0130lham \u018fliyevin qanunlar\u0131 pozan m\u0259murlarla ba\u011fl\u0131 d\u0259f\u0259l\u0259rl\u0259 s\u0259sl\u0259ndirdiyi fikirl\u0259r\u0259 arxalan\u0131b, oradak\u0131 \u00f6zba\u015f\u0131nal\u0131qlar\u0131 s\u00fcbut ed\u0259n faktlar\u0131 ictimail\u0259\u015fdirmi\u015f\u0259m v\u0259 buna davam ed\u0259c\u0259y\u0259m\u201d.\n<\/p>\n<p>\n  \u201c\u0130cra ba\u015f\u00e7\u0131s\u0131 m\u0259ni q\u0259bul edib dinl\u0259sin v\u0259 \u00f6z\u00fc m\u0259s\u0259l\u0259y\u0259 ayd\u0131nl\u0131q g\u0259tirsin. M\u0259n d\u0259 i\u015fimi bilim. Rayondak\u0131 idar\u0259l\u0259r\u0259 m\u00fcraci\u0259t edim ki, icra ba\u015f\u00e7\u0131s\u0131n\u0131n m\u0259niml\u0259 ba\u011fl\u0131 he\u00e7 bir problemi yoxdur, m\u0259ni i\u015f\u0259 g\u00f6t\u00fcr\u00fcn\u201d, &#8211; dey\u0259 \u015fikay\u0259t\u00e7i bildirir:\n<\/p>\n<p>\n  \u201cRayon idar\u0259l\u0259ri ehtiyat edirl\u0259r ki, Nicat G\u00f6y\u00fc\u015fl\u00fc haqq\u0131nda rayon icra hakimiyy\u0259ti ba\u015f\u00e7\u0131s\u0131n\u0131n fikri m\u0259nfidir. Onu i\u015f\u0259 g\u00f6t\u00fcrm\u0259kl\u0259 ba\u015f\u00e7\u0131n\u0131n q\u0259z\u0259bin\u0259 tu\u015f g\u0259l\u0259rik. Rayon icra hakimiyy\u0259tinin m\u0259niml\u0259 ba\u011fl\u0131 h\u0259r hans\u0131 problemi varm\u0131? Varsa, n\u0259y\u0259 g\u00f6r\u0259dir? Yoxdursa, bunu dem\u0259k laz\u0131md\u0131r, m\u0259n d\u0259 bir yerd\u0259 i\u015fl\u0259yim, ail\u0259mi saxlay\u0131m. M\u0259nim ist\u0259diyim x\u0131rda bir m\u0259s\u0259l\u0259dir. Gedim haradasa, laborant, statist, yaxud m\u00fc\u0259llim i\u015fl\u0259yim. 300-400 manatl\u0131q maa\u015fa da qane olacaq adamam. Amma buna da imkan vermirl\u0259r. M\u0259n\u0259 i\u015f tap\u0131b i\u015fl\u0259m\u0259y\u0259 imkan vermirl\u0259r. Ona g\u00f6r\u0259 d\u0259 ayd\u0131nla\u015fd\u0131rmaq ist\u0259yir\u0259m ki, ba\u015f\u00e7\u0131n\u0131n m\u0259nd\u0259n naraz\u0131 oldu\u011fu m\u0259qamlar hans\u0131lard\u0131r?\u201d\n<\/p>\n<p>\n  R\u0259c\u0259b Baba\u015fovla g\u00f6r\u00fc\u015fm\u0259y\u0259 nail olmayan Nicat G\u00f6y\u00fc\u015fl\u00fc onunla t\u0259masda olan adamlara m\u00fcraci\u0259t etm\u0259k q\u0259rar\u0131na g\u0259lib:\n<\/p>\n<p>\n  \u201cBir d\u0259f\u0259 h\u00f6rm\u0259tli adamlardan biri icra ba\u015f\u00e7\u0131s\u0131na yan\u0131mda m\u0259ni q\u0259bul etm\u0259si \u00fc\u00e7\u00fcn z\u0259ng vurmu\u015fdu. Ba\u015f\u00e7\u0131n\u0131n z\u0259ng ed\u0259n adama \u201cNicat G\u00f6y\u00fc\u015fl\u00fc bizim YAP-\u00e7\u0131 q\u0131z\u0131m\u0131za i\u015fl\u0259m\u0259y\u0259 imkan verm\u0259yib\u201d, &#8211; dediyini e\u015fitdim. S\u00f6hb\u0259t kollecd\u0259 \u015f\u00f6b\u0259 m\u00fcdiri i\u015fl\u0259y\u0259n bir xan\u0131mdan gedir. Bel\u0259 q\u0259na\u0259t\u0259 g\u0259ldim ki, ba\u015f\u00e7\u0131 h\u0259min xan\u0131mla ba\u011fl\u0131 yaranan m\u0259s\u0259l\u0259ni \u00f6z\u00fcn\u0259 h\u00f6rm\u0259tsizlik kimi q\u0259bul edib. \u00c7\u00fcnki ba\u015f\u00e7\u0131 \u00f6z\u00fc m\u0259n\u0259 h\u0259min xan\u0131m\u0131 n\u0259z\u0259rd\u0259 tutaraq, bir ne\u00e7\u0259 d\u0259f\u0259 demi\u015fdi ki, birg\u0259 i\u015fl\u0259yin. H\u0259min xan\u0131m\u0131n ad-soyad\u0131n\u0131 rayondak\u0131 mental d\u0259y\u0259rl\u0259ri n\u0259z\u0259r\u0259 alaraq a\u00e7\u0131qlamaq ist\u0259mir\u0259m. Bilirdim ki, ba\u015f\u00e7\u0131 h\u0259min i\u015f\u00e7iy\u0259 d\u0259y\u0259r verir, ona \u201cq\u0131z\u0131m\u201d deyirdi. H\u0259min xan\u0131mla da aram\u0131zdak\u0131 m\u0259s\u0259l\u0259 i\u015fd\u0259 yol verdiyi qanunsuzluq hal\u0131 il\u0259 ba\u011fl\u0131 idi. M\u0259zuniyy\u0259td\u0259yk\u0259n, r\u0259hb\u0259rliy\u0259 m\u0259lumat verm\u0259d\u0259n kollec\u0259 yeni q\u0259bul olan t\u0259l\u0259b\u0259l\u0259rin qeydiyyat\u0131n\u0131 aparm\u0131\u015fd\u0131\u201d.\n<\/p>\n<p>\n  Hadis\u0259ni t\u0259f\u0259rr\u00fcat\u0131 il\u0259 dan\u0131\u015fan \u015fikay\u0259t\u00e7i deyir ki, \u015f\u00f6b\u0259 m\u00fcdirin\u0259 qar\u015f\u0131 say\u011f\u0131s\u0131zl\u0131q etm\u0259yib. \u018fksin\u0259, kollecd\u0259 yarana bil\u0259c\u0259k qanun pozuntusunun qar\u015f\u0131s\u0131n\u0131 al\u0131b:\n<\/p>\n<p>\n  \u201c2018-ci ilin avqustun 1-d\u0259 kollecin direktor v\u0259zif\u0259sini m\u00fcv\u0259qq\u0259ti \u0259v\u0259z etdiyim vaxt h\u0259min xan\u0131m m\u0259n\u0259 m\u00fcraci\u0259t ed\u0259r\u0259k, m\u0259zuniyy\u0259t\u0259 \u00e7\u0131xmaq ist\u0259diyini bildirdi. M\u0259n d\u0259 \u0259riz\u0259sinin \u00fcst\u00fcn\u00fc yazd\u0131m, \u0259mrl\u0259\u015fdirdik, 32 g\u00fcnl\u00fck m\u0259zuniyy\u0259t\u0259 getdi. Bir m\u00fcdd\u0259t sonra y\u0259ni, avqustun 9-da kollec\u0259 daxil olan t\u0259l\u0259b\u0259l\u0259rin qeydiyyat\u0131 ba\u015flam\u0131\u015fd\u0131. H\u0259min g\u00fcn q\u0259bul komissiyas\u0131n\u0131n i\u015fin\u0259 n\u0259zar\u0259t etm\u0259kd\u0259n \u00f6tr\u00fc komp\u00fcteri kabinetimin giri\u015find\u0131ki otaqda yerl\u0259\u015fdirmi\u015fdim. Baxd\u0131m ki, saat art\u0131q 10-11-dir, lakin h\u0259l\u0259 d\u0259 bir n\u0259f\u0259r d\u0259 qeydiyyat \u00fc\u00e7\u00fcn yax\u0131nla\u015fmay\u0131b. \u00c7ox t\u0259\u0259cc\u00fcbl\u0259ndim. Maraqland\u0131m, m\u0259lum oldu ki, bu xan\u0131m m\u0259zuniyy\u0259t\u0259 \u00e7\u0131xd\u0131\u011f\u0131 halda, i\u015f\u0259 g\u0259l\u0259r\u0259k, yeni q\u0259bul olan t\u0259l\u0259b\u0259l\u0259rin qeydiyyat\u0131n\u0131 apar\u0131r. V\u0259ziyy\u0259ti bil\u0259nd\u0259n sonra onun ota\u011f\u0131na getdim v\u0259 soru\u015fdum ki, niy\u0259 icaz\u0259siz bel\u0259 add\u0131m at\u0131rs\u0131n\u0131z? \u00dcmumiyy\u0259tl\u0259, siz \u015fifr\u0259ni haradan bilirsiniz? \u015eifr\u0259l\u0259r D\u00f6vl\u0259t \u0130mtahan M\u0259rk\u0259zi t\u0259r\u0259find\u0259n n\u0259z\u0259rd\u0259 tutulmu\u015f adama verilir. O dedi ki, \u015fifr\u0259ni m\u0259n\u0259 direktorum verib v\u0259 t\u0259l\u0259b\u0259l\u0259rin qeydiyyat\u0131n\u0131 aparma\u011f\u0131 tap\u015f\u0131r\u0131b. M\u0259n d\u0259 cavab\u0131nda bildirdim ki, haz\u0131rda direktorun s\u0259lahiyy\u0259tl\u0259ri m\u0259nd\u0259 oldu\u011fu \u00fc\u00e7\u00fcn b\u00fct\u00fcn neqativ hallara cavabdehliyi d\u0259 m\u0259n da\u015f\u0131y\u0131ram. M\u0259n d\u0259 siz\u0259 bel\u0259 bir tap\u015f\u0131r\u0131q verm\u0259mi\u015f\u0259m. Xan\u0131ma dedim ki, siz s\u0259kkiz g\u00fcn \u00f6nc\u0259 \u0259riz\u0259 yazaraq m\u0259zuniyy\u0259t\u0259 \u00e7\u0131xm\u0131z\u0131n\u0131z. Xahi\u015f edir\u0259m, gedib istirah\u0259t ed\u0259siniz. T\u0259krar dedi ki, m\u0259n\u0259 El\u015fad m\u00fc\u0259llim tap\u015f\u0131r\u0131q verib. M\u0259n ona bir daha etiraz ed\u0259nd\u0259, dedi ki, sizd\u0259n rayon icra hakimiyy\u0259tin\u0259 \u015fikay\u0259t ed\u0259c\u0259y\u0259m. Do\u011frudan da, gedib m\u0259nd\u0259n icra hakimiyy\u0259tin\u0259 \u015fikay\u0259t etmi\u015fdi. Ba\u015f\u00e7\u0131n\u0131n m\u00fcavini G\u00fclay\u0259 H\u0259s\u0259nova m\u0259ni q\u0259bula \u00e7a\u011f\u0131rd\u0131. Getdim, m\u0259s\u0259l\u0259nin qanunla nec\u0259 t\u0259nziml\u0259ndiyini izah etdim, G\u00fclay\u0259 xan\u0131m da m\u0259n\u0259 dedi ki, m\u0259s\u0259l\u0259 ara\u015fd\u0131r\u0131lacaq. S\u00f6hb\u0259t bel\u0259 d\u0259 qald\u0131, ara\u015fd\u0131rman\u0131n n\u0259tic\u0259si il\u0259 ba\u011fl\u0131 cavab g\u0259lm\u0259di\u201d.\n<\/p>\n<p>\n  \u201cBu adam i\u015fl\u0259m\u0259k ist\u0259yirdis\u0259, niy\u0259 m\u0259zuniyy\u0259t\u0259 \u00e7\u0131x\u0131rd\u0131? \u00c7\u0131x\u0131bsa, niy\u0259 geri qay\u0131tmaq ist\u0259yir, \u00f6z\u00fc d\u0259 qeyri-qanuni formada? \u018fg\u0259r q\u0259fil rayonun icra hakimiyy\u0259tind\u0259n, yaxud T\u0259hsil Nazirliyind\u0259n g\u0259lib yoxlan\u0131\u015f aparsalar, nec\u0259 olacaqd\u0131?\u201d- dey\u0259 m\u00fcsahib bildirir:\n<\/p>\n<p>\n  \u201cH\u0259min hadis\u0259d\u0259n bir m\u00fcdd\u0259t sonra \u015f\u00f6b\u0259 m\u00fcdiri olan o xan\u0131mla i\u015fl\u0259 ba\u011fl\u0131 daha bir xo\u015fag\u0259lm\u0259z hal ya\u015fand\u0131. \u0130\u015f o yer\u0259 \u00e7atd\u0131 ki, xan\u0131m m\u0259ni \u0259n nalayiq ifad\u0259l\u0259rl\u0259 t\u0259hqir etdi. Bundan sonra rayon icra hakimiyy\u0259ti ba\u015f\u00e7\u0131s\u0131na m\u00fcraci\u0259t etdim ki, sizin d\u0259y\u0259r verdiyiniz adamd\u0131r. Bununla ba\u011fl\u0131 \u00f6l\u00e7\u00fc g\u00f6t\u00fcr\u00fcls\u00fcn, m\u0259n bura t\u0259hqir olunma\u011fa g\u0259lm\u0259mi\u015f\u0259m. Xan\u0131m oldu\u011fu \u00fc\u00e7\u00fcn polis\u0259, m\u0259hk\u0259m\u0259y\u0259 m\u00fcraci\u0259t etmir\u0259m. Bu t\u0259hsil m\u00fc\u0259ssis\u0259sinin ad\u0131n\u0131n hallanmas\u0131n\u0131n t\u0259r\u0259fdar\u0131 deyil\u0259m. \u0130st\u0259yir\u0259m ki, bu m\u0259s\u0259l\u0259 sakit formada h\u0259llini taps\u0131n. M\u0259n d\u0259 bu xan\u0131mdan ona g\u00f6r\u0259 icra ba\u015f\u00e7\u0131s\u0131na \u015fikay\u0259t etdim ki, h\u0259min xan\u0131ma d\u0259y\u0259r verdiyini, \u201cq\u0131z\u0131m\u201d dey\u0259 xitab etdiyini bilirdim. D\u00fc\u015f\u00fcnm\u00fc\u015fd\u00fcm ki, icra ba\u015f\u00e7\u0131s\u0131n\u0131n s\u00f6z\u00fcn\u00fc e\u015fid\u0259r. Bundan sonra m\u0259ni icra hakimiyy\u0259tin\u0259 \u00e7a\u011f\u0131rd\u0131lar ki, b\u0259s qad\u0131nla, q\u0131zla m\u00fcbariz\u0259 aparmaq laz\u0131m deyil. Amma ist\u0259s\u0259n, m\u0259hk\u0259m\u0259y\u0259 m\u00fcraci\u0259t ed\u0259 bil\u0259rs\u0259n. H\u0259r\u00e7\u0259n ki, biz bunu t\u00f6vsiy\u0259 etmirik. M\u0259n d\u0259 bildirdim ki, he\u00e7 kiml\u0259 m\u00fcbariz\u0259 aparm\u0131ram. Sad\u0259c\u0259 olaraq, ona deyin ki, m\u0259n\u0259 s\u00f6y\u00fc\u015f s\u00f6ym\u0259sin. Bu, d\u00fczg\u00fcn deyil. Bir m\u00fcdd\u0259t sonra is\u0259 m\u0259n \u0259riz\u0259 yazaraq kollecd\u0259n \u00e7\u0131xma\u011fa m\u0259cbur qald\u0131m. \u0130\u015fd\u0259n \u00e7\u0131xd\u0131\u011f\u0131m m\u00fcdd\u0259td\u0259n b\u0259ri is\u0259 ba\u015fqa bir idar\u0259d\u0259 i\u015fl\u0259 t\u0259min olunma\u011f\u0131m m\u00fc\u015fk\u00fcl\u0259 \u00e7evrilib\u201d.\n<\/p>\n<p>\n  Qazax D\u00f6vl\u0259t Sosial-\u0130qtisadi Kollecinin direktoru El\u015fad Quliyev m\u0259s\u0259l\u0259y\u0259 m\u00fcnasib\u0259t bildirm\u0259k ist\u0259m\u0259yib.\n<\/p>\n<p>\n  Qazax Rayon \u0130cra Hakimiyy\u0259ti ba\u015f\u00e7\u0131s\u0131n\u0131n m\u00fcaivini G\u00fclay\u0259 H\u0259s\u0259nova Meydan TV m\u00fcxbirinin sual\u0131n\u0131 cavabs\u0131z buraxaraq, telefonu s\u00f6nd\u00fcr\u00fcb.<\/p>\n","protected":false},"excerpt":{"rendered":"<p>R\u0259c\u0259b Baba\u015fovla g\u00f6r\u00fc\u015fm\u0259y\u0259 nail olmayan Nicat G\u00f6y\u00fc\u015fl\u00fc onunla t\u0259masda olan adamlara m\u00fcraci\u0259t etm\u0259k q\u0259rar\u0131na g\u0259lib<\/p>\n","protected":false},"author":11,"featured_media":152210,"comment_status":"closed","ping_status":"open","sticky":false,"template":"","format":"standard","meta":{"_acf_changed":false,"_sitemap_exclude":false,"_sitemap_priority":"","_sitemap_frequency":"","footnotes":""},"categories":[60],"tags":[],"class_list":["post-203825","post","type-post","status-publish","format-standard","has-post-thumbnail","hentry","category-bolge","infinite-scroll-item","generate-columns","tablet-grid-50","mobile-grid-100","grid-parent","grid-33","no-featured-image-padding"],"acf":[],"yoast_head":"<!-- This site is optimized with the Yoast SEO plugin v27.5 - https:\/\/yoast.com\/product\/yoast-seo-wordpress\/ -->\n<title>Qazax sakini: M\u0259ni i\u015f\u0259 g\u00f6t\u00fcrm\u0259y\u0259 qorxurlar ki, icra ba\u015f\u00e7\u0131s\u0131n\u0131n q\u0259z\u0259bin\u0259 tu\u015f g\u0259l\u0259rl\u0259r - MEYDAN.TV<\/title>\n<meta name=\"robots\" content=\"index, follow, max-snippet:-1, max-image-preview:large, max-video-preview:-1\" \/>\n<link rel=\"canonical\" href=\"https:\/\/www.meydan.tv\/az\/article\/qazax-sakini-meni-ise-goturmeye-qorxurlar-ki-icra-bascisinin-qezebine-tus-gelerler\/\" \/>\n<meta property=\"og:locale\" content=\"az_AZ\" \/>\n<meta property=\"og:type\" content=\"article\" \/>\n<meta property=\"og:title\" content=\"Qazax sakini: M\u0259ni i\u015f\u0259 g\u00f6t\u00fcrm\u0259y\u0259 qorxurlar ki, icra ba\u015f\u00e7\u0131s\u0131n\u0131n q\u0259z\u0259bin\u0259 tu\u015f g\u0259l\u0259rl\u0259r - MEYDAN.TV\" \/>\n<meta property=\"og:description\" content=\"R\u0259c\u0259b Baba\u015fovla g\u00f6r\u00fc\u015fm\u0259y\u0259 nail olmayan Nicat G\u00f6y\u00fc\u015fl\u00fc onunla t\u0259masda olan adamlara m\u00fcraci\u0259t etm\u0259k q\u0259rar\u0131na g\u0259lib\" \/>\n<meta property=\"og:url\" content=\"https:\/\/www.meydan.tv\/az\/article\/qazax-sakini-meni-ise-goturmeye-qorxurlar-ki-icra-bascisinin-qezebine-tus-gelerler\/\" \/>\n<meta property=\"og:site_name\" content=\"MEYDAN.TV\" \/>\n<meta property=\"article:published_time\" content=\"2020-11-30T11:31:33+00:00\" \/>\n<meta property=\"og:image\" content=\"https:\/\/www.meydan.tv\/wp-content\/uploads\/untitled_design_3_z6phl5f-1200x675.png\" \/>\n\t<meta property=\"og:image:width\" content=\"1200\" \/>\n\t<meta property=\"og:image:height\" content=\"675\" \/>\n\t<meta property=\"og:image:type\" content=\"image\/png\" \/>\n<meta name=\"author\" content=\"user-manager\" \/>\n<meta name=\"twitter:card\" content=\"summary_large_image\" \/>\n<script type=\"application\/ld+json\" class=\"yoast-schema-graph\">{\"@context\":\"https:\\\/\\\/schema.org\",\"@graph\":[{\"@type\":\"Article\",\"@id\":\"https:\\\/\\\/www.meydan.tv\\\/az\\\/article\\\/qazax-sakini-meni-ise-goturmeye-qorxurlar-ki-icra-bascisinin-qezebine-tus-gelerler\\\/#article\",\"isPartOf\":{\"@id\":\"https:\\\/\\\/www.meydan.tv\\\/az\\\/article\\\/qazax-sakini-meni-ise-goturmeye-qorxurlar-ki-icra-bascisinin-qezebine-tus-gelerler\\\/\"},\"author\":{\"name\":\"user-manager\",\"@id\":\"https:\\\/\\\/www.meydan.tv\\\/az\\\/#\\\/schema\\\/person\\\/10d11eccf6da3662cf5fdab9806ea91a\"},\"headline\":\"Qazax sakini: M\u0259ni i\u015f\u0259 g\u00f6t\u00fcrm\u0259y\u0259 qorxurlar ki, icra ba\u015f\u00e7\u0131s\u0131n\u0131n q\u0259z\u0259bin\u0259 tu\u015f g\u0259l\u0259rl\u0259r\",\"datePublished\":\"2020-11-30T11:31:33+00:00\",\"mainEntityOfPage\":{\"@id\":\"https:\\\/\\\/www.meydan.tv\\\/az\\\/article\\\/qazax-sakini-meni-ise-goturmeye-qorxurlar-ki-icra-bascisinin-qezebine-tus-gelerler\\\/\"},\"wordCount\":1868,\"publisher\":{\"@id\":\"https:\\\/\\\/www.meydan.tv\\\/az\\\/#organization\"},\"image\":{\"@id\":\"https:\\\/\\\/www.meydan.tv\\\/az\\\/article\\\/qazax-sakini-meni-ise-goturmeye-qorxurlar-ki-icra-bascisinin-qezebine-tus-gelerler\\\/#primaryimage\"},\"thumbnailUrl\":\"https:\\\/\\\/www.meydan.tv\\\/wp-content\\\/uploads\\\/untitled_design_3_z6phl5f.png\",\"articleSection\":[\"B\u00f6lg\u0259\"],\"inLanguage\":\"az\"},{\"@type\":\"WebPage\",\"@id\":\"https:\\\/\\\/www.meydan.tv\\\/az\\\/article\\\/qazax-sakini-meni-ise-goturmeye-qorxurlar-ki-icra-bascisinin-qezebine-tus-gelerler\\\/\",\"url\":\"https:\\\/\\\/www.meydan.tv\\\/az\\\/article\\\/qazax-sakini-meni-ise-goturmeye-qorxurlar-ki-icra-bascisinin-qezebine-tus-gelerler\\\/\",\"name\":\"Qazax sakini: M\u0259ni i\u015f\u0259 g\u00f6t\u00fcrm\u0259y\u0259 qorxurlar ki, icra ba\u015f\u00e7\u0131s\u0131n\u0131n q\u0259z\u0259bin\u0259 tu\u015f g\u0259l\u0259rl\u0259r - MEYDAN.TV\",\"isPartOf\":{\"@id\":\"https:\\\/\\\/www.meydan.tv\\\/az\\\/#website\"},\"primaryImageOfPage\":{\"@id\":\"https:\\\/\\\/www.meydan.tv\\\/az\\\/article\\\/qazax-sakini-meni-ise-goturmeye-qorxurlar-ki-icra-bascisinin-qezebine-tus-gelerler\\\/#primaryimage\"},\"image\":{\"@id\":\"https:\\\/\\\/www.meydan.tv\\\/az\\\/article\\\/qazax-sakini-meni-ise-goturmeye-qorxurlar-ki-icra-bascisinin-qezebine-tus-gelerler\\\/#primaryimage\"},\"thumbnailUrl\":\"https:\\\/\\\/www.meydan.tv\\\/wp-content\\\/uploads\\\/untitled_design_3_z6phl5f.png\",\"datePublished\":\"2020-11-30T11:31:33+00:00\",\"breadcrumb\":{\"@id\":\"https:\\\/\\\/www.meydan.tv\\\/az\\\/article\\\/qazax-sakini-meni-ise-goturmeye-qorxurlar-ki-icra-bascisinin-qezebine-tus-gelerler\\\/#breadcrumb\"},\"inLanguage\":\"az\",\"potentialAction\":[{\"@type\":\"ReadAction\",\"target\":[\"https:\\\/\\\/www.meydan.tv\\\/az\\\/article\\\/qazax-sakini-meni-ise-goturmeye-qorxurlar-ki-icra-bascisinin-qezebine-tus-gelerler\\\/\"]}]},{\"@type\":\"ImageObject\",\"inLanguage\":\"az\",\"@id\":\"https:\\\/\\\/www.meydan.tv\\\/az\\\/article\\\/qazax-sakini-meni-ise-goturmeye-qorxurlar-ki-icra-bascisinin-qezebine-tus-gelerler\\\/#primaryimage\",\"url\":\"https:\\\/\\\/www.meydan.tv\\\/wp-content\\\/uploads\\\/untitled_design_3_z6phl5f.png\",\"contentUrl\":\"https:\\\/\\\/www.meydan.tv\\\/wp-content\\\/uploads\\\/untitled_design_3_z6phl5f.png\",\"width\":1920,\"height\":1080,\"caption\":\"Source: Specify Source\"},{\"@type\":\"BreadcrumbList\",\"@id\":\"https:\\\/\\\/www.meydan.tv\\\/az\\\/article\\\/qazax-sakini-meni-ise-goturmeye-qorxurlar-ki-icra-bascisinin-qezebine-tus-gelerler\\\/#breadcrumb\",\"itemListElement\":[{\"@type\":\"ListItem\",\"position\":1,\"name\":\"Ana s\u0259hif\u0259\",\"item\":\"https:\\\/\\\/www.meydan.tv\\\/az\\\/\"},{\"@type\":\"ListItem\",\"position\":2,\"name\":\"B\u00f6lg\u0259\",\"item\":\"https:\\\/\\\/www.meydan.tv\\\/az\\\/section\\\/bolge\\\/\"},{\"@type\":\"ListItem\",\"position\":3,\"name\":\"Qazax sakini: M\u0259ni i\u015f\u0259 g\u00f6t\u00fcrm\u0259y\u0259 qorxurlar ki, icra ba\u015f\u00e7\u0131s\u0131n\u0131n q\u0259z\u0259bin\u0259 tu\u015f g\u0259l\u0259rl\u0259r\"}]},{\"@type\":\"WebSite\",\"@id\":\"https:\\\/\\\/www.meydan.tv\\\/az\\\/#website\",\"url\":\"https:\\\/\\\/www.meydan.tv\\\/az\\\/\",\"name\":\"MEYDAN.TV\",\"description\":\"Meydan TV Az\u0259rbaycan\u0131n media m\u0259kan\u0131ndak\u0131 alternativ s\u0259sidir\",\"publisher\":{\"@id\":\"https:\\\/\\\/www.meydan.tv\\\/az\\\/#organization\"},\"potentialAction\":[{\"@type\":\"SearchAction\",\"target\":{\"@type\":\"EntryPoint\",\"urlTemplate\":\"https:\\\/\\\/www.meydan.tv\\\/az\\\/?s={search_term_string}\"},\"query-input\":{\"@type\":\"PropertyValueSpecification\",\"valueRequired\":true,\"valueName\":\"search_term_string\"}}],\"inLanguage\":\"az\"},{\"@type\":\"Organization\",\"@id\":\"https:\\\/\\\/www.meydan.tv\\\/az\\\/#organization\",\"name\":\"Meydan TV\",\"url\":\"https:\\\/\\\/www.meydan.tv\\\/az\\\/\",\"logo\":{\"@type\":\"ImageObject\",\"inLanguage\":\"az\",\"@id\":\"https:\\\/\\\/www.meydan.tv\\\/az\\\/#\\\/schema\\\/logo\\\/image\\\/\",\"url\":\"https:\\\/\\\/www.meydan.tv\\\/wp-content\\\/uploads\\\/2021\\\/07\\\/meydan-logo.svg\",\"contentUrl\":\"https:\\\/\\\/www.meydan.tv\\\/wp-content\\\/uploads\\\/2021\\\/07\\\/meydan-logo.svg\",\"width\":195,\"height\":46,\"caption\":\"Meydan TV\"},\"image\":{\"@id\":\"https:\\\/\\\/www.meydan.tv\\\/az\\\/#\\\/schema\\\/logo\\\/image\\\/\"}},{\"@type\":\"Person\",\"@id\":\"https:\\\/\\\/www.meydan.tv\\\/az\\\/#\\\/schema\\\/person\\\/10d11eccf6da3662cf5fdab9806ea91a\",\"name\":\"user-manager\"}]}<\/script>\n<!-- \/ Yoast SEO plugin. -->","yoast_head_json":{"title":"Qazax sakini: M\u0259ni i\u015f\u0259 g\u00f6t\u00fcrm\u0259y\u0259 qorxurlar ki, icra ba\u015f\u00e7\u0131s\u0131n\u0131n q\u0259z\u0259bin\u0259 tu\u015f g\u0259l\u0259rl\u0259r - MEYDAN.TV","robots":{"index":"index","follow":"follow","max-snippet":"max-snippet:-1","max-image-preview":"max-image-preview:large","max-video-preview":"max-video-preview:-1"},"canonical":"https:\/\/www.meydan.tv\/az\/article\/qazax-sakini-meni-ise-goturmeye-qorxurlar-ki-icra-bascisinin-qezebine-tus-gelerler\/","og_locale":"az_AZ","og_type":"article","og_title":"Qazax sakini: M\u0259ni i\u015f\u0259 g\u00f6t\u00fcrm\u0259y\u0259 qorxurlar ki, icra ba\u015f\u00e7\u0131s\u0131n\u0131n q\u0259z\u0259bin\u0259 tu\u015f g\u0259l\u0259rl\u0259r - MEYDAN.TV","og_description":"R\u0259c\u0259b Baba\u015fovla g\u00f6r\u00fc\u015fm\u0259y\u0259 nail olmayan Nicat G\u00f6y\u00fc\u015fl\u00fc onunla t\u0259masda olan adamlara m\u00fcraci\u0259t etm\u0259k q\u0259rar\u0131na g\u0259lib","og_url":"https:\/\/www.meydan.tv\/az\/article\/qazax-sakini-meni-ise-goturmeye-qorxurlar-ki-icra-bascisinin-qezebine-tus-gelerler\/","og_site_name":"MEYDAN.TV","article_published_time":"2020-11-30T11:31:33+00:00","og_image":[{"width":1200,"height":675,"url":"https:\/\/www.meydan.tv\/wp-content\/uploads\/untitled_design_3_z6phl5f-1200x675.png","type":"image\/png"}],"author":"user-manager","twitter_card":"summary_large_image","schema":{"@context":"https:\/\/schema.org","@graph":[{"@type":"Article","@id":"https:\/\/www.meydan.tv\/az\/article\/qazax-sakini-meni-ise-goturmeye-qorxurlar-ki-icra-bascisinin-qezebine-tus-gelerler\/#article","isPartOf":{"@id":"https:\/\/www.meydan.tv\/az\/article\/qazax-sakini-meni-ise-goturmeye-qorxurlar-ki-icra-bascisinin-qezebine-tus-gelerler\/"},"author":{"name":"user-manager","@id":"https:\/\/www.meydan.tv\/az\/#\/schema\/person\/10d11eccf6da3662cf5fdab9806ea91a"},"headline":"Qazax sakini: M\u0259ni i\u015f\u0259 g\u00f6t\u00fcrm\u0259y\u0259 qorxurlar ki, icra ba\u015f\u00e7\u0131s\u0131n\u0131n q\u0259z\u0259bin\u0259 tu\u015f g\u0259l\u0259rl\u0259r","datePublished":"2020-11-30T11:31:33+00:00","mainEntityOfPage":{"@id":"https:\/\/www.meydan.tv\/az\/article\/qazax-sakini-meni-ise-goturmeye-qorxurlar-ki-icra-bascisinin-qezebine-tus-gelerler\/"},"wordCount":1868,"publisher":{"@id":"https:\/\/www.meydan.tv\/az\/#organization"},"image":{"@id":"https:\/\/www.meydan.tv\/az\/article\/qazax-sakini-meni-ise-goturmeye-qorxurlar-ki-icra-bascisinin-qezebine-tus-gelerler\/#primaryimage"},"thumbnailUrl":"https:\/\/www.meydan.tv\/wp-content\/uploads\/untitled_design_3_z6phl5f.png","articleSection":["B\u00f6lg\u0259"],"inLanguage":"az"},{"@type":"WebPage","@id":"https:\/\/www.meydan.tv\/az\/article\/qazax-sakini-meni-ise-goturmeye-qorxurlar-ki-icra-bascisinin-qezebine-tus-gelerler\/","url":"https:\/\/www.meydan.tv\/az\/article\/qazax-sakini-meni-ise-goturmeye-qorxurlar-ki-icra-bascisinin-qezebine-tus-gelerler\/","name":"Qazax sakini: M\u0259ni i\u015f\u0259 g\u00f6t\u00fcrm\u0259y\u0259 qorxurlar ki, icra ba\u015f\u00e7\u0131s\u0131n\u0131n q\u0259z\u0259bin\u0259 tu\u015f g\u0259l\u0259rl\u0259r - MEYDAN.TV","isPartOf":{"@id":"https:\/\/www.meydan.tv\/az\/#website"},"primaryImageOfPage":{"@id":"https:\/\/www.meydan.tv\/az\/article\/qazax-sakini-meni-ise-goturmeye-qorxurlar-ki-icra-bascisinin-qezebine-tus-gelerler\/#primaryimage"},"image":{"@id":"https:\/\/www.meydan.tv\/az\/article\/qazax-sakini-meni-ise-goturmeye-qorxurlar-ki-icra-bascisinin-qezebine-tus-gelerler\/#primaryimage"},"thumbnailUrl":"https:\/\/www.meydan.tv\/wp-content\/uploads\/untitled_design_3_z6phl5f.png","datePublished":"2020-11-30T11:31:33+00:00","breadcrumb":{"@id":"https:\/\/www.meydan.tv\/az\/article\/qazax-sakini-meni-ise-goturmeye-qorxurlar-ki-icra-bascisinin-qezebine-tus-gelerler\/#breadcrumb"},"inLanguage":"az","potentialAction":[{"@type":"ReadAction","target":["https:\/\/www.meydan.tv\/az\/article\/qazax-sakini-meni-ise-goturmeye-qorxurlar-ki-icra-bascisinin-qezebine-tus-gelerler\/"]}]},{"@type":"ImageObject","inLanguage":"az","@id":"https:\/\/www.meydan.tv\/az\/article\/qazax-sakini-meni-ise-goturmeye-qorxurlar-ki-icra-bascisinin-qezebine-tus-gelerler\/#primaryimage","url":"https:\/\/www.meydan.tv\/wp-content\/uploads\/untitled_design_3_z6phl5f.png","contentUrl":"https:\/\/www.meydan.tv\/wp-content\/uploads\/untitled_design_3_z6phl5f.png","width":1920,"height":1080,"caption":"Source: Specify Source"},{"@type":"BreadcrumbList","@id":"https:\/\/www.meydan.tv\/az\/article\/qazax-sakini-meni-ise-goturmeye-qorxurlar-ki-icra-bascisinin-qezebine-tus-gelerler\/#breadcrumb","itemListElement":[{"@type":"ListItem","position":1,"name":"Ana s\u0259hif\u0259","item":"https:\/\/www.meydan.tv\/az\/"},{"@type":"ListItem","position":2,"name":"B\u00f6lg\u0259","item":"https:\/\/www.meydan.tv\/az\/section\/bolge\/"},{"@type":"ListItem","position":3,"name":"Qazax sakini: M\u0259ni i\u015f\u0259 g\u00f6t\u00fcrm\u0259y\u0259 qorxurlar ki, icra ba\u015f\u00e7\u0131s\u0131n\u0131n q\u0259z\u0259bin\u0259 tu\u015f g\u0259l\u0259rl\u0259r"}]},{"@type":"WebSite","@id":"https:\/\/www.meydan.tv\/az\/#website","url":"https:\/\/www.meydan.tv\/az\/","name":"MEYDAN.TV","description":"Meydan TV Az\u0259rbaycan\u0131n media m\u0259kan\u0131ndak\u0131 alternativ s\u0259sidir","publisher":{"@id":"https:\/\/www.meydan.tv\/az\/#organization"},"potentialAction":[{"@type":"SearchAction","target":{"@type":"EntryPoint","urlTemplate":"https:\/\/www.meydan.tv\/az\/?s={search_term_string}"},"query-input":{"@type":"PropertyValueSpecification","valueRequired":true,"valueName":"search_term_string"}}],"inLanguage":"az"},{"@type":"Organization","@id":"https:\/\/www.meydan.tv\/az\/#organization","name":"Meydan TV","url":"https:\/\/www.meydan.tv\/az\/","logo":{"@type":"ImageObject","inLanguage":"az","@id":"https:\/\/www.meydan.tv\/az\/#\/schema\/logo\/image\/","url":"https:\/\/www.meydan.tv\/wp-content\/uploads\/2021\/07\/meydan-logo.svg","contentUrl":"https:\/\/www.meydan.tv\/wp-content\/uploads\/2021\/07\/meydan-logo.svg","width":195,"height":46,"caption":"Meydan TV"},"image":{"@id":"https:\/\/www.meydan.tv\/az\/#\/schema\/logo\/image\/"}},{"@type":"Person","@id":"https:\/\/www.meydan.tv\/az\/#\/schema\/person\/10d11eccf6da3662cf5fdab9806ea91a","name":"user-manager"}]}},"_links":{"self":[{"href":"https:\/\/www.meydan.tv\/az\/wp-json\/wp\/v2\/posts\/203825","targetHints":{"allow":["GET"]}}],"collection":[{"href":"https:\/\/www.meydan.tv\/az\/wp-json\/wp\/v2\/posts"}],"about":[{"href":"https:\/\/www.meydan.tv\/az\/wp-json\/wp\/v2\/types\/post"}],"author":[{"embeddable":true,"href":"https:\/\/www.meydan.tv\/az\/wp-json\/wp\/v2\/users\/11"}],"replies":[{"embeddable":true,"href":"https:\/\/www.meydan.tv\/az\/wp-json\/wp\/v2\/comments?post=203825"}],"version-history":[{"count":0,"href":"https:\/\/www.meydan.tv\/az\/wp-json\/wp\/v2\/posts\/203825\/revisions"}],"wp:featuredmedia":[{"embeddable":true,"href":"https:\/\/www.meydan.tv\/az\/wp-json\/wp\/v2\/media\/152210"}],"wp:attachment":[{"href":"https:\/\/www.meydan.tv\/az\/wp-json\/wp\/v2\/media?parent=203825"}],"wp:term":[{"taxonomy":"category","embeddable":true,"href":"https:\/\/www.meydan.tv\/az\/wp-json\/wp\/v2\/categories?post=203825"},{"taxonomy":"post_tag","embeddable":true,"href":"https:\/\/www.meydan.tv\/az\/wp-json\/wp\/v2\/tags?post=203825"}],"curies":[{"name":"wp","href":"https:\/\/api.w.org\/{rel}","templated":true}]}}