{"id":203777,"date":"2020-11-26T13:05:52","date_gmt":"2020-11-26T13:05:52","guid":{"rendered":"https:\/\/www.meydan.tv\/article\/fuzuli-sakini-oradan-evine-corek-aparanlarin-hamisi-ziyana-dusdu\/"},"modified":"2020-11-26T13:05:52","modified_gmt":"2020-11-26T13:05:52","slug":"fuzuli-sakini-oradan-evine-corek-aparanlarin-hamisi-ziyana-dusdu","status":"publish","type":"post","link":"https:\/\/www.meydan.tv\/az\/article\/fuzuli-sakini-oradan-evine-corek-aparanlarin-hamisi-ziyana-dusdu\/","title":{"rendered":"F\u00fczuli sakini: Oradan evin\u0259 \u00e7\u00f6r\u0259k aparanlar\u0131n ham\u0131s\u0131 ziyana d\u00fc\u015fd\u00fc"},"content":{"rendered":"<p>\n  <i><br \/>\n    &quot;Hesablamalara g\u00f6r\u0259 biz\u0259 49 min ziyan d\u0259yib&quot;<br \/>\n  <\/i>\n<\/p>\n<p>\n  F\u00fczuli rayonunun K\u0259rimb\u0259yli k\u0259nd sakini Sehraman \u018fliyev \u00fc\u00e7 il \u0259vv\u0259l \u0130randa ba\u015f vermi\u015f z\u0259lz\u0259l\u0259d\u0259n ziyan g\u00f6r\u00fcb. Onun k\u0259ndd\u0259ki \u0259mlak\u0131 da\u011f\u0131l\u0131b.\n<\/p>\n<p>\n  <b><br \/>\n    \u201c\u018fvv\u0259l torpaq qabarmas\u0131 ba\u015flad\u0131, sonra d\u0259rinl\u0259\u015fm\u0259 getdi\u201d<br \/>\n  <\/b>\n<\/p>\n<p>\n  63 ya\u015fl\u0131 Sehraman \u018fliyev deyir ki, \u0130ranla s\u0259rh\u0259d\u0259 yax\u0131n \u0259razid\u0259 ya\u015fad\u0131qlar\u0131na g\u00f6r\u0259 z\u0259lz\u0259l\u0259 onlara da t\u0259sir g\u00f6st\u0259rdi: \u201c\u0130randak\u0131 z\u0259lz\u0259l\u0259nin t\u0259sirind\u0259n bizd\u0259 d\u0259 s\u00fcr\u00fc\u015fm\u0259 oldu. \u018fvv\u0259l torpaq qabarmas\u0131 ba\u015flad\u0131, sonra d\u0259rinl\u0259\u015fm\u0259 getdi. M\u0259nim \u0259mlak\u0131m da da\u011f\u0131ld\u0131&#8230;\u201d\n<\/p>\n<p>\n  K\u0259ndd\u0259 Sehraman \u018fliyev\u0259 m\u0259xsus ticar\u0259t obyekti olub. T\u0259xmin\u0259n 650 kvadrat metrlik bu ma\u011fazada tikinti materiallar\u0131 sat\u0131l\u0131rm\u0131\u015f. M\u00fclkiyy\u0259t\u00e7inin dediyin\u0259 g\u00f6r\u0259, oradan \u00f6z\u00fcnd\u0259n ba\u015fqa, sat\u0131c\u0131, f\u0259hl\u0259l\u0259r d\u0259 daxil olmaqla, xeyli adam evin\u0259 \u00e7\u00f6r\u0259k apar\u0131rd\u0131: \u201cS\u00fcr\u00fc\u015fm\u0259d\u0259n \u0259mlak yarars\u0131z v\u0259ziyy\u0259t\u0259 d\u00fc\u015fd\u00fc, f\u0259aliyy\u0259ti dayand\u0131. \u00dcst\u00fcnd\u0259n \u00fc\u00e7 il ke\u00e7ib. N\u0259 pulumuzu \u00f6d\u0259dil\u0259r ki, \u00f6z\u00fcm\u00fcz d\u00fcz\u0259ld\u0259k, n\u0259 d\u0259 \u00f6zl\u0259ri b\u0259rpa el\u0259tdirdil\u0259r. T\u0259k m\u0259n yox, oradan evin\u0259 \u00e7\u00f6r\u0259k aparanlar\u0131n ham\u0131s\u0131 ziyana d\u00fc\u015fd\u00fc\u201d.\n<\/p>\n<figure class=\"wp-block-image size-large\">\n  <img decoding=\"async\" src=\"https:\/\/www.meydan.tv\/az\/img_5764-jpg\/\" alt=\"img_5764.jpg\" class=\"wp-image-152159\"\/><figcaption>\n    &#8220;M\u0259hk\u0259m\u0259d\u0259 onun v\u0259kili v\u0259sat\u0259t qald\u0131r\u0131b ki, tikinti-texniki ekspertizas\u0131 t\u0259yin edilsin&#8221;<br \/>\n  <\/figcaption><\/figure>\n<p>\n  Sehraman \u018fliyev \u0259mlak\u0131n\u0131 hadis\u0259d\u0259n c\u0259mi bir ay \u0259vv\u0259l s\u0131\u011fortalatd\u0131r\u0131bm\u0131\u015f. O, 2017-ci il oktyabr\u0131n 8-d\u0259 \u201cAzS\u0131\u011forta\u201d ASC il\u0259 m\u00fcqavil\u0259 ba\u011flay\u0131b. M\u00fcqavil\u0259 \u015f\u0259rtl\u0259rin\u0259 \u0259sas\u0259n, K\u0259rimb\u0259yli k\u0259ndind\u0259ki s\u00f6z\u00fcged\u0259n ma\u011fazaya 44 min 228 manat s\u0131\u011forta t\u0259minat\u0131 verilib.\n<\/p>\n<p>\n  <b><br \/>\n    \u201cBu t\u0259klif adam\u0131 \u0259l\u0259 salmaqd\u0131r\u201d<br \/>\n  <\/b>\n<\/p>\n<p>\n  Ma\u011faza sahibinin s\u00f6zl\u0259rin\u0259 g\u00f6r\u0259, 2017-ci il noyabr\u0131n 15-d\u0259 K\u0259rimb\u0259yli k\u0259ndind\u0259 z\u0259lz\u0259l\u0259 v\u0259 yer s\u00fcr\u00fc\u015fm\u0259si ba\u015f verdiyini s\u0259lahiyy\u0259tli d\u00f6vl\u0259t orqanlar\u0131 da t\u0259sdiql\u0259yib, bu bar\u0259d\u0259 s\u0259n\u0259dl\u0259r var. Amma s\u0131\u011forta \u015firk\u0259ti ona d\u0259ymi\u015f ziyan\u0131 qar\u015f\u0131lamaq ist\u0259m\u0259yib:\n<\/p>\n<p>\n  \u201cS\u0131\u011forta \u015firk\u0259ti c\u0259mi 511 manat \u00f6d\u0259ni\u015f t\u0259klif edirdi. Halbuki, hesablamalara g\u00f6r\u0259 biz\u0259 49 mind\u0259n \u00e7ox ziyan d\u0259yib. O boyda ziyan\u0131n qar\u015f\u0131l\u0131\u011f\u0131nda bunu t\u0259klif el\u0259m\u0259k adam\u0131 \u0259l\u0259 salmaqd\u0131r&#8230;\u201d\n<\/p>\n<p>\n  Sehraman \u018fliyev s\u0131\u011forta \u015firk\u0259tini m\u0259hk\u0259m\u0259y\u0259 verib. \u201cAzS\u0131\u011forta\u201dya qar\u015f\u0131 65 min 907 manat t\u0259zminat t\u0259l\u0259bil\u0259 iddia qald\u0131r\u0131b. Onun s\u00f6zl\u0259rin\u0259 g\u00f6r\u0259, t\u0259l\u0259b etdiyi bu m\u0259bl\u0259\u011fin 22 min manat\u0131 s\u0131\u011forta \u00f6d\u0259ni\u015fi, 15 min manat\u0131 bu \u00fc\u00e7 il \u0259rzind\u0259 \u0259ld\u0259n \u00e7\u0131xm\u0131\u015f fayda, 1000 manat\u0131 v\u0259kil x\u0259rci, 27 min 907 manat\u0131 da m\u0259hk\u0259m\u0259y\u0259 q\u0259d\u0259r h\u0259r gecikdirilmi\u015f g\u00fcn \u00fc\u00e7\u00fcn s\u0131\u011forta \u00f6d\u0259ni\u015finin 0.1 faizi h\u0259cmind\u0259 d\u0259bb\u0259 puludur.\n<\/p>\n<p>\n  M\u0259hk\u0259m\u0259d\u0259 onun v\u0259kili v\u0259sat\u0259t qald\u0131r\u0131b ki, tikinti-texniki ekspertizas\u0131 t\u0259yin edilsin, s\u00fcr\u00fc\u015fm\u0259 n\u0259tic\u0259sind\u0259 d\u0259ymi\u015f ziyan\u0131n aradan qald\u0131r\u0131lmas\u0131 \u00fc\u00e7\u00fcn t\u0259l\u0259b olunan v\u0259sait hesablans\u0131n. M\u0259hk\u0259m\u0259 v\u0259sat\u0259ti t\u0259min edib v\u0259 ekspertiza il\u0259 \u0259laq\u0259dar proses qeyri-m\u00fc\u0259yy\u0259n vaxta q\u0259d\u0259r t\u0259xir\u0259 sal\u0131n\u0131b.\n<\/p>\n<figure class=\"wp-block-image size-large\">\n  <img decoding=\"async\" src=\"https:\/\/www.meydan.tv\/az\/img_5765-jpg\/\" alt=\"img_5765.jpg\" class=\"wp-image-152165\"\/><figcaption>\n    \u015e\u0259had\u0259tnam\u0259<br \/>\n  <\/figcaption><\/figure>\n<p>\n  <b><br \/>\n    \u201cH\u0259r k\u0259sin \u0259traf m\u00fchit haqda m\u0259lumat toplamaq h\u00fcququ var\u201d<br \/>\n  <\/b>\n<\/p>\n<p>\n  Sehraman \u018fliyevin s\u00f6zl\u0259rin\u0259 g\u00f6r\u0259, o, k\u00f6m\u0259k \u00fc\u00e7\u00fcn Ekologiya v\u0259 T\u0259bii S\u0259rv\u0259tl\u0259r Nazirliyin\u0259 d\u0259 \u00fcz tutub, s\u00f6z\u00fcged\u0259n \u0259razid\u0259 ekzogen geoloji prosesl\u0259rin t\u0259sbit edilm\u0259sini, s\u00fcr\u00fc\u015fm\u0259nin ba\u015fverm\u0259 s\u0259b\u0259bl\u0259ri v\u0259 dinamikas\u0131n\u0131n ara\u015fd\u0131r\u0131l\u0131b, r\u0259y verilm\u0259sini xahi\u015f edib. Amma uzun m\u00fcdd\u0259t m\u00fcraci\u0259tl\u0259rin\u0259 \u0259h\u0259miyy\u0259t verilm\u0259yib:\n<\/p>\n<p>\n  \u201cD\u0259f\u0259l\u0259rl\u0259 Milli Geoloji K\u0259\u015ffiyyat Xidm\u0259tinin r\u0259isi M\u00fcrs\u0259l \u018fliyev\u0259 m\u00fcraci\u0259t etmi\u015fdik. Amma m\u00fcraci\u0259tl\u0259rimiz\u0259 \u00fcmumiyy\u0259tl\u0259 bax\u0131lm\u0131rd\u0131. Bu qurumun n\u00fcmay\u0259nd\u0259l\u0259ri t\u0259bii f\u0259lak\u0259t ba\u015f ver\u0259n yer\u0259 g\u0259lmirdi. Onlar\u0131n bu h\u0259r\u0259k\u0259tl\u0259rind\u0259n d\u0259 \u015fikay\u0259t etdik. \u00c7\u00fcnki Konstitusiyan\u0131n 39-cu madd\u0259sind\u0259 d\u0259 yaz\u0131l\u0131b ki, h\u0259r k\u0259sin \u0259traf m\u00fchitin \u0259sl v\u0259ziyy\u0259ti haqq\u0131nda m\u0259lumat toplamaq, ekoloji h\u00fcquqpozma il\u0259 \u0259laq\u0259dar sa\u011flaml\u0131\u011f\u0131na v\u0259 \u0259mlak\u0131na vurulmu\u015f z\u0259r\u0259rin \u0259v\u0259zini almaq h\u00fcququ var. M\u0259nim d\u0259 bu h\u00fcququm pozulub. Uzun m\u00fcdd\u0259t g\u0259lm\u0259dil\u0259r. Amma 15 g\u00fcn olar ki, n\u0259hay\u0259t, g\u0259lib baxs\u0131lar&#8230;\u201d\n<\/p>\n<p>\n  <b><br \/>\n    \u201cAzS\u0131\u011forta\u201d raz\u0131la\u015fm\u0131r<br \/>\n  <\/b>\n<\/p>\n<p>\n  Sehraman \u018fliyevi narahat ed\u0259n prosesin yubanmas\u0131d\u0131r. Deyir ki, h\u0259r ke\u00e7\u0259n g\u00fcn h\u0259m onun, h\u0259m d\u0259 ma\u011fazada i\u015fl\u0259mi\u015f dig\u0259r \u015f\u0259xsl\u0259rin ziyan\u0131nad\u0131r: \u201cBura m\u00fcharib\u0259 b\u00f6lg\u0259sidir. Maddi s\u0131x\u0131nt\u0131lar\u0131m\u0131z var. Burada ya\u015fayanlar\u0131n n\u0259 \u00e7\u0259kdiyini, nec\u0259 doland\u0131\u011f\u0131n\u0131 bir \u00f6z\u00fcm\u00fcz bilirik, bir d\u0259 Allah&#8230;\u201d\n<\/p>\n<p>\n  \u201cAzS\u0131\u011forta\u201d \u015firk\u0259ti is\u0259 Sehraman \u018fliyevin t\u0259zminat t\u0259l\u0259bil\u0259 raz\u0131la\u015fm\u0131r. \u015eirk\u0259t iddia edir ki, onunla ba\u011fl\u0131 m\u0259s\u0259l\u0259 ara\u015fd\u0131r\u0131l\u0131b, m\u0259bl\u0259\u011f qanuna uy\u011fun \u015f\u0259kild\u0259 hesablan\u0131b.\n<\/p>\n<p>\n  M\u00fcbahis\u0259 predmeti olan ma\u011faza il\u0259 ba\u011fl\u0131 ekspertiza t\u0259yin edil\u0259n m\u0259hk\u0259m\u0259 iclas\u0131nda is\u0259 cavabdeh t\u0259r\u0259f olan \u201cAzS\u0131\u011forta\u201ddan he\u00e7 kim i\u015ftirak etm\u0259yib.\n<\/p>\n<figure class=\"wp-block-image size-large\">\n  <img decoding=\"async\" src=\"https:\/\/www.meydan.tv\/az\/img_5763-jpg\/\" alt=\"img_5763.jpg\" class=\"wp-image-152156\"\/><figcaption>\n    &#8220;Burada ya\u015fayanlar\u0131n n\u0259 \u00e7\u0259kdiyini, nec\u0259 doland\u0131\u011f\u0131n\u0131 bir \u00f6z\u00fcm\u00fcz bilirik, bir d\u0259 Allah&#8230;\u201d<br \/>\n  <\/figcaption><\/figure>\n","protected":false},"excerpt":{"rendered":"<p>&#8220;Amma uzun m\u00fcdd\u0259t m\u00fcraci\u0259tl\u0259rin\u0259 \u0259h\u0259miyy\u0259t verilm\u0259yib&#8221;<\/p>\n","protected":false},"author":11,"featured_media":152153,"comment_status":"closed","ping_status":"open","sticky":false,"template":"","format":"standard","meta":{"_acf_changed":false,"_sitemap_exclude":false,"_sitemap_priority":"","_sitemap_frequency":"","footnotes":""},"categories":[60],"tags":[],"class_list":["post-203777","post","type-post","status-publish","format-standard","has-post-thumbnail","hentry","category-bolge","infinite-scroll-item","generate-columns","tablet-grid-50","mobile-grid-100","grid-parent","grid-33","no-featured-image-padding"],"acf":[],"yoast_head":"<!-- This site is optimized with the Yoast SEO plugin v27.5 - https:\/\/yoast.com\/product\/yoast-seo-wordpress\/ -->\n<title>F\u00fczuli sakini: Oradan evin\u0259 \u00e7\u00f6r\u0259k aparanlar\u0131n ham\u0131s\u0131 ziyana d\u00fc\u015fd\u00fc - MEYDAN.TV<\/title>\n<meta name=\"robots\" content=\"index, follow, max-snippet:-1, max-image-preview:large, max-video-preview:-1\" \/>\n<link rel=\"canonical\" href=\"https:\/\/www.meydan.tv\/az\/article\/fuzuli-sakini-oradan-evine-corek-aparanlarin-hamisi-ziyana-dusdu\/\" \/>\n<meta property=\"og:locale\" content=\"az_AZ\" \/>\n<meta property=\"og:type\" content=\"article\" \/>\n<meta property=\"og:title\" content=\"F\u00fczuli sakini: Oradan evin\u0259 \u00e7\u00f6r\u0259k aparanlar\u0131n ham\u0131s\u0131 ziyana d\u00fc\u015fd\u00fc - MEYDAN.TV\" \/>\n<meta property=\"og:description\" content=\"&quot;Amma uzun m\u00fcdd\u0259t m\u00fcraci\u0259tl\u0259rin\u0259 \u0259h\u0259miyy\u0259t verilm\u0259yib&quot;\" \/>\n<meta property=\"og:url\" content=\"https:\/\/www.meydan.tv\/az\/article\/fuzuli-sakini-oradan-evine-corek-aparanlarin-hamisi-ziyana-dusdu\/\" \/>\n<meta property=\"og:site_name\" content=\"MEYDAN.TV\" \/>\n<meta property=\"article:published_time\" content=\"2020-11-26T13:05:52+00:00\" \/>\n<meta property=\"og:image\" content=\"https:\/\/www.meydan.tv\/wp-content\/uploads\/img_5762.jpg\" \/>\n\t<meta property=\"og:image:width\" content=\"1024\" \/>\n\t<meta property=\"og:image:height\" content=\"768\" \/>\n\t<meta property=\"og:image:type\" content=\"image\/jpeg\" \/>\n<meta name=\"author\" content=\"user-manager\" \/>\n<meta name=\"twitter:card\" content=\"summary_large_image\" \/>\n<script type=\"application\/ld+json\" class=\"yoast-schema-graph\">{\"@context\":\"https:\\\/\\\/schema.org\",\"@graph\":[{\"@type\":\"Article\",\"@id\":\"https:\\\/\\\/www.meydan.tv\\\/az\\\/article\\\/fuzuli-sakini-oradan-evine-corek-aparanlarin-hamisi-ziyana-dusdu\\\/#article\",\"isPartOf\":{\"@id\":\"https:\\\/\\\/www.meydan.tv\\\/az\\\/article\\\/fuzuli-sakini-oradan-evine-corek-aparanlarin-hamisi-ziyana-dusdu\\\/\"},\"author\":{\"name\":\"user-manager\",\"@id\":\"https:\\\/\\\/www.meydan.tv\\\/az\\\/#\\\/schema\\\/person\\\/10d11eccf6da3662cf5fdab9806ea91a\"},\"headline\":\"F\u00fczuli sakini: Oradan evin\u0259 \u00e7\u00f6r\u0259k aparanlar\u0131n ham\u0131s\u0131 ziyana d\u00fc\u015fd\u00fc\",\"datePublished\":\"2020-11-26T13:05:52+00:00\",\"mainEntityOfPage\":{\"@id\":\"https:\\\/\\\/www.meydan.tv\\\/az\\\/article\\\/fuzuli-sakini-oradan-evine-corek-aparanlarin-hamisi-ziyana-dusdu\\\/\"},\"wordCount\":978,\"publisher\":{\"@id\":\"https:\\\/\\\/www.meydan.tv\\\/az\\\/#organization\"},\"image\":{\"@id\":\"https:\\\/\\\/www.meydan.tv\\\/az\\\/article\\\/fuzuli-sakini-oradan-evine-corek-aparanlarin-hamisi-ziyana-dusdu\\\/#primaryimage\"},\"thumbnailUrl\":\"https:\\\/\\\/www.meydan.tv\\\/wp-content\\\/uploads\\\/img_5762.jpg\",\"articleSection\":[\"B\u00f6lg\u0259\"],\"inLanguage\":\"az\"},{\"@type\":\"WebPage\",\"@id\":\"https:\\\/\\\/www.meydan.tv\\\/az\\\/article\\\/fuzuli-sakini-oradan-evine-corek-aparanlarin-hamisi-ziyana-dusdu\\\/\",\"url\":\"https:\\\/\\\/www.meydan.tv\\\/az\\\/article\\\/fuzuli-sakini-oradan-evine-corek-aparanlarin-hamisi-ziyana-dusdu\\\/\",\"name\":\"F\u00fczuli sakini: Oradan evin\u0259 \u00e7\u00f6r\u0259k aparanlar\u0131n ham\u0131s\u0131 ziyana d\u00fc\u015fd\u00fc - MEYDAN.TV\",\"isPartOf\":{\"@id\":\"https:\\\/\\\/www.meydan.tv\\\/az\\\/#website\"},\"primaryImageOfPage\":{\"@id\":\"https:\\\/\\\/www.meydan.tv\\\/az\\\/article\\\/fuzuli-sakini-oradan-evine-corek-aparanlarin-hamisi-ziyana-dusdu\\\/#primaryimage\"},\"image\":{\"@id\":\"https:\\\/\\\/www.meydan.tv\\\/az\\\/article\\\/fuzuli-sakini-oradan-evine-corek-aparanlarin-hamisi-ziyana-dusdu\\\/#primaryimage\"},\"thumbnailUrl\":\"https:\\\/\\\/www.meydan.tv\\\/wp-content\\\/uploads\\\/img_5762.jpg\",\"datePublished\":\"2020-11-26T13:05:52+00:00\",\"breadcrumb\":{\"@id\":\"https:\\\/\\\/www.meydan.tv\\\/az\\\/article\\\/fuzuli-sakini-oradan-evine-corek-aparanlarin-hamisi-ziyana-dusdu\\\/#breadcrumb\"},\"inLanguage\":\"az\",\"potentialAction\":[{\"@type\":\"ReadAction\",\"target\":[\"https:\\\/\\\/www.meydan.tv\\\/az\\\/article\\\/fuzuli-sakini-oradan-evine-corek-aparanlarin-hamisi-ziyana-dusdu\\\/\"]}]},{\"@type\":\"ImageObject\",\"inLanguage\":\"az\",\"@id\":\"https:\\\/\\\/www.meydan.tv\\\/az\\\/article\\\/fuzuli-sakini-oradan-evine-corek-aparanlarin-hamisi-ziyana-dusdu\\\/#primaryimage\",\"url\":\"https:\\\/\\\/www.meydan.tv\\\/wp-content\\\/uploads\\\/img_5762.jpg\",\"contentUrl\":\"https:\\\/\\\/www.meydan.tv\\\/wp-content\\\/uploads\\\/img_5762.jpg\",\"width\":1024,\"height\":768,\"caption\":\"Source: Specify Source\"},{\"@type\":\"BreadcrumbList\",\"@id\":\"https:\\\/\\\/www.meydan.tv\\\/az\\\/article\\\/fuzuli-sakini-oradan-evine-corek-aparanlarin-hamisi-ziyana-dusdu\\\/#breadcrumb\",\"itemListElement\":[{\"@type\":\"ListItem\",\"position\":1,\"name\":\"Ana s\u0259hif\u0259\",\"item\":\"https:\\\/\\\/www.meydan.tv\\\/az\\\/\"},{\"@type\":\"ListItem\",\"position\":2,\"name\":\"B\u00f6lg\u0259\",\"item\":\"https:\\\/\\\/www.meydan.tv\\\/az\\\/section\\\/bolge\\\/\"},{\"@type\":\"ListItem\",\"position\":3,\"name\":\"F\u00fczuli sakini: Oradan evin\u0259 \u00e7\u00f6r\u0259k aparanlar\u0131n ham\u0131s\u0131 ziyana d\u00fc\u015fd\u00fc\"}]},{\"@type\":\"WebSite\",\"@id\":\"https:\\\/\\\/www.meydan.tv\\\/az\\\/#website\",\"url\":\"https:\\\/\\\/www.meydan.tv\\\/az\\\/\",\"name\":\"MEYDAN.TV\",\"description\":\"Meydan TV Az\u0259rbaycan\u0131n media m\u0259kan\u0131ndak\u0131 alternativ s\u0259sidir\",\"publisher\":{\"@id\":\"https:\\\/\\\/www.meydan.tv\\\/az\\\/#organization\"},\"potentialAction\":[{\"@type\":\"SearchAction\",\"target\":{\"@type\":\"EntryPoint\",\"urlTemplate\":\"https:\\\/\\\/www.meydan.tv\\\/az\\\/?s={search_term_string}\"},\"query-input\":{\"@type\":\"PropertyValueSpecification\",\"valueRequired\":true,\"valueName\":\"search_term_string\"}}],\"inLanguage\":\"az\"},{\"@type\":\"Organization\",\"@id\":\"https:\\\/\\\/www.meydan.tv\\\/az\\\/#organization\",\"name\":\"Meydan TV\",\"url\":\"https:\\\/\\\/www.meydan.tv\\\/az\\\/\",\"logo\":{\"@type\":\"ImageObject\",\"inLanguage\":\"az\",\"@id\":\"https:\\\/\\\/www.meydan.tv\\\/az\\\/#\\\/schema\\\/logo\\\/image\\\/\",\"url\":\"https:\\\/\\\/www.meydan.tv\\\/wp-content\\\/uploads\\\/2021\\\/07\\\/meydan-logo.svg\",\"contentUrl\":\"https:\\\/\\\/www.meydan.tv\\\/wp-content\\\/uploads\\\/2021\\\/07\\\/meydan-logo.svg\",\"width\":195,\"height\":46,\"caption\":\"Meydan TV\"},\"image\":{\"@id\":\"https:\\\/\\\/www.meydan.tv\\\/az\\\/#\\\/schema\\\/logo\\\/image\\\/\"}},{\"@type\":\"Person\",\"@id\":\"https:\\\/\\\/www.meydan.tv\\\/az\\\/#\\\/schema\\\/person\\\/10d11eccf6da3662cf5fdab9806ea91a\",\"name\":\"user-manager\"}]}<\/script>\n<!-- \/ Yoast SEO plugin. -->","yoast_head_json":{"title":"F\u00fczuli sakini: Oradan evin\u0259 \u00e7\u00f6r\u0259k aparanlar\u0131n ham\u0131s\u0131 ziyana d\u00fc\u015fd\u00fc - MEYDAN.TV","robots":{"index":"index","follow":"follow","max-snippet":"max-snippet:-1","max-image-preview":"max-image-preview:large","max-video-preview":"max-video-preview:-1"},"canonical":"https:\/\/www.meydan.tv\/az\/article\/fuzuli-sakini-oradan-evine-corek-aparanlarin-hamisi-ziyana-dusdu\/","og_locale":"az_AZ","og_type":"article","og_title":"F\u00fczuli sakini: Oradan evin\u0259 \u00e7\u00f6r\u0259k aparanlar\u0131n ham\u0131s\u0131 ziyana d\u00fc\u015fd\u00fc - MEYDAN.TV","og_description":"\"Amma uzun m\u00fcdd\u0259t m\u00fcraci\u0259tl\u0259rin\u0259 \u0259h\u0259miyy\u0259t verilm\u0259yib\"","og_url":"https:\/\/www.meydan.tv\/az\/article\/fuzuli-sakini-oradan-evine-corek-aparanlarin-hamisi-ziyana-dusdu\/","og_site_name":"MEYDAN.TV","article_published_time":"2020-11-26T13:05:52+00:00","og_image":[{"width":1024,"height":768,"url":"https:\/\/www.meydan.tv\/wp-content\/uploads\/img_5762.jpg","type":"image\/jpeg"}],"author":"user-manager","twitter_card":"summary_large_image","schema":{"@context":"https:\/\/schema.org","@graph":[{"@type":"Article","@id":"https:\/\/www.meydan.tv\/az\/article\/fuzuli-sakini-oradan-evine-corek-aparanlarin-hamisi-ziyana-dusdu\/#article","isPartOf":{"@id":"https:\/\/www.meydan.tv\/az\/article\/fuzuli-sakini-oradan-evine-corek-aparanlarin-hamisi-ziyana-dusdu\/"},"author":{"name":"user-manager","@id":"https:\/\/www.meydan.tv\/az\/#\/schema\/person\/10d11eccf6da3662cf5fdab9806ea91a"},"headline":"F\u00fczuli sakini: Oradan evin\u0259 \u00e7\u00f6r\u0259k aparanlar\u0131n ham\u0131s\u0131 ziyana d\u00fc\u015fd\u00fc","datePublished":"2020-11-26T13:05:52+00:00","mainEntityOfPage":{"@id":"https:\/\/www.meydan.tv\/az\/article\/fuzuli-sakini-oradan-evine-corek-aparanlarin-hamisi-ziyana-dusdu\/"},"wordCount":978,"publisher":{"@id":"https:\/\/www.meydan.tv\/az\/#organization"},"image":{"@id":"https:\/\/www.meydan.tv\/az\/article\/fuzuli-sakini-oradan-evine-corek-aparanlarin-hamisi-ziyana-dusdu\/#primaryimage"},"thumbnailUrl":"https:\/\/www.meydan.tv\/wp-content\/uploads\/img_5762.jpg","articleSection":["B\u00f6lg\u0259"],"inLanguage":"az"},{"@type":"WebPage","@id":"https:\/\/www.meydan.tv\/az\/article\/fuzuli-sakini-oradan-evine-corek-aparanlarin-hamisi-ziyana-dusdu\/","url":"https:\/\/www.meydan.tv\/az\/article\/fuzuli-sakini-oradan-evine-corek-aparanlarin-hamisi-ziyana-dusdu\/","name":"F\u00fczuli sakini: Oradan evin\u0259 \u00e7\u00f6r\u0259k aparanlar\u0131n ham\u0131s\u0131 ziyana d\u00fc\u015fd\u00fc - MEYDAN.TV","isPartOf":{"@id":"https:\/\/www.meydan.tv\/az\/#website"},"primaryImageOfPage":{"@id":"https:\/\/www.meydan.tv\/az\/article\/fuzuli-sakini-oradan-evine-corek-aparanlarin-hamisi-ziyana-dusdu\/#primaryimage"},"image":{"@id":"https:\/\/www.meydan.tv\/az\/article\/fuzuli-sakini-oradan-evine-corek-aparanlarin-hamisi-ziyana-dusdu\/#primaryimage"},"thumbnailUrl":"https:\/\/www.meydan.tv\/wp-content\/uploads\/img_5762.jpg","datePublished":"2020-11-26T13:05:52+00:00","breadcrumb":{"@id":"https:\/\/www.meydan.tv\/az\/article\/fuzuli-sakini-oradan-evine-corek-aparanlarin-hamisi-ziyana-dusdu\/#breadcrumb"},"inLanguage":"az","potentialAction":[{"@type":"ReadAction","target":["https:\/\/www.meydan.tv\/az\/article\/fuzuli-sakini-oradan-evine-corek-aparanlarin-hamisi-ziyana-dusdu\/"]}]},{"@type":"ImageObject","inLanguage":"az","@id":"https:\/\/www.meydan.tv\/az\/article\/fuzuli-sakini-oradan-evine-corek-aparanlarin-hamisi-ziyana-dusdu\/#primaryimage","url":"https:\/\/www.meydan.tv\/wp-content\/uploads\/img_5762.jpg","contentUrl":"https:\/\/www.meydan.tv\/wp-content\/uploads\/img_5762.jpg","width":1024,"height":768,"caption":"Source: Specify Source"},{"@type":"BreadcrumbList","@id":"https:\/\/www.meydan.tv\/az\/article\/fuzuli-sakini-oradan-evine-corek-aparanlarin-hamisi-ziyana-dusdu\/#breadcrumb","itemListElement":[{"@type":"ListItem","position":1,"name":"Ana s\u0259hif\u0259","item":"https:\/\/www.meydan.tv\/az\/"},{"@type":"ListItem","position":2,"name":"B\u00f6lg\u0259","item":"https:\/\/www.meydan.tv\/az\/section\/bolge\/"},{"@type":"ListItem","position":3,"name":"F\u00fczuli sakini: Oradan evin\u0259 \u00e7\u00f6r\u0259k aparanlar\u0131n ham\u0131s\u0131 ziyana d\u00fc\u015fd\u00fc"}]},{"@type":"WebSite","@id":"https:\/\/www.meydan.tv\/az\/#website","url":"https:\/\/www.meydan.tv\/az\/","name":"MEYDAN.TV","description":"Meydan TV Az\u0259rbaycan\u0131n media m\u0259kan\u0131ndak\u0131 alternativ s\u0259sidir","publisher":{"@id":"https:\/\/www.meydan.tv\/az\/#organization"},"potentialAction":[{"@type":"SearchAction","target":{"@type":"EntryPoint","urlTemplate":"https:\/\/www.meydan.tv\/az\/?s={search_term_string}"},"query-input":{"@type":"PropertyValueSpecification","valueRequired":true,"valueName":"search_term_string"}}],"inLanguage":"az"},{"@type":"Organization","@id":"https:\/\/www.meydan.tv\/az\/#organization","name":"Meydan TV","url":"https:\/\/www.meydan.tv\/az\/","logo":{"@type":"ImageObject","inLanguage":"az","@id":"https:\/\/www.meydan.tv\/az\/#\/schema\/logo\/image\/","url":"https:\/\/www.meydan.tv\/wp-content\/uploads\/2021\/07\/meydan-logo.svg","contentUrl":"https:\/\/www.meydan.tv\/wp-content\/uploads\/2021\/07\/meydan-logo.svg","width":195,"height":46,"caption":"Meydan TV"},"image":{"@id":"https:\/\/www.meydan.tv\/az\/#\/schema\/logo\/image\/"}},{"@type":"Person","@id":"https:\/\/www.meydan.tv\/az\/#\/schema\/person\/10d11eccf6da3662cf5fdab9806ea91a","name":"user-manager"}]}},"_links":{"self":[{"href":"https:\/\/www.meydan.tv\/az\/wp-json\/wp\/v2\/posts\/203777","targetHints":{"allow":["GET"]}}],"collection":[{"href":"https:\/\/www.meydan.tv\/az\/wp-json\/wp\/v2\/posts"}],"about":[{"href":"https:\/\/www.meydan.tv\/az\/wp-json\/wp\/v2\/types\/post"}],"author":[{"embeddable":true,"href":"https:\/\/www.meydan.tv\/az\/wp-json\/wp\/v2\/users\/11"}],"replies":[{"embeddable":true,"href":"https:\/\/www.meydan.tv\/az\/wp-json\/wp\/v2\/comments?post=203777"}],"version-history":[{"count":0,"href":"https:\/\/www.meydan.tv\/az\/wp-json\/wp\/v2\/posts\/203777\/revisions"}],"wp:featuredmedia":[{"embeddable":true,"href":"https:\/\/www.meydan.tv\/az\/wp-json\/wp\/v2\/media\/152153"}],"wp:attachment":[{"href":"https:\/\/www.meydan.tv\/az\/wp-json\/wp\/v2\/media?parent=203777"}],"wp:term":[{"taxonomy":"category","embeddable":true,"href":"https:\/\/www.meydan.tv\/az\/wp-json\/wp\/v2\/categories?post=203777"},{"taxonomy":"post_tag","embeddable":true,"href":"https:\/\/www.meydan.tv\/az\/wp-json\/wp\/v2\/tags?post=203777"}],"curies":[{"name":"wp","href":"https:\/\/api.w.org\/{rel}","templated":true}]}}