{"id":203774,"date":"2020-11-26T12:22:47","date_gmt":"2020-11-26T12:22:47","guid":{"rendered":"https:\/\/www.meydan.tv\/article\/yolsuz-mehelle\/"},"modified":"2020-11-26T12:22:47","modified_gmt":"2020-11-26T12:22:47","slug":"yolsuz-mehelle","status":"publish","type":"post","link":"https:\/\/www.meydan.tv\/az\/article\/yolsuz-mehelle\/","title":{"rendered":"Yolsuz m\u0259h\u0259ll\u0259"},"content":{"rendered":"<p>\n  <i><br \/>\n    \u201c\u018frazid\u0259 m\u0259mur evi olsayd\u0131, evin s\u0259n\u0259dini b\u0259han\u0259 etm\u0259zdil\u0259r\u201d<br \/>\n  <\/i>\n<\/p>\n<p>\n  Bu \u015f\u0259kill\u0259r paytaxt\u0131n Qarada\u011f rayonu, L\u00f6kbatan q\u0259s\u0259b\u0259si, 2-ci ya\u015fay\u0131\u015f massivind\u0259 \u00e7\u0259kilib. Massivin 6-c\u0131 ke\u00e7id adland\u0131r\u0131lan \u0259razisind\u0259 ya\u015fayanlar h\u0259r g\u00fcn avtobus dayanaca\u011f\u0131nad\u0259k kilometrl\u0259rl\u0259 yolu piyada getm\u0259k m\u0259cburiyy\u0259tind\u0259dirl\u0259r. \u00c7\u00fcnki yol b\u0259rbad v\u0259ziyy\u0259td\u0259 oldu\u011fundan n\u0259inki mar\u015frut avtobusu, h\u0259tta taksil\u0259r d\u0259 i\u015fl\u0259mir.\n<\/p>\n<p>\n  Sakinl\u0259rd\u0259n Ayd\u0131n M\u0259mm\u0259dov bildirib ki, \u0259razid\u0259 100-d\u0259n \u00e7ox ev var. T\u0259xmin\u0259n 20 il \u0259vv\u0259l m\u0259cburi k\u00f6\u00e7k\u00fcnl\u0259r d\u0259 bu \u0259razid\u0259 m\u0259skunla\u015f\u0131blar. D\u0259f\u0259l\u0259rl\u0259 \u015fikay\u0259t ets\u0259l\u0259r d\u0259, yola asfalt \u00f6rt\u00fcy\u00fc \u00e7\u0259kilmir:\n<\/p>\n<p>\n  \u201c\u00d6t\u0259n il Qarada\u011f Rayon \u0130cra Hakimiyy\u0259ti t\u0259r\u0259find\u0259n yola da\u015f-\u00e7\u0131nq\u0131l t\u00f6k\u00fcld\u00fc. Amma indi h\u0259min da\u015flar da pal\u00e7\u0131\u011fa qar\u0131\u015f\u0131b, yol ke\u00e7ilm\u0259z olub\u201d.\n<\/p>\n<figure class=\"wp-block-image size-large\">\n  <img decoding=\"async\" src=\"https:\/\/www.meydan.tv\/az\/untitled-design-9-png-5\/\" alt=\"Untitled design (9).png\" class=\"wp-image-152147\"\/><figcaption>\n    &#8220;D\u0259f\u0259l\u0259rl\u0259 \u015fikay\u0259t ets\u0259l\u0259r d\u0259, yola asfalt \u00f6rt\u00fcy\u00fc \u00e7\u0259kilmir&#8221;<br \/>\n  <\/figcaption><\/figure>\n<p>\n  \u015eikay\u0259t\u00e7il\u0259r bildiribl\u0259r ki, ya\u011f\u0131\u015flar ba\u015flayan kimi g\u00f6lm\u0259\u00e7\u0259l\u0259r, bataql\u0131q yaran\u0131r, \u0259traf pal\u00e7\u0131q olur:\n<\/p>\n<p>\n  \u201cHal\u0131m\u0131za bax\u0131n, yayda dayanaca\u011fa kimi taksi il\u0259 gedirik. Pay\u0131z-q\u0131\u015f aylar\u0131nda is\u0259 taksi \u00e7a\u011f\u0131r\u0131r\u0131q, bu \u00fcnvan\u0131 e\u015fid\u0259n kimi imtina edirl\u0259r. G\u0259r\u0259k rezin \u00e7\u0259km\u0259 gey\u0259k magistral yola q\u0259d\u0259r piyada ged\u0259k. \u00c7\u00fcnk\u00fc ma\u015f\u0131n pal\u00e7\u0131\u011fa bat\u0131b qal\u0131r. \u0130lin-g\u00fcn\u00fcn bu vaxt\u0131nda h\u0259tta da\u011f k\u0259ndl\u0259rind\u0259 bel\u0259 bu c\u00fcr yol qalmay\u0131b. M\u0259h\u0259ll\u0259 sakinl\u0259rinin yolun n\u0259 vaxtsa t\u0259mir edil\u0259c\u0259yin\u0259 \u00fcmidi d\u0259 yoxdur\u201d.\n<\/p>\n<figure class=\"wp-block-image size-large\">\n  <img decoding=\"async\" src=\"https:\/\/www.meydan.tv\/az\/untitled-design-12-png\/\" alt=\"Untitled design (12).png\" class=\"wp-image-152143\"\/><figcaption>\n    &#8220;Pay\u0131z-q\u0131\u015f aylar\u0131nda is\u0259 taksi \u00e7a\u011f\u0131r\u0131r\u0131q, bu \u00fcnvan\u0131 e\u015fid\u0259n kimi imtina edirl\u0259r&#8221;<br \/>\n  <\/figcaption><\/figure>\n<p>\n  Yol b\u0259rbad v\u0259ziyy\u0259td\u0259 oldu\u011fundan t\u0259cili tibbi yard\u0131m ma\u015f\u0131nlar\u0131 da \u0259raziy\u0259 \u00e7a\u011f\u0131r\u0131\u015fa g\u0259l\u0259 bilmir. Sakinl\u0259rd\u0259n biri dan\u0131\u015f\u0131b ki, a\u011f\u0131r x\u0259st\u0259 \u00fcst\u00fcn\u0259 h\u0259kim \u00e7a\u011f\u0131r\u0131blar, yar\u0131 yolda d\u00fc\u015f\u00fcb, sakinl\u0259rin k\u00f6m\u0259yi il\u0259 piyada \u00fcnvana \u00e7at\u0131blar:\n<\/p>\n<p>\n  \u201c\u0130cra hakimiyy\u0259ti, L\u00f6kbatan b\u0259l\u0259diyy\u0259si h\u0259r il bir b\u0259han\u0259 ir\u0259li s\u00fcr\u00fcr. Guya ki \u0259razid\u0259ki evl\u0259rin \u00e7oxunun s\u0259n\u0259di yoxdur. Bel\u0259 \u00e7\u0131x\u0131r ki, yolun bu v\u0259ziyy\u0259td\u0259 olmas\u0131nda sakinl\u0259r g\u00fcnahkard\u0131lar. Sabah ham\u0131 evini s\u0259n\u0259dl\u0259\u015fdirs\u0259, yola asfalt \u00e7\u0259kil\u0259c\u0259k? Bu b\u0259han\u0259dir. \u018frazid\u0259 m\u0259mur evi olsayd\u0131, evin s\u0259n\u0259dini b\u0259han\u0259 etm\u0259zdil\u0259r\u201d.\n<\/p>\n<p>\n  Qarada\u011f Rayon \u0130cra Hakimiyy\u0259tind\u0259n s\u00f6z\u00fcged\u0259n \u00fcnvandak\u0131 yolun b\u0259rbad v\u0259ziyy\u0259tind\u0259n x\u0259b\u0259rdar olduqlar\u0131n\u0131, yax\u0131n g\u0259l\u0259c\u0259kd\u0259 t\u0259dbir g\u00f6r\u00fcl\u0259c\u0259yini dem\u0259kl\u0259 kifay\u0259tl\u0259nibl\u0259r. L\u00f6kbatan b\u0259l\u0259diyy\u0259sind\u0259n is\u0259 \u015fikay\u0259t\u0259 m\u00fcnasib\u0259t bildirm\u0259k ist\u0259m\u0259yibl\u0259r.\n<\/p>\n<figure class=\"wp-block-image size-large\">\n  <img decoding=\"async\" src=\"https:\/\/www.meydan.tv\/az\/untitled-design-10-png\/\" alt=\"Untitled design (10).png\" class=\"wp-image-152141\"\/><figcaption>\n    &#8220;\u0130lin-g\u00fcn\u00fcn bu vaxt\u0131nda h\u0259tta da\u011f k\u0259ndl\u0259rind\u0259 bel\u0259 bu c\u00fcr yol qalmay\u0131b&#8221;<br \/>\n  <\/figcaption><\/figure>\n<figure class=\"wp-block-image size-large\">\n  <img decoding=\"async\" src=\"https:\/\/www.meydan.tv\/az\/untitled-design-11-png-2\/\" alt=\"Untitled design (11).png\" class=\"wp-image-152132\"\/><figcaption>\n    2-ci ya\u015fay\u0131\u015f massivi<br \/>\n  <\/figcaption><\/figure>\n","protected":false},"excerpt":{"rendered":"<p>&#8220;\u0130ndi h\u0259min da\u015flar da pal\u00e7\u0131\u011fa qar\u0131\u015f\u0131b, yol ke\u00e7ilm\u0259z olub&#8221;<\/p>\n","protected":false},"author":11,"featured_media":152138,"comment_status":"closed","ping_status":"open","sticky":false,"template":"","format":"standard","meta":{"_acf_changed":false,"_sitemap_exclude":false,"_sitemap_priority":"","_sitemap_frequency":"","footnotes":""},"categories":[60],"tags":[],"class_list":["post-203774","post","type-post","status-publish","format-standard","has-post-thumbnail","hentry","category-bolge","infinite-scroll-item","generate-columns","tablet-grid-50","mobile-grid-100","grid-parent","grid-33","no-featured-image-padding"],"acf":[],"yoast_head":"<!-- This site is optimized with the Yoast SEO plugin v27.5 - https:\/\/yoast.com\/product\/yoast-seo-wordpress\/ -->\n<title>Yolsuz m\u0259h\u0259ll\u0259 - MEYDAN.TV<\/title>\n<meta name=\"robots\" content=\"index, follow, max-snippet:-1, max-image-preview:large, max-video-preview:-1\" \/>\n<link rel=\"canonical\" href=\"https:\/\/www.meydan.tv\/az\/article\/yolsuz-mehelle\/\" \/>\n<meta property=\"og:locale\" content=\"az_AZ\" \/>\n<meta property=\"og:type\" content=\"article\" \/>\n<meta property=\"og:title\" content=\"Yolsuz m\u0259h\u0259ll\u0259 - MEYDAN.TV\" \/>\n<meta property=\"og:description\" content=\"&quot;\u0130ndi h\u0259min da\u015flar da pal\u00e7\u0131\u011fa qar\u0131\u015f\u0131b, yol ke\u00e7ilm\u0259z olub&quot;\" \/>\n<meta property=\"og:url\" content=\"https:\/\/www.meydan.tv\/az\/article\/yolsuz-mehelle\/\" \/>\n<meta property=\"og:site_name\" content=\"MEYDAN.TV\" \/>\n<meta property=\"article:published_time\" content=\"2020-11-26T12:22:47+00:00\" \/>\n<meta property=\"og:image\" content=\"https:\/\/www.meydan.tv\/wp-content\/uploads\/untitled_design_8_xbhypyx-1200x675.png\" \/>\n\t<meta property=\"og:image:width\" content=\"1200\" \/>\n\t<meta property=\"og:image:height\" content=\"675\" \/>\n\t<meta property=\"og:image:type\" content=\"image\/png\" \/>\n<meta name=\"author\" content=\"user-manager\" \/>\n<meta name=\"twitter:card\" content=\"summary_large_image\" \/>\n<script type=\"application\/ld+json\" class=\"yoast-schema-graph\">{\"@context\":\"https:\\\/\\\/schema.org\",\"@graph\":[{\"@type\":\"Article\",\"@id\":\"https:\\\/\\\/www.meydan.tv\\\/az\\\/article\\\/yolsuz-mehelle\\\/#article\",\"isPartOf\":{\"@id\":\"https:\\\/\\\/www.meydan.tv\\\/az\\\/article\\\/yolsuz-mehelle\\\/\"},\"author\":{\"name\":\"user-manager\",\"@id\":\"https:\\\/\\\/www.meydan.tv\\\/az\\\/#\\\/schema\\\/person\\\/10d11eccf6da3662cf5fdab9806ea91a\"},\"headline\":\"Yolsuz m\u0259h\u0259ll\u0259\",\"datePublished\":\"2020-11-26T12:22:47+00:00\",\"mainEntityOfPage\":{\"@id\":\"https:\\\/\\\/www.meydan.tv\\\/az\\\/article\\\/yolsuz-mehelle\\\/\"},\"wordCount\":536,\"publisher\":{\"@id\":\"https:\\\/\\\/www.meydan.tv\\\/az\\\/#organization\"},\"image\":{\"@id\":\"https:\\\/\\\/www.meydan.tv\\\/az\\\/article\\\/yolsuz-mehelle\\\/#primaryimage\"},\"thumbnailUrl\":\"https:\\\/\\\/www.meydan.tv\\\/wp-content\\\/uploads\\\/untitled_design_8_xbhypyx.png\",\"articleSection\":[\"B\u00f6lg\u0259\"],\"inLanguage\":\"az\"},{\"@type\":\"WebPage\",\"@id\":\"https:\\\/\\\/www.meydan.tv\\\/az\\\/article\\\/yolsuz-mehelle\\\/\",\"url\":\"https:\\\/\\\/www.meydan.tv\\\/az\\\/article\\\/yolsuz-mehelle\\\/\",\"name\":\"Yolsuz m\u0259h\u0259ll\u0259 - MEYDAN.TV\",\"isPartOf\":{\"@id\":\"https:\\\/\\\/www.meydan.tv\\\/az\\\/#website\"},\"primaryImageOfPage\":{\"@id\":\"https:\\\/\\\/www.meydan.tv\\\/az\\\/article\\\/yolsuz-mehelle\\\/#primaryimage\"},\"image\":{\"@id\":\"https:\\\/\\\/www.meydan.tv\\\/az\\\/article\\\/yolsuz-mehelle\\\/#primaryimage\"},\"thumbnailUrl\":\"https:\\\/\\\/www.meydan.tv\\\/wp-content\\\/uploads\\\/untitled_design_8_xbhypyx.png\",\"datePublished\":\"2020-11-26T12:22:47+00:00\",\"breadcrumb\":{\"@id\":\"https:\\\/\\\/www.meydan.tv\\\/az\\\/article\\\/yolsuz-mehelle\\\/#breadcrumb\"},\"inLanguage\":\"az\",\"potentialAction\":[{\"@type\":\"ReadAction\",\"target\":[\"https:\\\/\\\/www.meydan.tv\\\/az\\\/article\\\/yolsuz-mehelle\\\/\"]}]},{\"@type\":\"ImageObject\",\"inLanguage\":\"az\",\"@id\":\"https:\\\/\\\/www.meydan.tv\\\/az\\\/article\\\/yolsuz-mehelle\\\/#primaryimage\",\"url\":\"https:\\\/\\\/www.meydan.tv\\\/wp-content\\\/uploads\\\/untitled_design_8_xbhypyx.png\",\"contentUrl\":\"https:\\\/\\\/www.meydan.tv\\\/wp-content\\\/uploads\\\/untitled_design_8_xbhypyx.png\",\"width\":1920,\"height\":1080,\"caption\":\"Source: Specify Source\"},{\"@type\":\"BreadcrumbList\",\"@id\":\"https:\\\/\\\/www.meydan.tv\\\/az\\\/article\\\/yolsuz-mehelle\\\/#breadcrumb\",\"itemListElement\":[{\"@type\":\"ListItem\",\"position\":1,\"name\":\"Ana s\u0259hif\u0259\",\"item\":\"https:\\\/\\\/www.meydan.tv\\\/az\\\/\"},{\"@type\":\"ListItem\",\"position\":2,\"name\":\"B\u00f6lg\u0259\",\"item\":\"https:\\\/\\\/www.meydan.tv\\\/az\\\/section\\\/bolge\\\/\"},{\"@type\":\"ListItem\",\"position\":3,\"name\":\"Yolsuz m\u0259h\u0259ll\u0259\"}]},{\"@type\":\"WebSite\",\"@id\":\"https:\\\/\\\/www.meydan.tv\\\/az\\\/#website\",\"url\":\"https:\\\/\\\/www.meydan.tv\\\/az\\\/\",\"name\":\"MEYDAN.TV\",\"description\":\"Meydan TV Az\u0259rbaycan\u0131n media m\u0259kan\u0131ndak\u0131 alternativ s\u0259sidir\",\"publisher\":{\"@id\":\"https:\\\/\\\/www.meydan.tv\\\/az\\\/#organization\"},\"potentialAction\":[{\"@type\":\"SearchAction\",\"target\":{\"@type\":\"EntryPoint\",\"urlTemplate\":\"https:\\\/\\\/www.meydan.tv\\\/az\\\/?s={search_term_string}\"},\"query-input\":{\"@type\":\"PropertyValueSpecification\",\"valueRequired\":true,\"valueName\":\"search_term_string\"}}],\"inLanguage\":\"az\"},{\"@type\":\"Organization\",\"@id\":\"https:\\\/\\\/www.meydan.tv\\\/az\\\/#organization\",\"name\":\"Meydan TV\",\"url\":\"https:\\\/\\\/www.meydan.tv\\\/az\\\/\",\"logo\":{\"@type\":\"ImageObject\",\"inLanguage\":\"az\",\"@id\":\"https:\\\/\\\/www.meydan.tv\\\/az\\\/#\\\/schema\\\/logo\\\/image\\\/\",\"url\":\"https:\\\/\\\/www.meydan.tv\\\/wp-content\\\/uploads\\\/2021\\\/07\\\/meydan-logo.svg\",\"contentUrl\":\"https:\\\/\\\/www.meydan.tv\\\/wp-content\\\/uploads\\\/2021\\\/07\\\/meydan-logo.svg\",\"width\":195,\"height\":46,\"caption\":\"Meydan TV\"},\"image\":{\"@id\":\"https:\\\/\\\/www.meydan.tv\\\/az\\\/#\\\/schema\\\/logo\\\/image\\\/\"}},{\"@type\":\"Person\",\"@id\":\"https:\\\/\\\/www.meydan.tv\\\/az\\\/#\\\/schema\\\/person\\\/10d11eccf6da3662cf5fdab9806ea91a\",\"name\":\"user-manager\"}]}<\/script>\n<!-- \/ Yoast SEO plugin. -->","yoast_head_json":{"title":"Yolsuz m\u0259h\u0259ll\u0259 - MEYDAN.TV","robots":{"index":"index","follow":"follow","max-snippet":"max-snippet:-1","max-image-preview":"max-image-preview:large","max-video-preview":"max-video-preview:-1"},"canonical":"https:\/\/www.meydan.tv\/az\/article\/yolsuz-mehelle\/","og_locale":"az_AZ","og_type":"article","og_title":"Yolsuz m\u0259h\u0259ll\u0259 - MEYDAN.TV","og_description":"\"\u0130ndi h\u0259min da\u015flar da pal\u00e7\u0131\u011fa qar\u0131\u015f\u0131b, yol ke\u00e7ilm\u0259z olub\"","og_url":"https:\/\/www.meydan.tv\/az\/article\/yolsuz-mehelle\/","og_site_name":"MEYDAN.TV","article_published_time":"2020-11-26T12:22:47+00:00","og_image":[{"width":1200,"height":675,"url":"https:\/\/www.meydan.tv\/wp-content\/uploads\/untitled_design_8_xbhypyx-1200x675.png","type":"image\/png"}],"author":"user-manager","twitter_card":"summary_large_image","schema":{"@context":"https:\/\/schema.org","@graph":[{"@type":"Article","@id":"https:\/\/www.meydan.tv\/az\/article\/yolsuz-mehelle\/#article","isPartOf":{"@id":"https:\/\/www.meydan.tv\/az\/article\/yolsuz-mehelle\/"},"author":{"name":"user-manager","@id":"https:\/\/www.meydan.tv\/az\/#\/schema\/person\/10d11eccf6da3662cf5fdab9806ea91a"},"headline":"Yolsuz m\u0259h\u0259ll\u0259","datePublished":"2020-11-26T12:22:47+00:00","mainEntityOfPage":{"@id":"https:\/\/www.meydan.tv\/az\/article\/yolsuz-mehelle\/"},"wordCount":536,"publisher":{"@id":"https:\/\/www.meydan.tv\/az\/#organization"},"image":{"@id":"https:\/\/www.meydan.tv\/az\/article\/yolsuz-mehelle\/#primaryimage"},"thumbnailUrl":"https:\/\/www.meydan.tv\/wp-content\/uploads\/untitled_design_8_xbhypyx.png","articleSection":["B\u00f6lg\u0259"],"inLanguage":"az"},{"@type":"WebPage","@id":"https:\/\/www.meydan.tv\/az\/article\/yolsuz-mehelle\/","url":"https:\/\/www.meydan.tv\/az\/article\/yolsuz-mehelle\/","name":"Yolsuz m\u0259h\u0259ll\u0259 - MEYDAN.TV","isPartOf":{"@id":"https:\/\/www.meydan.tv\/az\/#website"},"primaryImageOfPage":{"@id":"https:\/\/www.meydan.tv\/az\/article\/yolsuz-mehelle\/#primaryimage"},"image":{"@id":"https:\/\/www.meydan.tv\/az\/article\/yolsuz-mehelle\/#primaryimage"},"thumbnailUrl":"https:\/\/www.meydan.tv\/wp-content\/uploads\/untitled_design_8_xbhypyx.png","datePublished":"2020-11-26T12:22:47+00:00","breadcrumb":{"@id":"https:\/\/www.meydan.tv\/az\/article\/yolsuz-mehelle\/#breadcrumb"},"inLanguage":"az","potentialAction":[{"@type":"ReadAction","target":["https:\/\/www.meydan.tv\/az\/article\/yolsuz-mehelle\/"]}]},{"@type":"ImageObject","inLanguage":"az","@id":"https:\/\/www.meydan.tv\/az\/article\/yolsuz-mehelle\/#primaryimage","url":"https:\/\/www.meydan.tv\/wp-content\/uploads\/untitled_design_8_xbhypyx.png","contentUrl":"https:\/\/www.meydan.tv\/wp-content\/uploads\/untitled_design_8_xbhypyx.png","width":1920,"height":1080,"caption":"Source: Specify Source"},{"@type":"BreadcrumbList","@id":"https:\/\/www.meydan.tv\/az\/article\/yolsuz-mehelle\/#breadcrumb","itemListElement":[{"@type":"ListItem","position":1,"name":"Ana s\u0259hif\u0259","item":"https:\/\/www.meydan.tv\/az\/"},{"@type":"ListItem","position":2,"name":"B\u00f6lg\u0259","item":"https:\/\/www.meydan.tv\/az\/section\/bolge\/"},{"@type":"ListItem","position":3,"name":"Yolsuz m\u0259h\u0259ll\u0259"}]},{"@type":"WebSite","@id":"https:\/\/www.meydan.tv\/az\/#website","url":"https:\/\/www.meydan.tv\/az\/","name":"MEYDAN.TV","description":"Meydan TV Az\u0259rbaycan\u0131n media m\u0259kan\u0131ndak\u0131 alternativ s\u0259sidir","publisher":{"@id":"https:\/\/www.meydan.tv\/az\/#organization"},"potentialAction":[{"@type":"SearchAction","target":{"@type":"EntryPoint","urlTemplate":"https:\/\/www.meydan.tv\/az\/?s={search_term_string}"},"query-input":{"@type":"PropertyValueSpecification","valueRequired":true,"valueName":"search_term_string"}}],"inLanguage":"az"},{"@type":"Organization","@id":"https:\/\/www.meydan.tv\/az\/#organization","name":"Meydan TV","url":"https:\/\/www.meydan.tv\/az\/","logo":{"@type":"ImageObject","inLanguage":"az","@id":"https:\/\/www.meydan.tv\/az\/#\/schema\/logo\/image\/","url":"https:\/\/www.meydan.tv\/wp-content\/uploads\/2021\/07\/meydan-logo.svg","contentUrl":"https:\/\/www.meydan.tv\/wp-content\/uploads\/2021\/07\/meydan-logo.svg","width":195,"height":46,"caption":"Meydan TV"},"image":{"@id":"https:\/\/www.meydan.tv\/az\/#\/schema\/logo\/image\/"}},{"@type":"Person","@id":"https:\/\/www.meydan.tv\/az\/#\/schema\/person\/10d11eccf6da3662cf5fdab9806ea91a","name":"user-manager"}]}},"_links":{"self":[{"href":"https:\/\/www.meydan.tv\/az\/wp-json\/wp\/v2\/posts\/203774","targetHints":{"allow":["GET"]}}],"collection":[{"href":"https:\/\/www.meydan.tv\/az\/wp-json\/wp\/v2\/posts"}],"about":[{"href":"https:\/\/www.meydan.tv\/az\/wp-json\/wp\/v2\/types\/post"}],"author":[{"embeddable":true,"href":"https:\/\/www.meydan.tv\/az\/wp-json\/wp\/v2\/users\/11"}],"replies":[{"embeddable":true,"href":"https:\/\/www.meydan.tv\/az\/wp-json\/wp\/v2\/comments?post=203774"}],"version-history":[{"count":0,"href":"https:\/\/www.meydan.tv\/az\/wp-json\/wp\/v2\/posts\/203774\/revisions"}],"wp:featuredmedia":[{"embeddable":true,"href":"https:\/\/www.meydan.tv\/az\/wp-json\/wp\/v2\/media\/152138"}],"wp:attachment":[{"href":"https:\/\/www.meydan.tv\/az\/wp-json\/wp\/v2\/media?parent=203774"}],"wp:term":[{"taxonomy":"category","embeddable":true,"href":"https:\/\/www.meydan.tv\/az\/wp-json\/wp\/v2\/categories?post=203774"},{"taxonomy":"post_tag","embeddable":true,"href":"https:\/\/www.meydan.tv\/az\/wp-json\/wp\/v2\/tags?post=203774"}],"curies":[{"name":"wp","href":"https:\/\/api.w.org\/{rel}","templated":true}]}}