{"id":203748,"date":"2020-11-25T04:22:07","date_gmt":"2020-11-25T04:22:07","guid":{"rendered":"https:\/\/www.meydan.tv\/article\/mudafie-nazirliyi-azerbaycan-ordusu-kelbecere-girdi\/"},"modified":"2020-11-25T04:22:07","modified_gmt":"2020-11-25T04:22:07","slug":"mudafie-nazirliyi-azerbaycan-ordusu-kelbecere-girdi","status":"publish","type":"post","link":"https:\/\/www.meydan.tv\/az\/article\/mudafie-nazirliyi-azerbaycan-ordusu-kelbecere-girdi\/","title":{"rendered":"M\u00fcdafi\u0259 Nazirliyi: Az\u0259rbaycan ordusu K\u0259lb\u0259c\u0259r\u0259 girdi"},"content":{"rendered":"<p>\n  <i><br \/>\n    \u201cDa\u011f yollar\u0131 minalardan t\u0259mizl\u0259nir v\u0259 istifad\u0259y\u0259 haz\u0131r v\u0259ziyy\u0259t\u0259 g\u0259tirilir\u201d<br \/>\n  <\/i>\n<\/p>\n<p>\n  Az\u0259rbaycan ordusunun b\u00f6lm\u0259l\u0259ri noyabr\u0131n 25-n\u0259 ke\u00e7\u0259n gec\u0259 K\u0259lb\u0259c\u0259r rayonuna daxil olub. M\u0259lumat\u0131 Az\u0259rbaycan\u0131n M\u00fcdafi\u0259 Nazirliyi yay\u0131b.\n<\/p>\n<p>\n  Nazirlik bildirib ki, Az\u0259rbaycan, Rusiya prezidentl\u0259rinin v\u0259 Erm\u0259nistan\u0131n Ba\u015f nazirinin imzalad\u0131\u011f\u0131 \u00fc\u00e7t\u0259r\u0259fli B\u0259yanata \u0259sas\u0259n Az\u0259rbaycan Ordusunun b\u00f6lm\u0259l\u0259ri K\u0259lb\u0259c\u0259r rayonuna daxil olub.\n<\/p>\n<p>\n  \u201cB\u00f6lm\u0259l\u0259rimizin bu istiqam\u0259td\u0259 h\u0259r\u0259k\u0259tini t\u0259min etm\u0259k m\u0259qs\u0259dil\u0259 m\u00fch\u0259ndis i\u015fl\u0259ri ba\u015fa \u00e7atd\u0131r\u0131l\u0131b, qo\u015funlar\u0131n h\u0259r\u0259k\u0259t mar\u015frutu \u00fczr\u0259 \u00e7\u0259tin ke\u00e7il\u0259n da\u011f yollar\u0131 minalardan t\u0259mizl\u0259nir v\u0259 istifad\u0259y\u0259 haz\u0131r v\u0259ziyy\u0259t\u0259 g\u0259tirilir.\n<\/p>\n<p>\n  G\u00fcn \u0259rzind\u0259 K\u0259lb\u0259c\u0259rd\u0259n foto v\u0259 video materiallar t\u0259qdim olunacaq\u201d, &#8211; m\u0259lumatda deyilir. K\u0259lb\u0259c\u0259r rayonu 1993-c\u00fc ild\u0259 Erm\u0259nistan Silahl\u0131 Q\u00fcvv\u0259l\u0259ri t\u0259r\u0259find\u0259n i\u015f\u011fal edilmi\u015fdi.\n<\/p>\n<p>\n  K\u0259lb\u0259c\u0259r rayonu 1930-cu ild\u0259 inzibati rayon statusu al\u0131b. Rayonun 1 q\u0259s\u0259b\u0259si v\u0259 145 k\u0259ndi var. K\u0259lb\u0259c\u0259r sah\u0259sin\u0259 g\u00f6r\u0259 Az\u0259rbaycanda \u0259n b\u00f6y\u00fck rayondur.<\/p>\n","protected":false},"excerpt":{"rendered":"<p>\u201cDa\u011f yollar\u0131 minalardan t\u0259mizl\u0259nir v\u0259 istifad\u0259y\u0259 haz\u0131r v\u0259ziyy\u0259t\u0259 g\u0259tirilir\u201d<\/p>\n","protected":false},"author":11,"featured_media":152045,"comment_status":"closed","ping_status":"open","sticky":false,"template":"","format":"standard","meta":{"_acf_changed":false,"_sitemap_exclude":false,"_sitemap_priority":"","_sitemap_frequency":"","footnotes":""},"categories":[56],"tags":[],"class_list":["post-203748","post","type-post","status-publish","format-standard","has-post-thumbnail","hentry","category-xeberler","infinite-scroll-item","generate-columns","tablet-grid-50","mobile-grid-100","grid-parent","grid-33","no-featured-image-padding"],"acf":[],"yoast_head":"<!-- This site is optimized with the Yoast SEO plugin v28.4 - https:\/\/yoast.com\/product\/yoast-seo-wordpress\/ -->\n<title>M\u00fcdafi\u0259 Nazirliyi: Az\u0259rbaycan ordusu K\u0259lb\u0259c\u0259r\u0259 girdi - MEYDAN.TV<\/title>\n<meta name=\"robots\" content=\"index, follow, max-snippet:-1, max-image-preview:large, max-video-preview:-1\" \/>\n<link rel=\"canonical\" href=\"https:\/\/www.meydan.tv\/az\/article\/mudafie-nazirliyi-azerbaycan-ordusu-kelbecere-girdi\/\" \/>\n<meta property=\"og:locale\" content=\"az_AZ\" \/>\n<meta property=\"og:type\" content=\"article\" \/>\n<meta property=\"og:title\" content=\"M\u00fcdafi\u0259 Nazirliyi: Az\u0259rbaycan ordusu K\u0259lb\u0259c\u0259r\u0259 girdi - MEYDAN.TV\" \/>\n<meta property=\"og:description\" content=\"\u201cDa\u011f yollar\u0131 minalardan t\u0259mizl\u0259nir v\u0259 istifad\u0259y\u0259 haz\u0131r v\u0259ziyy\u0259t\u0259 g\u0259tirilir\u201d\" \/>\n<meta property=\"og:url\" content=\"https:\/\/www.meydan.tv\/az\/article\/mudafie-nazirliyi-azerbaycan-ordusu-kelbecere-girdi\/\" \/>\n<meta property=\"og:site_name\" content=\"MEYDAN.TV\" \/>\n<meta property=\"article:published_time\" content=\"2020-11-25T04:22:07+00:00\" \/>\n<meta property=\"og:image\" content=\"https:\/\/www.meydan.tv\/wp-content\/uploads\/1200px-dadivank_view.jpg\" \/>\n\t<meta property=\"og:image:width\" content=\"1200\" \/>\n\t<meta property=\"og:image:height\" content=\"800\" \/>\n\t<meta property=\"og:image:type\" content=\"image\/jpeg\" \/>\n<meta name=\"twitter:card\" content=\"summary_large_image\" \/>\n<!-- \/ Yoast SEO plugin. -->","yoast_head_json":{"title":"M\u00fcdafi\u0259 Nazirliyi: Az\u0259rbaycan ordusu K\u0259lb\u0259c\u0259r\u0259 girdi - MEYDAN.TV","robots":{"index":"index","follow":"follow","max-snippet":"max-snippet:-1","max-image-preview":"max-image-preview:large","max-video-preview":"max-video-preview:-1"},"canonical":"https:\/\/www.meydan.tv\/az\/article\/mudafie-nazirliyi-azerbaycan-ordusu-kelbecere-girdi\/","og_locale":"az_AZ","og_type":"article","og_title":"M\u00fcdafi\u0259 Nazirliyi: Az\u0259rbaycan ordusu K\u0259lb\u0259c\u0259r\u0259 girdi - MEYDAN.TV","og_description":"\u201cDa\u011f yollar\u0131 minalardan t\u0259mizl\u0259nir v\u0259 istifad\u0259y\u0259 haz\u0131r v\u0259ziyy\u0259t\u0259 g\u0259tirilir\u201d","og_url":"https:\/\/www.meydan.tv\/az\/article\/mudafie-nazirliyi-azerbaycan-ordusu-kelbecere-girdi\/","og_site_name":"MEYDAN.TV","article_published_time":"2020-11-25T04:22:07+00:00","og_image":[{"width":1200,"height":800,"url":"https:\/\/www.meydan.tv\/wp-content\/uploads\/1200px-dadivank_view.jpg","type":"image\/jpeg"}],"twitter_card":"summary_large_image","schema":{"@context":"https:\/\/schema.org","@graph":[{"@type":"Article","@id":"https:\/\/www.meydan.tv\/az\/article\/mudafie-nazirliyi-azerbaycan-ordusu-kelbecere-girdi\/#article","isPartOf":{"@id":"https:\/\/www.meydan.tv\/az\/article\/mudafie-nazirliyi-azerbaycan-ordusu-kelbecere-girdi\/"},"author":{"name":"user-manager","@id":"https:\/\/www.meydan.tv\/az\/#\/schema\/person\/10d11eccf6da3662cf5fdab9806ea91a"},"headline":"M\u00fcdafi\u0259 Nazirliyi: Az\u0259rbaycan ordusu K\u0259lb\u0259c\u0259r\u0259 girdi","datePublished":"2020-11-25T04:22:07+00:00","mainEntityOfPage":{"@id":"https:\/\/www.meydan.tv\/az\/article\/mudafie-nazirliyi-azerbaycan-ordusu-kelbecere-girdi\/"},"wordCount":230,"publisher":{"@id":"https:\/\/www.meydan.tv\/az\/#organization"},"image":{"@id":"https:\/\/www.meydan.tv\/az\/article\/mudafie-nazirliyi-azerbaycan-ordusu-kelbecere-girdi\/#primaryimage"},"thumbnailUrl":"https:\/\/www.meydan.tv\/wp-content\/uploads\/1200px-dadivank_view.jpg","articleSection":["X\u0259b\u0259rl\u0259r"],"inLanguage":"az"},{"@type":"WebPage","@id":"https:\/\/www.meydan.tv\/az\/article\/mudafie-nazirliyi-azerbaycan-ordusu-kelbecere-girdi\/","url":"https:\/\/www.meydan.tv\/az\/article\/mudafie-nazirliyi-azerbaycan-ordusu-kelbecere-girdi\/","name":"M\u00fcdafi\u0259 Nazirliyi: Az\u0259rbaycan ordusu K\u0259lb\u0259c\u0259r\u0259 girdi - MEYDAN.TV","isPartOf":{"@id":"https:\/\/www.meydan.tv\/az\/#website"},"primaryImageOfPage":{"@id":"https:\/\/www.meydan.tv\/az\/article\/mudafie-nazirliyi-azerbaycan-ordusu-kelbecere-girdi\/#primaryimage"},"image":{"@id":"https:\/\/www.meydan.tv\/az\/article\/mudafie-nazirliyi-azerbaycan-ordusu-kelbecere-girdi\/#primaryimage"},"thumbnailUrl":"https:\/\/www.meydan.tv\/wp-content\/uploads\/1200px-dadivank_view.jpg","datePublished":"2020-11-25T04:22:07+00:00","breadcrumb":{"@id":"https:\/\/www.meydan.tv\/az\/article\/mudafie-nazirliyi-azerbaycan-ordusu-kelbecere-girdi\/#breadcrumb"},"inLanguage":"az","potentialAction":[{"@type":"ReadAction","target":["https:\/\/www.meydan.tv\/az\/article\/mudafie-nazirliyi-azerbaycan-ordusu-kelbecere-girdi\/"]}]},{"@type":"ImageObject","inLanguage":"az","@id":"https:\/\/www.meydan.tv\/az\/article\/mudafie-nazirliyi-azerbaycan-ordusu-kelbecere-girdi\/#primaryimage","url":"https:\/\/www.meydan.tv\/wp-content\/uploads\/1200px-dadivank_view.jpg","contentUrl":"https:\/\/www.meydan.tv\/wp-content\/uploads\/1200px-dadivank_view.jpg","width":1200,"height":800,"caption":"Source: Meydan Tv"},{"@type":"BreadcrumbList","@id":"https:\/\/www.meydan.tv\/az\/article\/mudafie-nazirliyi-azerbaycan-ordusu-kelbecere-girdi\/#breadcrumb","itemListElement":[{"@type":"ListItem","position":1,"name":"Ana s\u0259hif\u0259","item":"https:\/\/www.meydan.tv\/az\/"},{"@type":"ListItem","position":2,"name":"X\u0259b\u0259rl\u0259r","item":"https:\/\/www.meydan.tv\/az\/section\/xeberler\/"},{"@type":"ListItem","position":3,"name":"M\u00fcdafi\u0259 Nazirliyi: Az\u0259rbaycan ordusu K\u0259lb\u0259c\u0259r\u0259 girdi"}]},{"@type":"WebSite","@id":"https:\/\/www.meydan.tv\/az\/#website","url":"https:\/\/www.meydan.tv\/az\/","name":"MEYDAN.TV","description":"Meydan TV Az\u0259rbaycan\u0131n media m\u0259kan\u0131ndak\u0131 alternativ s\u0259sidir","publisher":{"@id":"https:\/\/www.meydan.tv\/az\/#organization"},"potentialAction":[{"@type":"SearchAction","target":{"@type":"EntryPoint","urlTemplate":"https:\/\/www.meydan.tv\/az\/?s={search_term_string}"},"query-input":{"@type":"PropertyValueSpecification","valueRequired":true,"valueName":"search_term_string"}}],"inLanguage":"az"},{"@type":"Organization","@id":"https:\/\/www.meydan.tv\/az\/#organization","name":"Meydan TV","url":"https:\/\/www.meydan.tv\/az\/","logo":{"@type":"ImageObject","inLanguage":"az","@id":"https:\/\/www.meydan.tv\/az\/#\/schema\/logo\/image\/","url":"https:\/\/www.meydan.tv\/wp-content\/uploads\/2021\/07\/meydan-logo.svg","contentUrl":"https:\/\/www.meydan.tv\/wp-content\/uploads\/2021\/07\/meydan-logo.svg","width":195,"height":46,"caption":"Meydan TV"},"image":{"@id":"https:\/\/www.meydan.tv\/az\/#\/schema\/logo\/image\/"}},{"@type":"Person","@id":"https:\/\/www.meydan.tv\/az\/#\/schema\/person\/10d11eccf6da3662cf5fdab9806ea91a","name":"user-manager"}]}},"_links":{"self":[{"href":"https:\/\/www.meydan.tv\/az\/wp-json\/wp\/v2\/posts\/203748","targetHints":{"allow":["GET"]}}],"collection":[{"href":"https:\/\/www.meydan.tv\/az\/wp-json\/wp\/v2\/posts"}],"about":[{"href":"https:\/\/www.meydan.tv\/az\/wp-json\/wp\/v2\/types\/post"}],"author":[{"embeddable":true,"href":"https:\/\/www.meydan.tv\/az\/wp-json\/wp\/v2\/users\/11"}],"replies":[{"embeddable":true,"href":"https:\/\/www.meydan.tv\/az\/wp-json\/wp\/v2\/comments?post=203748"}],"version-history":[{"count":0,"href":"https:\/\/www.meydan.tv\/az\/wp-json\/wp\/v2\/posts\/203748\/revisions"}],"wp:featuredmedia":[{"embeddable":true,"href":"https:\/\/www.meydan.tv\/az\/wp-json\/wp\/v2\/media\/152045"}],"wp:attachment":[{"href":"https:\/\/www.meydan.tv\/az\/wp-json\/wp\/v2\/media?parent=203748"}],"wp:term":[{"taxonomy":"category","embeddable":true,"href":"https:\/\/www.meydan.tv\/az\/wp-json\/wp\/v2\/categories?post=203748"},{"taxonomy":"post_tag","embeddable":true,"href":"https:\/\/www.meydan.tv\/az\/wp-json\/wp\/v2\/tags?post=203748"}],"curies":[{"name":"wp","href":"https:\/\/api.w.org\/{rel}","templated":true}]}}