{"id":203733,"date":"2020-11-24T09:46:58","date_gmt":"2020-11-24T09:46:58","guid":{"rendered":"https:\/\/www.meydan.tv\/article\/cebrayil-sakini-muharibe-analar-ucun-en-dehsetli-lenetdir\/"},"modified":"2020-11-24T09:46:58","modified_gmt":"2020-11-24T09:46:58","slug":"cebrayil-sakini-muharibe-analar-ucun-en-dehsetli-lenetdir","status":"publish","type":"post","link":"https:\/\/www.meydan.tv\/az\/article\/cebrayil-sakini-muharibe-analar-ucun-en-dehsetli-lenetdir\/","title":{"rendered":"C\u0259bray\u0131l sakini: M\u00fcharib\u0259 analar \u00fc\u00e7\u00fcn \u0259n d\u0259h\u015f\u0259tli l\u0259n\u0259tdir"},"content":{"rendered":"<p>\n  <i><br \/>\n    Birinci Qaraba\u011f M\u00fcharib\u0259si \u0259rini, o\u011flunu, k\u00f6\u00e7k\u00fcnl\u00fck h\u0259yat\u0131 is\u0259 q\u0131zlar\u0131n\u0131 \u0259lind\u0259n ald\u0131<br \/>\n  <\/i>\n<\/p>\n<p>\n  M\u00fcharib\u0259 &#8211; yaln\u0131z insanlar\u0131n \u00f6l\u00fcm\u00fc, ev-e\u015fikl\u0259rinin da\u011f\u0131lmas\u0131, sa\u011flaml\u0131qlar\u0131n\u0131 itirm\u0259kl\u0259ri dem\u0259k deyil. M\u00fcharib\u0259 h\u0259m d\u0259 psixoloji, sosioloji, ictimai problemdir. M\u00fcharib\u0259ni g\u00f6r\u0259nl\u0259r, qorxusunu ilikl\u0259rin\u0259 q\u0259d\u0259r ya\u015fayanlar h\u0259min g\u00fcnl\u0259rin ac\u0131 xatir\u0259l\u0259rini ill\u0259r ke\u00e7s\u0259 d\u0259, unuda bilmirl\u0259r.\n<\/p>\n<p>\n  78 ya\u015fl\u0131 \u00dclk\u0259r Allahverdiyeva C\u0259bray\u0131l rayonunun Horovlu k\u0259ndind\u0259ndir. Birinci Qaraba\u011f M\u00fcharib\u0259si zaman\u0131 h\u0259m h\u0259yat yolda\u015f\u0131n\u0131, h\u0259m d\u0259 ki\u00e7ik o\u011flunu itirib. Deyir ki, m\u00fcharib\u0259 analar \u00fc\u00e7\u00fcn \u0259n d\u0259h\u015f\u0259tli l\u0259n\u0259tdir:\n<\/p>\n<p>\n  \u201cBu h\u0259yatda bir xo\u015f g\u00fcn g\u00f6rm\u0259dim. M\u00fcharib\u0259 imkan verm\u0259di. \u018fvv\u0259lc\u0259 atas\u0131zl\u0131q ya\u015fad\u0131m. 1942-ci ild\u0259 do\u011fulmu\u015fam. Atam \u0130kinci D\u00fcnya M\u00fcharib\u0259sind\u0259n qay\u0131tmay\u0131b. Sonra da h\u0259yat yolda\u015f\u0131mla, o\u011flumu itirdim. N\u0259 ya\u015f\u0131m vard\u0131, 47. \u00dc\u00e7 ay\u0131n i\u00e7ind\u0259 ata il\u0259 o\u011ful getdil\u0259r. 1993-c\u00fc il d\u00f6y\u00fc\u015fl\u0259rin \u0259n q\u0131z\u011f\u0131n vaxtlar\u0131nda bel\u0259 biz k\u0259ndd\u0259n \u00e7\u0131xmaq ist\u0259mirdik. Rayona bombalar at\u0131lma\u011fa ba\u015flad\u0131. Dedil\u0259r ki, erm\u0259nil\u0259r S\u00fcleymanl\u0131 (C\u0259bray\u0131l\u0131n k\u0259ndi-red.) t\u0259r\u0259fd\u0259dir. U\u015faqlar\u0131n v\u0259 qad\u0131nlar\u0131n erm\u0259nil\u0259rin \u0259lin\u0259 ke\u00e7\u0259c\u0259yi vahim\u0259si ham\u0131n\u0131 qorxudurdu. Qad\u0131nlar, u\u015faqlar v\u0259 ya\u015fl\u0131lar &#8211; ham\u0131m\u0131z y\u0131\u011f\u0131ld\u0131q \u201cQAZ-53\u201d ma\u015f\u0131n\u0131n\u0131n y\u00fck yerin\u0259. Bizi g\u0259tirib t\u00f6kd\u00fcl\u0259r Beyl\u0259qana. Evd\u0259n he\u00e7 n\u0259 g\u00f6t\u00fcrm\u0259dik. \u0130ki o\u011flum m\u00fcharib\u0259d\u0259 d\u00f6y\u00fc\u015f\u00fcrd\u00fc. Ki\u00e7ik o\u011flum Cavid bizd\u0259n sonra ax\u015fam\u00e7a\u011f\u0131 ev\u0259 g\u0259lir, g\u00f6r\u00fcr ki, qap\u0131-baca a\u00e7\u0131qd\u0131r. Ev alt-\u00fcst ham\u0131s\u0131 dolu, i\u00e7ind\u0259n bir \u00e7\u00f6p d\u0259 g\u00f6t\u00fcrm\u0259mi\u015fik. Erm\u0259nil\u0259rin ev\u0259 girm\u0259m\u0259si \u00fc\u00e7\u00fcn qap\u0131ya naqil \u00e7\u0259kir, guya elektrik c\u0259r\u0259yan\u0131 ke\u00e7irir. Sonra da arxam\u0131zca Beyl\u0259qana g\u0259lir. B\u00f6y\u00fck o\u011flum \u0130lqardan is\u0259 x\u0259b\u0259r-\u0259t\u0259r yox idi. Yolda\u015f\u0131m bizi Bak\u0131ya g\u0259tirdi. \u00d6z\u00fc rayona qay\u0131td\u0131 ki, \u0130lqar\u0131 axtars\u0131n. H\u0259yat yolda\u015f\u0131m \u018fkb\u0259rin 58 ya\u015f\u0131 var\u0131yd\u0131. Ali t\u0259hsilli- ikidiplomlu m\u00fc\u0259llim idi. C\u0259bray\u0131l\u0131n bir ne\u00e7\u0259 k\u0259ndind\u0259 tarix v\u0259 dil-\u0259d\u0259biyyatdan d\u0259rs demi\u015fdi\u201d.\n<\/p>\n<figure class=\"wp-block-image size-large\">\n  <img decoding=\"async\" src=\"https:\/\/www.meydan.tv\/az\/quliyevl__r_ail__si-jpg\/\" alt=\"quliyevl__r_ail__si.jpg\" class=\"wp-image-151994\"\/><figcaption>\n    Quliyevl\u0259r ail\u0259si m\u00fcharib\u0259d\u0259n \u0259vv\u0259l<br \/>\n  <\/figcaption><\/figure>\n<p>\n  Paytaxta g\u0259l\u0259n m\u0259cburi k\u00f6\u00e7k\u00fcnl\u0259r ovaxtk\u0131 Bak\u0131 \u015ein Zavodunun yataqxanas\u0131nda m\u0259skunla\u015f\u0131r. \u00dclk\u0259r Allahverdiyeva deyir ki, h\u0259yat yolda\u015f\u0131 onu v\u0259 g\u0259linini Bak\u0131da qoyub, b\u00f6y\u00fck o\u011flunu axtarmaq m\u0259qs\u0259dil\u0259 t\u0259krar d\u00f6y\u00fc\u015f b\u00f6lg\u0259sin\u0259 qay\u0131d\u0131r:\n<\/p>\n<p>\n  \u201cYataqxanan\u0131n kitabxanas\u0131nda biz\u0259 ki\u00e7ik bir yer vermi\u015fdil\u0259r, ora s\u0131\u011f\u0131nm\u0131\u015fd\u0131q. Bir g\u00fcn gec\u0259 s\u0259h\u0259r\u0259 kimi yata bilm\u0259dim. S\u0259h\u0259r durub d\u0259hliz\u0259 \u00e7\u0131xd\u0131m. G\u00f6rd\u00fcm ki, binadak\u0131 qa\u00e7q\u0131nlar &#8211; \u00e7oxu h\u0259mk\u0259ndlil\u0259rimiz idi \u2013 \u00f6z aralar\u0131nda x\u0131s\u0131n-x\u0131s\u0131n n\u0259s\u0259 dan\u0131\u015f\u0131rlar, amma m\u0259n\u0259 he\u00e7 kim bir s\u00f6z demir. Yax\u0131nla\u015fd\u0131m, soru\u015fdum ki, n\u0259 olub? N\u0259hay\u0259t, biri dill\u0259ndi ki, bu gec\u0259 \u201cstans\u0131 Horadiz\u201dd\u0259 (haz\u0131rk\u0131 Horadiz \u015f\u0259h\u0259ri-red.) m\u00f6hk\u0259m at\u0131\u015fma olub. Deyirl\u0259r ki, s\u0259nin yolda\u015f\u0131n da o\u011flunun arxas\u0131nca ora gedibmi\u015f. \u018fkb\u0259rin Beyl\u0259qanda ya\u015fayan day\u0131s\u0131 q\u0131z\u0131na z\u0259ng etdim. Dedi ki, bibi, saxlaya bilm\u0259dik, ki\u015fi getdi. Yolda\u015f\u0131m \u0130lqar\u0131 axtarmaq \u00fc\u00e7\u00fcn \u201cstans\u0131 Mahmudlu\u201dya (C\u0259bray\u0131l\u0131n Mahmudlu k\u0259ndi-red) getm\u0259k ist\u0259yir. Arazboyu k\u0259ndl\u0259rin camaat\u0131, h\u0259m\u00e7inin h\u0259rb\u00e7il\u0259r d\u0259 \u0130rana ke\u00e7irmi\u015fl\u0259r. Bizim k\u0259nd\u00e7il\u0259r ki\u015fiy\u0259 deyibl\u0259r ki, \u0259sg\u0259rl\u0259ri \u0130rana \u00e7\u0259kibl\u0259r. G\u0259l, s\u0259n d\u0259 biziml\u0259 Arazla \u0130rana ke\u00e7\u0259k. Ki\u015fi deyib ki, yox. G\u00f6r\u00fcb ki, y\u00fck ma\u015f\u0131n\u0131 g\u0259lir, i\u00e7\u0259risind\u0259 d\u0259 iyirmi d\u00f6rd n\u0259f\u0259r var. Bu da ma\u015f\u0131na minib. Ki\u015fini tan\u0131yanlardan biri deyib ki, \u018fkb\u0259r m\u00fc\u0259llim, getm\u0259yin, Horadiz yolunu erm\u0259nil\u0259r k\u0259sib. S\u00fcr\u00fcc\u00fc inanmay\u0131b. G\u0259libl\u0259r, d\u0259qiq bilmir\u0259m, F\u00fczulinin B\u00f6y\u00fck, yoxsa Bala B\u0259hm\u0259nlisind\u0259 bunlar\u0131n ma\u015f\u0131n\u0131n\u0131 vurublar. \u0130yirmi be\u015f n\u0259f\u0259r ma\u015f\u0131ndan d\u00fc\u015f\u00fcb, k\u0259l\u0259s\u0259rin i\u00e7iyl\u0259 qa\u00e7ma\u011fa ba\u015flay\u0131b. Aralar\u0131nda quca\u011f\u0131nda b\u0259l\u0259kd\u0259 u\u015fa\u011f\u0131 olan qad\u0131n da varm\u0131\u015f. K\u00fcr\u0259yin\u0259 u\u015faq \u015f\u0259ll\u0259y\u0259ni d\u0259 olub. U\u015faql\u0131-b\u00f6y\u00fckl\u00fc ham\u0131s\u0131n\u0131 g\u00fcll\u0259l\u0259yibl\u0259r. Hadis\u0259 1993-c\u00fc il oktyabr\u0131n 23-d\u0259 olmu\u015fdu\u201d.\n<\/p>\n<p>\n  Bu hadis\u0259d\u0259n bir ay sonra C\u0259bray\u0131l\u0131n Da\u015fba\u015f\u0131 k\u0259ndi t\u0259r\u0259fd\u0259 qalan \u0130lqar Quliyev tap\u0131l\u0131r. \u00dclk\u0259r Allahverdiyevn\u0131n s\u00f6zl\u0259rin\u0259 g\u00f6r\u0259 o, bir ay \u0259rzind\u0259 m\u00fcxt\u0259lif yollarla birt\u0259h\u0259r g\u0259lib Beyl\u0259qana \u00e7\u0131x\u0131r:\n<\/p>\n<p>\n  \u201c\u0130lqar ali m\u0259kt\u0259bd\u0259 oxuyurdu, m\u00fcharib\u0259 ba\u015flayanda, t\u0259hsilini yar\u0131m\u00e7\u0131q qoyub k\u00f6n\u00fcll\u00fc d\u00f6y\u00fc\u015fl\u0259r\u0259 getmi\u015fdi. U\u015faq d\u00fcz bir ay x\u0259st\u0259xanada yatd\u0131. D\u00f6y\u00fc\u015fd\u00fcy\u00fc h\u0259rbi hiss\u0259d\u0259n x\u0259b\u0259r g\u00f6nd\u0259rdil\u0259r ki, hiss\u0259y\u0259 g\u0259lsin. H\u0259min \u0259r\u0259f\u0259d\u0259 C\u0259bray\u0131l, F\u00fczuli, A\u011fdam\u0131n h\u0259rbi hiss\u0259l\u0259ri \u015e\u0259mkirin Seyf\u0259lli poliqonunda yerl\u0259\u015fdirilmi\u015fdi. \u00d6z\u00fcm t\u0259kc\u0259 ora getdim, d\u00fcz\u0259ngahl\u0131q bir yer idi. Komandirl\u0259 g\u00f6r\u00fc\u015fd\u00fcm, o\u011flumun yaral\u0131 oldu\u011funu, x\u0259st\u0259xanada yatd\u0131\u011f\u0131n\u0131 dedim. O da dedi ki, o\u011flanlar\u0131ndan birini g\u00f6nd\u0259r g\u0259lsin. Yoxsa, h\u0259rbi tribunala ver\u0259c\u0259y\u0259m. Dedim ki, bala, imkan ver, bunun atas\u0131n\u0131 axtar\u0131b tapaq, sonra u\u015fa\u011f\u0131 g\u0259tir\u0259r\u0259m, raz\u0131la\u015fmad\u0131. B\u00f6y\u00fck o\u011flum yaral\u0131 oldu\u011fu \u00fc\u00e7\u00fcn ki\u00e7ik o\u011flum, 1975-ci il t\u0259v\u0259ll\u00fcdl\u00fc Cavid Quliyevi apar\u0131b onlara t\u0259hvil verdim. 18 ya\u015f\u0131 olmas\u0131na baxmayaraq, ucaboylu, enlik\u00fcr\u0259k u\u015faq idi\u201d.\n<\/p>\n<figure class=\"wp-block-image size-large\">\n  <img decoding=\"async\" src=\"https:\/\/www.meydan.tv\/az\/__kb__r_quliyev_ki__ik_o__lu_cavid_quliyevl__-1-jpg\/\" alt=\"__kb__r_quliyev_ki__ik_o__lu_cavid_quliyevl__-1.jpg\" class=\"wp-image-151997\"\/><figcaption>\n    Cavid Quliyev v\u0259 atas\u0131 \u018fkb\u0259r Quliyev<br \/>\n  <\/figcaption><\/figure>\n<p>\n  H\u0259min \u0259r\u0259f\u0259d\u0259 \u00dclk\u0259r Allahverdiyeva Bak\u0131ya erm\u0259ni \u0259sirliyind\u0259n azad olunanlar\u0131n g\u0259tirlidyini e\u015fidir. H\u0259yat yolda\u015f\u0131 \u018fkb\u0259r Quliyevi onlar\u0131 aras\u0131nda tapmaq \u00fcmidi il\u0259 axtar\u0131\u015fa ba\u015flay\u0131r:\n<\/p>\n<p>\n  \u201cG\u00fcnl\u0259rl\u0259 axtar\u0131rd\u0131m. Razin\u0259 (indiki Bak\u0131xanov q\u0259s\u0259b\u0259si-red) g\u0259ldim. Yor\u011funluqdan taq\u0259tim qalmam\u0131\u015fd\u0131, pill\u0259k\u0259nl\u0259ri im\u0259kl\u0259y\u0259-im\u0259kl\u0259y\u0259 \u00e7\u0131xd\u0131m. Girovluqdan burax\u0131lm\u0131\u015f bir o\u011flan\u0131 tapd\u0131m. Yolda\u015f\u0131m\u0131 tan\u0131y\u0131rd\u0131, dedi ki, \u0259sirlikd\u0259 b\u00fct\u00fcn girovlar bir yerd\u0259 saxlan\u0131l\u0131rd\u0131. \u018fkb\u0259r m\u00fc\u0259llim onlar\u0131n aras\u0131nda yox idi. B\u00f6y\u00fck o\u011flum \u0259misi il\u0259 \u0130rana da ke\u00e7di, siyah\u0131lara baxd\u0131lar. Ki\u015fi tap\u0131lmad\u0131. N\u0259 \u00f6ld\u00fcs\u00fc bilinirdi, n\u0259 qald\u0131s\u0131. Meyitl\u0259rin aras\u0131nda da yox idi. \u00dcz\u0259rind\u0259n ay yar\u0131mdan \u00e7ox vaxt ke\u00e7mi\u015fdi\u201d.\n<\/p>\n<p>\n  H\u0259yat yolda\u015f\u0131n\u0131 axtaran C\u0259bray\u0131l k\u00f6\u00e7k\u00fcn\u00fcn\u0259 q\u0259fil a\u011f\u0131r itki \u00fcz verir. D\u00f6y\u00fc\u015f\u0259 yola sald\u0131\u011f\u0131 ki\u00e7ik o\u011flu Cavid Quliyevin Da\u015falt\u0131 k\u0259ndind\u0259 h\u0259lak olmas\u0131 x\u0259b\u0259ri g\u0259lir:\n<\/p>\n<p>\n  \u201cDekabr ay\u0131 idi. Bak\u0131da zavod yataqxanas\u0131ndayd\u0131q. B\u00f6y\u00fck q\u0131z\u0131m\u0131n qayn\u0131 g\u0259ldi ki, rayonun icra ba\u015f\u00e7\u0131s\u0131 bizi Beyl\u0259qana apramaq \u00fc\u00e7\u00fcn ma\u015f\u0131n g\u00f6nd\u0259rib. Dedil\u0259r ki, Cavid yaral\u0131d\u0131r, x\u0259st\u0259xanadad\u0131r. Gec\u0259 saat 11-d\u0259 k\u00f6hn\u0259 t\u0259cilli tibbi yard\u0131m ma\u015f\u0131n\u0131na minib Beyl\u0259qana getdik. Bizi S\u0259rdar \u0130mr\u0259liyev ad\u0131na Bahar k\u0259nd orta m\u0259kt\u0259bin\u0259 apard\u0131lar. Soru\u015fdum ki, bizi niy\u0259 x\u0259st\u0259xanaya yox, bura g\u0259tirdiniz? Cavab ver\u0259n olmad\u0131. M\u0259kt\u0259bin h\u0259y\u0259ti adamla doluydu. Binaya girdim ki, alt\u0131 d\u0259n\u0259 tabut qoyulub&#8230; Yas m\u0259rasimini Beyl\u0259qanda verdik. Sonra Bak\u0131da qald\u0131\u011f\u0131m\u0131z yataqxanada \u201cc\u00fcm\u0259 ax\u015fam\u0131\u201d el\u0259dik. N\u0259yim var\u0131yd\u0131? He\u00e7 n\u0259yim, ham\u0131s\u0131n\u0131 erm\u0259niy\u0259 qoyub \u00e7\u0131xm\u0131\u015fd\u0131m. St\u0259kan yox, n\u0259lb\u0259ki yox. Yataqxanadak\u0131lar y\u0131\u011f\u0131\u015f\u0131b, k\u00f6m\u0259k etdil\u0259r. \u201cC\u00fcm\u0259 ax\u015fam\u0131\u201d verirdik, qayn\u0131m\u0131n q\u0131z\u0131 g\u0259ldi ki, bibi, \u0259mimi tap\u0131blar. D\u00fc\u015f\u00fcnd\u00fcm ki, y\u0259qin sa\u011fd\u0131r. Q\u0131za dedim ki, bala, \u0259min\u0259 Cavidin \u00f6l\u00fcm\u00fcn\u00fc x\u0259b\u0259r verm\u0259yin, yoxsa \u00fcr\u0259yi partlayar. S\u0259n dem\u0259, ki\u015fi \u00f6l\u00fcbm\u00fc\u015f\u201d.\n<\/p>\n<figure class=\"wp-block-image size-large\">\n  <img decoding=\"async\" src=\"https:\/\/www.meydan.tv\/az\/__kb__r_quliyev-jpg\/\" alt=\"__kb__r_quliyev.jpg\" class=\"wp-image-152000\"\/><figcaption>\n    &#8220;Yolda\u015f\u0131m oktyabr\u0131n 23-d\u0259 itdi, dekabr\u0131n 22-d\u0259 Cavidin meyiti g\u0259ldi, \u201cc\u00fcm\u0259 ax\u015fam\u0131\u201dnda da \u0259rimin qal\u0131qlar\u0131 tap\u0131l\u0131b g\u0259tirildi&#8221;<br \/>\n  <\/figcaption><\/figure>\n<p>\n  \u00dclk\u0259r Abdullayeva deyir ki, h\u0259yat yolda\u015f\u0131 o\u011fullar\u0131 il\u0259 n\u0259f\u0259s al\u0131rm\u0131\u015f. Sanki ki\u00e7ik o\u011flu Cavidin \u00f6l\u00fcm\u00fcn\u00fc \u0259vv\u0259ld\u0259n hiss edib:\n<\/p>\n<p>\n  \u201cBir d\u0259f\u0259 ki\u00e7ik o\u011flum ona dedi ki, ata, b\u0259sdir arxamca g\u0259zdin. S\u0259n bel\u0259 etm\u0259kl\u0259 \u00f6z\u00fcn\u00fc d\u0259, m\u0259ni d\u0259 \u00f6l\u00fcm\u0259 ver\u0259c\u0259ks\u0259n. Yolda\u015f\u0131m da qay\u0131td\u0131 ki, s\u0259n\u0259, ya da qarda\u015f\u0131na n\u0259s\u0259 olsa, m\u0259n sizd\u0259n \u0259vv\u0259l \u00f6l\u0259c\u0259y\u0259m. El\u0259 d\u0259 oldu. Yolda\u015f\u0131m oktyabr\u0131n 23-d\u0259 itdi, dekabr\u0131n 22-d\u0259 Cavidin meyiti g\u0259ldi, \u201cc\u00fcm\u0259 ax\u015fam\u0131\u201dnda da \u0259rimin qal\u0131qlar\u0131 tap\u0131l\u0131b g\u0259tirildi. B\u00f6y\u00fck o\u011flunu axtarma\u011fa getdi, itkin d\u00fc\u015fd\u00fc. Ki\u00e7ik o\u011flunun yas m\u0259rasimind\u0259 \u00f6l\u00fcm x\u0259b\u0259ri g\u0259ldi. Horadiz i\u015f\u011faldan azad olunandan sonra qal\u0131qlar\u0131n\u0131 tapm\u0131\u015fd\u0131lar. Paltar\u0131ndan, qalstukundan, kostyumundan, jiletind\u0259n, a\u011farm\u0131\u015f sa\u00e7lar\u0131ndan tan\u0131ya bilibl\u0259r ki, \u018fkb\u0259r m\u00fc\u0259llimdir. Atadan-qarda\u015fdan sonra da iki q\u0131z \u00f6vlad\u0131m\u0131 itirdim. Beyl\u0259qana be\u015f tabut aparm\u0131\u015fam. Bir q\u0131z\u0131m Rusiyada ya\u015fay\u0131rd\u0131. Ba\u015f\u0131 atan\u0131n-qarda\u015f\u0131n \u00f6l\u00fcm\u00fcn\u0259 qar\u0131\u015fd\u0131. On be\u015f ya\u015f\u0131nda o\u011flu Volqa \u00e7ay\u0131nda bo\u011fuldu. Sonra da \u00f6z\u00fc \u00f6ld\u00fc. Ard\u0131nca 1973-c\u00fc il t\u0259v\u0259ll\u00fcdl\u00fc q\u0131z\u0131m P\u0259rvan\u0259 getdi. X\u0259st\u0259liyi vard\u0131, h\u0259kiml\u0259r demi\u015fdi ki, ail\u0259 qurmaq olmaz. D\u00f6rd ay\u0131n g\u0259lini idi. M\u00fcharib\u0259 ail\u0259mi p\u0259r\u0259n-p\u0259r\u0259n etdi.\n<\/p>\n<p>\n  1993-c\u00fc ild\u0259 Erm\u0259nistan silahl\u0131 q\u00fcvv\u0259l\u0259ri t\u0259r\u0259find\u0259n i\u015f\u011fal olunmu\u015f Horovlu k\u0259ndi bu il oktyabr\u0131n 4-d\u0259 azad edilib. Haz\u0131rda Yeni Yasamalda yerl\u0259\u015f\u0259n k\u00f6hn\u0259 m\u0259kt\u0259b binas\u0131nda ya\u015fayan \u00dclk\u0259r Allahverdiyeva s\u0259brsizlikl\u0259 \u00f6z do\u011fma yurd-yuvas\u0131na qay\u0131daca\u011f\u0131 g\u00fcn\u00fc g\u00f6zl\u0259yir.<\/p>\n","protected":false},"excerpt":{"rendered":"<p>&#8220;Q\u0131za dedim ki, bala, \u0259min\u0259 Cavidin \u00f6l\u00fcm\u00fcn\u00fc x\u0259b\u0259r verm\u0259yin, yoxsa \u00fcr\u0259yi partlayar&#8221;<\/p>\n","protected":false},"author":11,"featured_media":152006,"comment_status":"closed","ping_status":"open","sticky":false,"template":"","format":"standard","meta":{"_acf_changed":false,"_sitemap_exclude":false,"_sitemap_priority":"","_sitemap_frequency":"","footnotes":""},"categories":[60],"tags":[],"class_list":["post-203733","post","type-post","status-publish","format-standard","has-post-thumbnail","hentry","category-bolge","infinite-scroll-item","generate-columns","tablet-grid-50","mobile-grid-100","grid-parent","grid-33","no-featured-image-padding"],"acf":[],"yoast_head":"<!-- This site is optimized with the Yoast SEO plugin v27.5 - https:\/\/yoast.com\/product\/yoast-seo-wordpress\/ -->\n<title>C\u0259bray\u0131l sakini: M\u00fcharib\u0259 analar \u00fc\u00e7\u00fcn \u0259n d\u0259h\u015f\u0259tli l\u0259n\u0259tdir - MEYDAN.TV<\/title>\n<meta name=\"robots\" content=\"index, follow, max-snippet:-1, max-image-preview:large, max-video-preview:-1\" \/>\n<link rel=\"canonical\" href=\"https:\/\/www.meydan.tv\/az\/article\/cebrayil-sakini-muharibe-analar-ucun-en-dehsetli-lenetdir\/\" \/>\n<meta property=\"og:locale\" content=\"az_AZ\" \/>\n<meta property=\"og:type\" content=\"article\" \/>\n<meta property=\"og:title\" content=\"C\u0259bray\u0131l sakini: M\u00fcharib\u0259 analar \u00fc\u00e7\u00fcn \u0259n d\u0259h\u015f\u0259tli l\u0259n\u0259tdir - MEYDAN.TV\" \/>\n<meta property=\"og:description\" content=\"&quot;Q\u0131za dedim ki, bala, \u0259min\u0259 Cavidin \u00f6l\u00fcm\u00fcn\u00fc x\u0259b\u0259r verm\u0259yin, yoxsa \u00fcr\u0259yi partlayar&quot;\" \/>\n<meta property=\"og:url\" content=\"https:\/\/www.meydan.tv\/az\/article\/cebrayil-sakini-muharibe-analar-ucun-en-dehsetli-lenetdir\/\" \/>\n<meta property=\"og:site_name\" content=\"MEYDAN.TV\" \/>\n<meta property=\"article:published_time\" content=\"2020-11-24T09:46:58+00:00\" \/>\n<meta property=\"og:image\" content=\"https:\/\/www.meydan.tv\/wp-content\/uploads\/lk__r_allahverdiyeva-3.jpg\" \/>\n\t<meta property=\"og:image:width\" content=\"960\" \/>\n\t<meta property=\"og:image:height\" content=\"720\" \/>\n\t<meta property=\"og:image:type\" content=\"image\/jpeg\" \/>\n<meta name=\"author\" content=\"user-manager\" \/>\n<meta name=\"twitter:card\" content=\"summary_large_image\" \/>\n<script type=\"application\/ld+json\" class=\"yoast-schema-graph\">{\"@context\":\"https:\\\/\\\/schema.org\",\"@graph\":[{\"@type\":\"Article\",\"@id\":\"https:\\\/\\\/www.meydan.tv\\\/az\\\/article\\\/cebrayil-sakini-muharibe-analar-ucun-en-dehsetli-lenetdir\\\/#article\",\"isPartOf\":{\"@id\":\"https:\\\/\\\/www.meydan.tv\\\/az\\\/article\\\/cebrayil-sakini-muharibe-analar-ucun-en-dehsetli-lenetdir\\\/\"},\"author\":{\"name\":\"user-manager\",\"@id\":\"https:\\\/\\\/www.meydan.tv\\\/az\\\/#\\\/schema\\\/person\\\/10d11eccf6da3662cf5fdab9806ea91a\"},\"headline\":\"C\u0259bray\u0131l sakini: M\u00fcharib\u0259 analar \u00fc\u00e7\u00fcn \u0259n d\u0259h\u015f\u0259tli l\u0259n\u0259tdir\",\"datePublished\":\"2020-11-24T09:46:58+00:00\",\"mainEntityOfPage\":{\"@id\":\"https:\\\/\\\/www.meydan.tv\\\/az\\\/article\\\/cebrayil-sakini-muharibe-analar-ucun-en-dehsetli-lenetdir\\\/\"},\"wordCount\":1866,\"publisher\":{\"@id\":\"https:\\\/\\\/www.meydan.tv\\\/az\\\/#organization\"},\"image\":{\"@id\":\"https:\\\/\\\/www.meydan.tv\\\/az\\\/article\\\/cebrayil-sakini-muharibe-analar-ucun-en-dehsetli-lenetdir\\\/#primaryimage\"},\"thumbnailUrl\":\"https:\\\/\\\/www.meydan.tv\\\/wp-content\\\/uploads\\\/lk__r_allahverdiyeva-3.jpg\",\"articleSection\":[\"B\u00f6lg\u0259\"],\"inLanguage\":\"az\"},{\"@type\":\"WebPage\",\"@id\":\"https:\\\/\\\/www.meydan.tv\\\/az\\\/article\\\/cebrayil-sakini-muharibe-analar-ucun-en-dehsetli-lenetdir\\\/\",\"url\":\"https:\\\/\\\/www.meydan.tv\\\/az\\\/article\\\/cebrayil-sakini-muharibe-analar-ucun-en-dehsetli-lenetdir\\\/\",\"name\":\"C\u0259bray\u0131l sakini: M\u00fcharib\u0259 analar \u00fc\u00e7\u00fcn \u0259n d\u0259h\u015f\u0259tli l\u0259n\u0259tdir - MEYDAN.TV\",\"isPartOf\":{\"@id\":\"https:\\\/\\\/www.meydan.tv\\\/az\\\/#website\"},\"primaryImageOfPage\":{\"@id\":\"https:\\\/\\\/www.meydan.tv\\\/az\\\/article\\\/cebrayil-sakini-muharibe-analar-ucun-en-dehsetli-lenetdir\\\/#primaryimage\"},\"image\":{\"@id\":\"https:\\\/\\\/www.meydan.tv\\\/az\\\/article\\\/cebrayil-sakini-muharibe-analar-ucun-en-dehsetli-lenetdir\\\/#primaryimage\"},\"thumbnailUrl\":\"https:\\\/\\\/www.meydan.tv\\\/wp-content\\\/uploads\\\/lk__r_allahverdiyeva-3.jpg\",\"datePublished\":\"2020-11-24T09:46:58+00:00\",\"breadcrumb\":{\"@id\":\"https:\\\/\\\/www.meydan.tv\\\/az\\\/article\\\/cebrayil-sakini-muharibe-analar-ucun-en-dehsetli-lenetdir\\\/#breadcrumb\"},\"inLanguage\":\"az\",\"potentialAction\":[{\"@type\":\"ReadAction\",\"target\":[\"https:\\\/\\\/www.meydan.tv\\\/az\\\/article\\\/cebrayil-sakini-muharibe-analar-ucun-en-dehsetli-lenetdir\\\/\"]}]},{\"@type\":\"ImageObject\",\"inLanguage\":\"az\",\"@id\":\"https:\\\/\\\/www.meydan.tv\\\/az\\\/article\\\/cebrayil-sakini-muharibe-analar-ucun-en-dehsetli-lenetdir\\\/#primaryimage\",\"url\":\"https:\\\/\\\/www.meydan.tv\\\/wp-content\\\/uploads\\\/lk__r_allahverdiyeva-3.jpg\",\"contentUrl\":\"https:\\\/\\\/www.meydan.tv\\\/wp-content\\\/uploads\\\/lk__r_allahverdiyeva-3.jpg\",\"width\":960,\"height\":720,\"caption\":\"Source: Specify Source\"},{\"@type\":\"BreadcrumbList\",\"@id\":\"https:\\\/\\\/www.meydan.tv\\\/az\\\/article\\\/cebrayil-sakini-muharibe-analar-ucun-en-dehsetli-lenetdir\\\/#breadcrumb\",\"itemListElement\":[{\"@type\":\"ListItem\",\"position\":1,\"name\":\"Ana s\u0259hif\u0259\",\"item\":\"https:\\\/\\\/www.meydan.tv\\\/az\\\/\"},{\"@type\":\"ListItem\",\"position\":2,\"name\":\"B\u00f6lg\u0259\",\"item\":\"https:\\\/\\\/www.meydan.tv\\\/az\\\/section\\\/bolge\\\/\"},{\"@type\":\"ListItem\",\"position\":3,\"name\":\"C\u0259bray\u0131l sakini: M\u00fcharib\u0259 analar \u00fc\u00e7\u00fcn \u0259n d\u0259h\u015f\u0259tli l\u0259n\u0259tdir\"}]},{\"@type\":\"WebSite\",\"@id\":\"https:\\\/\\\/www.meydan.tv\\\/az\\\/#website\",\"url\":\"https:\\\/\\\/www.meydan.tv\\\/az\\\/\",\"name\":\"MEYDAN.TV\",\"description\":\"Meydan TV Az\u0259rbaycan\u0131n media m\u0259kan\u0131ndak\u0131 alternativ s\u0259sidir\",\"publisher\":{\"@id\":\"https:\\\/\\\/www.meydan.tv\\\/az\\\/#organization\"},\"potentialAction\":[{\"@type\":\"SearchAction\",\"target\":{\"@type\":\"EntryPoint\",\"urlTemplate\":\"https:\\\/\\\/www.meydan.tv\\\/az\\\/?s={search_term_string}\"},\"query-input\":{\"@type\":\"PropertyValueSpecification\",\"valueRequired\":true,\"valueName\":\"search_term_string\"}}],\"inLanguage\":\"az\"},{\"@type\":\"Organization\",\"@id\":\"https:\\\/\\\/www.meydan.tv\\\/az\\\/#organization\",\"name\":\"Meydan TV\",\"url\":\"https:\\\/\\\/www.meydan.tv\\\/az\\\/\",\"logo\":{\"@type\":\"ImageObject\",\"inLanguage\":\"az\",\"@id\":\"https:\\\/\\\/www.meydan.tv\\\/az\\\/#\\\/schema\\\/logo\\\/image\\\/\",\"url\":\"https:\\\/\\\/www.meydan.tv\\\/wp-content\\\/uploads\\\/2021\\\/07\\\/meydan-logo.svg\",\"contentUrl\":\"https:\\\/\\\/www.meydan.tv\\\/wp-content\\\/uploads\\\/2021\\\/07\\\/meydan-logo.svg\",\"width\":195,\"height\":46,\"caption\":\"Meydan TV\"},\"image\":{\"@id\":\"https:\\\/\\\/www.meydan.tv\\\/az\\\/#\\\/schema\\\/logo\\\/image\\\/\"}},{\"@type\":\"Person\",\"@id\":\"https:\\\/\\\/www.meydan.tv\\\/az\\\/#\\\/schema\\\/person\\\/10d11eccf6da3662cf5fdab9806ea91a\",\"name\":\"user-manager\"}]}<\/script>\n<!-- \/ Yoast SEO plugin. -->","yoast_head_json":{"title":"C\u0259bray\u0131l sakini: M\u00fcharib\u0259 analar \u00fc\u00e7\u00fcn \u0259n d\u0259h\u015f\u0259tli l\u0259n\u0259tdir - MEYDAN.TV","robots":{"index":"index","follow":"follow","max-snippet":"max-snippet:-1","max-image-preview":"max-image-preview:large","max-video-preview":"max-video-preview:-1"},"canonical":"https:\/\/www.meydan.tv\/az\/article\/cebrayil-sakini-muharibe-analar-ucun-en-dehsetli-lenetdir\/","og_locale":"az_AZ","og_type":"article","og_title":"C\u0259bray\u0131l sakini: M\u00fcharib\u0259 analar \u00fc\u00e7\u00fcn \u0259n d\u0259h\u015f\u0259tli l\u0259n\u0259tdir - MEYDAN.TV","og_description":"\"Q\u0131za dedim ki, bala, \u0259min\u0259 Cavidin \u00f6l\u00fcm\u00fcn\u00fc x\u0259b\u0259r verm\u0259yin, yoxsa \u00fcr\u0259yi partlayar\"","og_url":"https:\/\/www.meydan.tv\/az\/article\/cebrayil-sakini-muharibe-analar-ucun-en-dehsetli-lenetdir\/","og_site_name":"MEYDAN.TV","article_published_time":"2020-11-24T09:46:58+00:00","og_image":[{"width":960,"height":720,"url":"https:\/\/www.meydan.tv\/wp-content\/uploads\/lk__r_allahverdiyeva-3.jpg","type":"image\/jpeg"}],"author":"user-manager","twitter_card":"summary_large_image","schema":{"@context":"https:\/\/schema.org","@graph":[{"@type":"Article","@id":"https:\/\/www.meydan.tv\/az\/article\/cebrayil-sakini-muharibe-analar-ucun-en-dehsetli-lenetdir\/#article","isPartOf":{"@id":"https:\/\/www.meydan.tv\/az\/article\/cebrayil-sakini-muharibe-analar-ucun-en-dehsetli-lenetdir\/"},"author":{"name":"user-manager","@id":"https:\/\/www.meydan.tv\/az\/#\/schema\/person\/10d11eccf6da3662cf5fdab9806ea91a"},"headline":"C\u0259bray\u0131l sakini: M\u00fcharib\u0259 analar \u00fc\u00e7\u00fcn \u0259n d\u0259h\u015f\u0259tli l\u0259n\u0259tdir","datePublished":"2020-11-24T09:46:58+00:00","mainEntityOfPage":{"@id":"https:\/\/www.meydan.tv\/az\/article\/cebrayil-sakini-muharibe-analar-ucun-en-dehsetli-lenetdir\/"},"wordCount":1866,"publisher":{"@id":"https:\/\/www.meydan.tv\/az\/#organization"},"image":{"@id":"https:\/\/www.meydan.tv\/az\/article\/cebrayil-sakini-muharibe-analar-ucun-en-dehsetli-lenetdir\/#primaryimage"},"thumbnailUrl":"https:\/\/www.meydan.tv\/wp-content\/uploads\/lk__r_allahverdiyeva-3.jpg","articleSection":["B\u00f6lg\u0259"],"inLanguage":"az"},{"@type":"WebPage","@id":"https:\/\/www.meydan.tv\/az\/article\/cebrayil-sakini-muharibe-analar-ucun-en-dehsetli-lenetdir\/","url":"https:\/\/www.meydan.tv\/az\/article\/cebrayil-sakini-muharibe-analar-ucun-en-dehsetli-lenetdir\/","name":"C\u0259bray\u0131l sakini: M\u00fcharib\u0259 analar \u00fc\u00e7\u00fcn \u0259n d\u0259h\u015f\u0259tli l\u0259n\u0259tdir - MEYDAN.TV","isPartOf":{"@id":"https:\/\/www.meydan.tv\/az\/#website"},"primaryImageOfPage":{"@id":"https:\/\/www.meydan.tv\/az\/article\/cebrayil-sakini-muharibe-analar-ucun-en-dehsetli-lenetdir\/#primaryimage"},"image":{"@id":"https:\/\/www.meydan.tv\/az\/article\/cebrayil-sakini-muharibe-analar-ucun-en-dehsetli-lenetdir\/#primaryimage"},"thumbnailUrl":"https:\/\/www.meydan.tv\/wp-content\/uploads\/lk__r_allahverdiyeva-3.jpg","datePublished":"2020-11-24T09:46:58+00:00","breadcrumb":{"@id":"https:\/\/www.meydan.tv\/az\/article\/cebrayil-sakini-muharibe-analar-ucun-en-dehsetli-lenetdir\/#breadcrumb"},"inLanguage":"az","potentialAction":[{"@type":"ReadAction","target":["https:\/\/www.meydan.tv\/az\/article\/cebrayil-sakini-muharibe-analar-ucun-en-dehsetli-lenetdir\/"]}]},{"@type":"ImageObject","inLanguage":"az","@id":"https:\/\/www.meydan.tv\/az\/article\/cebrayil-sakini-muharibe-analar-ucun-en-dehsetli-lenetdir\/#primaryimage","url":"https:\/\/www.meydan.tv\/wp-content\/uploads\/lk__r_allahverdiyeva-3.jpg","contentUrl":"https:\/\/www.meydan.tv\/wp-content\/uploads\/lk__r_allahverdiyeva-3.jpg","width":960,"height":720,"caption":"Source: Specify Source"},{"@type":"BreadcrumbList","@id":"https:\/\/www.meydan.tv\/az\/article\/cebrayil-sakini-muharibe-analar-ucun-en-dehsetli-lenetdir\/#breadcrumb","itemListElement":[{"@type":"ListItem","position":1,"name":"Ana s\u0259hif\u0259","item":"https:\/\/www.meydan.tv\/az\/"},{"@type":"ListItem","position":2,"name":"B\u00f6lg\u0259","item":"https:\/\/www.meydan.tv\/az\/section\/bolge\/"},{"@type":"ListItem","position":3,"name":"C\u0259bray\u0131l sakini: M\u00fcharib\u0259 analar \u00fc\u00e7\u00fcn \u0259n d\u0259h\u015f\u0259tli l\u0259n\u0259tdir"}]},{"@type":"WebSite","@id":"https:\/\/www.meydan.tv\/az\/#website","url":"https:\/\/www.meydan.tv\/az\/","name":"MEYDAN.TV","description":"Meydan TV Az\u0259rbaycan\u0131n media m\u0259kan\u0131ndak\u0131 alternativ s\u0259sidir","publisher":{"@id":"https:\/\/www.meydan.tv\/az\/#organization"},"potentialAction":[{"@type":"SearchAction","target":{"@type":"EntryPoint","urlTemplate":"https:\/\/www.meydan.tv\/az\/?s={search_term_string}"},"query-input":{"@type":"PropertyValueSpecification","valueRequired":true,"valueName":"search_term_string"}}],"inLanguage":"az"},{"@type":"Organization","@id":"https:\/\/www.meydan.tv\/az\/#organization","name":"Meydan TV","url":"https:\/\/www.meydan.tv\/az\/","logo":{"@type":"ImageObject","inLanguage":"az","@id":"https:\/\/www.meydan.tv\/az\/#\/schema\/logo\/image\/","url":"https:\/\/www.meydan.tv\/wp-content\/uploads\/2021\/07\/meydan-logo.svg","contentUrl":"https:\/\/www.meydan.tv\/wp-content\/uploads\/2021\/07\/meydan-logo.svg","width":195,"height":46,"caption":"Meydan TV"},"image":{"@id":"https:\/\/www.meydan.tv\/az\/#\/schema\/logo\/image\/"}},{"@type":"Person","@id":"https:\/\/www.meydan.tv\/az\/#\/schema\/person\/10d11eccf6da3662cf5fdab9806ea91a","name":"user-manager"}]}},"_links":{"self":[{"href":"https:\/\/www.meydan.tv\/az\/wp-json\/wp\/v2\/posts\/203733","targetHints":{"allow":["GET"]}}],"collection":[{"href":"https:\/\/www.meydan.tv\/az\/wp-json\/wp\/v2\/posts"}],"about":[{"href":"https:\/\/www.meydan.tv\/az\/wp-json\/wp\/v2\/types\/post"}],"author":[{"embeddable":true,"href":"https:\/\/www.meydan.tv\/az\/wp-json\/wp\/v2\/users\/11"}],"replies":[{"embeddable":true,"href":"https:\/\/www.meydan.tv\/az\/wp-json\/wp\/v2\/comments?post=203733"}],"version-history":[{"count":0,"href":"https:\/\/www.meydan.tv\/az\/wp-json\/wp\/v2\/posts\/203733\/revisions"}],"wp:featuredmedia":[{"embeddable":true,"href":"https:\/\/www.meydan.tv\/az\/wp-json\/wp\/v2\/media\/152006"}],"wp:attachment":[{"href":"https:\/\/www.meydan.tv\/az\/wp-json\/wp\/v2\/media?parent=203733"}],"wp:term":[{"taxonomy":"category","embeddable":true,"href":"https:\/\/www.meydan.tv\/az\/wp-json\/wp\/v2\/categories?post=203733"},{"taxonomy":"post_tag","embeddable":true,"href":"https:\/\/www.meydan.tv\/az\/wp-json\/wp\/v2\/tags?post=203733"}],"curies":[{"name":"wp","href":"https:\/\/api.w.org\/{rel}","templated":true}]}}