{"id":203714,"date":"2020-11-23T09:34:26","date_gmt":"2020-11-23T09:34:26","guid":{"rendered":"https:\/\/www.meydan.tv\/article\/sekide-aile-muveqqeti-qalmaga-yer-tapanda-sevinirik\/"},"modified":"2020-11-23T09:34:26","modified_gmt":"2020-11-23T09:34:26","slug":"sekide-aile-muveqqeti-qalmaga-yer-tapanda-sevinirik","status":"publish","type":"post","link":"https:\/\/www.meydan.tv\/az\/article\/sekide-aile-muveqqeti-qalmaga-yer-tapanda-sevinirik\/","title":{"rendered":"\u015e\u0259kid\u0259 ail\u0259: M\u00fcv\u0259qq\u0259ti qalma\u011fa yer tapanda sevinirik"},"content":{"rendered":"<p>\n  <i><br \/>\n    \u201cV\u0259ziyy\u0259timiz inan\u0131lmaz d\u0259r\u0259c\u0259d\u0259 a\u011f\u0131rd\u0131r&#8230;\u201d<br \/>\n  <\/i>\n<\/p>\n<p>\n  Evsizliyin \u0259ziyy\u0259tini ya\u015fayan \u015e\u0259ki sakini G\u00fcnel \u018fliheyd\u0259rova problemin h\u0259lli \u00fc\u00e7\u00fcn \u00e7ox yer\u0259 m\u00fcraci\u0259t edib. Tez-tez ya\u015fay\u0131\u015f yerini d\u0259yi\u015fm\u0259li olan alt\u0131 n\u0259f\u0259rlik ail\u0259nin s\u0259sini e\u015fid\u0259n olmay\u0131b.\n<\/p>\n<p>\n  <b><br \/>\n    \u201cBir taxtda 6 n\u0259f\u0259r yat\u0131r\u0131q\u201d<br \/>\n  <\/b>\n<\/p>\n<p>\n  30 ya\u015fl\u0131 qad\u0131n x\u00fcsusil\u0259 son iki ild\u0259 \u00e7ox m\u00fcbariz\u0259 apard\u0131\u011f\u0131n\u0131 deyir. Evsizlik ail\u0259ni \u00e7ar\u0259siz v\u0259ziyy\u0259td\u0259 qoyur. Onlar ya\u015fay\u0131\u015f yerini az qala, h\u0259r ay d\u0259yi\u015fm\u0259k m\u0259cburiyy\u0259tind\u0259 qal\u0131rlar: \u201cHe\u00e7 vaxt evimiz olmay\u0131b. Orda-burda ya\u015fay\u0131r\u0131q. Yax\u0131nlar\u0131n, qohumlar\u0131n evin\u0259 s\u0131\u011f\u0131n\u0131r\u0131q. Bir g\u00fcn day\u0131mgil\u0259, bir g\u00fcn h\u0259yat yolda\u015f\u0131m\u0131n \u0259misigil\u0259 \u00fcz tuturuq. Kim m\u00fcv\u0259qq\u0259ti ya\u015fama\u011fa yer t\u0259klif el\u0259s\u0259, raz\u0131la\u015f\u0131r\u0131q. Ya\u015fama\u011fa konkret ev yoxdu, qap\u0131-qap\u0131 g\u0259zirik\u201d.\n<\/p>\n<p>\n  G\u00fcnel \u018fliheyd\u0259rova bildirir ki, kiray\u0259 qalma\u011fa maddi imkanlar\u0131 yoxdur. Onsuz da \u00e7\u0259tinlikl\u0259 dolan\u0131rlar. Ail\u0259 yax\u0131nlar\u0131n m\u0259rh\u0259m\u0259tinin \u00fcmidin\u0259 qal\u0131b:\n<\/p>\n<p>\n  \u201c\u0130ndi qald\u0131\u011f\u0131m\u0131z yer \u00e7ox r\u00fctub\u0259tlidir. U\u015faqlar havas\u0131zl\u0131qdan \u0259ziyy\u0259t \u00e7\u0259kir. Amma \u00e7ar\u0259 d\u0259 yoxdur. M\u00fcv\u0259qq\u0259ti qalma\u011fa yer tapanda sevinirik. \u0130nan\u0131n, taxtda 6 n\u0259f\u0259r yat\u0131r\u0131q. U\u015faqlar\u0131n yatma\u011fa yeri yoxdu. S\u0259h\u0259r\u0259 q\u0259d\u0259r g\u00f6z\u00fcm\u0259 yuxu getmir. Qald\u0131\u011f\u0131m\u0131z otaq \u00e7ox n\u0259m \u00e7\u0259kir. V\u0259ziyy\u0259timiz inan\u0131lmaz d\u0259r\u0259c\u0259d\u0259 a\u011f\u0131rd\u0131\u201d.\n<\/p>\n<figure class=\"wp-block-image size-large\">\n  <img decoding=\"async\" src=\"https:\/\/www.meydan.tv\/az\/untitled_artwork_1-jpg\/\" alt=\"untitled_artwork_1.jpg\" class=\"wp-image-151886\"\/><figcaption>\n    &#8220;U\u015faqlar havas\u0131zl\u0131qdan \u0259ziyy\u0259t \u00e7\u0259kir&#8221;<br \/>\n  <\/figcaption><\/figure>\n<p>\n  <b><br \/>\n    \u201cCavab verdil\u0259r ki, \u015e\u0259kid\u0259 ev yoxdur\u201d<br \/>\n  <\/b>\n<\/p>\n<p>\n  Ail\u0259 problemin h\u0259lli \u00fc\u00e7\u00fcn Prezident Administrasiyas\u0131, Heyd\u0259r \u018fliyev Fondu da daxil \u00e7ox yerl\u0259r\u0259 m\u00fcraci\u0259t edib:\n<\/p>\n<p>\n  \u201cSon ill\u0259r bu i\u015fl\u0259 lap ciddi m\u0259\u015f\u011ful oluruq, gedib-g\u0259lirik. Prezident Aparat\u0131na m\u00fcraci\u0259t el\u0259mi\u015f\u0259m h\u0259tta. D\u0259f\u0259l\u0259rl\u0259 \u015e\u0259kinin \u0130cra Hakimiyy\u0259tin\u0259 getmi\u015f\u0259m. Mehriban \u018fliyevaya q\u0259d\u0259r yazm\u0131\u015fam. Biziml\u0259 maraqlanan yoxdur. Mehriban \u018fliyevaya m\u00fcraci\u0259tim \u0130cra Hakimiyy\u0259tin\u0259 y\u00f6nl\u0259ndirilmi\u015fdi. Ordan m\u0259n\u0259 cavab verdil\u0259r ki, \u015e\u0259kid\u0259 ev yoxdur\u201d.\n<\/p>\n<p>\n  G\u00fcnel \u018fliheyd\u0259rovan\u0131n fikrinc\u0259, \u015e\u0259ki Rayon \u0130cra Hakimiyy\u0259ti problemi h\u0259ll etm\u0259k ist\u0259mir. Qad\u0131n hesab edir ki, rayon r\u0259hb\u0259rliyinin onlara k\u00f6m\u0259k etm\u0259k ist\u0259yi olsa, alternativ variantlar bar\u0259d\u0259 d\u0259 d\u00fc\u015f\u00fcn\u00fcb, \u00e7ar\u0259 tapa bil\u0259rl\u0259r:\n<\/p>\n<p>\n  \u201cHe\u00e7 bir t\u0259dbir g\u00f6rm\u00fcrl\u0259r. Bigan\u0259 yana\u015f\u0131rlar. Deyirl\u0259r, he\u00e7 torpaq da ver\u0259 bilm\u0259rik. H\u0259r vasit\u0259d\u0259n istifad\u0259 el\u0259mi\u015fik. R\u0259smi m\u00fcraci\u0259t d\u0259 olub. Cavabda yaz\u0131rlar ki, n\u0259 vaxt imkan olarsa, n\u0259z\u0259r\u0259 alar\u0131q. El\u0259 bil, ba\u015fdan el\u0259yirl\u0259r bizi. V\u0259ziyy\u0259timizi anlamaq ist\u0259mirl\u0259r\u201d.\n<\/p>\n<figure class=\"wp-block-image size-large\">\n  <img decoding=\"async\" src=\"https:\/\/www.meydan.tv\/az\/untitled_artwork-jpg-13\/\" alt=\"untitled_artwork.jpg\" class=\"wp-image-151892\"\/><figcaption>\n    G\u00fcnel \u018fliheyd\u0259rovan\u0131n fikrinc\u0259, \u015e\u0259ki Rayon \u0130cra Hakimiyy\u0259ti problemi h\u0259ll etm\u0259k ist\u0259mir.<br \/>\n  <\/figcaption><\/figure>\n<p>\n  <b><br \/>\n    \u201c\u00c7ox vaxt sup yeyirik\u201d<br \/>\n  <\/b>\n<\/p>\n<p>\n  \u018fliheyd\u0259rovlar ail\u0259sind\u0259 3 q\u0131z, 1 o\u011flan u\u015fa\u011f\u0131 b\u00f6y\u00fcy\u00fcr. U\u015faqlar h\u0259l\u0259 m\u0259kt\u0259b ya\u015f\u0131na \u00e7atmay\u0131b. B\u00f6y\u00fck \u00f6vlad\u0131n 6 ya\u015f\u0131 var, evin sonbe\u015fiyi 6 ayl\u0131qd\u0131r:\n<\/p>\n<p>\n  \u201cKi\u00e7ik \u00f6vlad\u0131m\u0131n \u00fcr\u0259yind\u0259 probleml\u0259r var. Onu m\u00fcalic\u0259 el\u0259tdirm\u0259y\u0259 \u00e7al\u0131\u015f\u0131r\u0131q. Kas\u0131b ail\u0259yik. \u00c7ox pis dolan\u0131r\u0131q. K\u0259nardan he\u00e7 bir k\u00f6m\u0259k yoxdu. H\u0259yat yolda\u015f\u0131m f\u0259hl\u0259di. T\u0259hsilsizik, i\u015f tapmaq da olmur. \u00c7ox vaxt sup yeyirik. \u00dcmumiyy\u0259tl\u0259, g\u00fcnd\u0259 \u00fc\u00e7 d\u0259f\u0259 qidalana bilmirik. U\u015faqlara doyunca yem\u0259k verm\u0259y\u0259 g\u00fcc\u00fcm\u00fcz \u00e7atm\u0131r. H\u0259r g\u00fcn\u00fc birt\u0259h\u0259r yola verm\u0259y\u0259 \u00e7al\u0131\u015f\u0131r\u0131q\u201d.\n<\/p>\n<p>\n  G\u00fcnel xan\u0131m deyir ki, h\u0259yat yolda\u015f\u0131n\u0131n ofisiant kimi i\u015fl\u0259diyi vaxtlar da olur. N\u0259 i\u015f olsa, imtina etmirl\u0259r. \u00c7\u00fcnki ev\u0259 pul g\u0259tirm\u0259k laz\u0131md\u0131r: \u201c\u0130ndi \u015e\u0259kid\u0259 karantin rejimidi, he\u00e7 yer\u0259 ged\u0259 bilmir. Bir ayd\u0131 \u00fcnvanl\u0131 sosial yard\u0131m al\u0131r\u0131q. Bunun \u00fc\u00e7\u00fcn d\u0259 uzun m\u00fcdd\u0259t m\u00fcbariz\u0259 aparm\u0131\u015f\u0131q, gedib-g\u0259lmi\u015fik. Amma 190 manat\u0131 verm\u0259dil\u0259r. Yayda yoxlad\u0131q, biz\u0259 d\u00fc\u015fm\u0259di. H\u0259yat yolda\u015f\u0131m o g\u00fcn ayr\u0131ca bu i\u015f \u00fc\u00e7\u00fcn getmi\u015fdi. \u0130dar\u0259d\u0259 he\u00e7 kimi tapmam\u0131\u015fd\u0131. Yen\u0259 \u00fcmidimizi itirmirik\u201d.\n<\/p>\n<figure class=\"wp-block-image size-large\">\n  <img decoding=\"async\" src=\"https:\/\/www.meydan.tv\/az\/untitled_artwork_2-jpg\/\" alt=\"untitled_artwork_2.jpg\" class=\"wp-image-151877\"\/><figcaption>\n    &#8220;H\u0259yat yolda\u015f\u0131m o g\u00fcn ayr\u0131ca bu i\u015f \u00fc\u00e7\u00fcn getmi\u015fdi&#8221;<br \/>\n  <\/figcaption><\/figure>\n<p>\n  <b><br \/>\n    \u0130cra Hakimiyy\u0259ti n\u0259 deyir?<br \/>\n  <\/b>\n<\/p>\n<p>\n  \u015e\u0259kinin icra ba\u015f\u00e7\u0131s\u0131n\u0131n m\u00fcavini, \u0130cra Hakimiyy\u0259tinin \u015f\u0259h\u0259r t\u0259s\u0259rr\u00fcfat\u0131 \u015f\u00f6b\u0259sinin m\u00fcdiri v\u0259zif\u0259sini icra ed\u0259n Nizami \u0130smay\u0131lov ail\u0259nin problemi il\u0259 ba\u011fl\u0131 cavab m\u0259ktubunda bildirib ki, \u0130cra Hakimiyy\u0259tinin m\u0259nzil fondunda bo\u015f v\u0259 ya istifad\u0259siz m\u0259nzil yoxdur. Ona g\u00f6r\u0259 d\u0259 \u018fliheyd\u0259rovlar\u0131n t\u0259l\u0259binin icras\u0131 haz\u0131rda m\u00fcmk\u00fcn deyil: \u201cG\u0259l\u0259c\u0259kd\u0259 \u0259lav\u0259 imkanlar yaranarsa, m\u00fcraci\u0259t n\u0259z\u0259r\u0259 al\u0131nacaq\u201d.\n<\/p>\n<p>\n  \u015e\u0259ki \u015f\u0259h\u0259r \u0130cra Hakimiyy\u0259ti ba\u015f\u00e7\u0131s\u0131n\u0131n birinci m\u00fcavini H\u0259s\u0259n H\u0259s\u0259nov da bir m\u00fcdd\u0259t \u0259vv\u0259l ail\u0259y\u0259 eyni cavab\u0131 verib.\n<\/p>\n<figure class=\"wp-block-image size-large\">\n  <img decoding=\"async\" src=\"https:\/\/www.meydan.tv\/az\/untitled_artwork_3-jpg\/\" alt=\"untitled_artwork_3.jpg\" class=\"wp-image-151880\"\/><figcaption>\n    &#8221; \u00c7ox vaxt sup yeyirik&#8221;<br \/>\n  <\/figcaption><\/figure>\n","protected":false},"excerpt":{"rendered":"<p>&#8220;V\u0259ziyy\u0259timizi anlamaq ist\u0259mirl\u0259r\u201d.<\/p>\n","protected":false},"author":11,"featured_media":151874,"comment_status":"closed","ping_status":"open","sticky":false,"template":"","format":"standard","meta":{"_acf_changed":false,"_sitemap_exclude":false,"_sitemap_priority":"","_sitemap_frequency":"","footnotes":""},"categories":[60],"tags":[],"class_list":["post-203714","post","type-post","status-publish","format-standard","has-post-thumbnail","hentry","category-bolge","infinite-scroll-item","generate-columns","tablet-grid-50","mobile-grid-100","grid-parent","grid-33","no-featured-image-padding"],"acf":[],"yoast_head":"<!-- This site is optimized with the Yoast SEO plugin v27.5 - https:\/\/yoast.com\/product\/yoast-seo-wordpress\/ -->\n<title>\u015e\u0259kid\u0259 ail\u0259: M\u00fcv\u0259qq\u0259ti qalma\u011fa yer tapanda sevinirik - MEYDAN.TV<\/title>\n<meta name=\"robots\" content=\"index, follow, max-snippet:-1, max-image-preview:large, max-video-preview:-1\" \/>\n<link rel=\"canonical\" href=\"https:\/\/www.meydan.tv\/az\/article\/sekide-aile-muveqqeti-qalmaga-yer-tapanda-sevinirik\/\" \/>\n<meta property=\"og:locale\" content=\"az_AZ\" \/>\n<meta property=\"og:type\" content=\"article\" \/>\n<meta property=\"og:title\" content=\"\u015e\u0259kid\u0259 ail\u0259: M\u00fcv\u0259qq\u0259ti qalma\u011fa yer tapanda sevinirik - MEYDAN.TV\" \/>\n<meta property=\"og:description\" content=\"&quot;V\u0259ziyy\u0259timizi anlamaq ist\u0259mirl\u0259r\u201d.\" \/>\n<meta property=\"og:url\" content=\"https:\/\/www.meydan.tv\/az\/article\/sekide-aile-muveqqeti-qalmaga-yer-tapanda-sevinirik\/\" \/>\n<meta property=\"og:site_name\" content=\"MEYDAN.TV\" \/>\n<meta property=\"article:published_time\" content=\"2020-11-23T09:34:26+00:00\" \/>\n<meta property=\"og:image\" content=\"https:\/\/www.meydan.tv\/wp-content\/uploads\/untitled_artwork_4-scaled.jpeg\" \/>\n\t<meta property=\"og:image:width\" content=\"2560\" \/>\n\t<meta property=\"og:image:height\" content=\"1707\" \/>\n\t<meta property=\"og:image:type\" content=\"image\/jpeg\" \/>\n<meta name=\"author\" content=\"user-manager\" \/>\n<meta name=\"twitter:card\" content=\"summary_large_image\" \/>\n<script type=\"application\/ld+json\" class=\"yoast-schema-graph\">{\"@context\":\"https:\\\/\\\/schema.org\",\"@graph\":[{\"@type\":\"Article\",\"@id\":\"https:\\\/\\\/www.meydan.tv\\\/az\\\/article\\\/sekide-aile-muveqqeti-qalmaga-yer-tapanda-sevinirik\\\/#article\",\"isPartOf\":{\"@id\":\"https:\\\/\\\/www.meydan.tv\\\/az\\\/article\\\/sekide-aile-muveqqeti-qalmaga-yer-tapanda-sevinirik\\\/\"},\"author\":{\"name\":\"user-manager\",\"@id\":\"https:\\\/\\\/www.meydan.tv\\\/az\\\/#\\\/schema\\\/person\\\/10d11eccf6da3662cf5fdab9806ea91a\"},\"headline\":\"\u015e\u0259kid\u0259 ail\u0259: M\u00fcv\u0259qq\u0259ti qalma\u011fa yer tapanda sevinirik\",\"datePublished\":\"2020-11-23T09:34:26+00:00\",\"mainEntityOfPage\":{\"@id\":\"https:\\\/\\\/www.meydan.tv\\\/az\\\/article\\\/sekide-aile-muveqqeti-qalmaga-yer-tapanda-sevinirik\\\/\"},\"wordCount\":884,\"publisher\":{\"@id\":\"https:\\\/\\\/www.meydan.tv\\\/az\\\/#organization\"},\"image\":{\"@id\":\"https:\\\/\\\/www.meydan.tv\\\/az\\\/article\\\/sekide-aile-muveqqeti-qalmaga-yer-tapanda-sevinirik\\\/#primaryimage\"},\"thumbnailUrl\":\"https:\\\/\\\/www.meydan.tv\\\/wp-content\\\/uploads\\\/untitled_artwork_4-scaled.jpeg\",\"articleSection\":[\"B\u00f6lg\u0259\"],\"inLanguage\":\"az\"},{\"@type\":\"WebPage\",\"@id\":\"https:\\\/\\\/www.meydan.tv\\\/az\\\/article\\\/sekide-aile-muveqqeti-qalmaga-yer-tapanda-sevinirik\\\/\",\"url\":\"https:\\\/\\\/www.meydan.tv\\\/az\\\/article\\\/sekide-aile-muveqqeti-qalmaga-yer-tapanda-sevinirik\\\/\",\"name\":\"\u015e\u0259kid\u0259 ail\u0259: M\u00fcv\u0259qq\u0259ti qalma\u011fa yer tapanda sevinirik - MEYDAN.TV\",\"isPartOf\":{\"@id\":\"https:\\\/\\\/www.meydan.tv\\\/az\\\/#website\"},\"primaryImageOfPage\":{\"@id\":\"https:\\\/\\\/www.meydan.tv\\\/az\\\/article\\\/sekide-aile-muveqqeti-qalmaga-yer-tapanda-sevinirik\\\/#primaryimage\"},\"image\":{\"@id\":\"https:\\\/\\\/www.meydan.tv\\\/az\\\/article\\\/sekide-aile-muveqqeti-qalmaga-yer-tapanda-sevinirik\\\/#primaryimage\"},\"thumbnailUrl\":\"https:\\\/\\\/www.meydan.tv\\\/wp-content\\\/uploads\\\/untitled_artwork_4-scaled.jpeg\",\"datePublished\":\"2020-11-23T09:34:26+00:00\",\"breadcrumb\":{\"@id\":\"https:\\\/\\\/www.meydan.tv\\\/az\\\/article\\\/sekide-aile-muveqqeti-qalmaga-yer-tapanda-sevinirik\\\/#breadcrumb\"},\"inLanguage\":\"az\",\"potentialAction\":[{\"@type\":\"ReadAction\",\"target\":[\"https:\\\/\\\/www.meydan.tv\\\/az\\\/article\\\/sekide-aile-muveqqeti-qalmaga-yer-tapanda-sevinirik\\\/\"]}]},{\"@type\":\"ImageObject\",\"inLanguage\":\"az\",\"@id\":\"https:\\\/\\\/www.meydan.tv\\\/az\\\/article\\\/sekide-aile-muveqqeti-qalmaga-yer-tapanda-sevinirik\\\/#primaryimage\",\"url\":\"https:\\\/\\\/www.meydan.tv\\\/wp-content\\\/uploads\\\/untitled_artwork_4-scaled.jpeg\",\"contentUrl\":\"https:\\\/\\\/www.meydan.tv\\\/wp-content\\\/uploads\\\/untitled_artwork_4-scaled.jpeg\",\"width\":2560,\"height\":1707,\"caption\":\"Source: Specify Source\"},{\"@type\":\"BreadcrumbList\",\"@id\":\"https:\\\/\\\/www.meydan.tv\\\/az\\\/article\\\/sekide-aile-muveqqeti-qalmaga-yer-tapanda-sevinirik\\\/#breadcrumb\",\"itemListElement\":[{\"@type\":\"ListItem\",\"position\":1,\"name\":\"Ana s\u0259hif\u0259\",\"item\":\"https:\\\/\\\/www.meydan.tv\\\/az\\\/\"},{\"@type\":\"ListItem\",\"position\":2,\"name\":\"B\u00f6lg\u0259\",\"item\":\"https:\\\/\\\/www.meydan.tv\\\/az\\\/section\\\/bolge\\\/\"},{\"@type\":\"ListItem\",\"position\":3,\"name\":\"\u015e\u0259kid\u0259 ail\u0259: M\u00fcv\u0259qq\u0259ti qalma\u011fa yer tapanda sevinirik\"}]},{\"@type\":\"WebSite\",\"@id\":\"https:\\\/\\\/www.meydan.tv\\\/az\\\/#website\",\"url\":\"https:\\\/\\\/www.meydan.tv\\\/az\\\/\",\"name\":\"MEYDAN.TV\",\"description\":\"Meydan TV Az\u0259rbaycan\u0131n media m\u0259kan\u0131ndak\u0131 alternativ s\u0259sidir\",\"publisher\":{\"@id\":\"https:\\\/\\\/www.meydan.tv\\\/az\\\/#organization\"},\"potentialAction\":[{\"@type\":\"SearchAction\",\"target\":{\"@type\":\"EntryPoint\",\"urlTemplate\":\"https:\\\/\\\/www.meydan.tv\\\/az\\\/?s={search_term_string}\"},\"query-input\":{\"@type\":\"PropertyValueSpecification\",\"valueRequired\":true,\"valueName\":\"search_term_string\"}}],\"inLanguage\":\"az\"},{\"@type\":\"Organization\",\"@id\":\"https:\\\/\\\/www.meydan.tv\\\/az\\\/#organization\",\"name\":\"Meydan TV\",\"url\":\"https:\\\/\\\/www.meydan.tv\\\/az\\\/\",\"logo\":{\"@type\":\"ImageObject\",\"inLanguage\":\"az\",\"@id\":\"https:\\\/\\\/www.meydan.tv\\\/az\\\/#\\\/schema\\\/logo\\\/image\\\/\",\"url\":\"https:\\\/\\\/www.meydan.tv\\\/wp-content\\\/uploads\\\/2021\\\/07\\\/meydan-logo.svg\",\"contentUrl\":\"https:\\\/\\\/www.meydan.tv\\\/wp-content\\\/uploads\\\/2021\\\/07\\\/meydan-logo.svg\",\"width\":195,\"height\":46,\"caption\":\"Meydan TV\"},\"image\":{\"@id\":\"https:\\\/\\\/www.meydan.tv\\\/az\\\/#\\\/schema\\\/logo\\\/image\\\/\"}},{\"@type\":\"Person\",\"@id\":\"https:\\\/\\\/www.meydan.tv\\\/az\\\/#\\\/schema\\\/person\\\/10d11eccf6da3662cf5fdab9806ea91a\",\"name\":\"user-manager\"}]}<\/script>\n<!-- \/ Yoast SEO plugin. -->","yoast_head_json":{"title":"\u015e\u0259kid\u0259 ail\u0259: M\u00fcv\u0259qq\u0259ti qalma\u011fa yer tapanda sevinirik - MEYDAN.TV","robots":{"index":"index","follow":"follow","max-snippet":"max-snippet:-1","max-image-preview":"max-image-preview:large","max-video-preview":"max-video-preview:-1"},"canonical":"https:\/\/www.meydan.tv\/az\/article\/sekide-aile-muveqqeti-qalmaga-yer-tapanda-sevinirik\/","og_locale":"az_AZ","og_type":"article","og_title":"\u015e\u0259kid\u0259 ail\u0259: M\u00fcv\u0259qq\u0259ti qalma\u011fa yer tapanda sevinirik - MEYDAN.TV","og_description":"\"V\u0259ziyy\u0259timizi anlamaq ist\u0259mirl\u0259r\u201d.","og_url":"https:\/\/www.meydan.tv\/az\/article\/sekide-aile-muveqqeti-qalmaga-yer-tapanda-sevinirik\/","og_site_name":"MEYDAN.TV","article_published_time":"2020-11-23T09:34:26+00:00","og_image":[{"width":2560,"height":1707,"url":"https:\/\/www.meydan.tv\/wp-content\/uploads\/untitled_artwork_4-scaled.jpeg","type":"image\/jpeg"}],"author":"user-manager","twitter_card":"summary_large_image","schema":{"@context":"https:\/\/schema.org","@graph":[{"@type":"Article","@id":"https:\/\/www.meydan.tv\/az\/article\/sekide-aile-muveqqeti-qalmaga-yer-tapanda-sevinirik\/#article","isPartOf":{"@id":"https:\/\/www.meydan.tv\/az\/article\/sekide-aile-muveqqeti-qalmaga-yer-tapanda-sevinirik\/"},"author":{"name":"user-manager","@id":"https:\/\/www.meydan.tv\/az\/#\/schema\/person\/10d11eccf6da3662cf5fdab9806ea91a"},"headline":"\u015e\u0259kid\u0259 ail\u0259: M\u00fcv\u0259qq\u0259ti qalma\u011fa yer tapanda sevinirik","datePublished":"2020-11-23T09:34:26+00:00","mainEntityOfPage":{"@id":"https:\/\/www.meydan.tv\/az\/article\/sekide-aile-muveqqeti-qalmaga-yer-tapanda-sevinirik\/"},"wordCount":884,"publisher":{"@id":"https:\/\/www.meydan.tv\/az\/#organization"},"image":{"@id":"https:\/\/www.meydan.tv\/az\/article\/sekide-aile-muveqqeti-qalmaga-yer-tapanda-sevinirik\/#primaryimage"},"thumbnailUrl":"https:\/\/www.meydan.tv\/wp-content\/uploads\/untitled_artwork_4-scaled.jpeg","articleSection":["B\u00f6lg\u0259"],"inLanguage":"az"},{"@type":"WebPage","@id":"https:\/\/www.meydan.tv\/az\/article\/sekide-aile-muveqqeti-qalmaga-yer-tapanda-sevinirik\/","url":"https:\/\/www.meydan.tv\/az\/article\/sekide-aile-muveqqeti-qalmaga-yer-tapanda-sevinirik\/","name":"\u015e\u0259kid\u0259 ail\u0259: M\u00fcv\u0259qq\u0259ti qalma\u011fa yer tapanda sevinirik - MEYDAN.TV","isPartOf":{"@id":"https:\/\/www.meydan.tv\/az\/#website"},"primaryImageOfPage":{"@id":"https:\/\/www.meydan.tv\/az\/article\/sekide-aile-muveqqeti-qalmaga-yer-tapanda-sevinirik\/#primaryimage"},"image":{"@id":"https:\/\/www.meydan.tv\/az\/article\/sekide-aile-muveqqeti-qalmaga-yer-tapanda-sevinirik\/#primaryimage"},"thumbnailUrl":"https:\/\/www.meydan.tv\/wp-content\/uploads\/untitled_artwork_4-scaled.jpeg","datePublished":"2020-11-23T09:34:26+00:00","breadcrumb":{"@id":"https:\/\/www.meydan.tv\/az\/article\/sekide-aile-muveqqeti-qalmaga-yer-tapanda-sevinirik\/#breadcrumb"},"inLanguage":"az","potentialAction":[{"@type":"ReadAction","target":["https:\/\/www.meydan.tv\/az\/article\/sekide-aile-muveqqeti-qalmaga-yer-tapanda-sevinirik\/"]}]},{"@type":"ImageObject","inLanguage":"az","@id":"https:\/\/www.meydan.tv\/az\/article\/sekide-aile-muveqqeti-qalmaga-yer-tapanda-sevinirik\/#primaryimage","url":"https:\/\/www.meydan.tv\/wp-content\/uploads\/untitled_artwork_4-scaled.jpeg","contentUrl":"https:\/\/www.meydan.tv\/wp-content\/uploads\/untitled_artwork_4-scaled.jpeg","width":2560,"height":1707,"caption":"Source: Specify Source"},{"@type":"BreadcrumbList","@id":"https:\/\/www.meydan.tv\/az\/article\/sekide-aile-muveqqeti-qalmaga-yer-tapanda-sevinirik\/#breadcrumb","itemListElement":[{"@type":"ListItem","position":1,"name":"Ana s\u0259hif\u0259","item":"https:\/\/www.meydan.tv\/az\/"},{"@type":"ListItem","position":2,"name":"B\u00f6lg\u0259","item":"https:\/\/www.meydan.tv\/az\/section\/bolge\/"},{"@type":"ListItem","position":3,"name":"\u015e\u0259kid\u0259 ail\u0259: M\u00fcv\u0259qq\u0259ti qalma\u011fa yer tapanda sevinirik"}]},{"@type":"WebSite","@id":"https:\/\/www.meydan.tv\/az\/#website","url":"https:\/\/www.meydan.tv\/az\/","name":"MEYDAN.TV","description":"Meydan TV Az\u0259rbaycan\u0131n media m\u0259kan\u0131ndak\u0131 alternativ s\u0259sidir","publisher":{"@id":"https:\/\/www.meydan.tv\/az\/#organization"},"potentialAction":[{"@type":"SearchAction","target":{"@type":"EntryPoint","urlTemplate":"https:\/\/www.meydan.tv\/az\/?s={search_term_string}"},"query-input":{"@type":"PropertyValueSpecification","valueRequired":true,"valueName":"search_term_string"}}],"inLanguage":"az"},{"@type":"Organization","@id":"https:\/\/www.meydan.tv\/az\/#organization","name":"Meydan TV","url":"https:\/\/www.meydan.tv\/az\/","logo":{"@type":"ImageObject","inLanguage":"az","@id":"https:\/\/www.meydan.tv\/az\/#\/schema\/logo\/image\/","url":"https:\/\/www.meydan.tv\/wp-content\/uploads\/2021\/07\/meydan-logo.svg","contentUrl":"https:\/\/www.meydan.tv\/wp-content\/uploads\/2021\/07\/meydan-logo.svg","width":195,"height":46,"caption":"Meydan TV"},"image":{"@id":"https:\/\/www.meydan.tv\/az\/#\/schema\/logo\/image\/"}},{"@type":"Person","@id":"https:\/\/www.meydan.tv\/az\/#\/schema\/person\/10d11eccf6da3662cf5fdab9806ea91a","name":"user-manager"}]}},"_links":{"self":[{"href":"https:\/\/www.meydan.tv\/az\/wp-json\/wp\/v2\/posts\/203714","targetHints":{"allow":["GET"]}}],"collection":[{"href":"https:\/\/www.meydan.tv\/az\/wp-json\/wp\/v2\/posts"}],"about":[{"href":"https:\/\/www.meydan.tv\/az\/wp-json\/wp\/v2\/types\/post"}],"author":[{"embeddable":true,"href":"https:\/\/www.meydan.tv\/az\/wp-json\/wp\/v2\/users\/11"}],"replies":[{"embeddable":true,"href":"https:\/\/www.meydan.tv\/az\/wp-json\/wp\/v2\/comments?post=203714"}],"version-history":[{"count":0,"href":"https:\/\/www.meydan.tv\/az\/wp-json\/wp\/v2\/posts\/203714\/revisions"}],"wp:featuredmedia":[{"embeddable":true,"href":"https:\/\/www.meydan.tv\/az\/wp-json\/wp\/v2\/media\/151874"}],"wp:attachment":[{"href":"https:\/\/www.meydan.tv\/az\/wp-json\/wp\/v2\/media?parent=203714"}],"wp:term":[{"taxonomy":"category","embeddable":true,"href":"https:\/\/www.meydan.tv\/az\/wp-json\/wp\/v2\/categories?post=203714"},{"taxonomy":"post_tag","embeddable":true,"href":"https:\/\/www.meydan.tv\/az\/wp-json\/wp\/v2\/tags?post=203714"}],"curies":[{"name":"wp","href":"https:\/\/api.w.org\/{rel}","templated":true}]}}