{"id":203712,"date":"2020-11-22T14:49:41","date_gmt":"2020-11-22T14:49:41","guid":{"rendered":"https:\/\/www.meydan.tv\/article\/9-aydir-gilan-orchard-sirketinden-maasimi-ala-bilmirem\/"},"modified":"2020-11-22T14:49:41","modified_gmt":"2020-11-22T14:49:41","slug":"9-aydir-gilan-orchard-sirketinden-maasimi-ala-bilmirem","status":"publish","type":"post","link":"https:\/\/www.meydan.tv\/az\/article\/9-aydir-gilan-orchard-sirketinden-maasimi-ala-bilmirem\/","title":{"rendered":"\u201c9 ayd\u0131r \u201cGilan Orchard\u201d \u015firk\u0259tind\u0259n maa\u015f\u0131m\u0131 ala bilmir\u0259m\u201d"},"content":{"rendered":"<p>\n  <i><br \/>\n    G\u00f6y\u00e7ay sakini: \u201cAil\u0259mi doland\u0131ra bilmir\u0259m, maa\u015f almamaq m\u0259n\u0259 \u00e7ox \u00e7\u0259tin ba\u015fa g\u0259lir\u201d<br \/>\n  <\/i>\n<\/p>\n<p>\n  \u201c9 ayd\u0131r i\u015fl\u0259yir\u0259m, amma \u0259m\u0259k haqq\u0131m\u0131 ala bilmir\u0259m. N\u0259 i\u015fd\u0259n \u00e7\u0131xar\u0131rlar, n\u0259 d\u0259 \u00f6d\u0259ni\u015fl\u0259 ba\u011fl\u0131 bir s\u00f6z deyirl\u0259r. \u0130\u015fi yar\u0131m\u00e7\u0131q qoyacaq \u00fcr\u0259k d\u0259 yoxdur m\u0259nd\u0259. Sah\u0259dir, pis g\u00fcn\u0259 qalacaq. 13 ildir g\u00f6z\u00fcm kimi bax\u0131ram. H\u0259r \u015feyi pula g\u00f6r\u0259 at\u0131b getm\u0259k d\u0259 olmur\u201d.\n<\/p>\n<p>\n  G\u00f6y\u00e7ay\u0131n Qaraba\u011flar k\u0259ndinin sakini \u018fr\u0259stun K\u0259rimov bel\u0259 deyir. O, 2007-ci ild\u0259n \u201cGilan Holding\u201din G\u00f6y\u00e7aydak\u0131 \u201cGilan Orchard\u201d \u015firk\u0259tind\u0259 \u00e7al\u0131\u015f\u0131r.\n<\/p>\n<p>\n  \u201cY\u0259ni t\u0259m\u0259li qoyulandan burdayam. \u00dcst\u0259lik, fevrala q\u0259d\u0259r \u015fikay\u0259tim d\u0259 olmay\u0131b. \u0130\u015fimi g\u00f6r\u00fcr, maa\u015f\u0131m\u0131 vaxtl\u0131-vaxt\u0131nda al\u0131rd\u0131m. Amma fevraldan sonra \u0259m\u0259k haqq\u0131m k\u00f6\u00e7m\u0259m\u0259y\u0259 ba\u015flad\u0131. Bir ne\u00e7\u0259 ay he\u00e7 n\u0259 dem\u0259dim. Sonra z\u0259ng etdim, maraqland\u0131m. K\u00f6\u00e7\u0259c\u0259k deyib, bu vaxta kimi l\u0259ngidibl\u0259r\u201d, &#8211; \u015fikay\u0259t\u00e7i bildirir.\n<\/p>\n<p>\n  \u018fr\u0259stun K\u0259rimov deyir ki, ba\u015fqa yerd\u0259n g\u0259liri olsa, he\u00e7 ad\u0131n\u0131 da tutmaz. Amma m\u0259cburdur, \u00e7\u00fcnki h\u0259yat\u0131n\u0131 bu i\u015f\u0259 ba\u011flay\u0131b. \u0130ki \u00f6vlad\u0131 var, h\u0259r ikisi ondan uzaqdad\u0131r. H\u0259yat yolda\u015f\u0131 il\u0259 \u00f6z\u00fcn\u00fc doland\u0131rmaq \u00fc\u00e7\u00fcn i\u015fl\u0259yir. \u018fm\u0259k haqq\u0131 ala bilm\u0259m\u0259si i\u015fl\u0259rini \u00e7\u0259tinl\u0259\u015fdirir:\n<\/p>\n<p>\n  \u201cAil\u0259mizin v\u0259ziyy\u0259ti g\u00fcn\u00fc-g\u00fcnd\u0259n pisl\u0259\u015fir. N\u0259 bir normal t\u0259s\u0259rr\u00fcfat\u0131m\u0131z, n\u0259 d\u0259 ba\u015fqa i\u015fimiz var. Birc\u0259 in\u0259yimiz var, o da \u00f6z\u00fcm\u00fcz\u00fc g\u00fccl\u0259 g\u00f6r\u00fcr. \u0130ndiy\u0259 q\u0259d\u0259r i\u015fl\u0259diyim\u0259 g\u00f6r\u0259, \u0259lav\u0259 t\u0259s\u0259rr\u00fcfatla da m\u0259\u015f\u011ful olmam\u0131\u015fam. El\u0259 b\u00fct\u00fcn \u00fcmidimizi i\u015f\u0259 ba\u011flam\u0131\u015fd\u0131q. O da bel\u0259\u201d.\n<\/p>\n<p>\n  \u018fr\u0259stun K\u0259rimov \u201cGilan Orchard\u201d \u015firk\u0259tinin bitki\u00e7ilik sah\u0259sind\u0259 r\u0259is i\u015fl\u0259yir. Deyir, m\u00fcdd\u0259tsiz m\u00fcqavil\u0259si d\u0259 var. Y\u0259ni vaxt\u0131n\u0131n bitm\u0259si s\u00f6hb\u0259ti d\u0259 ola bilm\u0259z:\n<\/p>\n<p>\n  \u201cV\u0259zif\u0259li \u015f\u0259xs\u0259m guya. K\u0259nd t\u0259s\u0259rr\u00fcfat\u0131 il\u0259 ba\u011fl\u0131 torpa\u011fa n\u0259zar\u0259t edir\u0259m. O torpa\u011f\u0131 vaxt\u0131nda suvar\u0131r, ala\u011f\u0131n\u0131 t\u0259mizl\u0259dir\u0259m. H\u0259tta torpa\u011f\u0131n m\u00fchafiz\u0259sini d\u0259 m\u0259n h\u0259yata ke\u00e7irir\u0259m. A\u00e7\u0131\u011f\u0131 i\u015fimi sevir\u0259m d\u0259. T\u0259\u0259ss\u00fcf ki, sevdiyim i\u015fl\u0259 m\u0259\u015f\u011ful olsam da, qar\u015f\u0131l\u0131\u011f\u0131nda dolana bilm\u0259k \u00fc\u00e7\u00fcn he\u00e7 bir \u015fey alm\u0131ram. Bu da m\u0259nim ya\u015f\u0131mda olan adam \u00fc\u00e7\u00fcn \u00e7ox \u00e7\u0259tindir\u201d.\n<\/p>\n<p>\n  \u018fr\u0259stun K\u0259rimov deyir ki, o q\u0259d\u0259r y\u00fcks\u0259k maa\u015f alm\u0131r:\n<\/p>\n<p>\n  \u201cD\u0259f\u0259l\u0259rl\u0259 \u015firk\u0259t r\u0259hb\u0259rliyi il\u0259 telefon dan\u0131\u015f\u0131\u011f\u0131m\u0131z olub. H\u0259r d\u0259f\u0259 d\u0259 deyibl\u0259r ki, narahat olma, pulun veril\u0259c\u0259k. Amma g\u00f6zl\u0259m\u0259kd\u0259n g\u00f6z\u00fcm\u00fcn k\u00f6k\u00fc saral\u0131b. Nec\u0259 narahat olmay\u0131m ki? Ail\u0259mi doland\u0131ra bilmir\u0259m, maa\u015f almamaq m\u0259n\u0259 \u00e7ox \u00e7\u0259tin ba\u015fa g\u0259lir\u201d.\n<\/p>\n<p>\n  \u018fr\u0259stun K\u0259rimov deyir ki, G\u00f6y\u00e7ayda \u201cGilan Holding\u201din \u00e7e\u015fidli ba\u011flar\u0131 var. Meyv\u0259\u00e7ilik, tax\u0131l\u00e7\u0131l\u0131q v\u0259 s. kimi. Onun n\u0259zar\u0259t etdiyi sah\u0259d\u0259 d\u0259 d\u0259nli bitkil\u0259r yeti\u015fdirilir:\n<\/p>\n<p>\n  \u201c13 ildir h\u0259min 148 hektarl\u0131q \u0259raziy\u0259 g\u00f6z b\u0259b\u0259yim kimi baxm\u0131\u015fam. M\u00f6vs\u00fcmd\u0259 i\u015f\u00e7il\u0259r g\u00f6t\u00fcr\u00fcr\u00fck. Onlar\u0131n bel\u0259 ham\u0131s\u0131 il\u0259 \u015f\u0259xs\u0259n g\u00f6r\u00fc\u015f\u00fcr\u0259m. H\u0259mi\u015f\u0259 i\u015fim\u0259 m\u0259suliyy\u0259tli yana\u015fm\u0131\u015fam. \u0130ndinin \u00f6z\u00fcnd\u0259 bel\u0259 maa\u015f almasam da h\u0259r s\u0259h\u0259r 7-d\u0259 sah\u0259y\u0259 gedir\u0259m, n\u0259zar\u0259t edir\u0259m. O ba\u011f\u0131n n\u0259 g\u00fcnah\u0131 var? Baxmasam, pis g\u00fcn\u0259 qalar dey\u0259, d\u00fc\u015f\u00fcn\u00fcr\u0259m. Getm\u0259s\u0259m, m\u0259hsul yanar, heyvan gir\u0259r, yey\u0259r v\u0259 s. Haz\u0131rda da torpaqlarda \u0259kin\u0259 haz\u0131rl\u0131q i\u015fl\u0259ri gedir. Dem\u0259yim odur ki, o torpaqlar \u015firk\u0259t\u0259 g\u0259lir g\u0259tirir. Amma m\u0259nim maa\u015f\u0131m verilmir\u201d.\n<\/p>\n<p>\n  \u018fr\u0259stun K\u0259rimov arada d\u00fc\u015f\u00fcn\u00fcr ki, b\u0259lk\u0259 d\u0259 \u015firk\u0259t r\u0259hb\u0259rliyinin onun \u0259m\u0259k haqq\u0131 almamas\u0131ndan x\u0259b\u0259ri yoxdur. B\u0259lk\u0259 ortadak\u0131 insanlar bu c\u00fcr h\u0259r\u0259k\u0259t edir:\n<\/p>\n<p>\n  \u201cM\u0259ni i\u015fd\u0259n \u00e7\u0131xarmay\u0131blar, \u00e7\u0131xarsalar, dey\u0259r\u0259m ki, \u00e7\u0131xar\u0131blar, m\u00fcqavil\u0259m bitib v\u0259 s. \u0130\u015fl\u0259d\u0259-i\u015fl\u0259d\u0259 \u0259m\u0259k haqq\u0131 verm\u0259m\u0259k n\u0259 dem\u0259kdir? Ba\u015fa d\u00fc\u015f\u0259 bilmir\u0259m. H\u0259r g\u00fcn s\u0259h\u0259r saat 7-d\u0259 i\u015f\u0259 gedir\u0259m, ax\u015fam 6-da g\u0259lir\u0259m. Bu d\u0259qiq\u0259 \u0259kin\u0259 haz\u0131rl\u0131q i\u015fl\u0259ri yeni bitib. B\u0259zi g\u00fcnl\u0259r lap saat 6-dan gedirdim sah\u0259y\u0259\u201d.\n<\/p>\n<p>\n  \u018fr\u0259stun K\u0259rimov deyir ki, \u0259m\u0259k haqq\u0131 ala bilm\u0259m\u0259k dolan\u0131\u015f\u0131qlar\u0131n\u0131 lap a\u015fa\u011f\u0131 sal\u0131b. M\u00fcalic\u0259l\u0259rini d\u0259 vaxtl\u0131-vaxt\u0131nda ala bilmirl\u0259r:\n<\/p>\n<p>\n  \u201cYa\u015fl\u0131 adamlar\u0131q, ba\u015fqa g\u0259lirimiz d\u0259 yoxdur. \u00d6mr\u00fcm\u00fcz\u00fc ba\u011flam\u0131\u015f\u0131q d\u00f6vl\u0259t\u0259, i\u015f\u0259. Ba\u015fqa yerd\u0259n bir q\u0259pik g\u0259lirimiz d\u0259 yoxdur. \u015e\u0259xsi t\u0259s\u0259rr\u00fcfat\u0131m\u0131z da yoxdur. Dolanmaq \u00e7\u0259tindir\u201d.\n<\/p>\n<p>\n  \u201cGilan Orchard\u201d \u015firk\u0259tinin h\u00fcquq \u015f\u00f6b\u0259sind\u0259n bildiribl\u0259r ki, i\u015f\u00e7il\u0259rin maa\u015flar\u0131 vaxt\u0131nda verilir. G\u00f6r\u00fcn\u00fcr, n\u0259s\u0259 problem olub v\u0259 ara\u015fd\u0131r\u0131b, aradan qald\u0131racaqlar.<\/p>\n","protected":false},"excerpt":{"rendered":"<p>\u201cM\u0259ni i\u015fd\u0259n \u00e7\u0131xarmay\u0131blar, \u00e7\u0131xarsalar, dey\u0259r\u0259m ki, \u00e7\u0131xar\u0131blar, m\u00fcqavil\u0259m bitib v\u0259 s. \u0130\u015fl\u0259d\u0259-i\u015fl\u0259d\u0259 \u0259m\u0259k haqq\u0131 verm\u0259m\u0259k n\u0259 dem\u0259kdir?&#8221;<\/p>\n","protected":false},"author":11,"featured_media":151883,"comment_status":"closed","ping_status":"open","sticky":false,"template":"","format":"standard","meta":{"_acf_changed":false,"_sitemap_exclude":false,"_sitemap_priority":"","_sitemap_frequency":"","footnotes":""},"categories":[60],"tags":[],"class_list":["post-203712","post","type-post","status-publish","format-standard","has-post-thumbnail","hentry","category-bolge","infinite-scroll-item","generate-columns","tablet-grid-50","mobile-grid-100","grid-parent","grid-33","no-featured-image-padding"],"acf":[],"yoast_head":"<!-- This site is optimized with the Yoast SEO plugin v27.5 - https:\/\/yoast.com\/product\/yoast-seo-wordpress\/ -->\n<title>\u201c9 ayd\u0131r \u201cGilan Orchard\u201d \u015firk\u0259tind\u0259n maa\u015f\u0131m\u0131 ala bilmir\u0259m\u201d - MEYDAN.TV<\/title>\n<meta name=\"robots\" content=\"index, follow, max-snippet:-1, max-image-preview:large, max-video-preview:-1\" \/>\n<link rel=\"canonical\" href=\"https:\/\/www.meydan.tv\/az\/article\/9-aydir-gilan-orchard-sirketinden-maasimi-ala-bilmirem\/\" \/>\n<meta property=\"og:locale\" content=\"az_AZ\" \/>\n<meta property=\"og:type\" content=\"article\" \/>\n<meta property=\"og:title\" content=\"\u201c9 ayd\u0131r \u201cGilan Orchard\u201d \u015firk\u0259tind\u0259n maa\u015f\u0131m\u0131 ala bilmir\u0259m\u201d - MEYDAN.TV\" \/>\n<meta property=\"og:description\" content=\"\u201cM\u0259ni i\u015fd\u0259n \u00e7\u0131xarmay\u0131blar, \u00e7\u0131xarsalar, dey\u0259r\u0259m ki, \u00e7\u0131xar\u0131blar, m\u00fcqavil\u0259m bitib v\u0259 s. \u0130\u015fl\u0259d\u0259-i\u015fl\u0259d\u0259 \u0259m\u0259k haqq\u0131 verm\u0259m\u0259k n\u0259 dem\u0259kdir?&quot;\" \/>\n<meta property=\"og:url\" content=\"https:\/\/www.meydan.tv\/az\/article\/9-aydir-gilan-orchard-sirketinden-maasimi-ala-bilmirem\/\" \/>\n<meta property=\"og:site_name\" content=\"MEYDAN.TV\" \/>\n<meta property=\"article:published_time\" content=\"2020-11-22T14:49:41+00:00\" \/>\n<meta property=\"og:image\" content=\"https:\/\/www.meydan.tv\/wp-content\/uploads\/img_2548-scaled.jpg\" \/>\n\t<meta property=\"og:image:width\" content=\"2560\" \/>\n\t<meta property=\"og:image:height\" content=\"1920\" \/>\n\t<meta property=\"og:image:type\" content=\"image\/jpeg\" \/>\n<meta name=\"author\" content=\"user-manager\" \/>\n<meta name=\"twitter:card\" content=\"summary_large_image\" \/>\n<script type=\"application\/ld+json\" class=\"yoast-schema-graph\">{\"@context\":\"https:\\\/\\\/schema.org\",\"@graph\":[{\"@type\":\"Article\",\"@id\":\"https:\\\/\\\/www.meydan.tv\\\/az\\\/article\\\/9-aydir-gilan-orchard-sirketinden-maasimi-ala-bilmirem\\\/#article\",\"isPartOf\":{\"@id\":\"https:\\\/\\\/www.meydan.tv\\\/az\\\/article\\\/9-aydir-gilan-orchard-sirketinden-maasimi-ala-bilmirem\\\/\"},\"author\":{\"name\":\"user-manager\",\"@id\":\"https:\\\/\\\/www.meydan.tv\\\/az\\\/#\\\/schema\\\/person\\\/10d11eccf6da3662cf5fdab9806ea91a\"},\"headline\":\"\u201c9 ayd\u0131r \u201cGilan Orchard\u201d \u015firk\u0259tind\u0259n maa\u015f\u0131m\u0131 ala bilmir\u0259m\u201d\",\"datePublished\":\"2020-11-22T14:49:41+00:00\",\"mainEntityOfPage\":{\"@id\":\"https:\\\/\\\/www.meydan.tv\\\/az\\\/article\\\/9-aydir-gilan-orchard-sirketinden-maasimi-ala-bilmirem\\\/\"},\"wordCount\":946,\"publisher\":{\"@id\":\"https:\\\/\\\/www.meydan.tv\\\/az\\\/#organization\"},\"image\":{\"@id\":\"https:\\\/\\\/www.meydan.tv\\\/az\\\/article\\\/9-aydir-gilan-orchard-sirketinden-maasimi-ala-bilmirem\\\/#primaryimage\"},\"thumbnailUrl\":\"https:\\\/\\\/www.meydan.tv\\\/wp-content\\\/uploads\\\/img_2548-scaled.jpg\",\"articleSection\":[\"B\u00f6lg\u0259\"],\"inLanguage\":\"az\"},{\"@type\":\"WebPage\",\"@id\":\"https:\\\/\\\/www.meydan.tv\\\/az\\\/article\\\/9-aydir-gilan-orchard-sirketinden-maasimi-ala-bilmirem\\\/\",\"url\":\"https:\\\/\\\/www.meydan.tv\\\/az\\\/article\\\/9-aydir-gilan-orchard-sirketinden-maasimi-ala-bilmirem\\\/\",\"name\":\"\u201c9 ayd\u0131r \u201cGilan Orchard\u201d \u015firk\u0259tind\u0259n maa\u015f\u0131m\u0131 ala bilmir\u0259m\u201d - MEYDAN.TV\",\"isPartOf\":{\"@id\":\"https:\\\/\\\/www.meydan.tv\\\/az\\\/#website\"},\"primaryImageOfPage\":{\"@id\":\"https:\\\/\\\/www.meydan.tv\\\/az\\\/article\\\/9-aydir-gilan-orchard-sirketinden-maasimi-ala-bilmirem\\\/#primaryimage\"},\"image\":{\"@id\":\"https:\\\/\\\/www.meydan.tv\\\/az\\\/article\\\/9-aydir-gilan-orchard-sirketinden-maasimi-ala-bilmirem\\\/#primaryimage\"},\"thumbnailUrl\":\"https:\\\/\\\/www.meydan.tv\\\/wp-content\\\/uploads\\\/img_2548-scaled.jpg\",\"datePublished\":\"2020-11-22T14:49:41+00:00\",\"breadcrumb\":{\"@id\":\"https:\\\/\\\/www.meydan.tv\\\/az\\\/article\\\/9-aydir-gilan-orchard-sirketinden-maasimi-ala-bilmirem\\\/#breadcrumb\"},\"inLanguage\":\"az\",\"potentialAction\":[{\"@type\":\"ReadAction\",\"target\":[\"https:\\\/\\\/www.meydan.tv\\\/az\\\/article\\\/9-aydir-gilan-orchard-sirketinden-maasimi-ala-bilmirem\\\/\"]}]},{\"@type\":\"ImageObject\",\"inLanguage\":\"az\",\"@id\":\"https:\\\/\\\/www.meydan.tv\\\/az\\\/article\\\/9-aydir-gilan-orchard-sirketinden-maasimi-ala-bilmirem\\\/#primaryimage\",\"url\":\"https:\\\/\\\/www.meydan.tv\\\/wp-content\\\/uploads\\\/img_2548-scaled.jpg\",\"contentUrl\":\"https:\\\/\\\/www.meydan.tv\\\/wp-content\\\/uploads\\\/img_2548-scaled.jpg\",\"width\":2560,\"height\":1920,\"caption\":\"Source: Specify Source\"},{\"@type\":\"BreadcrumbList\",\"@id\":\"https:\\\/\\\/www.meydan.tv\\\/az\\\/article\\\/9-aydir-gilan-orchard-sirketinden-maasimi-ala-bilmirem\\\/#breadcrumb\",\"itemListElement\":[{\"@type\":\"ListItem\",\"position\":1,\"name\":\"Ana s\u0259hif\u0259\",\"item\":\"https:\\\/\\\/www.meydan.tv\\\/az\\\/\"},{\"@type\":\"ListItem\",\"position\":2,\"name\":\"B\u00f6lg\u0259\",\"item\":\"https:\\\/\\\/www.meydan.tv\\\/az\\\/section\\\/bolge\\\/\"},{\"@type\":\"ListItem\",\"position\":3,\"name\":\"\u201c9 ayd\u0131r \u201cGilan Orchard\u201d \u015firk\u0259tind\u0259n maa\u015f\u0131m\u0131 ala bilmir\u0259m\u201d\"}]},{\"@type\":\"WebSite\",\"@id\":\"https:\\\/\\\/www.meydan.tv\\\/az\\\/#website\",\"url\":\"https:\\\/\\\/www.meydan.tv\\\/az\\\/\",\"name\":\"MEYDAN.TV\",\"description\":\"Meydan TV Az\u0259rbaycan\u0131n media m\u0259kan\u0131ndak\u0131 alternativ s\u0259sidir\",\"publisher\":{\"@id\":\"https:\\\/\\\/www.meydan.tv\\\/az\\\/#organization\"},\"potentialAction\":[{\"@type\":\"SearchAction\",\"target\":{\"@type\":\"EntryPoint\",\"urlTemplate\":\"https:\\\/\\\/www.meydan.tv\\\/az\\\/?s={search_term_string}\"},\"query-input\":{\"@type\":\"PropertyValueSpecification\",\"valueRequired\":true,\"valueName\":\"search_term_string\"}}],\"inLanguage\":\"az\"},{\"@type\":\"Organization\",\"@id\":\"https:\\\/\\\/www.meydan.tv\\\/az\\\/#organization\",\"name\":\"Meydan TV\",\"url\":\"https:\\\/\\\/www.meydan.tv\\\/az\\\/\",\"logo\":{\"@type\":\"ImageObject\",\"inLanguage\":\"az\",\"@id\":\"https:\\\/\\\/www.meydan.tv\\\/az\\\/#\\\/schema\\\/logo\\\/image\\\/\",\"url\":\"https:\\\/\\\/www.meydan.tv\\\/wp-content\\\/uploads\\\/2021\\\/07\\\/meydan-logo.svg\",\"contentUrl\":\"https:\\\/\\\/www.meydan.tv\\\/wp-content\\\/uploads\\\/2021\\\/07\\\/meydan-logo.svg\",\"width\":195,\"height\":46,\"caption\":\"Meydan TV\"},\"image\":{\"@id\":\"https:\\\/\\\/www.meydan.tv\\\/az\\\/#\\\/schema\\\/logo\\\/image\\\/\"}},{\"@type\":\"Person\",\"@id\":\"https:\\\/\\\/www.meydan.tv\\\/az\\\/#\\\/schema\\\/person\\\/10d11eccf6da3662cf5fdab9806ea91a\",\"name\":\"user-manager\"}]}<\/script>\n<!-- \/ Yoast SEO plugin. -->","yoast_head_json":{"title":"\u201c9 ayd\u0131r \u201cGilan Orchard\u201d \u015firk\u0259tind\u0259n maa\u015f\u0131m\u0131 ala bilmir\u0259m\u201d - MEYDAN.TV","robots":{"index":"index","follow":"follow","max-snippet":"max-snippet:-1","max-image-preview":"max-image-preview:large","max-video-preview":"max-video-preview:-1"},"canonical":"https:\/\/www.meydan.tv\/az\/article\/9-aydir-gilan-orchard-sirketinden-maasimi-ala-bilmirem\/","og_locale":"az_AZ","og_type":"article","og_title":"\u201c9 ayd\u0131r \u201cGilan Orchard\u201d \u015firk\u0259tind\u0259n maa\u015f\u0131m\u0131 ala bilmir\u0259m\u201d - MEYDAN.TV","og_description":"\u201cM\u0259ni i\u015fd\u0259n \u00e7\u0131xarmay\u0131blar, \u00e7\u0131xarsalar, dey\u0259r\u0259m ki, \u00e7\u0131xar\u0131blar, m\u00fcqavil\u0259m bitib v\u0259 s. \u0130\u015fl\u0259d\u0259-i\u015fl\u0259d\u0259 \u0259m\u0259k haqq\u0131 verm\u0259m\u0259k n\u0259 dem\u0259kdir?\"","og_url":"https:\/\/www.meydan.tv\/az\/article\/9-aydir-gilan-orchard-sirketinden-maasimi-ala-bilmirem\/","og_site_name":"MEYDAN.TV","article_published_time":"2020-11-22T14:49:41+00:00","og_image":[{"width":2560,"height":1920,"url":"https:\/\/www.meydan.tv\/wp-content\/uploads\/img_2548-scaled.jpg","type":"image\/jpeg"}],"author":"user-manager","twitter_card":"summary_large_image","schema":{"@context":"https:\/\/schema.org","@graph":[{"@type":"Article","@id":"https:\/\/www.meydan.tv\/az\/article\/9-aydir-gilan-orchard-sirketinden-maasimi-ala-bilmirem\/#article","isPartOf":{"@id":"https:\/\/www.meydan.tv\/az\/article\/9-aydir-gilan-orchard-sirketinden-maasimi-ala-bilmirem\/"},"author":{"name":"user-manager","@id":"https:\/\/www.meydan.tv\/az\/#\/schema\/person\/10d11eccf6da3662cf5fdab9806ea91a"},"headline":"\u201c9 ayd\u0131r \u201cGilan Orchard\u201d \u015firk\u0259tind\u0259n maa\u015f\u0131m\u0131 ala bilmir\u0259m\u201d","datePublished":"2020-11-22T14:49:41+00:00","mainEntityOfPage":{"@id":"https:\/\/www.meydan.tv\/az\/article\/9-aydir-gilan-orchard-sirketinden-maasimi-ala-bilmirem\/"},"wordCount":946,"publisher":{"@id":"https:\/\/www.meydan.tv\/az\/#organization"},"image":{"@id":"https:\/\/www.meydan.tv\/az\/article\/9-aydir-gilan-orchard-sirketinden-maasimi-ala-bilmirem\/#primaryimage"},"thumbnailUrl":"https:\/\/www.meydan.tv\/wp-content\/uploads\/img_2548-scaled.jpg","articleSection":["B\u00f6lg\u0259"],"inLanguage":"az"},{"@type":"WebPage","@id":"https:\/\/www.meydan.tv\/az\/article\/9-aydir-gilan-orchard-sirketinden-maasimi-ala-bilmirem\/","url":"https:\/\/www.meydan.tv\/az\/article\/9-aydir-gilan-orchard-sirketinden-maasimi-ala-bilmirem\/","name":"\u201c9 ayd\u0131r \u201cGilan Orchard\u201d \u015firk\u0259tind\u0259n maa\u015f\u0131m\u0131 ala bilmir\u0259m\u201d - MEYDAN.TV","isPartOf":{"@id":"https:\/\/www.meydan.tv\/az\/#website"},"primaryImageOfPage":{"@id":"https:\/\/www.meydan.tv\/az\/article\/9-aydir-gilan-orchard-sirketinden-maasimi-ala-bilmirem\/#primaryimage"},"image":{"@id":"https:\/\/www.meydan.tv\/az\/article\/9-aydir-gilan-orchard-sirketinden-maasimi-ala-bilmirem\/#primaryimage"},"thumbnailUrl":"https:\/\/www.meydan.tv\/wp-content\/uploads\/img_2548-scaled.jpg","datePublished":"2020-11-22T14:49:41+00:00","breadcrumb":{"@id":"https:\/\/www.meydan.tv\/az\/article\/9-aydir-gilan-orchard-sirketinden-maasimi-ala-bilmirem\/#breadcrumb"},"inLanguage":"az","potentialAction":[{"@type":"ReadAction","target":["https:\/\/www.meydan.tv\/az\/article\/9-aydir-gilan-orchard-sirketinden-maasimi-ala-bilmirem\/"]}]},{"@type":"ImageObject","inLanguage":"az","@id":"https:\/\/www.meydan.tv\/az\/article\/9-aydir-gilan-orchard-sirketinden-maasimi-ala-bilmirem\/#primaryimage","url":"https:\/\/www.meydan.tv\/wp-content\/uploads\/img_2548-scaled.jpg","contentUrl":"https:\/\/www.meydan.tv\/wp-content\/uploads\/img_2548-scaled.jpg","width":2560,"height":1920,"caption":"Source: Specify Source"},{"@type":"BreadcrumbList","@id":"https:\/\/www.meydan.tv\/az\/article\/9-aydir-gilan-orchard-sirketinden-maasimi-ala-bilmirem\/#breadcrumb","itemListElement":[{"@type":"ListItem","position":1,"name":"Ana s\u0259hif\u0259","item":"https:\/\/www.meydan.tv\/az\/"},{"@type":"ListItem","position":2,"name":"B\u00f6lg\u0259","item":"https:\/\/www.meydan.tv\/az\/section\/bolge\/"},{"@type":"ListItem","position":3,"name":"\u201c9 ayd\u0131r \u201cGilan Orchard\u201d \u015firk\u0259tind\u0259n maa\u015f\u0131m\u0131 ala bilmir\u0259m\u201d"}]},{"@type":"WebSite","@id":"https:\/\/www.meydan.tv\/az\/#website","url":"https:\/\/www.meydan.tv\/az\/","name":"MEYDAN.TV","description":"Meydan TV Az\u0259rbaycan\u0131n media m\u0259kan\u0131ndak\u0131 alternativ s\u0259sidir","publisher":{"@id":"https:\/\/www.meydan.tv\/az\/#organization"},"potentialAction":[{"@type":"SearchAction","target":{"@type":"EntryPoint","urlTemplate":"https:\/\/www.meydan.tv\/az\/?s={search_term_string}"},"query-input":{"@type":"PropertyValueSpecification","valueRequired":true,"valueName":"search_term_string"}}],"inLanguage":"az"},{"@type":"Organization","@id":"https:\/\/www.meydan.tv\/az\/#organization","name":"Meydan TV","url":"https:\/\/www.meydan.tv\/az\/","logo":{"@type":"ImageObject","inLanguage":"az","@id":"https:\/\/www.meydan.tv\/az\/#\/schema\/logo\/image\/","url":"https:\/\/www.meydan.tv\/wp-content\/uploads\/2021\/07\/meydan-logo.svg","contentUrl":"https:\/\/www.meydan.tv\/wp-content\/uploads\/2021\/07\/meydan-logo.svg","width":195,"height":46,"caption":"Meydan TV"},"image":{"@id":"https:\/\/www.meydan.tv\/az\/#\/schema\/logo\/image\/"}},{"@type":"Person","@id":"https:\/\/www.meydan.tv\/az\/#\/schema\/person\/10d11eccf6da3662cf5fdab9806ea91a","name":"user-manager"}]}},"_links":{"self":[{"href":"https:\/\/www.meydan.tv\/az\/wp-json\/wp\/v2\/posts\/203712","targetHints":{"allow":["GET"]}}],"collection":[{"href":"https:\/\/www.meydan.tv\/az\/wp-json\/wp\/v2\/posts"}],"about":[{"href":"https:\/\/www.meydan.tv\/az\/wp-json\/wp\/v2\/types\/post"}],"author":[{"embeddable":true,"href":"https:\/\/www.meydan.tv\/az\/wp-json\/wp\/v2\/users\/11"}],"replies":[{"embeddable":true,"href":"https:\/\/www.meydan.tv\/az\/wp-json\/wp\/v2\/comments?post=203712"}],"version-history":[{"count":0,"href":"https:\/\/www.meydan.tv\/az\/wp-json\/wp\/v2\/posts\/203712\/revisions"}],"wp:featuredmedia":[{"embeddable":true,"href":"https:\/\/www.meydan.tv\/az\/wp-json\/wp\/v2\/media\/151883"}],"wp:attachment":[{"href":"https:\/\/www.meydan.tv\/az\/wp-json\/wp\/v2\/media?parent=203712"}],"wp:term":[{"taxonomy":"category","embeddable":true,"href":"https:\/\/www.meydan.tv\/az\/wp-json\/wp\/v2\/categories?post=203712"},{"taxonomy":"post_tag","embeddable":true,"href":"https:\/\/www.meydan.tv\/az\/wp-json\/wp\/v2\/tags?post=203712"}],"curies":[{"name":"wp","href":"https:\/\/api.w.org\/{rel}","templated":true}]}}