{"id":203710,"date":"2020-11-22T14:06:07","date_gmt":"2020-11-22T14:06:07","guid":{"rendered":"https:\/\/www.meydan.tv\/article\/lenkeranda-esgerin-avtoqezada-olduyu-deyildi-kend-camaati-etiraza-qalxdi\/"},"modified":"2020-11-22T14:06:07","modified_gmt":"2020-11-22T14:06:07","slug":"lenkeranda-esgerin-avtoqezada-olduyu-deyildi-kend-camaati-etiraza-qalxdi","status":"publish","type":"post","link":"https:\/\/www.meydan.tv\/az\/article\/lenkeranda-esgerin-avtoqezada-olduyu-deyildi-kend-camaati-etiraza-qalxdi\/","title":{"rendered":"L\u0259nk\u0259randa: \u018fsg\u0259rin avtoq\u0259zada \u00f6ld\u00fcy\u00fc deyildi, k\u0259nd camaat\u0131 etiraza qalxd\u0131"},"content":{"rendered":"<p>\n  <i><br \/>\n    \u201c\u018fflatun F\u0259r\u0259cov \u015f\u0259hid kimi d\u0259fn olundu, ail\u0259sin\u0259 bayraq verildi\u201d<br \/>\n  <\/i>\n<\/p>\n<p>\n  Noyabr\u0131n 21-d\u0259 Qaraba\u011f m\u00fcharib\u0259sind\u0259 h\u0259lak olmu\u015f \u018fflatun Mircahangir o\u011flu F\u0259r\u0259covun n\u0259\u015fi do\u011fuldu\u011fu L\u0259nk\u0259ran \u015f\u0259h\u0259rinin Osakuc\u0259 k\u0259ndin\u0259 g\u0259tirilib.\n<\/p>\n<p>\n  K\u0259nd sakinl\u0259rinin sosial \u015f\u0259b\u0259k\u0259l\u0259rd\u0259 yayd\u0131\u011f\u0131 m\u0259lumata g\u00f6r\u0259, \u0259vv\u0259lc\u0259 g\u0259nc \u0259sg\u0259rin avtomobil q\u0259zas\u0131nda h\u0259lak oldu\u011fu deyilib. Ancaq k\u0259nd sakinl\u0259ri buna etiraz edibl\u0259r v\u0259 \u018fflatun F\u0259r\u0259covun \u015f\u0259hid kimi d\u0259fn olunmas\u0131n\u0131 ist\u0259yibl\u0259r.\n<\/p>\n<p>\n  Naraz\u0131l\u0131q b\u00f6y\u00fcy\u00fcb v\u0259 k\u0259nd sakinl\u0259ri n\u0259\u015fi L\u0259nk\u0259ran \u015e\u0259h\u0259r \u0130cra Hakimiyy\u0259tinin qar\u015f\u0131s\u0131na aparma\u011fa \u00e7al\u0131\u015f\u0131blar.\n<\/p>\n<p>\n  \u018fsg\u0259r yax\u0131nlar\u0131n\u0131n Meydan TV-y\u0259 dediyin\u0259 g\u00f6r\u0259, \u018fflatun F\u0259r\u0259covun 19 ya\u015f\u0131 varm\u0131\u015f, T\u0259rt\u0259r istiqam\u0259tind\u0259 ged\u0259n d\u00f6y\u00fc\u015fl\u0259rd\u0259 i\u015ftirak edib:\n<\/p>\n<p>\n  \u201c\u018fflatun valideynl\u0259rini vaxts\u0131z itirib. N\u0259\u015fini g\u0259tir\u0259nd\u0259 bac\u0131-qarda\u015f\u0131na deyibl\u0259r ki, avtoq\u0259zada \u00f6l\u00fcb. A\u00e7\u0131b meyid\u0259 baxanda g\u00f6r\u00fcbl\u0259r g\u00fcll\u0259 yaras\u0131 var. Ekspertiza \u00e7a\u011f\u0131r\u0131blar. O da g\u0259lib, ka\u011f\u0131za bax\u0131b, deyib: \u201cBurda n\u0259 yaz\u0131l\u0131bsa, odur\u201d. M\u0259qs\u0259dl\u0259ri \u015f\u0259hid ad\u0131ndan m\u0259hrum etm\u0259k olub. Ondan sonra k\u0259nd camaat\u0131 etiraz etdi, \u015f\u0259h\u0259r\u0259 do\u011fru getdik. \u015e\u0259h\u0259rin m\u0259rk\u0259zin\u0259 getm\u0259k \u00fc\u00e7\u00fcn daha 2 k\u0259nd ke\u00e7irik, ordan da adamlar qo\u015fuldu. T\u0259xmin\u0259n 3 min\u0259 q\u0259d\u0259r adam vard\u0131\u201d.\n<\/p>\n<p>\n  Osakuc\u0259 k\u0259ndi \u015f\u0259h\u0259rd\u0259n 15 km k\u0259narda yerl\u0259\u015fir. K\u0259nd sakinl\u0259ri deyir ki, Veravul k\u0259ndind\u0259 etiraz\u00e7\u0131lar\u0131n qar\u015f\u0131s\u0131 k\u0259silib:\n<\/p>\n<p>\n  \u201c\u0130cra hakimiyy\u0259ti dedi ki, \u0259sg\u0259rimiz \u015f\u0259hid kimi d\u0259fn olunacaq v\u0259 onun statusu b\u0259rpa edil\u0259c\u0259k. Bundan sonra \u015f\u0259hidimiz d\u0259fn olundu v\u0259 ail\u0259sin\u0259 bayraq ba\u011f\u0131\u015fland\u0131\u201d.\n<\/p>\n<p>\n  Osakuc\u0259 k\u0259nd b\u0259l\u0259diyy\u0259sinin s\u0259dri H\u0259k\u0259t Cavadova Meydan TV-y\u0259 deyib ki, \u018fflatun F\u0259r\u0259cov \u015f\u0259hid kimi d\u0259fn edilib:\n<\/p>\n<p>\n  \u201cM\u0259n siz\u0259 etirazlar haqq\u0131nda he\u00e7 bir m\u0259lumat ver\u0259 bilm\u0259r\u0259m. Amma \u0259sg\u0259rimiz \u015f\u0259hid kimi d\u0259fn olundu v\u0259 icra ba\u015f\u00e7\u0131s\u0131 da y\u00fcks\u0259k s\u0259viyy\u0259d\u0259 m\u0259rasimd\u0259 i\u015ftirak etdi. Bilmir\u0259m kimdir bu m\u0259s\u0259l\u0259ni halland\u0131ran, amma icra ba\u015f\u00e7\u0131s\u0131n\u0131n, h\u0259rbi komissar\u0131n z\u0259hm\u0259tini yer\u0259 vurmaq insafs\u0131zl\u0131q olar. \u018fvv\u0259lc\u0259 anla\u015f\u0131lmazl\u0131q oldu, aray\u0131\u015fda avtoq\u0259za yaz\u0131lm\u0131\u015fd\u0131. Etiraz etdil\u0259r. \u0130cra ba\u015f\u00e7\u0131s\u0131 ara\u015fd\u0131rd\u0131, lap general s\u0259viyy\u0259sin\u0259 \u00e7\u0131xd\u0131, d\u0259qiql\u0259\u015fdirdi. G\u0259r\u0259k haqq\u0131 dan\u0131\u015faq, he\u00e7 kimin z\u0259hm\u0259tini yer\u0259 vurmaq olmaz. Bizim k\u0259ndd\u0259n 3 \u015f\u0259hid olub, bu d\u00f6rd\u00fcnc\u00fcd\u00fcr. Ham\u0131s\u0131 da y\u00fcks\u0259k s\u0259viyy\u0259d\u0259 d\u0259fn olunub\u201d.\n<\/p>\n<p>\n  L\u0259nk\u0259ran \u015e\u0259h\u0259r \u0130cra Hakimiyy\u0259ti m\u0259s\u0259l\u0259 il\u0259 ba\u011fl\u0131 a\u00e7\u0131qlama yay\u0131b. A\u00e7\u0131qlamada deyilir ki, b\u0259zi sosial \u015f\u0259b\u0259k\u0259 istifad\u0259\u00e7il\u0259rinin payla\u015fd\u0131qlar\u0131 m\u0259lumatlar\u0131n he\u00e7 biri h\u0259qiq\u0259ti \u0259ks etdirmir:\n<\/p>\n<p>\n  \u201cBel\u0259 ki, q\u00fcvv\u0259d\u0259 olan qanunvericiliyin t\u0259l\u0259bl\u0259rin\u0259 g\u00f6r\u0259 \u015f\u0259hidlik statusunun verilm\u0259si \u00fcmumiyy\u0259tl\u0259 \u015f\u0259h\u0259r \u0130cra hakimiyy\u0259tinin s\u0259lahiyy\u0259tin\u0259 aid olmayan m\u0259s\u0259l\u0259 oldu\u011fundan \u015f\u0259h\u0259r \u0130cra hakimiyy\u0259tini bu statusu verm\u0259m\u0259kd\u0259 ittiham etm\u0259k tamamil\u0259 \u0259sass\u0131zd\u0131r. \u0130kincisi i\u015f\u011fal olunmu\u015f torpaqlar\u0131n azadl\u0131\u011f\u0131 u\u011frunda d\u00f6y\u00fc\u015fl\u0259rd\u0259 q\u0259hr\u0259mancas\u0131na vuru\u015fub h\u0259lak olmu\u015f l\u0259nk\u0259ranl\u0131 \u015f\u0259hidl\u0259rin h\u0259r birinin, o c\u00fcml\u0259d\u0259n d\u00f6yu\u015f tap\u015f\u0131r\u0131q\u0131n\u0131 yerin\u0259 yetir\u0259rk\u0259n \u015f\u0259hid olmu\u015f \u018fflat\u00fcn F\u0259r\u0259covun d\u0259fn m\u0259rasimi \u015f\u0259h\u0259r \u0130cra hakimiyy\u0259tinin r\u0259hb\u0259rliyi, \u015f\u0259xs\u0259n \u0130cra ba\u015f\u00e7\u0131s\u0131 ba\u015fda olmaqla h\u00fcquq-m\u00fchafiz\u0259 orqanlar\u0131n\u0131n, rayon ictimaiyy\u0259ti n\u00fcmay\u0259nd\u0259l\u0259rinin, \u0259m\u0259k kollektivl\u0259rinin, ziyal\u0131lar\u0131n, din xadiml\u0259rinin i\u015ftirak\u0131 il\u0259 izdihaml\u0131 \u015f\u0259kild\u0259 v\u0259t\u0259np\u0259rv\u0259rlik \u015f\u00fcarlar\u0131 il\u0259 ke\u00e7ib\u201d.<\/p>\n","protected":false},"excerpt":{"rendered":"<p>\u201cN\u0259\u015fini g\u0259tir\u0259nd\u0259 bac\u0131-qarda\u015f\u0131na deyibl\u0259r ki, avtoq\u0259zada \u00f6l\u00fcb\u201d.<\/p>\n","protected":false},"author":11,"featured_media":151868,"comment_status":"closed","ping_status":"open","sticky":false,"template":"","format":"standard","meta":{"_acf_changed":false,"_sitemap_exclude":false,"_sitemap_priority":"","_sitemap_frequency":"","footnotes":""},"categories":[60],"tags":[],"class_list":["post-203710","post","type-post","status-publish","format-standard","has-post-thumbnail","hentry","category-bolge","infinite-scroll-item","generate-columns","tablet-grid-50","mobile-grid-100","grid-parent","grid-33","no-featured-image-padding"],"acf":[],"yoast_head":"<!-- This site is optimized with the Yoast SEO plugin v27.5 - https:\/\/yoast.com\/product\/yoast-seo-wordpress\/ -->\n<title>L\u0259nk\u0259randa: \u018fsg\u0259rin avtoq\u0259zada \u00f6ld\u00fcy\u00fc deyildi, k\u0259nd camaat\u0131 etiraza qalxd\u0131 - MEYDAN.TV<\/title>\n<meta name=\"robots\" content=\"index, follow, max-snippet:-1, max-image-preview:large, max-video-preview:-1\" \/>\n<link rel=\"canonical\" href=\"https:\/\/www.meydan.tv\/az\/article\/lenkeranda-esgerin-avtoqezada-olduyu-deyildi-kend-camaati-etiraza-qalxdi\/\" \/>\n<meta property=\"og:locale\" content=\"az_AZ\" \/>\n<meta property=\"og:type\" content=\"article\" \/>\n<meta property=\"og:title\" content=\"L\u0259nk\u0259randa: \u018fsg\u0259rin avtoq\u0259zada \u00f6ld\u00fcy\u00fc deyildi, k\u0259nd camaat\u0131 etiraza qalxd\u0131 - MEYDAN.TV\" \/>\n<meta property=\"og:description\" content=\"\u201cN\u0259\u015fini g\u0259tir\u0259nd\u0259 bac\u0131-qarda\u015f\u0131na deyibl\u0259r ki, avtoq\u0259zada \u00f6l\u00fcb\u201d.\" \/>\n<meta property=\"og:url\" content=\"https:\/\/www.meydan.tv\/az\/article\/lenkeranda-esgerin-avtoqezada-olduyu-deyildi-kend-camaati-etiraza-qalxdi\/\" \/>\n<meta property=\"og:site_name\" content=\"MEYDAN.TV\" \/>\n<meta property=\"article:published_time\" content=\"2020-11-22T14:06:07+00:00\" \/>\n<meta property=\"og:image\" content=\"https:\/\/www.meydan.tv\/wp-content\/uploads\/screenshot_at_nov_22_13-52-21-1200x667.png\" \/>\n\t<meta property=\"og:image:width\" content=\"1200\" \/>\n\t<meta property=\"og:image:height\" content=\"667\" \/>\n\t<meta property=\"og:image:type\" content=\"image\/png\" \/>\n<meta name=\"author\" content=\"user-manager\" \/>\n<meta name=\"twitter:card\" content=\"summary_large_image\" \/>\n<script type=\"application\/ld+json\" class=\"yoast-schema-graph\">{\"@context\":\"https:\\\/\\\/schema.org\",\"@graph\":[{\"@type\":\"Article\",\"@id\":\"https:\\\/\\\/www.meydan.tv\\\/az\\\/article\\\/lenkeranda-esgerin-avtoqezada-olduyu-deyildi-kend-camaati-etiraza-qalxdi\\\/#article\",\"isPartOf\":{\"@id\":\"https:\\\/\\\/www.meydan.tv\\\/az\\\/article\\\/lenkeranda-esgerin-avtoqezada-olduyu-deyildi-kend-camaati-etiraza-qalxdi\\\/\"},\"author\":{\"name\":\"user-manager\",\"@id\":\"https:\\\/\\\/www.meydan.tv\\\/az\\\/#\\\/schema\\\/person\\\/10d11eccf6da3662cf5fdab9806ea91a\"},\"headline\":\"L\u0259nk\u0259randa: \u018fsg\u0259rin avtoq\u0259zada \u00f6ld\u00fcy\u00fc deyildi, k\u0259nd camaat\u0131 etiraza qalxd\u0131\",\"datePublished\":\"2020-11-22T14:06:07+00:00\",\"mainEntityOfPage\":{\"@id\":\"https:\\\/\\\/www.meydan.tv\\\/az\\\/article\\\/lenkeranda-esgerin-avtoqezada-olduyu-deyildi-kend-camaati-etiraza-qalxdi\\\/\"},\"wordCount\":700,\"publisher\":{\"@id\":\"https:\\\/\\\/www.meydan.tv\\\/az\\\/#organization\"},\"image\":{\"@id\":\"https:\\\/\\\/www.meydan.tv\\\/az\\\/article\\\/lenkeranda-esgerin-avtoqezada-olduyu-deyildi-kend-camaati-etiraza-qalxdi\\\/#primaryimage\"},\"thumbnailUrl\":\"https:\\\/\\\/www.meydan.tv\\\/wp-content\\\/uploads\\\/screenshot_at_nov_22_13-52-21.png\",\"articleSection\":[\"B\u00f6lg\u0259\"],\"inLanguage\":\"az\"},{\"@type\":\"WebPage\",\"@id\":\"https:\\\/\\\/www.meydan.tv\\\/az\\\/article\\\/lenkeranda-esgerin-avtoqezada-olduyu-deyildi-kend-camaati-etiraza-qalxdi\\\/\",\"url\":\"https:\\\/\\\/www.meydan.tv\\\/az\\\/article\\\/lenkeranda-esgerin-avtoqezada-olduyu-deyildi-kend-camaati-etiraza-qalxdi\\\/\",\"name\":\"L\u0259nk\u0259randa: \u018fsg\u0259rin avtoq\u0259zada \u00f6ld\u00fcy\u00fc deyildi, k\u0259nd camaat\u0131 etiraza qalxd\u0131 - MEYDAN.TV\",\"isPartOf\":{\"@id\":\"https:\\\/\\\/www.meydan.tv\\\/az\\\/#website\"},\"primaryImageOfPage\":{\"@id\":\"https:\\\/\\\/www.meydan.tv\\\/az\\\/article\\\/lenkeranda-esgerin-avtoqezada-olduyu-deyildi-kend-camaati-etiraza-qalxdi\\\/#primaryimage\"},\"image\":{\"@id\":\"https:\\\/\\\/www.meydan.tv\\\/az\\\/article\\\/lenkeranda-esgerin-avtoqezada-olduyu-deyildi-kend-camaati-etiraza-qalxdi\\\/#primaryimage\"},\"thumbnailUrl\":\"https:\\\/\\\/www.meydan.tv\\\/wp-content\\\/uploads\\\/screenshot_at_nov_22_13-52-21.png\",\"datePublished\":\"2020-11-22T14:06:07+00:00\",\"breadcrumb\":{\"@id\":\"https:\\\/\\\/www.meydan.tv\\\/az\\\/article\\\/lenkeranda-esgerin-avtoqezada-olduyu-deyildi-kend-camaati-etiraza-qalxdi\\\/#breadcrumb\"},\"inLanguage\":\"az\",\"potentialAction\":[{\"@type\":\"ReadAction\",\"target\":[\"https:\\\/\\\/www.meydan.tv\\\/az\\\/article\\\/lenkeranda-esgerin-avtoqezada-olduyu-deyildi-kend-camaati-etiraza-qalxdi\\\/\"]}]},{\"@type\":\"ImageObject\",\"inLanguage\":\"az\",\"@id\":\"https:\\\/\\\/www.meydan.tv\\\/az\\\/article\\\/lenkeranda-esgerin-avtoqezada-olduyu-deyildi-kend-camaati-etiraza-qalxdi\\\/#primaryimage\",\"url\":\"https:\\\/\\\/www.meydan.tv\\\/wp-content\\\/uploads\\\/screenshot_at_nov_22_13-52-21.png\",\"contentUrl\":\"https:\\\/\\\/www.meydan.tv\\\/wp-content\\\/uploads\\\/screenshot_at_nov_22_13-52-21.png\",\"width\":1676,\"height\":932,\"caption\":\"Source: Specify Source\"},{\"@type\":\"BreadcrumbList\",\"@id\":\"https:\\\/\\\/www.meydan.tv\\\/az\\\/article\\\/lenkeranda-esgerin-avtoqezada-olduyu-deyildi-kend-camaati-etiraza-qalxdi\\\/#breadcrumb\",\"itemListElement\":[{\"@type\":\"ListItem\",\"position\":1,\"name\":\"Ana s\u0259hif\u0259\",\"item\":\"https:\\\/\\\/www.meydan.tv\\\/az\\\/\"},{\"@type\":\"ListItem\",\"position\":2,\"name\":\"B\u00f6lg\u0259\",\"item\":\"https:\\\/\\\/www.meydan.tv\\\/az\\\/section\\\/bolge\\\/\"},{\"@type\":\"ListItem\",\"position\":3,\"name\":\"L\u0259nk\u0259randa: \u018fsg\u0259rin avtoq\u0259zada \u00f6ld\u00fcy\u00fc deyildi, k\u0259nd camaat\u0131 etiraza qalxd\u0131\"}]},{\"@type\":\"WebSite\",\"@id\":\"https:\\\/\\\/www.meydan.tv\\\/az\\\/#website\",\"url\":\"https:\\\/\\\/www.meydan.tv\\\/az\\\/\",\"name\":\"MEYDAN.TV\",\"description\":\"Meydan TV Az\u0259rbaycan\u0131n media m\u0259kan\u0131ndak\u0131 alternativ s\u0259sidir\",\"publisher\":{\"@id\":\"https:\\\/\\\/www.meydan.tv\\\/az\\\/#organization\"},\"potentialAction\":[{\"@type\":\"SearchAction\",\"target\":{\"@type\":\"EntryPoint\",\"urlTemplate\":\"https:\\\/\\\/www.meydan.tv\\\/az\\\/?s={search_term_string}\"},\"query-input\":{\"@type\":\"PropertyValueSpecification\",\"valueRequired\":true,\"valueName\":\"search_term_string\"}}],\"inLanguage\":\"az\"},{\"@type\":\"Organization\",\"@id\":\"https:\\\/\\\/www.meydan.tv\\\/az\\\/#organization\",\"name\":\"Meydan TV\",\"url\":\"https:\\\/\\\/www.meydan.tv\\\/az\\\/\",\"logo\":{\"@type\":\"ImageObject\",\"inLanguage\":\"az\",\"@id\":\"https:\\\/\\\/www.meydan.tv\\\/az\\\/#\\\/schema\\\/logo\\\/image\\\/\",\"url\":\"https:\\\/\\\/www.meydan.tv\\\/wp-content\\\/uploads\\\/2021\\\/07\\\/meydan-logo.svg\",\"contentUrl\":\"https:\\\/\\\/www.meydan.tv\\\/wp-content\\\/uploads\\\/2021\\\/07\\\/meydan-logo.svg\",\"width\":195,\"height\":46,\"caption\":\"Meydan TV\"},\"image\":{\"@id\":\"https:\\\/\\\/www.meydan.tv\\\/az\\\/#\\\/schema\\\/logo\\\/image\\\/\"}},{\"@type\":\"Person\",\"@id\":\"https:\\\/\\\/www.meydan.tv\\\/az\\\/#\\\/schema\\\/person\\\/10d11eccf6da3662cf5fdab9806ea91a\",\"name\":\"user-manager\"}]}<\/script>\n<!-- \/ Yoast SEO plugin. -->","yoast_head_json":{"title":"L\u0259nk\u0259randa: \u018fsg\u0259rin avtoq\u0259zada \u00f6ld\u00fcy\u00fc deyildi, k\u0259nd camaat\u0131 etiraza qalxd\u0131 - MEYDAN.TV","robots":{"index":"index","follow":"follow","max-snippet":"max-snippet:-1","max-image-preview":"max-image-preview:large","max-video-preview":"max-video-preview:-1"},"canonical":"https:\/\/www.meydan.tv\/az\/article\/lenkeranda-esgerin-avtoqezada-olduyu-deyildi-kend-camaati-etiraza-qalxdi\/","og_locale":"az_AZ","og_type":"article","og_title":"L\u0259nk\u0259randa: \u018fsg\u0259rin avtoq\u0259zada \u00f6ld\u00fcy\u00fc deyildi, k\u0259nd camaat\u0131 etiraza qalxd\u0131 - MEYDAN.TV","og_description":"\u201cN\u0259\u015fini g\u0259tir\u0259nd\u0259 bac\u0131-qarda\u015f\u0131na deyibl\u0259r ki, avtoq\u0259zada \u00f6l\u00fcb\u201d.","og_url":"https:\/\/www.meydan.tv\/az\/article\/lenkeranda-esgerin-avtoqezada-olduyu-deyildi-kend-camaati-etiraza-qalxdi\/","og_site_name":"MEYDAN.TV","article_published_time":"2020-11-22T14:06:07+00:00","og_image":[{"width":1200,"height":667,"url":"https:\/\/www.meydan.tv\/wp-content\/uploads\/screenshot_at_nov_22_13-52-21-1200x667.png","type":"image\/png"}],"author":"user-manager","twitter_card":"summary_large_image","schema":{"@context":"https:\/\/schema.org","@graph":[{"@type":"Article","@id":"https:\/\/www.meydan.tv\/az\/article\/lenkeranda-esgerin-avtoqezada-olduyu-deyildi-kend-camaati-etiraza-qalxdi\/#article","isPartOf":{"@id":"https:\/\/www.meydan.tv\/az\/article\/lenkeranda-esgerin-avtoqezada-olduyu-deyildi-kend-camaati-etiraza-qalxdi\/"},"author":{"name":"user-manager","@id":"https:\/\/www.meydan.tv\/az\/#\/schema\/person\/10d11eccf6da3662cf5fdab9806ea91a"},"headline":"L\u0259nk\u0259randa: \u018fsg\u0259rin avtoq\u0259zada \u00f6ld\u00fcy\u00fc deyildi, k\u0259nd camaat\u0131 etiraza qalxd\u0131","datePublished":"2020-11-22T14:06:07+00:00","mainEntityOfPage":{"@id":"https:\/\/www.meydan.tv\/az\/article\/lenkeranda-esgerin-avtoqezada-olduyu-deyildi-kend-camaati-etiraza-qalxdi\/"},"wordCount":700,"publisher":{"@id":"https:\/\/www.meydan.tv\/az\/#organization"},"image":{"@id":"https:\/\/www.meydan.tv\/az\/article\/lenkeranda-esgerin-avtoqezada-olduyu-deyildi-kend-camaati-etiraza-qalxdi\/#primaryimage"},"thumbnailUrl":"https:\/\/www.meydan.tv\/wp-content\/uploads\/screenshot_at_nov_22_13-52-21.png","articleSection":["B\u00f6lg\u0259"],"inLanguage":"az"},{"@type":"WebPage","@id":"https:\/\/www.meydan.tv\/az\/article\/lenkeranda-esgerin-avtoqezada-olduyu-deyildi-kend-camaati-etiraza-qalxdi\/","url":"https:\/\/www.meydan.tv\/az\/article\/lenkeranda-esgerin-avtoqezada-olduyu-deyildi-kend-camaati-etiraza-qalxdi\/","name":"L\u0259nk\u0259randa: \u018fsg\u0259rin avtoq\u0259zada \u00f6ld\u00fcy\u00fc deyildi, k\u0259nd camaat\u0131 etiraza qalxd\u0131 - MEYDAN.TV","isPartOf":{"@id":"https:\/\/www.meydan.tv\/az\/#website"},"primaryImageOfPage":{"@id":"https:\/\/www.meydan.tv\/az\/article\/lenkeranda-esgerin-avtoqezada-olduyu-deyildi-kend-camaati-etiraza-qalxdi\/#primaryimage"},"image":{"@id":"https:\/\/www.meydan.tv\/az\/article\/lenkeranda-esgerin-avtoqezada-olduyu-deyildi-kend-camaati-etiraza-qalxdi\/#primaryimage"},"thumbnailUrl":"https:\/\/www.meydan.tv\/wp-content\/uploads\/screenshot_at_nov_22_13-52-21.png","datePublished":"2020-11-22T14:06:07+00:00","breadcrumb":{"@id":"https:\/\/www.meydan.tv\/az\/article\/lenkeranda-esgerin-avtoqezada-olduyu-deyildi-kend-camaati-etiraza-qalxdi\/#breadcrumb"},"inLanguage":"az","potentialAction":[{"@type":"ReadAction","target":["https:\/\/www.meydan.tv\/az\/article\/lenkeranda-esgerin-avtoqezada-olduyu-deyildi-kend-camaati-etiraza-qalxdi\/"]}]},{"@type":"ImageObject","inLanguage":"az","@id":"https:\/\/www.meydan.tv\/az\/article\/lenkeranda-esgerin-avtoqezada-olduyu-deyildi-kend-camaati-etiraza-qalxdi\/#primaryimage","url":"https:\/\/www.meydan.tv\/wp-content\/uploads\/screenshot_at_nov_22_13-52-21.png","contentUrl":"https:\/\/www.meydan.tv\/wp-content\/uploads\/screenshot_at_nov_22_13-52-21.png","width":1676,"height":932,"caption":"Source: Specify Source"},{"@type":"BreadcrumbList","@id":"https:\/\/www.meydan.tv\/az\/article\/lenkeranda-esgerin-avtoqezada-olduyu-deyildi-kend-camaati-etiraza-qalxdi\/#breadcrumb","itemListElement":[{"@type":"ListItem","position":1,"name":"Ana s\u0259hif\u0259","item":"https:\/\/www.meydan.tv\/az\/"},{"@type":"ListItem","position":2,"name":"B\u00f6lg\u0259","item":"https:\/\/www.meydan.tv\/az\/section\/bolge\/"},{"@type":"ListItem","position":3,"name":"L\u0259nk\u0259randa: \u018fsg\u0259rin avtoq\u0259zada \u00f6ld\u00fcy\u00fc deyildi, k\u0259nd camaat\u0131 etiraza qalxd\u0131"}]},{"@type":"WebSite","@id":"https:\/\/www.meydan.tv\/az\/#website","url":"https:\/\/www.meydan.tv\/az\/","name":"MEYDAN.TV","description":"Meydan TV Az\u0259rbaycan\u0131n media m\u0259kan\u0131ndak\u0131 alternativ s\u0259sidir","publisher":{"@id":"https:\/\/www.meydan.tv\/az\/#organization"},"potentialAction":[{"@type":"SearchAction","target":{"@type":"EntryPoint","urlTemplate":"https:\/\/www.meydan.tv\/az\/?s={search_term_string}"},"query-input":{"@type":"PropertyValueSpecification","valueRequired":true,"valueName":"search_term_string"}}],"inLanguage":"az"},{"@type":"Organization","@id":"https:\/\/www.meydan.tv\/az\/#organization","name":"Meydan TV","url":"https:\/\/www.meydan.tv\/az\/","logo":{"@type":"ImageObject","inLanguage":"az","@id":"https:\/\/www.meydan.tv\/az\/#\/schema\/logo\/image\/","url":"https:\/\/www.meydan.tv\/wp-content\/uploads\/2021\/07\/meydan-logo.svg","contentUrl":"https:\/\/www.meydan.tv\/wp-content\/uploads\/2021\/07\/meydan-logo.svg","width":195,"height":46,"caption":"Meydan TV"},"image":{"@id":"https:\/\/www.meydan.tv\/az\/#\/schema\/logo\/image\/"}},{"@type":"Person","@id":"https:\/\/www.meydan.tv\/az\/#\/schema\/person\/10d11eccf6da3662cf5fdab9806ea91a","name":"user-manager"}]}},"_links":{"self":[{"href":"https:\/\/www.meydan.tv\/az\/wp-json\/wp\/v2\/posts\/203710","targetHints":{"allow":["GET"]}}],"collection":[{"href":"https:\/\/www.meydan.tv\/az\/wp-json\/wp\/v2\/posts"}],"about":[{"href":"https:\/\/www.meydan.tv\/az\/wp-json\/wp\/v2\/types\/post"}],"author":[{"embeddable":true,"href":"https:\/\/www.meydan.tv\/az\/wp-json\/wp\/v2\/users\/11"}],"replies":[{"embeddable":true,"href":"https:\/\/www.meydan.tv\/az\/wp-json\/wp\/v2\/comments?post=203710"}],"version-history":[{"count":0,"href":"https:\/\/www.meydan.tv\/az\/wp-json\/wp\/v2\/posts\/203710\/revisions"}],"wp:featuredmedia":[{"embeddable":true,"href":"https:\/\/www.meydan.tv\/az\/wp-json\/wp\/v2\/media\/151868"}],"wp:attachment":[{"href":"https:\/\/www.meydan.tv\/az\/wp-json\/wp\/v2\/media?parent=203710"}],"wp:term":[{"taxonomy":"category","embeddable":true,"href":"https:\/\/www.meydan.tv\/az\/wp-json\/wp\/v2\/categories?post=203710"},{"taxonomy":"post_tag","embeddable":true,"href":"https:\/\/www.meydan.tv\/az\/wp-json\/wp\/v2\/tags?post=203710"}],"curies":[{"name":"wp","href":"https:\/\/api.w.org\/{rel}","templated":true}]}}