{"id":203692,"date":"2020-11-20T13:56:26","date_gmt":"2020-11-20T13:56:26","guid":{"rendered":"https:\/\/www.meydan.tv\/article\/azerbaycanda-polietilen-torbalar-ve-birdefellik-qablar-qadagan-edilir\/"},"modified":"2020-11-20T13:56:26","modified_gmt":"2020-11-20T13:56:26","slug":"azerbaycanda-polietilen-torbalar-ve-birdefellik-qablar-qadagan-edilir","status":"publish","type":"post","link":"https:\/\/www.meydan.tv\/az\/article\/azerbaycanda-polietilen-torbalar-ve-birdefellik-qablar-qadagan-edilir\/","title":{"rendered":"Az\u0259rbaycanda polietilen torbalar v\u0259 bird\u0259f\u0259lik qablar qada\u011fan edilir"},"content":{"rendered":"<p>\n  <i><br \/>\n    Bununla ba\u011fl\u0131 inzibati c\u0259rim\u0259l\u0259r t\u0259tbiq olunacaq<br \/>\n  <\/i>\n<\/p>\n<p>\n  Az\u0259rbaycanda qal\u0131nl\u0131\u011f\u0131 15 mikrona q\u0259d\u0259r olan polietilen torbalar\u0131n, habel\u0259 bird\u0259f\u0259lik istifad\u0259 \u00fc\u00e7\u00fcn n\u0259z\u0259rd\u0259 tutulan plastik qar\u0131\u015fd\u0131r\u0131c\u0131 \u00e7ubuq, \u00e7\u0259ng\u0259l, b\u0131\u00e7aq, bo\u015fqab v\u0259 st\u0259kanlar\u0131n sahibkarlar t\u0259r\u0259find\u0259n idxal\u0131, istehsal\u0131, ticar\u0259t, ictimai ia\u015f\u0259 v\u0259 xidm\u0259t obyektl\u0259rind\u0259 istehlak\u00e7\u0131ya sat\u0131lmas\u0131 v\u0259 verilm\u0259si qada\u011fan edilir.\n<\/p>\n<p>\n  Bununla ba\u011fl\u0131 parlamentin noyabr\u0131n 20-d\u0259 ke\u00e7iril\u0259n plenar iclas\u0131nda \u201c\u018ftraf m\u00fchitin m\u00fchafiz\u0259si haqq\u0131nda\u201d qanuna d\u0259yi\u015fiklik layih\u0259si birinci oxunu\u015fda m\u00fczakir\u0259y\u0259 \u00e7\u0131xar\u0131l\u0131b.\n<\/p>\n<p>\n  Qanun layih\u0259sinin polietilen torbalara m\u00fcnasib\u0259td\u0259 2021-ci il yanvar\u0131n 1-d\u0259n, dig\u0259r bird\u0259f\u0259lik istifad\u0259 \u00fc\u00e7\u00fcn n\u0259z\u0259rd\u0259 tutulan m\u0259hsullara m\u00fcnasib\u0259td\u0259 is\u0259 2021-ci il iyulun 1-d\u0259n q\u00fcvv\u0259y\u0259 minm\u0259si n\u0259z\u0259rd\u0259 tutulub.\n<\/p>\n<p>\n  H\u0259m\u00e7inin bununla ba\u011fl\u0131 \u0130nzibati X\u0259talar d\u0259 yeni 275.4 v\u0259 275.5-ci madd\u0259l\u0259r \u0259lav\u0259 olunur.\n<\/p>\n<p>\n  D\u0259yi\u015fiklikl\u0259 qal\u0131nl\u0131\u011f\u0131 15 mikrona q\u0259d\u0259r olan polietilen torbalar\u0131n, habel\u0259 bird\u0259f\u0259lik istifad\u0259 \u00fc\u00e7\u00fcn n\u0259z\u0259rd\u0259 tutulan plastik qar\u0131\u015fd\u0131r\u0131c\u0131 \u00e7ubuq, \u00e7\u0259ng\u0259l, b\u0131\u00e7aq, bo\u015fqab v\u0259 st\u0259kanlar\u0131n sahibkarlar t\u0259r\u0259find\u0259n idxal\u0131, istehsal\u0131, ticar\u0259t, ictimai ia\u015f\u0259 v\u0259 xidm\u0259t obyektl\u0259rind\u0259 istehlak\u00e7\u0131ya sat\u0131lmas\u0131 v\u0259 verilm\u0259sin\u0259 g\u00f6r\u0259 inzibati x\u0259tan\u0131n bilavasit\u0259 obyekti olan plastik materiallar m\u00fcsadir\u0259 edilm\u0259kl\u0259 v\u0259zif\u0259li \u015f\u0259xsl\u0259r 1000 manatdan 1500 manatad\u0259k, h\u00fcquqi \u015f\u0259xsl\u0259r is\u0259 3000 manatdan 4000 manatad\u0259k c\u0259rim\u0259 edil\u0259c\u0259k.\n<\/p>\n<p>\n  Bundan \u0259lav\u0259, \u0130nzibati X\u0259talar M\u0259c\u0259ll\u0259sinin 275.4-c\u00fc madd\u0259sind\u0259 n\u0259z\u0259rd\u0259 tutulmu\u015f x\u0259talar\u0131n inzibati t\u0259nbeh alm\u0131\u015f \u015f\u0259xs t\u0259r\u0259find\u0259n inzibati t\u0259nbeh verm\u0259 haqq\u0131nda q\u0259rar q\u00fcvv\u0259y\u0259 mindiyi g\u00fcnd\u0259n 1 il \u0259rzind\u0259 t\u0259krar t\u00f6r\u0259dilm\u0259sin\u0259 g\u00f6r\u0259 inzibati x\u0259tan\u0131n bilavasit\u0259 obyekti olan plastik materiallar m\u00fcsadir\u0259 edilm\u0259kl\u0259 v\u0259zif\u0259li \u015f\u0259xsl\u0259r 1500 manatdan 2000 manatad\u0259k, h\u00fcquqi \u015f\u0259xsl\u0259r is\u0259 4000 manatdan 5000 manatad\u0259k c\u0259rim\u0259 edil\u0259c\u0259k.\n<\/p>\n<p>\n  Qanun layih\u0259sinin polietilen torbalara m\u00fcnasib\u0259td\u0259 2021-ci il yanvar\u0131n 1-d\u0259n, dig\u0259r bird\u0259f\u0259lik istifad\u0259 \u00fc\u00e7\u00fcn n\u0259z\u0259rd\u0259 tutulan m\u0259hsullara m\u00fcnasib\u0259td\u0259 is\u0259 2021-ci il iyulun 1-d\u0259n q\u00fcvv\u0259y\u0259 minm\u0259si t\u0259klif edilib.\n<\/p>\n<p>\n  \u00d6lk\u0259 prezidentinin 2019-cu il 7 fevral tarixli \u201cAz\u0259rbaycanda plastik qabla\u015fd\u0131rma tullant\u0131lar\u0131n\u0131n \u0259traf m\u00fchit\u0259 t\u0259sirinin azald\u0131lmas\u0131na dair 2019-2020-ci ill\u0259r \u00fc\u00e7\u00fcn T\u0259dbirl\u0259r Plan\u0131\u201dna \u0259sas\u0259n haz\u0131rlanan layih\u0259l\u0259r I oxunu\u015fda q\u0259bul edilib.<\/p>\n","protected":false},"excerpt":{"rendered":"<p>H\u0259m\u00e7inin bununla ba\u011fl\u0131 \u0130nzibati X\u0259talar d\u0259 yeni 275.4 v\u0259 275.5-ci madd\u0259l\u0259r \u0259lav\u0259 olunur.<\/p>\n","protected":false},"author":11,"featured_media":151811,"comment_status":"closed","ping_status":"open","sticky":false,"template":"","format":"standard","meta":{"_acf_changed":false,"_sitemap_exclude":false,"_sitemap_priority":"","_sitemap_frequency":"","footnotes":""},"categories":[62],"tags":[],"class_list":["post-203692","post","type-post","status-publish","format-standard","has-post-thumbnail","hentry","category-sosial","infinite-scroll-item","generate-columns","tablet-grid-50","mobile-grid-100","grid-parent","grid-33","no-featured-image-padding"],"acf":[],"yoast_head":"<!-- This site is optimized with the Yoast SEO plugin v27.5 - https:\/\/yoast.com\/product\/yoast-seo-wordpress\/ -->\n<title>Az\u0259rbaycanda polietilen torbalar v\u0259 bird\u0259f\u0259lik qablar qada\u011fan edilir - MEYDAN.TV<\/title>\n<meta name=\"robots\" content=\"index, follow, max-snippet:-1, max-image-preview:large, max-video-preview:-1\" \/>\n<link rel=\"canonical\" href=\"https:\/\/www.meydan.tv\/az\/article\/azerbaycanda-polietilen-torbalar-ve-birdefellik-qablar-qadagan-edilir\/\" \/>\n<meta property=\"og:locale\" content=\"az_AZ\" \/>\n<meta property=\"og:type\" content=\"article\" \/>\n<meta property=\"og:title\" content=\"Az\u0259rbaycanda polietilen torbalar v\u0259 bird\u0259f\u0259lik qablar qada\u011fan edilir - MEYDAN.TV\" \/>\n<meta property=\"og:description\" content=\"H\u0259m\u00e7inin bununla ba\u011fl\u0131 \u0130nzibati X\u0259talar d\u0259 yeni 275.4 v\u0259 275.5-ci madd\u0259l\u0259r \u0259lav\u0259 olunur.\" \/>\n<meta property=\"og:url\" content=\"https:\/\/www.meydan.tv\/az\/article\/azerbaycanda-polietilen-torbalar-ve-birdefellik-qablar-qadagan-edilir\/\" \/>\n<meta property=\"og:site_name\" content=\"MEYDAN.TV\" \/>\n<meta property=\"article:published_time\" content=\"2020-11-20T13:56:26+00:00\" \/>\n<meta property=\"og:image\" content=\"https:\/\/www.meydan.tv\/wp-content\/uploads\/le-386970.jpg\" \/>\n\t<meta property=\"og:image:width\" content=\"853\" \/>\n\t<meta property=\"og:image:height\" content=\"480\" \/>\n\t<meta property=\"og:image:type\" content=\"image\/jpeg\" \/>\n<meta name=\"author\" content=\"user-manager\" \/>\n<meta name=\"twitter:card\" content=\"summary_large_image\" \/>\n<script type=\"application\/ld+json\" class=\"yoast-schema-graph\">{\"@context\":\"https:\\\/\\\/schema.org\",\"@graph\":[{\"@type\":\"Article\",\"@id\":\"https:\\\/\\\/www.meydan.tv\\\/az\\\/article\\\/azerbaycanda-polietilen-torbalar-ve-birdefellik-qablar-qadagan-edilir\\\/#article\",\"isPartOf\":{\"@id\":\"https:\\\/\\\/www.meydan.tv\\\/az\\\/article\\\/azerbaycanda-polietilen-torbalar-ve-birdefellik-qablar-qadagan-edilir\\\/\"},\"author\":{\"name\":\"user-manager\",\"@id\":\"https:\\\/\\\/www.meydan.tv\\\/az\\\/#\\\/schema\\\/person\\\/10d11eccf6da3662cf5fdab9806ea91a\"},\"headline\":\"Az\u0259rbaycanda polietilen torbalar v\u0259 bird\u0259f\u0259lik qablar qada\u011fan edilir\",\"datePublished\":\"2020-11-20T13:56:26+00:00\",\"mainEntityOfPage\":{\"@id\":\"https:\\\/\\\/www.meydan.tv\\\/az\\\/article\\\/azerbaycanda-polietilen-torbalar-ve-birdefellik-qablar-qadagan-edilir\\\/\"},\"wordCount\":463,\"publisher\":{\"@id\":\"https:\\\/\\\/www.meydan.tv\\\/az\\\/#organization\"},\"image\":{\"@id\":\"https:\\\/\\\/www.meydan.tv\\\/az\\\/article\\\/azerbaycanda-polietilen-torbalar-ve-birdefellik-qablar-qadagan-edilir\\\/#primaryimage\"},\"thumbnailUrl\":\"https:\\\/\\\/www.meydan.tv\\\/wp-content\\\/uploads\\\/le-386970.jpg\",\"articleSection\":[\"Sosial\"],\"inLanguage\":\"az\"},{\"@type\":\"WebPage\",\"@id\":\"https:\\\/\\\/www.meydan.tv\\\/az\\\/article\\\/azerbaycanda-polietilen-torbalar-ve-birdefellik-qablar-qadagan-edilir\\\/\",\"url\":\"https:\\\/\\\/www.meydan.tv\\\/az\\\/article\\\/azerbaycanda-polietilen-torbalar-ve-birdefellik-qablar-qadagan-edilir\\\/\",\"name\":\"Az\u0259rbaycanda polietilen torbalar v\u0259 bird\u0259f\u0259lik qablar qada\u011fan edilir - MEYDAN.TV\",\"isPartOf\":{\"@id\":\"https:\\\/\\\/www.meydan.tv\\\/az\\\/#website\"},\"primaryImageOfPage\":{\"@id\":\"https:\\\/\\\/www.meydan.tv\\\/az\\\/article\\\/azerbaycanda-polietilen-torbalar-ve-birdefellik-qablar-qadagan-edilir\\\/#primaryimage\"},\"image\":{\"@id\":\"https:\\\/\\\/www.meydan.tv\\\/az\\\/article\\\/azerbaycanda-polietilen-torbalar-ve-birdefellik-qablar-qadagan-edilir\\\/#primaryimage\"},\"thumbnailUrl\":\"https:\\\/\\\/www.meydan.tv\\\/wp-content\\\/uploads\\\/le-386970.jpg\",\"datePublished\":\"2020-11-20T13:56:26+00:00\",\"breadcrumb\":{\"@id\":\"https:\\\/\\\/www.meydan.tv\\\/az\\\/article\\\/azerbaycanda-polietilen-torbalar-ve-birdefellik-qablar-qadagan-edilir\\\/#breadcrumb\"},\"inLanguage\":\"az\",\"potentialAction\":[{\"@type\":\"ReadAction\",\"target\":[\"https:\\\/\\\/www.meydan.tv\\\/az\\\/article\\\/azerbaycanda-polietilen-torbalar-ve-birdefellik-qablar-qadagan-edilir\\\/\"]}]},{\"@type\":\"ImageObject\",\"inLanguage\":\"az\",\"@id\":\"https:\\\/\\\/www.meydan.tv\\\/az\\\/article\\\/azerbaycanda-polietilen-torbalar-ve-birdefellik-qablar-qadagan-edilir\\\/#primaryimage\",\"url\":\"https:\\\/\\\/www.meydan.tv\\\/wp-content\\\/uploads\\\/le-386970.jpg\",\"contentUrl\":\"https:\\\/\\\/www.meydan.tv\\\/wp-content\\\/uploads\\\/le-386970.jpg\",\"width\":853,\"height\":480,\"caption\":\"Source: google.az\"},{\"@type\":\"BreadcrumbList\",\"@id\":\"https:\\\/\\\/www.meydan.tv\\\/az\\\/article\\\/azerbaycanda-polietilen-torbalar-ve-birdefellik-qablar-qadagan-edilir\\\/#breadcrumb\",\"itemListElement\":[{\"@type\":\"ListItem\",\"position\":1,\"name\":\"Ana s\u0259hif\u0259\",\"item\":\"https:\\\/\\\/www.meydan.tv\\\/az\\\/\"},{\"@type\":\"ListItem\",\"position\":2,\"name\":\"Sosial\",\"item\":\"https:\\\/\\\/www.meydan.tv\\\/az\\\/section\\\/sosial\\\/\"},{\"@type\":\"ListItem\",\"position\":3,\"name\":\"Az\u0259rbaycanda polietilen torbalar v\u0259 bird\u0259f\u0259lik qablar qada\u011fan edilir\"}]},{\"@type\":\"WebSite\",\"@id\":\"https:\\\/\\\/www.meydan.tv\\\/az\\\/#website\",\"url\":\"https:\\\/\\\/www.meydan.tv\\\/az\\\/\",\"name\":\"MEYDAN.TV\",\"description\":\"Meydan TV Az\u0259rbaycan\u0131n media m\u0259kan\u0131ndak\u0131 alternativ s\u0259sidir\",\"publisher\":{\"@id\":\"https:\\\/\\\/www.meydan.tv\\\/az\\\/#organization\"},\"potentialAction\":[{\"@type\":\"SearchAction\",\"target\":{\"@type\":\"EntryPoint\",\"urlTemplate\":\"https:\\\/\\\/www.meydan.tv\\\/az\\\/?s={search_term_string}\"},\"query-input\":{\"@type\":\"PropertyValueSpecification\",\"valueRequired\":true,\"valueName\":\"search_term_string\"}}],\"inLanguage\":\"az\"},{\"@type\":\"Organization\",\"@id\":\"https:\\\/\\\/www.meydan.tv\\\/az\\\/#organization\",\"name\":\"Meydan TV\",\"url\":\"https:\\\/\\\/www.meydan.tv\\\/az\\\/\",\"logo\":{\"@type\":\"ImageObject\",\"inLanguage\":\"az\",\"@id\":\"https:\\\/\\\/www.meydan.tv\\\/az\\\/#\\\/schema\\\/logo\\\/image\\\/\",\"url\":\"https:\\\/\\\/www.meydan.tv\\\/wp-content\\\/uploads\\\/2021\\\/07\\\/meydan-logo.svg\",\"contentUrl\":\"https:\\\/\\\/www.meydan.tv\\\/wp-content\\\/uploads\\\/2021\\\/07\\\/meydan-logo.svg\",\"width\":195,\"height\":46,\"caption\":\"Meydan TV\"},\"image\":{\"@id\":\"https:\\\/\\\/www.meydan.tv\\\/az\\\/#\\\/schema\\\/logo\\\/image\\\/\"}},{\"@type\":\"Person\",\"@id\":\"https:\\\/\\\/www.meydan.tv\\\/az\\\/#\\\/schema\\\/person\\\/10d11eccf6da3662cf5fdab9806ea91a\",\"name\":\"user-manager\"}]}<\/script>\n<!-- \/ Yoast SEO plugin. -->","yoast_head_json":{"title":"Az\u0259rbaycanda polietilen torbalar v\u0259 bird\u0259f\u0259lik qablar qada\u011fan edilir - MEYDAN.TV","robots":{"index":"index","follow":"follow","max-snippet":"max-snippet:-1","max-image-preview":"max-image-preview:large","max-video-preview":"max-video-preview:-1"},"canonical":"https:\/\/www.meydan.tv\/az\/article\/azerbaycanda-polietilen-torbalar-ve-birdefellik-qablar-qadagan-edilir\/","og_locale":"az_AZ","og_type":"article","og_title":"Az\u0259rbaycanda polietilen torbalar v\u0259 bird\u0259f\u0259lik qablar qada\u011fan edilir - MEYDAN.TV","og_description":"H\u0259m\u00e7inin bununla ba\u011fl\u0131 \u0130nzibati X\u0259talar d\u0259 yeni 275.4 v\u0259 275.5-ci madd\u0259l\u0259r \u0259lav\u0259 olunur.","og_url":"https:\/\/www.meydan.tv\/az\/article\/azerbaycanda-polietilen-torbalar-ve-birdefellik-qablar-qadagan-edilir\/","og_site_name":"MEYDAN.TV","article_published_time":"2020-11-20T13:56:26+00:00","og_image":[{"width":853,"height":480,"url":"https:\/\/www.meydan.tv\/wp-content\/uploads\/le-386970.jpg","type":"image\/jpeg"}],"author":"user-manager","twitter_card":"summary_large_image","schema":{"@context":"https:\/\/schema.org","@graph":[{"@type":"Article","@id":"https:\/\/www.meydan.tv\/az\/article\/azerbaycanda-polietilen-torbalar-ve-birdefellik-qablar-qadagan-edilir\/#article","isPartOf":{"@id":"https:\/\/www.meydan.tv\/az\/article\/azerbaycanda-polietilen-torbalar-ve-birdefellik-qablar-qadagan-edilir\/"},"author":{"name":"user-manager","@id":"https:\/\/www.meydan.tv\/az\/#\/schema\/person\/10d11eccf6da3662cf5fdab9806ea91a"},"headline":"Az\u0259rbaycanda polietilen torbalar v\u0259 bird\u0259f\u0259lik qablar qada\u011fan edilir","datePublished":"2020-11-20T13:56:26+00:00","mainEntityOfPage":{"@id":"https:\/\/www.meydan.tv\/az\/article\/azerbaycanda-polietilen-torbalar-ve-birdefellik-qablar-qadagan-edilir\/"},"wordCount":463,"publisher":{"@id":"https:\/\/www.meydan.tv\/az\/#organization"},"image":{"@id":"https:\/\/www.meydan.tv\/az\/article\/azerbaycanda-polietilen-torbalar-ve-birdefellik-qablar-qadagan-edilir\/#primaryimage"},"thumbnailUrl":"https:\/\/www.meydan.tv\/wp-content\/uploads\/le-386970.jpg","articleSection":["Sosial"],"inLanguage":"az"},{"@type":"WebPage","@id":"https:\/\/www.meydan.tv\/az\/article\/azerbaycanda-polietilen-torbalar-ve-birdefellik-qablar-qadagan-edilir\/","url":"https:\/\/www.meydan.tv\/az\/article\/azerbaycanda-polietilen-torbalar-ve-birdefellik-qablar-qadagan-edilir\/","name":"Az\u0259rbaycanda polietilen torbalar v\u0259 bird\u0259f\u0259lik qablar qada\u011fan edilir - MEYDAN.TV","isPartOf":{"@id":"https:\/\/www.meydan.tv\/az\/#website"},"primaryImageOfPage":{"@id":"https:\/\/www.meydan.tv\/az\/article\/azerbaycanda-polietilen-torbalar-ve-birdefellik-qablar-qadagan-edilir\/#primaryimage"},"image":{"@id":"https:\/\/www.meydan.tv\/az\/article\/azerbaycanda-polietilen-torbalar-ve-birdefellik-qablar-qadagan-edilir\/#primaryimage"},"thumbnailUrl":"https:\/\/www.meydan.tv\/wp-content\/uploads\/le-386970.jpg","datePublished":"2020-11-20T13:56:26+00:00","breadcrumb":{"@id":"https:\/\/www.meydan.tv\/az\/article\/azerbaycanda-polietilen-torbalar-ve-birdefellik-qablar-qadagan-edilir\/#breadcrumb"},"inLanguage":"az","potentialAction":[{"@type":"ReadAction","target":["https:\/\/www.meydan.tv\/az\/article\/azerbaycanda-polietilen-torbalar-ve-birdefellik-qablar-qadagan-edilir\/"]}]},{"@type":"ImageObject","inLanguage":"az","@id":"https:\/\/www.meydan.tv\/az\/article\/azerbaycanda-polietilen-torbalar-ve-birdefellik-qablar-qadagan-edilir\/#primaryimage","url":"https:\/\/www.meydan.tv\/wp-content\/uploads\/le-386970.jpg","contentUrl":"https:\/\/www.meydan.tv\/wp-content\/uploads\/le-386970.jpg","width":853,"height":480,"caption":"Source: google.az"},{"@type":"BreadcrumbList","@id":"https:\/\/www.meydan.tv\/az\/article\/azerbaycanda-polietilen-torbalar-ve-birdefellik-qablar-qadagan-edilir\/#breadcrumb","itemListElement":[{"@type":"ListItem","position":1,"name":"Ana s\u0259hif\u0259","item":"https:\/\/www.meydan.tv\/az\/"},{"@type":"ListItem","position":2,"name":"Sosial","item":"https:\/\/www.meydan.tv\/az\/section\/sosial\/"},{"@type":"ListItem","position":3,"name":"Az\u0259rbaycanda polietilen torbalar v\u0259 bird\u0259f\u0259lik qablar qada\u011fan edilir"}]},{"@type":"WebSite","@id":"https:\/\/www.meydan.tv\/az\/#website","url":"https:\/\/www.meydan.tv\/az\/","name":"MEYDAN.TV","description":"Meydan TV Az\u0259rbaycan\u0131n media m\u0259kan\u0131ndak\u0131 alternativ s\u0259sidir","publisher":{"@id":"https:\/\/www.meydan.tv\/az\/#organization"},"potentialAction":[{"@type":"SearchAction","target":{"@type":"EntryPoint","urlTemplate":"https:\/\/www.meydan.tv\/az\/?s={search_term_string}"},"query-input":{"@type":"PropertyValueSpecification","valueRequired":true,"valueName":"search_term_string"}}],"inLanguage":"az"},{"@type":"Organization","@id":"https:\/\/www.meydan.tv\/az\/#organization","name":"Meydan TV","url":"https:\/\/www.meydan.tv\/az\/","logo":{"@type":"ImageObject","inLanguage":"az","@id":"https:\/\/www.meydan.tv\/az\/#\/schema\/logo\/image\/","url":"https:\/\/www.meydan.tv\/wp-content\/uploads\/2021\/07\/meydan-logo.svg","contentUrl":"https:\/\/www.meydan.tv\/wp-content\/uploads\/2021\/07\/meydan-logo.svg","width":195,"height":46,"caption":"Meydan TV"},"image":{"@id":"https:\/\/www.meydan.tv\/az\/#\/schema\/logo\/image\/"}},{"@type":"Person","@id":"https:\/\/www.meydan.tv\/az\/#\/schema\/person\/10d11eccf6da3662cf5fdab9806ea91a","name":"user-manager"}]}},"_links":{"self":[{"href":"https:\/\/www.meydan.tv\/az\/wp-json\/wp\/v2\/posts\/203692","targetHints":{"allow":["GET"]}}],"collection":[{"href":"https:\/\/www.meydan.tv\/az\/wp-json\/wp\/v2\/posts"}],"about":[{"href":"https:\/\/www.meydan.tv\/az\/wp-json\/wp\/v2\/types\/post"}],"author":[{"embeddable":true,"href":"https:\/\/www.meydan.tv\/az\/wp-json\/wp\/v2\/users\/11"}],"replies":[{"embeddable":true,"href":"https:\/\/www.meydan.tv\/az\/wp-json\/wp\/v2\/comments?post=203692"}],"version-history":[{"count":0,"href":"https:\/\/www.meydan.tv\/az\/wp-json\/wp\/v2\/posts\/203692\/revisions"}],"wp:featuredmedia":[{"embeddable":true,"href":"https:\/\/www.meydan.tv\/az\/wp-json\/wp\/v2\/media\/151811"}],"wp:attachment":[{"href":"https:\/\/www.meydan.tv\/az\/wp-json\/wp\/v2\/media?parent=203692"}],"wp:term":[{"taxonomy":"category","embeddable":true,"href":"https:\/\/www.meydan.tv\/az\/wp-json\/wp\/v2\/categories?post=203692"},{"taxonomy":"post_tag","embeddable":true,"href":"https:\/\/www.meydan.tv\/az\/wp-json\/wp\/v2\/tags?post=203692"}],"curies":[{"name":"wp","href":"https:\/\/api.w.org\/{rel}","templated":true}]}}