{"id":203690,"date":"2020-11-20T10:42:58","date_gmt":"2020-11-20T10:42:58","guid":{"rendered":"https:\/\/www.meydan.tv\/article\/oldurulmus-seher-fuzuli\/"},"modified":"2020-11-20T10:42:58","modified_gmt":"2020-11-20T10:42:58","slug":"oldurulmus-seher-fuzuli","status":"publish","type":"post","link":"https:\/\/www.meydan.tv\/az\/article\/oldurulmus-seher-fuzuli\/","title":{"rendered":"\u00d6ld\u00fcr\u00fclm\u00fc\u015f \u015f\u0259h\u0259r \u2013 F\u00fczuli"},"content":{"rendered":"<figure class=\"wp-block-embed is-type-video is-provider-youtube wp-block-embed-youtube wp-embed-aspect-16-9 wp-has-aspect-ratio\">\n<div class=\"wp-block-embed__wrapper\">\n    <iframe\ttitle=\"\u00d6ld\u00fcr\u00fclm\u00fc\u015f \u015f\u0259h\u0259r - F\u00fczuli\" width=\"1200\" height=\"675\" data-src=\"https:\/\/www.youtube.com\/embed\/bRSci55Enco\"\tframeborder=\"0\"\tallow=\"accelerometer; autoplay; clipboard-write; encrypted-media; gyroscope; picture-in-picture\" allowfullscreen src=\"data:image\/svg+xml;base64,PHN2ZyB3aWR0aD0iMSIgaGVpZ2h0PSIxIiB4bWxucz0iaHR0cDovL3d3dy53My5vcmcvMjAwMC9zdmciPjwvc3ZnPg==\" class=\"lazyload\" data-load-mode=\"1\"><\/iframe>\n  <\/div><figcaption>\n    \u00d6ld\u00fcr\u00fclm\u00fc\u015f \u015f\u0259h\u0259r &#8211; F\u00fczuli<br \/>\n  <\/figcaption><\/figure>\n<p>\n  <i><br \/>\n    \u0130ndi bu \u015f\u0259h\u0259ri xat\u0131rladacaq he\u00e7 n\u0259 yoxdur<br \/>\n  <\/i>\n<\/p>\n<p>\n  \u00d6lm\u0259k, yox edilm\u0259k, yer \u00fcz\u00fcnd\u0259n silinm\u0259k&#8230; \u0130ll\u0259rl\u0259 \u00f6l\u00fcmd\u0259n d\u0259 yazd\u0131m, insan itkisinin yax\u0131nlar\u0131na ya\u015fatd\u0131\u011f\u0131 ac\u0131dan da. V\u0259 he\u00e7 zaman d\u00fc\u015f\u00fcnm\u0259dim ki, \u00f6l\u0259n t\u0259kc\u0259 canl\u0131 varl\u0131qlar deyil, s\u0259n dem\u0259, \u015f\u0259h\u0259rl\u0259r d\u0259 \u00f6l\u00fcrm\u00fc\u015f&#8230;\n<\/p>\n<p>\n  \u0130\u015f\u011faldan azad olunmu\u015f F\u00fczuliy\u0259 ged\u0259c\u0259yimi e\u015fid\u0259nd\u0259 t\u0259s\u0259vv\u00fcr\u00fcmd\u0259 qar\u015f\u0131la\u015faca\u011f\u0131m m\u0259nz\u0259r\u0259 yox idi.\n<\/p>\n<p>\n  <b><br \/>\n    Ha\u015fiy\u0259:<br \/>\n  <\/b><br \/>\n  H\u0259r \u015fey jurnalistl\u0259rin i\u015f\u011faldan azad olunmu\u015f \u015f\u0259h\u0259rl\u0259r\u0259 s\u0259f\u0259rinin t\u0259\u015fkil olunmas\u0131n\u0131 e\u015fitm\u0259yimd\u0259n ba\u015flad\u0131. \u00d6nc\u0259 bir tan\u0131\u015f vasit\u0259sil\u0259 s\u0259f\u0259r\u0259 qat\u0131lmaq ist\u0259diyimi Prezident Administrasiyas\u0131na \u00e7atd\u0131rd\u0131m. Cavab \u00e7ox l\u0259ngim\u0259di: \u201cM\u00fcmk\u00fcn deyil, Meydan TV bizim siyas\u0259ti d\u0259st\u0259kl\u0259mir\u201d.\n<\/p>\n<p>\n  \u201cMeydan TV he\u00e7 bir siyas\u0259ti d\u0259st\u0259kl\u0259mir\u201d, &#8211; ismar\u0131c\u0131m da havada qald\u0131. Yen\u0259 d\u0259 son \u015fans\u0131mdan yararlanmaq ist\u0259dim, birba\u015fa Prezidentin k\u00f6m\u0259k\u00e7isi Hikm\u0259t Hac\u0131yev\u0259 mesaj yazd\u0131m, reportaj haz\u0131rlamaq ist\u0259diyimi diqq\u0259t\u0259 \u00e7atd\u0131rd\u0131m. Bu d\u0259f\u0259 al\u0131nd\u0131 v\u0259 m\u0259n d\u0259 F\u00fczuliy\u0259 yola d\u00fc\u015f\u0259n jurnalistl\u0259rin s\u0131ras\u0131na qo\u015fuldum\n<\/p>\n<figure class=\"wp-block-image size-large\">\n  <img decoding=\"async\" src=\"https:\/\/www.meydan.tv\/az\/img_3675-jpg\/\" alt=\"img_3675.jpg\" class=\"wp-image-151769\"\/><figcaption>\n    M\u0259hv edilmi\u015f tank<br \/>\n  <\/figcaption><\/figure>\n<p>\n  <b><br \/>\n    M\u00fcharib\u0259nin izl\u0259ri<br \/>\n  <\/b>\n<\/p>\n<p>\n  F\u00fczuliy\u0259 do\u011fru uzanan yolda bizi DYP ma\u015f\u0131n\u0131 m\u00fc\u015fayi\u0259t edirdi. \u018fraziy\u0259 \u00e7atd\u0131\u011f\u0131m\u0131z s\u00f6yl\u0259nil\u0259nd\u0259 avtobusdan d\u00fc\u015fd\u00fck, daha ki\u00e7iktutumlu \u201cSprinter\u201d modelli avtobuslarla yolumuzu davam etdirdik. Yollar torpaq v\u0259 \u00e7ala-\u00e7uxur oldu\u011fundan bizim avtobus orada h\u0259r\u0259k\u0259t ed\u0259 bilm\u0259zdi. \u018fyl\u0259\u015fdiyim avtobusun i\u00e7\u0259risin\u0259 \u201c\u0130mi\u015fli\u201d yaz\u0131lm\u0131\u015fd\u0131, s\u00fcr\u00fcc\u00fc dedi ki, \u0259slind\u0259 \u0130mi\u015flid\u0259 \u015f\u0259h\u0259rdaxili mar\u015frutda i\u015fl\u0259yir, amma sentyabr\u0131n 27-d\u0259n bu \u0259raziy\u0259 \u0259sg\u0259rl\u0259ri da\u015f\u0131y\u0131r. Sonra da yolun sa\u011f t\u0259r\u0259find\u0259ki m\u0259hv edilmi\u015f ma\u015f\u0131n qal\u0131\u011f\u0131n\u0131 g\u00f6st\u0259rib \u201cbax\u0131n, burdan o yana i\u015f\u011faldan azad etdiyimiz \u0259razil\u0259rdir\u201d dedi.\n<\/p>\n<p>\n  G\u00f6z g\u00f6rd\u00fckc\u0259 uzanan d\u00fcz\u0259nlikl\u0259rd\u0259 m\u00fcharib\u0259nin izl\u0259ri g\u00f6r\u00fcn\u00fcrd\u00fc. Yolboyu Erm\u0259nistan h\u0259rbi birl\u0259\u015fm\u0259l\u0259rin\u0259 m\u0259xsus m\u0259hv edilmi\u015f y\u00fck ma\u015f\u0131n\u0131, yanm\u0131\u015f tank, m\u0259rmil\u0259rin \u0259m\u0259l\u0259 g\u0259tirdiyi \u00e7uxurlar vard\u0131. Bir d\u0259 \u0259sg\u0259r geyiml\u0259ri, onlara aid \u00e7anta, bint, yataq kis\u0259si&#8230; Ara-s\u0131ra patron dolu dara\u011fa, silah qutular\u0131na da rast g\u0259linirdi. Ki\u00e7ik qayal\u0131qlar\u0131n ham\u0131s\u0131 oyulub yuva \u015f\u0259klini alm\u0131\u015fd\u0131, Erm\u0259nistan h\u0259rb\u00e7il\u0259rinin oradan s\u0131\u011f\u0131nacaq kimi istifad\u0259 etdiyi t\u0259xmin olunurdu.\n<\/p>\n<p>\n  \u0130lk bax\u0131\u015fdan ayd\u0131n g\u00f6r\u00fcn\u00fcrd\u00fc ki, m\u00fcharib\u0259y\u0259 q\u0259d\u0259r F\u00fczulid\u0259n ya\u015fay\u0131\u015f m\u0259nt\u0259q\u0259si kimi yox, yaln\u0131z h\u0259rbi m\u0259qs\u0259dl\u0259r \u00fc\u00e7\u00fcn istifad\u0259 olunub. \u00c7\u00fcnki yollarda n\u0259 ya\u015fay\u0131\u015f m\u0259nt\u0259q\u0259sinin ad\u0131n\u0131 g\u00f6st\u0259r\u0259n l\u00f6vh\u0259, n\u0259 d\u0259 i\u00e7\u0259risind\u0259 ya\u015fay\u0131\u015f oldu\u011funu and\u0131ran bir tikili vard\u0131.\n<\/p>\n<p>\n  Bir d\u0259 qurumu\u015f \u00e7\u00f6r-\u00e7\u00f6pl\u0259rd\u0259n b\u0259zi sah\u0259l\u0259rd\u0259 g\u00fcn\u0259baxan \u0259kdikl\u0259rini m\u00fc\u0259yy\u0259n etm\u0259k olurdu. H\u0259l\u0259 sovetl\u0259r d\u00f6n\u0259mind\u0259 sal\u0131nm\u0131\u015f \u00fcz\u00fcm ba\u011flar\u0131n\u0131n dir\u0259kl\u0259ri d\u0259 qal\u0131rd\u0131.\n<\/p>\n<figure class=\"wp-block-image size-large\">\n  <img decoding=\"async\" src=\"https:\/\/www.meydan.tv\/az\/img_3676-jpg\/\" alt=\"img_3676.jpg\" class=\"wp-image-151775\"\/><figcaption>\n    18 km-lik \u0259razini vura bil\u0259n raket qur\u011fusu<br \/>\n  <\/figcaption><\/figure>\n<p>\n  <i><br \/>\n    Partlayan raket, \u0259ld\u0259 olunan q\u0259nim\u0259tl\u0259r&#8230;<br \/>\n  <\/i>\n<\/p>\n<p>\n  Jurnalistl\u0259ri \u00f6nc\u0259 fosfor m\u0259rmisinin at\u0131ld\u0131\u011f\u0131 \u0259raziy\u0259 apard\u0131lar. Top m\u0259rmisi partlamam\u0131\u015fd\u0131, \u018frazil\u0259rinin Minalardan T\u0259mizl\u0259nm\u0259si \u00fczr\u0259 Milli Agentliyin (ANAMA) i\u015f\u00e7il\u0259ri onu m\u0259hv ed\u0259c\u0259k, biz d\u0259 bu s\u0259hn\u0259ni kameram\u0131z\u0131n yadda\u015f\u0131na k\u00f6\u00e7\u00fcr\u0259c\u0259kdik. \u018frazid\u0259n xeyli aral\u0131da c\u0259ml\u0259\u015fdik, ANAMA-n\u0131n direktoru Q\u0259z\u0259nf\u0259r \u018fhm\u0259dov 5-d\u0259n geriy\u0259 do\u011fru sayd\u0131 v\u0259 m\u0259rmi m\u0259hv edildi, a\u011f duman havaya qalxd\u0131. M\u00fcharib\u0259ni ancaq filml\u0259rd\u0259 g\u00f6r\u0259nl\u0259r \u00fc\u00e7\u00fcn bu s\u0259hn\u0259 s\u0131radan, a\u011fr\u0131s\u0131z bir g\u00f6r\u00fcnt\u00fc ola bil\u0259rdi&#8230;\n<\/p>\n<p>\n  Jurnalistl\u0259r daha bir qur\u011fu il\u0259 tan\u0131\u015f edildi. Q\u0259z\u0259nf\u0259r \u018fhm\u0259dov dedi ki, Erm\u0259nistan silahl\u0131 birl\u0259\u015fm\u0259l\u0259rin\u0259 m\u0259xsus, x\u0259nd\u0259kd\u0259 saxlan\u0131lan bu qur\u011fudan at\u0131lan raketl\u0259r 18 km-lik \u0259razini vururmu\u015f.\n<\/p>\n<p>\n  H\u0259rbi q\u0259nim\u0259tl\u0259r aras\u0131nda tank, ma\u015f\u0131nlar da vard\u0131. Erm\u0259nistan h\u0259rbi birl\u0259\u015fm\u0259l\u0259rin\u0259 m\u0259xsus h\u0259rbi hiss\u0259 is\u0259 b\u00fct\u00fcnl\u00fckl\u0259 silah-sursatla dolu idi.\n<\/p>\n<figure class=\"wp-block-image size-large\">\n  <img decoding=\"async\" src=\"https:\/\/www.meydan.tv\/az\/img_3672-jpg\/\" alt=\"img_3672.jpg\" class=\"wp-image-151766\"\/><figcaption>\n    Fosfor m\u0259rmisi<br \/>\n  <\/figcaption><\/figure>\n<p>\n  <b><br \/>\n    F\u00fczuli xarabal\u0131qlar\u0131<br \/>\n  <\/b>\n<\/p>\n<p>\n  Ma\u015f\u0131n karvan\u0131m\u0131z n\u0259hay\u0259t, rayonun m\u0259rk\u0259zin\u0259 do\u011fru yola d\u00fc\u015fd\u00fc. U\u00e7uq, s\u00f6k\u00fck tikilil\u0259r, kol-kos basm\u0131\u015f \u0259razil\u0259r n\u0259 zamansa burada ya\u015fay\u0131\u015f oldu\u011fu ger\u00e7\u0259kliyini \u015f\u00fcbh\u0259 alt\u0131na al\u0131r. Yolboyu yaln\u0131z bir yerd\u0259 &#8211; u\u00e7mu\u015f \u00e7\u0259p\u0259rin arxas\u0131nda bar g\u0259tirmi\u015f xurma v\u0259 \u0259ncir a\u011fac\u0131 vard\u0131. Bir d\u0259 meyv\u0259si \u00fcz\u0259rind\u0259 quruyub qalm\u0131\u015f b\u00f6y\u00fcrtk\u0259n kollar\u0131&#8230;\n<\/p>\n<p>\n  Erm\u0259nistan silahl\u0131 birl\u0259\u015fm\u0259l\u0259rinin q\u0259rargah kimi istifad\u0259 etdiyi g\u00fcman edil\u0259n bir yar\u0131mtikilinin \u00fcz\u0259rind\u0259 is\u0259 Az\u0259rbaycan bayra\u011f\u0131 dal\u011falan\u0131rd\u0131.\n<\/p>\n<figure class=\"wp-block-image size-large\">\n  <img decoding=\"async\" src=\"https:\/\/www.meydan.tv\/az\/img_3673-jpg\/\" alt=\"img_3673.jpg\" class=\"wp-image-151757\"\/><figcaption>\n    \u018frazid\u0259ki yegan\u0259 tikili<br \/>\n  <\/figcaption><\/figure>\n<p>\n  <b><br \/>\n    M\u0259zarl\u0131qlar yox edilmi\u015fdi, ba\u015fda\u015f\u0131lar\u0131 u\u00e7mu\u015fdu<br \/>\n  <\/b>\n<\/p>\n<p>\n  \u018ftraf\u0131 xarabal\u0131qlarla dolu pal\u00e7\u0131ql\u0131 yolda dayand\u0131q, \u201cbura F\u00fczulinin m\u0259rk\u0259zidir\u201d dedil\u0259r. Az qala ham\u0131 heyr\u0259tl\u0259 \u0259trafa bax\u0131r, rayon, \u015f\u0259h\u0259r dediyimiz bu yerd\u0259 h\u0259yat \u0259lam\u0259ti axtar\u0131rd\u0131q. Az sonra tan\u0131\u015fl\u0131\u011f\u0131m\u0131zda \u201cNew York Times\u201d q\u0259zetinin \u0259m\u0259kda\u015f\u0131 Karlotta dey\u0259c\u0259kdi ki, \u201cs\u0259nd\u0259mi g\u00f6rd\u00fckl\u0259rind\u0259n \u015foka d\u00fc\u015fd\u00fcn?\u201d\n<\/p>\n<p>\n  Ger\u00e7\u0259kd\u0259n \u015fokedici m\u0259nz\u0259r\u0259 idi. Bir anl\u0131q m\u0259n\u0259 el\u0259 g\u0259ldi ki, bura minillikl\u0259r \u0259vv\u0259l var olmu\u015f v\u0259 indi qaz\u0131nt\u0131lar zaman\u0131 a\u015fkarlanan bir ya\u015fay\u0131\u015f m\u0259nt\u0259q\u0259sidir. Halbuki F\u00fczulinin i\u015f\u011fal\u0131ndan 27 il ke\u00e7ir. C\u0259mi 30 il \u0259vv\u0259l bura m\u0259kt\u0259bi, u\u015faq ba\u011f\u00e7as\u0131, x\u0259st\u0259xanas\u0131, ya\u015fay\u0131\u015f binalar\u0131, m\u0259scidi, restoran\u0131 olan bir \u015f\u0259h\u0259r olub. \u0130ndi xarabal\u0131qlar\u0131 qalm\u0131\u015f bu yerl\u0259rd\u0259 o binalardan \u0259s\u0259r-\u0259lam\u0259t yoxdur.\n<\/p>\n<p>\n  Kims\u0259 \u00c7ernobla b\u0259nz\u0259tdi buran\u0131. Yox, b\u0259nz\u0259mirdi, filmd\u0259n g\u00f6rm\u00fc\u015fd\u00fcm, t\u0259rk edilmi\u015f \u00c7ernoblda h\u0259l\u0259 d\u0259 binalar, evl\u0259r, h\u0259tta parkdak\u0131 yell\u0259nc\u0259k bel\u0259 qal\u0131rd\u0131. F\u00fczuli is\u0259 \u00f6ld\u00fcr\u00fclm\u00fc\u015fd\u00fc, yox idi, xarabaya \u00e7evrilmi\u015f da\u015f y\u0131\u011f\u0131nt\u0131s\u0131 \u0259vv\u0259lki g\u00f6rk\u0259mini xat\u0131rlatm\u0131rd\u0131. Bilm\u0259k olmurdu bu tikili ev idimi, ya hans\u0131sa inzibati binayd\u0131m\u0131.\n<\/p>\n<figure class=\"wp-block-image size-large\">\n  <img decoding=\"async\" src=\"https:\/\/www.meydan.tv\/az\/img_3678-jpg\/\" alt=\"img_3678.jpg\" class=\"wp-image-151778\"\/><figcaption>\n    F\u00fczuli \u015f\u0259h\u0259rinin xarabal\u0131qlar\u0131<br \/>\n  <\/figcaption><\/figure>\n<p>\n  Hikm\u0259t Hac\u0131yev xarabal\u0131qlardan birinin qar\u015f\u0131s\u0131nda Az\u0259rbaycan v\u0259 ingilis dilind\u0259 F\u00fczuli haqq\u0131nda m\u0259lumat verdi, onun i\u015f\u011faldan azad olunmas\u0131ndan dan\u0131\u015fd\u0131, erm\u0259nil\u0259rin etdiyini vandall\u0131q adland\u0131rd\u0131. Sonra F\u00fczuli \u015e\u0259h\u0259r \u0130cra Hakimiyy\u0259tinin ba\u015f\u00e7\u0131s\u0131 Al\u0131 Al\u0131yev k\u00f6\u00e7k\u00fcnl\u00fck h\u0259yat\u0131ndan, \u015f\u0259h\u0259rl\u0259rinin azad olunmas\u0131na sevindikl\u0259rind\u0259n s\u00f6z a\u00e7d\u0131, \u00f6lk\u0259 ba\u015f\u00e7\u0131s\u0131n\u0131n \u00fcnvan\u0131na xo\u015f s\u00f6zl\u0259r dedi. Ad\u0131n\u0131 yad\u0131mda saxlamad\u0131\u011f\u0131m iki rayon sakini d\u0259 evinin qar\u015f\u0131s\u0131nda dayand\u0131\u011f\u0131n\u0131, xarabal\u0131\u011fa r\u0259\u011fm\u0259n onun geri qay\u0131tmas\u0131na sevindiyini s\u00f6yl\u0259di. Ara-s\u0131ra Q\u0259z\u0259nf\u0259r \u018fhm\u0259dovun \u201cyoldan k\u0259nara \u00e7\u0131xmay\u0131n, t\u0259hl\u00fck\u0259lidir, mina ola bil\u0259r\u201d x\u0259b\u0259rdarl\u0131\u011f\u0131 e\u015fidilirdi.\n<\/p>\n<p>\n  M\u0259ns\u0259 \u0259trafa diqq\u0259t k\u0259silmi\u015fdim. Bu \u00e7iskinli pay\u0131z g\u00fcn\u00fcnd\u0259 he\u00e7 olmasa bir qu\u015f civiltisi duyaca\u011f\u0131ma \u00fcmid edirdim. Ax\u0131 h\u0259tta q\u0131\u015fda bel\u0259 yem axtaran qu\u015flar\u0131n s\u0259sini e\u015fitm\u0259k m\u00fcmk\u00fcn olur. Yox idi, bu \u00f6lm\u00fc\u015f \u015f\u0259h\u0259rd\u0259 bizd\u0259n ba\u015fqa he\u00e7 bir canl\u0131ya rast g\u0259linmirdi.\n<\/p>\n<figure class=\"wp-block-image size-large\">\n  <img decoding=\"async\" src=\"https:\/\/www.meydan.tv\/az\/img_3670-jpg\/\" alt=\"img_3670.jpg\" class=\"wp-image-151754\"\/><figcaption>\n    ANAMA i\u015f\u00e7il\u0259ri fosforlu raketi m\u0259hv ed\u0259rk\u0259n<br \/>\n  <\/figcaption><\/figure>\n<p>\n  F\u00fczuli sentyabr\u0131n 27-d\u0259n ba\u015flam\u0131\u015f m\u00fcharib\u0259nin qurban\u0131 deyildi. O, 27 il \u0259vv\u0259l i\u015f\u011fal edil\u0259nd\u0259 \u00f6ld\u00fcr\u00fclm\u00fc\u015fd\u00fc. Vaxtil\u0259 burada ya\u015fam\u0131\u015f insanlar\u0131 yurd-yuvas\u0131ndan did\u0259rgin salan Erm\u0259nistan h\u00f6kum\u0259ti \u015f\u0259h\u0259ri \u00f6z\u00fcn\u00fcnk\u00fcl\u0259\u015fdir\u0259 bilm\u0259mi\u015fdi, sanki qisas al\u0131rm\u0131\u015f kimi m\u0259hv etmi\u015fdi. Ax\u0131 insan \u00f6z\u00fcn\u00fcnk\u00fc bildiyi yeri qoruyar, ya\u015fadar, tik\u0259r, tan\u0131dar&#8230;\n<\/p>\n<p>\n  T\u0259bii ki, F\u00fczuli yenid\u0259n sal\u0131nacaq, yenid\u0259n \u015f\u0259h\u0259r\u0259 \u00e7evril\u0259c\u0259k. \u0130\u015f\u011faldan azad olunmu\u015f, geri qaytar\u0131lm\u0131\u015f torpaqlar da. Amma Qaraba\u011f problemi bird\u0259f\u0259lik \u00e7\u00f6z\u00fcl\u0259c\u0259kmi? Bax narahatl\u0131q do\u011furan bu sual\u0131n cavab\u0131 h\u0259l\u0259 yoxdur&#8230;\n<\/p>\n<p>\n  <b><br \/>\n    P.S.<br \/>\n  <\/b><br \/>\n  Yaz\u0131n\u0131 haz\u0131rlayark\u0259n A\u011fdam\u0131n da geri qaytar\u0131ld\u0131\u011f\u0131 x\u0259b\u0259rini ald\u0131m. Xatir\u0259l\u0259rimin ard\u0131nca o torpa\u011fa getm\u0259k \u00fcmidil\u0259&#8230;\n<\/p>\n<figure class=\"wp-block-image size-large\">\n  <img decoding=\"async\" src=\"https:\/\/www.meydan.tv\/az\/img_3677-jpg\/\" alt=\"img_3677.jpg\" class=\"wp-image-151772\"\/><figcaption>\n    M\u0259hv edilmi\u015f texnika<br \/>\n  <\/figcaption><\/figure>\n<figure class=\"wp-block-image size-large\">\n  <img decoding=\"async\" src=\"https:\/\/www.meydan.tv\/az\/img_3671-jpg\/\" alt=\"img_3671.jpg\" class=\"wp-image-151760\"\/><figcaption>\n    Az\u0259rbaycan ordusunun \u0259ld\u0259 etdiyi q\u0259nim\u0259t<br \/>\n  <\/figcaption><\/figure>\n<p><img \/><\/p>\n<figure class=\"wp-block-image size-large\">\n  <img decoding=\"async\" src=\"https:\/\/www.meydan.tv\/az\/img_3674-jpg\/\" alt=\"img_3674.jpg\" class=\"wp-image-151763\"\/><figcaption>\n    Fosfor raketi<br \/>\n  <\/figcaption><\/figure>\n<figure class=\"wp-block-image size-large\">\n  <img decoding=\"async\" src=\"https:\/\/www.meydan.tv\/az\/img_3679-jpg\/\" alt=\"img_3679.jpg\" class=\"wp-image-151784\"\/><figcaption>\n    Fosfor raketi m\u0259hv edil\u0259rk\u0259n<br \/>\n  <\/figcaption><\/figure>\n","protected":false},"excerpt":{"rendered":"<p>C\u0259mi 30 il \u0259vv\u0259l bura m\u0259kt\u0259bi, u\u015faq ba\u011f\u00e7as\u0131, x\u0259st\u0259xanas\u0131, ya\u015fay\u0131\u015f binalar\u0131, m\u0259scidi, restoran\u0131 olan bir \u015f\u0259h\u0259r olub.<\/p>\n","protected":false},"author":11,"featured_media":151787,"comment_status":"closed","ping_status":"open","sticky":false,"template":"","format":"standard","meta":{"_acf_changed":false,"_sitemap_exclude":false,"_sitemap_priority":"","_sitemap_frequency":"","footnotes":""},"categories":[59],"tags":[],"class_list":["post-203690","post","type-post","status-publish","format-standard","has-post-thumbnail","hentry","category-siyaset","infinite-scroll-item","generate-columns","tablet-grid-50","mobile-grid-100","grid-parent","grid-33","no-featured-image-padding"],"acf":[],"yoast_head":"<!-- This site is optimized with the Yoast SEO plugin v27.5 - https:\/\/yoast.com\/product\/yoast-seo-wordpress\/ -->\n<title>\u00d6ld\u00fcr\u00fclm\u00fc\u015f \u015f\u0259h\u0259r \u2013 F\u00fczuli - MEYDAN.TV<\/title>\n<meta name=\"robots\" content=\"index, follow, max-snippet:-1, max-image-preview:large, max-video-preview:-1\" \/>\n<link rel=\"canonical\" href=\"https:\/\/www.meydan.tv\/az\/article\/oldurulmus-seher-fuzuli\/\" \/>\n<meta property=\"og:locale\" content=\"az_AZ\" \/>\n<meta property=\"og:type\" content=\"article\" \/>\n<meta property=\"og:title\" content=\"\u00d6ld\u00fcr\u00fclm\u00fc\u015f \u015f\u0259h\u0259r \u2013 F\u00fczuli - MEYDAN.TV\" \/>\n<meta property=\"og:description\" content=\"C\u0259mi 30 il \u0259vv\u0259l bura m\u0259kt\u0259bi, u\u015faq ba\u011f\u00e7as\u0131, x\u0259st\u0259xanas\u0131, ya\u015fay\u0131\u015f binalar\u0131, m\u0259scidi, restoran\u0131 olan bir \u015f\u0259h\u0259r olub.\" \/>\n<meta property=\"og:url\" content=\"https:\/\/www.meydan.tv\/az\/article\/oldurulmus-seher-fuzuli\/\" \/>\n<meta property=\"og:site_name\" content=\"MEYDAN.TV\" \/>\n<meta property=\"article:published_time\" content=\"2020-11-20T10:42:58+00:00\" \/>\n<meta property=\"og:image\" content=\"https:\/\/www.meydan.tv\/wp-content\/uploads\/img_3667_1-scaled.jpg\" \/>\n\t<meta property=\"og:image:width\" content=\"2560\" \/>\n\t<meta property=\"og:image:height\" content=\"1707\" \/>\n\t<meta property=\"og:image:type\" content=\"image\/jpeg\" \/>\n<meta name=\"author\" content=\"user-manager\" \/>\n<meta name=\"twitter:card\" content=\"summary_large_image\" \/>\n<script type=\"application\/ld+json\" class=\"yoast-schema-graph\">{\"@context\":\"https:\\\/\\\/schema.org\",\"@graph\":[{\"@type\":\"Article\",\"@id\":\"https:\\\/\\\/www.meydan.tv\\\/az\\\/article\\\/oldurulmus-seher-fuzuli\\\/#article\",\"isPartOf\":{\"@id\":\"https:\\\/\\\/www.meydan.tv\\\/az\\\/article\\\/oldurulmus-seher-fuzuli\\\/\"},\"author\":{\"name\":\"user-manager\",\"@id\":\"https:\\\/\\\/www.meydan.tv\\\/az\\\/#\\\/schema\\\/person\\\/10d11eccf6da3662cf5fdab9806ea91a\"},\"headline\":\"\u00d6ld\u00fcr\u00fclm\u00fc\u015f \u015f\u0259h\u0259r \u2013 F\u00fczuli\",\"datePublished\":\"2020-11-20T10:42:58+00:00\",\"mainEntityOfPage\":{\"@id\":\"https:\\\/\\\/www.meydan.tv\\\/az\\\/article\\\/oldurulmus-seher-fuzuli\\\/\"},\"wordCount\":1521,\"publisher\":{\"@id\":\"https:\\\/\\\/www.meydan.tv\\\/az\\\/#organization\"},\"image\":{\"@id\":\"https:\\\/\\\/www.meydan.tv\\\/az\\\/article\\\/oldurulmus-seher-fuzuli\\\/#primaryimage\"},\"thumbnailUrl\":\"https:\\\/\\\/www.meydan.tv\\\/wp-content\\\/uploads\\\/img_3667_1-scaled.jpg\",\"articleSection\":[\"Siyas\u0259t\"],\"inLanguage\":\"az\"},{\"@type\":\"WebPage\",\"@id\":\"https:\\\/\\\/www.meydan.tv\\\/az\\\/article\\\/oldurulmus-seher-fuzuli\\\/\",\"url\":\"https:\\\/\\\/www.meydan.tv\\\/az\\\/article\\\/oldurulmus-seher-fuzuli\\\/\",\"name\":\"\u00d6ld\u00fcr\u00fclm\u00fc\u015f \u015f\u0259h\u0259r \u2013 F\u00fczuli - MEYDAN.TV\",\"isPartOf\":{\"@id\":\"https:\\\/\\\/www.meydan.tv\\\/az\\\/#website\"},\"primaryImageOfPage\":{\"@id\":\"https:\\\/\\\/www.meydan.tv\\\/az\\\/article\\\/oldurulmus-seher-fuzuli\\\/#primaryimage\"},\"image\":{\"@id\":\"https:\\\/\\\/www.meydan.tv\\\/az\\\/article\\\/oldurulmus-seher-fuzuli\\\/#primaryimage\"},\"thumbnailUrl\":\"https:\\\/\\\/www.meydan.tv\\\/wp-content\\\/uploads\\\/img_3667_1-scaled.jpg\",\"datePublished\":\"2020-11-20T10:42:58+00:00\",\"breadcrumb\":{\"@id\":\"https:\\\/\\\/www.meydan.tv\\\/az\\\/article\\\/oldurulmus-seher-fuzuli\\\/#breadcrumb\"},\"inLanguage\":\"az\",\"potentialAction\":[{\"@type\":\"ReadAction\",\"target\":[\"https:\\\/\\\/www.meydan.tv\\\/az\\\/article\\\/oldurulmus-seher-fuzuli\\\/\"]}]},{\"@type\":\"ImageObject\",\"inLanguage\":\"az\",\"@id\":\"https:\\\/\\\/www.meydan.tv\\\/az\\\/article\\\/oldurulmus-seher-fuzuli\\\/#primaryimage\",\"url\":\"https:\\\/\\\/www.meydan.tv\\\/wp-content\\\/uploads\\\/img_3667_1-scaled.jpg\",\"contentUrl\":\"https:\\\/\\\/www.meydan.tv\\\/wp-content\\\/uploads\\\/img_3667_1-scaled.jpg\",\"width\":2560,\"height\":1707,\"caption\":\"Source: Specify Source\"},{\"@type\":\"BreadcrumbList\",\"@id\":\"https:\\\/\\\/www.meydan.tv\\\/az\\\/article\\\/oldurulmus-seher-fuzuli\\\/#breadcrumb\",\"itemListElement\":[{\"@type\":\"ListItem\",\"position\":1,\"name\":\"Ana s\u0259hif\u0259\",\"item\":\"https:\\\/\\\/www.meydan.tv\\\/az\\\/\"},{\"@type\":\"ListItem\",\"position\":2,\"name\":\"Siyas\u0259t\",\"item\":\"https:\\\/\\\/www.meydan.tv\\\/az\\\/section\\\/siyaset\\\/\"},{\"@type\":\"ListItem\",\"position\":3,\"name\":\"\u00d6ld\u00fcr\u00fclm\u00fc\u015f \u015f\u0259h\u0259r \u2013 F\u00fczuli\"}]},{\"@type\":\"WebSite\",\"@id\":\"https:\\\/\\\/www.meydan.tv\\\/az\\\/#website\",\"url\":\"https:\\\/\\\/www.meydan.tv\\\/az\\\/\",\"name\":\"MEYDAN.TV\",\"description\":\"Meydan TV Az\u0259rbaycan\u0131n media m\u0259kan\u0131ndak\u0131 alternativ s\u0259sidir\",\"publisher\":{\"@id\":\"https:\\\/\\\/www.meydan.tv\\\/az\\\/#organization\"},\"potentialAction\":[{\"@type\":\"SearchAction\",\"target\":{\"@type\":\"EntryPoint\",\"urlTemplate\":\"https:\\\/\\\/www.meydan.tv\\\/az\\\/?s={search_term_string}\"},\"query-input\":{\"@type\":\"PropertyValueSpecification\",\"valueRequired\":true,\"valueName\":\"search_term_string\"}}],\"inLanguage\":\"az\"},{\"@type\":\"Organization\",\"@id\":\"https:\\\/\\\/www.meydan.tv\\\/az\\\/#organization\",\"name\":\"Meydan TV\",\"url\":\"https:\\\/\\\/www.meydan.tv\\\/az\\\/\",\"logo\":{\"@type\":\"ImageObject\",\"inLanguage\":\"az\",\"@id\":\"https:\\\/\\\/www.meydan.tv\\\/az\\\/#\\\/schema\\\/logo\\\/image\\\/\",\"url\":\"https:\\\/\\\/www.meydan.tv\\\/wp-content\\\/uploads\\\/2021\\\/07\\\/meydan-logo.svg\",\"contentUrl\":\"https:\\\/\\\/www.meydan.tv\\\/wp-content\\\/uploads\\\/2021\\\/07\\\/meydan-logo.svg\",\"width\":195,\"height\":46,\"caption\":\"Meydan TV\"},\"image\":{\"@id\":\"https:\\\/\\\/www.meydan.tv\\\/az\\\/#\\\/schema\\\/logo\\\/image\\\/\"}},{\"@type\":\"Person\",\"@id\":\"https:\\\/\\\/www.meydan.tv\\\/az\\\/#\\\/schema\\\/person\\\/10d11eccf6da3662cf5fdab9806ea91a\",\"name\":\"user-manager\"}]}<\/script>\n<!-- \/ Yoast SEO plugin. -->","yoast_head_json":{"title":"\u00d6ld\u00fcr\u00fclm\u00fc\u015f \u015f\u0259h\u0259r \u2013 F\u00fczuli - MEYDAN.TV","robots":{"index":"index","follow":"follow","max-snippet":"max-snippet:-1","max-image-preview":"max-image-preview:large","max-video-preview":"max-video-preview:-1"},"canonical":"https:\/\/www.meydan.tv\/az\/article\/oldurulmus-seher-fuzuli\/","og_locale":"az_AZ","og_type":"article","og_title":"\u00d6ld\u00fcr\u00fclm\u00fc\u015f \u015f\u0259h\u0259r \u2013 F\u00fczuli - MEYDAN.TV","og_description":"C\u0259mi 30 il \u0259vv\u0259l bura m\u0259kt\u0259bi, u\u015faq ba\u011f\u00e7as\u0131, x\u0259st\u0259xanas\u0131, ya\u015fay\u0131\u015f binalar\u0131, m\u0259scidi, restoran\u0131 olan bir \u015f\u0259h\u0259r olub.","og_url":"https:\/\/www.meydan.tv\/az\/article\/oldurulmus-seher-fuzuli\/","og_site_name":"MEYDAN.TV","article_published_time":"2020-11-20T10:42:58+00:00","og_image":[{"width":2560,"height":1707,"url":"https:\/\/www.meydan.tv\/wp-content\/uploads\/img_3667_1-scaled.jpg","type":"image\/jpeg"}],"author":"user-manager","twitter_card":"summary_large_image","schema":{"@context":"https:\/\/schema.org","@graph":[{"@type":"Article","@id":"https:\/\/www.meydan.tv\/az\/article\/oldurulmus-seher-fuzuli\/#article","isPartOf":{"@id":"https:\/\/www.meydan.tv\/az\/article\/oldurulmus-seher-fuzuli\/"},"author":{"name":"user-manager","@id":"https:\/\/www.meydan.tv\/az\/#\/schema\/person\/10d11eccf6da3662cf5fdab9806ea91a"},"headline":"\u00d6ld\u00fcr\u00fclm\u00fc\u015f \u015f\u0259h\u0259r \u2013 F\u00fczuli","datePublished":"2020-11-20T10:42:58+00:00","mainEntityOfPage":{"@id":"https:\/\/www.meydan.tv\/az\/article\/oldurulmus-seher-fuzuli\/"},"wordCount":1521,"publisher":{"@id":"https:\/\/www.meydan.tv\/az\/#organization"},"image":{"@id":"https:\/\/www.meydan.tv\/az\/article\/oldurulmus-seher-fuzuli\/#primaryimage"},"thumbnailUrl":"https:\/\/www.meydan.tv\/wp-content\/uploads\/img_3667_1-scaled.jpg","articleSection":["Siyas\u0259t"],"inLanguage":"az"},{"@type":"WebPage","@id":"https:\/\/www.meydan.tv\/az\/article\/oldurulmus-seher-fuzuli\/","url":"https:\/\/www.meydan.tv\/az\/article\/oldurulmus-seher-fuzuli\/","name":"\u00d6ld\u00fcr\u00fclm\u00fc\u015f \u015f\u0259h\u0259r \u2013 F\u00fczuli - MEYDAN.TV","isPartOf":{"@id":"https:\/\/www.meydan.tv\/az\/#website"},"primaryImageOfPage":{"@id":"https:\/\/www.meydan.tv\/az\/article\/oldurulmus-seher-fuzuli\/#primaryimage"},"image":{"@id":"https:\/\/www.meydan.tv\/az\/article\/oldurulmus-seher-fuzuli\/#primaryimage"},"thumbnailUrl":"https:\/\/www.meydan.tv\/wp-content\/uploads\/img_3667_1-scaled.jpg","datePublished":"2020-11-20T10:42:58+00:00","breadcrumb":{"@id":"https:\/\/www.meydan.tv\/az\/article\/oldurulmus-seher-fuzuli\/#breadcrumb"},"inLanguage":"az","potentialAction":[{"@type":"ReadAction","target":["https:\/\/www.meydan.tv\/az\/article\/oldurulmus-seher-fuzuli\/"]}]},{"@type":"ImageObject","inLanguage":"az","@id":"https:\/\/www.meydan.tv\/az\/article\/oldurulmus-seher-fuzuli\/#primaryimage","url":"https:\/\/www.meydan.tv\/wp-content\/uploads\/img_3667_1-scaled.jpg","contentUrl":"https:\/\/www.meydan.tv\/wp-content\/uploads\/img_3667_1-scaled.jpg","width":2560,"height":1707,"caption":"Source: Specify Source"},{"@type":"BreadcrumbList","@id":"https:\/\/www.meydan.tv\/az\/article\/oldurulmus-seher-fuzuli\/#breadcrumb","itemListElement":[{"@type":"ListItem","position":1,"name":"Ana s\u0259hif\u0259","item":"https:\/\/www.meydan.tv\/az\/"},{"@type":"ListItem","position":2,"name":"Siyas\u0259t","item":"https:\/\/www.meydan.tv\/az\/section\/siyaset\/"},{"@type":"ListItem","position":3,"name":"\u00d6ld\u00fcr\u00fclm\u00fc\u015f \u015f\u0259h\u0259r \u2013 F\u00fczuli"}]},{"@type":"WebSite","@id":"https:\/\/www.meydan.tv\/az\/#website","url":"https:\/\/www.meydan.tv\/az\/","name":"MEYDAN.TV","description":"Meydan TV Az\u0259rbaycan\u0131n media m\u0259kan\u0131ndak\u0131 alternativ s\u0259sidir","publisher":{"@id":"https:\/\/www.meydan.tv\/az\/#organization"},"potentialAction":[{"@type":"SearchAction","target":{"@type":"EntryPoint","urlTemplate":"https:\/\/www.meydan.tv\/az\/?s={search_term_string}"},"query-input":{"@type":"PropertyValueSpecification","valueRequired":true,"valueName":"search_term_string"}}],"inLanguage":"az"},{"@type":"Organization","@id":"https:\/\/www.meydan.tv\/az\/#organization","name":"Meydan TV","url":"https:\/\/www.meydan.tv\/az\/","logo":{"@type":"ImageObject","inLanguage":"az","@id":"https:\/\/www.meydan.tv\/az\/#\/schema\/logo\/image\/","url":"https:\/\/www.meydan.tv\/wp-content\/uploads\/2021\/07\/meydan-logo.svg","contentUrl":"https:\/\/www.meydan.tv\/wp-content\/uploads\/2021\/07\/meydan-logo.svg","width":195,"height":46,"caption":"Meydan TV"},"image":{"@id":"https:\/\/www.meydan.tv\/az\/#\/schema\/logo\/image\/"}},{"@type":"Person","@id":"https:\/\/www.meydan.tv\/az\/#\/schema\/person\/10d11eccf6da3662cf5fdab9806ea91a","name":"user-manager"}]}},"_links":{"self":[{"href":"https:\/\/www.meydan.tv\/az\/wp-json\/wp\/v2\/posts\/203690","targetHints":{"allow":["GET"]}}],"collection":[{"href":"https:\/\/www.meydan.tv\/az\/wp-json\/wp\/v2\/posts"}],"about":[{"href":"https:\/\/www.meydan.tv\/az\/wp-json\/wp\/v2\/types\/post"}],"author":[{"embeddable":true,"href":"https:\/\/www.meydan.tv\/az\/wp-json\/wp\/v2\/users\/11"}],"replies":[{"embeddable":true,"href":"https:\/\/www.meydan.tv\/az\/wp-json\/wp\/v2\/comments?post=203690"}],"version-history":[{"count":0,"href":"https:\/\/www.meydan.tv\/az\/wp-json\/wp\/v2\/posts\/203690\/revisions"}],"wp:featuredmedia":[{"embeddable":true,"href":"https:\/\/www.meydan.tv\/az\/wp-json\/wp\/v2\/media\/151787"}],"wp:attachment":[{"href":"https:\/\/www.meydan.tv\/az\/wp-json\/wp\/v2\/media?parent=203690"}],"wp:term":[{"taxonomy":"category","embeddable":true,"href":"https:\/\/www.meydan.tv\/az\/wp-json\/wp\/v2\/categories?post=203690"},{"taxonomy":"post_tag","embeddable":true,"href":"https:\/\/www.meydan.tv\/az\/wp-json\/wp\/v2\/tags?post=203690"}],"curies":[{"name":"wp","href":"https:\/\/api.w.org\/{rel}","templated":true}]}}