{"id":203667,"date":"2020-11-19T11:59:07","date_gmt":"2020-11-19T11:59:07","guid":{"rendered":"https:\/\/www.meydan.tv\/article\/karantin-rejimi-uzadlr-maska-il-bal-qayda-srtldirilir\/"},"modified":"2020-11-19T11:59:07","modified_gmt":"2020-11-19T11:59:07","slug":"karantin-rejimi-uzadlr-maska-il-bal-qayda-srtldirilir","status":"publish","type":"post","link":"https:\/\/www.meydan.tv\/az\/article\/karantin-rejimi-uzadlr-maska-il-bal-qayda-srtldirilir\/","title":{"rendered":"Karantin rejimi uzad\u0131l\u0131r, maska il\u0259 ba\u011fl\u0131 qayda s\u0259rtl\u0259\u015fdirilir"},"content":{"rendered":"<p>\n  <i><br \/>\n    Metropolitenin f\u0259aliyy\u0259ti h\u0259l\u0259 b\u0259rpa olunmayacaq<br \/>\n  <\/i>\n<\/p>\n<p>\n  Az\u0259rbaycanda x\u00fcsusi karantin rejiminin m\u00fcdd\u0259ti uzad\u0131l\u0131r.\n<\/p>\n<p>\n  Bu bar\u0259d\u0259 a\u00e7\u0131qlaman\u0131 Nazirl\u0259r Kabineti yan\u0131nda Operativ Q\u0259rargah yay\u0131b.\n<\/p>\n<p>\n  Bildirilir ki, Az\u0259rbaycanda virusun yay\u0131lmas\u0131n\u0131n v\u0259 onun t\u00f6r\u0259d\u0259 bil\u0259c\u0259yi f\u0259sadlar\u0131n qar\u015f\u0131s\u0131n\u0131n al\u0131nmas\u0131 m\u0259qs\u0259di il\u0259 \u00f6lk\u0259 \u0259razisind\u0259 x\u00fcsusi karantin rejiminin m\u00fcdd\u0259ti 2020-ci il 28 dekabr saat 06:00-d\u0259k uzad\u0131l\u0131r.\n<\/p>\n<p>\n  <b><br \/>\n    \u201cB\u00fct\u00fcn sah\u0259l\u0259r \u00fczr\u0259 yerind\u0259 xidm\u0259tl\u0259r dayand\u0131r\u0131l\u0131r\u201d<br \/>\n  <\/b>\n<\/p>\n<p>\n  S\u0259rt karantin rejimi t\u0259tbiq edil\u0259n \u015e\u0259ki, L\u0259nk\u0259ran \u015f\u0259h\u0259rl\u0259ri, Qax, Zaqatala, Bil\u0259suvar, C\u0259lilabad, Masall\u0131, \u0130smay\u0131ll\u0131, Quba, Xa\u00e7maz rayonlar\u0131nda bu t\u0259dbirl\u0259rin m\u00fcdd\u0259ti dekabr\u0131n 7-d\u0259k uzad\u0131lacaq:\n<\/p>\n<p>\n  \u201cBak\u0131 Metropolitenind\u0259 s\u0259rni\u015finda\u015f\u0131man\u0131n f\u0259aliyy\u0259tin\u0259 t\u0259tbiq olunan m\u0259hdudiyy\u0259t d\u0259 dekabr\u0131n 28-d\u0259k davam ed\u0259c\u0259k. Noyabr\u0131n 21-d\u0259n dekabr\u0131n 28-d\u0259k b\u00fct\u00fcn \u00f6lk\u0259 \u0259razisind\u0259 \u015f\u0259nb\u0259 v\u0259 bazar g\u00fcnl\u0259ri ictimai n\u0259qliyyat\u0131n f\u0259aliyy\u0259ti dayand\u0131r\u0131l\u0131r. H\u0259min m\u00fcdd\u0259td\u0259 \u015f\u0259nb\u0259 v\u0259 bazar g\u00fcnl\u0259ri h\u0259yati \u0259h\u0259miyy\u0259t k\u0259sb ed\u0259n f\u0259aliyy\u0259t n\u00f6vl\u0259ri, o c\u00fcml\u0259d\u0259n aptek v\u0259 \u0259rzaq ma\u011fazalar\u0131 istisna olmaqla dig\u0259r b\u00fct\u00fcn sah\u0259l\u0259r \u00fczr\u0259 yerind\u0259 xidm\u0259tl\u0259r dayand\u0131r\u0131l\u0131r\u201d.\n<\/p>\n<p>\n  M\u0259lumatda bildirilir ki, x\u00fcsusi karantin rejiminin q\u00fcvv\u0259d\u0259 oldu\u011fu m\u00fcdd\u0259td\u0259 (noyabr\u0131n 21-d\u0259n etibar\u0259n) \u00f6lk\u0259 \u00fczr\u0259 b\u00fct\u00fcn qapal\u0131 v\u0259 a\u00e7\u0131q m\u0259kanlarda m\u00fcvafiq qaydada tibbi maskalardan istifad\u0259 m\u0259cburi hesab olunur. Maskalardan istifad\u0259 qaydalar\u0131na n\u0259zar\u0259t rejimi daha da s\u0259rtl\u0259\u015fdirilir.\n<\/p>\n<p>\n  Daha \u00f6nc\u0259 m\u00fcvafiq yerl\u0259rd\u0259 tibbi maskadan istifad\u0259 olunmamas\u0131 v\u0259 ya t\u0259l\u0259b olunan normalara uy\u011fun tax\u0131lmamas\u0131 qanunla m\u00fc\u0259yy\u0259n edilmi\u015f qaydada m\u0259suliyy\u0259t yarad\u0131rd\u0131.\n<\/p>\n<p>\n  <b><br \/>\n    65 ya\u015fdan yuxar\u0131 \u015f\u0259xsl\u0259r ya\u015fay\u0131\u015f yerl\u0259rini t\u0259rk etm\u0259sinl\u0259r<br \/>\n  <\/b>\n<\/p>\n<p>\n  M\u0259lumatda o da bildirilir ki, Az\u0259rbaycandak\u0131 m\u00f6vcud sanitar-epidemioloji v\u0259ziyy\u0259ti n\u0259z\u0259r\u0259 alaraq y\u00fcks\u0259k risk qrupuna daxil olan ya\u015f\u0131 65 ya\u015fdan yuxar\u0131 \u015f\u0259xsl\u0259rin z\u0259rur\u0259t yaranmadan ya\u015fay\u0131\u015f yerl\u0259rini t\u0259rk etm\u0259m\u0259l\u0259ri t\u00f6vsiy\u0259 olunur:\n<\/p>\n<p>\n  \u201cH\u0259m\u00e7inin \u00f6z\u0259l sektorda v\u0259 dig\u0259r sah\u0259l\u0259rd\u0259 f\u0259aliyy\u0259t g\u00f6st\u0259r\u0259n qurum v\u0259 t\u0259\u015fkilatlara da i\u015f\u00e7il\u0259rin say h\u0259ddinin 30 faiz\u0259d\u0259k azald\u0131lmas\u0131 v\u0259 dig\u0259r \u0259m\u0259kda\u015flar\u0131n m\u0259saf\u0259d\u0259n i\u015f rejimin\u0259 ke\u00e7irilm\u0259si t\u00f6vsiy\u0259 edilir\u201d.\n<\/p>\n<p>\n  Q\u0259r\u0259rgah insanlar\u0131 COVID-19 virusu il\u0259 m\u00fcbariz\u0259d\u0259 m\u00f6vcud karantin t\u0259l\u0259bl\u0259rin\u0259 ciddi riay\u0259t etm\u0259y\u0259, z\u0259rur\u0259t olmad\u0131qda k\u0259nar \u015f\u0259xsl\u0259rl\u0259 t\u0259maslardan yay\u0131nma\u011fa, qapal\u0131 v\u0259 a\u00e7\u0131q m\u0259kanlarda sosial m\u0259saf\u0259y\u0259 \u0259m\u0259l etm\u0259y\u0259 \u00e7a\u011f\u0131r\u0131r.\n<\/p>\n<p>\n  Tibbi \u018frazi B\u00f6lm\u0259l\u0259rini \u0130dar\u0259etm\u0259 Birliyinin (T\u018fB\u0130B) X\u0259st\u0259likl\u0259rin profilaktikas\u0131 v\u0259 kontrolu departamentinin m\u00fcdiri Yaqut Qarayeva deyib ki, bu x\u0259st\u0259likl\u0259 m\u00fcbariz\u0259d\u0259 karantind\u0259n ba\u015fqa vasit\u0259 yoxdur: \u201cBiz bunu f\u0259rqli-f\u0259rqli \u00f6lk\u0259l\u0259rd\u0259 d\u0259 g\u00f6r\u00fcr\u00fck. Yegan\u0259 m\u00fcbariz\u0259 metodumuz karantin rejimi, maskadan istifad\u0259dir\u201d.\n<\/p>\n<p>\n  <b><br \/>\n    Xat\u0131rlatma<br \/>\n  <\/b>\n<\/p>\n<p>\n  Az\u0259rbaycanda koronavirus infeksiyas\u0131na ilk yoluxma hal\u0131n\u0131n fevral\u0131n 28-d\u0259n a\u015fkarland\u0131\u011f\u0131 a\u00e7\u0131qlan\u0131b. O vaxtdan oktyabr\u0131n 29-na kimi a\u015fkarlanan g\u00fcnd\u0259lik yoluxman\u0131n he\u00e7 vaxt min\u0259 \u00e7atd\u0131\u011f\u0131 bildirilm\u0259mi\u015fdi. Oktyabr\u0131n 29-da 1015, 30-da 1022, 31-d\u0259 is\u0259 1095 yeni yoluxma fakt\u0131n\u0131n qeyd\u0259 al\u0131nd\u0131\u011f\u0131 a\u00e7\u0131qlan\u0131b.\n<\/p>\n<p>\n  2019-cu ilin sonlar\u0131nda d\u00fcnyada yeni koronavirus a\u015fkar edilib. Bu il mart\u0131n 11-d\u0259 D\u00fcnya S\u0259hiyy\u0259 T\u0259\u015fkilat\u0131 (DST) koronavirusu pandemiya elan edib. D\u00fcnyada s\u00fcr\u0259tl\u0259 yay\u0131lan bu virusdan indiy\u0259 q\u0259d\u0259r 1 milyon 200 min civar\u0131nda \u015f\u0259xsin v\u0259fat etdiyi a\u00e7\u0131qlan\u0131b.<\/p>\n","protected":false},"excerpt":{"rendered":"<p>Metropolitenin f\u0259aliyy\u0259ti h\u0259l\u0259 b\u0259rpa olunmayacaq<\/p>\n","protected":false},"author":11,"featured_media":150176,"comment_status":"closed","ping_status":"open","sticky":false,"template":"","format":"standard","meta":{"_acf_changed":false,"_sitemap_exclude":false,"_sitemap_priority":"","_sitemap_frequency":"","footnotes":""},"categories":[56],"tags":[],"class_list":["post-203667","post","type-post","status-publish","format-standard","has-post-thumbnail","hentry","category-xeberler","infinite-scroll-item","generate-columns","tablet-grid-50","mobile-grid-100","grid-parent","grid-33","no-featured-image-padding"],"acf":[],"yoast_head":"<!-- This site is optimized with the Yoast SEO plugin v27.5 - https:\/\/yoast.com\/product\/yoast-seo-wordpress\/ -->\n<title>Karantin rejimi uzad\u0131l\u0131r, maska il\u0259 ba\u011fl\u0131 qayda s\u0259rtl\u0259\u015fdirilir - MEYDAN.TV<\/title>\n<meta name=\"robots\" content=\"index, follow, max-snippet:-1, max-image-preview:large, max-video-preview:-1\" \/>\n<link rel=\"canonical\" href=\"https:\/\/www.meydan.tv\/az\/article\/karantin-rejimi-uzadlr-maska-il-bal-qayda-srtldirilir\/\" \/>\n<meta property=\"og:locale\" content=\"az_AZ\" \/>\n<meta property=\"og:type\" content=\"article\" \/>\n<meta property=\"og:title\" content=\"Karantin rejimi uzad\u0131l\u0131r, maska il\u0259 ba\u011fl\u0131 qayda s\u0259rtl\u0259\u015fdirilir - MEYDAN.TV\" \/>\n<meta property=\"og:description\" content=\"Metropolitenin f\u0259aliyy\u0259ti h\u0259l\u0259 b\u0259rpa olunmayacaq\" \/>\n<meta property=\"og:url\" content=\"https:\/\/www.meydan.tv\/az\/article\/karantin-rejimi-uzadlr-maska-il-bal-qayda-srtldirilir\/\" \/>\n<meta property=\"og:site_name\" content=\"MEYDAN.TV\" \/>\n<meta property=\"article:published_time\" content=\"2020-11-19T11:59:07+00:00\" \/>\n<meta property=\"og:image\" content=\"https:\/\/www.meydan.tv\/wp-content\/uploads\/karantin_asovykr.jpg\" \/>\n\t<meta property=\"og:image:width\" content=\"1024\" \/>\n\t<meta property=\"og:image:height\" content=\"682\" \/>\n\t<meta property=\"og:image:type\" content=\"image\/jpeg\" \/>\n<meta name=\"author\" content=\"user-manager\" \/>\n<meta name=\"twitter:card\" content=\"summary_large_image\" \/>\n<script type=\"application\/ld+json\" class=\"yoast-schema-graph\">{\"@context\":\"https:\\\/\\\/schema.org\",\"@graph\":[{\"@type\":\"Article\",\"@id\":\"https:\\\/\\\/www.meydan.tv\\\/az\\\/article\\\/karantin-rejimi-uzadlr-maska-il-bal-qayda-srtldirilir\\\/#article\",\"isPartOf\":{\"@id\":\"https:\\\/\\\/www.meydan.tv\\\/az\\\/article\\\/karantin-rejimi-uzadlr-maska-il-bal-qayda-srtldirilir\\\/\"},\"author\":{\"name\":\"user-manager\",\"@id\":\"https:\\\/\\\/www.meydan.tv\\\/az\\\/#\\\/schema\\\/person\\\/10d11eccf6da3662cf5fdab9806ea91a\"},\"headline\":\"Karantin rejimi uzad\u0131l\u0131r, maska il\u0259 ba\u011fl\u0131 qayda s\u0259rtl\u0259\u015fdirilir\",\"datePublished\":\"2020-11-19T11:59:07+00:00\",\"mainEntityOfPage\":{\"@id\":\"https:\\\/\\\/www.meydan.tv\\\/az\\\/article\\\/karantin-rejimi-uzadlr-maska-il-bal-qayda-srtldirilir\\\/\"},\"wordCount\":691,\"publisher\":{\"@id\":\"https:\\\/\\\/www.meydan.tv\\\/az\\\/#organization\"},\"image\":{\"@id\":\"https:\\\/\\\/www.meydan.tv\\\/az\\\/article\\\/karantin-rejimi-uzadlr-maska-il-bal-qayda-srtldirilir\\\/#primaryimage\"},\"thumbnailUrl\":\"https:\\\/\\\/www.meydan.tv\\\/wp-content\\\/uploads\\\/karantin_asovykr.jpg\",\"articleSection\":[\"X\u0259b\u0259rl\u0259r\"],\"inLanguage\":\"az\"},{\"@type\":\"WebPage\",\"@id\":\"https:\\\/\\\/www.meydan.tv\\\/az\\\/article\\\/karantin-rejimi-uzadlr-maska-il-bal-qayda-srtldirilir\\\/\",\"url\":\"https:\\\/\\\/www.meydan.tv\\\/az\\\/article\\\/karantin-rejimi-uzadlr-maska-il-bal-qayda-srtldirilir\\\/\",\"name\":\"Karantin rejimi uzad\u0131l\u0131r, maska il\u0259 ba\u011fl\u0131 qayda s\u0259rtl\u0259\u015fdirilir - MEYDAN.TV\",\"isPartOf\":{\"@id\":\"https:\\\/\\\/www.meydan.tv\\\/az\\\/#website\"},\"primaryImageOfPage\":{\"@id\":\"https:\\\/\\\/www.meydan.tv\\\/az\\\/article\\\/karantin-rejimi-uzadlr-maska-il-bal-qayda-srtldirilir\\\/#primaryimage\"},\"image\":{\"@id\":\"https:\\\/\\\/www.meydan.tv\\\/az\\\/article\\\/karantin-rejimi-uzadlr-maska-il-bal-qayda-srtldirilir\\\/#primaryimage\"},\"thumbnailUrl\":\"https:\\\/\\\/www.meydan.tv\\\/wp-content\\\/uploads\\\/karantin_asovykr.jpg\",\"datePublished\":\"2020-11-19T11:59:07+00:00\",\"breadcrumb\":{\"@id\":\"https:\\\/\\\/www.meydan.tv\\\/az\\\/article\\\/karantin-rejimi-uzadlr-maska-il-bal-qayda-srtldirilir\\\/#breadcrumb\"},\"inLanguage\":\"az\",\"potentialAction\":[{\"@type\":\"ReadAction\",\"target\":[\"https:\\\/\\\/www.meydan.tv\\\/az\\\/article\\\/karantin-rejimi-uzadlr-maska-il-bal-qayda-srtldirilir\\\/\"]}]},{\"@type\":\"ImageObject\",\"inLanguage\":\"az\",\"@id\":\"https:\\\/\\\/www.meydan.tv\\\/az\\\/article\\\/karantin-rejimi-uzadlr-maska-il-bal-qayda-srtldirilir\\\/#primaryimage\",\"url\":\"https:\\\/\\\/www.meydan.tv\\\/wp-content\\\/uploads\\\/karantin_asovykr.jpg\",\"contentUrl\":\"https:\\\/\\\/www.meydan.tv\\\/wp-content\\\/uploads\\\/karantin_asovykr.jpg\",\"width\":1024,\"height\":682,\"caption\":\"Source: Meydan TV\"},{\"@type\":\"BreadcrumbList\",\"@id\":\"https:\\\/\\\/www.meydan.tv\\\/az\\\/article\\\/karantin-rejimi-uzadlr-maska-il-bal-qayda-srtldirilir\\\/#breadcrumb\",\"itemListElement\":[{\"@type\":\"ListItem\",\"position\":1,\"name\":\"Ana s\u0259hif\u0259\",\"item\":\"https:\\\/\\\/www.meydan.tv\\\/az\\\/\"},{\"@type\":\"ListItem\",\"position\":2,\"name\":\"X\u0259b\u0259rl\u0259r\",\"item\":\"https:\\\/\\\/www.meydan.tv\\\/az\\\/section\\\/xeberler\\\/\"},{\"@type\":\"ListItem\",\"position\":3,\"name\":\"Karantin rejimi uzad\u0131l\u0131r, maska il\u0259 ba\u011fl\u0131 qayda s\u0259rtl\u0259\u015fdirilir\"}]},{\"@type\":\"WebSite\",\"@id\":\"https:\\\/\\\/www.meydan.tv\\\/az\\\/#website\",\"url\":\"https:\\\/\\\/www.meydan.tv\\\/az\\\/\",\"name\":\"MEYDAN.TV\",\"description\":\"Meydan TV Az\u0259rbaycan\u0131n media m\u0259kan\u0131ndak\u0131 alternativ s\u0259sidir\",\"publisher\":{\"@id\":\"https:\\\/\\\/www.meydan.tv\\\/az\\\/#organization\"},\"potentialAction\":[{\"@type\":\"SearchAction\",\"target\":{\"@type\":\"EntryPoint\",\"urlTemplate\":\"https:\\\/\\\/www.meydan.tv\\\/az\\\/?s={search_term_string}\"},\"query-input\":{\"@type\":\"PropertyValueSpecification\",\"valueRequired\":true,\"valueName\":\"search_term_string\"}}],\"inLanguage\":\"az\"},{\"@type\":\"Organization\",\"@id\":\"https:\\\/\\\/www.meydan.tv\\\/az\\\/#organization\",\"name\":\"Meydan TV\",\"url\":\"https:\\\/\\\/www.meydan.tv\\\/az\\\/\",\"logo\":{\"@type\":\"ImageObject\",\"inLanguage\":\"az\",\"@id\":\"https:\\\/\\\/www.meydan.tv\\\/az\\\/#\\\/schema\\\/logo\\\/image\\\/\",\"url\":\"https:\\\/\\\/www.meydan.tv\\\/wp-content\\\/uploads\\\/2021\\\/07\\\/meydan-logo.svg\",\"contentUrl\":\"https:\\\/\\\/www.meydan.tv\\\/wp-content\\\/uploads\\\/2021\\\/07\\\/meydan-logo.svg\",\"width\":195,\"height\":46,\"caption\":\"Meydan TV\"},\"image\":{\"@id\":\"https:\\\/\\\/www.meydan.tv\\\/az\\\/#\\\/schema\\\/logo\\\/image\\\/\"}},{\"@type\":\"Person\",\"@id\":\"https:\\\/\\\/www.meydan.tv\\\/az\\\/#\\\/schema\\\/person\\\/10d11eccf6da3662cf5fdab9806ea91a\",\"name\":\"user-manager\"}]}<\/script>\n<!-- \/ Yoast SEO plugin. -->","yoast_head_json":{"title":"Karantin rejimi uzad\u0131l\u0131r, maska il\u0259 ba\u011fl\u0131 qayda s\u0259rtl\u0259\u015fdirilir - MEYDAN.TV","robots":{"index":"index","follow":"follow","max-snippet":"max-snippet:-1","max-image-preview":"max-image-preview:large","max-video-preview":"max-video-preview:-1"},"canonical":"https:\/\/www.meydan.tv\/az\/article\/karantin-rejimi-uzadlr-maska-il-bal-qayda-srtldirilir\/","og_locale":"az_AZ","og_type":"article","og_title":"Karantin rejimi uzad\u0131l\u0131r, maska il\u0259 ba\u011fl\u0131 qayda s\u0259rtl\u0259\u015fdirilir - MEYDAN.TV","og_description":"Metropolitenin f\u0259aliyy\u0259ti h\u0259l\u0259 b\u0259rpa olunmayacaq","og_url":"https:\/\/www.meydan.tv\/az\/article\/karantin-rejimi-uzadlr-maska-il-bal-qayda-srtldirilir\/","og_site_name":"MEYDAN.TV","article_published_time":"2020-11-19T11:59:07+00:00","og_image":[{"width":1024,"height":682,"url":"https:\/\/www.meydan.tv\/wp-content\/uploads\/karantin_asovykr.jpg","type":"image\/jpeg"}],"author":"user-manager","twitter_card":"summary_large_image","schema":{"@context":"https:\/\/schema.org","@graph":[{"@type":"Article","@id":"https:\/\/www.meydan.tv\/az\/article\/karantin-rejimi-uzadlr-maska-il-bal-qayda-srtldirilir\/#article","isPartOf":{"@id":"https:\/\/www.meydan.tv\/az\/article\/karantin-rejimi-uzadlr-maska-il-bal-qayda-srtldirilir\/"},"author":{"name":"user-manager","@id":"https:\/\/www.meydan.tv\/az\/#\/schema\/person\/10d11eccf6da3662cf5fdab9806ea91a"},"headline":"Karantin rejimi uzad\u0131l\u0131r, maska il\u0259 ba\u011fl\u0131 qayda s\u0259rtl\u0259\u015fdirilir","datePublished":"2020-11-19T11:59:07+00:00","mainEntityOfPage":{"@id":"https:\/\/www.meydan.tv\/az\/article\/karantin-rejimi-uzadlr-maska-il-bal-qayda-srtldirilir\/"},"wordCount":691,"publisher":{"@id":"https:\/\/www.meydan.tv\/az\/#organization"},"image":{"@id":"https:\/\/www.meydan.tv\/az\/article\/karantin-rejimi-uzadlr-maska-il-bal-qayda-srtldirilir\/#primaryimage"},"thumbnailUrl":"https:\/\/www.meydan.tv\/wp-content\/uploads\/karantin_asovykr.jpg","articleSection":["X\u0259b\u0259rl\u0259r"],"inLanguage":"az"},{"@type":"WebPage","@id":"https:\/\/www.meydan.tv\/az\/article\/karantin-rejimi-uzadlr-maska-il-bal-qayda-srtldirilir\/","url":"https:\/\/www.meydan.tv\/az\/article\/karantin-rejimi-uzadlr-maska-il-bal-qayda-srtldirilir\/","name":"Karantin rejimi uzad\u0131l\u0131r, maska il\u0259 ba\u011fl\u0131 qayda s\u0259rtl\u0259\u015fdirilir - MEYDAN.TV","isPartOf":{"@id":"https:\/\/www.meydan.tv\/az\/#website"},"primaryImageOfPage":{"@id":"https:\/\/www.meydan.tv\/az\/article\/karantin-rejimi-uzadlr-maska-il-bal-qayda-srtldirilir\/#primaryimage"},"image":{"@id":"https:\/\/www.meydan.tv\/az\/article\/karantin-rejimi-uzadlr-maska-il-bal-qayda-srtldirilir\/#primaryimage"},"thumbnailUrl":"https:\/\/www.meydan.tv\/wp-content\/uploads\/karantin_asovykr.jpg","datePublished":"2020-11-19T11:59:07+00:00","breadcrumb":{"@id":"https:\/\/www.meydan.tv\/az\/article\/karantin-rejimi-uzadlr-maska-il-bal-qayda-srtldirilir\/#breadcrumb"},"inLanguage":"az","potentialAction":[{"@type":"ReadAction","target":["https:\/\/www.meydan.tv\/az\/article\/karantin-rejimi-uzadlr-maska-il-bal-qayda-srtldirilir\/"]}]},{"@type":"ImageObject","inLanguage":"az","@id":"https:\/\/www.meydan.tv\/az\/article\/karantin-rejimi-uzadlr-maska-il-bal-qayda-srtldirilir\/#primaryimage","url":"https:\/\/www.meydan.tv\/wp-content\/uploads\/karantin_asovykr.jpg","contentUrl":"https:\/\/www.meydan.tv\/wp-content\/uploads\/karantin_asovykr.jpg","width":1024,"height":682,"caption":"Source: Meydan TV"},{"@type":"BreadcrumbList","@id":"https:\/\/www.meydan.tv\/az\/article\/karantin-rejimi-uzadlr-maska-il-bal-qayda-srtldirilir\/#breadcrumb","itemListElement":[{"@type":"ListItem","position":1,"name":"Ana s\u0259hif\u0259","item":"https:\/\/www.meydan.tv\/az\/"},{"@type":"ListItem","position":2,"name":"X\u0259b\u0259rl\u0259r","item":"https:\/\/www.meydan.tv\/az\/section\/xeberler\/"},{"@type":"ListItem","position":3,"name":"Karantin rejimi uzad\u0131l\u0131r, maska il\u0259 ba\u011fl\u0131 qayda s\u0259rtl\u0259\u015fdirilir"}]},{"@type":"WebSite","@id":"https:\/\/www.meydan.tv\/az\/#website","url":"https:\/\/www.meydan.tv\/az\/","name":"MEYDAN.TV","description":"Meydan TV Az\u0259rbaycan\u0131n media m\u0259kan\u0131ndak\u0131 alternativ s\u0259sidir","publisher":{"@id":"https:\/\/www.meydan.tv\/az\/#organization"},"potentialAction":[{"@type":"SearchAction","target":{"@type":"EntryPoint","urlTemplate":"https:\/\/www.meydan.tv\/az\/?s={search_term_string}"},"query-input":{"@type":"PropertyValueSpecification","valueRequired":true,"valueName":"search_term_string"}}],"inLanguage":"az"},{"@type":"Organization","@id":"https:\/\/www.meydan.tv\/az\/#organization","name":"Meydan TV","url":"https:\/\/www.meydan.tv\/az\/","logo":{"@type":"ImageObject","inLanguage":"az","@id":"https:\/\/www.meydan.tv\/az\/#\/schema\/logo\/image\/","url":"https:\/\/www.meydan.tv\/wp-content\/uploads\/2021\/07\/meydan-logo.svg","contentUrl":"https:\/\/www.meydan.tv\/wp-content\/uploads\/2021\/07\/meydan-logo.svg","width":195,"height":46,"caption":"Meydan TV"},"image":{"@id":"https:\/\/www.meydan.tv\/az\/#\/schema\/logo\/image\/"}},{"@type":"Person","@id":"https:\/\/www.meydan.tv\/az\/#\/schema\/person\/10d11eccf6da3662cf5fdab9806ea91a","name":"user-manager"}]}},"_links":{"self":[{"href":"https:\/\/www.meydan.tv\/az\/wp-json\/wp\/v2\/posts\/203667","targetHints":{"allow":["GET"]}}],"collection":[{"href":"https:\/\/www.meydan.tv\/az\/wp-json\/wp\/v2\/posts"}],"about":[{"href":"https:\/\/www.meydan.tv\/az\/wp-json\/wp\/v2\/types\/post"}],"author":[{"embeddable":true,"href":"https:\/\/www.meydan.tv\/az\/wp-json\/wp\/v2\/users\/11"}],"replies":[{"embeddable":true,"href":"https:\/\/www.meydan.tv\/az\/wp-json\/wp\/v2\/comments?post=203667"}],"version-history":[{"count":0,"href":"https:\/\/www.meydan.tv\/az\/wp-json\/wp\/v2\/posts\/203667\/revisions"}],"wp:featuredmedia":[{"embeddable":true,"href":"https:\/\/www.meydan.tv\/az\/wp-json\/wp\/v2\/media\/150176"}],"wp:attachment":[{"href":"https:\/\/www.meydan.tv\/az\/wp-json\/wp\/v2\/media?parent=203667"}],"wp:term":[{"taxonomy":"category","embeddable":true,"href":"https:\/\/www.meydan.tv\/az\/wp-json\/wp\/v2\/categories?post=203667"},{"taxonomy":"post_tag","embeddable":true,"href":"https:\/\/www.meydan.tv\/az\/wp-json\/wp\/v2\/tags?post=203667"}],"curies":[{"name":"wp","href":"https:\/\/api.w.org\/{rel}","templated":true}]}}