{"id":203630,"date":"2020-11-17T10:53:15","date_gmt":"2020-11-17T10:53:15","guid":{"rendered":"https:\/\/www.meydan.tv\/article\/harada-gorunub-ki-kanaldan-oz-heyetine-arx-cekesen\/"},"modified":"2020-11-17T10:53:15","modified_gmt":"2020-11-17T10:53:15","slug":"harada-gorunub-ki-kanaldan-oz-heyetine-arx-cekesen","status":"publish","type":"post","link":"https:\/\/www.meydan.tv\/az\/article\/harada-gorunub-ki-kanaldan-oz-heyetine-arx-cekesen\/","title":{"rendered":"\u201cHarada g\u00f6r\u00fcn\u00fcb ki, kanaldan \u00f6z h\u0259y\u0259tin\u0259 arx \u00e7\u0259k\u0259s\u0259n?\u201d"},"content":{"rendered":"<p>\n  <i><br \/>\n    D\u0259li Qu\u015f\u00e7u k\u0259ndind\u0259 torpaq \u00fcstd\u0259 m\u00fcbahis\u0259 Ali M\u0259hk\u0259m\u0259y\u0259 q\u0259d\u0259r gedib<br \/>\n  <\/i>\n<\/p>\n<p>\n  Z\u0259rdab rayonunun D\u0259li Qu\u015f\u00e7u k\u0259nd sakini Rahib Bayramov v\u0259zif\u0259li qohumu Vidadi Bayramovdan \u015fikay\u0259t\u00e7idir.\n<\/p>\n<p>\n  O, Meydan TV-y\u0259 bildirib ki, K\u0259nd T\u0259s\u0259rr\u00fcfat\u0131 \u0130dar\u0259sinin r\u0259isi olan Vidadi Bayramov v\u0259zif\u0259 s\u0259lahiyy\u0259tind\u0259n sui-istifad\u0259 ed\u0259r\u0259k onun atas\u0131ndan qalan h\u0259y\u0259tyan\u0131 torpa\u011f\u0131ndak\u0131 hasar\u0131 s\u00f6kd\u00fcrm\u0259k ist\u0259yir:\n<\/p>\n<p>\n  \u201cTorpaq sah\u0259mizin yax\u0131nl\u0131\u011f\u0131ndan beton su kanal\u0131 ke\u00e7ir. H\u0259min kanal d\u00f6vl\u0259t t\u0259r\u0259find\u0259n D\u0259kk\u0259oba v\u0259 D\u0259li Qu\u015f\u00e7u k\u0259ndl\u0259rinin pay torpaqlar\u0131n\u0131n suvar\u0131lmas\u0131 m\u0259qs\u0259dil\u0259 in\u015fa olunub. Vidadi Bayramov h\u0259min kanaldan su \u00e7\u0259kdirm\u0259k \u00fc\u00e7\u00fcn \u0259razid\u0259 qaz\u0131nt\u0131 i\u015fl\u0259ri apar\u0131b. Hadis\u0259 \u00f6t\u0259n ilin yay\u0131nda ba\u015f verib. N\u0259tic\u0259d\u0259 qarda\u015f\u0131ma m\u0259xsus \u00fc\u00e7otaql\u0131 ev\u0259 ciddi ziyan d\u0259yib. Evin divarlar\u0131nda d\u0259rin \u00e7atlar \u0259m\u0259l\u0259 g\u0259lib, q\u0259zal\u0131 v\u0259ziyy\u0259t yaran\u0131b. Onu da deyim ki, qaz\u0131nt\u0131 zaman\u0131 h\u0259y\u0259timizd\u0259 olan meyv\u0259 a\u011faclar\u0131 da q\u0131r\u0131l\u0131b. Qaz\u0131nt\u0131 kanal\u0131n \u00fcz\u0259rind\u0259 yerl\u0259\u015f\u0259n kollektorun yax\u0131nl\u0131\u011f\u0131na kimi apar\u0131l\u0131b. Harada g\u00f6r\u00fcn\u00fcb ki, kanaldan \u00f6z h\u0259y\u0259tin\u0259 arx \u00e7\u0259k\u0259s\u0259n? H\u0259min \u0259razid\u0259 m\u0259nim hasar\u0131m yerl\u0259\u015fir, bu adam oran\u0131 s\u00f6kd\u00fcrm\u0259k ist\u0259yir\u201d.\n<\/p>\n<figure class=\"wp-block-image size-large\">\n  <img decoding=\"async\" src=\"https:\/\/www.meydan.tv\/az\/125953905_2762676467386062_1497236232893479958_n-jpg\/\" alt=\"125953905_2762676467386062_1497236232893479958_n.jpg\" class=\"wp-image-151643\"\/><figcaption>\n    Kanal<br \/>\n  <\/figcaption><\/figure>\n<p>\n  Rahib Bayramov m\u0259s\u0259l\u0259 il\u0259 ba\u011fl\u0131 Z\u0259rdab Rayon M\u0259hk\u0259m\u0259sin\u0259, daha sonra is\u0259 \u015e\u0259ki Apelyasiya M\u0259hk\u0259m\u0259sin\u0259 \u015fikay\u0259t edib. H\u0259r iki m\u0259hk\u0259m\u0259nin q\u0259rar\u0131 qar\u015f\u0131 t\u0259r\u0259fin xeyrin\u0259 olub:\n<\/p>\n<p>\n  \u201cVidadi Bayramov rayonda tan\u0131nan \u015f\u0259xs oldu\u011fu \u00fc\u00e7\u00fcn ham\u0131 onun s\u00f6z\u00fcn\u00fc deyir. Saxta s\u0259n\u0259d d\u00fcz\u0259ldibl\u0259r ki, h\u0259min \u0259razi b\u0259l\u0259diyy\u0259 torpa\u011f\u0131d\u0131r. Apelyasiya \u015fikay\u0259ti zaman\u0131 t\u0259l\u0259b etdik ki, b\u0259l\u0259diyy\u0259 s\u0259dri Allahverdi Q\u0259hr\u0259manov \u0259razinin x\u0259rit\u0259sini g\u0259tirsin, lakin o, bunu etm\u0259di. \u00c7\u00fcnki x\u0259rit\u0259 g\u0259tirils\u0259ydi, b\u0259l\u0259diyy\u0259 torpa\u011f\u0131n\u0131 z\u0259bt etm\u0259diyim b\u0259lli olacaqd\u0131. V\u0259kilim Suvarma Sisteml\u0259ri \u0130dar\u0259sin\u0259 m\u00fcraci\u0259t etdi ki, m\u0259hk\u0259m\u0259y\u0259 h\u0259y\u0259tyan\u0131 torpaqlara aid suvarma kanallar\u0131 sxemi il\u0259 ba\u011fl\u0131 aray\u0131\u015f t\u0259qdim olunsun. Onlardan da cavab g\u0259lm\u0259di. \u00c7\u00fcnki Vidadi Bayramovun rayonda havadarlar\u0131 \u00e7oxdur. Ona g\u00f6r\u0259 d\u0259 m\u00fcraci\u0259t etdiyim qurumlar m\u0259s\u0259l\u0259y\u0259 qeyri-obyektiv yana\u015f\u0131r. Vidadi Bayramovun \u0259lind\u0259 torpa\u011f\u0131n b\u0259l\u0259diyy\u0259y\u0259 aid olmas\u0131na dair he\u00e7 bir s\u0259n\u0259d-s\u00fcbut yoxdur\u201d.\n<\/p>\n<p>\n  Rahib Bayramov \u015e\u0259ki Apelyasiya M\u0259hk\u0259m\u0259sinin q\u0259rar\u0131ndan Ali M\u0259hk\u0259m\u0259y\u0259 kassasiya \u015fikay\u0259ti verib. Noyabr\u0131n 18-d\u0259 m\u0259hk\u0259m\u0259 prosesi olacaq. \u015eikay\u0259t\u00e7i iddia edir ki, b\u0259l\u0259diyy\u0259 s\u0259dri Allahverdi Q\u0259hr\u0259manov D\u0259li Qu\u015f\u00e7u k\u0259nd inzibati \u0259razi dair\u0259si \u00fczr\u0259 n\u00fcmay\u0259nd\u0259si Elman A\u011fayevl\u0259 \u0259lbir olaraq saxta akt t\u0259rtib edibl\u0259r:\n<\/p>\n<p>\n  \u201cH\u0259min aktda D\u0259li Qu\u015f\u00e7u k\u0259ndinin sakini Vidadi Bayramovun qarda\u015f\u0131 Namiz\u0259d Bayramov h\u0259y\u0259tyan\u0131 sah\u0259sin\u0259 g\u0259l\u0259n su arx\u0131n\u0131n m\u0259nim t\u0259r\u0259fimd\u0259n z\u0259bt edildiyini deyir. Namiz\u0259d su kanal\u0131n\u0131n \u00fcz\u0259rind\u0259 tikinti i\u015fl\u0259rinin apar\u0131lmas\u0131ndan naraz\u0131l\u0131q edir. \u0130cra Hakimiyy\u0259tinin n\u00fcmay\u0259nd\u0259l\u0259ri d\u0259 \u0259raziy\u0259 bax\u0131\u015f ke\u00e7ir\u0259nd\u0259, m\u0259lum olub ki, guya m\u0259n orada tikinti i\u015fi aparm\u0131\u015fam. T\u0259rtib edil\u0259n aktda m\u0259n\u0259 tikilini s\u00f6km\u0259k t\u00f6vsiy\u0259 edilib. M\u0259s\u0259l\u0259 il\u0259 ba\u011fl\u0131 icra ba\u015f\u00e7\u0131s\u0131 M\u0259rdan Camalzad\u0259nin q\u0259bulunda olmu\u015fuq. Ba\u015f\u00e7\u0131 \u00f6z\u00fc bizim k\u0259ndd\u0259 g\u0259l\u0259nd\u0259 h\u0259min adamlarla da dan\u0131\u015f\u0131b. Bildirib ki, bu \u00e7\u0259ki\u015fm\u0259y\u0259 son qoyulsun. Lakin yen\u0259 d\u0259 \u201ck\u00f6hn\u0259 hamam, k\u00f6hn\u0259 tas\u201d, he\u00e7 bir faydas\u0131 yoxdur. T\u0259k \u00fcmidimiz Ali M\u0259hk\u0259m\u0259nin \u00e7\u0131xaraca\u011f\u0131 \u0259dal\u0259tli q\u0259rard\u0131r\u201d.\n<\/p>\n<figure class=\"wp-block-image size-large\">\n  <img decoding=\"async\" src=\"https:\/\/www.meydan.tv\/az\/rahib-bayramov-jpg\/\" alt=\"Rahib Bayramov.jpg\" class=\"wp-image-151646\"\/><figcaption>\n    Rahib Bayramov<br \/>\n  <\/figcaption><\/figure>\n<p>\n  K\u0259nd T\u0259s\u0259rr\u00fcfat\u0131 \u0130dar\u0259sinin r\u0259isi Vidadi Bayramov Meydan TV-y\u0259 bildirib ki, h\u0259min \u0259razid\u0259ki 1 hektar 78 sot yer b\u0259l\u0259diyy\u0259 torpa\u011f\u0131d\u0131r v\u0259 Rahib Bayramov t\u0259r\u0259find\u0259n qanunsuz olaraq hasarlan\u0131b:\n<\/p>\n<p>\n  \u201cQanuna g\u00f6r\u0259, h\u0259tta pay torpa\u011f\u0131nda bel\u0259 su b\u0259r\u0259sinin hasarlanmas\u0131 qada\u011fand\u0131r. B\u0259l\u0259diyy\u0259 torpa\u011f\u0131 qanunsuz z\u0259bt olunaraq, hasarlan\u0131b. H\u0259min \u0259razid\u0259 m\u0259nim qarda\u015f\u0131m ya\u015fay\u0131r. Biz h\u0259min \u0259razid\u0259 he\u00e7 bir qaz\u0131nt\u0131 i\u015fi aparmam\u0131\u015f\u0131q. H\u0259r iki m\u0259hk\u0259m\u0259nin q\u0259rar\u0131 da \u0259dal\u0259tlidir\u201d.\n<\/p>\n<p>\n  B\u0259l\u0259diyy\u0259 s\u0259dri Allahverdi Q\u0259hr\u0259manov torpa\u011f\u0131n b\u0259l\u0259diyy\u0259nin balans\u0131nda oldu\u011funu bildirib:\n<\/p>\n<p>\n  \u201c\u018fvv\u0259ll\u0259r h\u0259min \u0259razi K\u00fcrd\u0259mir Rayon Su-Kanal \u0130dar\u0259sinin balans\u0131nda idi. Sonradan b\u0259l\u0259diyy\u0259y\u0259 verildi. Rahib Bayramov kanal\u0131n \u00fcz\u0259rini k\u00f6nd\u0259l\u0259n hasarla k\u0259sib. Bununla da \u0259razid\u0259 gedi\u015f-g\u0259li\u015f yolu ba\u011flan\u0131b. Akt icra hakimiyy\u0259tinin i\u015f\u00e7il\u0259ri, region torpaq \u015f\u00f6b\u0259l\u0259rinin n\u00fcmay\u0259nd\u0259l\u0259ri t\u0259r\u0259find\u0259n t\u0259rtib olunub\u201d.\n<\/p>\n<p>\n  D\u0259li Qu\u015f\u00e7u k\u0259nd inzibati \u0259razi dair\u0259si \u00fczr\u0259 n\u00fcmay\u0259nd\u0259si Elman A\u011fayev is\u0259 deyir ki, torpa\u011f\u0131n Rahib Bayramova, yaxud da b\u0259l\u0259diyy\u0259y\u0259 aid olmas\u0131 il\u0259 ba\u011fl\u0131 s\u0259n\u0259d yoxdur:\n<\/p>\n<p>\n  \u201c\u00c7\u00fcnki h\u0259min \u0259razid\u0259 \u0259sasl\u0131 \u015f\u0259kild\u0259 \u00f6l\u00e7\u00fc apar\u0131lmay\u0131b. Kassasiya m\u0259hk\u0259m\u0259sinin yekunundan sonra h\u0259min \u0259razi \u00f6l\u00e7\u00fcl\u0259c\u0259k. Bundan sonra h\u0259min \u0259razid\u0259 torpaq sah\u0259sinin z\u0259bt olunub-olunmad\u0131\u011f\u0131 ortaya \u00e7\u0131xacaq. H\u0259min \u0259razid\u0259 \u00fc\u00e7-d\u00f6rd ail\u0259y\u0259 ged\u0259n su yolunun ba\u011flanmas\u0131 is\u0259 faktd\u0131r\u201d.\n<\/p>\n<p>\n  Suvarma Sisteml\u0259ri \u0130dar\u0259sinin r\u0259isi Mirc\u0259lal Mirz\u0259yev d\u0259 deyir ki, h\u0259r iki m\u0259hk\u0259m\u0259nin \u00e7\u0131xard\u0131\u011f\u0131 q\u0259rara \u0259sas\u0259n, torpaq b\u0259l\u0259diyy\u0259y\u0259 aiddir.\n<\/p>\n<figure class=\"wp-block-image size-large\">\n  <img decoding=\"async\" src=\"https:\/\/www.meydan.tv\/az\/126013482_2762676424052733_6968921823807280985_n-jpg\/\" alt=\"126013482_2762676424052733_6968921823807280985_n.jpg\" class=\"wp-image-151652\"\/><figcaption>\n    Evin v\u0259ziyy\u0259ti<br \/>\n  <\/figcaption><\/figure>\n","protected":false},"excerpt":{"rendered":"<p>D\u0259li Qu\u015f\u00e7u k\u0259ndind\u0259 torpaq \u00fcstd\u0259 m\u00fcbahis\u0259 Ali M\u0259hk\u0259m\u0259y\u0259 q\u0259d\u0259r gedib<\/p>\n","protected":false},"author":11,"featured_media":151640,"comment_status":"closed","ping_status":"open","sticky":false,"template":"","format":"standard","meta":{"_acf_changed":false,"_sitemap_exclude":false,"_sitemap_priority":"","_sitemap_frequency":"","footnotes":""},"categories":[60],"tags":[],"class_list":["post-203630","post","type-post","status-publish","format-standard","has-post-thumbnail","hentry","category-bolge","infinite-scroll-item","generate-columns","tablet-grid-50","mobile-grid-100","grid-parent","grid-33","no-featured-image-padding"],"acf":[],"yoast_head":"<!-- This site is optimized with the Yoast SEO plugin v27.5 - https:\/\/yoast.com\/product\/yoast-seo-wordpress\/ -->\n<title>\u201cHarada g\u00f6r\u00fcn\u00fcb ki, kanaldan \u00f6z h\u0259y\u0259tin\u0259 arx \u00e7\u0259k\u0259s\u0259n?\u201d - MEYDAN.TV<\/title>\n<meta name=\"robots\" content=\"index, follow, max-snippet:-1, max-image-preview:large, max-video-preview:-1\" \/>\n<link rel=\"canonical\" href=\"https:\/\/www.meydan.tv\/az\/article\/harada-gorunub-ki-kanaldan-oz-heyetine-arx-cekesen\/\" \/>\n<meta property=\"og:locale\" content=\"az_AZ\" \/>\n<meta property=\"og:type\" content=\"article\" \/>\n<meta property=\"og:title\" content=\"\u201cHarada g\u00f6r\u00fcn\u00fcb ki, kanaldan \u00f6z h\u0259y\u0259tin\u0259 arx \u00e7\u0259k\u0259s\u0259n?\u201d - MEYDAN.TV\" \/>\n<meta property=\"og:description\" content=\"D\u0259li Qu\u015f\u00e7u k\u0259ndind\u0259 torpaq \u00fcstd\u0259 m\u00fcbahis\u0259 Ali M\u0259hk\u0259m\u0259y\u0259 q\u0259d\u0259r gedib\" \/>\n<meta property=\"og:url\" content=\"https:\/\/www.meydan.tv\/az\/article\/harada-gorunub-ki-kanaldan-oz-heyetine-arx-cekesen\/\" \/>\n<meta property=\"og:site_name\" content=\"MEYDAN.TV\" \/>\n<meta property=\"article:published_time\" content=\"2020-11-17T10:53:15+00:00\" \/>\n<meta property=\"og:image\" content=\"https:\/\/www.meydan.tv\/wp-content\/uploads\/125953194_2762676517386057_7850159857576692784_n.jpg\" \/>\n\t<meta property=\"og:image:width\" content=\"960\" \/>\n\t<meta property=\"og:image:height\" content=\"720\" \/>\n\t<meta property=\"og:image:type\" content=\"image\/jpeg\" \/>\n<meta name=\"author\" content=\"user-manager\" \/>\n<meta name=\"twitter:card\" content=\"summary_large_image\" \/>\n<script type=\"application\/ld+json\" class=\"yoast-schema-graph\">{\"@context\":\"https:\\\/\\\/schema.org\",\"@graph\":[{\"@type\":\"Article\",\"@id\":\"https:\\\/\\\/www.meydan.tv\\\/az\\\/article\\\/harada-gorunub-ki-kanaldan-oz-heyetine-arx-cekesen\\\/#article\",\"isPartOf\":{\"@id\":\"https:\\\/\\\/www.meydan.tv\\\/az\\\/article\\\/harada-gorunub-ki-kanaldan-oz-heyetine-arx-cekesen\\\/\"},\"author\":{\"name\":\"user-manager\",\"@id\":\"https:\\\/\\\/www.meydan.tv\\\/az\\\/#\\\/schema\\\/person\\\/10d11eccf6da3662cf5fdab9806ea91a\"},\"headline\":\"\u201cHarada g\u00f6r\u00fcn\u00fcb ki, kanaldan \u00f6z h\u0259y\u0259tin\u0259 arx \u00e7\u0259k\u0259s\u0259n?\u201d\",\"datePublished\":\"2020-11-17T10:53:15+00:00\",\"mainEntityOfPage\":{\"@id\":\"https:\\\/\\\/www.meydan.tv\\\/az\\\/article\\\/harada-gorunub-ki-kanaldan-oz-heyetine-arx-cekesen\\\/\"},\"wordCount\":1022,\"publisher\":{\"@id\":\"https:\\\/\\\/www.meydan.tv\\\/az\\\/#organization\"},\"image\":{\"@id\":\"https:\\\/\\\/www.meydan.tv\\\/az\\\/article\\\/harada-gorunub-ki-kanaldan-oz-heyetine-arx-cekesen\\\/#primaryimage\"},\"thumbnailUrl\":\"https:\\\/\\\/www.meydan.tv\\\/wp-content\\\/uploads\\\/125953194_2762676517386057_7850159857576692784_n.jpg\",\"articleSection\":[\"B\u00f6lg\u0259\"],\"inLanguage\":\"az\"},{\"@type\":\"WebPage\",\"@id\":\"https:\\\/\\\/www.meydan.tv\\\/az\\\/article\\\/harada-gorunub-ki-kanaldan-oz-heyetine-arx-cekesen\\\/\",\"url\":\"https:\\\/\\\/www.meydan.tv\\\/az\\\/article\\\/harada-gorunub-ki-kanaldan-oz-heyetine-arx-cekesen\\\/\",\"name\":\"\u201cHarada g\u00f6r\u00fcn\u00fcb ki, kanaldan \u00f6z h\u0259y\u0259tin\u0259 arx \u00e7\u0259k\u0259s\u0259n?\u201d - MEYDAN.TV\",\"isPartOf\":{\"@id\":\"https:\\\/\\\/www.meydan.tv\\\/az\\\/#website\"},\"primaryImageOfPage\":{\"@id\":\"https:\\\/\\\/www.meydan.tv\\\/az\\\/article\\\/harada-gorunub-ki-kanaldan-oz-heyetine-arx-cekesen\\\/#primaryimage\"},\"image\":{\"@id\":\"https:\\\/\\\/www.meydan.tv\\\/az\\\/article\\\/harada-gorunub-ki-kanaldan-oz-heyetine-arx-cekesen\\\/#primaryimage\"},\"thumbnailUrl\":\"https:\\\/\\\/www.meydan.tv\\\/wp-content\\\/uploads\\\/125953194_2762676517386057_7850159857576692784_n.jpg\",\"datePublished\":\"2020-11-17T10:53:15+00:00\",\"breadcrumb\":{\"@id\":\"https:\\\/\\\/www.meydan.tv\\\/az\\\/article\\\/harada-gorunub-ki-kanaldan-oz-heyetine-arx-cekesen\\\/#breadcrumb\"},\"inLanguage\":\"az\",\"potentialAction\":[{\"@type\":\"ReadAction\",\"target\":[\"https:\\\/\\\/www.meydan.tv\\\/az\\\/article\\\/harada-gorunub-ki-kanaldan-oz-heyetine-arx-cekesen\\\/\"]}]},{\"@type\":\"ImageObject\",\"inLanguage\":\"az\",\"@id\":\"https:\\\/\\\/www.meydan.tv\\\/az\\\/article\\\/harada-gorunub-ki-kanaldan-oz-heyetine-arx-cekesen\\\/#primaryimage\",\"url\":\"https:\\\/\\\/www.meydan.tv\\\/wp-content\\\/uploads\\\/125953194_2762676517386057_7850159857576692784_n.jpg\",\"contentUrl\":\"https:\\\/\\\/www.meydan.tv\\\/wp-content\\\/uploads\\\/125953194_2762676517386057_7850159857576692784_n.jpg\",\"width\":960,\"height\":720,\"caption\":\"Source: google\"},{\"@type\":\"BreadcrumbList\",\"@id\":\"https:\\\/\\\/www.meydan.tv\\\/az\\\/article\\\/harada-gorunub-ki-kanaldan-oz-heyetine-arx-cekesen\\\/#breadcrumb\",\"itemListElement\":[{\"@type\":\"ListItem\",\"position\":1,\"name\":\"Ana s\u0259hif\u0259\",\"item\":\"https:\\\/\\\/www.meydan.tv\\\/az\\\/\"},{\"@type\":\"ListItem\",\"position\":2,\"name\":\"B\u00f6lg\u0259\",\"item\":\"https:\\\/\\\/www.meydan.tv\\\/az\\\/section\\\/bolge\\\/\"},{\"@type\":\"ListItem\",\"position\":3,\"name\":\"\u201cHarada g\u00f6r\u00fcn\u00fcb ki, kanaldan \u00f6z h\u0259y\u0259tin\u0259 arx \u00e7\u0259k\u0259s\u0259n?\u201d\"}]},{\"@type\":\"WebSite\",\"@id\":\"https:\\\/\\\/www.meydan.tv\\\/az\\\/#website\",\"url\":\"https:\\\/\\\/www.meydan.tv\\\/az\\\/\",\"name\":\"MEYDAN.TV\",\"description\":\"Meydan TV Az\u0259rbaycan\u0131n media m\u0259kan\u0131ndak\u0131 alternativ s\u0259sidir\",\"publisher\":{\"@id\":\"https:\\\/\\\/www.meydan.tv\\\/az\\\/#organization\"},\"potentialAction\":[{\"@type\":\"SearchAction\",\"target\":{\"@type\":\"EntryPoint\",\"urlTemplate\":\"https:\\\/\\\/www.meydan.tv\\\/az\\\/?s={search_term_string}\"},\"query-input\":{\"@type\":\"PropertyValueSpecification\",\"valueRequired\":true,\"valueName\":\"search_term_string\"}}],\"inLanguage\":\"az\"},{\"@type\":\"Organization\",\"@id\":\"https:\\\/\\\/www.meydan.tv\\\/az\\\/#organization\",\"name\":\"Meydan TV\",\"url\":\"https:\\\/\\\/www.meydan.tv\\\/az\\\/\",\"logo\":{\"@type\":\"ImageObject\",\"inLanguage\":\"az\",\"@id\":\"https:\\\/\\\/www.meydan.tv\\\/az\\\/#\\\/schema\\\/logo\\\/image\\\/\",\"url\":\"https:\\\/\\\/www.meydan.tv\\\/wp-content\\\/uploads\\\/2021\\\/07\\\/meydan-logo.svg\",\"contentUrl\":\"https:\\\/\\\/www.meydan.tv\\\/wp-content\\\/uploads\\\/2021\\\/07\\\/meydan-logo.svg\",\"width\":195,\"height\":46,\"caption\":\"Meydan TV\"},\"image\":{\"@id\":\"https:\\\/\\\/www.meydan.tv\\\/az\\\/#\\\/schema\\\/logo\\\/image\\\/\"}},{\"@type\":\"Person\",\"@id\":\"https:\\\/\\\/www.meydan.tv\\\/az\\\/#\\\/schema\\\/person\\\/10d11eccf6da3662cf5fdab9806ea91a\",\"name\":\"user-manager\"}]}<\/script>\n<!-- \/ Yoast SEO plugin. -->","yoast_head_json":{"title":"\u201cHarada g\u00f6r\u00fcn\u00fcb ki, kanaldan \u00f6z h\u0259y\u0259tin\u0259 arx \u00e7\u0259k\u0259s\u0259n?\u201d - MEYDAN.TV","robots":{"index":"index","follow":"follow","max-snippet":"max-snippet:-1","max-image-preview":"max-image-preview:large","max-video-preview":"max-video-preview:-1"},"canonical":"https:\/\/www.meydan.tv\/az\/article\/harada-gorunub-ki-kanaldan-oz-heyetine-arx-cekesen\/","og_locale":"az_AZ","og_type":"article","og_title":"\u201cHarada g\u00f6r\u00fcn\u00fcb ki, kanaldan \u00f6z h\u0259y\u0259tin\u0259 arx \u00e7\u0259k\u0259s\u0259n?\u201d - MEYDAN.TV","og_description":"D\u0259li Qu\u015f\u00e7u k\u0259ndind\u0259 torpaq \u00fcstd\u0259 m\u00fcbahis\u0259 Ali M\u0259hk\u0259m\u0259y\u0259 q\u0259d\u0259r gedib","og_url":"https:\/\/www.meydan.tv\/az\/article\/harada-gorunub-ki-kanaldan-oz-heyetine-arx-cekesen\/","og_site_name":"MEYDAN.TV","article_published_time":"2020-11-17T10:53:15+00:00","og_image":[{"width":960,"height":720,"url":"https:\/\/www.meydan.tv\/wp-content\/uploads\/125953194_2762676517386057_7850159857576692784_n.jpg","type":"image\/jpeg"}],"author":"user-manager","twitter_card":"summary_large_image","schema":{"@context":"https:\/\/schema.org","@graph":[{"@type":"Article","@id":"https:\/\/www.meydan.tv\/az\/article\/harada-gorunub-ki-kanaldan-oz-heyetine-arx-cekesen\/#article","isPartOf":{"@id":"https:\/\/www.meydan.tv\/az\/article\/harada-gorunub-ki-kanaldan-oz-heyetine-arx-cekesen\/"},"author":{"name":"user-manager","@id":"https:\/\/www.meydan.tv\/az\/#\/schema\/person\/10d11eccf6da3662cf5fdab9806ea91a"},"headline":"\u201cHarada g\u00f6r\u00fcn\u00fcb ki, kanaldan \u00f6z h\u0259y\u0259tin\u0259 arx \u00e7\u0259k\u0259s\u0259n?\u201d","datePublished":"2020-11-17T10:53:15+00:00","mainEntityOfPage":{"@id":"https:\/\/www.meydan.tv\/az\/article\/harada-gorunub-ki-kanaldan-oz-heyetine-arx-cekesen\/"},"wordCount":1022,"publisher":{"@id":"https:\/\/www.meydan.tv\/az\/#organization"},"image":{"@id":"https:\/\/www.meydan.tv\/az\/article\/harada-gorunub-ki-kanaldan-oz-heyetine-arx-cekesen\/#primaryimage"},"thumbnailUrl":"https:\/\/www.meydan.tv\/wp-content\/uploads\/125953194_2762676517386057_7850159857576692784_n.jpg","articleSection":["B\u00f6lg\u0259"],"inLanguage":"az"},{"@type":"WebPage","@id":"https:\/\/www.meydan.tv\/az\/article\/harada-gorunub-ki-kanaldan-oz-heyetine-arx-cekesen\/","url":"https:\/\/www.meydan.tv\/az\/article\/harada-gorunub-ki-kanaldan-oz-heyetine-arx-cekesen\/","name":"\u201cHarada g\u00f6r\u00fcn\u00fcb ki, kanaldan \u00f6z h\u0259y\u0259tin\u0259 arx \u00e7\u0259k\u0259s\u0259n?\u201d - MEYDAN.TV","isPartOf":{"@id":"https:\/\/www.meydan.tv\/az\/#website"},"primaryImageOfPage":{"@id":"https:\/\/www.meydan.tv\/az\/article\/harada-gorunub-ki-kanaldan-oz-heyetine-arx-cekesen\/#primaryimage"},"image":{"@id":"https:\/\/www.meydan.tv\/az\/article\/harada-gorunub-ki-kanaldan-oz-heyetine-arx-cekesen\/#primaryimage"},"thumbnailUrl":"https:\/\/www.meydan.tv\/wp-content\/uploads\/125953194_2762676517386057_7850159857576692784_n.jpg","datePublished":"2020-11-17T10:53:15+00:00","breadcrumb":{"@id":"https:\/\/www.meydan.tv\/az\/article\/harada-gorunub-ki-kanaldan-oz-heyetine-arx-cekesen\/#breadcrumb"},"inLanguage":"az","potentialAction":[{"@type":"ReadAction","target":["https:\/\/www.meydan.tv\/az\/article\/harada-gorunub-ki-kanaldan-oz-heyetine-arx-cekesen\/"]}]},{"@type":"ImageObject","inLanguage":"az","@id":"https:\/\/www.meydan.tv\/az\/article\/harada-gorunub-ki-kanaldan-oz-heyetine-arx-cekesen\/#primaryimage","url":"https:\/\/www.meydan.tv\/wp-content\/uploads\/125953194_2762676517386057_7850159857576692784_n.jpg","contentUrl":"https:\/\/www.meydan.tv\/wp-content\/uploads\/125953194_2762676517386057_7850159857576692784_n.jpg","width":960,"height":720,"caption":"Source: google"},{"@type":"BreadcrumbList","@id":"https:\/\/www.meydan.tv\/az\/article\/harada-gorunub-ki-kanaldan-oz-heyetine-arx-cekesen\/#breadcrumb","itemListElement":[{"@type":"ListItem","position":1,"name":"Ana s\u0259hif\u0259","item":"https:\/\/www.meydan.tv\/az\/"},{"@type":"ListItem","position":2,"name":"B\u00f6lg\u0259","item":"https:\/\/www.meydan.tv\/az\/section\/bolge\/"},{"@type":"ListItem","position":3,"name":"\u201cHarada g\u00f6r\u00fcn\u00fcb ki, kanaldan \u00f6z h\u0259y\u0259tin\u0259 arx \u00e7\u0259k\u0259s\u0259n?\u201d"}]},{"@type":"WebSite","@id":"https:\/\/www.meydan.tv\/az\/#website","url":"https:\/\/www.meydan.tv\/az\/","name":"MEYDAN.TV","description":"Meydan TV Az\u0259rbaycan\u0131n media m\u0259kan\u0131ndak\u0131 alternativ s\u0259sidir","publisher":{"@id":"https:\/\/www.meydan.tv\/az\/#organization"},"potentialAction":[{"@type":"SearchAction","target":{"@type":"EntryPoint","urlTemplate":"https:\/\/www.meydan.tv\/az\/?s={search_term_string}"},"query-input":{"@type":"PropertyValueSpecification","valueRequired":true,"valueName":"search_term_string"}}],"inLanguage":"az"},{"@type":"Organization","@id":"https:\/\/www.meydan.tv\/az\/#organization","name":"Meydan TV","url":"https:\/\/www.meydan.tv\/az\/","logo":{"@type":"ImageObject","inLanguage":"az","@id":"https:\/\/www.meydan.tv\/az\/#\/schema\/logo\/image\/","url":"https:\/\/www.meydan.tv\/wp-content\/uploads\/2021\/07\/meydan-logo.svg","contentUrl":"https:\/\/www.meydan.tv\/wp-content\/uploads\/2021\/07\/meydan-logo.svg","width":195,"height":46,"caption":"Meydan TV"},"image":{"@id":"https:\/\/www.meydan.tv\/az\/#\/schema\/logo\/image\/"}},{"@type":"Person","@id":"https:\/\/www.meydan.tv\/az\/#\/schema\/person\/10d11eccf6da3662cf5fdab9806ea91a","name":"user-manager"}]}},"_links":{"self":[{"href":"https:\/\/www.meydan.tv\/az\/wp-json\/wp\/v2\/posts\/203630","targetHints":{"allow":["GET"]}}],"collection":[{"href":"https:\/\/www.meydan.tv\/az\/wp-json\/wp\/v2\/posts"}],"about":[{"href":"https:\/\/www.meydan.tv\/az\/wp-json\/wp\/v2\/types\/post"}],"author":[{"embeddable":true,"href":"https:\/\/www.meydan.tv\/az\/wp-json\/wp\/v2\/users\/11"}],"replies":[{"embeddable":true,"href":"https:\/\/www.meydan.tv\/az\/wp-json\/wp\/v2\/comments?post=203630"}],"version-history":[{"count":0,"href":"https:\/\/www.meydan.tv\/az\/wp-json\/wp\/v2\/posts\/203630\/revisions"}],"wp:featuredmedia":[{"embeddable":true,"href":"https:\/\/www.meydan.tv\/az\/wp-json\/wp\/v2\/media\/151640"}],"wp:attachment":[{"href":"https:\/\/www.meydan.tv\/az\/wp-json\/wp\/v2\/media?parent=203630"}],"wp:term":[{"taxonomy":"category","embeddable":true,"href":"https:\/\/www.meydan.tv\/az\/wp-json\/wp\/v2\/categories?post=203630"},{"taxonomy":"post_tag","embeddable":true,"href":"https:\/\/www.meydan.tv\/az\/wp-json\/wp\/v2\/tags?post=203630"}],"curies":[{"name":"wp","href":"https:\/\/api.w.org\/{rel}","templated":true}]}}