{"id":203614,"date":"2020-11-16T13:13:20","date_gmt":"2020-11-16T13:13:20","guid":{"rendered":"https:\/\/www.meydan.tv\/article\/yarali-esgerin-atasi-isteyirem-ki-hokumetimiz-iyne-dermanla-bagli-yardim-etsin\/"},"modified":"2020-11-16T13:13:20","modified_gmt":"2020-11-16T13:13:20","slug":"yarali-esgerin-atasi-isteyirem-ki-hokumetimiz-iyne-dermanla-bagli-yardim-etsin","status":"publish","type":"post","link":"https:\/\/www.meydan.tv\/az\/article\/yarali-esgerin-atasi-isteyirem-ki-hokumetimiz-iyne-dermanla-bagli-yardim-etsin\/","title":{"rendered":"Yaral\u0131 \u0259sg\u0259rin atas\u0131: \u0130st\u0259yir\u0259m ki, h\u00f6kum\u0259timiz iyn\u0259-d\u0259rmanla ba\u011fl\u0131 yard\u0131m etsin"},"content":{"rendered":"<p>\n  <i><br \/>\n    Ail\u0259 x\u0259sar\u0259t alan d\u00f6y\u00fc\u015f\u00e7\u00fcn\u00fcn iyn\u0259-d\u0259rman\u0131n\u0131 almaqda \u00e7\u0259tinlik \u00e7\u0259kir<br \/>\n  <\/i>\n<\/p>\n<p>\n  \u201cNoyabr\u0131n 8-d\u0259 s\u0259h\u0259r saatlar\u0131nda bizi pusquya sald\u0131lar. 13 n\u0259f\u0259r qrupla piyadalara k\u00f6m\u0259y\u0259 qalxd\u0131q. 30-40 metr m\u0259saf\u0259d\u0259 ba\u015f ver\u0259n d\u00f6y\u00fc\u015fl\u0259r zaman\u0131 aya\u011f\u0131mdan yaraland\u0131m\u201d.\n<\/p>\n<p>\n  Sabirabad rayonu, T\u0259briz k\u00fc\u00e7\u0259si m\u0259nzil 3 \u00fcnvan\u0131nda ya\u015fayan 1997-ci il t\u0259v\u0259ll\u00fcdl\u00fc Tural Q\u0259hr\u0259manov Erm\u0259nistanla Az\u0259rbaycan aras\u0131nda h\u0259rbi \u0259m\u0259liyyatlar ba\u015flayandan iki g\u00fcn sonra m\u00fcharib\u0259y\u0259 \u00e7a\u011f\u0131r\u0131l\u0131b. Qubadl\u0131 istiqam\u0259tind\u0259 m\u00fchasir\u0259y\u0259 d\u00fc\u015f\u0259r\u0259k, aya\u011f\u0131ndan yaralan\u0131b:\n<\/p>\n<p>\n  \u201c\u018fsg\u0259rlikd\u0259 k\u0259\u015ffiyyatda olmu\u015fam. M\u00fcharib\u0259d\u0259 d\u0259 k\u0259\u015ffiyyat\u00e7\u0131 idim. Yaralanandan sonra m\u0259ni F\u00fczuli M\u00fcalic\u0259-Diaqnostika M\u0259rk\u0259zin\u0259 g\u0259tirdil\u0259r. Orada \u0259m\u0259liyyat olundum, aya\u011f\u0131ma dizd\u0259n a\u015fa\u011f\u0131 mil qoyuldu. Sonra da m\u0259zuniyy\u0259t verdil\u0259r, art\u0131q d\u00f6rd g\u00fcnd\u00fcr ki, ev\u0259 g\u0259tirilmi\u015f\u0259m. A\u011fr\u0131 bir yandan, evd\u0259ki \u015f\u0259raitsizliy\u0259 d\u0259 \u0259s\u0259bl\u0259\u015fir\u0259m. Yerimd\u0259n qalxa, h\u0259r\u0259k\u0259t ed\u0259 bilmir\u0259m. Sanitar qov\u015fa\u011f\u0131 h\u0259y\u0259td\u0259, evd\u0259n xeyli uzaqdad\u0131r. Aya\u011f\u0131ma g\u00f6r\u0259 \u00e7\u0259tinlik \u00e7\u0259kir\u0259m. A\u011fr\u0131dan daha \u00e7ox \u015f\u0259raitsizlik \u0259s\u0259bl\u0259rimi pozub\u201d.\n<\/p>\n<p>\n  \u018fsg\u0259rin atas\u0131 Samir Q\u0259hr\u0259manov deyir ki, bir h\u0259ft\u0259 \u00f6nc\u0259 yaralanan Tural haz\u0131rda m\u00fcalic\u0259sini ev \u015f\u0259raitind\u0259 davam etdirir. Ail\u0259nin maddi v\u0259ziyy\u0259ti a\u011f\u0131r oldu\u011fu \u00fc\u00e7\u00fcn yaral\u0131n\u0131n iyn\u0259-d\u0259rman\u0131n\u0131 almaqda \u00e7\u0259tinlik \u00e7\u0259kirl\u0259r:\n<\/p>\n<figure class=\"wp-block-image size-large\">\n  <img decoding=\"async\" src=\"https:\/\/www.meydan.tv\/az\/125926293_2762274857426223_596520695583916860_o-jpg\/\" alt=\"125926293_2762274857426223_596520695583916860_o.jpg\" class=\"wp-image-151592\"\/><figcaption>\n    &#8220;Orada \u0259m\u0259liyyat olundum, aya\u011f\u0131ma dizd\u0259n a\u015fa\u011f\u0131 mil qoyuldu&#8221;<br \/>\n  <\/figcaption><\/figure>\n<p>\n  \u201cAya\u011f\u0131 el\u0259 olandan sonra o\u011flumu F\u00fczuliy\u0259 apar\u0131blar, orada \u0259m\u0259liyyat olunub. A\u011fcab\u0259diy\u0259, daha sonra \u015e\u0259mkir\u0259 yollay\u0131blar. Z\u0259ng el\u0259di ki, m\u0259n\u0259 iki ayl\u0131q icaz\u0259 veribl\u0259r. Deyibl\u0259r ki, m\u00fcalic\u0259 evd\u0259 davam etm\u0259lidir. Noyabr\u0131n 12-d\u0259n art\u0131q ev\u0259 g\u0259lib. Aya\u011f\u0131na mil qoyulub. G\u00fccl\u00fc a\u011fr\u0131lar\u0131 olur, gec\u0259l\u0259r yata bilmir. Bel\u0259 dey\u0259k, \u00fcmumi sistemi pozulub. Aya\u011f\u0131 \u015fi\u015fib, \u00e7irk ax\u0131r. Qon\u015fumuz c\u0259rrahd\u0131r, g\u0259lib baxd\u0131. Dedi ki, aya\u011f\u0131ndak\u0131 \u015fi\u015f t\u0259bii hald\u0131r. Bu, olmal\u0131d\u0131r, sa\u011falacaq. Krosna antenalar\u0131n t\u0259miri, qura\u015fd\u0131r\u0131lmas\u0131 v\u0259 kanallar\u0131n y\u0131\u011f\u0131lmas\u0131 il\u0259 m\u0259\u015f\u011ful oluram. Bu i\u015f s\u0259yyard\u0131r, daimi deyil. Bir g\u00fcn i\u015f var, sabah yoxdur. O\u011flumun da aya\u011f\u0131 bel\u0259 v\u0259ziyy\u0259td\u0259, a\u00e7\u0131\u011f\u0131, \u00e7ox \u00e7\u0259tinlik \u00e7\u0259kirik\u201d.\n<\/p>\n<p>\n  Samir Q\u0259hr\u0259manovun \u00fc\u00e7 o\u011flu var. M\u00fcharib\u0259 zaman\u0131 eyni vaxtda iki \u00f6vlad\u0131 torpaqlar\u0131n i\u015f\u011faldan azad olunmas\u0131 u\u011frunda d\u00f6y\u00fc\u015f\u00fcb:\n<\/p>\n<p>\n  \u201cHaz\u0131rda ki\u00e7ik o\u011flum h\u0259qiqi h\u0259rbi xidm\u0259td\u0259dir. Sonuncu d\u0259f\u0259 dan\u0131\u015fanda dedi ki, Xocal\u0131 t\u0259r\u0259fd\u0259yik. D\u00fcz\u00fc, telefonla dan\u0131\u015fanda \u0259trafl\u0131 m\u0259lumat vermirl\u0259r. O\u011fullar\u0131m torpaqlar\u0131n bir ne\u00e7\u0259 istiqam\u0259td\u0259 i\u015f\u011faldan azad edilm\u0259sind\u0259 qan\u0131, can\u0131 il\u0259 d\u00f6y\u00fc\u015f\u00fcb. H\u0259r iki o\u011flum d\u00f6y\u00fc\u015f ba\u015flayandan \u00f6n x\u0259tt\u0259 olub. Bu u\u015faq Qubadl\u0131 istiqam\u0259tind\u0259 m\u00fchasir\u0259y\u0259 d\u00fc\u015f\u00fcb, q\u0259hr\u0259mancas\u0131na vuru\u015fub. V\u0259t\u0259ni qorumaq ham\u0131 kimi m\u0259nim o\u011fullar\u0131m\u0131n da borcudur. Kas\u0131bl\u0131\u011fa, \u00e7\u0259tinliy\u0259 d\u00f6z\u00fcr\u00fck. Amma h\u00f6kum\u0259t yaral\u0131 o\u011flumun iyn\u0259-d\u0259rman\u0131n\u0131, m\u00fcalic\u0259sini \u00f6z \u00fcz\u0259rin\u0259 g\u00f6t\u00fcrs\u0259, yax\u015f\u0131 olar. Qon\u015fular \u00e7ox sa\u011f olsunlar. Kimin n\u0259y\u0259 g\u00fcc\u00fc \u00e7at\u0131r, k\u00f6m\u0259klik g\u00f6st\u0259rir. Kims\u0259 g\u0259lir, 5-10 manat qoyur, onunla m\u00fcalic\u0259sini edirik. Onun hesab\u0131na bu 2-3 g\u00fcnd\u0259 dava-d\u0259rman\u0131 al\u0131n\u0131b. Kimin n\u0259y\u0259 g\u00fcc\u00fc \u00e7at\u0131r, k\u00f6m\u0259klik edir. \u00c7ox sa\u011f olsun, kims\u0259 k\u00f6m\u0259klik g\u00f6st\u0259rir. Qon\u015fumuz tibb bac\u0131s\u0131d\u0131r, sa\u011f olsun, g\u0259lib yaran\u0131 t\u0259mizl\u0259yir. Amma bu, k\u00f6kl\u00fc olmal\u0131d\u0131r. Bu g\u00fcn s\u0259n, sabah bir ba\u015fqas\u0131 yard\u0131m etdi. M\u0259n ist\u0259yir\u0259m ki, h\u00f6kum\u0259timiz iyn\u0259-d\u0259rmana yard\u0131m g\u00f6st\u0259rsin\u201d.\n<\/p>\n<figure class=\"wp-block-image size-large\">\n  <img decoding=\"async\" src=\"https:\/\/www.meydan.tv\/az\/126060194_2762274717426237_8922250451485116644_o-jpg\/\" alt=\"126060194_2762274717426237_8922250451485116644_o.jpg\" class=\"wp-image-151583\"\/><figcaption>\n    &#8221; Kas\u0131bl\u0131\u011fa, \u00e7\u0259tinliy\u0259 d\u00f6z\u00fcr\u00fck&#8221;<br \/>\n  <\/figcaption><\/figure>\n<p>\n  \u201c\u0130mkan\u0131m olsa he\u00e7 kimd\u0259n yard\u0131m, k\u00f6m\u0259k ist\u0259m\u0259r\u0259m. Ya\u015fad\u0131\u011f\u0131m evi g\u00f6r\u0259n adam maddi v\u0259ziyy\u0259timin nec\u0259 oldu\u011funu anlayar\u201d, &#8211; Samir Q\u0259hr\u0259manov deyir:\n<\/p>\n<p>\n  \u201c\u00dc\u00e7 \u00f6vlad b\u00f6y\u00fctm\u00fc\u015f\u0259m. \u00dc\u00e7\u00fc d\u0259 h\u0259rbi xidm\u0259td\u0259 olub. B\u00f6y\u00fck o\u011flum yaralan\u0131b, sonbe\u015fiyim is\u0259 haz\u0131rda h\u0259rbi xidm\u0259td\u0259dir, m\u00fcharib\u0259d\u0259 d\u0259 i\u015ftirak edib. Ya\u015fad\u0131\u011f\u0131m\u0131z d\u00f6rdotaql\u0131 evi 2000-ci ild\u0259 tikmi\u015f\u0259m. Biz t\u0259r\u0259fl\u0259rd\u0259 doldurma ev ifad\u0259si var. Taxta v\u0259 pal\u00e7\u0131qdan tikil\u0259n ev\u0259 deyirl\u0259r. M\u0259nim evim el\u0259dir. Da\u015fdan, k\u0259rpicd\u0259n yox, taxtadan tikmi\u015f\u0259m, aras\u0131n\u0131 da pal\u00e7\u0131qla doldurmu\u015fam. B\u00fct\u00fcn bu \u00e7\u0259tinlikl\u0259ri yola verm\u0259k olar. Amma he\u00e7 olmasa, u\u015fa\u011fa n\u0259zar\u0259t ets\u0259l\u0259r, dava-d\u0259rmanla t\u0259min ets\u0259l\u0259r, yax\u015f\u0131 olar. \u0130st\u0259y\u0259rdim ki, d\u00f6vl\u0259t u\u015fa\u011f\u0131n s\u0259hh\u0259ti normalla\u015fana q\u0259d\u0259r qay\u011f\u0131s\u0131na qalard\u0131. Sa\u011falandan sonra y\u00fck\u00fcm\u00fcz\u00fc yen\u0259 \u00f6z\u00fcm\u00fcz \u00e7\u0259k\u0259c\u0259yik\u201d.\n<\/p>\n<p>\n  Sabirabad Rayon \u0130cra Hakimiyy\u0259tind\u0259n Meydan TV-y\u0259 deyibl\u0259r ki, onlarda bu haqda m\u0259lumat yoxdur, yaral\u0131 \u0259sg\u0259rin durumu il\u0259 maraqlanacaqlar.\n<\/p>\n<figure class=\"wp-block-image size-large\">\n  <img decoding=\"async\" src=\"https:\/\/www.meydan.tv\/az\/125841395_2762275097426199_7047544228933744375_o-jpg\/\" alt=\"125841395_2762275097426199_7047544228933744375_o.jpg\" class=\"wp-image-151604\"\/><figcaption>\n    &#8220;Ya\u015fad\u0131\u011f\u0131m evi g\u00f6r\u0259n adam maddi v\u0259ziyy\u0259timin nec\u0259 oldu\u011funu anlayar\u201d<br \/>\n  <\/figcaption><\/figure>\n<figure class=\"wp-block-image size-large\">\n  <img decoding=\"async\" src=\"https:\/\/www.meydan.tv\/az\/125877608_2762274627426246_5052304734017297640_o-jpg\/\" alt=\"125877608_2762274627426246_5052304734017297640_o.jpg\" class=\"wp-image-151598\"\/><figcaption>\n    &#8220;Da\u015fdan, k\u0259rpicd\u0259n yox, taxtadan tikmi\u015f\u0259m, aras\u0131n\u0131 da pal\u00e7\u0131qla doldurmu\u015fam&#8221;<br \/>\n  <\/figcaption><\/figure>\n","protected":false},"excerpt":{"rendered":"<p>&#8220;Da\u015fdan, k\u0259rpicd\u0259n yox, taxtadan tikmi\u015f\u0259m, aras\u0131n\u0131 da pal\u00e7\u0131qla doldurmu\u015fam&#8221;<\/p>\n","protected":false},"author":11,"featured_media":151601,"comment_status":"closed","ping_status":"open","sticky":false,"template":"","format":"standard","meta":{"_acf_changed":false,"_sitemap_exclude":false,"_sitemap_priority":"","_sitemap_frequency":"","footnotes":""},"categories":[60],"tags":[],"class_list":["post-203614","post","type-post","status-publish","format-standard","has-post-thumbnail","hentry","category-bolge","infinite-scroll-item","generate-columns","tablet-grid-50","mobile-grid-100","grid-parent","grid-33","no-featured-image-padding"],"acf":[],"yoast_head":"<!-- This site is optimized with the Yoast SEO plugin v27.5 - https:\/\/yoast.com\/product\/yoast-seo-wordpress\/ -->\n<title>Yaral\u0131 \u0259sg\u0259rin atas\u0131: \u0130st\u0259yir\u0259m ki, h\u00f6kum\u0259timiz iyn\u0259-d\u0259rmanla ba\u011fl\u0131 yard\u0131m etsin - MEYDAN.TV<\/title>\n<meta name=\"robots\" content=\"index, follow, max-snippet:-1, max-image-preview:large, max-video-preview:-1\" \/>\n<link rel=\"canonical\" href=\"https:\/\/www.meydan.tv\/az\/article\/yarali-esgerin-atasi-isteyirem-ki-hokumetimiz-iyne-dermanla-bagli-yardim-etsin\/\" \/>\n<meta property=\"og:locale\" content=\"az_AZ\" \/>\n<meta property=\"og:type\" content=\"article\" \/>\n<meta property=\"og:title\" content=\"Yaral\u0131 \u0259sg\u0259rin atas\u0131: \u0130st\u0259yir\u0259m ki, h\u00f6kum\u0259timiz iyn\u0259-d\u0259rmanla ba\u011fl\u0131 yard\u0131m etsin - MEYDAN.TV\" \/>\n<meta property=\"og:description\" content=\"&quot;Da\u015fdan, k\u0259rpicd\u0259n yox, taxtadan tikmi\u015f\u0259m, aras\u0131n\u0131 da pal\u00e7\u0131qla doldurmu\u015fam&quot;\" \/>\n<meta property=\"og:url\" content=\"https:\/\/www.meydan.tv\/az\/article\/yarali-esgerin-atasi-isteyirem-ki-hokumetimiz-iyne-dermanla-bagli-yardim-etsin\/\" \/>\n<meta property=\"og:site_name\" content=\"MEYDAN.TV\" \/>\n<meta property=\"article:published_time\" content=\"2020-11-16T13:13:20+00:00\" \/>\n<meta property=\"og:image\" content=\"https:\/\/www.meydan.tv\/wp-content\/uploads\/125475036_2762274680759574_8671014596879454135_o.jpg\" \/>\n\t<meta property=\"og:image:width\" content=\"1021\" \/>\n\t<meta property=\"og:image:height\" content=\"483\" \/>\n\t<meta property=\"og:image:type\" content=\"image\/jpeg\" \/>\n<meta name=\"author\" content=\"user-manager\" \/>\n<meta name=\"twitter:card\" content=\"summary_large_image\" \/>\n<script type=\"application\/ld+json\" class=\"yoast-schema-graph\">{\"@context\":\"https:\\\/\\\/schema.org\",\"@graph\":[{\"@type\":\"Article\",\"@id\":\"https:\\\/\\\/www.meydan.tv\\\/az\\\/article\\\/yarali-esgerin-atasi-isteyirem-ki-hokumetimiz-iyne-dermanla-bagli-yardim-etsin\\\/#article\",\"isPartOf\":{\"@id\":\"https:\\\/\\\/www.meydan.tv\\\/az\\\/article\\\/yarali-esgerin-atasi-isteyirem-ki-hokumetimiz-iyne-dermanla-bagli-yardim-etsin\\\/\"},\"author\":{\"name\":\"user-manager\",\"@id\":\"https:\\\/\\\/www.meydan.tv\\\/az\\\/#\\\/schema\\\/person\\\/10d11eccf6da3662cf5fdab9806ea91a\"},\"headline\":\"Yaral\u0131 \u0259sg\u0259rin atas\u0131: \u0130st\u0259yir\u0259m ki, h\u00f6kum\u0259timiz iyn\u0259-d\u0259rmanla ba\u011fl\u0131 yard\u0131m etsin\",\"datePublished\":\"2020-11-16T13:13:20+00:00\",\"mainEntityOfPage\":{\"@id\":\"https:\\\/\\\/www.meydan.tv\\\/az\\\/article\\\/yarali-esgerin-atasi-isteyirem-ki-hokumetimiz-iyne-dermanla-bagli-yardim-etsin\\\/\"},\"wordCount\":966,\"publisher\":{\"@id\":\"https:\\\/\\\/www.meydan.tv\\\/az\\\/#organization\"},\"image\":{\"@id\":\"https:\\\/\\\/www.meydan.tv\\\/az\\\/article\\\/yarali-esgerin-atasi-isteyirem-ki-hokumetimiz-iyne-dermanla-bagli-yardim-etsin\\\/#primaryimage\"},\"thumbnailUrl\":\"https:\\\/\\\/www.meydan.tv\\\/wp-content\\\/uploads\\\/125475036_2762274680759574_8671014596879454135_o.jpg\",\"articleSection\":[\"B\u00f6lg\u0259\"],\"inLanguage\":\"az\"},{\"@type\":\"WebPage\",\"@id\":\"https:\\\/\\\/www.meydan.tv\\\/az\\\/article\\\/yarali-esgerin-atasi-isteyirem-ki-hokumetimiz-iyne-dermanla-bagli-yardim-etsin\\\/\",\"url\":\"https:\\\/\\\/www.meydan.tv\\\/az\\\/article\\\/yarali-esgerin-atasi-isteyirem-ki-hokumetimiz-iyne-dermanla-bagli-yardim-etsin\\\/\",\"name\":\"Yaral\u0131 \u0259sg\u0259rin atas\u0131: \u0130st\u0259yir\u0259m ki, h\u00f6kum\u0259timiz iyn\u0259-d\u0259rmanla ba\u011fl\u0131 yard\u0131m etsin - MEYDAN.TV\",\"isPartOf\":{\"@id\":\"https:\\\/\\\/www.meydan.tv\\\/az\\\/#website\"},\"primaryImageOfPage\":{\"@id\":\"https:\\\/\\\/www.meydan.tv\\\/az\\\/article\\\/yarali-esgerin-atasi-isteyirem-ki-hokumetimiz-iyne-dermanla-bagli-yardim-etsin\\\/#primaryimage\"},\"image\":{\"@id\":\"https:\\\/\\\/www.meydan.tv\\\/az\\\/article\\\/yarali-esgerin-atasi-isteyirem-ki-hokumetimiz-iyne-dermanla-bagli-yardim-etsin\\\/#primaryimage\"},\"thumbnailUrl\":\"https:\\\/\\\/www.meydan.tv\\\/wp-content\\\/uploads\\\/125475036_2762274680759574_8671014596879454135_o.jpg\",\"datePublished\":\"2020-11-16T13:13:20+00:00\",\"breadcrumb\":{\"@id\":\"https:\\\/\\\/www.meydan.tv\\\/az\\\/article\\\/yarali-esgerin-atasi-isteyirem-ki-hokumetimiz-iyne-dermanla-bagli-yardim-etsin\\\/#breadcrumb\"},\"inLanguage\":\"az\",\"potentialAction\":[{\"@type\":\"ReadAction\",\"target\":[\"https:\\\/\\\/www.meydan.tv\\\/az\\\/article\\\/yarali-esgerin-atasi-isteyirem-ki-hokumetimiz-iyne-dermanla-bagli-yardim-etsin\\\/\"]}]},{\"@type\":\"ImageObject\",\"inLanguage\":\"az\",\"@id\":\"https:\\\/\\\/www.meydan.tv\\\/az\\\/article\\\/yarali-esgerin-atasi-isteyirem-ki-hokumetimiz-iyne-dermanla-bagli-yardim-etsin\\\/#primaryimage\",\"url\":\"https:\\\/\\\/www.meydan.tv\\\/wp-content\\\/uploads\\\/125475036_2762274680759574_8671014596879454135_o.jpg\",\"contentUrl\":\"https:\\\/\\\/www.meydan.tv\\\/wp-content\\\/uploads\\\/125475036_2762274680759574_8671014596879454135_o.jpg\",\"width\":1021,\"height\":483,\"caption\":\"Source: Specify Source\"},{\"@type\":\"BreadcrumbList\",\"@id\":\"https:\\\/\\\/www.meydan.tv\\\/az\\\/article\\\/yarali-esgerin-atasi-isteyirem-ki-hokumetimiz-iyne-dermanla-bagli-yardim-etsin\\\/#breadcrumb\",\"itemListElement\":[{\"@type\":\"ListItem\",\"position\":1,\"name\":\"Ana s\u0259hif\u0259\",\"item\":\"https:\\\/\\\/www.meydan.tv\\\/az\\\/\"},{\"@type\":\"ListItem\",\"position\":2,\"name\":\"B\u00f6lg\u0259\",\"item\":\"https:\\\/\\\/www.meydan.tv\\\/az\\\/section\\\/bolge\\\/\"},{\"@type\":\"ListItem\",\"position\":3,\"name\":\"Yaral\u0131 \u0259sg\u0259rin atas\u0131: \u0130st\u0259yir\u0259m ki, h\u00f6kum\u0259timiz iyn\u0259-d\u0259rmanla ba\u011fl\u0131 yard\u0131m etsin\"}]},{\"@type\":\"WebSite\",\"@id\":\"https:\\\/\\\/www.meydan.tv\\\/az\\\/#website\",\"url\":\"https:\\\/\\\/www.meydan.tv\\\/az\\\/\",\"name\":\"MEYDAN.TV\",\"description\":\"Meydan TV Az\u0259rbaycan\u0131n media m\u0259kan\u0131ndak\u0131 alternativ s\u0259sidir\",\"publisher\":{\"@id\":\"https:\\\/\\\/www.meydan.tv\\\/az\\\/#organization\"},\"potentialAction\":[{\"@type\":\"SearchAction\",\"target\":{\"@type\":\"EntryPoint\",\"urlTemplate\":\"https:\\\/\\\/www.meydan.tv\\\/az\\\/?s={search_term_string}\"},\"query-input\":{\"@type\":\"PropertyValueSpecification\",\"valueRequired\":true,\"valueName\":\"search_term_string\"}}],\"inLanguage\":\"az\"},{\"@type\":\"Organization\",\"@id\":\"https:\\\/\\\/www.meydan.tv\\\/az\\\/#organization\",\"name\":\"Meydan TV\",\"url\":\"https:\\\/\\\/www.meydan.tv\\\/az\\\/\",\"logo\":{\"@type\":\"ImageObject\",\"inLanguage\":\"az\",\"@id\":\"https:\\\/\\\/www.meydan.tv\\\/az\\\/#\\\/schema\\\/logo\\\/image\\\/\",\"url\":\"https:\\\/\\\/www.meydan.tv\\\/wp-content\\\/uploads\\\/2021\\\/07\\\/meydan-logo.svg\",\"contentUrl\":\"https:\\\/\\\/www.meydan.tv\\\/wp-content\\\/uploads\\\/2021\\\/07\\\/meydan-logo.svg\",\"width\":195,\"height\":46,\"caption\":\"Meydan TV\"},\"image\":{\"@id\":\"https:\\\/\\\/www.meydan.tv\\\/az\\\/#\\\/schema\\\/logo\\\/image\\\/\"}},{\"@type\":\"Person\",\"@id\":\"https:\\\/\\\/www.meydan.tv\\\/az\\\/#\\\/schema\\\/person\\\/10d11eccf6da3662cf5fdab9806ea91a\",\"name\":\"user-manager\"}]}<\/script>\n<!-- \/ Yoast SEO plugin. -->","yoast_head_json":{"title":"Yaral\u0131 \u0259sg\u0259rin atas\u0131: \u0130st\u0259yir\u0259m ki, h\u00f6kum\u0259timiz iyn\u0259-d\u0259rmanla ba\u011fl\u0131 yard\u0131m etsin - MEYDAN.TV","robots":{"index":"index","follow":"follow","max-snippet":"max-snippet:-1","max-image-preview":"max-image-preview:large","max-video-preview":"max-video-preview:-1"},"canonical":"https:\/\/www.meydan.tv\/az\/article\/yarali-esgerin-atasi-isteyirem-ki-hokumetimiz-iyne-dermanla-bagli-yardim-etsin\/","og_locale":"az_AZ","og_type":"article","og_title":"Yaral\u0131 \u0259sg\u0259rin atas\u0131: \u0130st\u0259yir\u0259m ki, h\u00f6kum\u0259timiz iyn\u0259-d\u0259rmanla ba\u011fl\u0131 yard\u0131m etsin - MEYDAN.TV","og_description":"\"Da\u015fdan, k\u0259rpicd\u0259n yox, taxtadan tikmi\u015f\u0259m, aras\u0131n\u0131 da pal\u00e7\u0131qla doldurmu\u015fam\"","og_url":"https:\/\/www.meydan.tv\/az\/article\/yarali-esgerin-atasi-isteyirem-ki-hokumetimiz-iyne-dermanla-bagli-yardim-etsin\/","og_site_name":"MEYDAN.TV","article_published_time":"2020-11-16T13:13:20+00:00","og_image":[{"width":1021,"height":483,"url":"https:\/\/www.meydan.tv\/wp-content\/uploads\/125475036_2762274680759574_8671014596879454135_o.jpg","type":"image\/jpeg"}],"author":"user-manager","twitter_card":"summary_large_image","schema":{"@context":"https:\/\/schema.org","@graph":[{"@type":"Article","@id":"https:\/\/www.meydan.tv\/az\/article\/yarali-esgerin-atasi-isteyirem-ki-hokumetimiz-iyne-dermanla-bagli-yardim-etsin\/#article","isPartOf":{"@id":"https:\/\/www.meydan.tv\/az\/article\/yarali-esgerin-atasi-isteyirem-ki-hokumetimiz-iyne-dermanla-bagli-yardim-etsin\/"},"author":{"name":"user-manager","@id":"https:\/\/www.meydan.tv\/az\/#\/schema\/person\/10d11eccf6da3662cf5fdab9806ea91a"},"headline":"Yaral\u0131 \u0259sg\u0259rin atas\u0131: \u0130st\u0259yir\u0259m ki, h\u00f6kum\u0259timiz iyn\u0259-d\u0259rmanla ba\u011fl\u0131 yard\u0131m etsin","datePublished":"2020-11-16T13:13:20+00:00","mainEntityOfPage":{"@id":"https:\/\/www.meydan.tv\/az\/article\/yarali-esgerin-atasi-isteyirem-ki-hokumetimiz-iyne-dermanla-bagli-yardim-etsin\/"},"wordCount":966,"publisher":{"@id":"https:\/\/www.meydan.tv\/az\/#organization"},"image":{"@id":"https:\/\/www.meydan.tv\/az\/article\/yarali-esgerin-atasi-isteyirem-ki-hokumetimiz-iyne-dermanla-bagli-yardim-etsin\/#primaryimage"},"thumbnailUrl":"https:\/\/www.meydan.tv\/wp-content\/uploads\/125475036_2762274680759574_8671014596879454135_o.jpg","articleSection":["B\u00f6lg\u0259"],"inLanguage":"az"},{"@type":"WebPage","@id":"https:\/\/www.meydan.tv\/az\/article\/yarali-esgerin-atasi-isteyirem-ki-hokumetimiz-iyne-dermanla-bagli-yardim-etsin\/","url":"https:\/\/www.meydan.tv\/az\/article\/yarali-esgerin-atasi-isteyirem-ki-hokumetimiz-iyne-dermanla-bagli-yardim-etsin\/","name":"Yaral\u0131 \u0259sg\u0259rin atas\u0131: \u0130st\u0259yir\u0259m ki, h\u00f6kum\u0259timiz iyn\u0259-d\u0259rmanla ba\u011fl\u0131 yard\u0131m etsin - MEYDAN.TV","isPartOf":{"@id":"https:\/\/www.meydan.tv\/az\/#website"},"primaryImageOfPage":{"@id":"https:\/\/www.meydan.tv\/az\/article\/yarali-esgerin-atasi-isteyirem-ki-hokumetimiz-iyne-dermanla-bagli-yardim-etsin\/#primaryimage"},"image":{"@id":"https:\/\/www.meydan.tv\/az\/article\/yarali-esgerin-atasi-isteyirem-ki-hokumetimiz-iyne-dermanla-bagli-yardim-etsin\/#primaryimage"},"thumbnailUrl":"https:\/\/www.meydan.tv\/wp-content\/uploads\/125475036_2762274680759574_8671014596879454135_o.jpg","datePublished":"2020-11-16T13:13:20+00:00","breadcrumb":{"@id":"https:\/\/www.meydan.tv\/az\/article\/yarali-esgerin-atasi-isteyirem-ki-hokumetimiz-iyne-dermanla-bagli-yardim-etsin\/#breadcrumb"},"inLanguage":"az","potentialAction":[{"@type":"ReadAction","target":["https:\/\/www.meydan.tv\/az\/article\/yarali-esgerin-atasi-isteyirem-ki-hokumetimiz-iyne-dermanla-bagli-yardim-etsin\/"]}]},{"@type":"ImageObject","inLanguage":"az","@id":"https:\/\/www.meydan.tv\/az\/article\/yarali-esgerin-atasi-isteyirem-ki-hokumetimiz-iyne-dermanla-bagli-yardim-etsin\/#primaryimage","url":"https:\/\/www.meydan.tv\/wp-content\/uploads\/125475036_2762274680759574_8671014596879454135_o.jpg","contentUrl":"https:\/\/www.meydan.tv\/wp-content\/uploads\/125475036_2762274680759574_8671014596879454135_o.jpg","width":1021,"height":483,"caption":"Source: Specify Source"},{"@type":"BreadcrumbList","@id":"https:\/\/www.meydan.tv\/az\/article\/yarali-esgerin-atasi-isteyirem-ki-hokumetimiz-iyne-dermanla-bagli-yardim-etsin\/#breadcrumb","itemListElement":[{"@type":"ListItem","position":1,"name":"Ana s\u0259hif\u0259","item":"https:\/\/www.meydan.tv\/az\/"},{"@type":"ListItem","position":2,"name":"B\u00f6lg\u0259","item":"https:\/\/www.meydan.tv\/az\/section\/bolge\/"},{"@type":"ListItem","position":3,"name":"Yaral\u0131 \u0259sg\u0259rin atas\u0131: \u0130st\u0259yir\u0259m ki, h\u00f6kum\u0259timiz iyn\u0259-d\u0259rmanla ba\u011fl\u0131 yard\u0131m etsin"}]},{"@type":"WebSite","@id":"https:\/\/www.meydan.tv\/az\/#website","url":"https:\/\/www.meydan.tv\/az\/","name":"MEYDAN.TV","description":"Meydan TV Az\u0259rbaycan\u0131n media m\u0259kan\u0131ndak\u0131 alternativ s\u0259sidir","publisher":{"@id":"https:\/\/www.meydan.tv\/az\/#organization"},"potentialAction":[{"@type":"SearchAction","target":{"@type":"EntryPoint","urlTemplate":"https:\/\/www.meydan.tv\/az\/?s={search_term_string}"},"query-input":{"@type":"PropertyValueSpecification","valueRequired":true,"valueName":"search_term_string"}}],"inLanguage":"az"},{"@type":"Organization","@id":"https:\/\/www.meydan.tv\/az\/#organization","name":"Meydan TV","url":"https:\/\/www.meydan.tv\/az\/","logo":{"@type":"ImageObject","inLanguage":"az","@id":"https:\/\/www.meydan.tv\/az\/#\/schema\/logo\/image\/","url":"https:\/\/www.meydan.tv\/wp-content\/uploads\/2021\/07\/meydan-logo.svg","contentUrl":"https:\/\/www.meydan.tv\/wp-content\/uploads\/2021\/07\/meydan-logo.svg","width":195,"height":46,"caption":"Meydan TV"},"image":{"@id":"https:\/\/www.meydan.tv\/az\/#\/schema\/logo\/image\/"}},{"@type":"Person","@id":"https:\/\/www.meydan.tv\/az\/#\/schema\/person\/10d11eccf6da3662cf5fdab9806ea91a","name":"user-manager"}]}},"_links":{"self":[{"href":"https:\/\/www.meydan.tv\/az\/wp-json\/wp\/v2\/posts\/203614","targetHints":{"allow":["GET"]}}],"collection":[{"href":"https:\/\/www.meydan.tv\/az\/wp-json\/wp\/v2\/posts"}],"about":[{"href":"https:\/\/www.meydan.tv\/az\/wp-json\/wp\/v2\/types\/post"}],"author":[{"embeddable":true,"href":"https:\/\/www.meydan.tv\/az\/wp-json\/wp\/v2\/users\/11"}],"replies":[{"embeddable":true,"href":"https:\/\/www.meydan.tv\/az\/wp-json\/wp\/v2\/comments?post=203614"}],"version-history":[{"count":0,"href":"https:\/\/www.meydan.tv\/az\/wp-json\/wp\/v2\/posts\/203614\/revisions"}],"wp:featuredmedia":[{"embeddable":true,"href":"https:\/\/www.meydan.tv\/az\/wp-json\/wp\/v2\/media\/151601"}],"wp:attachment":[{"href":"https:\/\/www.meydan.tv\/az\/wp-json\/wp\/v2\/media?parent=203614"}],"wp:term":[{"taxonomy":"category","embeddable":true,"href":"https:\/\/www.meydan.tv\/az\/wp-json\/wp\/v2\/categories?post=203614"},{"taxonomy":"post_tag","embeddable":true,"href":"https:\/\/www.meydan.tv\/az\/wp-json\/wp\/v2\/tags?post=203614"}],"curies":[{"name":"wp","href":"https:\/\/api.w.org\/{rel}","templated":true}]}}