{"id":203613,"date":"2020-11-16T13:36:34","date_gmt":"2020-11-16T13:36:34","guid":{"rendered":"https:\/\/www.meydan.tv\/article\/imisli-sakini-idarelerin-qapilari-esl-ehtiyaci-olanlarin-uzune-qapali-olur\/"},"modified":"2020-11-16T13:36:34","modified_gmt":"2020-11-16T13:36:34","slug":"imisli-sakini-idarelerin-qapilari-esl-ehtiyaci-olanlarin-uzune-qapali-olur","status":"publish","type":"post","link":"https:\/\/www.meydan.tv\/az\/article\/imisli-sakini-idarelerin-qapilari-esl-ehtiyaci-olanlarin-uzune-qapali-olur\/","title":{"rendered":"\u0130mi\u015fli sakini: \u0130dar\u0259l\u0259rin qap\u0131lar\u0131 \u0259sl ehtiyac\u0131 olanlar\u0131n \u00fcz\u00fcn\u0259 qapal\u0131 olur"},"content":{"rendered":"<p>\n  <i><br \/>\n    \u201cPrezident \u00f6z\u00fcn\u00fcm\u0259\u015f\u011fulluq proqram\u0131n\u0131 yarad\u0131b ki, kas\u0131blara \u0259l tutulsun\u201d<br \/>\n  <\/i>\n<\/p>\n<p>\n  \u0130mi\u015flinin \u00c7ax\u0131rl\u0131 k\u0259ndind\u0259 ya\u015fayan Babayevl\u0259r ail\u0259si \u00f6vladlar\u0131n\u0131 m\u0259kt\u0259b\u0259 g\u00f6nd\u0259r\u0259 bilmir. S\u0259b\u0259b pulsuzluq, imkans\u0131zl\u0131qd\u0131r. Ail\u0259 ba\u015f\u00e7\u0131s\u0131 Elbrus Babayev i\u015fsiz oldu\u011funu deyir. Buna g\u00f6r\u0259 \u018fm\u0259k v\u0259 \u018fhalinin Sosial M\u00fcdafi\u0259si Nazirliyi D\u00f6vl\u0259t M\u0259\u015f\u011fulluq Xidm\u0259tinin \u0130mi\u015fli rayon \u015f\u00f6b\u0259sin\u0259 d\u0259f\u0259l\u0259rl\u0259 m\u00fcraci\u0259t etdiyini s\u00f6yl\u0259yir.\n<\/p>\n<p>\n  \u201cAncaq m\u0259n\u0259 bir i\u015f tap\u0131lm\u0131r. G\u00fcnd\u0259lik f\u0259hl\u0259lik edim deyir\u0259m. O da, indiki d\u00f6vrd\u0259 he\u00e7 kim f\u0259hl\u0259 i\u015fl\u0259tmir, ham\u0131 i\u015fini \u00f6z\u00fc g\u00f6r\u00fcr. Ax\u0131rda m\u0259\u015f\u011fullu\u011fa dedim ki, m\u0259ni nazirliyin \u00d6z\u00fcn\u00fcm\u0259\u015f\u011fulluq Proqram\u0131na qo\u015fsunlar. M\u0259n\u0259 d\u0259 t\u0259lim ke\u00e7ilsin, biznes-plan yaz\u0131m, heyvan al\u0131m saxlay\u0131m. He\u00e7 olmasa s\u00fcd\u00fcnd\u0259n, qat\u0131\u011f\u0131ndan, pendirind\u0259n, n\u0259 bilim, balas\u0131ndan sat\u0131b \u00f6vladlar\u0131m\u0131, ail\u0259mi doland\u0131raram. Konkret bir \u015fey dem\u0259dil\u0259r. Uzun m\u00fcdd\u0259t s\u0259n\u0259d d\u00fcz\u0259ltdim, apard\u0131m verdim. Get-g\u0259l\u0259 sald\u0131lar. Bug\u00fcn\u0259d\u0259k bir x\u0259b\u0259r \u00e7\u0131xmay\u0131b\u201d, \u2013 Elbrus Babayev bildirir.\n<\/p>\n<p>\n  \u015eikay\u0259t\u00e7i \u0259lav\u0259 edir ki, ax\u0131r\u0131nc\u0131 d\u0259f\u0259 m\u0259\u015f\u011fullu\u011fa ged\u0259nd\u0259 ona bildirilib ki, \u018fm\u0259k v\u0259 \u018fhalinin Sosial M\u00fcdafi\u0259si Nazirliyinin tabeliyind\u0259 &quot;Dayan\u0131ql\u0131 v\u0259 Operativ Sosial T\u0259minat Agentliyi&quot;n\u0259 (DOST) m\u00fcraci\u0259t etsin. Orada ona i\u015f tap\u0131lana q\u0259d\u0259r d\u0259st\u0259k olacaqlar. Ancaq Elbrus Babayev deyir ki, ne\u00e7\u0259 d\u0259f\u0259 gedib, h\u0259r d\u0259f\u0259sind\u0259 m\u0259rk\u0259zin qap\u0131lar\u0131 ba\u011fl\u0131 olub:\n<\/p>\n<p>\n  \u201c\u00dcmumiyy\u0259tl\u0259, bu c\u00fcr qap\u0131lar ad\u0259t\u0259n \u0259sl ehtiyac\u0131 olanlar\u0131n \u00fcz\u00fcn\u0259 qapal\u0131 olur. Bir s\u00f6zl\u0259, al\u0131nmad\u0131\u201d.\n<\/p>\n<p>\n  Elbrus Babayev deyir ki, i\u015f, i\u015f tapana q\u0259d\u0259r k\u00f6m\u0259k etm\u0259kl\u0259ri \u00f6zl\u0259rin\u0259 qals\u0131n, he\u00e7 olmasa ona heyvan verilsin:\n<\/p>\n<p>\n  \u201cPrezident bu proqram\u0131 yarad\u0131b ki, kas\u0131blara \u0259l tutulsun. Tutulmur. Kas\u0131b\u0131n v\u0259zif\u0259si el\u0259 kas\u0131b qalmaqd\u0131r. Ax\u0131r\u0131nc\u0131 d\u0259f\u0259 m\u0259\u015f\u011fulluqdan m\u0259n\u0259 dedil\u0259r ki, hara yaz\u0131rsan yaz, biz\u0259 g\u0259lir. \u0130st\u0259diyimizi ed\u0259c\u0259yik. Dolan\u0131\u015f\u0131q, i\u015f d\u0259 yoxdur. D\u0259f\u0259l\u0259rl\u0259 b\u0259l\u0259diyy\u0259y\u0259 d\u0259 m\u00fcraci\u0259t etmi\u015f\u0259m. Deyir, \u201ci\u015f yoxdur\u201d. H\u0259r yer\u0259 m\u0259ktublar yazm\u0131\u015fam. He\u00e7 biri i\u015f\u0259 yaramay\u0131b. Bak\u0131ya yaz\u0131rsan g\u00f6nd\u0259rirl\u0259r bura. Burdak\u0131lar da baxm\u0131r. Sosial da vermir ki, siz\u0259 d\u00fc\u015fm\u00fcr. H\u0259r yerd\u0259n \u0259limizi \u00fcz\u00fcb oturmu\u015fuq\u201d.\n<\/p>\n<p>\n  Babayevl\u0259r ail\u0259sinin 3 q\u0131z\u0131, 1 o\u011flu var. B\u00f6y\u00fck u\u015fa\u011f\u0131n 15, ki\u00e7iyinin 6 ya\u015f\u0131 var. Evin xan\u0131m\u0131 R\u0259\u015fad\u0259 Babayeva deyir ki, u\u015faqlar\u0131na t\u0259hsil verm\u0259k arzusudur. Amma indiki v\u0259ziyy\u0259td\u0259 bu, m\u00fcmk\u00fcn g\u00f6r\u00fcnm\u00fcr:\n<\/p>\n<figure class=\"wp-block-image size-large\">\n  <img decoding=\"async\" src=\"https:\/\/www.meydan.tv\/az\/img_2413-jpg-2\/\" alt=\"img_2413.jpg\" class=\"wp-image-151634\"\/><figcaption>\n    &#8220;Uzun m\u00fcdd\u0259t s\u0259n\u0259d d\u00fcz\u0259ltdim, apard\u0131m verdim&#8221;<br \/>\n  <\/figcaption><\/figure>\n<p>\n  \u201c\u00c7\u00fcnki u\u015faqlar\u0131 m\u0259kt\u0259b\u0259 g\u00f6nd\u0259r\u0259 bilmir\u0259m. Ki\u00e7ik 1-ci sinf\u0259 gedir. Xeyli ehtiyac\u0131 var. B\u00f6y\u00fck is\u0259 9-da oxuyur. Universitet \u00fc\u00e7\u00fcn g\u0259r\u0259k indid\u0259n haz\u0131rla\u015fs\u0131n. Bizim is\u0259 bu arzular\u0131n, ist\u0259kl\u0259rin, ehtiyaclar\u0131n qar\u015f\u0131l\u0131\u011f\u0131nda pulumuz yoxdur. N\u0259inki ehtiyaclar\u0131 almaq, haz\u0131rl\u0131\u011fa qoymaq, m\u0259kt\u0259b\u0259 g\u00f6nd\u0259rm\u0259y\u0259 g\u00fcc\u00fcm\u00fcz \u00e7at\u0131r ki?\u201d\n<\/p>\n<p>\n  R\u0259\u015fad\u0259 Babayeva deyir ki, u\u015faqlar\u0131 yax\u015f\u0131 oxuyur, m\u00fc\u0259lliml\u0259ri h\u0259mi\u015f\u0259 t\u0259rifl\u0259yir. Di g\u0259l ki, i\u015fsizlik, imkans\u0131zl\u0131q onlara t\u0259hsil verm\u0259l\u0259rini m\u00fcmk\u00fcns\u00fcz edir:\n<\/p>\n<p>\n  \u201cH\u0259l\u0259 onu deyim. Bir ara dedil\u0259r \u201conline\u201d t\u0259hsil olacaq. O komp\u00fcter var ha, biz he\u00e7 onun yax\u0131n\u0131ndan da ke\u00e7\u0259 bilm\u0259rik. N\u0259 g\u0259zir bizd\u0259? \u018fyin-ba\u015flar\u0131n\u0131 ala bilmirik. Qohum u\u015faqlar\u0131n k\u00f6hn\u0259si il\u0259 b\u00f6y\u00fcy\u00fcbl\u0259r. O da, olanda\u201d.\n<\/p>\n<p>\n  Babayevl\u0259r ail\u0259si \u00f6vladlar\u0131n\u0131n g\u0259l\u0259c\u0259yini d\u00fc\u015f\u00fcn\u00fcrl\u0259r. Ancaq \u0259ll\u0259rind\u0259n he\u00e7 n\u0259 g\u0259lm\u0259diyini deyirl\u0259r:\n<\/p>\n<p>\n  \u201cVallah, \u00e7al\u0131\u015fd\u0131q, \u00e7abalad\u0131q, h\u0259r yer\u0259 m\u00fcraci\u0259t etdik. \u0130\u015f tapa bilm\u0259dik. 2018-ci ild\u0259n is\u0259 m\u0259\u015f\u011fullu\u011fa m\u00fcraci\u0259t etmi\u015fik ki, heyvan versinl\u0259r. Bizi get-g\u0259l\u0259 sal\u0131blar. Vermirl\u0259r, bir a\u00e7\u0131qlamas\u0131 da yoxdur. Bilirsiz, o heyvanlar\u0131 da bir az h\u00f6rm\u0259t ed\u0259n\u0259 verirl\u0259r. Bizim kimi \u0259sl ehtiyac\u0131 olanlar da qal\u0131r k\u0259narda. Bir s\u00f6zl\u0259, dem\u0259yim odur ki, \u00e7ox \u00e7al\u0131\u015fd\u0131q h\u0259 \u015fey bo\u015f \u00e7\u0131xd\u0131. \u0130ndi susub oturmu\u015fuq, \u00fcmid qalmay\u0131b\u201d.\n<\/p>\n<p>\n  \u0130mi\u015fli Rayon M\u0259\u015f\u011fulluq M\u0259rk\u0259zind\u0259n Meydan TV-y\u0259 ail\u0259nin probleml\u0259rini v\u0259 h\u0259qiq\u0259t\u0259n m\u0259rk\u0259z\u0259 m\u00fcraci\u0259t edib-etm\u0259dikl\u0259rini ara\u015fd\u0131racaqlar\u0131n\u0131, bununla ba\u011fl\u0131 a\u00e7\u0131qlama ver\u0259c\u0259kl\u0259rini bildirs\u0259l\u0259r d\u0259, sonradan z\u0259ngl\u0259r\u0259 cavab verm\u0259yibl\u0259r.<\/p>\n","protected":false},"excerpt":{"rendered":"<p>\u201cN\u0259inki ehtiyaclar\u0131 almaq, haz\u0131rl\u0131\u011fa qoymaq, m\u0259kt\u0259b\u0259 g\u00f6nd\u0259rm\u0259y\u0259 g\u00fcc\u00fcm\u00fcz \u00e7at\u0131r ki?\u201d<\/p>\n","protected":false},"author":11,"featured_media":151619,"comment_status":"closed","ping_status":"open","sticky":false,"template":"","format":"standard","meta":{"_acf_changed":false,"_sitemap_exclude":false,"_sitemap_priority":"","_sitemap_frequency":"","footnotes":""},"categories":[60],"tags":[],"class_list":["post-203613","post","type-post","status-publish","format-standard","has-post-thumbnail","hentry","category-bolge","infinite-scroll-item","generate-columns","tablet-grid-50","mobile-grid-100","grid-parent","grid-33","no-featured-image-padding"],"acf":[],"yoast_head":"<!-- This site is optimized with the Yoast SEO plugin v27.5 - https:\/\/yoast.com\/product\/yoast-seo-wordpress\/ -->\n<title>\u0130mi\u015fli sakini: \u0130dar\u0259l\u0259rin qap\u0131lar\u0131 \u0259sl ehtiyac\u0131 olanlar\u0131n \u00fcz\u00fcn\u0259 qapal\u0131 olur - MEYDAN.TV<\/title>\n<meta name=\"robots\" content=\"index, follow, max-snippet:-1, max-image-preview:large, max-video-preview:-1\" \/>\n<link rel=\"canonical\" href=\"https:\/\/www.meydan.tv\/az\/article\/imisli-sakini-idarelerin-qapilari-esl-ehtiyaci-olanlarin-uzune-qapali-olur\/\" \/>\n<meta property=\"og:locale\" content=\"az_AZ\" \/>\n<meta property=\"og:type\" content=\"article\" \/>\n<meta property=\"og:title\" content=\"\u0130mi\u015fli sakini: \u0130dar\u0259l\u0259rin qap\u0131lar\u0131 \u0259sl ehtiyac\u0131 olanlar\u0131n \u00fcz\u00fcn\u0259 qapal\u0131 olur - MEYDAN.TV\" \/>\n<meta property=\"og:description\" content=\"\u201cN\u0259inki ehtiyaclar\u0131 almaq, haz\u0131rl\u0131\u011fa qoymaq, m\u0259kt\u0259b\u0259 g\u00f6nd\u0259rm\u0259y\u0259 g\u00fcc\u00fcm\u00fcz \u00e7at\u0131r ki?\u201d\" \/>\n<meta property=\"og:url\" content=\"https:\/\/www.meydan.tv\/az\/article\/imisli-sakini-idarelerin-qapilari-esl-ehtiyaci-olanlarin-uzune-qapali-olur\/\" \/>\n<meta property=\"og:site_name\" content=\"MEYDAN.TV\" \/>\n<meta property=\"article:published_time\" content=\"2020-11-16T13:36:34+00:00\" \/>\n<meta property=\"og:image\" content=\"https:\/\/www.meydan.tv\/wp-content\/uploads\/img_2412.jpg\" \/>\n\t<meta property=\"og:image:width\" content=\"1032\" \/>\n\t<meta property=\"og:image:height\" content=\"774\" \/>\n\t<meta property=\"og:image:type\" content=\"image\/jpeg\" \/>\n<meta name=\"author\" content=\"user-manager\" \/>\n<meta name=\"twitter:card\" content=\"summary_large_image\" \/>\n<script type=\"application\/ld+json\" class=\"yoast-schema-graph\">{\"@context\":\"https:\\\/\\\/schema.org\",\"@graph\":[{\"@type\":\"Article\",\"@id\":\"https:\\\/\\\/www.meydan.tv\\\/az\\\/article\\\/imisli-sakini-idarelerin-qapilari-esl-ehtiyaci-olanlarin-uzune-qapali-olur\\\/#article\",\"isPartOf\":{\"@id\":\"https:\\\/\\\/www.meydan.tv\\\/az\\\/article\\\/imisli-sakini-idarelerin-qapilari-esl-ehtiyaci-olanlarin-uzune-qapali-olur\\\/\"},\"author\":{\"name\":\"user-manager\",\"@id\":\"https:\\\/\\\/www.meydan.tv\\\/az\\\/#\\\/schema\\\/person\\\/10d11eccf6da3662cf5fdab9806ea91a\"},\"headline\":\"\u0130mi\u015fli sakini: \u0130dar\u0259l\u0259rin qap\u0131lar\u0131 \u0259sl ehtiyac\u0131 olanlar\u0131n \u00fcz\u00fcn\u0259 qapal\u0131 olur\",\"datePublished\":\"2020-11-16T13:36:34+00:00\",\"mainEntityOfPage\":{\"@id\":\"https:\\\/\\\/www.meydan.tv\\\/az\\\/article\\\/imisli-sakini-idarelerin-qapilari-esl-ehtiyaci-olanlarin-uzune-qapali-olur\\\/\"},\"wordCount\":861,\"publisher\":{\"@id\":\"https:\\\/\\\/www.meydan.tv\\\/az\\\/#organization\"},\"image\":{\"@id\":\"https:\\\/\\\/www.meydan.tv\\\/az\\\/article\\\/imisli-sakini-idarelerin-qapilari-esl-ehtiyaci-olanlarin-uzune-qapali-olur\\\/#primaryimage\"},\"thumbnailUrl\":\"https:\\\/\\\/www.meydan.tv\\\/wp-content\\\/uploads\\\/img_2412.jpg\",\"articleSection\":[\"B\u00f6lg\u0259\"],\"inLanguage\":\"az\"},{\"@type\":\"WebPage\",\"@id\":\"https:\\\/\\\/www.meydan.tv\\\/az\\\/article\\\/imisli-sakini-idarelerin-qapilari-esl-ehtiyaci-olanlarin-uzune-qapali-olur\\\/\",\"url\":\"https:\\\/\\\/www.meydan.tv\\\/az\\\/article\\\/imisli-sakini-idarelerin-qapilari-esl-ehtiyaci-olanlarin-uzune-qapali-olur\\\/\",\"name\":\"\u0130mi\u015fli sakini: \u0130dar\u0259l\u0259rin qap\u0131lar\u0131 \u0259sl ehtiyac\u0131 olanlar\u0131n \u00fcz\u00fcn\u0259 qapal\u0131 olur - MEYDAN.TV\",\"isPartOf\":{\"@id\":\"https:\\\/\\\/www.meydan.tv\\\/az\\\/#website\"},\"primaryImageOfPage\":{\"@id\":\"https:\\\/\\\/www.meydan.tv\\\/az\\\/article\\\/imisli-sakini-idarelerin-qapilari-esl-ehtiyaci-olanlarin-uzune-qapali-olur\\\/#primaryimage\"},\"image\":{\"@id\":\"https:\\\/\\\/www.meydan.tv\\\/az\\\/article\\\/imisli-sakini-idarelerin-qapilari-esl-ehtiyaci-olanlarin-uzune-qapali-olur\\\/#primaryimage\"},\"thumbnailUrl\":\"https:\\\/\\\/www.meydan.tv\\\/wp-content\\\/uploads\\\/img_2412.jpg\",\"datePublished\":\"2020-11-16T13:36:34+00:00\",\"breadcrumb\":{\"@id\":\"https:\\\/\\\/www.meydan.tv\\\/az\\\/article\\\/imisli-sakini-idarelerin-qapilari-esl-ehtiyaci-olanlarin-uzune-qapali-olur\\\/#breadcrumb\"},\"inLanguage\":\"az\",\"potentialAction\":[{\"@type\":\"ReadAction\",\"target\":[\"https:\\\/\\\/www.meydan.tv\\\/az\\\/article\\\/imisli-sakini-idarelerin-qapilari-esl-ehtiyaci-olanlarin-uzune-qapali-olur\\\/\"]}]},{\"@type\":\"ImageObject\",\"inLanguage\":\"az\",\"@id\":\"https:\\\/\\\/www.meydan.tv\\\/az\\\/article\\\/imisli-sakini-idarelerin-qapilari-esl-ehtiyaci-olanlarin-uzune-qapali-olur\\\/#primaryimage\",\"url\":\"https:\\\/\\\/www.meydan.tv\\\/wp-content\\\/uploads\\\/img_2412.jpg\",\"contentUrl\":\"https:\\\/\\\/www.meydan.tv\\\/wp-content\\\/uploads\\\/img_2412.jpg\",\"width\":1032,\"height\":774,\"caption\":\"Source: Specify Source\"},{\"@type\":\"BreadcrumbList\",\"@id\":\"https:\\\/\\\/www.meydan.tv\\\/az\\\/article\\\/imisli-sakini-idarelerin-qapilari-esl-ehtiyaci-olanlarin-uzune-qapali-olur\\\/#breadcrumb\",\"itemListElement\":[{\"@type\":\"ListItem\",\"position\":1,\"name\":\"Ana s\u0259hif\u0259\",\"item\":\"https:\\\/\\\/www.meydan.tv\\\/az\\\/\"},{\"@type\":\"ListItem\",\"position\":2,\"name\":\"B\u00f6lg\u0259\",\"item\":\"https:\\\/\\\/www.meydan.tv\\\/az\\\/section\\\/bolge\\\/\"},{\"@type\":\"ListItem\",\"position\":3,\"name\":\"\u0130mi\u015fli sakini: \u0130dar\u0259l\u0259rin qap\u0131lar\u0131 \u0259sl ehtiyac\u0131 olanlar\u0131n \u00fcz\u00fcn\u0259 qapal\u0131 olur\"}]},{\"@type\":\"WebSite\",\"@id\":\"https:\\\/\\\/www.meydan.tv\\\/az\\\/#website\",\"url\":\"https:\\\/\\\/www.meydan.tv\\\/az\\\/\",\"name\":\"MEYDAN.TV\",\"description\":\"Meydan TV Az\u0259rbaycan\u0131n media m\u0259kan\u0131ndak\u0131 alternativ s\u0259sidir\",\"publisher\":{\"@id\":\"https:\\\/\\\/www.meydan.tv\\\/az\\\/#organization\"},\"potentialAction\":[{\"@type\":\"SearchAction\",\"target\":{\"@type\":\"EntryPoint\",\"urlTemplate\":\"https:\\\/\\\/www.meydan.tv\\\/az\\\/?s={search_term_string}\"},\"query-input\":{\"@type\":\"PropertyValueSpecification\",\"valueRequired\":true,\"valueName\":\"search_term_string\"}}],\"inLanguage\":\"az\"},{\"@type\":\"Organization\",\"@id\":\"https:\\\/\\\/www.meydan.tv\\\/az\\\/#organization\",\"name\":\"Meydan TV\",\"url\":\"https:\\\/\\\/www.meydan.tv\\\/az\\\/\",\"logo\":{\"@type\":\"ImageObject\",\"inLanguage\":\"az\",\"@id\":\"https:\\\/\\\/www.meydan.tv\\\/az\\\/#\\\/schema\\\/logo\\\/image\\\/\",\"url\":\"https:\\\/\\\/www.meydan.tv\\\/wp-content\\\/uploads\\\/2021\\\/07\\\/meydan-logo.svg\",\"contentUrl\":\"https:\\\/\\\/www.meydan.tv\\\/wp-content\\\/uploads\\\/2021\\\/07\\\/meydan-logo.svg\",\"width\":195,\"height\":46,\"caption\":\"Meydan TV\"},\"image\":{\"@id\":\"https:\\\/\\\/www.meydan.tv\\\/az\\\/#\\\/schema\\\/logo\\\/image\\\/\"}},{\"@type\":\"Person\",\"@id\":\"https:\\\/\\\/www.meydan.tv\\\/az\\\/#\\\/schema\\\/person\\\/10d11eccf6da3662cf5fdab9806ea91a\",\"name\":\"user-manager\"}]}<\/script>\n<!-- \/ Yoast SEO plugin. -->","yoast_head_json":{"title":"\u0130mi\u015fli sakini: \u0130dar\u0259l\u0259rin qap\u0131lar\u0131 \u0259sl ehtiyac\u0131 olanlar\u0131n \u00fcz\u00fcn\u0259 qapal\u0131 olur - MEYDAN.TV","robots":{"index":"index","follow":"follow","max-snippet":"max-snippet:-1","max-image-preview":"max-image-preview:large","max-video-preview":"max-video-preview:-1"},"canonical":"https:\/\/www.meydan.tv\/az\/article\/imisli-sakini-idarelerin-qapilari-esl-ehtiyaci-olanlarin-uzune-qapali-olur\/","og_locale":"az_AZ","og_type":"article","og_title":"\u0130mi\u015fli sakini: \u0130dar\u0259l\u0259rin qap\u0131lar\u0131 \u0259sl ehtiyac\u0131 olanlar\u0131n \u00fcz\u00fcn\u0259 qapal\u0131 olur - MEYDAN.TV","og_description":"\u201cN\u0259inki ehtiyaclar\u0131 almaq, haz\u0131rl\u0131\u011fa qoymaq, m\u0259kt\u0259b\u0259 g\u00f6nd\u0259rm\u0259y\u0259 g\u00fcc\u00fcm\u00fcz \u00e7at\u0131r ki?\u201d","og_url":"https:\/\/www.meydan.tv\/az\/article\/imisli-sakini-idarelerin-qapilari-esl-ehtiyaci-olanlarin-uzune-qapali-olur\/","og_site_name":"MEYDAN.TV","article_published_time":"2020-11-16T13:36:34+00:00","og_image":[{"width":1032,"height":774,"url":"https:\/\/www.meydan.tv\/wp-content\/uploads\/img_2412.jpg","type":"image\/jpeg"}],"author":"user-manager","twitter_card":"summary_large_image","schema":{"@context":"https:\/\/schema.org","@graph":[{"@type":"Article","@id":"https:\/\/www.meydan.tv\/az\/article\/imisli-sakini-idarelerin-qapilari-esl-ehtiyaci-olanlarin-uzune-qapali-olur\/#article","isPartOf":{"@id":"https:\/\/www.meydan.tv\/az\/article\/imisli-sakini-idarelerin-qapilari-esl-ehtiyaci-olanlarin-uzune-qapali-olur\/"},"author":{"name":"user-manager","@id":"https:\/\/www.meydan.tv\/az\/#\/schema\/person\/10d11eccf6da3662cf5fdab9806ea91a"},"headline":"\u0130mi\u015fli sakini: \u0130dar\u0259l\u0259rin qap\u0131lar\u0131 \u0259sl ehtiyac\u0131 olanlar\u0131n \u00fcz\u00fcn\u0259 qapal\u0131 olur","datePublished":"2020-11-16T13:36:34+00:00","mainEntityOfPage":{"@id":"https:\/\/www.meydan.tv\/az\/article\/imisli-sakini-idarelerin-qapilari-esl-ehtiyaci-olanlarin-uzune-qapali-olur\/"},"wordCount":861,"publisher":{"@id":"https:\/\/www.meydan.tv\/az\/#organization"},"image":{"@id":"https:\/\/www.meydan.tv\/az\/article\/imisli-sakini-idarelerin-qapilari-esl-ehtiyaci-olanlarin-uzune-qapali-olur\/#primaryimage"},"thumbnailUrl":"https:\/\/www.meydan.tv\/wp-content\/uploads\/img_2412.jpg","articleSection":["B\u00f6lg\u0259"],"inLanguage":"az"},{"@type":"WebPage","@id":"https:\/\/www.meydan.tv\/az\/article\/imisli-sakini-idarelerin-qapilari-esl-ehtiyaci-olanlarin-uzune-qapali-olur\/","url":"https:\/\/www.meydan.tv\/az\/article\/imisli-sakini-idarelerin-qapilari-esl-ehtiyaci-olanlarin-uzune-qapali-olur\/","name":"\u0130mi\u015fli sakini: \u0130dar\u0259l\u0259rin qap\u0131lar\u0131 \u0259sl ehtiyac\u0131 olanlar\u0131n \u00fcz\u00fcn\u0259 qapal\u0131 olur - MEYDAN.TV","isPartOf":{"@id":"https:\/\/www.meydan.tv\/az\/#website"},"primaryImageOfPage":{"@id":"https:\/\/www.meydan.tv\/az\/article\/imisli-sakini-idarelerin-qapilari-esl-ehtiyaci-olanlarin-uzune-qapali-olur\/#primaryimage"},"image":{"@id":"https:\/\/www.meydan.tv\/az\/article\/imisli-sakini-idarelerin-qapilari-esl-ehtiyaci-olanlarin-uzune-qapali-olur\/#primaryimage"},"thumbnailUrl":"https:\/\/www.meydan.tv\/wp-content\/uploads\/img_2412.jpg","datePublished":"2020-11-16T13:36:34+00:00","breadcrumb":{"@id":"https:\/\/www.meydan.tv\/az\/article\/imisli-sakini-idarelerin-qapilari-esl-ehtiyaci-olanlarin-uzune-qapali-olur\/#breadcrumb"},"inLanguage":"az","potentialAction":[{"@type":"ReadAction","target":["https:\/\/www.meydan.tv\/az\/article\/imisli-sakini-idarelerin-qapilari-esl-ehtiyaci-olanlarin-uzune-qapali-olur\/"]}]},{"@type":"ImageObject","inLanguage":"az","@id":"https:\/\/www.meydan.tv\/az\/article\/imisli-sakini-idarelerin-qapilari-esl-ehtiyaci-olanlarin-uzune-qapali-olur\/#primaryimage","url":"https:\/\/www.meydan.tv\/wp-content\/uploads\/img_2412.jpg","contentUrl":"https:\/\/www.meydan.tv\/wp-content\/uploads\/img_2412.jpg","width":1032,"height":774,"caption":"Source: Specify Source"},{"@type":"BreadcrumbList","@id":"https:\/\/www.meydan.tv\/az\/article\/imisli-sakini-idarelerin-qapilari-esl-ehtiyaci-olanlarin-uzune-qapali-olur\/#breadcrumb","itemListElement":[{"@type":"ListItem","position":1,"name":"Ana s\u0259hif\u0259","item":"https:\/\/www.meydan.tv\/az\/"},{"@type":"ListItem","position":2,"name":"B\u00f6lg\u0259","item":"https:\/\/www.meydan.tv\/az\/section\/bolge\/"},{"@type":"ListItem","position":3,"name":"\u0130mi\u015fli sakini: \u0130dar\u0259l\u0259rin qap\u0131lar\u0131 \u0259sl ehtiyac\u0131 olanlar\u0131n \u00fcz\u00fcn\u0259 qapal\u0131 olur"}]},{"@type":"WebSite","@id":"https:\/\/www.meydan.tv\/az\/#website","url":"https:\/\/www.meydan.tv\/az\/","name":"MEYDAN.TV","description":"Meydan TV Az\u0259rbaycan\u0131n media m\u0259kan\u0131ndak\u0131 alternativ s\u0259sidir","publisher":{"@id":"https:\/\/www.meydan.tv\/az\/#organization"},"potentialAction":[{"@type":"SearchAction","target":{"@type":"EntryPoint","urlTemplate":"https:\/\/www.meydan.tv\/az\/?s={search_term_string}"},"query-input":{"@type":"PropertyValueSpecification","valueRequired":true,"valueName":"search_term_string"}}],"inLanguage":"az"},{"@type":"Organization","@id":"https:\/\/www.meydan.tv\/az\/#organization","name":"Meydan TV","url":"https:\/\/www.meydan.tv\/az\/","logo":{"@type":"ImageObject","inLanguage":"az","@id":"https:\/\/www.meydan.tv\/az\/#\/schema\/logo\/image\/","url":"https:\/\/www.meydan.tv\/wp-content\/uploads\/2021\/07\/meydan-logo.svg","contentUrl":"https:\/\/www.meydan.tv\/wp-content\/uploads\/2021\/07\/meydan-logo.svg","width":195,"height":46,"caption":"Meydan TV"},"image":{"@id":"https:\/\/www.meydan.tv\/az\/#\/schema\/logo\/image\/"}},{"@type":"Person","@id":"https:\/\/www.meydan.tv\/az\/#\/schema\/person\/10d11eccf6da3662cf5fdab9806ea91a","name":"user-manager"}]}},"_links":{"self":[{"href":"https:\/\/www.meydan.tv\/az\/wp-json\/wp\/v2\/posts\/203613","targetHints":{"allow":["GET"]}}],"collection":[{"href":"https:\/\/www.meydan.tv\/az\/wp-json\/wp\/v2\/posts"}],"about":[{"href":"https:\/\/www.meydan.tv\/az\/wp-json\/wp\/v2\/types\/post"}],"author":[{"embeddable":true,"href":"https:\/\/www.meydan.tv\/az\/wp-json\/wp\/v2\/users\/11"}],"replies":[{"embeddable":true,"href":"https:\/\/www.meydan.tv\/az\/wp-json\/wp\/v2\/comments?post=203613"}],"version-history":[{"count":0,"href":"https:\/\/www.meydan.tv\/az\/wp-json\/wp\/v2\/posts\/203613\/revisions"}],"wp:featuredmedia":[{"embeddable":true,"href":"https:\/\/www.meydan.tv\/az\/wp-json\/wp\/v2\/media\/151619"}],"wp:attachment":[{"href":"https:\/\/www.meydan.tv\/az\/wp-json\/wp\/v2\/media?parent=203613"}],"wp:term":[{"taxonomy":"category","embeddable":true,"href":"https:\/\/www.meydan.tv\/az\/wp-json\/wp\/v2\/categories?post=203613"},{"taxonomy":"post_tag","embeddable":true,"href":"https:\/\/www.meydan.tv\/az\/wp-json\/wp\/v2\/tags?post=203613"}],"curies":[{"name":"wp","href":"https:\/\/api.w.org\/{rel}","templated":true}]}}