{"id":203582,"date":"2020-11-13T14:24:06","date_gmt":"2020-11-13T14:24:06","guid":{"rendered":"https:\/\/www.meydan.tv\/article\/penitensiar-xidmet-fexreddin-abbasovun-olumu-ile-bagli-aciqlama-yaydi\/"},"modified":"2020-11-13T14:24:06","modified_gmt":"2020-11-13T14:24:06","slug":"penitensiar-xidmet-fexreddin-abbasovun-olumu-ile-bagli-aciqlama-yaydi","status":"publish","type":"post","link":"https:\/\/www.meydan.tv\/az\/article\/penitensiar-xidmet-fexreddin-abbasovun-olumu-ile-bagli-aciqlama-yaydi\/","title":{"rendered":"Penitensiar Xidm\u0259t F\u0259xr\u0259ddin Abbasovun \u00f6l\u00fcm\u00fc il\u0259 ba\u011fl\u0131 a\u00e7\u0131qlama yayd\u0131"},"content":{"rendered":"<p>\n  <i><br \/>\n    Ba\u015f Prokurorluq cinay\u0259t i\u015fi a\u00e7d\u0131\u011f\u0131n\u0131 b\u0259yan edib<br \/>\n  <\/i>\n<\/p>\n<p>\n  F\u0259xr\u0259ddin Abbasovun saxlan\u0131ld\u0131\u011f\u0131 Qobustan h\u0259bsxanas\u0131ndak\u0131 \u00f6l\u00fcm\u00fc il\u0259 ba\u011fl\u0131 Cinay\u0259t M\u0259c\u0259ll\u0259sinin 125-ci (\u00f6z\u00fcn\u00fc \u00f6ld\u00fcrm\u0259 h\u0259ddin\u0259 \u00e7atd\u0131rma) madd\u0259si il\u0259 cinay\u0259t i\u015fi a\u00e7\u0131l\u0131b.\n<\/p>\n<p>\n  M\u0259lumat\u0131 Ba\u015f Prokurorlu\u011fun m\u0259tbuat xidm\u0259tind\u0259n \u201cTuran\u201d \u0130nformasiya Agentliyin\u0259 bildirilib.\n<\/p>\n<p>\n  F\u0259xr\u0259ddin Abbasov d\u00f6vl\u0259t\u0259 x\u0259yan\u0259td\u0259 t\u0259qsirl\u0259ndirilirdi.\n<\/p>\n<p>\n  Noyabr\u0131n 9-da Penitensiar Xidm\u0259t onun saxlan\u0131ld\u0131\u011f\u0131 kamerada intihar etdiyini a\u00e7\u0131qlam\u0131\u015fd\u0131.\n<\/p>\n<p>\n  \u201cH\u0259bsxana \u0259m\u0259kda\u015flar\u0131 onu d\u0259rhal m\u00fc\u0259ssis\u0259nin tibb-sanitariya hiss\u0259sin\u0259 ke\u00e7irib. \u0130lkin t\u0259cili tibbi yard\u0131m g\u00f6st\u0259rilm\u0259sin\u0259 baxmayaraq, h\u0259yat\u0131n\u0131 xilas etm\u0259k m\u00fcmk\u00fcn olmay\u0131b\u201d.\n<\/p>\n<p>\n  Penitensiar Xidm\u0259td\u0259n APA-ya veril\u0259n r\u0259smi a\u00e7\u0131qlamaya g\u00f6r\u0259, F\u0259xr\u0259ddin Abbasov \u015eu\u015fan\u0131n i\u015f\u011faldan azad olunmas\u0131ndan d\u0259rin psixoloji sars\u0131nt\u0131 ke\u00e7ir\u0259r\u0259k intihar edib: &quot;O, h\u0259bsxanada saxlan\u0131ld\u0131\u011f\u0131 son d\u00f6vrl\u0259rd\u0259 Ordumuzun u\u011furlu \u0259ks h\u00fccum \u0259m\u0259liyyatlar\u0131n\u0131 v\u0259 torpaqlar\u0131m\u0131z\u0131n azad edilm\u0259si x\u0259b\u0259rl\u0259rini hidd\u0259tl\u0259 qar\u015f\u0131lay\u0131b, \u015eu\u015fa \u015f\u0259h\u0259rinin i\u015f\u011faldan azad olunmas\u0131ndan is\u0259 d\u0259rin psixoloji sars\u0131nt\u0131 ke\u00e7irib v\u0259 \u00f6z\u00fcn\u0259 q\u0259sd etm\u0259y\u0259 \u0259l at\u0131b&quot;.\n<\/p>\n<p>\n  Erm\u0259nistan x\u00fcsusi xidm\u0259t orqan\u0131n\u0131n \u0259m\u0259kda\u015f\u0131yla \u0259laq\u0259d\u0259, Az\u0259rbaycan \u0259leyhin\u0259 \u00e7a\u011f\u0131r\u0131\u015flarda su\u00e7lanan F\u0259xr\u0259ddin Abbasova 16 il h\u0259bs c\u0259zas\u0131 k\u0259silmi\u015fdi.\n<\/p>\n<p>\n  Bu il fevral\u0131n 14-d\u0259 Bak\u0131 A\u011f\u0131r Cinay\u0259tl\u0259r M\u0259hk\u0259m\u0259sind\u0259 onun haqq\u0131nda h\u00f6km \u00e7\u0131xar\u0131lm\u0131\u015fd\u0131. O, Cinay\u0259t M\u0259c\u0259ll\u0259sinin (CM) 274 (D\u00f6vl\u0259t\u0259 x\u0259yan\u0259t), 281.2 (D\u00f6vl\u0259t \u0259leyhin\u0259 y\u00f6n\u0259l\u0259n a\u00e7\u0131q \u00e7a\u011f\u0131r\u0131\u015flar ) v\u0259 283.1-ci (Milli, irqi nifr\u0259t v\u0259 d\u00fc\u015fm\u0259n\u00e7iliyin sal\u0131nmas\u0131, milli l\u0259yaq\u0259tin al\u00e7ald\u0131lmas\u0131) madd\u0259l\u0259ri il\u0259 t\u0259qsirli say\u0131lm\u0131\u015fd\u0131.\n<\/p>\n<p>\n  Xeyli m\u00fcdd\u0259t Rusiyada m\u00fcv\u0259qq\u0259ti ya\u015fay\u0131\u015f h\u00fcququ il\u0259 ya\u015fayan F.Abbasov haqq\u0131nda \u00f6t\u0259n ilin fevral\u0131nda Moskva vilay\u0259ti Lyuberetsk \u015f\u0259h\u0259r M\u0259hk\u0259m\u0259si deportasiya q\u0259rar\u0131 \u00e7\u0131xarm\u0131\u015fd\u0131. \u018fsas kimi is\u0259 m\u00fcv\u0259qq\u0259ti ya\u015fay\u0131\u015f m\u00fcdd\u0259tinin bitm\u0259si g\u00f6st\u0259rilmi\u015fdi.\n<\/p>\n<p>\n  O, fevral\u0131n 28-d\u0259 Rusiyadan v\u0259t\u0259nda\u015f\u0131 oldu\u011fu Az\u0259rbaycana g\u00f6nd\u0259rilmi\u015fdi v\u0259 Bak\u0131da el\u0259 hava liman\u0131ndaca saxlan\u0131lm\u0131\u015fd\u0131.\n<\/p>\n<p>\n  Ard\u0131nca da D\u00f6vl\u0259t T\u0259hl\u00fck\u0259sizliyi Xidm\u0259ti onun haqq\u0131nda r\u0259smi a\u00e7\u0131qlama yaym\u0131\u015fd\u0131.\n<\/p>\n<p>\n  Bildirilmi\u015fdi ki, F.Abbasovun Erm\u0259nistana s\u0259f\u0259rl\u0259ri, bu \u00f6lk\u0259nin x\u00fcsusi xidm\u0259t orqan\u0131n\u0131n \u0259m\u0259kda\u015f\u0131yla g\u00f6r\u00fc\u015f\u00fc, \u0259laq\u0259l\u0259ri, orada ke\u00e7iril\u0259n, mediada, sosial \u015f\u0259b\u0259k\u0259l\u0259rd\u0259 yay\u0131lan t\u0259dbirl\u0259r\u0259 canl\u0131 yay\u0131mda qo\u015fulub Az\u0259rbaycan \u0259leyhin\u0259 \u00e7a\u011f\u0131r\u0131\u015flar etm\u0259si v\u0259 ba\u015fqa m\u0259s\u0259l\u0259l\u0259r ara\u015fd\u0131r\u0131l\u0131r.\n<\/p>\n<p>\n  F.Abbasov m\u0259hk\u0259m\u0259d\u0259 \u00f6z\u00fcn\u00fc t\u0259qsirli bilm\u0259yib. Erm\u0259nistan\u0131n x\u00fcsusi xidm\u0259t orqanlar\u0131yla \u0259m\u0259kda\u015fl\u0131\u011f\u0131 bar\u0259d\u0259 deyil\u0259nl\u0259rin yalan oldu\u011funu deyib.<\/p>\n","protected":false},"excerpt":{"rendered":"<p>&#8220;O, h\u0259bsxanada saxlan\u0131ld\u0131\u011f\u0131 son d\u00f6vrl\u0259rd\u0259 Ordumuzun u\u011furlu \u0259ks h\u00fccum \u0259m\u0259liyyatlar\u0131n\u0131 v\u0259 torpaqlar\u0131m\u0131z\u0131n azad edilm\u0259si x\u0259b\u0259rl\u0259rini hidd\u0259tl\u0259 qar\u015f\u0131lay\u0131b&#8221;.<\/p>\n","protected":false},"author":11,"featured_media":119171,"comment_status":"closed","ping_status":"open","sticky":false,"template":"","format":"standard","meta":{"_acf_changed":false,"_sitemap_exclude":false,"_sitemap_priority":"","_sitemap_frequency":"","footnotes":""},"categories":[59],"tags":[],"class_list":["post-203582","post","type-post","status-publish","format-standard","has-post-thumbnail","hentry","category-siyaset","infinite-scroll-item","generate-columns","tablet-grid-50","mobile-grid-100","grid-parent","grid-33","no-featured-image-padding"],"acf":[],"yoast_head":"<!-- This site is optimized with the Yoast SEO plugin v27.5 - https:\/\/yoast.com\/product\/yoast-seo-wordpress\/ -->\n<title>Penitensiar Xidm\u0259t F\u0259xr\u0259ddin Abbasovun \u00f6l\u00fcm\u00fc il\u0259 ba\u011fl\u0131 a\u00e7\u0131qlama yayd\u0131 - MEYDAN.TV<\/title>\n<meta name=\"robots\" content=\"index, follow, max-snippet:-1, max-image-preview:large, max-video-preview:-1\" \/>\n<link rel=\"canonical\" href=\"https:\/\/www.meydan.tv\/az\/article\/penitensiar-xidmet-fexreddin-abbasovun-olumu-ile-bagli-aciqlama-yaydi\/\" \/>\n<meta property=\"og:locale\" content=\"az_AZ\" \/>\n<meta property=\"og:type\" content=\"article\" \/>\n<meta property=\"og:title\" content=\"Penitensiar Xidm\u0259t F\u0259xr\u0259ddin Abbasovun \u00f6l\u00fcm\u00fc il\u0259 ba\u011fl\u0131 a\u00e7\u0131qlama yayd\u0131 - MEYDAN.TV\" \/>\n<meta property=\"og:description\" content=\"&quot;O, h\u0259bsxanada saxlan\u0131ld\u0131\u011f\u0131 son d\u00f6vrl\u0259rd\u0259 Ordumuzun u\u011furlu \u0259ks h\u00fccum \u0259m\u0259liyyatlar\u0131n\u0131 v\u0259 torpaqlar\u0131m\u0131z\u0131n azad edilm\u0259si x\u0259b\u0259rl\u0259rini hidd\u0259tl\u0259 qar\u015f\u0131lay\u0131b&quot;.\" \/>\n<meta property=\"og:url\" content=\"https:\/\/www.meydan.tv\/az\/article\/penitensiar-xidmet-fexreddin-abbasovun-olumu-ile-bagli-aciqlama-yaydi\/\" \/>\n<meta property=\"og:site_name\" content=\"MEYDAN.TV\" \/>\n<meta property=\"article:published_time\" content=\"2020-11-13T14:24:06+00:00\" \/>\n<meta property=\"og:image\" content=\"https:\/\/www.meydan.tv\/wp-content\/uploads\/36f684de-fc88-4fa1-a764-33b318920121_w1200_r1_s.jpg\" \/>\n\t<meta property=\"og:image:width\" content=\"1200\" \/>\n\t<meta property=\"og:image:height\" content=\"675\" \/>\n\t<meta property=\"og:image:type\" content=\"image\/jpeg\" \/>\n<meta name=\"author\" content=\"user-manager\" \/>\n<meta name=\"twitter:card\" content=\"summary_large_image\" \/>\n<script type=\"application\/ld+json\" class=\"yoast-schema-graph\">{\"@context\":\"https:\\\/\\\/schema.org\",\"@graph\":[{\"@type\":\"Article\",\"@id\":\"https:\\\/\\\/www.meydan.tv\\\/az\\\/article\\\/penitensiar-xidmet-fexreddin-abbasovun-olumu-ile-bagli-aciqlama-yaydi\\\/#article\",\"isPartOf\":{\"@id\":\"https:\\\/\\\/www.meydan.tv\\\/az\\\/article\\\/penitensiar-xidmet-fexreddin-abbasovun-olumu-ile-bagli-aciqlama-yaydi\\\/\"},\"author\":{\"name\":\"user-manager\",\"@id\":\"https:\\\/\\\/www.meydan.tv\\\/az\\\/#\\\/schema\\\/person\\\/10d11eccf6da3662cf5fdab9806ea91a\"},\"headline\":\"Penitensiar Xidm\u0259t F\u0259xr\u0259ddin Abbasovun \u00f6l\u00fcm\u00fc il\u0259 ba\u011fl\u0131 a\u00e7\u0131qlama yayd\u0131\",\"datePublished\":\"2020-11-13T14:24:06+00:00\",\"mainEntityOfPage\":{\"@id\":\"https:\\\/\\\/www.meydan.tv\\\/az\\\/article\\\/penitensiar-xidmet-fexreddin-abbasovun-olumu-ile-bagli-aciqlama-yaydi\\\/\"},\"wordCount\":568,\"publisher\":{\"@id\":\"https:\\\/\\\/www.meydan.tv\\\/az\\\/#organization\"},\"image\":{\"@id\":\"https:\\\/\\\/www.meydan.tv\\\/az\\\/article\\\/penitensiar-xidmet-fexreddin-abbasovun-olumu-ile-bagli-aciqlama-yaydi\\\/#primaryimage\"},\"thumbnailUrl\":\"https:\\\/\\\/www.meydan.tv\\\/wp-content\\\/uploads\\\/36f684de-fc88-4fa1-a764-33b318920121_w1200_r1_s.jpg\",\"articleSection\":[\"Siyas\u0259t\"],\"inLanguage\":\"az\"},{\"@type\":\"WebPage\",\"@id\":\"https:\\\/\\\/www.meydan.tv\\\/az\\\/article\\\/penitensiar-xidmet-fexreddin-abbasovun-olumu-ile-bagli-aciqlama-yaydi\\\/\",\"url\":\"https:\\\/\\\/www.meydan.tv\\\/az\\\/article\\\/penitensiar-xidmet-fexreddin-abbasovun-olumu-ile-bagli-aciqlama-yaydi\\\/\",\"name\":\"Penitensiar Xidm\u0259t F\u0259xr\u0259ddin Abbasovun \u00f6l\u00fcm\u00fc il\u0259 ba\u011fl\u0131 a\u00e7\u0131qlama yayd\u0131 - MEYDAN.TV\",\"isPartOf\":{\"@id\":\"https:\\\/\\\/www.meydan.tv\\\/az\\\/#website\"},\"primaryImageOfPage\":{\"@id\":\"https:\\\/\\\/www.meydan.tv\\\/az\\\/article\\\/penitensiar-xidmet-fexreddin-abbasovun-olumu-ile-bagli-aciqlama-yaydi\\\/#primaryimage\"},\"image\":{\"@id\":\"https:\\\/\\\/www.meydan.tv\\\/az\\\/article\\\/penitensiar-xidmet-fexreddin-abbasovun-olumu-ile-bagli-aciqlama-yaydi\\\/#primaryimage\"},\"thumbnailUrl\":\"https:\\\/\\\/www.meydan.tv\\\/wp-content\\\/uploads\\\/36f684de-fc88-4fa1-a764-33b318920121_w1200_r1_s.jpg\",\"datePublished\":\"2020-11-13T14:24:06+00:00\",\"breadcrumb\":{\"@id\":\"https:\\\/\\\/www.meydan.tv\\\/az\\\/article\\\/penitensiar-xidmet-fexreddin-abbasovun-olumu-ile-bagli-aciqlama-yaydi\\\/#breadcrumb\"},\"inLanguage\":\"az\",\"potentialAction\":[{\"@type\":\"ReadAction\",\"target\":[\"https:\\\/\\\/www.meydan.tv\\\/az\\\/article\\\/penitensiar-xidmet-fexreddin-abbasovun-olumu-ile-bagli-aciqlama-yaydi\\\/\"]}]},{\"@type\":\"ImageObject\",\"inLanguage\":\"az\",\"@id\":\"https:\\\/\\\/www.meydan.tv\\\/az\\\/article\\\/penitensiar-xidmet-fexreddin-abbasovun-olumu-ile-bagli-aciqlama-yaydi\\\/#primaryimage\",\"url\":\"https:\\\/\\\/www.meydan.tv\\\/wp-content\\\/uploads\\\/36f684de-fc88-4fa1-a764-33b318920121_w1200_r1_s.jpg\",\"contentUrl\":\"https:\\\/\\\/www.meydan.tv\\\/wp-content\\\/uploads\\\/36f684de-fc88-4fa1-a764-33b318920121_w1200_r1_s.jpg\",\"width\":1200,\"height\":675,\"caption\":\"Source: Meydan TV\"},{\"@type\":\"BreadcrumbList\",\"@id\":\"https:\\\/\\\/www.meydan.tv\\\/az\\\/article\\\/penitensiar-xidmet-fexreddin-abbasovun-olumu-ile-bagli-aciqlama-yaydi\\\/#breadcrumb\",\"itemListElement\":[{\"@type\":\"ListItem\",\"position\":1,\"name\":\"Ana s\u0259hif\u0259\",\"item\":\"https:\\\/\\\/www.meydan.tv\\\/az\\\/\"},{\"@type\":\"ListItem\",\"position\":2,\"name\":\"Siyas\u0259t\",\"item\":\"https:\\\/\\\/www.meydan.tv\\\/az\\\/section\\\/siyaset\\\/\"},{\"@type\":\"ListItem\",\"position\":3,\"name\":\"Penitensiar Xidm\u0259t F\u0259xr\u0259ddin Abbasovun \u00f6l\u00fcm\u00fc il\u0259 ba\u011fl\u0131 a\u00e7\u0131qlama yayd\u0131\"}]},{\"@type\":\"WebSite\",\"@id\":\"https:\\\/\\\/www.meydan.tv\\\/az\\\/#website\",\"url\":\"https:\\\/\\\/www.meydan.tv\\\/az\\\/\",\"name\":\"MEYDAN.TV\",\"description\":\"Meydan TV Az\u0259rbaycan\u0131n media m\u0259kan\u0131ndak\u0131 alternativ s\u0259sidir\",\"publisher\":{\"@id\":\"https:\\\/\\\/www.meydan.tv\\\/az\\\/#organization\"},\"potentialAction\":[{\"@type\":\"SearchAction\",\"target\":{\"@type\":\"EntryPoint\",\"urlTemplate\":\"https:\\\/\\\/www.meydan.tv\\\/az\\\/?s={search_term_string}\"},\"query-input\":{\"@type\":\"PropertyValueSpecification\",\"valueRequired\":true,\"valueName\":\"search_term_string\"}}],\"inLanguage\":\"az\"},{\"@type\":\"Organization\",\"@id\":\"https:\\\/\\\/www.meydan.tv\\\/az\\\/#organization\",\"name\":\"Meydan TV\",\"url\":\"https:\\\/\\\/www.meydan.tv\\\/az\\\/\",\"logo\":{\"@type\":\"ImageObject\",\"inLanguage\":\"az\",\"@id\":\"https:\\\/\\\/www.meydan.tv\\\/az\\\/#\\\/schema\\\/logo\\\/image\\\/\",\"url\":\"https:\\\/\\\/www.meydan.tv\\\/wp-content\\\/uploads\\\/2021\\\/07\\\/meydan-logo.svg\",\"contentUrl\":\"https:\\\/\\\/www.meydan.tv\\\/wp-content\\\/uploads\\\/2021\\\/07\\\/meydan-logo.svg\",\"width\":195,\"height\":46,\"caption\":\"Meydan TV\"},\"image\":{\"@id\":\"https:\\\/\\\/www.meydan.tv\\\/az\\\/#\\\/schema\\\/logo\\\/image\\\/\"}},{\"@type\":\"Person\",\"@id\":\"https:\\\/\\\/www.meydan.tv\\\/az\\\/#\\\/schema\\\/person\\\/10d11eccf6da3662cf5fdab9806ea91a\",\"name\":\"user-manager\"}]}<\/script>\n<!-- \/ Yoast SEO plugin. -->","yoast_head_json":{"title":"Penitensiar Xidm\u0259t F\u0259xr\u0259ddin Abbasovun \u00f6l\u00fcm\u00fc il\u0259 ba\u011fl\u0131 a\u00e7\u0131qlama yayd\u0131 - MEYDAN.TV","robots":{"index":"index","follow":"follow","max-snippet":"max-snippet:-1","max-image-preview":"max-image-preview:large","max-video-preview":"max-video-preview:-1"},"canonical":"https:\/\/www.meydan.tv\/az\/article\/penitensiar-xidmet-fexreddin-abbasovun-olumu-ile-bagli-aciqlama-yaydi\/","og_locale":"az_AZ","og_type":"article","og_title":"Penitensiar Xidm\u0259t F\u0259xr\u0259ddin Abbasovun \u00f6l\u00fcm\u00fc il\u0259 ba\u011fl\u0131 a\u00e7\u0131qlama yayd\u0131 - MEYDAN.TV","og_description":"\"O, h\u0259bsxanada saxlan\u0131ld\u0131\u011f\u0131 son d\u00f6vrl\u0259rd\u0259 Ordumuzun u\u011furlu \u0259ks h\u00fccum \u0259m\u0259liyyatlar\u0131n\u0131 v\u0259 torpaqlar\u0131m\u0131z\u0131n azad edilm\u0259si x\u0259b\u0259rl\u0259rini hidd\u0259tl\u0259 qar\u015f\u0131lay\u0131b\".","og_url":"https:\/\/www.meydan.tv\/az\/article\/penitensiar-xidmet-fexreddin-abbasovun-olumu-ile-bagli-aciqlama-yaydi\/","og_site_name":"MEYDAN.TV","article_published_time":"2020-11-13T14:24:06+00:00","og_image":[{"width":1200,"height":675,"url":"https:\/\/www.meydan.tv\/wp-content\/uploads\/36f684de-fc88-4fa1-a764-33b318920121_w1200_r1_s.jpg","type":"image\/jpeg"}],"author":"user-manager","twitter_card":"summary_large_image","schema":{"@context":"https:\/\/schema.org","@graph":[{"@type":"Article","@id":"https:\/\/www.meydan.tv\/az\/article\/penitensiar-xidmet-fexreddin-abbasovun-olumu-ile-bagli-aciqlama-yaydi\/#article","isPartOf":{"@id":"https:\/\/www.meydan.tv\/az\/article\/penitensiar-xidmet-fexreddin-abbasovun-olumu-ile-bagli-aciqlama-yaydi\/"},"author":{"name":"user-manager","@id":"https:\/\/www.meydan.tv\/az\/#\/schema\/person\/10d11eccf6da3662cf5fdab9806ea91a"},"headline":"Penitensiar Xidm\u0259t F\u0259xr\u0259ddin Abbasovun \u00f6l\u00fcm\u00fc il\u0259 ba\u011fl\u0131 a\u00e7\u0131qlama yayd\u0131","datePublished":"2020-11-13T14:24:06+00:00","mainEntityOfPage":{"@id":"https:\/\/www.meydan.tv\/az\/article\/penitensiar-xidmet-fexreddin-abbasovun-olumu-ile-bagli-aciqlama-yaydi\/"},"wordCount":568,"publisher":{"@id":"https:\/\/www.meydan.tv\/az\/#organization"},"image":{"@id":"https:\/\/www.meydan.tv\/az\/article\/penitensiar-xidmet-fexreddin-abbasovun-olumu-ile-bagli-aciqlama-yaydi\/#primaryimage"},"thumbnailUrl":"https:\/\/www.meydan.tv\/wp-content\/uploads\/36f684de-fc88-4fa1-a764-33b318920121_w1200_r1_s.jpg","articleSection":["Siyas\u0259t"],"inLanguage":"az"},{"@type":"WebPage","@id":"https:\/\/www.meydan.tv\/az\/article\/penitensiar-xidmet-fexreddin-abbasovun-olumu-ile-bagli-aciqlama-yaydi\/","url":"https:\/\/www.meydan.tv\/az\/article\/penitensiar-xidmet-fexreddin-abbasovun-olumu-ile-bagli-aciqlama-yaydi\/","name":"Penitensiar Xidm\u0259t F\u0259xr\u0259ddin Abbasovun \u00f6l\u00fcm\u00fc il\u0259 ba\u011fl\u0131 a\u00e7\u0131qlama yayd\u0131 - MEYDAN.TV","isPartOf":{"@id":"https:\/\/www.meydan.tv\/az\/#website"},"primaryImageOfPage":{"@id":"https:\/\/www.meydan.tv\/az\/article\/penitensiar-xidmet-fexreddin-abbasovun-olumu-ile-bagli-aciqlama-yaydi\/#primaryimage"},"image":{"@id":"https:\/\/www.meydan.tv\/az\/article\/penitensiar-xidmet-fexreddin-abbasovun-olumu-ile-bagli-aciqlama-yaydi\/#primaryimage"},"thumbnailUrl":"https:\/\/www.meydan.tv\/wp-content\/uploads\/36f684de-fc88-4fa1-a764-33b318920121_w1200_r1_s.jpg","datePublished":"2020-11-13T14:24:06+00:00","breadcrumb":{"@id":"https:\/\/www.meydan.tv\/az\/article\/penitensiar-xidmet-fexreddin-abbasovun-olumu-ile-bagli-aciqlama-yaydi\/#breadcrumb"},"inLanguage":"az","potentialAction":[{"@type":"ReadAction","target":["https:\/\/www.meydan.tv\/az\/article\/penitensiar-xidmet-fexreddin-abbasovun-olumu-ile-bagli-aciqlama-yaydi\/"]}]},{"@type":"ImageObject","inLanguage":"az","@id":"https:\/\/www.meydan.tv\/az\/article\/penitensiar-xidmet-fexreddin-abbasovun-olumu-ile-bagli-aciqlama-yaydi\/#primaryimage","url":"https:\/\/www.meydan.tv\/wp-content\/uploads\/36f684de-fc88-4fa1-a764-33b318920121_w1200_r1_s.jpg","contentUrl":"https:\/\/www.meydan.tv\/wp-content\/uploads\/36f684de-fc88-4fa1-a764-33b318920121_w1200_r1_s.jpg","width":1200,"height":675,"caption":"Source: Meydan TV"},{"@type":"BreadcrumbList","@id":"https:\/\/www.meydan.tv\/az\/article\/penitensiar-xidmet-fexreddin-abbasovun-olumu-ile-bagli-aciqlama-yaydi\/#breadcrumb","itemListElement":[{"@type":"ListItem","position":1,"name":"Ana s\u0259hif\u0259","item":"https:\/\/www.meydan.tv\/az\/"},{"@type":"ListItem","position":2,"name":"Siyas\u0259t","item":"https:\/\/www.meydan.tv\/az\/section\/siyaset\/"},{"@type":"ListItem","position":3,"name":"Penitensiar Xidm\u0259t F\u0259xr\u0259ddin Abbasovun \u00f6l\u00fcm\u00fc il\u0259 ba\u011fl\u0131 a\u00e7\u0131qlama yayd\u0131"}]},{"@type":"WebSite","@id":"https:\/\/www.meydan.tv\/az\/#website","url":"https:\/\/www.meydan.tv\/az\/","name":"MEYDAN.TV","description":"Meydan TV Az\u0259rbaycan\u0131n media m\u0259kan\u0131ndak\u0131 alternativ s\u0259sidir","publisher":{"@id":"https:\/\/www.meydan.tv\/az\/#organization"},"potentialAction":[{"@type":"SearchAction","target":{"@type":"EntryPoint","urlTemplate":"https:\/\/www.meydan.tv\/az\/?s={search_term_string}"},"query-input":{"@type":"PropertyValueSpecification","valueRequired":true,"valueName":"search_term_string"}}],"inLanguage":"az"},{"@type":"Organization","@id":"https:\/\/www.meydan.tv\/az\/#organization","name":"Meydan TV","url":"https:\/\/www.meydan.tv\/az\/","logo":{"@type":"ImageObject","inLanguage":"az","@id":"https:\/\/www.meydan.tv\/az\/#\/schema\/logo\/image\/","url":"https:\/\/www.meydan.tv\/wp-content\/uploads\/2021\/07\/meydan-logo.svg","contentUrl":"https:\/\/www.meydan.tv\/wp-content\/uploads\/2021\/07\/meydan-logo.svg","width":195,"height":46,"caption":"Meydan TV"},"image":{"@id":"https:\/\/www.meydan.tv\/az\/#\/schema\/logo\/image\/"}},{"@type":"Person","@id":"https:\/\/www.meydan.tv\/az\/#\/schema\/person\/10d11eccf6da3662cf5fdab9806ea91a","name":"user-manager"}]}},"_links":{"self":[{"href":"https:\/\/www.meydan.tv\/az\/wp-json\/wp\/v2\/posts\/203582","targetHints":{"allow":["GET"]}}],"collection":[{"href":"https:\/\/www.meydan.tv\/az\/wp-json\/wp\/v2\/posts"}],"about":[{"href":"https:\/\/www.meydan.tv\/az\/wp-json\/wp\/v2\/types\/post"}],"author":[{"embeddable":true,"href":"https:\/\/www.meydan.tv\/az\/wp-json\/wp\/v2\/users\/11"}],"replies":[{"embeddable":true,"href":"https:\/\/www.meydan.tv\/az\/wp-json\/wp\/v2\/comments?post=203582"}],"version-history":[{"count":0,"href":"https:\/\/www.meydan.tv\/az\/wp-json\/wp\/v2\/posts\/203582\/revisions"}],"wp:featuredmedia":[{"embeddable":true,"href":"https:\/\/www.meydan.tv\/az\/wp-json\/wp\/v2\/media\/119171"}],"wp:attachment":[{"href":"https:\/\/www.meydan.tv\/az\/wp-json\/wp\/v2\/media?parent=203582"}],"wp:term":[{"taxonomy":"category","embeddable":true,"href":"https:\/\/www.meydan.tv\/az\/wp-json\/wp\/v2\/categories?post=203582"},{"taxonomy":"post_tag","embeddable":true,"href":"https:\/\/www.meydan.tv\/az\/wp-json\/wp\/v2\/tags?post=203582"}],"curies":[{"name":"wp","href":"https:\/\/api.w.org\/{rel}","templated":true}]}}