{"id":203539,"date":"2020-11-11T18:27:17","date_gmt":"2020-11-11T18:27:17","guid":{"rendered":"https:\/\/www.meydan.tv\/article\/sabahdan-internete-qoyulan-mehdudiyyet-aradan-qaldirilir\/"},"modified":"2020-11-11T18:27:17","modified_gmt":"2020-11-11T18:27:17","slug":"sabahdan-internete-qoyulan-mehdudiyyet-aradan-qaldirilir","status":"publish","type":"post","link":"https:\/\/www.meydan.tv\/az\/article\/sabahdan-internete-qoyulan-mehdudiyyet-aradan-qaldirilir\/","title":{"rendered":"Sabahdan internet\u0259 qoyulan m\u0259hdudiyy\u0259t aradan qald\u0131r\u0131l\u0131r"},"content":{"rendered":"<p>\n  <i><br \/>\n    M\u0259hdudiyy\u0259t yaln\u0131z i\u015f\u011faldan azad olunmu\u015f v\u0259 ke\u00e7mi\u015f c\u0259bh\u0259yan\u0131 \u0259razil\u0259rd\u0259 qalacaq<br \/>\n  <\/i>\n<\/p>\n<p>\n  Noyabr\u0131n 12-d\u0259n etibar\u0259n Az\u0259rbaycanda internet\u0259 qoyulan m\u0259hdudiyy\u0259t aradan g\u00f6t\u00fcr\u00fcl\u00fcr.\n<\/p>\n<p>\n  M\u0259hdudiyy\u0259t yaln\u0131z i\u015f\u011faldan azad olunmu\u015f v\u0259 ke\u00e7mi\u015f c\u0259bh\u0259yan\u0131 \u0259razil\u0259rd\u0259 qalacaq.\n<\/p>\n<p>\n  Bunu N\u0259qliyyat, rabit\u0259 v\u0259 y\u00fcks\u0259k texnologiyalar naziri Ramin Quluzad\u0259 &quot;Facebook&quot; hesab\u0131nda bildirib. O, \u00f6t\u0259n m\u00fcdd\u0259t \u0259rzind\u0259 internetin verili\u015finin m\u0259hdudla\u015fd\u0131r\u0131lmas\u0131 il\u0259 \u0259laq\u0259dar g\u00f6st\u0259rdikl\u0259ri anlay\u0131\u015fa g\u00f6r\u0259 Az\u0259rbaycan\u0131n \u00e7oxmilyonluq internet istifad\u0259\u00e7il\u0259rin\u0259 t\u0259\u015f\u0259kk\u00fcr d\u0259 edib.\n<\/p>\n<p>\n  N\u0259qliyyat, Rabit\u0259 v\u0259 Y\u00fcks\u0259k Texnologiyalar Nazirliyi 27 sentyabr 2020-ci il tarixind\u0259n \u00f6lk\u0259 \u00fczr\u0259 internetin verilm\u0259sind\u0259 m\u0259hdudiyy\u0259tl\u0259r t\u0259tbiq etmi\u015fdi.\n<\/p>\n<p>\n  Sentyabr\u0131n 27-d\u0259 Qaraba\u011f v\u0259 \u0259traf b\u00f6lg\u0259l\u0259rd\u0259 h\u0259rbi \u0259m\u0259liyyatlar ba\u015flad\u0131.\n<\/p>\n<p>\n  Bundan bir g\u00fcn sonra is\u0259 Az\u0259rbaycan Prezidentinin f\u0259rman\u0131 il\u0259 \u00f6lk\u0259d\u0259 h\u0259rbi v\u0259ziyy\u0259t v\u0259 komendant saat\u0131 t\u0259tbiq olundu. Eyni zamanda, internet d\u0259 m\u0259hdudla\u015fd\u0131r\u0131ld\u0131.\n<\/p>\n<p>\n  44 g\u00fcn s\u00fcr\u0259n \u0259m\u0259liyyat n\u0259tic\u0259sind\u0259 (noyabr\u0131n 9-d\u0259k) Az\u0259rbaycan t\u0259r\u0259fi 280 civar\u0131nda k\u0259ndi, d\u00f6rd q\u0259s\u0259b\u0259ni (Hadrut, Mincivan, A\u011fb\u0259nd, Bartaz), \u015eu\u015fa v\u0259 daha d\u00f6rd \u015f\u0259h\u0259ri (C\u0259bray\u0131l, F\u00fczuli, Z\u0259ngilan, Qubadl\u0131) i\u015f\u011faldan azad etdiyini a\u00e7\u0131qlay\u0131b.\n<\/p>\n<p>\n  Noyabr\u0131n 10-da is\u0259 Az\u0259rbaycan, Erm\u0259nistan v\u0259 Rusiya d\u00f6vl\u0259t ba\u015f\u00e7\u0131lar\u0131n\u0131n ad\u0131ndan at\u0259\u015fk\u0259s b\u0259yanat\u0131 yay\u0131l\u0131b.\n<\/p>\n<p>\n  S\u0259n\u0259d\u0259 g\u00f6r\u0259, Az\u0259rbaycan i\u015f\u011faldan azad etdiyi \u0259razil\u0259rd\u0259 qal\u0131r. Dekabr\u0131n 1-d\u0259k K\u0259lb\u0259c\u0259r, A\u011fdam v\u0259 La\u00e7\u0131n rayonlar\u0131n\u0131n Az\u0259rbaycana qaytar\u0131lmas\u0131 n\u0259z\u0259rd\u0259 tutulur. La\u00e7\u0131n d\u0259hlizind\u0259 v\u0259 qo\u015funlar\u0131n t\u0259mas x\u0259ttind\u0259 is\u0259 Rusiya s\u00fclhm\u0259raml\u0131lar\u0131 yerl\u0259\u015fdirilir.\n<\/p>\n<p>\n  Qaraba\u011f m\u00fcnaqi\u015f\u0259si Erm\u0259nistan\u0131n Az\u0259rbaycana \u0259razi iddialar\u0131 il\u0259 1988-ci ild\u0259 ba\u015flay\u0131b. 1994-c\u00fc ild\u0259 ger\u00e7\u0259kl\u0259\u015f\u0259n at\u0259\u015fk\u0259s raz\u0131la\u015fmas\u0131na q\u0259d\u0259r Az\u0259rbaycan\u0131n Da\u011fl\u0131q Qaraba\u011f b\u00f6lg\u0259si v\u0259 ona biti\u015fik 7 rayonu i\u015f\u011fal edilmi\u015fdi.\n<\/p>\n<p>\n  Da\u011fl\u0131q Qaraba\u011f m\u00fcnaqi\u015f\u0259sinin h\u0259lli il\u0259 ba\u011fl\u0131 s\u00fclh dan\u0131\u015f\u0131qlar\u0131 AT\u018fT-in Minsk qrupu h\u0259ms\u0259drl\u0259rinin vasit\u0259\u00e7iliyi il\u0259 apar\u0131l\u0131r. AB\u015e, Rusiya v\u0259 Fransa h\u0259ms\u0259dr d\u00f6vl\u0259tl\u0259rdir.<\/p>\n","protected":false},"excerpt":{"rendered":"<p>N\u0259qliyyat, Rabit\u0259 v\u0259 Y\u00fcks\u0259k Texnologiyalar Nazirliyi 27 sentyabr 2020-ci il tarixind\u0259n \u00f6lk\u0259 \u00fczr\u0259 internetin verilm\u0259sind\u0259 m\u0259hdudiyy\u0259tl\u0259r t\u0259tbiq etmi\u015fdi.<\/p>\n","protected":false},"author":11,"featured_media":151286,"comment_status":"closed","ping_status":"open","sticky":false,"template":"","format":"standard","meta":{"_acf_changed":false,"_sitemap_exclude":false,"_sitemap_priority":"","_sitemap_frequency":"","footnotes":""},"categories":[59],"tags":[],"class_list":["post-203539","post","type-post","status-publish","format-standard","has-post-thumbnail","hentry","category-siyaset","infinite-scroll-item","generate-columns","tablet-grid-50","mobile-grid-100","grid-parent","grid-33","no-featured-image-padding"],"acf":[],"yoast_head":"<!-- This site is optimized with the Yoast SEO plugin v27.5 - https:\/\/yoast.com\/product\/yoast-seo-wordpress\/ -->\n<title>Sabahdan internet\u0259 qoyulan m\u0259hdudiyy\u0259t aradan qald\u0131r\u0131l\u0131r - MEYDAN.TV<\/title>\n<meta name=\"robots\" content=\"index, follow, max-snippet:-1, max-image-preview:large, max-video-preview:-1\" \/>\n<link rel=\"canonical\" href=\"https:\/\/www.meydan.tv\/az\/article\/sabahdan-internete-qoyulan-mehdudiyyet-aradan-qaldirilir\/\" \/>\n<meta property=\"og:locale\" content=\"az_AZ\" \/>\n<meta property=\"og:type\" content=\"article\" \/>\n<meta property=\"og:title\" content=\"Sabahdan internet\u0259 qoyulan m\u0259hdudiyy\u0259t aradan qald\u0131r\u0131l\u0131r - MEYDAN.TV\" \/>\n<meta property=\"og:description\" content=\"N\u0259qliyyat, Rabit\u0259 v\u0259 Y\u00fcks\u0259k Texnologiyalar Nazirliyi 27 sentyabr 2020-ci il tarixind\u0259n \u00f6lk\u0259 \u00fczr\u0259 internetin verilm\u0259sind\u0259 m\u0259hdudiyy\u0259tl\u0259r t\u0259tbiq etmi\u015fdi.\" \/>\n<meta property=\"og:url\" content=\"https:\/\/www.meydan.tv\/az\/article\/sabahdan-internete-qoyulan-mehdudiyyet-aradan-qaldirilir\/\" \/>\n<meta property=\"og:site_name\" content=\"MEYDAN.TV\" \/>\n<meta property=\"article:published_time\" content=\"2020-11-11T18:27:17+00:00\" \/>\n<meta property=\"og:image\" content=\"https:\/\/www.meydan.tv\/wp-content\/uploads\/photo_37747803.jpeg\" \/>\n\t<meta property=\"og:image:width\" content=\"970\" \/>\n\t<meta property=\"og:image:height\" content=\"546\" \/>\n\t<meta property=\"og:image:type\" content=\"image\/jpeg\" \/>\n<meta name=\"author\" content=\"user-manager\" \/>\n<meta name=\"twitter:card\" content=\"summary_large_image\" \/>\n<script type=\"application\/ld+json\" class=\"yoast-schema-graph\">{\"@context\":\"https:\\\/\\\/schema.org\",\"@graph\":[{\"@type\":\"Article\",\"@id\":\"https:\\\/\\\/www.meydan.tv\\\/az\\\/article\\\/sabahdan-internete-qoyulan-mehdudiyyet-aradan-qaldirilir\\\/#article\",\"isPartOf\":{\"@id\":\"https:\\\/\\\/www.meydan.tv\\\/az\\\/article\\\/sabahdan-internete-qoyulan-mehdudiyyet-aradan-qaldirilir\\\/\"},\"author\":{\"name\":\"user-manager\",\"@id\":\"https:\\\/\\\/www.meydan.tv\\\/az\\\/#\\\/schema\\\/person\\\/10d11eccf6da3662cf5fdab9806ea91a\"},\"headline\":\"Sabahdan internet\u0259 qoyulan m\u0259hdudiyy\u0259t aradan qald\u0131r\u0131l\u0131r\",\"datePublished\":\"2020-11-11T18:27:17+00:00\",\"mainEntityOfPage\":{\"@id\":\"https:\\\/\\\/www.meydan.tv\\\/az\\\/article\\\/sabahdan-internete-qoyulan-mehdudiyyet-aradan-qaldirilir\\\/\"},\"wordCount\":436,\"publisher\":{\"@id\":\"https:\\\/\\\/www.meydan.tv\\\/az\\\/#organization\"},\"image\":{\"@id\":\"https:\\\/\\\/www.meydan.tv\\\/az\\\/article\\\/sabahdan-internete-qoyulan-mehdudiyyet-aradan-qaldirilir\\\/#primaryimage\"},\"thumbnailUrl\":\"https:\\\/\\\/www.meydan.tv\\\/wp-content\\\/uploads\\\/photo_37747803.jpeg\",\"articleSection\":[\"Siyas\u0259t\"],\"inLanguage\":\"az\"},{\"@type\":\"WebPage\",\"@id\":\"https:\\\/\\\/www.meydan.tv\\\/az\\\/article\\\/sabahdan-internete-qoyulan-mehdudiyyet-aradan-qaldirilir\\\/\",\"url\":\"https:\\\/\\\/www.meydan.tv\\\/az\\\/article\\\/sabahdan-internete-qoyulan-mehdudiyyet-aradan-qaldirilir\\\/\",\"name\":\"Sabahdan internet\u0259 qoyulan m\u0259hdudiyy\u0259t aradan qald\u0131r\u0131l\u0131r - MEYDAN.TV\",\"isPartOf\":{\"@id\":\"https:\\\/\\\/www.meydan.tv\\\/az\\\/#website\"},\"primaryImageOfPage\":{\"@id\":\"https:\\\/\\\/www.meydan.tv\\\/az\\\/article\\\/sabahdan-internete-qoyulan-mehdudiyyet-aradan-qaldirilir\\\/#primaryimage\"},\"image\":{\"@id\":\"https:\\\/\\\/www.meydan.tv\\\/az\\\/article\\\/sabahdan-internete-qoyulan-mehdudiyyet-aradan-qaldirilir\\\/#primaryimage\"},\"thumbnailUrl\":\"https:\\\/\\\/www.meydan.tv\\\/wp-content\\\/uploads\\\/photo_37747803.jpeg\",\"datePublished\":\"2020-11-11T18:27:17+00:00\",\"breadcrumb\":{\"@id\":\"https:\\\/\\\/www.meydan.tv\\\/az\\\/article\\\/sabahdan-internete-qoyulan-mehdudiyyet-aradan-qaldirilir\\\/#breadcrumb\"},\"inLanguage\":\"az\",\"potentialAction\":[{\"@type\":\"ReadAction\",\"target\":[\"https:\\\/\\\/www.meydan.tv\\\/az\\\/article\\\/sabahdan-internete-qoyulan-mehdudiyyet-aradan-qaldirilir\\\/\"]}]},{\"@type\":\"ImageObject\",\"inLanguage\":\"az\",\"@id\":\"https:\\\/\\\/www.meydan.tv\\\/az\\\/article\\\/sabahdan-internete-qoyulan-mehdudiyyet-aradan-qaldirilir\\\/#primaryimage\",\"url\":\"https:\\\/\\\/www.meydan.tv\\\/wp-content\\\/uploads\\\/photo_37747803.jpeg\",\"contentUrl\":\"https:\\\/\\\/www.meydan.tv\\\/wp-content\\\/uploads\\\/photo_37747803.jpeg\",\"width\":970,\"height\":546,\"caption\":\"Source: google.az\"},{\"@type\":\"BreadcrumbList\",\"@id\":\"https:\\\/\\\/www.meydan.tv\\\/az\\\/article\\\/sabahdan-internete-qoyulan-mehdudiyyet-aradan-qaldirilir\\\/#breadcrumb\",\"itemListElement\":[{\"@type\":\"ListItem\",\"position\":1,\"name\":\"Ana s\u0259hif\u0259\",\"item\":\"https:\\\/\\\/www.meydan.tv\\\/az\\\/\"},{\"@type\":\"ListItem\",\"position\":2,\"name\":\"Siyas\u0259t\",\"item\":\"https:\\\/\\\/www.meydan.tv\\\/az\\\/section\\\/siyaset\\\/\"},{\"@type\":\"ListItem\",\"position\":3,\"name\":\"Sabahdan internet\u0259 qoyulan m\u0259hdudiyy\u0259t aradan qald\u0131r\u0131l\u0131r\"}]},{\"@type\":\"WebSite\",\"@id\":\"https:\\\/\\\/www.meydan.tv\\\/az\\\/#website\",\"url\":\"https:\\\/\\\/www.meydan.tv\\\/az\\\/\",\"name\":\"MEYDAN.TV\",\"description\":\"Meydan TV Az\u0259rbaycan\u0131n media m\u0259kan\u0131ndak\u0131 alternativ s\u0259sidir\",\"publisher\":{\"@id\":\"https:\\\/\\\/www.meydan.tv\\\/az\\\/#organization\"},\"potentialAction\":[{\"@type\":\"SearchAction\",\"target\":{\"@type\":\"EntryPoint\",\"urlTemplate\":\"https:\\\/\\\/www.meydan.tv\\\/az\\\/?s={search_term_string}\"},\"query-input\":{\"@type\":\"PropertyValueSpecification\",\"valueRequired\":true,\"valueName\":\"search_term_string\"}}],\"inLanguage\":\"az\"},{\"@type\":\"Organization\",\"@id\":\"https:\\\/\\\/www.meydan.tv\\\/az\\\/#organization\",\"name\":\"Meydan TV\",\"url\":\"https:\\\/\\\/www.meydan.tv\\\/az\\\/\",\"logo\":{\"@type\":\"ImageObject\",\"inLanguage\":\"az\",\"@id\":\"https:\\\/\\\/www.meydan.tv\\\/az\\\/#\\\/schema\\\/logo\\\/image\\\/\",\"url\":\"https:\\\/\\\/www.meydan.tv\\\/wp-content\\\/uploads\\\/2021\\\/07\\\/meydan-logo.svg\",\"contentUrl\":\"https:\\\/\\\/www.meydan.tv\\\/wp-content\\\/uploads\\\/2021\\\/07\\\/meydan-logo.svg\",\"width\":195,\"height\":46,\"caption\":\"Meydan TV\"},\"image\":{\"@id\":\"https:\\\/\\\/www.meydan.tv\\\/az\\\/#\\\/schema\\\/logo\\\/image\\\/\"}},{\"@type\":\"Person\",\"@id\":\"https:\\\/\\\/www.meydan.tv\\\/az\\\/#\\\/schema\\\/person\\\/10d11eccf6da3662cf5fdab9806ea91a\",\"name\":\"user-manager\"}]}<\/script>\n<!-- \/ Yoast SEO plugin. -->","yoast_head_json":{"title":"Sabahdan internet\u0259 qoyulan m\u0259hdudiyy\u0259t aradan qald\u0131r\u0131l\u0131r - MEYDAN.TV","robots":{"index":"index","follow":"follow","max-snippet":"max-snippet:-1","max-image-preview":"max-image-preview:large","max-video-preview":"max-video-preview:-1"},"canonical":"https:\/\/www.meydan.tv\/az\/article\/sabahdan-internete-qoyulan-mehdudiyyet-aradan-qaldirilir\/","og_locale":"az_AZ","og_type":"article","og_title":"Sabahdan internet\u0259 qoyulan m\u0259hdudiyy\u0259t aradan qald\u0131r\u0131l\u0131r - MEYDAN.TV","og_description":"N\u0259qliyyat, Rabit\u0259 v\u0259 Y\u00fcks\u0259k Texnologiyalar Nazirliyi 27 sentyabr 2020-ci il tarixind\u0259n \u00f6lk\u0259 \u00fczr\u0259 internetin verilm\u0259sind\u0259 m\u0259hdudiyy\u0259tl\u0259r t\u0259tbiq etmi\u015fdi.","og_url":"https:\/\/www.meydan.tv\/az\/article\/sabahdan-internete-qoyulan-mehdudiyyet-aradan-qaldirilir\/","og_site_name":"MEYDAN.TV","article_published_time":"2020-11-11T18:27:17+00:00","og_image":[{"width":970,"height":546,"url":"https:\/\/www.meydan.tv\/wp-content\/uploads\/photo_37747803.jpeg","type":"image\/jpeg"}],"author":"user-manager","twitter_card":"summary_large_image","schema":{"@context":"https:\/\/schema.org","@graph":[{"@type":"Article","@id":"https:\/\/www.meydan.tv\/az\/article\/sabahdan-internete-qoyulan-mehdudiyyet-aradan-qaldirilir\/#article","isPartOf":{"@id":"https:\/\/www.meydan.tv\/az\/article\/sabahdan-internete-qoyulan-mehdudiyyet-aradan-qaldirilir\/"},"author":{"name":"user-manager","@id":"https:\/\/www.meydan.tv\/az\/#\/schema\/person\/10d11eccf6da3662cf5fdab9806ea91a"},"headline":"Sabahdan internet\u0259 qoyulan m\u0259hdudiyy\u0259t aradan qald\u0131r\u0131l\u0131r","datePublished":"2020-11-11T18:27:17+00:00","mainEntityOfPage":{"@id":"https:\/\/www.meydan.tv\/az\/article\/sabahdan-internete-qoyulan-mehdudiyyet-aradan-qaldirilir\/"},"wordCount":436,"publisher":{"@id":"https:\/\/www.meydan.tv\/az\/#organization"},"image":{"@id":"https:\/\/www.meydan.tv\/az\/article\/sabahdan-internete-qoyulan-mehdudiyyet-aradan-qaldirilir\/#primaryimage"},"thumbnailUrl":"https:\/\/www.meydan.tv\/wp-content\/uploads\/photo_37747803.jpeg","articleSection":["Siyas\u0259t"],"inLanguage":"az"},{"@type":"WebPage","@id":"https:\/\/www.meydan.tv\/az\/article\/sabahdan-internete-qoyulan-mehdudiyyet-aradan-qaldirilir\/","url":"https:\/\/www.meydan.tv\/az\/article\/sabahdan-internete-qoyulan-mehdudiyyet-aradan-qaldirilir\/","name":"Sabahdan internet\u0259 qoyulan m\u0259hdudiyy\u0259t aradan qald\u0131r\u0131l\u0131r - MEYDAN.TV","isPartOf":{"@id":"https:\/\/www.meydan.tv\/az\/#website"},"primaryImageOfPage":{"@id":"https:\/\/www.meydan.tv\/az\/article\/sabahdan-internete-qoyulan-mehdudiyyet-aradan-qaldirilir\/#primaryimage"},"image":{"@id":"https:\/\/www.meydan.tv\/az\/article\/sabahdan-internete-qoyulan-mehdudiyyet-aradan-qaldirilir\/#primaryimage"},"thumbnailUrl":"https:\/\/www.meydan.tv\/wp-content\/uploads\/photo_37747803.jpeg","datePublished":"2020-11-11T18:27:17+00:00","breadcrumb":{"@id":"https:\/\/www.meydan.tv\/az\/article\/sabahdan-internete-qoyulan-mehdudiyyet-aradan-qaldirilir\/#breadcrumb"},"inLanguage":"az","potentialAction":[{"@type":"ReadAction","target":["https:\/\/www.meydan.tv\/az\/article\/sabahdan-internete-qoyulan-mehdudiyyet-aradan-qaldirilir\/"]}]},{"@type":"ImageObject","inLanguage":"az","@id":"https:\/\/www.meydan.tv\/az\/article\/sabahdan-internete-qoyulan-mehdudiyyet-aradan-qaldirilir\/#primaryimage","url":"https:\/\/www.meydan.tv\/wp-content\/uploads\/photo_37747803.jpeg","contentUrl":"https:\/\/www.meydan.tv\/wp-content\/uploads\/photo_37747803.jpeg","width":970,"height":546,"caption":"Source: google.az"},{"@type":"BreadcrumbList","@id":"https:\/\/www.meydan.tv\/az\/article\/sabahdan-internete-qoyulan-mehdudiyyet-aradan-qaldirilir\/#breadcrumb","itemListElement":[{"@type":"ListItem","position":1,"name":"Ana s\u0259hif\u0259","item":"https:\/\/www.meydan.tv\/az\/"},{"@type":"ListItem","position":2,"name":"Siyas\u0259t","item":"https:\/\/www.meydan.tv\/az\/section\/siyaset\/"},{"@type":"ListItem","position":3,"name":"Sabahdan internet\u0259 qoyulan m\u0259hdudiyy\u0259t aradan qald\u0131r\u0131l\u0131r"}]},{"@type":"WebSite","@id":"https:\/\/www.meydan.tv\/az\/#website","url":"https:\/\/www.meydan.tv\/az\/","name":"MEYDAN.TV","description":"Meydan TV Az\u0259rbaycan\u0131n media m\u0259kan\u0131ndak\u0131 alternativ s\u0259sidir","publisher":{"@id":"https:\/\/www.meydan.tv\/az\/#organization"},"potentialAction":[{"@type":"SearchAction","target":{"@type":"EntryPoint","urlTemplate":"https:\/\/www.meydan.tv\/az\/?s={search_term_string}"},"query-input":{"@type":"PropertyValueSpecification","valueRequired":true,"valueName":"search_term_string"}}],"inLanguage":"az"},{"@type":"Organization","@id":"https:\/\/www.meydan.tv\/az\/#organization","name":"Meydan TV","url":"https:\/\/www.meydan.tv\/az\/","logo":{"@type":"ImageObject","inLanguage":"az","@id":"https:\/\/www.meydan.tv\/az\/#\/schema\/logo\/image\/","url":"https:\/\/www.meydan.tv\/wp-content\/uploads\/2021\/07\/meydan-logo.svg","contentUrl":"https:\/\/www.meydan.tv\/wp-content\/uploads\/2021\/07\/meydan-logo.svg","width":195,"height":46,"caption":"Meydan TV"},"image":{"@id":"https:\/\/www.meydan.tv\/az\/#\/schema\/logo\/image\/"}},{"@type":"Person","@id":"https:\/\/www.meydan.tv\/az\/#\/schema\/person\/10d11eccf6da3662cf5fdab9806ea91a","name":"user-manager"}]}},"_links":{"self":[{"href":"https:\/\/www.meydan.tv\/az\/wp-json\/wp\/v2\/posts\/203539","targetHints":{"allow":["GET"]}}],"collection":[{"href":"https:\/\/www.meydan.tv\/az\/wp-json\/wp\/v2\/posts"}],"about":[{"href":"https:\/\/www.meydan.tv\/az\/wp-json\/wp\/v2\/types\/post"}],"author":[{"embeddable":true,"href":"https:\/\/www.meydan.tv\/az\/wp-json\/wp\/v2\/users\/11"}],"replies":[{"embeddable":true,"href":"https:\/\/www.meydan.tv\/az\/wp-json\/wp\/v2\/comments?post=203539"}],"version-history":[{"count":0,"href":"https:\/\/www.meydan.tv\/az\/wp-json\/wp\/v2\/posts\/203539\/revisions"}],"wp:featuredmedia":[{"embeddable":true,"href":"https:\/\/www.meydan.tv\/az\/wp-json\/wp\/v2\/media\/151286"}],"wp:attachment":[{"href":"https:\/\/www.meydan.tv\/az\/wp-json\/wp\/v2\/media?parent=203539"}],"wp:term":[{"taxonomy":"category","embeddable":true,"href":"https:\/\/www.meydan.tv\/az\/wp-json\/wp\/v2\/categories?post=203539"},{"taxonomy":"post_tag","embeddable":true,"href":"https:\/\/www.meydan.tv\/az\/wp-json\/wp\/v2\/tags?post=203539"}],"curies":[{"name":"wp","href":"https:\/\/api.w.org\/{rel}","templated":true}]}}