{"id":203527,"date":"2020-11-11T13:22:51","date_gmt":"2020-11-11T13:22:51","guid":{"rendered":"https:\/\/www.meydan.tv\/article\/rusiyali-sulhmeramlilarin-qarabagda-yerlesdirilmesi-xeritesi-derc-olunub\/"},"modified":"2020-11-11T13:22:51","modified_gmt":"2020-11-11T13:22:51","slug":"rusiyali-sulhmeramlilarin-qarabagda-yerlesdirilmesi-xeritesi-derc-olunub","status":"publish","type":"post","link":"https:\/\/www.meydan.tv\/az\/article\/rusiyali-sulhmeramlilarin-qarabagda-yerlesdirilmesi-xeritesi-derc-olunub\/","title":{"rendered":"Rusiyal\u0131 s\u00fclhm\u0259raml\u0131lar\u0131n Qaraba\u011fda yerl\u0259\u015fdirilm\u0259si x\u0259rit\u0259si d\u0259rc olunub"},"content":{"rendered":"<p>\n  <b><br \/>\n    <i><br \/>\n      \u201cAz\u0259rbaycanl\u0131 v\u0259 erm\u0259ni h\u0259rb\u00e7il\u0259rl\u0259 \u0259laq\u0259 kanallar\u0131 art\u0131q yoluna qoyulub\u201d<br \/>\n    <\/i><br \/>\n  <\/b>\n<\/p>\n<p>\n  M\u00fcdafi\u0259 Nazirliyi<br \/>\n  <a href=\"https:\/\/ria.ru\/20201111\/karabakh-1584068722.html\"><br \/>\n    \u201cR\u0130A Novosti\u201d<br \/>\n  <\/a><br \/>\n  -y\u0259 rusiyal\u0131 s\u00fclhm\u0259raml\u0131lar\u0131n Da\u011fl\u0131q Qaraba\u011fda yerl\u0259\u015fdirilm\u0259si x\u0259rit\u0259sini t\u0259qdim edib.\n<\/p>\n<p>\n  Daha \u0259vv\u0259l Erm\u0259nistana rusiyal\u0131 h\u0259rb\u00e7il\u0259r g\u0259lm\u0259y\u0259 ba\u015flay\u0131b. Onlar\u0131n bir hiss\u0259si art\u0131q t\u0259yinat rayonuna yollan\u0131b. Onlar La\u00e7\u0131n d\u0259hlizi boyu t\u0259mas x\u0259ttind\u0259 16 m\u00fc\u015fahid\u0259 m\u0259nt\u0259q\u0259si yerl\u0259\u015fdir\u0259c\u0259k.\n<\/p>\n<p>\n  Rusiya ordusu Ba\u015f q\u0259rargah\u0131 Ba\u015f operativ idar\u0259sinin r\u0259isi Sergey Rudskoy x\u0259b\u0259r verib ki, s\u00fclhm\u0259raml\u0131lar \u201cP\u0259l\u0259ng\u201d v\u0259 \u201cTayfun\u201d zirehli d\u00f6y\u00fc\u015f ma\u015f\u0131nlar\u0131 il\u0259 t\u0259chiz olunublar.\n<\/p>\n<p>\n  \u201cS\u00fclhm\u0259raml\u0131 \u0259m\u0259liyyat\u0131n ke\u00e7iril\u0259c\u0259yi rayonda h\u0259m\u00e7inin h\u0259rbi polis b\u00f6lm\u0259l\u0259ri d\u0259 tap\u015f\u0131r\u0131qlar yerin\u0259 yetir\u0259c\u0259k. (&#8230;) Onlar\u0131n \u00fcz\u0259rin\u0259 t\u0259r\u0259fl\u0259rin t\u0259mas x\u0259tti boyu ke\u015fik \u00e7\u0259km\u0259si, kolonlar\u0131n v\u0259 y\u00fckl\u0259rin m\u00fc\u015fayi\u0259ti v\u0259zif\u0259si qoyulub\u201d, \u2013 o deyib.\n<\/p>\n<p>\n  \u201cAz\u0259rbaycanl\u0131 v\u0259 erm\u0259ni h\u0259rb\u00e7il\u0259rl\u0259 \u0259laq\u0259 kanallar\u0131 art\u0131q yoluna qoyulub\u201d, &#8211; Rudskoy \u0259lav\u0259 edib.\n<\/p>\n<p>\n  \u201cBa\u015f q\u0259rargah rusiyal\u0131 h\u0259rb\u00e7il\u0259rin t\u0259hl\u00fck\u0259sizliyinin t\u0259minat\u0131 \u00fc\u00e7\u00fcn b\u00fct\u00fcn z\u0259ruri \u00f6l\u00e7\u00fc t\u0259dbirl\u0259rini planla\u015fd\u0131r\u0131b. S\u00fclhm\u0259raml\u0131 kontingentin \u015f\u0259xsi t\u0259rkibi \u00fcz\u0259rin\u0259 qoyulmu\u015f v\u0259zif\u0259nin b\u00fct\u00fcn m\u0259suliyy\u0259tini d\u0259rk edir v\u0259 onu \u0259ld\u0259 olunmu\u015f raz\u0131la\u015fmaya uy\u011fun ciddi \u015f\u0259kild\u0259 yerin\u0259 yetirm\u0259y\u0259 haz\u0131rd\u0131r\u201d, \u2013 o yekun vurub.\n<\/p>\n<figure class=\"wp-block-image size-large\">\n  <img decoding=\"async\" src=\"https:\/\/www.meydan.tv\/az\/ezgif-com-webp-to-jpg-10-jpg\/\" alt=\"ezgif.com-webp-to-jpg (10).jpg\" class=\"wp-image-151268\"\/><figcaption>\n    ezgif.com-webp-to-jpg (10).jpg<br \/>\n  <\/figcaption><\/figure>\n<figure class=\"wp-block-image size-large\">\n  <img decoding=\"async\" src=\"https:\/\/www.meydan.tv\/az\/ezgif-com-webp-to-jpg-11-jpg\/\" alt=\"ezgif.com-webp-to-jpg (11).jpg\" class=\"wp-image-151271\"\/><figcaption>\n    ezgif.com-webp-to-jpg (11).jpg<br \/>\n  <\/figcaption><\/figure>\n<figure class=\"wp-block-image size-large\">\n  <img decoding=\"async\" src=\"https:\/\/www.meydan.tv\/az\/ezgif-com-webp-to-jpg-12-jpg\/\" alt=\"ezgif.com-webp-to-jpg (12).jpg\" class=\"wp-image-151274\"\/><figcaption>\n    ezgif.com-webp-to-jpg (12).jpg<br \/>\n  <\/figcaption><\/figure>\n","protected":false},"excerpt":{"rendered":"<p>\u201cAz\u0259rbaycanl\u0131 v\u0259 erm\u0259ni h\u0259rb\u00e7il\u0259rl\u0259 \u0259laq\u0259 kanallar\u0131 art\u0131q yoluna qoyulub\u201d<\/p>\n","protected":false},"author":11,"featured_media":151244,"comment_status":"closed","ping_status":"open","sticky":false,"template":"","format":"standard","meta":{"_acf_changed":false,"_sitemap_exclude":false,"_sitemap_priority":"","_sitemap_frequency":"","footnotes":""},"categories":[59],"tags":[],"class_list":["post-203527","post","type-post","status-publish","format-standard","has-post-thumbnail","hentry","category-siyaset","infinite-scroll-item","generate-columns","tablet-grid-50","mobile-grid-100","grid-parent","grid-33","no-featured-image-padding"],"acf":[],"yoast_head":"<!-- This site is optimized with the Yoast SEO plugin v27.5 - https:\/\/yoast.com\/product\/yoast-seo-wordpress\/ -->\n<title>Rusiyal\u0131 s\u00fclhm\u0259raml\u0131lar\u0131n Qaraba\u011fda yerl\u0259\u015fdirilm\u0259si x\u0259rit\u0259si d\u0259rc olunub - MEYDAN.TV<\/title>\n<meta name=\"robots\" content=\"index, follow, max-snippet:-1, max-image-preview:large, max-video-preview:-1\" \/>\n<link rel=\"canonical\" href=\"https:\/\/www.meydan.tv\/az\/article\/rusiyali-sulhmeramlilarin-qarabagda-yerlesdirilmesi-xeritesi-derc-olunub\/\" \/>\n<meta property=\"og:locale\" content=\"az_AZ\" \/>\n<meta property=\"og:type\" content=\"article\" \/>\n<meta property=\"og:title\" content=\"Rusiyal\u0131 s\u00fclhm\u0259raml\u0131lar\u0131n Qaraba\u011fda yerl\u0259\u015fdirilm\u0259si x\u0259rit\u0259si d\u0259rc olunub - MEYDAN.TV\" \/>\n<meta property=\"og:description\" content=\"\u201cAz\u0259rbaycanl\u0131 v\u0259 erm\u0259ni h\u0259rb\u00e7il\u0259rl\u0259 \u0259laq\u0259 kanallar\u0131 art\u0131q yoluna qoyulub\u201d\" \/>\n<meta property=\"og:url\" content=\"https:\/\/www.meydan.tv\/az\/article\/rusiyali-sulhmeramlilarin-qarabagda-yerlesdirilmesi-xeritesi-derc-olunub\/\" \/>\n<meta property=\"og:site_name\" content=\"MEYDAN.TV\" \/>\n<meta property=\"article:published_time\" content=\"2020-11-11T13:22:51+00:00\" \/>\n<meta property=\"og:image\" content=\"https:\/\/www.meydan.tv\/wp-content\/uploads\/untitled_design_89.png\" \/>\n\t<meta property=\"og:image:width\" content=\"1280\" \/>\n\t<meta property=\"og:image:height\" content=\"720\" \/>\n\t<meta property=\"og:image:type\" content=\"image\/png\" \/>\n<meta name=\"author\" content=\"user-manager\" \/>\n<meta name=\"twitter:card\" content=\"summary_large_image\" \/>\n<script type=\"application\/ld+json\" class=\"yoast-schema-graph\">{\"@context\":\"https:\\\/\\\/schema.org\",\"@graph\":[{\"@type\":\"Article\",\"@id\":\"https:\\\/\\\/www.meydan.tv\\\/az\\\/article\\\/rusiyali-sulhmeramlilarin-qarabagda-yerlesdirilmesi-xeritesi-derc-olunub\\\/#article\",\"isPartOf\":{\"@id\":\"https:\\\/\\\/www.meydan.tv\\\/az\\\/article\\\/rusiyali-sulhmeramlilarin-qarabagda-yerlesdirilmesi-xeritesi-derc-olunub\\\/\"},\"author\":{\"name\":\"user-manager\",\"@id\":\"https:\\\/\\\/www.meydan.tv\\\/az\\\/#\\\/schema\\\/person\\\/10d11eccf6da3662cf5fdab9806ea91a\"},\"headline\":\"Rusiyal\u0131 s\u00fclhm\u0259raml\u0131lar\u0131n Qaraba\u011fda yerl\u0259\u015fdirilm\u0259si x\u0259rit\u0259si d\u0259rc olunub\",\"datePublished\":\"2020-11-11T13:22:51+00:00\",\"mainEntityOfPage\":{\"@id\":\"https:\\\/\\\/www.meydan.tv\\\/az\\\/article\\\/rusiyali-sulhmeramlilarin-qarabagda-yerlesdirilmesi-xeritesi-derc-olunub\\\/\"},\"wordCount\":302,\"publisher\":{\"@id\":\"https:\\\/\\\/www.meydan.tv\\\/az\\\/#organization\"},\"image\":{\"@id\":\"https:\\\/\\\/www.meydan.tv\\\/az\\\/article\\\/rusiyali-sulhmeramlilarin-qarabagda-yerlesdirilmesi-xeritesi-derc-olunub\\\/#primaryimage\"},\"thumbnailUrl\":\"https:\\\/\\\/www.meydan.tv\\\/wp-content\\\/uploads\\\/untitled_design_89-e1690986468792.png\",\"articleSection\":[\"Siyas\u0259t\"],\"inLanguage\":\"az\"},{\"@type\":\"WebPage\",\"@id\":\"https:\\\/\\\/www.meydan.tv\\\/az\\\/article\\\/rusiyali-sulhmeramlilarin-qarabagda-yerlesdirilmesi-xeritesi-derc-olunub\\\/\",\"url\":\"https:\\\/\\\/www.meydan.tv\\\/az\\\/article\\\/rusiyali-sulhmeramlilarin-qarabagda-yerlesdirilmesi-xeritesi-derc-olunub\\\/\",\"name\":\"Rusiyal\u0131 s\u00fclhm\u0259raml\u0131lar\u0131n Qaraba\u011fda yerl\u0259\u015fdirilm\u0259si x\u0259rit\u0259si d\u0259rc olunub - MEYDAN.TV\",\"isPartOf\":{\"@id\":\"https:\\\/\\\/www.meydan.tv\\\/az\\\/#website\"},\"primaryImageOfPage\":{\"@id\":\"https:\\\/\\\/www.meydan.tv\\\/az\\\/article\\\/rusiyali-sulhmeramlilarin-qarabagda-yerlesdirilmesi-xeritesi-derc-olunub\\\/#primaryimage\"},\"image\":{\"@id\":\"https:\\\/\\\/www.meydan.tv\\\/az\\\/article\\\/rusiyali-sulhmeramlilarin-qarabagda-yerlesdirilmesi-xeritesi-derc-olunub\\\/#primaryimage\"},\"thumbnailUrl\":\"https:\\\/\\\/www.meydan.tv\\\/wp-content\\\/uploads\\\/untitled_design_89-e1690986468792.png\",\"datePublished\":\"2020-11-11T13:22:51+00:00\",\"breadcrumb\":{\"@id\":\"https:\\\/\\\/www.meydan.tv\\\/az\\\/article\\\/rusiyali-sulhmeramlilarin-qarabagda-yerlesdirilmesi-xeritesi-derc-olunub\\\/#breadcrumb\"},\"inLanguage\":\"az\",\"potentialAction\":[{\"@type\":\"ReadAction\",\"target\":[\"https:\\\/\\\/www.meydan.tv\\\/az\\\/article\\\/rusiyali-sulhmeramlilarin-qarabagda-yerlesdirilmesi-xeritesi-derc-olunub\\\/\"]}]},{\"@type\":\"ImageObject\",\"inLanguage\":\"az\",\"@id\":\"https:\\\/\\\/www.meydan.tv\\\/az\\\/article\\\/rusiyali-sulhmeramlilarin-qarabagda-yerlesdirilmesi-xeritesi-derc-olunub\\\/#primaryimage\",\"url\":\"https:\\\/\\\/www.meydan.tv\\\/wp-content\\\/uploads\\\/untitled_design_89-e1690986468792.png\",\"contentUrl\":\"https:\\\/\\\/www.meydan.tv\\\/wp-content\\\/uploads\\\/untitled_design_89-e1690986468792.png\",\"width\":1280,\"height\":531,\"caption\":\"Foto: Reuters\"},{\"@type\":\"BreadcrumbList\",\"@id\":\"https:\\\/\\\/www.meydan.tv\\\/az\\\/article\\\/rusiyali-sulhmeramlilarin-qarabagda-yerlesdirilmesi-xeritesi-derc-olunub\\\/#breadcrumb\",\"itemListElement\":[{\"@type\":\"ListItem\",\"position\":1,\"name\":\"Ana s\u0259hif\u0259\",\"item\":\"https:\\\/\\\/www.meydan.tv\\\/az\\\/\"},{\"@type\":\"ListItem\",\"position\":2,\"name\":\"Siyas\u0259t\",\"item\":\"https:\\\/\\\/www.meydan.tv\\\/az\\\/section\\\/siyaset\\\/\"},{\"@type\":\"ListItem\",\"position\":3,\"name\":\"Rusiyal\u0131 s\u00fclhm\u0259raml\u0131lar\u0131n Qaraba\u011fda yerl\u0259\u015fdirilm\u0259si x\u0259rit\u0259si d\u0259rc olunub\"}]},{\"@type\":\"WebSite\",\"@id\":\"https:\\\/\\\/www.meydan.tv\\\/az\\\/#website\",\"url\":\"https:\\\/\\\/www.meydan.tv\\\/az\\\/\",\"name\":\"MEYDAN.TV\",\"description\":\"Meydan TV Az\u0259rbaycan\u0131n media m\u0259kan\u0131ndak\u0131 alternativ s\u0259sidir\",\"publisher\":{\"@id\":\"https:\\\/\\\/www.meydan.tv\\\/az\\\/#organization\"},\"potentialAction\":[{\"@type\":\"SearchAction\",\"target\":{\"@type\":\"EntryPoint\",\"urlTemplate\":\"https:\\\/\\\/www.meydan.tv\\\/az\\\/?s={search_term_string}\"},\"query-input\":{\"@type\":\"PropertyValueSpecification\",\"valueRequired\":true,\"valueName\":\"search_term_string\"}}],\"inLanguage\":\"az\"},{\"@type\":\"Organization\",\"@id\":\"https:\\\/\\\/www.meydan.tv\\\/az\\\/#organization\",\"name\":\"Meydan TV\",\"url\":\"https:\\\/\\\/www.meydan.tv\\\/az\\\/\",\"logo\":{\"@type\":\"ImageObject\",\"inLanguage\":\"az\",\"@id\":\"https:\\\/\\\/www.meydan.tv\\\/az\\\/#\\\/schema\\\/logo\\\/image\\\/\",\"url\":\"https:\\\/\\\/www.meydan.tv\\\/wp-content\\\/uploads\\\/2021\\\/07\\\/meydan-logo.svg\",\"contentUrl\":\"https:\\\/\\\/www.meydan.tv\\\/wp-content\\\/uploads\\\/2021\\\/07\\\/meydan-logo.svg\",\"width\":195,\"height\":46,\"caption\":\"Meydan TV\"},\"image\":{\"@id\":\"https:\\\/\\\/www.meydan.tv\\\/az\\\/#\\\/schema\\\/logo\\\/image\\\/\"}},{\"@type\":\"Person\",\"@id\":\"https:\\\/\\\/www.meydan.tv\\\/az\\\/#\\\/schema\\\/person\\\/10d11eccf6da3662cf5fdab9806ea91a\",\"name\":\"user-manager\"}]}<\/script>\n<!-- \/ Yoast SEO plugin. -->","yoast_head_json":{"title":"Rusiyal\u0131 s\u00fclhm\u0259raml\u0131lar\u0131n Qaraba\u011fda yerl\u0259\u015fdirilm\u0259si x\u0259rit\u0259si d\u0259rc olunub - MEYDAN.TV","robots":{"index":"index","follow":"follow","max-snippet":"max-snippet:-1","max-image-preview":"max-image-preview:large","max-video-preview":"max-video-preview:-1"},"canonical":"https:\/\/www.meydan.tv\/az\/article\/rusiyali-sulhmeramlilarin-qarabagda-yerlesdirilmesi-xeritesi-derc-olunub\/","og_locale":"az_AZ","og_type":"article","og_title":"Rusiyal\u0131 s\u00fclhm\u0259raml\u0131lar\u0131n Qaraba\u011fda yerl\u0259\u015fdirilm\u0259si x\u0259rit\u0259si d\u0259rc olunub - MEYDAN.TV","og_description":"\u201cAz\u0259rbaycanl\u0131 v\u0259 erm\u0259ni h\u0259rb\u00e7il\u0259rl\u0259 \u0259laq\u0259 kanallar\u0131 art\u0131q yoluna qoyulub\u201d","og_url":"https:\/\/www.meydan.tv\/az\/article\/rusiyali-sulhmeramlilarin-qarabagda-yerlesdirilmesi-xeritesi-derc-olunub\/","og_site_name":"MEYDAN.TV","article_published_time":"2020-11-11T13:22:51+00:00","og_image":[{"width":1280,"height":720,"url":"https:\/\/www.meydan.tv\/wp-content\/uploads\/untitled_design_89.png","type":"image\/png"}],"author":"user-manager","twitter_card":"summary_large_image","schema":{"@context":"https:\/\/schema.org","@graph":[{"@type":"Article","@id":"https:\/\/www.meydan.tv\/az\/article\/rusiyali-sulhmeramlilarin-qarabagda-yerlesdirilmesi-xeritesi-derc-olunub\/#article","isPartOf":{"@id":"https:\/\/www.meydan.tv\/az\/article\/rusiyali-sulhmeramlilarin-qarabagda-yerlesdirilmesi-xeritesi-derc-olunub\/"},"author":{"name":"user-manager","@id":"https:\/\/www.meydan.tv\/az\/#\/schema\/person\/10d11eccf6da3662cf5fdab9806ea91a"},"headline":"Rusiyal\u0131 s\u00fclhm\u0259raml\u0131lar\u0131n Qaraba\u011fda yerl\u0259\u015fdirilm\u0259si x\u0259rit\u0259si d\u0259rc olunub","datePublished":"2020-11-11T13:22:51+00:00","mainEntityOfPage":{"@id":"https:\/\/www.meydan.tv\/az\/article\/rusiyali-sulhmeramlilarin-qarabagda-yerlesdirilmesi-xeritesi-derc-olunub\/"},"wordCount":302,"publisher":{"@id":"https:\/\/www.meydan.tv\/az\/#organization"},"image":{"@id":"https:\/\/www.meydan.tv\/az\/article\/rusiyali-sulhmeramlilarin-qarabagda-yerlesdirilmesi-xeritesi-derc-olunub\/#primaryimage"},"thumbnailUrl":"https:\/\/www.meydan.tv\/wp-content\/uploads\/untitled_design_89-e1690986468792.png","articleSection":["Siyas\u0259t"],"inLanguage":"az"},{"@type":"WebPage","@id":"https:\/\/www.meydan.tv\/az\/article\/rusiyali-sulhmeramlilarin-qarabagda-yerlesdirilmesi-xeritesi-derc-olunub\/","url":"https:\/\/www.meydan.tv\/az\/article\/rusiyali-sulhmeramlilarin-qarabagda-yerlesdirilmesi-xeritesi-derc-olunub\/","name":"Rusiyal\u0131 s\u00fclhm\u0259raml\u0131lar\u0131n Qaraba\u011fda yerl\u0259\u015fdirilm\u0259si x\u0259rit\u0259si d\u0259rc olunub - MEYDAN.TV","isPartOf":{"@id":"https:\/\/www.meydan.tv\/az\/#website"},"primaryImageOfPage":{"@id":"https:\/\/www.meydan.tv\/az\/article\/rusiyali-sulhmeramlilarin-qarabagda-yerlesdirilmesi-xeritesi-derc-olunub\/#primaryimage"},"image":{"@id":"https:\/\/www.meydan.tv\/az\/article\/rusiyali-sulhmeramlilarin-qarabagda-yerlesdirilmesi-xeritesi-derc-olunub\/#primaryimage"},"thumbnailUrl":"https:\/\/www.meydan.tv\/wp-content\/uploads\/untitled_design_89-e1690986468792.png","datePublished":"2020-11-11T13:22:51+00:00","breadcrumb":{"@id":"https:\/\/www.meydan.tv\/az\/article\/rusiyali-sulhmeramlilarin-qarabagda-yerlesdirilmesi-xeritesi-derc-olunub\/#breadcrumb"},"inLanguage":"az","potentialAction":[{"@type":"ReadAction","target":["https:\/\/www.meydan.tv\/az\/article\/rusiyali-sulhmeramlilarin-qarabagda-yerlesdirilmesi-xeritesi-derc-olunub\/"]}]},{"@type":"ImageObject","inLanguage":"az","@id":"https:\/\/www.meydan.tv\/az\/article\/rusiyali-sulhmeramlilarin-qarabagda-yerlesdirilmesi-xeritesi-derc-olunub\/#primaryimage","url":"https:\/\/www.meydan.tv\/wp-content\/uploads\/untitled_design_89-e1690986468792.png","contentUrl":"https:\/\/www.meydan.tv\/wp-content\/uploads\/untitled_design_89-e1690986468792.png","width":1280,"height":531,"caption":"Foto: Reuters"},{"@type":"BreadcrumbList","@id":"https:\/\/www.meydan.tv\/az\/article\/rusiyali-sulhmeramlilarin-qarabagda-yerlesdirilmesi-xeritesi-derc-olunub\/#breadcrumb","itemListElement":[{"@type":"ListItem","position":1,"name":"Ana s\u0259hif\u0259","item":"https:\/\/www.meydan.tv\/az\/"},{"@type":"ListItem","position":2,"name":"Siyas\u0259t","item":"https:\/\/www.meydan.tv\/az\/section\/siyaset\/"},{"@type":"ListItem","position":3,"name":"Rusiyal\u0131 s\u00fclhm\u0259raml\u0131lar\u0131n Qaraba\u011fda yerl\u0259\u015fdirilm\u0259si x\u0259rit\u0259si d\u0259rc olunub"}]},{"@type":"WebSite","@id":"https:\/\/www.meydan.tv\/az\/#website","url":"https:\/\/www.meydan.tv\/az\/","name":"MEYDAN.TV","description":"Meydan TV Az\u0259rbaycan\u0131n media m\u0259kan\u0131ndak\u0131 alternativ s\u0259sidir","publisher":{"@id":"https:\/\/www.meydan.tv\/az\/#organization"},"potentialAction":[{"@type":"SearchAction","target":{"@type":"EntryPoint","urlTemplate":"https:\/\/www.meydan.tv\/az\/?s={search_term_string}"},"query-input":{"@type":"PropertyValueSpecification","valueRequired":true,"valueName":"search_term_string"}}],"inLanguage":"az"},{"@type":"Organization","@id":"https:\/\/www.meydan.tv\/az\/#organization","name":"Meydan TV","url":"https:\/\/www.meydan.tv\/az\/","logo":{"@type":"ImageObject","inLanguage":"az","@id":"https:\/\/www.meydan.tv\/az\/#\/schema\/logo\/image\/","url":"https:\/\/www.meydan.tv\/wp-content\/uploads\/2021\/07\/meydan-logo.svg","contentUrl":"https:\/\/www.meydan.tv\/wp-content\/uploads\/2021\/07\/meydan-logo.svg","width":195,"height":46,"caption":"Meydan TV"},"image":{"@id":"https:\/\/www.meydan.tv\/az\/#\/schema\/logo\/image\/"}},{"@type":"Person","@id":"https:\/\/www.meydan.tv\/az\/#\/schema\/person\/10d11eccf6da3662cf5fdab9806ea91a","name":"user-manager"}]}},"_links":{"self":[{"href":"https:\/\/www.meydan.tv\/az\/wp-json\/wp\/v2\/posts\/203527","targetHints":{"allow":["GET"]}}],"collection":[{"href":"https:\/\/www.meydan.tv\/az\/wp-json\/wp\/v2\/posts"}],"about":[{"href":"https:\/\/www.meydan.tv\/az\/wp-json\/wp\/v2\/types\/post"}],"author":[{"embeddable":true,"href":"https:\/\/www.meydan.tv\/az\/wp-json\/wp\/v2\/users\/11"}],"replies":[{"embeddable":true,"href":"https:\/\/www.meydan.tv\/az\/wp-json\/wp\/v2\/comments?post=203527"}],"version-history":[{"count":0,"href":"https:\/\/www.meydan.tv\/az\/wp-json\/wp\/v2\/posts\/203527\/revisions"}],"wp:featuredmedia":[{"embeddable":true,"href":"https:\/\/www.meydan.tv\/az\/wp-json\/wp\/v2\/media\/151244"}],"wp:attachment":[{"href":"https:\/\/www.meydan.tv\/az\/wp-json\/wp\/v2\/media?parent=203527"}],"wp:term":[{"taxonomy":"category","embeddable":true,"href":"https:\/\/www.meydan.tv\/az\/wp-json\/wp\/v2\/categories?post=203527"},{"taxonomy":"post_tag","embeddable":true,"href":"https:\/\/www.meydan.tv\/az\/wp-json\/wp\/v2\/tags?post=203527"}],"curies":[{"name":"wp","href":"https:\/\/api.w.org\/{rel}","templated":true}]}}