{"id":203479,"date":"2020-11-09T10:59:32","date_gmt":"2020-11-09T10:59:32","guid":{"rendered":"https:\/\/www.meydan.tv\/article\/ilham-eliyev-daha-23-kendin-isgaldan-azad-edildiyini-aciqladi\/"},"modified":"2020-11-09T10:59:32","modified_gmt":"2020-11-09T10:59:32","slug":"ilham-eliyev-daha-23-kendin-isgaldan-azad-edildiyini-aciqladi","status":"publish","type":"post","link":"https:\/\/www.meydan.tv\/az\/article\/ilham-eliyev-daha-23-kendin-isgaldan-azad-edildiyini-aciqladi\/","title":{"rendered":"\u0130lham \u018fliyev daha 23 k\u0259ndin i\u015f\u011faldan azad edildiyini a\u00e7\u0131qlad\u0131"},"content":{"rendered":"<p>\n  <i><br \/>\n    Xocal\u0131n\u0131n 4 k\u0259ndi d\u0259 azad edilib<br \/>\n  <\/i>\n<\/p>\n<p>\n  Noyabr\u0131n 9-da Az\u0259rbaycan Ordusu bir s\u0131ra rayonlar\u0131n k\u0259ndl\u0259rini i\u015f\u011faldan azad edib.\n<\/p>\n<p>\n  H\u0259min k\u0259ndl\u0259r F\u00fczulinin Qobu Dila\u011farda, Yal Pir\u0259hm\u0259dli, Yuxar\u0131 Ya\u011fl\u0131v\u0259nd, Dila\u011farda, Seyid Mahmudlu, \u018fl\u0259sg\u0259rli, Xocal\u0131n\u0131n D\u0259mir\u00e7il\u0259r, \u00c7anaq\u00e7\u0131, M\u0259d\u0259tk\u0259nd, S\u0131\u011fnaq, Xocav\u0259ndin Susanl\u0131q, Domi, Tu\u011f, Akaku, Az\u0131x, C\u0259bray\u0131l\u0131n H\u00fcseynal\u0131lar, S\u00f6y\u00fcdl\u00fc, A\u015fa\u011f\u0131 Sirik, Qubadl\u0131n\u0131n Yuxar\u0131 Mollu, A\u015fa\u011f\u0131 Mollu, Xocik, Z\u0259ngilan\u0131n Ke\u00e7ikli, \u00d6rd\u0259klisidir.\n<\/p>\n<p>\n  M\u0259lumat\u0131 Az\u0259rbaycan Prezidenti \u0130lham \u018fliyev \u00f6z\u00fcn\u00fcn &quot;Twitter&quot; hesab\u0131nda payla\u015f\u0131b.\n<\/p>\n<p>\n  Az\u0259rbaycan ordusunun i\u015f\u011faldan azad etdiyi \u0259n son \u015f\u0259h\u0259r is\u0259 \u015eu\u015fad\u0131r.\n<\/p>\n<p>\n  \u015eu\u015fa noyabr\u0131n 8-d\u0259 i\u015f\u011faldan azad edilib.<\/p>\n","protected":false},"excerpt":{"rendered":"<p>Az\u0259rbaycan ordusunun i\u015f\u011faldan azad etdiyi \u0259n son \u015f\u0259h\u0259r is\u0259 \u015eu\u015fad\u0131r.<\/p>\n","protected":false},"author":11,"featured_media":151065,"comment_status":"closed","ping_status":"open","sticky":false,"template":"","format":"standard","meta":{"_acf_changed":false,"_sitemap_exclude":false,"_sitemap_priority":"","_sitemap_frequency":"","footnotes":""},"categories":[59],"tags":[],"class_list":["post-203479","post","type-post","status-publish","format-standard","has-post-thumbnail","hentry","category-siyaset","infinite-scroll-item","generate-columns","tablet-grid-50","mobile-grid-100","grid-parent","grid-33","no-featured-image-padding"],"acf":[],"yoast_head":"<!-- This site is optimized with the Yoast SEO plugin v28.4 - https:\/\/yoast.com\/product\/yoast-seo-wordpress\/ -->\n<title>\u0130lham \u018fliyev daha 23 k\u0259ndin i\u015f\u011faldan azad edildiyini a\u00e7\u0131qlad\u0131 - MEYDAN.TV<\/title>\n<meta name=\"robots\" content=\"index, follow, max-snippet:-1, max-image-preview:large, max-video-preview:-1\" \/>\n<link rel=\"canonical\" href=\"https:\/\/www.meydan.tv\/az\/article\/ilham-eliyev-daha-23-kendin-isgaldan-azad-edildiyini-aciqladi\/\" \/>\n<meta property=\"og:locale\" content=\"az_AZ\" \/>\n<meta property=\"og:type\" content=\"article\" \/>\n<meta property=\"og:title\" content=\"\u0130lham \u018fliyev daha 23 k\u0259ndin i\u015f\u011faldan azad edildiyini a\u00e7\u0131qlad\u0131 - MEYDAN.TV\" \/>\n<meta property=\"og:description\" content=\"Az\u0259rbaycan ordusunun i\u015f\u011faldan azad etdiyi \u0259n son \u015f\u0259h\u0259r is\u0259 \u015eu\u015fad\u0131r.\" \/>\n<meta property=\"og:url\" content=\"https:\/\/www.meydan.tv\/az\/article\/ilham-eliyev-daha-23-kendin-isgaldan-azad-edildiyini-aciqladi\/\" \/>\n<meta property=\"og:site_name\" content=\"MEYDAN.TV\" \/>\n<meta property=\"article:published_time\" content=\"2020-11-09T10:59:32+00:00\" \/>\n<meta property=\"og:image\" content=\"https:\/\/www.meydan.tv\/wp-content\/uploads\/image_from_ios_6_qnj1pn3-scaled.jpg\" \/>\n\t<meta property=\"og:image:width\" content=\"2560\" \/>\n\t<meta property=\"og:image:height\" content=\"1707\" \/>\n\t<meta property=\"og:image:type\" content=\"image\/jpeg\" \/>\n<meta name=\"twitter:card\" content=\"summary_large_image\" \/>\n<!-- \/ Yoast SEO plugin. -->","yoast_head_json":{"title":"\u0130lham \u018fliyev daha 23 k\u0259ndin i\u015f\u011faldan azad edildiyini a\u00e7\u0131qlad\u0131 - MEYDAN.TV","robots":{"index":"index","follow":"follow","max-snippet":"max-snippet:-1","max-image-preview":"max-image-preview:large","max-video-preview":"max-video-preview:-1"},"canonical":"https:\/\/www.meydan.tv\/az\/article\/ilham-eliyev-daha-23-kendin-isgaldan-azad-edildiyini-aciqladi\/","og_locale":"az_AZ","og_type":"article","og_title":"\u0130lham \u018fliyev daha 23 k\u0259ndin i\u015f\u011faldan azad edildiyini a\u00e7\u0131qlad\u0131 - MEYDAN.TV","og_description":"Az\u0259rbaycan ordusunun i\u015f\u011faldan azad etdiyi \u0259n son \u015f\u0259h\u0259r is\u0259 \u015eu\u015fad\u0131r.","og_url":"https:\/\/www.meydan.tv\/az\/article\/ilham-eliyev-daha-23-kendin-isgaldan-azad-edildiyini-aciqladi\/","og_site_name":"MEYDAN.TV","article_published_time":"2020-11-09T10:59:32+00:00","og_image":[{"width":2560,"height":1707,"url":"https:\/\/www.meydan.tv\/wp-content\/uploads\/image_from_ios_6_qnj1pn3-scaled.jpg","type":"image\/jpeg"}],"twitter_card":"summary_large_image","schema":{"@context":"https:\/\/schema.org","@graph":[{"@type":"Article","@id":"https:\/\/www.meydan.tv\/az\/article\/ilham-eliyev-daha-23-kendin-isgaldan-azad-edildiyini-aciqladi\/#article","isPartOf":{"@id":"https:\/\/www.meydan.tv\/az\/article\/ilham-eliyev-daha-23-kendin-isgaldan-azad-edildiyini-aciqladi\/"},"author":{"name":"user-manager","@id":"https:\/\/www.meydan.tv\/az\/#\/schema\/person\/10d11eccf6da3662cf5fdab9806ea91a"},"headline":"\u0130lham \u018fliyev daha 23 k\u0259ndin i\u015f\u011faldan azad edildiyini a\u00e7\u0131qlad\u0131","datePublished":"2020-11-09T10:59:32+00:00","mainEntityOfPage":{"@id":"https:\/\/www.meydan.tv\/az\/article\/ilham-eliyev-daha-23-kendin-isgaldan-azad-edildiyini-aciqladi\/"},"wordCount":156,"publisher":{"@id":"https:\/\/www.meydan.tv\/az\/#organization"},"image":{"@id":"https:\/\/www.meydan.tv\/az\/article\/ilham-eliyev-daha-23-kendin-isgaldan-azad-edildiyini-aciqladi\/#primaryimage"},"thumbnailUrl":"https:\/\/www.meydan.tv\/wp-content\/uploads\/image_from_ios_6_qnj1pn3-scaled.jpg","articleSection":["Siyas\u0259t"],"inLanguage":"az"},{"@type":"WebPage","@id":"https:\/\/www.meydan.tv\/az\/article\/ilham-eliyev-daha-23-kendin-isgaldan-azad-edildiyini-aciqladi\/","url":"https:\/\/www.meydan.tv\/az\/article\/ilham-eliyev-daha-23-kendin-isgaldan-azad-edildiyini-aciqladi\/","name":"\u0130lham \u018fliyev daha 23 k\u0259ndin i\u015f\u011faldan azad edildiyini a\u00e7\u0131qlad\u0131 - MEYDAN.TV","isPartOf":{"@id":"https:\/\/www.meydan.tv\/az\/#website"},"primaryImageOfPage":{"@id":"https:\/\/www.meydan.tv\/az\/article\/ilham-eliyev-daha-23-kendin-isgaldan-azad-edildiyini-aciqladi\/#primaryimage"},"image":{"@id":"https:\/\/www.meydan.tv\/az\/article\/ilham-eliyev-daha-23-kendin-isgaldan-azad-edildiyini-aciqladi\/#primaryimage"},"thumbnailUrl":"https:\/\/www.meydan.tv\/wp-content\/uploads\/image_from_ios_6_qnj1pn3-scaled.jpg","datePublished":"2020-11-09T10:59:32+00:00","breadcrumb":{"@id":"https:\/\/www.meydan.tv\/az\/article\/ilham-eliyev-daha-23-kendin-isgaldan-azad-edildiyini-aciqladi\/#breadcrumb"},"inLanguage":"az","potentialAction":[{"@type":"ReadAction","target":["https:\/\/www.meydan.tv\/az\/article\/ilham-eliyev-daha-23-kendin-isgaldan-azad-edildiyini-aciqladi\/"]}]},{"@type":"ImageObject","inLanguage":"az","@id":"https:\/\/www.meydan.tv\/az\/article\/ilham-eliyev-daha-23-kendin-isgaldan-azad-edildiyini-aciqladi\/#primaryimage","url":"https:\/\/www.meydan.tv\/wp-content\/uploads\/image_from_ios_6_qnj1pn3-scaled.jpg","contentUrl":"https:\/\/www.meydan.tv\/wp-content\/uploads\/image_from_ios_6_qnj1pn3-scaled.jpg","width":2560,"height":1707,"caption":"Source: Meydan TV"},{"@type":"BreadcrumbList","@id":"https:\/\/www.meydan.tv\/az\/article\/ilham-eliyev-daha-23-kendin-isgaldan-azad-edildiyini-aciqladi\/#breadcrumb","itemListElement":[{"@type":"ListItem","position":1,"name":"Ana s\u0259hif\u0259","item":"https:\/\/www.meydan.tv\/az\/"},{"@type":"ListItem","position":2,"name":"Siyas\u0259t","item":"https:\/\/www.meydan.tv\/az\/section\/siyaset\/"},{"@type":"ListItem","position":3,"name":"\u0130lham \u018fliyev daha 23 k\u0259ndin i\u015f\u011faldan azad edildiyini a\u00e7\u0131qlad\u0131"}]},{"@type":"WebSite","@id":"https:\/\/www.meydan.tv\/az\/#website","url":"https:\/\/www.meydan.tv\/az\/","name":"MEYDAN.TV","description":"Meydan TV Az\u0259rbaycan\u0131n media m\u0259kan\u0131ndak\u0131 alternativ s\u0259sidir","publisher":{"@id":"https:\/\/www.meydan.tv\/az\/#organization"},"potentialAction":[{"@type":"SearchAction","target":{"@type":"EntryPoint","urlTemplate":"https:\/\/www.meydan.tv\/az\/?s={search_term_string}"},"query-input":{"@type":"PropertyValueSpecification","valueRequired":true,"valueName":"search_term_string"}}],"inLanguage":"az"},{"@type":"Organization","@id":"https:\/\/www.meydan.tv\/az\/#organization","name":"Meydan TV","url":"https:\/\/www.meydan.tv\/az\/","logo":{"@type":"ImageObject","inLanguage":"az","@id":"https:\/\/www.meydan.tv\/az\/#\/schema\/logo\/image\/","url":"https:\/\/www.meydan.tv\/wp-content\/uploads\/2021\/07\/meydan-logo.svg","contentUrl":"https:\/\/www.meydan.tv\/wp-content\/uploads\/2021\/07\/meydan-logo.svg","width":195,"height":46,"caption":"Meydan TV"},"image":{"@id":"https:\/\/www.meydan.tv\/az\/#\/schema\/logo\/image\/"}},{"@type":"Person","@id":"https:\/\/www.meydan.tv\/az\/#\/schema\/person\/10d11eccf6da3662cf5fdab9806ea91a","name":"user-manager"}]}},"_links":{"self":[{"href":"https:\/\/www.meydan.tv\/az\/wp-json\/wp\/v2\/posts\/203479","targetHints":{"allow":["GET"]}}],"collection":[{"href":"https:\/\/www.meydan.tv\/az\/wp-json\/wp\/v2\/posts"}],"about":[{"href":"https:\/\/www.meydan.tv\/az\/wp-json\/wp\/v2\/types\/post"}],"author":[{"embeddable":true,"href":"https:\/\/www.meydan.tv\/az\/wp-json\/wp\/v2\/users\/11"}],"replies":[{"embeddable":true,"href":"https:\/\/www.meydan.tv\/az\/wp-json\/wp\/v2\/comments?post=203479"}],"version-history":[{"count":0,"href":"https:\/\/www.meydan.tv\/az\/wp-json\/wp\/v2\/posts\/203479\/revisions"}],"wp:featuredmedia":[{"embeddable":true,"href":"https:\/\/www.meydan.tv\/az\/wp-json\/wp\/v2\/media\/151065"}],"wp:attachment":[{"href":"https:\/\/www.meydan.tv\/az\/wp-json\/wp\/v2\/media?parent=203479"}],"wp:term":[{"taxonomy":"category","embeddable":true,"href":"https:\/\/www.meydan.tv\/az\/wp-json\/wp\/v2\/categories?post=203479"},{"taxonomy":"post_tag","embeddable":true,"href":"https:\/\/www.meydan.tv\/az\/wp-json\/wp\/v2\/tags?post=203479"}],"curies":[{"name":"wp","href":"https:\/\/api.w.org\/{rel}","templated":true}]}}