{"id":203438,"date":"2020-11-06T14:56:43","date_gmt":"2020-11-06T14:56:43","guid":{"rendered":"https:\/\/www.meydan.tv\/article\/goycay-sakini-7-ildir-qezali-evde-yasayiriq\/"},"modified":"2020-11-06T14:56:43","modified_gmt":"2020-11-06T14:56:43","slug":"goycay-sakini-7-ildir-qezali-evde-yasayiriq","status":"publish","type":"post","link":"https:\/\/www.meydan.tv\/az\/article\/goycay-sakini-7-ildir-qezali-evde-yasayiriq\/","title":{"rendered":"G\u00f6y\u00e7ay sakini: 7 ildir q\u0259zal\u0131 evd\u0259 ya\u015fay\u0131r\u0131q"},"content":{"rendered":"<p>\n  <i><br \/>\n    \u201cT\u0259bii f\u0259lak\u0259td\u0259n sonra evim q\u0259zal\u0131 duruma d\u00fc\u015f\u00fcb, aidiyyat\u0131 qurumlar baxm\u0131r\u201d<br \/>\n  <\/i>\n<\/p>\n<p>\n  G\u00f6y\u00e7ay\u0131n \u00c7ayarx\u0131 k\u0259ndind\u0259 ya\u015fayan Sevinc H\u00fcmb\u0259tovan\u0131n evi q\u0259zal\u0131d\u0131r. Deyir, 2 \u00f6vlad\u0131 v\u0259 \u00fcr\u0259k x\u0259st\u0259si olan h\u0259yat yolda\u015f\u0131 il\u0259 birg\u0259 7 ildir q\u0259zal\u0131 v\u0259ziyy\u0259td\u0259 olan evd\u0259 ya\u015fay\u0131r. O, evl\u0259rinin t\u0259bii f\u0259lak\u0259td\u0259n q\u0259zal\u0131 duruma d\u00fc\u015fd\u00fcy\u00fcn\u00fc bildirir. \u018flav\u0259 edir ki, d\u00f6vl\u0259t yard\u0131m etm\u0259li oldu\u011fu halda, aidiyyat\u0131 qurumlar \u015fikay\u0259tin\u0259 m\u0259h\u0259l qoymur:\n<\/p>\n<p>\n  \u201c2013-c\u00fc ild\u0259 d\u0259f\u0259l\u0259rl\u0259 ya\u011fan dolu evimizin \u00fcst\u00fcn\u00fc, t\u0259s\u0259rr\u00fcfat\u0131m\u0131z\u0131 pis g\u00fcn\u0259 qoydu. \u00d6lm\u0259dik, birt\u0259h\u0259r doland\u0131q, amma q\u0131zal\u0131 duruma d\u00fc\u015f\u0259n tavan\u0131m\u0131z\u0131 t\u0259mir etm\u0259y\u0259 imkan\u0131m\u0131z \u00e7atmad\u0131. N\u0259tic\u0259d\u0259 7 ildir ki, tavan\u0131 daman, dam\u0131 de\u015fik-de\u015fik olan evd\u0259 ya\u015fay\u0131r\u0131q\u201d.\n<\/p>\n<p>\n  <b><br \/>\n    \u201cG\u0259lib bax\u0131blar, \u00f6zl\u0259ri d\u0259 bilir, q\u0259zal\u0131d\u0131r\u201d<br \/>\n  <\/b>\n<\/p>\n<p>\n  Sevinc H\u00fcmb\u0259tova deyir ki, d\u00f6vl\u0259td\u0259n \u00e7ox \u015fey t\u0259l\u0259b etmir. Sad\u0259c\u0259 haqq\u0131 olan\u0131 ist\u0259yir:\n<\/p>\n<p>\n  \u201cT\u0259bii f\u0259lak\u0259t zaman\u0131 d\u0259y\u0259n z\u0259r\u0259ri d\u00f6vl\u0259t \u00f6d\u0259yir. M\u0259n yalan dan\u0131\u015fm\u0131ram, g\u0259lib d\u0259f\u0259l\u0259rl\u0259 bax\u0131blar, \u00f6zl\u0259ri d\u0259 bilir. Evimin tavan\u0131 q\u0259zal\u0131d\u0131r. Demir\u0259m ki, m\u0259n\u0259 ev tikib verin. T\u0259kc\u0259 tavan\u0131n\u0131 d\u00fcz\u0259ldin, b\u0259simizdir. Bir d\u0259f\u0259 usta g\u0259ldi. \u00d6l\u00e7d\u00fc-bi\u00e7di, dedi, \u201c2000 manata yax\u0131n pul tutacaq\u201d. O pulu verm\u0259y\u0259 bizim g\u00fcc\u00fcm\u00fcz \u00e7atm\u0131r. \u0130cra hakimiyy\u0259tinin d\u0259 g\u00fcc\u00fc \u00e7atm\u0131r? O q\u0259d\u0259r b\u00f6y\u00fck m\u0259bl\u0259\u011f deyil ax\u0131\u201c.\n<\/p>\n<p>\n  <b><br \/>\n    \u201c\u00d6z\u00fcm deyib, \u00f6z\u00fcm e\u015fidir\u0259m, \u015fikay\u0259tim\u0259 baxm\u0131rlar\u201d<br \/>\n  <\/b>\n<\/p>\n<p>\n  \u015eikay\u0259t\u00e7i \u0259lav\u0259 edir ki, bir d\u0259f\u0259 ona evinin tavan\u0131n\u0131 t\u0259mir etm\u0259k \u00fc\u00e7\u00fcn material veribl\u0259r. Ancaq h\u0259min material tavandak\u0131 b\u00fct\u00fcn de\u015fikl\u0259ri tutma\u011fa b\u0259s etm\u0259yib:\n<\/p>\n<p>\n  \u201cB\u0259s etm\u0259di. Yen\u0259 ya\u011f\u0131\u015fda-qarda evin i\u00e7in\u0259 su dam\u0131r. \u018flimd\u0259n g\u0259l\u0259n tavana vedr\u0259-vanna, qab-qacaq d\u00fczm\u0259kdir. 2013-c\u00fc ild\u0259n bu yana G\u00f6y\u00e7ayda bir ne\u00e7\u0259 d\u0259f\u0259 icra ba\u015f\u00e7\u0131s\u0131 d\u0259yi\u015fib. M\u0259n ham\u0131s\u0131n\u0131n q\u0259bulunda olmu\u015fam. He\u00e7 biri d\u0259 k\u00f6m\u0259k etm\u0259yib. Anlam\u0131ram, Prezident bu insanlar\u0131 h\u0259min v\u0259zif\u0259y\u0259 niy\u0259 t\u0259yin edir? Xalqa xidm\u0259t etm\u0259k \u00fc\u00e7\u00fcn edirs\u0259, b\u0259s niy\u0259 k\u00f6m\u0259k etmirl\u0259r? 2 min manat n\u0259dir ki, m\u0259n ondan \u00f6tr\u00fc 50 d\u0259f\u0259 icra hakimiyy\u0259tin\u0259 getmi\u015f\u0259m, b\u00fct\u00fcn aidiyyat\u0131 qurumlara m\u0259ktub yazm\u0131\u015fam. H\u0259l\u0259 d\u0259 \u00f6z\u00fcm deyib, \u00f6z\u00fcm e\u015fidir\u0259m\u201d.\n<\/p>\n<figure class=\"wp-block-image size-large\">\n  <img decoding=\"async\" src=\"https:\/\/www.meydan.tv\/az\/evin-veziyyeti-23\/\" alt=\"Evin v\u0259ziyy\u0259ti\" class=\"wp-image-151047\"\/><figcaption>\n    Evin v\u0259ziyy\u0259ti<br \/>\n  <\/figcaption><\/figure>\n<p>\n  <b><br \/>\n    <i><br \/>\n      \u201cHe\u00e7 soru\u015fmurlar ki, v\u0259t\u0259nda\u015f, d\u0259rdin n\u0259dir?\u201d<br \/>\n    <\/i><br \/>\n  <\/b>\n<\/p>\n<p>\n  Sevinc H\u00fcmb\u0259tova aidiyyat\u0131 qurumlara yazd\u0131\u011f\u0131 \u015fikay\u0259t m\u0259ktublar\u0131n\u0131n say-hesab\u0131n\u0131 da itirib. Prezident Administrasiyas\u0131na, G\u00f6y\u00e7ay Rayon \u0130cra Hakimiyy\u0259tin\u0259, Birinci Vitese-prezident Mehriban \u018fliyevaya, \u0259vv\u0259lki Ombudsman Elmira S\u00fcleymanovaya, indiki Ombudsman Sevinc H\u0259s\u0259ynovaya \u2013 ham\u0131ya m\u0259ktub g\u00f6nd\u0259rib. Deyir: \u201cBaxan yoxdur. He\u00e7 soru\u015fmurlar ki, v\u0259t\u0259nda\u015f, d\u0259rdin n\u0259dir?\u201d\n<\/p>\n<p>\n  Sevinc H\u00fcmb\u0259tovan\u0131n b\u00f6y\u00fck o\u011flu g\u0259l\u0259n il h\u0259rbi xidm\u0259t\u0259 yollanacaq. Deyir, o\u011flu v\u0259t\u0259n\u0259 xidm\u0259t\u0259 ged\u0259c\u0259k, amma bu g\u00fcn ya\u011f\u0131\u015f ya\u011fanda yata\u011f\u0131na su dam\u0131r:\n<\/p>\n<p>\n  \u201cOnun b\u00f6y\u00fcd\u00fcy\u00fc ev\u0259, ya\u015fad\u0131\u011f\u0131 \u015f\u0259rait\u0259 bax\u0131n. Vallah, imkan\u0131m olsa, \u00f6z\u00fcm ed\u0259r\u0259m. Yoxdur. \u00d6z\u00fcm s\u00fcp\u00fcrg\u0259\u00e7i i\u015fl\u0259yir\u0259m, o\u011flum marketd\u0259 paket\u00e7idir. Yolda\u015f\u0131m is\u0259 \u00fcr\u0259k x\u0259st\u0259sidir, i\u015fl\u0259mir. M\u0259nim tavan\u0131 t\u0259mir etdirm\u0259k \u00fc\u00e7\u00fcn he\u00e7 100 manat\u0131m da yoxdur, qald\u0131, 2000 manat ola. Bel\u0259 olan halda n\u0259 edim, bilmir\u0259m\u201d.\n<\/p>\n<p>\n  <b><br \/>\n    Evi kim t\u0259mir etm\u0259lidir?<br \/>\n  <\/b>\n<\/p>\n<p>\n  Qanunla t\u0259bii f\u0259lak\u0259td\u0259n z\u0259r\u0259r \u00e7\u0259kmi\u015f evl\u0259rin t\u0259miri il\u0259 yerli icra hakimiyy\u0259ti v\u0259 F\u00f6vq\u0259lad\u0259 Hallar Nazirliyi (FHN) \u0259m\u0259kda\u015flar\u0131ndan ibar\u0259t birg\u0259 komissiya m\u0259\u015f\u011ful olur.\n<\/p>\n<p>\n  G\u00f6y\u00e7ay Rayon \u0130cra Hakimiyy\u0259tind\u0259n Sevinc H\u00fcmb\u0259tovan\u0131n \u015fikay\u0259ti il\u0259 maraqlanacaqlar\u0131n\u0131 s\u00f6yl\u0259yibl\u0259r: \u201cH\u0259qiq\u0259t\u0259n evi t\u0259bii f\u0259lak\u0259t zaman\u0131 q\u0259zal\u0131 duruma d\u00fc\u015f\u00fcbm\u00fc, ara\u015fd\u0131raca\u011f\u0131q. Bununla ba\u011fl\u0131 komissiya var, onlar bax\u0131b qiym\u0259tl\u0259ndirir. T\u0259bii f\u0259lak\u0259t zaman\u0131 q\u0259zal\u0131 duruma d\u00fc\u015f\u0259n evl\u0259r\u0259 k\u00f6m\u0259k edilir\u201d.\n<\/p>\n<figure class=\"wp-block-image size-large\">\n  <img decoding=\"async\" src=\"https:\/\/www.meydan.tv\/az\/evin-veziyyeti-22\/\" alt=\"Evin v\u0259ziyy\u0259ti\" class=\"wp-image-151041\"\/><figcaption>\n    Evin v\u0259ziyy\u0259ti<br \/>\n  <\/figcaption><\/figure>\n<figure class=\"wp-block-image size-large\">\n  <img decoding=\"async\" src=\"https:\/\/www.meydan.tv\/az\/evin-veziyyeti-24\/\" alt=\"Evin v\u0259ziyy\u0259ti\" class=\"wp-image-151044\"\/><figcaption>\n    Evin v\u0259ziyy\u0259ti<br \/>\n  <\/figcaption><\/figure>\n<figure class=\"wp-block-image size-large\">\n  <img decoding=\"async\" src=\"https:\/\/www.meydan.tv\/az\/evin-veziyyeti-21\/\" alt=\"Evin v\u0259ziyy\u0259ti\" class=\"wp-image-151038\"\/><figcaption>\n    Evin v\u0259ziyy\u0259ti<br \/>\n  <\/figcaption><\/figure>\n","protected":false},"excerpt":{"rendered":"<p>\u201cT\u0259bii f\u0259lak\u0259td\u0259n sonra evim q\u0259zal\u0131 duruma d\u00fc\u015f\u00fcb, aidiyyat\u0131 qurumlar baxm\u0131r\u201d<\/p>\n","protected":false},"author":11,"featured_media":151050,"comment_status":"closed","ping_status":"open","sticky":false,"template":"","format":"standard","meta":{"_acf_changed":false,"_sitemap_exclude":false,"_sitemap_priority":"","_sitemap_frequency":"","footnotes":""},"categories":[60],"tags":[],"class_list":["post-203438","post","type-post","status-publish","format-standard","has-post-thumbnail","hentry","category-bolge","infinite-scroll-item","generate-columns","tablet-grid-50","mobile-grid-100","grid-parent","grid-33","no-featured-image-padding"],"acf":[],"yoast_head":"<!-- This site is optimized with the Yoast SEO plugin v27.5 - https:\/\/yoast.com\/product\/yoast-seo-wordpress\/ -->\n<title>G\u00f6y\u00e7ay sakini: 7 ildir q\u0259zal\u0131 evd\u0259 ya\u015fay\u0131r\u0131q - MEYDAN.TV<\/title>\n<meta name=\"robots\" content=\"index, follow, max-snippet:-1, max-image-preview:large, max-video-preview:-1\" \/>\n<link rel=\"canonical\" href=\"https:\/\/www.meydan.tv\/az\/article\/goycay-sakini-7-ildir-qezali-evde-yasayiriq\/\" \/>\n<meta property=\"og:locale\" content=\"az_AZ\" \/>\n<meta property=\"og:type\" content=\"article\" \/>\n<meta property=\"og:title\" content=\"G\u00f6y\u00e7ay sakini: 7 ildir q\u0259zal\u0131 evd\u0259 ya\u015fay\u0131r\u0131q - MEYDAN.TV\" \/>\n<meta property=\"og:description\" content=\"\u201cT\u0259bii f\u0259lak\u0259td\u0259n sonra evim q\u0259zal\u0131 duruma d\u00fc\u015f\u00fcb, aidiyyat\u0131 qurumlar baxm\u0131r\u201d\" \/>\n<meta property=\"og:url\" content=\"https:\/\/www.meydan.tv\/az\/article\/goycay-sakini-7-ildir-qezali-evde-yasayiriq\/\" \/>\n<meta property=\"og:site_name\" content=\"MEYDAN.TV\" \/>\n<meta property=\"article:published_time\" content=\"2020-11-06T14:56:43+00:00\" \/>\n<meta property=\"og:image\" content=\"https:\/\/www.meydan.tv\/wp-content\/uploads\/img_2635-scaled.jpg\" \/>\n\t<meta property=\"og:image:width\" content=\"2560\" \/>\n\t<meta property=\"og:image:height\" content=\"1920\" \/>\n\t<meta property=\"og:image:type\" content=\"image\/jpeg\" \/>\n<meta name=\"author\" content=\"user-manager\" \/>\n<meta name=\"twitter:card\" content=\"summary_large_image\" \/>\n<script type=\"application\/ld+json\" class=\"yoast-schema-graph\">{\"@context\":\"https:\\\/\\\/schema.org\",\"@graph\":[{\"@type\":\"Article\",\"@id\":\"https:\\\/\\\/www.meydan.tv\\\/az\\\/article\\\/goycay-sakini-7-ildir-qezali-evde-yasayiriq\\\/#article\",\"isPartOf\":{\"@id\":\"https:\\\/\\\/www.meydan.tv\\\/az\\\/article\\\/goycay-sakini-7-ildir-qezali-evde-yasayiriq\\\/\"},\"author\":{\"name\":\"user-manager\",\"@id\":\"https:\\\/\\\/www.meydan.tv\\\/az\\\/#\\\/schema\\\/person\\\/10d11eccf6da3662cf5fdab9806ea91a\"},\"headline\":\"G\u00f6y\u00e7ay sakini: 7 ildir q\u0259zal\u0131 evd\u0259 ya\u015fay\u0131r\u0131q\",\"datePublished\":\"2020-11-06T14:56:43+00:00\",\"mainEntityOfPage\":{\"@id\":\"https:\\\/\\\/www.meydan.tv\\\/az\\\/article\\\/goycay-sakini-7-ildir-qezali-evde-yasayiriq\\\/\"},\"wordCount\":805,\"publisher\":{\"@id\":\"https:\\\/\\\/www.meydan.tv\\\/az\\\/#organization\"},\"image\":{\"@id\":\"https:\\\/\\\/www.meydan.tv\\\/az\\\/article\\\/goycay-sakini-7-ildir-qezali-evde-yasayiriq\\\/#primaryimage\"},\"thumbnailUrl\":\"https:\\\/\\\/www.meydan.tv\\\/wp-content\\\/uploads\\\/img_2635-scaled.jpg\",\"articleSection\":[\"B\u00f6lg\u0259\"],\"inLanguage\":\"az\"},{\"@type\":\"WebPage\",\"@id\":\"https:\\\/\\\/www.meydan.tv\\\/az\\\/article\\\/goycay-sakini-7-ildir-qezali-evde-yasayiriq\\\/\",\"url\":\"https:\\\/\\\/www.meydan.tv\\\/az\\\/article\\\/goycay-sakini-7-ildir-qezali-evde-yasayiriq\\\/\",\"name\":\"G\u00f6y\u00e7ay sakini: 7 ildir q\u0259zal\u0131 evd\u0259 ya\u015fay\u0131r\u0131q - MEYDAN.TV\",\"isPartOf\":{\"@id\":\"https:\\\/\\\/www.meydan.tv\\\/az\\\/#website\"},\"primaryImageOfPage\":{\"@id\":\"https:\\\/\\\/www.meydan.tv\\\/az\\\/article\\\/goycay-sakini-7-ildir-qezali-evde-yasayiriq\\\/#primaryimage\"},\"image\":{\"@id\":\"https:\\\/\\\/www.meydan.tv\\\/az\\\/article\\\/goycay-sakini-7-ildir-qezali-evde-yasayiriq\\\/#primaryimage\"},\"thumbnailUrl\":\"https:\\\/\\\/www.meydan.tv\\\/wp-content\\\/uploads\\\/img_2635-scaled.jpg\",\"datePublished\":\"2020-11-06T14:56:43+00:00\",\"breadcrumb\":{\"@id\":\"https:\\\/\\\/www.meydan.tv\\\/az\\\/article\\\/goycay-sakini-7-ildir-qezali-evde-yasayiriq\\\/#breadcrumb\"},\"inLanguage\":\"az\",\"potentialAction\":[{\"@type\":\"ReadAction\",\"target\":[\"https:\\\/\\\/www.meydan.tv\\\/az\\\/article\\\/goycay-sakini-7-ildir-qezali-evde-yasayiriq\\\/\"]}]},{\"@type\":\"ImageObject\",\"inLanguage\":\"az\",\"@id\":\"https:\\\/\\\/www.meydan.tv\\\/az\\\/article\\\/goycay-sakini-7-ildir-qezali-evde-yasayiriq\\\/#primaryimage\",\"url\":\"https:\\\/\\\/www.meydan.tv\\\/wp-content\\\/uploads\\\/img_2635-scaled.jpg\",\"contentUrl\":\"https:\\\/\\\/www.meydan.tv\\\/wp-content\\\/uploads\\\/img_2635-scaled.jpg\",\"width\":2560,\"height\":1920,\"caption\":\"Source: Meydan Tv\"},{\"@type\":\"BreadcrumbList\",\"@id\":\"https:\\\/\\\/www.meydan.tv\\\/az\\\/article\\\/goycay-sakini-7-ildir-qezali-evde-yasayiriq\\\/#breadcrumb\",\"itemListElement\":[{\"@type\":\"ListItem\",\"position\":1,\"name\":\"Ana s\u0259hif\u0259\",\"item\":\"https:\\\/\\\/www.meydan.tv\\\/az\\\/\"},{\"@type\":\"ListItem\",\"position\":2,\"name\":\"B\u00f6lg\u0259\",\"item\":\"https:\\\/\\\/www.meydan.tv\\\/az\\\/section\\\/bolge\\\/\"},{\"@type\":\"ListItem\",\"position\":3,\"name\":\"G\u00f6y\u00e7ay sakini: 7 ildir q\u0259zal\u0131 evd\u0259 ya\u015fay\u0131r\u0131q\"}]},{\"@type\":\"WebSite\",\"@id\":\"https:\\\/\\\/www.meydan.tv\\\/az\\\/#website\",\"url\":\"https:\\\/\\\/www.meydan.tv\\\/az\\\/\",\"name\":\"MEYDAN.TV\",\"description\":\"Meydan TV Az\u0259rbaycan\u0131n media m\u0259kan\u0131ndak\u0131 alternativ s\u0259sidir\",\"publisher\":{\"@id\":\"https:\\\/\\\/www.meydan.tv\\\/az\\\/#organization\"},\"potentialAction\":[{\"@type\":\"SearchAction\",\"target\":{\"@type\":\"EntryPoint\",\"urlTemplate\":\"https:\\\/\\\/www.meydan.tv\\\/az\\\/?s={search_term_string}\"},\"query-input\":{\"@type\":\"PropertyValueSpecification\",\"valueRequired\":true,\"valueName\":\"search_term_string\"}}],\"inLanguage\":\"az\"},{\"@type\":\"Organization\",\"@id\":\"https:\\\/\\\/www.meydan.tv\\\/az\\\/#organization\",\"name\":\"Meydan TV\",\"url\":\"https:\\\/\\\/www.meydan.tv\\\/az\\\/\",\"logo\":{\"@type\":\"ImageObject\",\"inLanguage\":\"az\",\"@id\":\"https:\\\/\\\/www.meydan.tv\\\/az\\\/#\\\/schema\\\/logo\\\/image\\\/\",\"url\":\"https:\\\/\\\/www.meydan.tv\\\/wp-content\\\/uploads\\\/2021\\\/07\\\/meydan-logo.svg\",\"contentUrl\":\"https:\\\/\\\/www.meydan.tv\\\/wp-content\\\/uploads\\\/2021\\\/07\\\/meydan-logo.svg\",\"width\":195,\"height\":46,\"caption\":\"Meydan TV\"},\"image\":{\"@id\":\"https:\\\/\\\/www.meydan.tv\\\/az\\\/#\\\/schema\\\/logo\\\/image\\\/\"}},{\"@type\":\"Person\",\"@id\":\"https:\\\/\\\/www.meydan.tv\\\/az\\\/#\\\/schema\\\/person\\\/10d11eccf6da3662cf5fdab9806ea91a\",\"name\":\"user-manager\"}]}<\/script>\n<!-- \/ Yoast SEO plugin. -->","yoast_head_json":{"title":"G\u00f6y\u00e7ay sakini: 7 ildir q\u0259zal\u0131 evd\u0259 ya\u015fay\u0131r\u0131q - MEYDAN.TV","robots":{"index":"index","follow":"follow","max-snippet":"max-snippet:-1","max-image-preview":"max-image-preview:large","max-video-preview":"max-video-preview:-1"},"canonical":"https:\/\/www.meydan.tv\/az\/article\/goycay-sakini-7-ildir-qezali-evde-yasayiriq\/","og_locale":"az_AZ","og_type":"article","og_title":"G\u00f6y\u00e7ay sakini: 7 ildir q\u0259zal\u0131 evd\u0259 ya\u015fay\u0131r\u0131q - MEYDAN.TV","og_description":"\u201cT\u0259bii f\u0259lak\u0259td\u0259n sonra evim q\u0259zal\u0131 duruma d\u00fc\u015f\u00fcb, aidiyyat\u0131 qurumlar baxm\u0131r\u201d","og_url":"https:\/\/www.meydan.tv\/az\/article\/goycay-sakini-7-ildir-qezali-evde-yasayiriq\/","og_site_name":"MEYDAN.TV","article_published_time":"2020-11-06T14:56:43+00:00","og_image":[{"width":2560,"height":1920,"url":"https:\/\/www.meydan.tv\/wp-content\/uploads\/img_2635-scaled.jpg","type":"image\/jpeg"}],"author":"user-manager","twitter_card":"summary_large_image","schema":{"@context":"https:\/\/schema.org","@graph":[{"@type":"Article","@id":"https:\/\/www.meydan.tv\/az\/article\/goycay-sakini-7-ildir-qezali-evde-yasayiriq\/#article","isPartOf":{"@id":"https:\/\/www.meydan.tv\/az\/article\/goycay-sakini-7-ildir-qezali-evde-yasayiriq\/"},"author":{"name":"user-manager","@id":"https:\/\/www.meydan.tv\/az\/#\/schema\/person\/10d11eccf6da3662cf5fdab9806ea91a"},"headline":"G\u00f6y\u00e7ay sakini: 7 ildir q\u0259zal\u0131 evd\u0259 ya\u015fay\u0131r\u0131q","datePublished":"2020-11-06T14:56:43+00:00","mainEntityOfPage":{"@id":"https:\/\/www.meydan.tv\/az\/article\/goycay-sakini-7-ildir-qezali-evde-yasayiriq\/"},"wordCount":805,"publisher":{"@id":"https:\/\/www.meydan.tv\/az\/#organization"},"image":{"@id":"https:\/\/www.meydan.tv\/az\/article\/goycay-sakini-7-ildir-qezali-evde-yasayiriq\/#primaryimage"},"thumbnailUrl":"https:\/\/www.meydan.tv\/wp-content\/uploads\/img_2635-scaled.jpg","articleSection":["B\u00f6lg\u0259"],"inLanguage":"az"},{"@type":"WebPage","@id":"https:\/\/www.meydan.tv\/az\/article\/goycay-sakini-7-ildir-qezali-evde-yasayiriq\/","url":"https:\/\/www.meydan.tv\/az\/article\/goycay-sakini-7-ildir-qezali-evde-yasayiriq\/","name":"G\u00f6y\u00e7ay sakini: 7 ildir q\u0259zal\u0131 evd\u0259 ya\u015fay\u0131r\u0131q - MEYDAN.TV","isPartOf":{"@id":"https:\/\/www.meydan.tv\/az\/#website"},"primaryImageOfPage":{"@id":"https:\/\/www.meydan.tv\/az\/article\/goycay-sakini-7-ildir-qezali-evde-yasayiriq\/#primaryimage"},"image":{"@id":"https:\/\/www.meydan.tv\/az\/article\/goycay-sakini-7-ildir-qezali-evde-yasayiriq\/#primaryimage"},"thumbnailUrl":"https:\/\/www.meydan.tv\/wp-content\/uploads\/img_2635-scaled.jpg","datePublished":"2020-11-06T14:56:43+00:00","breadcrumb":{"@id":"https:\/\/www.meydan.tv\/az\/article\/goycay-sakini-7-ildir-qezali-evde-yasayiriq\/#breadcrumb"},"inLanguage":"az","potentialAction":[{"@type":"ReadAction","target":["https:\/\/www.meydan.tv\/az\/article\/goycay-sakini-7-ildir-qezali-evde-yasayiriq\/"]}]},{"@type":"ImageObject","inLanguage":"az","@id":"https:\/\/www.meydan.tv\/az\/article\/goycay-sakini-7-ildir-qezali-evde-yasayiriq\/#primaryimage","url":"https:\/\/www.meydan.tv\/wp-content\/uploads\/img_2635-scaled.jpg","contentUrl":"https:\/\/www.meydan.tv\/wp-content\/uploads\/img_2635-scaled.jpg","width":2560,"height":1920,"caption":"Source: Meydan Tv"},{"@type":"BreadcrumbList","@id":"https:\/\/www.meydan.tv\/az\/article\/goycay-sakini-7-ildir-qezali-evde-yasayiriq\/#breadcrumb","itemListElement":[{"@type":"ListItem","position":1,"name":"Ana s\u0259hif\u0259","item":"https:\/\/www.meydan.tv\/az\/"},{"@type":"ListItem","position":2,"name":"B\u00f6lg\u0259","item":"https:\/\/www.meydan.tv\/az\/section\/bolge\/"},{"@type":"ListItem","position":3,"name":"G\u00f6y\u00e7ay sakini: 7 ildir q\u0259zal\u0131 evd\u0259 ya\u015fay\u0131r\u0131q"}]},{"@type":"WebSite","@id":"https:\/\/www.meydan.tv\/az\/#website","url":"https:\/\/www.meydan.tv\/az\/","name":"MEYDAN.TV","description":"Meydan TV Az\u0259rbaycan\u0131n media m\u0259kan\u0131ndak\u0131 alternativ s\u0259sidir","publisher":{"@id":"https:\/\/www.meydan.tv\/az\/#organization"},"potentialAction":[{"@type":"SearchAction","target":{"@type":"EntryPoint","urlTemplate":"https:\/\/www.meydan.tv\/az\/?s={search_term_string}"},"query-input":{"@type":"PropertyValueSpecification","valueRequired":true,"valueName":"search_term_string"}}],"inLanguage":"az"},{"@type":"Organization","@id":"https:\/\/www.meydan.tv\/az\/#organization","name":"Meydan TV","url":"https:\/\/www.meydan.tv\/az\/","logo":{"@type":"ImageObject","inLanguage":"az","@id":"https:\/\/www.meydan.tv\/az\/#\/schema\/logo\/image\/","url":"https:\/\/www.meydan.tv\/wp-content\/uploads\/2021\/07\/meydan-logo.svg","contentUrl":"https:\/\/www.meydan.tv\/wp-content\/uploads\/2021\/07\/meydan-logo.svg","width":195,"height":46,"caption":"Meydan TV"},"image":{"@id":"https:\/\/www.meydan.tv\/az\/#\/schema\/logo\/image\/"}},{"@type":"Person","@id":"https:\/\/www.meydan.tv\/az\/#\/schema\/person\/10d11eccf6da3662cf5fdab9806ea91a","name":"user-manager"}]}},"_links":{"self":[{"href":"https:\/\/www.meydan.tv\/az\/wp-json\/wp\/v2\/posts\/203438","targetHints":{"allow":["GET"]}}],"collection":[{"href":"https:\/\/www.meydan.tv\/az\/wp-json\/wp\/v2\/posts"}],"about":[{"href":"https:\/\/www.meydan.tv\/az\/wp-json\/wp\/v2\/types\/post"}],"author":[{"embeddable":true,"href":"https:\/\/www.meydan.tv\/az\/wp-json\/wp\/v2\/users\/11"}],"replies":[{"embeddable":true,"href":"https:\/\/www.meydan.tv\/az\/wp-json\/wp\/v2\/comments?post=203438"}],"version-history":[{"count":0,"href":"https:\/\/www.meydan.tv\/az\/wp-json\/wp\/v2\/posts\/203438\/revisions"}],"wp:featuredmedia":[{"embeddable":true,"href":"https:\/\/www.meydan.tv\/az\/wp-json\/wp\/v2\/media\/151050"}],"wp:attachment":[{"href":"https:\/\/www.meydan.tv\/az\/wp-json\/wp\/v2\/media?parent=203438"}],"wp:term":[{"taxonomy":"category","embeddable":true,"href":"https:\/\/www.meydan.tv\/az\/wp-json\/wp\/v2\/categories?post=203438"},{"taxonomy":"post_tag","embeddable":true,"href":"https:\/\/www.meydan.tv\/az\/wp-json\/wp\/v2\/tags?post=203438"}],"curies":[{"name":"wp","href":"https:\/\/api.w.org\/{rel}","templated":true}]}}