{"id":203437,"date":"2020-11-06T15:55:00","date_gmt":"2020-11-06T15:55:00","guid":{"rendered":"https:\/\/www.meydan.tv\/article\/yunis-seferov-silah-acilmadi-qundagiyla-vurdum\/"},"modified":"2020-11-06T15:55:00","modified_gmt":"2020-11-06T15:55:00","slug":"yunis-seferov-silah-acilmadi-qundagiyla-vurdum","status":"publish","type":"post","link":"https:\/\/www.meydan.tv\/az\/article\/yunis-seferov-silah-acilmadi-qundagiyla-vurdum\/","title":{"rendered":"Yunis S\u0259f\u0259rov: Silah a\u00e7\u0131lmad\u0131, qunda\u011f\u0131yla vurdum&#8230;"},"content":{"rendered":"<p>\n  <i><br \/>\n    T\u0259qsirl\u0259ndiril\u0259n \u015f\u0259xsin \u00e7\u0131x\u0131\u015f\u0131 Meydan TV-d\u0259 yay\u0131mland\u0131\u011f\u0131na g\u00f6r\u0259 m\u0259hk\u0259m\u0259d\u0259 v\u0259kill\u0259rin telefonlar\u0131n\u0131n \u0259ll\u0259rind\u0259n al\u0131nmas\u0131 g\u00f6st\u0259ri\u015fi verilib<br \/>\n  <\/i>\n<\/p>\n<p>\n  G\u0259nc\u0259nin ke\u00e7mi\u015f icra ba\u015f\u00e7\u0131s\u0131 Elmar V\u0259liyevi \u00f6ld\u00fcrm\u0259y\u0259 c\u0259hdd\u0259 ittiham olunan Yunis S\u0259f\u0259rov bildirir ki, onu vurmaq ist\u0259y\u0259nd\u0259 silah a\u00e7\u0131lmay\u0131b, g\u00fcll\u0259 at\u0131lmay\u0131b. Ona g\u00f6r\u0259 d\u0259 silah\u0131n qunda\u011f\u0131yla ba\u015f nahiy\u0259sind\u0259n x\u0259sar\u0259t yetirib.\n<\/p>\n<p>\n  Bu i\u015f Bak\u0131 A\u011f\u0131r Cinay\u0259tl\u0259r M\u0259hk\u0259m\u0259sind\u0259 hakim \u018ffqan Hac\u0131yevin s\u0259drliyil\u0259 ara\u015fd\u0131r\u0131l\u0131r. M\u0259hk\u0259m\u0259 iclas\u0131nda jurnalistl\u0259rin i\u015ftirak\u0131na qada\u011fa qoyulub. Buna baxmayaraq, \u00f6t\u0259n m\u0259hk\u0259m\u0259 iclas\u0131nda Y.S\u0259f\u0259rovun verdiyi ifad\u0259 Meydan TV-d\u0259 yay\u0131mlan\u0131b. Bunun qar\u015f\u0131s\u0131n\u0131 almaq \u00fc\u00e7\u00fcn noyabr\u0131n 5-d\u0259 ke\u00e7iril\u0259n n\u00f6vb\u0259ti iclasla v\u0259kill\u0259rin telefonlar\u0131n\u0131n al\u0131nmas\u0131na g\u00f6st\u0259ri\u015f verilib. V\u0259kill\u0259r bunu t\u0259zyiq kimi qiym\u0259tl\u0259ndir\u0259r\u0259k, etiraz edib. Bildiribl\u0259r ki, \u0259g\u0259r t\u0259r\u0259fl\u0259r b\u0259rab\u0259r h\u00fcquqludursa, o zaman prokurorlar\u0131n da telefonlar\u0131 al\u0131ns\u0131n. \u00dcst\u0259lik, m\u0259lumat\u0131n yay\u0131lmas\u0131na g\u00f6r\u0259 he\u00e7 bir s\u00fcbut olmadan v\u0259kill\u0259ri ittiham etm\u0259k d\u0259 t\u0259zyiqdir. \u018fn \u0259sas\u0131, a\u00e7\u0131q m\u0259hk\u0259m\u0259 iclas\u0131d\u0131r v\u0259 bel\u0259 ictimai \u00f6n\u0259mli prosesd\u0259 jurnalistl\u0259rin i\u015ftirak\u0131na qada\u011fa qoyma\u011f\u0131n \u00f6z\u00fc qanun pozuntusudur.\n<\/p>\n<p>\n  Bud\u0259f\u0259ki m\u0259hk\u0259m\u0259 iclas\u0131nda Y.S\u0259f\u0259rov prokurorun suallar\u0131n\u0131 cavabland\u0131r\u0131b. O bildirib ki, istintaqdak\u0131 ifad\u0259sini qism\u0259n t\u0259sdiql\u0259yir. \u00c7\u00fcnki h\u0259min ifad\u0259y\u0259 i\u015fg\u0259nc\u0259 alt\u0131nda imza at\u0131b: \u201cO ifad\u0259l\u0259rin \u0259ks\u0259riyy\u0259ti insanl\u0131\u011fa zidd yolla al\u0131n\u0131b&#8230;\u201d\n<\/p>\n<p>\n  Bu m\u0259hk\u0259m\u0259 prosesind\u0259 Y.S\u0259f\u0259rovdan \u0259lav\u0259, daha 11 n\u0259f\u0259r d\u0259 m\u00fchakim\u0259 olunur. Y.S\u0259f\u0259rova onlar, h\u0259m\u00e7inin Rusiyada ya\u015fayan ba\u015fqa tan\u0131\u015flar\u0131 haqda da suallar verilib. O, bu bar\u0259d\u0259 suallar\u0131n bir \u00e7oxunu cavabland\u0131rmaqdan imtina edib: \u201cM\u0259n\u0259 i\u015fg\u0259nc\u0259 verilm\u0259s\u0259ydi, \u015f\u0259xsi h\u0259yat\u0131m bar\u0259d\u0259 istintaqda da dan\u0131\u015fmayacaqd\u0131m\u201d.\n<\/p>\n<p>\n  T\u0259qsirl\u0259ndiril\u0259n \u015f\u0259xsl\u0259rd\u0259n Mahir \u018fzizovu Moskvada m\u0259kt\u0259bd\u0259n tan\u0131d\u0131\u011f\u0131n\u0131 bildirib. Onun s\u00f6zl\u0259rin\u0259 g\u00f6r\u0259, Mahir bac\u0131s\u0131 il\u0259 eyni sinifd\u0259 oxuyurdu. \u00d6z\u00fc is\u0259 h\u0259min vaxt m\u0259kt\u0259bd\u0259 \u201c\u0130nsan v\u0259 c\u0259miyy\u0259t\u201d f\u0259nnini t\u0259dris edirdi.\n<\/p>\n<p>\n  Tan\u0131d\u0131\u011f\u0131 \u015f\u0259xsl\u0259rl\u0259 s\u00f6hb\u0259tl\u0259rind\u0259 Az\u0259rbaycan hakimiyy\u0259ti bar\u0259d\u0259 n\u0259 dan\u0131\u015fmas\u0131 bar\u0259d\u0259 sual\u0131 cavabland\u0131ran Y.S\u0259f\u0259rov bildirib ki, v\u0259t\u0259nind\u0259ki probleml\u0259ri daim m\u00fczakir\u0259 edirdi: \u201c\u00d6lk\u0259d\u0259 ba\u015f ver\u0259n ac\u0131nacaql\u0131 hallar\u0131n aradan qalxmas\u0131 \u00fc\u00e7\u00fcn h\u0259r k\u0259s bel\u0259 m\u00fczakir\u0259l\u0259r aparmal\u0131d\u0131r. Biz d\u00fc\u015f\u00fcnm\u00fc\u015f\u00fck ki, h\u0259r \u015fey h\u00fcquqi yolla h\u0259ll olunmal\u0131d\u0131r. H\u00fcquqi yolla h\u0259ll olunmayanda ba\u015fqa yola \u0259l at\u0131l\u0131r. Sanki bir yan\u011f\u0131n ba\u015f verib, m\u0259n d\u0259 ist\u0259mi\u015f\u0259m ki, ora yar\u0131m vedr\u0259 su at\u0131m. Y\u0259ni hans\u0131sa yolla k\u00f6m\u0259k edim. \u0130st\u0259yirdim ki, h\u0259r \u015fey qanun \u00e7\u0259r\u00e7iv\u0259sind\u0259 olsun. Amma g\u00f6rd\u00fcm ki, al\u0131nmad\u0131\u201c.\n<\/p>\n<p>\n  Y.S\u0259f\u0259rov bildirib ki, istintaq zaman\u0131 imzalad\u0131\u011f\u0131 ifad\u0259 qanuni s\u00fcbut deyil: \u201c\u00c7\u00fcnki o ifad\u0259 qeyri-insani davran\u0131\u015f n\u0259tic\u0259sind\u0259 ortaya \u00e7\u0131x\u0131b. Qanuni yolla \u0259ld\u0259 olunmu\u015f ifad\u0259 deyil. Situasiya bel\u0259dir, m\u0259s\u0259l\u0259n, K\u0259lb\u0259c\u0259rd\u0259 q\u0131z\u0131l yata\u011f\u0131 var, oradan qanunsuz olaraq q\u0131z\u0131l \u00e7\u0131xar\u0131b, saat d\u00fcz\u0259ldibl\u0259r. Dolay\u0131s\u0131yla h\u0259min saat\u0131n da qanunsuz olmas\u0131 anlam\u0131na g\u0259lir\u201d.\n<\/p>\n<p>\n  \u0130ttihamda yaz\u0131l\u0131b ki, t\u0259qsirl\u0259ndiril\u0259n \u015f\u0259xsl\u0259rd\u0259n Hamlet Abdullayev Y.S\u0259f\u0259rova 260 dollara odlu silah sat\u0131b. Y.S\u0259f\u0259rov ondan silah almad\u0131\u011f\u0131n\u0131 bildirib.\n<\/p>\n<p>\n  Bu epizodla \u0259laq\u0259dar prokuror H.Abdullayev\u0259 d\u0259 sual verib. O, cavab\u0131nda bunlar\u0131 deyib: \u201c\u00dczl\u0259\u015fm\u0259d\u0259 Yunis dedi ki, \u201cm\u0259n\u0259 \u00e7ox \u0259ziyy\u0259t verirl\u0259r, haqq\u0131n\u0131 halal el\u0259\u201c. Buna g\u00f6r\u0259 m\u00fcst\u0259ntiq\u0259 dedim ki, n\u0259y\u0259 ist\u0259yirsiz, qol \u00e7\u0259kir\u0259m. M\u00fcst\u0259ntiq Orxan Hac\u0131yev idi\u201d.\n<\/p>\n<p>\n  Ad\u0131\u00e7\u0259kil\u0259n m\u00fcst\u0259ntiq Ba\u015f Prokurorlu\u011fun A\u011f\u0131r Cinay\u0259tl\u0259r\u0259 Dair \u0130\u015fl\u0259r \u00fczr\u0259 \u0130stintaq \u0130dar\u0259sinin \u0259m\u0259kda\u015f\u0131 idi. O, \u00f6t\u0259n il icraat\u0131nda olan q\u0259tl hadis\u0259sil\u0259 ba\u011fl\u0131 z\u0259r\u0259r\u00e7\u0259kmi\u015f t\u0259r\u0259fd\u0259n r\u00fc\u015fv\u0259t t\u0259l\u0259b etm\u0259kd\u0259 ittiham olunaraq v\u0259zif\u0259sind\u0259n azad edilib. Daha sonra d\u0259l\u0259duzluq ittiham\u0131yla cinay\u0259t m\u0259suliyy\u0259tin\u0259 c\u0259lb edilib.\n<\/p>\n<p>\n  Y.S\u0259f\u0259rov onu da bildirib ki, icra ba\u015f\u00e7\u0131s\u0131na qar\u015f\u0131 sui-q\u0259sdd\u0259 dig\u0259r t\u0259qsirl\u0259ndiril\u0259n \u015f\u0259xsl\u0259rin, dig\u0259r tan\u0131\u015flar\u0131n\u0131n he\u00e7 birinin rolu olmay\u0131b: \u201cK\u00f6m\u0259k el\u0259s\u0259ydil\u0259r, izl\u0259y\u0259rdil\u0259r, yerini m\u00fc\u0259yy\u0259nl\u0259\u015fdir\u0259rdil\u0259r, m\u0259n niy\u0259 gedib icra hakimiyy\u0259tind\u0259 el\u0259yirdim bunu? \u00c7\u00fcnki onun haqq\u0131nda ba\u015fqa he\u00e7 bir m\u0259lumat\u0131m yox idi. K\u00f6m\u0259k el\u0259y\u0259n silah tapard\u0131. M\u0259n \u00f6z\u00fcm silaha g\u00f6r\u0259 bankdak\u0131 m\u00fchafiz\u0259 polisin\u0259 x\u0259sar\u0259t yetirib silah\u0131n\u0131 alma\u011fa m\u0259cbur olmazd\u0131m. D\u0259st\u0259 ba\u015f\u00e7\u0131s\u0131 k\u00fc\u00e7\u0259l\u0259rd\u0259 qalar? Qalma\u011fa yer tapm\u0131rd\u0131m. Bunlar ham\u0131s\u0131 yalan \u015feyl\u0259r d\u00fcz\u00fcb-qo\u015fublar\u201d.\n<\/p>\n<p>\n  Y.S\u0259f\u0259rov suallara cavab\u0131nda onu da bildirib ki, Qum \u015f\u0259h\u0259rind\u0259 t\u0259hsil al\u0131b, orada ail\u0259sil\u0259 kiray\u0259 qal\u0131b.\n<\/p>\n<p>\n  \u201cHiss edir\u0259m ki, burada riyakarl\u0131q ba\u015f verir. \u0130stintaqda m\u0259niml\u0259 heyvan kimi davran\u0131rd\u0131lar. \u0130ndi burada m\u0259d\u0259ni \u015f\u0259kild\u0259, sakitc\u0259 bir-bir suallar verirsiz&#8230;\u201c, &#8211; dey\u0259 Y.S\u0259f\u0259rov bildirib.\n<\/p>\n<p>\n  Y.S\u0259f\u0259rovun s\u00f6zl\u0259rin\u0259 g\u00f6r\u0259, o, hadis\u0259d\u0259n \u0259vv\u0259l haz\u0131rlad\u0131\u011f\u0131 videom\u00fcraci\u0259td\u0259 ziyal\u0131lara s\u0259sl\u0259n\u0259r\u0259k, onlar\u0131 \u00f6lk\u0259d\u0259ki probleml\u0259r\u0259 bigan\u0259 qalmama\u011fa \u00e7a\u011f\u0131r\u0131b. H\u0259min m\u00fcraci\u0259ti internet\u0259 d\u0259 yerl\u0259\u015fdirib: \u201c40 d\u0259qiq\u0259lik m\u00fcraci\u0259t idi. Bilirdim ki, Elmar\u0131 vursam, ya \u00f6ld\u00fcr\u0259c\u0259kl\u0259r, ya da h\u0259bs ed\u0259c\u0259kl\u0259r. Amma polis\u0259 x\u0259sar\u0259t yetirm\u0259k niyy\u0259tim yox idi. Buna g\u00f6r\u0259 t\u0259\u0259ss\u00fcf hissi ke\u00e7irir\u0259m. O polis Elmar\u0131n cang\u00fcd\u0259ni idi. H\u0259min g\u00fcn icra hakimiyy\u0259tinin pill\u0259k\u0259nl\u0259ril\u0259 \u00e7\u0131xanda soru\u015fdular ki, hara gedirs\u0259n. Bu vaxt Elmar da onunla g\u0259lirdi. Bu, m\u0259nim \u00fcst\u00fcm\u0259 t\u0259r\u0259f g\u0259ldi. Silah\u0131 \u00e7\u0131xar\u0131b onu \u00e7\u0259kindirm\u0259k ist\u0259dim. \u00c7\u0259kilm\u0259y\u0259nd\u0259 vurdum, amma y\u0131x\u0131lmad\u0131. \u0130kinci d\u0259f\u0259 at\u0259\u015f a\u00e7d\u0131m. Elmarla aram\u0131zda bir metrd\u0259n d\u0259 az m\u0259saf\u0259 vard\u0131. Onu vurmaq ist\u0259y\u0259nd\u0259 silah a\u00e7\u0131lmad\u0131, g\u00fcll\u0259 atmad\u0131. Ona g\u00f6r\u0259 tutub, tapan\u00e7an\u0131n qunda\u011f\u0131 il\u0259 ba\u015f\u0131na vurdum\u201d.\n<\/p>\n<p>\n  Y.S\u0259f\u0259rov bir daha ba\u015f ver\u0259nl\u0259rd\u0259 s\u0259lahiyy\u0259t sahibl\u0259rinin g\u00fcnah\u0131 oldu\u011funu vur\u011fulay\u0131b. O bildirib ki, adi v\u0259t\u0259nda\u015fdan h\u0259r add\u0131mda hesab soran s\u0259lahiyy\u0259tli \u015f\u0259xsl\u0259r m\u0259mur \u00f6zba\u015f\u0131nal\u0131\u011f\u0131na g\u00f6z yumur: \u201cElmar n\u0259 hoqqalardan \u00e7\u0131x\u0131rd\u0131, amma he\u00e7 kim qar\u015f\u0131s\u0131n\u0131 alm\u0131rd\u0131&#8230;\u201d\n<\/p>\n<p>\n  Y.S\u0259f\u0259rov \u0259lav\u0259 edib ki, ail\u0259 \u00fczvl\u0259rinin icra ba\u015f\u00e7\u0131s\u0131n\u0131n q\u0259bulunda kobud r\u0259ftara m\u0259ruz qalmas\u0131na g\u00f6r\u0259 bu hadis\u0259ni qisas m\u0259qs\u0259dil\u0259 t\u00f6r\u0259tm\u0259si haqda deyil\u0259nl\u0259r yaland\u0131r: \u201cQ\u0259sd\u0259n bu \u015fayi\u0259 yay\u0131lm\u0131\u015fd\u0131, \u015f\u0259xsi z\u0259mind\u0259 ba\u015f vermi\u015f hadis\u0259 kimi g\u00f6st\u0259rm\u0259k ist\u0259yirdil\u0259r. Halbuki, m\u0259n bunu Elmar\u0131n b\u00fct\u00fcn \u0259haliy\u0259 el\u0259dikl\u0259rin\u0259 g\u00f6r\u0259 t\u00f6r\u0259tmi\u015f\u0259m\u201d.\n<\/p>\n<p>\n  Noyabr\u0131n 10-da ke\u00e7iril\u0259c\u0259k n\u00f6vb\u0259ti m\u0259hk\u0259m\u0259 iclas\u0131nda Y.S\u0259f\u0259rov v\u0259kill\u0259rin suallar\u0131n\u0131 cavabland\u0131racaq.<\/p>\n","protected":false},"excerpt":{"rendered":"<p>T\u0259qsirl\u0259ndiril\u0259n \u015f\u0259xsin \u00e7\u0131x\u0131\u015f\u0131 Meydan TV-d\u0259 yay\u0131mland\u0131\u011f\u0131na g\u00f6r\u0259 m\u0259hk\u0259m\u0259d\u0259 v\u0259kill\u0259rin telefonlar\u0131n\u0131n \u0259ll\u0259rind\u0259n al\u0131nmas\u0131 g\u00f6st\u0259ri\u015fi verilib<\/p>\n","protected":false},"author":11,"featured_media":135520,"comment_status":"closed","ping_status":"open","sticky":false,"template":"","format":"standard","meta":{"_acf_changed":false,"_sitemap_exclude":false,"_sitemap_priority":"","_sitemap_frequency":"","footnotes":""},"categories":[56],"tags":[],"class_list":["post-203437","post","type-post","status-publish","format-standard","has-post-thumbnail","hentry","category-xeberler","infinite-scroll-item","generate-columns","tablet-grid-50","mobile-grid-100","grid-parent","grid-33","no-featured-image-padding"],"acf":[],"yoast_head":"<!-- This site is optimized with the Yoast SEO plugin v27.5 - https:\/\/yoast.com\/product\/yoast-seo-wordpress\/ -->\n<title>Yunis S\u0259f\u0259rov: Silah a\u00e7\u0131lmad\u0131, qunda\u011f\u0131yla vurdum... - MEYDAN.TV<\/title>\n<meta name=\"robots\" content=\"index, follow, max-snippet:-1, max-image-preview:large, max-video-preview:-1\" \/>\n<link rel=\"canonical\" href=\"https:\/\/www.meydan.tv\/az\/article\/yunis-seferov-silah-acilmadi-qundagiyla-vurdum\/\" \/>\n<meta property=\"og:locale\" content=\"az_AZ\" \/>\n<meta property=\"og:type\" content=\"article\" \/>\n<meta property=\"og:title\" content=\"Yunis S\u0259f\u0259rov: Silah a\u00e7\u0131lmad\u0131, qunda\u011f\u0131yla vurdum... - MEYDAN.TV\" \/>\n<meta property=\"og:description\" content=\"T\u0259qsirl\u0259ndiril\u0259n \u015f\u0259xsin \u00e7\u0131x\u0131\u015f\u0131 Meydan TV-d\u0259 yay\u0131mland\u0131\u011f\u0131na g\u00f6r\u0259 m\u0259hk\u0259m\u0259d\u0259 v\u0259kill\u0259rin telefonlar\u0131n\u0131n \u0259ll\u0259rind\u0259n al\u0131nmas\u0131 g\u00f6st\u0259ri\u015fi verilib\" \/>\n<meta property=\"og:url\" content=\"https:\/\/www.meydan.tv\/az\/article\/yunis-seferov-silah-acilmadi-qundagiyla-vurdum\/\" \/>\n<meta property=\"og:site_name\" content=\"MEYDAN.TV\" \/>\n<meta property=\"article:published_time\" content=\"2020-11-06T15:55:00+00:00\" \/>\n<meta property=\"og:image\" content=\"https:\/\/www.meydan.tv\/wp-content\/uploads\/image_from_ios_1_14n1g84-scaled.jpg\" \/>\n\t<meta property=\"og:image:width\" content=\"2560\" \/>\n\t<meta property=\"og:image:height\" content=\"1440\" \/>\n\t<meta property=\"og:image:type\" content=\"image\/jpeg\" \/>\n<meta name=\"author\" content=\"user-manager\" \/>\n<meta name=\"twitter:card\" content=\"summary_large_image\" \/>\n<script type=\"application\/ld+json\" class=\"yoast-schema-graph\">{\"@context\":\"https:\\\/\\\/schema.org\",\"@graph\":[{\"@type\":\"Article\",\"@id\":\"https:\\\/\\\/www.meydan.tv\\\/az\\\/article\\\/yunis-seferov-silah-acilmadi-qundagiyla-vurdum\\\/#article\",\"isPartOf\":{\"@id\":\"https:\\\/\\\/www.meydan.tv\\\/az\\\/article\\\/yunis-seferov-silah-acilmadi-qundagiyla-vurdum\\\/\"},\"author\":{\"name\":\"user-manager\",\"@id\":\"https:\\\/\\\/www.meydan.tv\\\/az\\\/#\\\/schema\\\/person\\\/10d11eccf6da3662cf5fdab9806ea91a\"},\"headline\":\"Yunis S\u0259f\u0259rov: Silah a\u00e7\u0131lmad\u0131, qunda\u011f\u0131yla vurdum&#8230;\",\"datePublished\":\"2020-11-06T15:55:00+00:00\",\"mainEntityOfPage\":{\"@id\":\"https:\\\/\\\/www.meydan.tv\\\/az\\\/article\\\/yunis-seferov-silah-acilmadi-qundagiyla-vurdum\\\/\"},\"wordCount\":1372,\"publisher\":{\"@id\":\"https:\\\/\\\/www.meydan.tv\\\/az\\\/#organization\"},\"image\":{\"@id\":\"https:\\\/\\\/www.meydan.tv\\\/az\\\/article\\\/yunis-seferov-silah-acilmadi-qundagiyla-vurdum\\\/#primaryimage\"},\"thumbnailUrl\":\"https:\\\/\\\/www.meydan.tv\\\/wp-content\\\/uploads\\\/image_from_ios_1_14n1g84-scaled.jpg\",\"articleSection\":[\"X\u0259b\u0259rl\u0259r\"],\"inLanguage\":\"az\"},{\"@type\":\"WebPage\",\"@id\":\"https:\\\/\\\/www.meydan.tv\\\/az\\\/article\\\/yunis-seferov-silah-acilmadi-qundagiyla-vurdum\\\/\",\"url\":\"https:\\\/\\\/www.meydan.tv\\\/az\\\/article\\\/yunis-seferov-silah-acilmadi-qundagiyla-vurdum\\\/\",\"name\":\"Yunis S\u0259f\u0259rov: Silah a\u00e7\u0131lmad\u0131, qunda\u011f\u0131yla vurdum... - MEYDAN.TV\",\"isPartOf\":{\"@id\":\"https:\\\/\\\/www.meydan.tv\\\/az\\\/#website\"},\"primaryImageOfPage\":{\"@id\":\"https:\\\/\\\/www.meydan.tv\\\/az\\\/article\\\/yunis-seferov-silah-acilmadi-qundagiyla-vurdum\\\/#primaryimage\"},\"image\":{\"@id\":\"https:\\\/\\\/www.meydan.tv\\\/az\\\/article\\\/yunis-seferov-silah-acilmadi-qundagiyla-vurdum\\\/#primaryimage\"},\"thumbnailUrl\":\"https:\\\/\\\/www.meydan.tv\\\/wp-content\\\/uploads\\\/image_from_ios_1_14n1g84-scaled.jpg\",\"datePublished\":\"2020-11-06T15:55:00+00:00\",\"breadcrumb\":{\"@id\":\"https:\\\/\\\/www.meydan.tv\\\/az\\\/article\\\/yunis-seferov-silah-acilmadi-qundagiyla-vurdum\\\/#breadcrumb\"},\"inLanguage\":\"az\",\"potentialAction\":[{\"@type\":\"ReadAction\",\"target\":[\"https:\\\/\\\/www.meydan.tv\\\/az\\\/article\\\/yunis-seferov-silah-acilmadi-qundagiyla-vurdum\\\/\"]}]},{\"@type\":\"ImageObject\",\"inLanguage\":\"az\",\"@id\":\"https:\\\/\\\/www.meydan.tv\\\/az\\\/article\\\/yunis-seferov-silah-acilmadi-qundagiyla-vurdum\\\/#primaryimage\",\"url\":\"https:\\\/\\\/www.meydan.tv\\\/wp-content\\\/uploads\\\/image_from_ios_1_14n1g84-scaled.jpg\",\"contentUrl\":\"https:\\\/\\\/www.meydan.tv\\\/wp-content\\\/uploads\\\/image_from_ios_1_14n1g84-scaled.jpg\",\"width\":2560,\"height\":1440,\"caption\":\"Yunis S\u0259f\u0259rov, Foto: Meydan TV\"},{\"@type\":\"BreadcrumbList\",\"@id\":\"https:\\\/\\\/www.meydan.tv\\\/az\\\/article\\\/yunis-seferov-silah-acilmadi-qundagiyla-vurdum\\\/#breadcrumb\",\"itemListElement\":[{\"@type\":\"ListItem\",\"position\":1,\"name\":\"Ana s\u0259hif\u0259\",\"item\":\"https:\\\/\\\/www.meydan.tv\\\/az\\\/\"},{\"@type\":\"ListItem\",\"position\":2,\"name\":\"X\u0259b\u0259rl\u0259r\",\"item\":\"https:\\\/\\\/www.meydan.tv\\\/az\\\/section\\\/xeberler\\\/\"},{\"@type\":\"ListItem\",\"position\":3,\"name\":\"Yunis S\u0259f\u0259rov: Silah a\u00e7\u0131lmad\u0131, qunda\u011f\u0131yla vurdum&#8230;\"}]},{\"@type\":\"WebSite\",\"@id\":\"https:\\\/\\\/www.meydan.tv\\\/az\\\/#website\",\"url\":\"https:\\\/\\\/www.meydan.tv\\\/az\\\/\",\"name\":\"MEYDAN.TV\",\"description\":\"Meydan TV Az\u0259rbaycan\u0131n media m\u0259kan\u0131ndak\u0131 alternativ s\u0259sidir\",\"publisher\":{\"@id\":\"https:\\\/\\\/www.meydan.tv\\\/az\\\/#organization\"},\"potentialAction\":[{\"@type\":\"SearchAction\",\"target\":{\"@type\":\"EntryPoint\",\"urlTemplate\":\"https:\\\/\\\/www.meydan.tv\\\/az\\\/?s={search_term_string}\"},\"query-input\":{\"@type\":\"PropertyValueSpecification\",\"valueRequired\":true,\"valueName\":\"search_term_string\"}}],\"inLanguage\":\"az\"},{\"@type\":\"Organization\",\"@id\":\"https:\\\/\\\/www.meydan.tv\\\/az\\\/#organization\",\"name\":\"Meydan TV\",\"url\":\"https:\\\/\\\/www.meydan.tv\\\/az\\\/\",\"logo\":{\"@type\":\"ImageObject\",\"inLanguage\":\"az\",\"@id\":\"https:\\\/\\\/www.meydan.tv\\\/az\\\/#\\\/schema\\\/logo\\\/image\\\/\",\"url\":\"https:\\\/\\\/www.meydan.tv\\\/wp-content\\\/uploads\\\/2021\\\/07\\\/meydan-logo.svg\",\"contentUrl\":\"https:\\\/\\\/www.meydan.tv\\\/wp-content\\\/uploads\\\/2021\\\/07\\\/meydan-logo.svg\",\"width\":195,\"height\":46,\"caption\":\"Meydan TV\"},\"image\":{\"@id\":\"https:\\\/\\\/www.meydan.tv\\\/az\\\/#\\\/schema\\\/logo\\\/image\\\/\"}},{\"@type\":\"Person\",\"@id\":\"https:\\\/\\\/www.meydan.tv\\\/az\\\/#\\\/schema\\\/person\\\/10d11eccf6da3662cf5fdab9806ea91a\",\"name\":\"user-manager\"}]}<\/script>\n<!-- \/ Yoast SEO plugin. -->","yoast_head_json":{"title":"Yunis S\u0259f\u0259rov: Silah a\u00e7\u0131lmad\u0131, qunda\u011f\u0131yla vurdum... - MEYDAN.TV","robots":{"index":"index","follow":"follow","max-snippet":"max-snippet:-1","max-image-preview":"max-image-preview:large","max-video-preview":"max-video-preview:-1"},"canonical":"https:\/\/www.meydan.tv\/az\/article\/yunis-seferov-silah-acilmadi-qundagiyla-vurdum\/","og_locale":"az_AZ","og_type":"article","og_title":"Yunis S\u0259f\u0259rov: Silah a\u00e7\u0131lmad\u0131, qunda\u011f\u0131yla vurdum... - MEYDAN.TV","og_description":"T\u0259qsirl\u0259ndiril\u0259n \u015f\u0259xsin \u00e7\u0131x\u0131\u015f\u0131 Meydan TV-d\u0259 yay\u0131mland\u0131\u011f\u0131na g\u00f6r\u0259 m\u0259hk\u0259m\u0259d\u0259 v\u0259kill\u0259rin telefonlar\u0131n\u0131n \u0259ll\u0259rind\u0259n al\u0131nmas\u0131 g\u00f6st\u0259ri\u015fi verilib","og_url":"https:\/\/www.meydan.tv\/az\/article\/yunis-seferov-silah-acilmadi-qundagiyla-vurdum\/","og_site_name":"MEYDAN.TV","article_published_time":"2020-11-06T15:55:00+00:00","og_image":[{"width":2560,"height":1440,"url":"https:\/\/www.meydan.tv\/wp-content\/uploads\/image_from_ios_1_14n1g84-scaled.jpg","type":"image\/jpeg"}],"author":"user-manager","twitter_card":"summary_large_image","schema":{"@context":"https:\/\/schema.org","@graph":[{"@type":"Article","@id":"https:\/\/www.meydan.tv\/az\/article\/yunis-seferov-silah-acilmadi-qundagiyla-vurdum\/#article","isPartOf":{"@id":"https:\/\/www.meydan.tv\/az\/article\/yunis-seferov-silah-acilmadi-qundagiyla-vurdum\/"},"author":{"name":"user-manager","@id":"https:\/\/www.meydan.tv\/az\/#\/schema\/person\/10d11eccf6da3662cf5fdab9806ea91a"},"headline":"Yunis S\u0259f\u0259rov: Silah a\u00e7\u0131lmad\u0131, qunda\u011f\u0131yla vurdum&#8230;","datePublished":"2020-11-06T15:55:00+00:00","mainEntityOfPage":{"@id":"https:\/\/www.meydan.tv\/az\/article\/yunis-seferov-silah-acilmadi-qundagiyla-vurdum\/"},"wordCount":1372,"publisher":{"@id":"https:\/\/www.meydan.tv\/az\/#organization"},"image":{"@id":"https:\/\/www.meydan.tv\/az\/article\/yunis-seferov-silah-acilmadi-qundagiyla-vurdum\/#primaryimage"},"thumbnailUrl":"https:\/\/www.meydan.tv\/wp-content\/uploads\/image_from_ios_1_14n1g84-scaled.jpg","articleSection":["X\u0259b\u0259rl\u0259r"],"inLanguage":"az"},{"@type":"WebPage","@id":"https:\/\/www.meydan.tv\/az\/article\/yunis-seferov-silah-acilmadi-qundagiyla-vurdum\/","url":"https:\/\/www.meydan.tv\/az\/article\/yunis-seferov-silah-acilmadi-qundagiyla-vurdum\/","name":"Yunis S\u0259f\u0259rov: Silah a\u00e7\u0131lmad\u0131, qunda\u011f\u0131yla vurdum... - MEYDAN.TV","isPartOf":{"@id":"https:\/\/www.meydan.tv\/az\/#website"},"primaryImageOfPage":{"@id":"https:\/\/www.meydan.tv\/az\/article\/yunis-seferov-silah-acilmadi-qundagiyla-vurdum\/#primaryimage"},"image":{"@id":"https:\/\/www.meydan.tv\/az\/article\/yunis-seferov-silah-acilmadi-qundagiyla-vurdum\/#primaryimage"},"thumbnailUrl":"https:\/\/www.meydan.tv\/wp-content\/uploads\/image_from_ios_1_14n1g84-scaled.jpg","datePublished":"2020-11-06T15:55:00+00:00","breadcrumb":{"@id":"https:\/\/www.meydan.tv\/az\/article\/yunis-seferov-silah-acilmadi-qundagiyla-vurdum\/#breadcrumb"},"inLanguage":"az","potentialAction":[{"@type":"ReadAction","target":["https:\/\/www.meydan.tv\/az\/article\/yunis-seferov-silah-acilmadi-qundagiyla-vurdum\/"]}]},{"@type":"ImageObject","inLanguage":"az","@id":"https:\/\/www.meydan.tv\/az\/article\/yunis-seferov-silah-acilmadi-qundagiyla-vurdum\/#primaryimage","url":"https:\/\/www.meydan.tv\/wp-content\/uploads\/image_from_ios_1_14n1g84-scaled.jpg","contentUrl":"https:\/\/www.meydan.tv\/wp-content\/uploads\/image_from_ios_1_14n1g84-scaled.jpg","width":2560,"height":1440,"caption":"Yunis S\u0259f\u0259rov, Foto: Meydan TV"},{"@type":"BreadcrumbList","@id":"https:\/\/www.meydan.tv\/az\/article\/yunis-seferov-silah-acilmadi-qundagiyla-vurdum\/#breadcrumb","itemListElement":[{"@type":"ListItem","position":1,"name":"Ana s\u0259hif\u0259","item":"https:\/\/www.meydan.tv\/az\/"},{"@type":"ListItem","position":2,"name":"X\u0259b\u0259rl\u0259r","item":"https:\/\/www.meydan.tv\/az\/section\/xeberler\/"},{"@type":"ListItem","position":3,"name":"Yunis S\u0259f\u0259rov: Silah a\u00e7\u0131lmad\u0131, qunda\u011f\u0131yla vurdum&#8230;"}]},{"@type":"WebSite","@id":"https:\/\/www.meydan.tv\/az\/#website","url":"https:\/\/www.meydan.tv\/az\/","name":"MEYDAN.TV","description":"Meydan TV Az\u0259rbaycan\u0131n media m\u0259kan\u0131ndak\u0131 alternativ s\u0259sidir","publisher":{"@id":"https:\/\/www.meydan.tv\/az\/#organization"},"potentialAction":[{"@type":"SearchAction","target":{"@type":"EntryPoint","urlTemplate":"https:\/\/www.meydan.tv\/az\/?s={search_term_string}"},"query-input":{"@type":"PropertyValueSpecification","valueRequired":true,"valueName":"search_term_string"}}],"inLanguage":"az"},{"@type":"Organization","@id":"https:\/\/www.meydan.tv\/az\/#organization","name":"Meydan TV","url":"https:\/\/www.meydan.tv\/az\/","logo":{"@type":"ImageObject","inLanguage":"az","@id":"https:\/\/www.meydan.tv\/az\/#\/schema\/logo\/image\/","url":"https:\/\/www.meydan.tv\/wp-content\/uploads\/2021\/07\/meydan-logo.svg","contentUrl":"https:\/\/www.meydan.tv\/wp-content\/uploads\/2021\/07\/meydan-logo.svg","width":195,"height":46,"caption":"Meydan TV"},"image":{"@id":"https:\/\/www.meydan.tv\/az\/#\/schema\/logo\/image\/"}},{"@type":"Person","@id":"https:\/\/www.meydan.tv\/az\/#\/schema\/person\/10d11eccf6da3662cf5fdab9806ea91a","name":"user-manager"}]}},"_links":{"self":[{"href":"https:\/\/www.meydan.tv\/az\/wp-json\/wp\/v2\/posts\/203437","targetHints":{"allow":["GET"]}}],"collection":[{"href":"https:\/\/www.meydan.tv\/az\/wp-json\/wp\/v2\/posts"}],"about":[{"href":"https:\/\/www.meydan.tv\/az\/wp-json\/wp\/v2\/types\/post"}],"author":[{"embeddable":true,"href":"https:\/\/www.meydan.tv\/az\/wp-json\/wp\/v2\/users\/11"}],"replies":[{"embeddable":true,"href":"https:\/\/www.meydan.tv\/az\/wp-json\/wp\/v2\/comments?post=203437"}],"version-history":[{"count":0,"href":"https:\/\/www.meydan.tv\/az\/wp-json\/wp\/v2\/posts\/203437\/revisions"}],"wp:featuredmedia":[{"embeddable":true,"href":"https:\/\/www.meydan.tv\/az\/wp-json\/wp\/v2\/media\/135520"}],"wp:attachment":[{"href":"https:\/\/www.meydan.tv\/az\/wp-json\/wp\/v2\/media?parent=203437"}],"wp:term":[{"taxonomy":"category","embeddable":true,"href":"https:\/\/www.meydan.tv\/az\/wp-json\/wp\/v2\/categories?post=203437"},{"taxonomy":"post_tag","embeddable":true,"href":"https:\/\/www.meydan.tv\/az\/wp-json\/wp\/v2\/tags?post=203437"}],"curies":[{"name":"wp","href":"https:\/\/api.w.org\/{rel}","templated":true}]}}