{"id":203421,"date":"2020-11-05T14:22:07","date_gmt":"2020-11-05T14:22:07","guid":{"rendered":"https:\/\/www.meydan.tv\/article\/qirmizi-xac-komitesi-dilgem-esgerov-ve-sahbaz-quliyev-ermenistana-kocurulub\/"},"modified":"2020-11-05T14:22:07","modified_gmt":"2020-11-05T14:22:07","slug":"qirmizi-xac-komitesi-dilgem-esgerov-ve-sahbaz-quliyev-ermenistana-kocurulub","status":"publish","type":"post","link":"https:\/\/www.meydan.tv\/az\/article\/qirmizi-xac-komitesi-dilgem-esgerov-ve-sahbaz-quliyev-ermenistana-kocurulub\/","title":{"rendered":"Q\u0131rm\u0131z\u0131 Xa\u00e7 Komit\u0259si: Dilg\u0259m \u018fsg\u0259rov v\u0259 \u015eahbaz Quliyev Erm\u0259nistana k\u00f6\u00e7\u00fcr\u00fcl\u00fcb"},"content":{"rendered":"<p>\n  <i><br \/>\n    Xank\u0259ndind\u0259 m\u0259hk\u0259m\u0259 \u018fsg\u0259rovu \u00f6m\u00fcrl\u00fck,Quliyevi is\u0259 22 il azadl\u0131qdan m\u0259hrum edib<br \/>\n  <\/i>\n<\/p>\n<p>\n  Da\u011fl\u0131q Qaraba\u011f m\u00fcnaqi\u015f\u0259si n\u0259tic\u0259sind\u0259 saxlanan b\u0259zi \u015f\u0259xsl\u0259rin Erm\u0259nistana k\u00f6\u00e7\u00fcr\u00fclm\u0259si il\u0259 ba\u011fl\u0131 Beyn\u0259lxalq Q\u0131rm\u0131z\u0131 Xa\u00e7 Komit\u0259sinin Bak\u0131 ofisin\u0259 m\u0259lumat verilib.\n<\/p>\n<p>\n  Bu bar\u0259d\u0259 &quot;Turan&quot; agentliyin\u0259 Q\u0131rm\u0131z\u0131 Xa\u00e7 Komit\u0259sinin Bak\u0131 ofisinin ictimaiyy\u0259tl\u0259 \u0259laq\u0259l\u0259r departamentinin r\u0259hb\u0259ri \u0130lah\u0259 H\u00fcseynova deyib.\n<\/p>\n<p>\n  \u0130. H\u00fcseynovan\u0131n s\u00f6zl\u0259rin\u0259 g\u00f6r\u0259, Erm\u0259nistana k\u00f6\u00e7\u00fcr\u00fclm\u00fc\u015f \u015f\u0259xsl\u0259rin aras\u0131nda Dilg\u0259m \u018fsg\u0259rov v\u0259 \u015eahbaz Quliyev d\u0259 var.\n<\/p>\n<p>\n  D.\u018fsg\u0259rov il\u0259 \u015e.Quliyev 2014-c\u00fc ild\u0259 Az\u0259rbaycan\u0131n i\u015f\u011fal alt\u0131nda olan K\u0259lb\u0259c\u0259r rayonu \u0259razisind\u0259 saxlan\u0131blar.\n<\/p>\n<p>\n  M\u00fcdafi\u0259 t\u0259r\u0259fi onlar\u0131n K\u0259lb\u0259c\u0259r\u0259 yax\u0131nlar\u0131n\u0131n m\u0259zarlar\u0131n\u0131 yad etm\u0259k \u00fc\u00e7\u00fcn getdikl\u0259rini bildirir.\n<\/p>\n<p>\n  Tan\u0131nmayan &quot;Da\u011fl\u0131q Qaraba\u011f Respublikas\u0131&quot;nda is\u0259 onlar q\u0259tl v\u0259 dig\u0259r a\u011f\u0131r cinay\u0259tl\u0259r t\u00f6r\u0259tm\u0259kd\u0259 ittiham edilibl\u0259r.\n<\/p>\n<p>\n  Xank\u0259ndind\u0259 m\u0259hk\u0259m\u0259 D.\u018fsg\u0259rovu \u00f6m\u00fcrl\u00fck, \u015e.Quliyevi is\u0259 22 il azadl\u0131qdan m\u0259hrum edib.\n<\/p>\n<p>\n  Amma Az\u0259rbaycan h\u0259min m\u0259hk\u0259m\u0259ni tan\u0131m\u0131r, onu separat\u00e7\u0131 qurumun qanunsuz orqan\u0131 say\u0131r.\n<\/p>\n<p>\n  Az\u0259rbaycan r\u0259smil\u0259ri hesab edirl\u0259r ki, \u00f6lk\u0259 v\u0259t\u0259nda\u015flar\u0131n\u0131n bu \u015f\u0259kild\u0259 m\u00fchakim\u0259si qanunsuzdur.<\/p>\n","protected":false},"excerpt":{"rendered":"<p>\u0130. H\u00fcseynovan\u0131n s\u00f6zl\u0259rin\u0259 g\u00f6r\u0259, Erm\u0259nistana k\u00f6\u00e7\u00fcr\u00fclm\u00fc\u015f \u015f\u0259xsl\u0259rin aras\u0131nda Dilg\u0259m \u018fsg\u0259rov v\u0259 \u015eahbaz Quliyev d\u0259 var.<\/p>\n","protected":false},"author":11,"featured_media":151005,"comment_status":"closed","ping_status":"open","sticky":false,"template":"","format":"standard","meta":{"_acf_changed":false,"_sitemap_exclude":false,"_sitemap_priority":"","_sitemap_frequency":"","footnotes":""},"categories":[59],"tags":[],"class_list":["post-203421","post","type-post","status-publish","format-standard","has-post-thumbnail","hentry","category-siyaset","infinite-scroll-item","generate-columns","tablet-grid-50","mobile-grid-100","grid-parent","grid-33","no-featured-image-padding"],"acf":[],"yoast_head":"<!-- This site is optimized with the Yoast SEO plugin v28.4 - https:\/\/yoast.com\/product\/yoast-seo-wordpress\/ -->\n<title>Q\u0131rm\u0131z\u0131 Xa\u00e7 Komit\u0259si: Dilg\u0259m \u018fsg\u0259rov v\u0259 \u015eahbaz Quliyev Erm\u0259nistana k\u00f6\u00e7\u00fcr\u00fcl\u00fcb - MEYDAN.TV<\/title>\n<meta name=\"robots\" content=\"index, follow, max-snippet:-1, max-image-preview:large, max-video-preview:-1\" \/>\n<link rel=\"canonical\" href=\"https:\/\/www.meydan.tv\/az\/article\/qirmizi-xac-komitesi-dilgem-esgerov-ve-sahbaz-quliyev-ermenistana-kocurulub\/\" \/>\n<meta property=\"og:locale\" content=\"az_AZ\" \/>\n<meta property=\"og:type\" content=\"article\" \/>\n<meta property=\"og:title\" content=\"Q\u0131rm\u0131z\u0131 Xa\u00e7 Komit\u0259si: Dilg\u0259m \u018fsg\u0259rov v\u0259 \u015eahbaz Quliyev Erm\u0259nistana k\u00f6\u00e7\u00fcr\u00fcl\u00fcb - MEYDAN.TV\" \/>\n<meta property=\"og:description\" content=\"\u0130. H\u00fcseynovan\u0131n s\u00f6zl\u0259rin\u0259 g\u00f6r\u0259, Erm\u0259nistana k\u00f6\u00e7\u00fcr\u00fclm\u00fc\u015f \u015f\u0259xsl\u0259rin aras\u0131nda Dilg\u0259m \u018fsg\u0259rov v\u0259 \u015eahbaz Quliyev d\u0259 var.\" \/>\n<meta property=\"og:url\" content=\"https:\/\/www.meydan.tv\/az\/article\/qirmizi-xac-komitesi-dilgem-esgerov-ve-sahbaz-quliyev-ermenistana-kocurulub\/\" \/>\n<meta property=\"og:site_name\" content=\"MEYDAN.TV\" \/>\n<meta property=\"article:published_time\" content=\"2020-11-05T14:22:07+00:00\" \/>\n<meta property=\"og:image\" content=\"https:\/\/www.meydan.tv\/wp-content\/uploads\/995dcea88266a4e.jpg\" \/>\n\t<meta property=\"og:image:width\" content=\"779\" \/>\n\t<meta property=\"og:image:height\" content=\"480\" \/>\n\t<meta property=\"og:image:type\" content=\"image\/jpeg\" \/>\n<meta name=\"twitter:card\" content=\"summary_large_image\" \/>\n<!-- \/ Yoast SEO plugin. -->","yoast_head_json":{"title":"Q\u0131rm\u0131z\u0131 Xa\u00e7 Komit\u0259si: Dilg\u0259m \u018fsg\u0259rov v\u0259 \u015eahbaz Quliyev Erm\u0259nistana k\u00f6\u00e7\u00fcr\u00fcl\u00fcb - MEYDAN.TV","robots":{"index":"index","follow":"follow","max-snippet":"max-snippet:-1","max-image-preview":"max-image-preview:large","max-video-preview":"max-video-preview:-1"},"canonical":"https:\/\/www.meydan.tv\/az\/article\/qirmizi-xac-komitesi-dilgem-esgerov-ve-sahbaz-quliyev-ermenistana-kocurulub\/","og_locale":"az_AZ","og_type":"article","og_title":"Q\u0131rm\u0131z\u0131 Xa\u00e7 Komit\u0259si: Dilg\u0259m \u018fsg\u0259rov v\u0259 \u015eahbaz Quliyev Erm\u0259nistana k\u00f6\u00e7\u00fcr\u00fcl\u00fcb - MEYDAN.TV","og_description":"\u0130. H\u00fcseynovan\u0131n s\u00f6zl\u0259rin\u0259 g\u00f6r\u0259, Erm\u0259nistana k\u00f6\u00e7\u00fcr\u00fclm\u00fc\u015f \u015f\u0259xsl\u0259rin aras\u0131nda Dilg\u0259m \u018fsg\u0259rov v\u0259 \u015eahbaz Quliyev d\u0259 var.","og_url":"https:\/\/www.meydan.tv\/az\/article\/qirmizi-xac-komitesi-dilgem-esgerov-ve-sahbaz-quliyev-ermenistana-kocurulub\/","og_site_name":"MEYDAN.TV","article_published_time":"2020-11-05T14:22:07+00:00","og_image":[{"width":779,"height":480,"url":"https:\/\/www.meydan.tv\/wp-content\/uploads\/995dcea88266a4e.jpg","type":"image\/jpeg"}],"twitter_card":"summary_large_image","schema":{"@context":"https:\/\/schema.org","@graph":[{"@type":"Article","@id":"https:\/\/www.meydan.tv\/az\/article\/qirmizi-xac-komitesi-dilgem-esgerov-ve-sahbaz-quliyev-ermenistana-kocurulub\/#article","isPartOf":{"@id":"https:\/\/www.meydan.tv\/az\/article\/qirmizi-xac-komitesi-dilgem-esgerov-ve-sahbaz-quliyev-ermenistana-kocurulub\/"},"author":{"name":"user-manager","@id":"https:\/\/www.meydan.tv\/az\/#\/schema\/person\/10d11eccf6da3662cf5fdab9806ea91a"},"headline":"Q\u0131rm\u0131z\u0131 Xa\u00e7 Komit\u0259si: Dilg\u0259m \u018fsg\u0259rov v\u0259 \u015eahbaz Quliyev Erm\u0259nistana k\u00f6\u00e7\u00fcr\u00fcl\u00fcb","datePublished":"2020-11-05T14:22:07+00:00","mainEntityOfPage":{"@id":"https:\/\/www.meydan.tv\/az\/article\/qirmizi-xac-komitesi-dilgem-esgerov-ve-sahbaz-quliyev-ermenistana-kocurulub\/"},"wordCount":265,"publisher":{"@id":"https:\/\/www.meydan.tv\/az\/#organization"},"image":{"@id":"https:\/\/www.meydan.tv\/az\/article\/qirmizi-xac-komitesi-dilgem-esgerov-ve-sahbaz-quliyev-ermenistana-kocurulub\/#primaryimage"},"thumbnailUrl":"https:\/\/www.meydan.tv\/wp-content\/uploads\/995dcea88266a4e.jpg","articleSection":["Siyas\u0259t"],"inLanguage":"az"},{"@type":"WebPage","@id":"https:\/\/www.meydan.tv\/az\/article\/qirmizi-xac-komitesi-dilgem-esgerov-ve-sahbaz-quliyev-ermenistana-kocurulub\/","url":"https:\/\/www.meydan.tv\/az\/article\/qirmizi-xac-komitesi-dilgem-esgerov-ve-sahbaz-quliyev-ermenistana-kocurulub\/","name":"Q\u0131rm\u0131z\u0131 Xa\u00e7 Komit\u0259si: Dilg\u0259m \u018fsg\u0259rov v\u0259 \u015eahbaz Quliyev Erm\u0259nistana k\u00f6\u00e7\u00fcr\u00fcl\u00fcb - MEYDAN.TV","isPartOf":{"@id":"https:\/\/www.meydan.tv\/az\/#website"},"primaryImageOfPage":{"@id":"https:\/\/www.meydan.tv\/az\/article\/qirmizi-xac-komitesi-dilgem-esgerov-ve-sahbaz-quliyev-ermenistana-kocurulub\/#primaryimage"},"image":{"@id":"https:\/\/www.meydan.tv\/az\/article\/qirmizi-xac-komitesi-dilgem-esgerov-ve-sahbaz-quliyev-ermenistana-kocurulub\/#primaryimage"},"thumbnailUrl":"https:\/\/www.meydan.tv\/wp-content\/uploads\/995dcea88266a4e.jpg","datePublished":"2020-11-05T14:22:07+00:00","breadcrumb":{"@id":"https:\/\/www.meydan.tv\/az\/article\/qirmizi-xac-komitesi-dilgem-esgerov-ve-sahbaz-quliyev-ermenistana-kocurulub\/#breadcrumb"},"inLanguage":"az","potentialAction":[{"@type":"ReadAction","target":["https:\/\/www.meydan.tv\/az\/article\/qirmizi-xac-komitesi-dilgem-esgerov-ve-sahbaz-quliyev-ermenistana-kocurulub\/"]}]},{"@type":"ImageObject","inLanguage":"az","@id":"https:\/\/www.meydan.tv\/az\/article\/qirmizi-xac-komitesi-dilgem-esgerov-ve-sahbaz-quliyev-ermenistana-kocurulub\/#primaryimage","url":"https:\/\/www.meydan.tv\/wp-content\/uploads\/995dcea88266a4e.jpg","contentUrl":"https:\/\/www.meydan.tv\/wp-content\/uploads\/995dcea88266a4e.jpg","width":779,"height":480,"caption":"Source: google.az"},{"@type":"BreadcrumbList","@id":"https:\/\/www.meydan.tv\/az\/article\/qirmizi-xac-komitesi-dilgem-esgerov-ve-sahbaz-quliyev-ermenistana-kocurulub\/#breadcrumb","itemListElement":[{"@type":"ListItem","position":1,"name":"Ana s\u0259hif\u0259","item":"https:\/\/www.meydan.tv\/az\/"},{"@type":"ListItem","position":2,"name":"Siyas\u0259t","item":"https:\/\/www.meydan.tv\/az\/section\/siyaset\/"},{"@type":"ListItem","position":3,"name":"Q\u0131rm\u0131z\u0131 Xa\u00e7 Komit\u0259si: Dilg\u0259m \u018fsg\u0259rov v\u0259 \u015eahbaz Quliyev Erm\u0259nistana k\u00f6\u00e7\u00fcr\u00fcl\u00fcb"}]},{"@type":"WebSite","@id":"https:\/\/www.meydan.tv\/az\/#website","url":"https:\/\/www.meydan.tv\/az\/","name":"MEYDAN.TV","description":"Meydan TV Az\u0259rbaycan\u0131n media m\u0259kan\u0131ndak\u0131 alternativ s\u0259sidir","publisher":{"@id":"https:\/\/www.meydan.tv\/az\/#organization"},"potentialAction":[{"@type":"SearchAction","target":{"@type":"EntryPoint","urlTemplate":"https:\/\/www.meydan.tv\/az\/?s={search_term_string}"},"query-input":{"@type":"PropertyValueSpecification","valueRequired":true,"valueName":"search_term_string"}}],"inLanguage":"az"},{"@type":"Organization","@id":"https:\/\/www.meydan.tv\/az\/#organization","name":"Meydan TV","url":"https:\/\/www.meydan.tv\/az\/","logo":{"@type":"ImageObject","inLanguage":"az","@id":"https:\/\/www.meydan.tv\/az\/#\/schema\/logo\/image\/","url":"https:\/\/www.meydan.tv\/wp-content\/uploads\/2021\/07\/meydan-logo.svg","contentUrl":"https:\/\/www.meydan.tv\/wp-content\/uploads\/2021\/07\/meydan-logo.svg","width":195,"height":46,"caption":"Meydan TV"},"image":{"@id":"https:\/\/www.meydan.tv\/az\/#\/schema\/logo\/image\/"}},{"@type":"Person","@id":"https:\/\/www.meydan.tv\/az\/#\/schema\/person\/10d11eccf6da3662cf5fdab9806ea91a","name":"user-manager"}]}},"_links":{"self":[{"href":"https:\/\/www.meydan.tv\/az\/wp-json\/wp\/v2\/posts\/203421","targetHints":{"allow":["GET"]}}],"collection":[{"href":"https:\/\/www.meydan.tv\/az\/wp-json\/wp\/v2\/posts"}],"about":[{"href":"https:\/\/www.meydan.tv\/az\/wp-json\/wp\/v2\/types\/post"}],"author":[{"embeddable":true,"href":"https:\/\/www.meydan.tv\/az\/wp-json\/wp\/v2\/users\/11"}],"replies":[{"embeddable":true,"href":"https:\/\/www.meydan.tv\/az\/wp-json\/wp\/v2\/comments?post=203421"}],"version-history":[{"count":0,"href":"https:\/\/www.meydan.tv\/az\/wp-json\/wp\/v2\/posts\/203421\/revisions"}],"wp:featuredmedia":[{"embeddable":true,"href":"https:\/\/www.meydan.tv\/az\/wp-json\/wp\/v2\/media\/151005"}],"wp:attachment":[{"href":"https:\/\/www.meydan.tv\/az\/wp-json\/wp\/v2\/media?parent=203421"}],"wp:term":[{"taxonomy":"category","embeddable":true,"href":"https:\/\/www.meydan.tv\/az\/wp-json\/wp\/v2\/categories?post=203421"},{"taxonomy":"post_tag","embeddable":true,"href":"https:\/\/www.meydan.tv\/az\/wp-json\/wp\/v2\/tags?post=203421"}],"curies":[{"name":"wp","href":"https:\/\/api.w.org\/{rel}","templated":true}]}}