{"id":203412,"date":"2020-11-05T12:00:52","date_gmt":"2020-11-05T12:00:52","guid":{"rendered":"https:\/\/www.meydan.tv\/article\/avropa-mehkemesi-azerbaycani-yene-de-cerimeledi\/"},"modified":"2020-11-05T12:00:52","modified_gmt":"2020-11-05T12:00:52","slug":"avropa-mehkemesi-azerbaycani-yene-de-cerimeledi","status":"publish","type":"post","link":"https:\/\/www.meydan.tv\/az\/article\/avropa-mehkemesi-azerbaycani-yene-de-cerimeledi\/","title":{"rendered":"Avropa M\u0259hk\u0259m\u0259si Az\u0259rbaycan\u0131 yen\u0259 d\u0259 c\u0259rim\u0259l\u0259di"},"content":{"rendered":"<p>\n  <i><br \/>\n    Seymur H\u0259zi, M\u0259\u011frub B\u0259d\u0259lli, Abdulla Yolbarsoy, M\u0259mm\u0259d \u018fzizov v\u0259 Murad \u018fdilovla ba\u011fl\u0131 q\u0259rar a\u00e7\u0131qlan\u0131b<br \/>\n  <\/i>\n<\/p>\n<p>\n  Noyabr\u0131n 5-d\u0259 Avropa \u0130nsan Haqqlar\u0131 M\u0259hk\u0259m\u0259si Az\u0259rbaycanla ba\u011fl\u0131 (&quot;H\u0259ziyev v\u0259 ba\u015fqalar\u0131 Az\u0259rbaycana qar\u015f\u0131&quot;) daha bir q\u0259rar\u0131n\u0131 elan<br \/>\n  <a href=\"http:\/\/hudoc.echr.coe.int\/eng?i=001-205538\"><br \/>\n    edib<br \/>\n  <\/a><br \/>\n  .\n<\/p>\n<p>\n  Jurnalist Seymur H\u0259zi, M\u0259\u011frub B\u0259d\u0259lli, Abdulla Yolbarsoy, M\u0259mm\u0259d \u018fzizov v\u0259 Murad \u018fdilov m\u0259hk\u0259m\u0259y\u0259 m\u00fcraci\u0259t ed\u0259r\u0259k ayr\u0131-ayr\u0131 vaxtlarda i\u015fg\u0259nc\u0259y\u0259 m\u0259ruz qalmalar\u0131 il\u0259 ba\u011fl\u0131 \u015fikay\u0259t vermi\u015fdil\u0259r.\n<\/p>\n<p>\n  M\u0259hk\u0259m\u0259 hesab edib ki, 3 v\u0259 5-ci \u018friz\u0259\u00e7i Konvensiyan\u0131n 3-c\u00fc madd\u0259sinin substantiv \u0259saslar\u0131 \u00fczr\u0259, b\u00fct\u00fcn \u0259riz\u0259\u00e7il\u0259rin h\u0259min madd\u0259nin prosedural \u0259sas\u0131 \u00fczr\u0259 h\u00fcquqlar\u0131, 2-ci \u0259riz\u0259\u00e7iy\u0259 m\u00fcnasib\u0259td\u0259 Konvensiyan\u0131n 5.1-ci madd\u0259si pozulub.\n<\/p>\n<p>\n  M\u0259hk\u0259m\u0259 m\u0259n\u0259vi z\u0259r\u0259r\u0259 g\u00f6r\u0259 3 v\u0259 5-ci \u0259riz\u0259\u00e7iy\u0259 12000 avro, 2-ci \u0259riz\u0259\u00e7iy\u0259 9750 avro, 2 v\u0259 4-c\u00fc \u0259riz\u0259\u00e7iy\u0259 7500 avro t\u0259yin edib.\n<\/p>\n<p>\n  Bundan \u0259lav\u0259, m\u0259hk\u0259m\u0259 x\u0259rcl\u0259rin\u0259 g\u00f6r\u0259 1-ci \u0259riz\u0259\u00e7iy\u0259 3000 avro, dig\u0259rl\u0259rin\u0259 2000 avronun \u00f6d\u0259nilm\u0259sini m\u00fc\u0259yy\u0259n edilib.\n<\/p>\n<p>\n  \u018friz\u0259\u00e7il\u0259rd\u0259n Seymur H\u0259zi v\u0259 M\u0259mm\u0259d \u018fzizovun n\u00fcmay\u0259nd\u0259si Fariz Namazl\u0131 olub.\n<\/p>\n<p>\n  V\u0259kil bildirir ki, bu i\u015f \u00fczr\u0259 q\u0259rar bu il \u0259rzind\u0259 apard\u0131\u011f\u0131 6 i\u015f \u00fczr\u0259 sayca pozuntu tan\u0131nan 4-c\u00fc q\u0259rard\u0131r.\n<\/p>\n<p>\n  Jurnalist Seymur H\u0259zi v\u0259 aktivist M\u0259mm\u0259d \u018fzizovun \u015fikay\u0259ti h\u0259bsd\u0259 i\u015fg\u0259nc\u0259y\u0259 m\u0259ruz qalmalar\u0131 il\u0259 ba\u011fl\u0131 olub.<\/p>\n","protected":false},"excerpt":{"rendered":"<p>M\u0259hk\u0259m\u0259 m\u0259n\u0259vi z\u0259r\u0259r\u0259 g\u00f6r\u0259 3 v\u0259 5-ci \u0259riz\u0259\u00e7iy\u0259 12000 avro, 2-ci \u0259riz\u0259\u00e7iy\u0259 9750 avro, 2 v\u0259 4-c\u00fc \u0259riz\u0259\u00e7iy\u0259 7500 avro t\u0259yin edib.<\/p>\n","protected":false},"author":11,"featured_media":147725,"comment_status":"closed","ping_status":"open","sticky":false,"template":"","format":"standard","meta":{"_acf_changed":false,"_sitemap_exclude":false,"_sitemap_priority":"","_sitemap_frequency":"","footnotes":""},"categories":[59],"tags":[],"class_list":["post-203412","post","type-post","status-publish","format-standard","has-post-thumbnail","hentry","category-siyaset","infinite-scroll-item","generate-columns","tablet-grid-50","mobile-grid-100","grid-parent","grid-33","no-featured-image-padding"],"acf":[],"yoast_head":"<!-- This site is optimized with the Yoast SEO plugin v27.5 - https:\/\/yoast.com\/product\/yoast-seo-wordpress\/ -->\n<title>Avropa M\u0259hk\u0259m\u0259si Az\u0259rbaycan\u0131 yen\u0259 d\u0259 c\u0259rim\u0259l\u0259di - MEYDAN.TV<\/title>\n<meta name=\"robots\" content=\"index, follow, max-snippet:-1, max-image-preview:large, max-video-preview:-1\" \/>\n<link rel=\"canonical\" href=\"https:\/\/www.meydan.tv\/az\/article\/avropa-mehkemesi-azerbaycani-yene-de-cerimeledi\/\" \/>\n<meta property=\"og:locale\" content=\"az_AZ\" \/>\n<meta property=\"og:type\" content=\"article\" \/>\n<meta property=\"og:title\" content=\"Avropa M\u0259hk\u0259m\u0259si Az\u0259rbaycan\u0131 yen\u0259 d\u0259 c\u0259rim\u0259l\u0259di - MEYDAN.TV\" \/>\n<meta property=\"og:description\" content=\"M\u0259hk\u0259m\u0259 m\u0259n\u0259vi z\u0259r\u0259r\u0259 g\u00f6r\u0259 3 v\u0259 5-ci \u0259riz\u0259\u00e7iy\u0259 12000 avro, 2-ci \u0259riz\u0259\u00e7iy\u0259 9750 avro, 2 v\u0259 4-c\u00fc \u0259riz\u0259\u00e7iy\u0259 7500 avro t\u0259yin edib.\" \/>\n<meta property=\"og:url\" content=\"https:\/\/www.meydan.tv\/az\/article\/avropa-mehkemesi-azerbaycani-yene-de-cerimeledi\/\" \/>\n<meta property=\"og:site_name\" content=\"MEYDAN.TV\" \/>\n<meta property=\"article:published_time\" content=\"2020-11-05T12:00:52+00:00\" \/>\n<meta property=\"og:image\" content=\"https:\/\/www.meydan.tv\/wp-content\/uploads\/18_11_01_1541077410.jpg\" \/>\n\t<meta property=\"og:image:width\" content=\"748\" \/>\n\t<meta property=\"og:image:height\" content=\"480\" \/>\n\t<meta property=\"og:image:type\" content=\"image\/jpeg\" \/>\n<meta name=\"author\" content=\"user-manager\" \/>\n<meta name=\"twitter:card\" content=\"summary_large_image\" \/>\n<script type=\"application\/ld+json\" class=\"yoast-schema-graph\">{\"@context\":\"https:\\\/\\\/schema.org\",\"@graph\":[{\"@type\":\"Article\",\"@id\":\"https:\\\/\\\/www.meydan.tv\\\/az\\\/article\\\/avropa-mehkemesi-azerbaycani-yene-de-cerimeledi\\\/#article\",\"isPartOf\":{\"@id\":\"https:\\\/\\\/www.meydan.tv\\\/az\\\/article\\\/avropa-mehkemesi-azerbaycani-yene-de-cerimeledi\\\/\"},\"author\":{\"name\":\"user-manager\",\"@id\":\"https:\\\/\\\/www.meydan.tv\\\/az\\\/#\\\/schema\\\/person\\\/10d11eccf6da3662cf5fdab9806ea91a\"},\"headline\":\"Avropa M\u0259hk\u0259m\u0259si Az\u0259rbaycan\u0131 yen\u0259 d\u0259 c\u0259rim\u0259l\u0259di\",\"datePublished\":\"2020-11-05T12:00:52+00:00\",\"mainEntityOfPage\":{\"@id\":\"https:\\\/\\\/www.meydan.tv\\\/az\\\/article\\\/avropa-mehkemesi-azerbaycani-yene-de-cerimeledi\\\/\"},\"wordCount\":279,\"publisher\":{\"@id\":\"https:\\\/\\\/www.meydan.tv\\\/az\\\/#organization\"},\"image\":{\"@id\":\"https:\\\/\\\/www.meydan.tv\\\/az\\\/article\\\/avropa-mehkemesi-azerbaycani-yene-de-cerimeledi\\\/#primaryimage\"},\"thumbnailUrl\":\"https:\\\/\\\/www.meydan.tv\\\/wp-content\\\/uploads\\\/18_11_01_1541077410.jpg\",\"articleSection\":[\"Siyas\u0259t\"],\"inLanguage\":\"az\"},{\"@type\":\"WebPage\",\"@id\":\"https:\\\/\\\/www.meydan.tv\\\/az\\\/article\\\/avropa-mehkemesi-azerbaycani-yene-de-cerimeledi\\\/\",\"url\":\"https:\\\/\\\/www.meydan.tv\\\/az\\\/article\\\/avropa-mehkemesi-azerbaycani-yene-de-cerimeledi\\\/\",\"name\":\"Avropa M\u0259hk\u0259m\u0259si Az\u0259rbaycan\u0131 yen\u0259 d\u0259 c\u0259rim\u0259l\u0259di - MEYDAN.TV\",\"isPartOf\":{\"@id\":\"https:\\\/\\\/www.meydan.tv\\\/az\\\/#website\"},\"primaryImageOfPage\":{\"@id\":\"https:\\\/\\\/www.meydan.tv\\\/az\\\/article\\\/avropa-mehkemesi-azerbaycani-yene-de-cerimeledi\\\/#primaryimage\"},\"image\":{\"@id\":\"https:\\\/\\\/www.meydan.tv\\\/az\\\/article\\\/avropa-mehkemesi-azerbaycani-yene-de-cerimeledi\\\/#primaryimage\"},\"thumbnailUrl\":\"https:\\\/\\\/www.meydan.tv\\\/wp-content\\\/uploads\\\/18_11_01_1541077410.jpg\",\"datePublished\":\"2020-11-05T12:00:52+00:00\",\"breadcrumb\":{\"@id\":\"https:\\\/\\\/www.meydan.tv\\\/az\\\/article\\\/avropa-mehkemesi-azerbaycani-yene-de-cerimeledi\\\/#breadcrumb\"},\"inLanguage\":\"az\",\"potentialAction\":[{\"@type\":\"ReadAction\",\"target\":[\"https:\\\/\\\/www.meydan.tv\\\/az\\\/article\\\/avropa-mehkemesi-azerbaycani-yene-de-cerimeledi\\\/\"]}]},{\"@type\":\"ImageObject\",\"inLanguage\":\"az\",\"@id\":\"https:\\\/\\\/www.meydan.tv\\\/az\\\/article\\\/avropa-mehkemesi-azerbaycani-yene-de-cerimeledi\\\/#primaryimage\",\"url\":\"https:\\\/\\\/www.meydan.tv\\\/wp-content\\\/uploads\\\/18_11_01_1541077410.jpg\",\"contentUrl\":\"https:\\\/\\\/www.meydan.tv\\\/wp-content\\\/uploads\\\/18_11_01_1541077410.jpg\",\"width\":748,\"height\":480,\"caption\":\"Foto: Avropa M\u0259hk\u0259m\u0259si\"},{\"@type\":\"BreadcrumbList\",\"@id\":\"https:\\\/\\\/www.meydan.tv\\\/az\\\/article\\\/avropa-mehkemesi-azerbaycani-yene-de-cerimeledi\\\/#breadcrumb\",\"itemListElement\":[{\"@type\":\"ListItem\",\"position\":1,\"name\":\"Ana s\u0259hif\u0259\",\"item\":\"https:\\\/\\\/www.meydan.tv\\\/az\\\/\"},{\"@type\":\"ListItem\",\"position\":2,\"name\":\"Siyas\u0259t\",\"item\":\"https:\\\/\\\/www.meydan.tv\\\/az\\\/section\\\/siyaset\\\/\"},{\"@type\":\"ListItem\",\"position\":3,\"name\":\"Avropa M\u0259hk\u0259m\u0259si Az\u0259rbaycan\u0131 yen\u0259 d\u0259 c\u0259rim\u0259l\u0259di\"}]},{\"@type\":\"WebSite\",\"@id\":\"https:\\\/\\\/www.meydan.tv\\\/az\\\/#website\",\"url\":\"https:\\\/\\\/www.meydan.tv\\\/az\\\/\",\"name\":\"MEYDAN.TV\",\"description\":\"Meydan TV Az\u0259rbaycan\u0131n media m\u0259kan\u0131ndak\u0131 alternativ s\u0259sidir\",\"publisher\":{\"@id\":\"https:\\\/\\\/www.meydan.tv\\\/az\\\/#organization\"},\"potentialAction\":[{\"@type\":\"SearchAction\",\"target\":{\"@type\":\"EntryPoint\",\"urlTemplate\":\"https:\\\/\\\/www.meydan.tv\\\/az\\\/?s={search_term_string}\"},\"query-input\":{\"@type\":\"PropertyValueSpecification\",\"valueRequired\":true,\"valueName\":\"search_term_string\"}}],\"inLanguage\":\"az\"},{\"@type\":\"Organization\",\"@id\":\"https:\\\/\\\/www.meydan.tv\\\/az\\\/#organization\",\"name\":\"Meydan TV\",\"url\":\"https:\\\/\\\/www.meydan.tv\\\/az\\\/\",\"logo\":{\"@type\":\"ImageObject\",\"inLanguage\":\"az\",\"@id\":\"https:\\\/\\\/www.meydan.tv\\\/az\\\/#\\\/schema\\\/logo\\\/image\\\/\",\"url\":\"https:\\\/\\\/www.meydan.tv\\\/wp-content\\\/uploads\\\/2021\\\/07\\\/meydan-logo.svg\",\"contentUrl\":\"https:\\\/\\\/www.meydan.tv\\\/wp-content\\\/uploads\\\/2021\\\/07\\\/meydan-logo.svg\",\"width\":195,\"height\":46,\"caption\":\"Meydan TV\"},\"image\":{\"@id\":\"https:\\\/\\\/www.meydan.tv\\\/az\\\/#\\\/schema\\\/logo\\\/image\\\/\"}},{\"@type\":\"Person\",\"@id\":\"https:\\\/\\\/www.meydan.tv\\\/az\\\/#\\\/schema\\\/person\\\/10d11eccf6da3662cf5fdab9806ea91a\",\"name\":\"user-manager\"}]}<\/script>\n<!-- \/ Yoast SEO plugin. -->","yoast_head_json":{"title":"Avropa M\u0259hk\u0259m\u0259si Az\u0259rbaycan\u0131 yen\u0259 d\u0259 c\u0259rim\u0259l\u0259di - MEYDAN.TV","robots":{"index":"index","follow":"follow","max-snippet":"max-snippet:-1","max-image-preview":"max-image-preview:large","max-video-preview":"max-video-preview:-1"},"canonical":"https:\/\/www.meydan.tv\/az\/article\/avropa-mehkemesi-azerbaycani-yene-de-cerimeledi\/","og_locale":"az_AZ","og_type":"article","og_title":"Avropa M\u0259hk\u0259m\u0259si Az\u0259rbaycan\u0131 yen\u0259 d\u0259 c\u0259rim\u0259l\u0259di - MEYDAN.TV","og_description":"M\u0259hk\u0259m\u0259 m\u0259n\u0259vi z\u0259r\u0259r\u0259 g\u00f6r\u0259 3 v\u0259 5-ci \u0259riz\u0259\u00e7iy\u0259 12000 avro, 2-ci \u0259riz\u0259\u00e7iy\u0259 9750 avro, 2 v\u0259 4-c\u00fc \u0259riz\u0259\u00e7iy\u0259 7500 avro t\u0259yin edib.","og_url":"https:\/\/www.meydan.tv\/az\/article\/avropa-mehkemesi-azerbaycani-yene-de-cerimeledi\/","og_site_name":"MEYDAN.TV","article_published_time":"2020-11-05T12:00:52+00:00","og_image":[{"width":748,"height":480,"url":"https:\/\/www.meydan.tv\/wp-content\/uploads\/18_11_01_1541077410.jpg","type":"image\/jpeg"}],"author":"user-manager","twitter_card":"summary_large_image","schema":{"@context":"https:\/\/schema.org","@graph":[{"@type":"Article","@id":"https:\/\/www.meydan.tv\/az\/article\/avropa-mehkemesi-azerbaycani-yene-de-cerimeledi\/#article","isPartOf":{"@id":"https:\/\/www.meydan.tv\/az\/article\/avropa-mehkemesi-azerbaycani-yene-de-cerimeledi\/"},"author":{"name":"user-manager","@id":"https:\/\/www.meydan.tv\/az\/#\/schema\/person\/10d11eccf6da3662cf5fdab9806ea91a"},"headline":"Avropa M\u0259hk\u0259m\u0259si Az\u0259rbaycan\u0131 yen\u0259 d\u0259 c\u0259rim\u0259l\u0259di","datePublished":"2020-11-05T12:00:52+00:00","mainEntityOfPage":{"@id":"https:\/\/www.meydan.tv\/az\/article\/avropa-mehkemesi-azerbaycani-yene-de-cerimeledi\/"},"wordCount":279,"publisher":{"@id":"https:\/\/www.meydan.tv\/az\/#organization"},"image":{"@id":"https:\/\/www.meydan.tv\/az\/article\/avropa-mehkemesi-azerbaycani-yene-de-cerimeledi\/#primaryimage"},"thumbnailUrl":"https:\/\/www.meydan.tv\/wp-content\/uploads\/18_11_01_1541077410.jpg","articleSection":["Siyas\u0259t"],"inLanguage":"az"},{"@type":"WebPage","@id":"https:\/\/www.meydan.tv\/az\/article\/avropa-mehkemesi-azerbaycani-yene-de-cerimeledi\/","url":"https:\/\/www.meydan.tv\/az\/article\/avropa-mehkemesi-azerbaycani-yene-de-cerimeledi\/","name":"Avropa M\u0259hk\u0259m\u0259si Az\u0259rbaycan\u0131 yen\u0259 d\u0259 c\u0259rim\u0259l\u0259di - MEYDAN.TV","isPartOf":{"@id":"https:\/\/www.meydan.tv\/az\/#website"},"primaryImageOfPage":{"@id":"https:\/\/www.meydan.tv\/az\/article\/avropa-mehkemesi-azerbaycani-yene-de-cerimeledi\/#primaryimage"},"image":{"@id":"https:\/\/www.meydan.tv\/az\/article\/avropa-mehkemesi-azerbaycani-yene-de-cerimeledi\/#primaryimage"},"thumbnailUrl":"https:\/\/www.meydan.tv\/wp-content\/uploads\/18_11_01_1541077410.jpg","datePublished":"2020-11-05T12:00:52+00:00","breadcrumb":{"@id":"https:\/\/www.meydan.tv\/az\/article\/avropa-mehkemesi-azerbaycani-yene-de-cerimeledi\/#breadcrumb"},"inLanguage":"az","potentialAction":[{"@type":"ReadAction","target":["https:\/\/www.meydan.tv\/az\/article\/avropa-mehkemesi-azerbaycani-yene-de-cerimeledi\/"]}]},{"@type":"ImageObject","inLanguage":"az","@id":"https:\/\/www.meydan.tv\/az\/article\/avropa-mehkemesi-azerbaycani-yene-de-cerimeledi\/#primaryimage","url":"https:\/\/www.meydan.tv\/wp-content\/uploads\/18_11_01_1541077410.jpg","contentUrl":"https:\/\/www.meydan.tv\/wp-content\/uploads\/18_11_01_1541077410.jpg","width":748,"height":480,"caption":"Foto: Avropa M\u0259hk\u0259m\u0259si"},{"@type":"BreadcrumbList","@id":"https:\/\/www.meydan.tv\/az\/article\/avropa-mehkemesi-azerbaycani-yene-de-cerimeledi\/#breadcrumb","itemListElement":[{"@type":"ListItem","position":1,"name":"Ana s\u0259hif\u0259","item":"https:\/\/www.meydan.tv\/az\/"},{"@type":"ListItem","position":2,"name":"Siyas\u0259t","item":"https:\/\/www.meydan.tv\/az\/section\/siyaset\/"},{"@type":"ListItem","position":3,"name":"Avropa M\u0259hk\u0259m\u0259si Az\u0259rbaycan\u0131 yen\u0259 d\u0259 c\u0259rim\u0259l\u0259di"}]},{"@type":"WebSite","@id":"https:\/\/www.meydan.tv\/az\/#website","url":"https:\/\/www.meydan.tv\/az\/","name":"MEYDAN.TV","description":"Meydan TV Az\u0259rbaycan\u0131n media m\u0259kan\u0131ndak\u0131 alternativ s\u0259sidir","publisher":{"@id":"https:\/\/www.meydan.tv\/az\/#organization"},"potentialAction":[{"@type":"SearchAction","target":{"@type":"EntryPoint","urlTemplate":"https:\/\/www.meydan.tv\/az\/?s={search_term_string}"},"query-input":{"@type":"PropertyValueSpecification","valueRequired":true,"valueName":"search_term_string"}}],"inLanguage":"az"},{"@type":"Organization","@id":"https:\/\/www.meydan.tv\/az\/#organization","name":"Meydan TV","url":"https:\/\/www.meydan.tv\/az\/","logo":{"@type":"ImageObject","inLanguage":"az","@id":"https:\/\/www.meydan.tv\/az\/#\/schema\/logo\/image\/","url":"https:\/\/www.meydan.tv\/wp-content\/uploads\/2021\/07\/meydan-logo.svg","contentUrl":"https:\/\/www.meydan.tv\/wp-content\/uploads\/2021\/07\/meydan-logo.svg","width":195,"height":46,"caption":"Meydan TV"},"image":{"@id":"https:\/\/www.meydan.tv\/az\/#\/schema\/logo\/image\/"}},{"@type":"Person","@id":"https:\/\/www.meydan.tv\/az\/#\/schema\/person\/10d11eccf6da3662cf5fdab9806ea91a","name":"user-manager"}]}},"_links":{"self":[{"href":"https:\/\/www.meydan.tv\/az\/wp-json\/wp\/v2\/posts\/203412","targetHints":{"allow":["GET"]}}],"collection":[{"href":"https:\/\/www.meydan.tv\/az\/wp-json\/wp\/v2\/posts"}],"about":[{"href":"https:\/\/www.meydan.tv\/az\/wp-json\/wp\/v2\/types\/post"}],"author":[{"embeddable":true,"href":"https:\/\/www.meydan.tv\/az\/wp-json\/wp\/v2\/users\/11"}],"replies":[{"embeddable":true,"href":"https:\/\/www.meydan.tv\/az\/wp-json\/wp\/v2\/comments?post=203412"}],"version-history":[{"count":0,"href":"https:\/\/www.meydan.tv\/az\/wp-json\/wp\/v2\/posts\/203412\/revisions"}],"wp:featuredmedia":[{"embeddable":true,"href":"https:\/\/www.meydan.tv\/az\/wp-json\/wp\/v2\/media\/147725"}],"wp:attachment":[{"href":"https:\/\/www.meydan.tv\/az\/wp-json\/wp\/v2\/media?parent=203412"}],"wp:term":[{"taxonomy":"category","embeddable":true,"href":"https:\/\/www.meydan.tv\/az\/wp-json\/wp\/v2\/categories?post=203412"},{"taxonomy":"post_tag","embeddable":true,"href":"https:\/\/www.meydan.tv\/az\/wp-json\/wp\/v2\/tags?post=203412"}],"curies":[{"name":"wp","href":"https:\/\/api.w.org\/{rel}","templated":true}]}}