{"id":203402,"date":"2020-11-04T15:08:34","date_gmt":"2020-11-04T15:08:34","guid":{"rendered":"https:\/\/www.meydan.tv\/article\/daha-7-kend-isgaldan-azad-edildi\/"},"modified":"2020-11-04T15:08:34","modified_gmt":"2020-11-04T15:08:34","slug":"daha-7-kend-isgaldan-azad-edildi","status":"publish","type":"post","link":"https:\/\/www.meydan.tv\/az\/article\/daha-7-kend-isgaldan-azad-edildi\/","title":{"rendered":"Daha 7 k\u0259nd i\u015f\u011faldan azad edildi"},"content":{"rendered":"<p>\n  <i><br \/>\n    C\u0259bray\u0131l, Qubadl\u0131 v\u0259 Z\u0259ngilan rayonlar\u0131n\u0131n k\u0259ndl\u0259ri geri al\u0131n\u0131b<br \/>\n  <\/i>\n<\/p>\n<p>\n  Az\u0259rbaycan Ordusu C\u0259bray\u0131l rayonunun Mir\u0259k, Kavdar, Z\u0259ngilan rayonunun M\u0259\u015f\u0259diismay\u0131ll\u0131, \u015e\u0259fib\u0259yli, Qubadl\u0131 rayonunun Ba\u015farat, Qaraki\u015fil\u0259r, Qaracall\u0131 k\u0259ndl\u0259rini i\u015f\u011faldan azad edib.\n<\/p>\n<p>\n  Bu bar\u0259d\u0259 Az\u0259rbaycan Prezidenti \u0130lham \u018fliyev \u00f6z\u00fcn\u00fcn \u201cTwitter\u201d hesab\u0131nda bildirib.\n<\/p>\n<p>\n  Sentyabr\u0131n 27-d\u0259 Az\u0259rbaycan v\u0259 Erm\u0259nistan aras\u0131nda at\u0259\u015fk\u0259s pozulub.\n<\/p>\n<p>\n  1 aydan \u00e7oxdur davam ed\u0259n h\u0259rbi \u0259m\u0259liyyatlar n\u0259tic\u0259sind\u0259 4 \u015f\u0259h\u0259r \u2013 C\u0259bray\u0131l, F\u00fczuli, Z\u0259ngilan, Qubadl\u0131; 3 q\u0259s\u0259b\u0259 &#8211; Hadrut, Mincivan, A\u011fb\u0259nd v\u0259 200-d\u0259n \u00e7ox k\u0259nd azad olunub.\n<\/p>\n<p>\n  Da\u011fl\u0131q Qaraba\u011f m\u00fcnaqi\u015f\u0259sinin m\u00fcasir m\u0259rh\u0259l\u0259si 1988-ci ild\u0259 Erm\u0259nistan SSR-in Az\u0259rbaycan SSR-\u0259 qar\u015f\u0131 \u0259razi iddialar\u0131 \u0259sas\u0131nda ba\u015flay\u0131b.\n<\/p>\n<p>\n  1991-1994-c\u00fc ill\u0259rd\u0259 Az\u0259rbaycan\u0131n Da\u011fl\u0131q Qaraba\u011f (1991-ci ild\u0259 Az\u0259rbaycan Milli M\u0259clisi muxtar vilay\u0259ti l\u0259\u011fv edib.\n<\/p>\n<p>\n  Az\u0259rbaycan BMT-y\u0259 \u00fczv olduqda art\u0131q bu status yox idi &#8211; red) \u0259razisi u\u011frunda Erm\u0259nistanla Az\u0259rbaycan aras\u0131nda m\u00fcharib\u0259 ba\u015f verib.\n<\/p>\n<p>\n  N\u0259tic\u0259d\u0259 Az\u0259rbaycan \u0259razil\u0259rinin 20 faizi &#8211; Da\u011fl\u0131q Qaraba\u011f v\u0259 \u0259traf 7 inzibati rayon (La\u00e7\u0131n, K\u0259lb\u0259c\u0259r, A\u011fdam, F\u00fczuli, C\u0259bray\u0131l, Qubadl\u0131, Z\u0259ngilan) Erm\u0259nistan Silahl\u0131 Q\u00fcvv\u0259l\u0259ri t\u0259r\u0259find\u0259n i\u015f\u011fal olunub, 1 milyondan art\u0131q insan qa\u00e7q\u0131n v\u0259 m\u0259cburi k\u00f6\u00e7k\u00fcn v\u0259ziyy\u0259tin\u0259 d\u00fc\u015f\u00fcb.\n<\/p>\n<p>\n  H\u0259rbi \u0259m\u0259liyyatlar 1994-c\u00fc ilin may ay\u0131nda Bi\u015fkekd\u0259 Az\u0259rbaycan v\u0259 Erm\u0259nistan aras\u0131nda imzalanm\u0131\u015f at\u0259\u015fk\u0259s sazi\u015fi il\u0259 ba\u015fa \u00e7at\u0131b.\n<\/p>\n<p>\n  Da\u011fl\u0131q Qaraba\u011f m\u00fcnaqi\u015f\u0259sinin h\u0259lli il\u0259 AT\u018fT-in Minsk Qrupu v\u0259 Rusiya, AB\u015e, Fransadan ibar\u0259t h\u0259ms\u0259drl\u0259ri m\u0259\u015f\u011ful olur.<\/p>\n","protected":false},"excerpt":{"rendered":"<p>Az\u0259rbaycan Ordusu C\u0259bray\u0131l rayonunun Mir\u0259k, Kavdar, Z\u0259ngilan rayonunun M\u0259\u015f\u0259diismay\u0131ll\u0131, \u015e\u0259fib\u0259yli, Qubadl\u0131 rayonunun Ba\u015farat, Qaraki\u015fil\u0259r, Qaracall\u0131 k\u0259ndl\u0259rini i\u015f\u011faldan azad edib.<\/p>\n","protected":false},"author":11,"featured_media":150981,"comment_status":"closed","ping_status":"open","sticky":false,"template":"","format":"standard","meta":{"_acf_changed":false,"_sitemap_exclude":false,"_sitemap_priority":"","_sitemap_frequency":"","footnotes":""},"categories":[59],"tags":[],"class_list":["post-203402","post","type-post","status-publish","format-standard","has-post-thumbnail","hentry","category-siyaset","infinite-scroll-item","generate-columns","tablet-grid-50","mobile-grid-100","grid-parent","grid-33","no-featured-image-padding"],"acf":[],"yoast_head":"<!-- This site is optimized with the Yoast SEO plugin v27.5 - https:\/\/yoast.com\/product\/yoast-seo-wordpress\/ -->\n<title>Daha 7 k\u0259nd i\u015f\u011faldan azad edildi - MEYDAN.TV<\/title>\n<meta name=\"robots\" content=\"index, follow, max-snippet:-1, max-image-preview:large, max-video-preview:-1\" \/>\n<link rel=\"canonical\" href=\"https:\/\/www.meydan.tv\/az\/article\/daha-7-kend-isgaldan-azad-edildi\/\" \/>\n<meta property=\"og:locale\" content=\"az_AZ\" \/>\n<meta property=\"og:type\" content=\"article\" \/>\n<meta property=\"og:title\" content=\"Daha 7 k\u0259nd i\u015f\u011faldan azad edildi - MEYDAN.TV\" \/>\n<meta property=\"og:description\" content=\"Az\u0259rbaycan Ordusu C\u0259bray\u0131l rayonunun Mir\u0259k, Kavdar, Z\u0259ngilan rayonunun M\u0259\u015f\u0259diismay\u0131ll\u0131, \u015e\u0259fib\u0259yli, Qubadl\u0131 rayonunun Ba\u015farat, Qaraki\u015fil\u0259r, Qaracall\u0131 k\u0259ndl\u0259rini i\u015f\u011faldan azad edib.\" \/>\n<meta property=\"og:url\" content=\"https:\/\/www.meydan.tv\/az\/article\/daha-7-kend-isgaldan-azad-edildi\/\" \/>\n<meta property=\"og:site_name\" content=\"MEYDAN.TV\" \/>\n<meta property=\"article:published_time\" content=\"2020-11-04T15:08:34+00:00\" \/>\n<meta property=\"og:image\" content=\"https:\/\/www.meydan.tv\/wp-content\/uploads\/image_from_ios_6_bxnivwt-scaled.jpg\" \/>\n\t<meta property=\"og:image:width\" content=\"2560\" \/>\n\t<meta property=\"og:image:height\" content=\"1707\" \/>\n\t<meta property=\"og:image:type\" content=\"image\/jpeg\" \/>\n<meta name=\"author\" content=\"user-manager\" \/>\n<meta name=\"twitter:card\" content=\"summary_large_image\" \/>\n<script type=\"application\/ld+json\" class=\"yoast-schema-graph\">{\"@context\":\"https:\\\/\\\/schema.org\",\"@graph\":[{\"@type\":\"Article\",\"@id\":\"https:\\\/\\\/www.meydan.tv\\\/az\\\/article\\\/daha-7-kend-isgaldan-azad-edildi\\\/#article\",\"isPartOf\":{\"@id\":\"https:\\\/\\\/www.meydan.tv\\\/az\\\/article\\\/daha-7-kend-isgaldan-azad-edildi\\\/\"},\"author\":{\"name\":\"user-manager\",\"@id\":\"https:\\\/\\\/www.meydan.tv\\\/az\\\/#\\\/schema\\\/person\\\/10d11eccf6da3662cf5fdab9806ea91a\"},\"headline\":\"Daha 7 k\u0259nd i\u015f\u011faldan azad edildi\",\"datePublished\":\"2020-11-04T15:08:34+00:00\",\"mainEntityOfPage\":{\"@id\":\"https:\\\/\\\/www.meydan.tv\\\/az\\\/article\\\/daha-7-kend-isgaldan-azad-edildi\\\/\"},\"wordCount\":325,\"publisher\":{\"@id\":\"https:\\\/\\\/www.meydan.tv\\\/az\\\/#organization\"},\"image\":{\"@id\":\"https:\\\/\\\/www.meydan.tv\\\/az\\\/article\\\/daha-7-kend-isgaldan-azad-edildi\\\/#primaryimage\"},\"thumbnailUrl\":\"https:\\\/\\\/www.meydan.tv\\\/wp-content\\\/uploads\\\/image_from_ios_6_bxnivwt-scaled.jpg\",\"articleSection\":[\"Siyas\u0259t\"],\"inLanguage\":\"az\"},{\"@type\":\"WebPage\",\"@id\":\"https:\\\/\\\/www.meydan.tv\\\/az\\\/article\\\/daha-7-kend-isgaldan-azad-edildi\\\/\",\"url\":\"https:\\\/\\\/www.meydan.tv\\\/az\\\/article\\\/daha-7-kend-isgaldan-azad-edildi\\\/\",\"name\":\"Daha 7 k\u0259nd i\u015f\u011faldan azad edildi - MEYDAN.TV\",\"isPartOf\":{\"@id\":\"https:\\\/\\\/www.meydan.tv\\\/az\\\/#website\"},\"primaryImageOfPage\":{\"@id\":\"https:\\\/\\\/www.meydan.tv\\\/az\\\/article\\\/daha-7-kend-isgaldan-azad-edildi\\\/#primaryimage\"},\"image\":{\"@id\":\"https:\\\/\\\/www.meydan.tv\\\/az\\\/article\\\/daha-7-kend-isgaldan-azad-edildi\\\/#primaryimage\"},\"thumbnailUrl\":\"https:\\\/\\\/www.meydan.tv\\\/wp-content\\\/uploads\\\/image_from_ios_6_bxnivwt-scaled.jpg\",\"datePublished\":\"2020-11-04T15:08:34+00:00\",\"breadcrumb\":{\"@id\":\"https:\\\/\\\/www.meydan.tv\\\/az\\\/article\\\/daha-7-kend-isgaldan-azad-edildi\\\/#breadcrumb\"},\"inLanguage\":\"az\",\"potentialAction\":[{\"@type\":\"ReadAction\",\"target\":[\"https:\\\/\\\/www.meydan.tv\\\/az\\\/article\\\/daha-7-kend-isgaldan-azad-edildi\\\/\"]}]},{\"@type\":\"ImageObject\",\"inLanguage\":\"az\",\"@id\":\"https:\\\/\\\/www.meydan.tv\\\/az\\\/article\\\/daha-7-kend-isgaldan-azad-edildi\\\/#primaryimage\",\"url\":\"https:\\\/\\\/www.meydan.tv\\\/wp-content\\\/uploads\\\/image_from_ios_6_bxnivwt-scaled.jpg\",\"contentUrl\":\"https:\\\/\\\/www.meydan.tv\\\/wp-content\\\/uploads\\\/image_from_ios_6_bxnivwt-scaled.jpg\",\"width\":2560,\"height\":1707,\"caption\":\"Source: Meydan TV\"},{\"@type\":\"BreadcrumbList\",\"@id\":\"https:\\\/\\\/www.meydan.tv\\\/az\\\/article\\\/daha-7-kend-isgaldan-azad-edildi\\\/#breadcrumb\",\"itemListElement\":[{\"@type\":\"ListItem\",\"position\":1,\"name\":\"Ana s\u0259hif\u0259\",\"item\":\"https:\\\/\\\/www.meydan.tv\\\/az\\\/\"},{\"@type\":\"ListItem\",\"position\":2,\"name\":\"Siyas\u0259t\",\"item\":\"https:\\\/\\\/www.meydan.tv\\\/az\\\/section\\\/siyaset\\\/\"},{\"@type\":\"ListItem\",\"position\":3,\"name\":\"Daha 7 k\u0259nd i\u015f\u011faldan azad edildi\"}]},{\"@type\":\"WebSite\",\"@id\":\"https:\\\/\\\/www.meydan.tv\\\/az\\\/#website\",\"url\":\"https:\\\/\\\/www.meydan.tv\\\/az\\\/\",\"name\":\"MEYDAN.TV\",\"description\":\"Meydan TV Az\u0259rbaycan\u0131n media m\u0259kan\u0131ndak\u0131 alternativ s\u0259sidir\",\"publisher\":{\"@id\":\"https:\\\/\\\/www.meydan.tv\\\/az\\\/#organization\"},\"potentialAction\":[{\"@type\":\"SearchAction\",\"target\":{\"@type\":\"EntryPoint\",\"urlTemplate\":\"https:\\\/\\\/www.meydan.tv\\\/az\\\/?s={search_term_string}\"},\"query-input\":{\"@type\":\"PropertyValueSpecification\",\"valueRequired\":true,\"valueName\":\"search_term_string\"}}],\"inLanguage\":\"az\"},{\"@type\":\"Organization\",\"@id\":\"https:\\\/\\\/www.meydan.tv\\\/az\\\/#organization\",\"name\":\"Meydan TV\",\"url\":\"https:\\\/\\\/www.meydan.tv\\\/az\\\/\",\"logo\":{\"@type\":\"ImageObject\",\"inLanguage\":\"az\",\"@id\":\"https:\\\/\\\/www.meydan.tv\\\/az\\\/#\\\/schema\\\/logo\\\/image\\\/\",\"url\":\"https:\\\/\\\/www.meydan.tv\\\/wp-content\\\/uploads\\\/2021\\\/07\\\/meydan-logo.svg\",\"contentUrl\":\"https:\\\/\\\/www.meydan.tv\\\/wp-content\\\/uploads\\\/2021\\\/07\\\/meydan-logo.svg\",\"width\":195,\"height\":46,\"caption\":\"Meydan TV\"},\"image\":{\"@id\":\"https:\\\/\\\/www.meydan.tv\\\/az\\\/#\\\/schema\\\/logo\\\/image\\\/\"}},{\"@type\":\"Person\",\"@id\":\"https:\\\/\\\/www.meydan.tv\\\/az\\\/#\\\/schema\\\/person\\\/10d11eccf6da3662cf5fdab9806ea91a\",\"name\":\"user-manager\"}]}<\/script>\n<!-- \/ Yoast SEO plugin. -->","yoast_head_json":{"title":"Daha 7 k\u0259nd i\u015f\u011faldan azad edildi - MEYDAN.TV","robots":{"index":"index","follow":"follow","max-snippet":"max-snippet:-1","max-image-preview":"max-image-preview:large","max-video-preview":"max-video-preview:-1"},"canonical":"https:\/\/www.meydan.tv\/az\/article\/daha-7-kend-isgaldan-azad-edildi\/","og_locale":"az_AZ","og_type":"article","og_title":"Daha 7 k\u0259nd i\u015f\u011faldan azad edildi - MEYDAN.TV","og_description":"Az\u0259rbaycan Ordusu C\u0259bray\u0131l rayonunun Mir\u0259k, Kavdar, Z\u0259ngilan rayonunun M\u0259\u015f\u0259diismay\u0131ll\u0131, \u015e\u0259fib\u0259yli, Qubadl\u0131 rayonunun Ba\u015farat, Qaraki\u015fil\u0259r, Qaracall\u0131 k\u0259ndl\u0259rini i\u015f\u011faldan azad edib.","og_url":"https:\/\/www.meydan.tv\/az\/article\/daha-7-kend-isgaldan-azad-edildi\/","og_site_name":"MEYDAN.TV","article_published_time":"2020-11-04T15:08:34+00:00","og_image":[{"width":2560,"height":1707,"url":"https:\/\/www.meydan.tv\/wp-content\/uploads\/image_from_ios_6_bxnivwt-scaled.jpg","type":"image\/jpeg"}],"author":"user-manager","twitter_card":"summary_large_image","schema":{"@context":"https:\/\/schema.org","@graph":[{"@type":"Article","@id":"https:\/\/www.meydan.tv\/az\/article\/daha-7-kend-isgaldan-azad-edildi\/#article","isPartOf":{"@id":"https:\/\/www.meydan.tv\/az\/article\/daha-7-kend-isgaldan-azad-edildi\/"},"author":{"name":"user-manager","@id":"https:\/\/www.meydan.tv\/az\/#\/schema\/person\/10d11eccf6da3662cf5fdab9806ea91a"},"headline":"Daha 7 k\u0259nd i\u015f\u011faldan azad edildi","datePublished":"2020-11-04T15:08:34+00:00","mainEntityOfPage":{"@id":"https:\/\/www.meydan.tv\/az\/article\/daha-7-kend-isgaldan-azad-edildi\/"},"wordCount":325,"publisher":{"@id":"https:\/\/www.meydan.tv\/az\/#organization"},"image":{"@id":"https:\/\/www.meydan.tv\/az\/article\/daha-7-kend-isgaldan-azad-edildi\/#primaryimage"},"thumbnailUrl":"https:\/\/www.meydan.tv\/wp-content\/uploads\/image_from_ios_6_bxnivwt-scaled.jpg","articleSection":["Siyas\u0259t"],"inLanguage":"az"},{"@type":"WebPage","@id":"https:\/\/www.meydan.tv\/az\/article\/daha-7-kend-isgaldan-azad-edildi\/","url":"https:\/\/www.meydan.tv\/az\/article\/daha-7-kend-isgaldan-azad-edildi\/","name":"Daha 7 k\u0259nd i\u015f\u011faldan azad edildi - MEYDAN.TV","isPartOf":{"@id":"https:\/\/www.meydan.tv\/az\/#website"},"primaryImageOfPage":{"@id":"https:\/\/www.meydan.tv\/az\/article\/daha-7-kend-isgaldan-azad-edildi\/#primaryimage"},"image":{"@id":"https:\/\/www.meydan.tv\/az\/article\/daha-7-kend-isgaldan-azad-edildi\/#primaryimage"},"thumbnailUrl":"https:\/\/www.meydan.tv\/wp-content\/uploads\/image_from_ios_6_bxnivwt-scaled.jpg","datePublished":"2020-11-04T15:08:34+00:00","breadcrumb":{"@id":"https:\/\/www.meydan.tv\/az\/article\/daha-7-kend-isgaldan-azad-edildi\/#breadcrumb"},"inLanguage":"az","potentialAction":[{"@type":"ReadAction","target":["https:\/\/www.meydan.tv\/az\/article\/daha-7-kend-isgaldan-azad-edildi\/"]}]},{"@type":"ImageObject","inLanguage":"az","@id":"https:\/\/www.meydan.tv\/az\/article\/daha-7-kend-isgaldan-azad-edildi\/#primaryimage","url":"https:\/\/www.meydan.tv\/wp-content\/uploads\/image_from_ios_6_bxnivwt-scaled.jpg","contentUrl":"https:\/\/www.meydan.tv\/wp-content\/uploads\/image_from_ios_6_bxnivwt-scaled.jpg","width":2560,"height":1707,"caption":"Source: Meydan TV"},{"@type":"BreadcrumbList","@id":"https:\/\/www.meydan.tv\/az\/article\/daha-7-kend-isgaldan-azad-edildi\/#breadcrumb","itemListElement":[{"@type":"ListItem","position":1,"name":"Ana s\u0259hif\u0259","item":"https:\/\/www.meydan.tv\/az\/"},{"@type":"ListItem","position":2,"name":"Siyas\u0259t","item":"https:\/\/www.meydan.tv\/az\/section\/siyaset\/"},{"@type":"ListItem","position":3,"name":"Daha 7 k\u0259nd i\u015f\u011faldan azad edildi"}]},{"@type":"WebSite","@id":"https:\/\/www.meydan.tv\/az\/#website","url":"https:\/\/www.meydan.tv\/az\/","name":"MEYDAN.TV","description":"Meydan TV Az\u0259rbaycan\u0131n media m\u0259kan\u0131ndak\u0131 alternativ s\u0259sidir","publisher":{"@id":"https:\/\/www.meydan.tv\/az\/#organization"},"potentialAction":[{"@type":"SearchAction","target":{"@type":"EntryPoint","urlTemplate":"https:\/\/www.meydan.tv\/az\/?s={search_term_string}"},"query-input":{"@type":"PropertyValueSpecification","valueRequired":true,"valueName":"search_term_string"}}],"inLanguage":"az"},{"@type":"Organization","@id":"https:\/\/www.meydan.tv\/az\/#organization","name":"Meydan TV","url":"https:\/\/www.meydan.tv\/az\/","logo":{"@type":"ImageObject","inLanguage":"az","@id":"https:\/\/www.meydan.tv\/az\/#\/schema\/logo\/image\/","url":"https:\/\/www.meydan.tv\/wp-content\/uploads\/2021\/07\/meydan-logo.svg","contentUrl":"https:\/\/www.meydan.tv\/wp-content\/uploads\/2021\/07\/meydan-logo.svg","width":195,"height":46,"caption":"Meydan TV"},"image":{"@id":"https:\/\/www.meydan.tv\/az\/#\/schema\/logo\/image\/"}},{"@type":"Person","@id":"https:\/\/www.meydan.tv\/az\/#\/schema\/person\/10d11eccf6da3662cf5fdab9806ea91a","name":"user-manager"}]}},"_links":{"self":[{"href":"https:\/\/www.meydan.tv\/az\/wp-json\/wp\/v2\/posts\/203402","targetHints":{"allow":["GET"]}}],"collection":[{"href":"https:\/\/www.meydan.tv\/az\/wp-json\/wp\/v2\/posts"}],"about":[{"href":"https:\/\/www.meydan.tv\/az\/wp-json\/wp\/v2\/types\/post"}],"author":[{"embeddable":true,"href":"https:\/\/www.meydan.tv\/az\/wp-json\/wp\/v2\/users\/11"}],"replies":[{"embeddable":true,"href":"https:\/\/www.meydan.tv\/az\/wp-json\/wp\/v2\/comments?post=203402"}],"version-history":[{"count":0,"href":"https:\/\/www.meydan.tv\/az\/wp-json\/wp\/v2\/posts\/203402\/revisions"}],"wp:featuredmedia":[{"embeddable":true,"href":"https:\/\/www.meydan.tv\/az\/wp-json\/wp\/v2\/media\/150981"}],"wp:attachment":[{"href":"https:\/\/www.meydan.tv\/az\/wp-json\/wp\/v2\/media?parent=203402"}],"wp:term":[{"taxonomy":"category","embeddable":true,"href":"https:\/\/www.meydan.tv\/az\/wp-json\/wp\/v2\/categories?post=203402"},{"taxonomy":"post_tag","embeddable":true,"href":"https:\/\/www.meydan.tv\/az\/wp-json\/wp\/v2\/tags?post=203402"}],"curies":[{"name":"wp","href":"https:\/\/api.w.org\/{rel}","templated":true}]}}