{"id":203378,"date":"2020-11-03T11:59:47","date_gmt":"2020-11-03T11:59:47","guid":{"rendered":"https:\/\/www.meydan.tv\/article\/nefcalada-belediyye-sedrine-etiraz-eden-daha-6-sakin-cerimelenib\/"},"modified":"2020-11-03T11:59:47","modified_gmt":"2020-11-03T11:59:47","slug":"nefcalada-belediyye-sedrine-etiraz-eden-daha-6-sakin-cerimelenib","status":"publish","type":"post","link":"https:\/\/www.meydan.tv\/az\/article\/nefcalada-belediyye-sedrine-etiraz-eden-daha-6-sakin-cerimelenib\/","title":{"rendered":"Nef\u00e7alada b\u0259l\u0259diyy\u0259 s\u0259drin\u0259 etiraz ed\u0259n daha 6 sakin c\u0259rim\u0259l\u0259nib"},"content":{"rendered":"<p>\n  <i><br \/>\n    \u201cHe\u00e7 kim \u018flibala S\u0259limova g\u00f6z\u00fcn \u00fcstd\u0259 qa\u015f\u0131n var demir&quot;<br \/>\n  <\/i>\n<\/p>\n<p>\n  Noyabr\u0131n 3-d\u0259 polis Nef\u00e7alan\u0131n M\u00fcrs\u0259qulu k\u0259ndinin 6 sakinini c\u0259rim\u0259l\u0259yib.\n<\/p>\n<p>\n  K\u0259nd sakinl\u0259ri aprelin 15-d\u0259 t\u0259\u015fkil etdikl\u0259ri aksiyaya g\u00f6r\u0259 m\u0259hk\u0259m\u0259y\u0259 verilib.\n<\/p>\n<p>\n  M\u0259hk\u0259m\u0259 t\u0259r\u0259find\u0259n c\u0259rim\u0259l\u0259n\u0259n \u015f\u0259xsl\u0259r El\u015f\u0259n S\u0259m\u0259dov, Xanlar H\u0259mz\u0259yev, M\u0259mm\u0259d Zeynalov, Salman M\u0259mm\u0259dov, Natiq \u018fsg\u0259rov v\u0259 Zahid Ta\u011f\u0131yevdir.\n<\/p>\n<p>\n  Onlar 100-200 manat aral\u0131\u011f\u0131nda c\u0259rim\u0259l\u0259nibl\u0259r.\n<\/p>\n<p>\n  Meydan TV-y\u0259 bu haqda k\u0259nd sakinl\u0259ri m\u0259lumat verib.\n<\/p>\n<p>\n  Sakinl\u0259r bildiribl\u0259r ki, onlar aprelin 15-d\u0259 \u018flibala S\u0259limovun \u0259m\u0259ll\u0259rind\u0259n bo\u011faza y\u0131\u011f\u0131laraq etiraz edibl\u0259r. S\u0259b\u0259b d\u0259 \u018flibala S\u0259limov k\u0259ndin inki\u015faf fondunun 63 hektarl\u0131q torpa\u011f\u0131n\u0131 m\u0259nims\u0259y\u0259r\u0259k orada \u0259kin-bi\u00e7in i\u015fl\u0259ri aparmas\u0131d\u0131r:\n<\/p>\n<p>\n  \u201cTorpaq islahatlar\u0131 d\u00f6vr\u00fcnd\u0259 k\u0259nd \u0259halisi \u00f6z pay torpaqlar\u0131ndan k\u0259sib k\u0259ndin inki\u015faf fonduna ba\u011f\u0131\u015flay\u0131b. G\u0259l\u0259c\u0259kd\u0259 yeni ail\u0259 quran insanlara verilm\u0259si \u00fc\u00e7\u00fcn. \u018flibala S\u0259limov is\u0259 bu \u0259razil\u0259ri o\u011fluna verib. O\u011flu da burada \u0259kin-bi\u00e7in i\u015fl\u0259ri g\u00f6r\u00fcb, pul qazan\u0131r. \u00dcst\u0259lik, he\u00e7 h\u0259min g\u0259lird\u0259n vergi d\u0259 vermir\u201d.\n<\/p>\n<p>\n  Sakinl\u0259r bildirirl\u0259r ki, s\u0131rf buna g\u00f6r\u0259 bir ne\u00e7\u0259 ay \u00f6nc\u0259 &#8211; aprelin 15-d\u0259 aksiya t\u0259\u015fkil edibl\u0259r. Aksiya zaman\u0131 \u018flibala S\u0259limovun bac\u0131s\u0131 o\u011flu topla\u015f\u0131b etiraz ed\u0259n k\u0259ndlil\u0259ri t\u0259hqir edib: \u201cXan\u0131ml\u0131, ki\u015fili ham\u0131 \u0259kin sah\u0259sinin yax\u0131nl\u0131\u011f\u0131nda topla\u015fm\u0131\u015fd\u0131, polis d\u0259 g\u0259lmi\u015fdi. N\u0259 is\u0259 bu o\u011flan biz\u0259 dedi ki, i\u00e7inizd\u0259 ki\u015fi yoxdur dey\u0259s\u0259n, qad\u0131nlar\u0131 qaba\u011fa vermisiniz. Onun bu s\u00f6z\u00fcnd\u0259n q\u0259z\u0259bl\u0259n\u0259n insanlar h\u0259min \u0259kin sah\u0259sinin qap\u0131s\u0131n\u0131 vurub a\u00e7d\u0131. K\u00f6hn\u0259d\u0259n, Sovet d\u00f6vr\u00fcnd\u0259n qalma qap\u0131 idi, pis g\u00fcnd\u0259. H\u0259min qap\u0131 q\u0131r\u0131ld\u0131. \u0130ndi \u018flibala S\u0259limov bizi polis\u0259, m\u0259hk\u0259m\u0259y\u0259 verib ki, guya biz bunun qap\u0131s\u0131n\u0131 q\u0131rm\u0131\u015f\u0131q, xuliqanl\u0131q etmi\u015fik. \u00dcst\u0259lik, bununla da kifay\u0259tl\u0259nmir. Deyir, budur ne\u00e7\u0259 ildir biz onun o\u011flunu h\u0259min 9 hektar \u0259razid\u0259 \u0259kin-bi\u00e7in etm\u0259y\u0259 imkan verm\u0259mi\u015fik v\u0259 onlara ziyan vurmu\u015fuq. Buna g\u00f6r\u0259 d\u0259 bizd\u0259n 50 min manat t\u0259l\u0259b edir\u201d.\n<\/p>\n<p>\n  Sakinl\u0259r deyirl\u0259r ki, hadis\u0259d\u0259n sonra 3 n\u0259f\u0259r k\u0259nd sakini m\u0259hk\u0259m\u0259y\u0259 verilib.\n<\/p>\n<p>\n  Onlar xuliqanl\u0131qda iddiham edilibl\u0259r. \u00dcmumilikd\u0259 indiy\u0259 q\u0259d\u0259r aksiyaya g\u00f6r\u0259, 10 n\u0259f\u0259r 50 manat, 6 n\u0259f\u0259r is\u0259 200 manatad\u0259k c\u0259rim\u0259l\u0259nib.\n<\/p>\n<p>\n  K\u0259nd sakinl\u0259ri bu c\u0259rim\u0259l\u0259ri \u0259sass\u0131z, qanunsuz hesab edirl\u0259r.\n<\/p>\n<p>\n  K\u0259ndin sah\u0259 m\u00fcv\u0259kkili Sadiq \u018fmrahov c\u0259rim\u0259nin onluq bir \u015fey olmad\u0131\u011f\u0131n\u0131 deyir.\n<\/p>\n<p>\n  O bildirir ki, o, sad\u0259c\u0259 yuxar\u0131dan g\u0259l\u0259n \u0259mri icra edir: \u201cHe\u00e7 kim \u018flibala S\u0259limova g\u00f6z\u00fcn \u00fcstd\u0259 qa\u015f\u0131n var demir. Adam ist\u0259diyini edir, k\u0259ndlil\u0259rin haqq\u0131 olan torpa\u011f\u0131 \u0259kib-bec\u0259rir, ist\u0259diyi yeri ist\u0259diyi adama sat\u0131r. Ancaq haql\u0131 olan k\u0259nd sakinl\u0259ri iddiham edilir, c\u0259rim\u0259l\u0259nir\u201d.\n<\/p>\n<p>\n  Probleml\u0259 ba\u011fl\u0131 \u018flibala S\u0259limov Meydan TV-y\u0259 bildirib ki, h\u0259min torpa\u011f\u0131 qanunsuz \u0259ld\u0259 etm\u0259yib.\n<\/p>\n<p>\n  O\u011flu h\u0259min torpaqlar\u0131 h\u0259rrac yolu il\u0259 icar\u0259y\u0259 g\u00f6t\u00fcr\u00fcb: \u201c9 hektar \u0259razidir. \u018fkib-bec\u0259rm\u0259k \u00fc\u00e7\u00fcn g\u00f6t\u00fcr\u00fcb. Ancaq k\u0259nd camaat\u0131 o torpaqlarda \u0259kin\u00e7ilikl\u0259 m\u0259\u015f\u011ful olmam\u0131za imkan vermir. Bizi n\u0259 q\u0259d\u0259r ziyana sal\u0131r. Azm\u0131\u015f kimi vurub qap\u0131s\u0131n\u0131 da s\u0131nd\u0131r\u0131blar. M\u0259n d\u0259 haql\u0131 olaraq \u015fikay\u0259t etmi\u015f\u0259m. Burada qanunsuz he\u00e7 n\u0259 yoxdur\u201d.\n<\/p>\n<p>\n  \u018flibala S\u0259limov Nef\u00e7alan\u0131n Xolqaraqa\u015fl\u0131 k\u0259ndinin b\u0259l\u0259diyy\u0259 s\u0259dridir.\n<\/p>\n<p>\n  Xolqaraqa\u015fl\u0131 v\u0259 Nef\u00e7alan\u0131n M\u00fcrs\u0259qulu k\u0259ndl\u0259ri eyni b\u0259l\u0259diyy\u0259y\u0259 tabedir.<\/p>\n","protected":false},"excerpt":{"rendered":"<p>\u00dcmumilikd\u0259 indiy\u0259 q\u0259d\u0259r aksiyaya g\u00f6r\u0259, 10 n\u0259f\u0259r 50 manat, 6 n\u0259f\u0259r is\u0259 200 manatad\u0259k c\u0259rim\u0259l\u0259nib.<\/p>\n","protected":false},"author":11,"featured_media":150930,"comment_status":"closed","ping_status":"open","sticky":false,"template":"","format":"standard","meta":{"_acf_changed":false,"_sitemap_exclude":false,"_sitemap_priority":"","_sitemap_frequency":"","footnotes":""},"categories":[60],"tags":[],"class_list":["post-203378","post","type-post","status-publish","format-standard","has-post-thumbnail","hentry","category-bolge","infinite-scroll-item","generate-columns","tablet-grid-50","mobile-grid-100","grid-parent","grid-33","no-featured-image-padding"],"acf":[],"yoast_head":"<!-- This site is optimized with the Yoast SEO plugin v27.5 - https:\/\/yoast.com\/product\/yoast-seo-wordpress\/ -->\n<title>Nef\u00e7alada b\u0259l\u0259diyy\u0259 s\u0259drin\u0259 etiraz ed\u0259n daha 6 sakin c\u0259rim\u0259l\u0259nib - MEYDAN.TV<\/title>\n<meta name=\"robots\" content=\"index, follow, max-snippet:-1, max-image-preview:large, max-video-preview:-1\" \/>\n<link rel=\"canonical\" href=\"https:\/\/www.meydan.tv\/az\/article\/nefcalada-belediyye-sedrine-etiraz-eden-daha-6-sakin-cerimelenib\/\" \/>\n<meta property=\"og:locale\" content=\"az_AZ\" \/>\n<meta property=\"og:type\" content=\"article\" \/>\n<meta property=\"og:title\" content=\"Nef\u00e7alada b\u0259l\u0259diyy\u0259 s\u0259drin\u0259 etiraz ed\u0259n daha 6 sakin c\u0259rim\u0259l\u0259nib - MEYDAN.TV\" \/>\n<meta property=\"og:description\" content=\"\u00dcmumilikd\u0259 indiy\u0259 q\u0259d\u0259r aksiyaya g\u00f6r\u0259, 10 n\u0259f\u0259r 50 manat, 6 n\u0259f\u0259r is\u0259 200 manatad\u0259k c\u0259rim\u0259l\u0259nib.\" \/>\n<meta property=\"og:url\" content=\"https:\/\/www.meydan.tv\/az\/article\/nefcalada-belediyye-sedrine-etiraz-eden-daha-6-sakin-cerimelenib\/\" \/>\n<meta property=\"og:site_name\" content=\"MEYDAN.TV\" \/>\n<meta property=\"article:published_time\" content=\"2020-11-03T11:59:47+00:00\" \/>\n<meta property=\"og:image\" content=\"https:\/\/www.meydan.tv\/wp-content\/uploads\/w_161572001424843055081_1000x669.jpg\" \/>\n\t<meta property=\"og:image:width\" content=\"1000\" \/>\n\t<meta property=\"og:image:height\" content=\"562\" \/>\n\t<meta property=\"og:image:type\" content=\"image\/jpeg\" \/>\n<meta name=\"author\" content=\"user-manager\" \/>\n<meta name=\"twitter:card\" content=\"summary_large_image\" \/>\n<script type=\"application\/ld+json\" class=\"yoast-schema-graph\">{\"@context\":\"https:\\\/\\\/schema.org\",\"@graph\":[{\"@type\":\"Article\",\"@id\":\"https:\\\/\\\/www.meydan.tv\\\/az\\\/article\\\/nefcalada-belediyye-sedrine-etiraz-eden-daha-6-sakin-cerimelenib\\\/#article\",\"isPartOf\":{\"@id\":\"https:\\\/\\\/www.meydan.tv\\\/az\\\/article\\\/nefcalada-belediyye-sedrine-etiraz-eden-daha-6-sakin-cerimelenib\\\/\"},\"author\":{\"name\":\"user-manager\",\"@id\":\"https:\\\/\\\/www.meydan.tv\\\/az\\\/#\\\/schema\\\/person\\\/10d11eccf6da3662cf5fdab9806ea91a\"},\"headline\":\"Nef\u00e7alada b\u0259l\u0259diyy\u0259 s\u0259drin\u0259 etiraz ed\u0259n daha 6 sakin c\u0259rim\u0259l\u0259nib\",\"datePublished\":\"2020-11-03T11:59:47+00:00\",\"mainEntityOfPage\":{\"@id\":\"https:\\\/\\\/www.meydan.tv\\\/az\\\/article\\\/nefcalada-belediyye-sedrine-etiraz-eden-daha-6-sakin-cerimelenib\\\/\"},\"wordCount\":702,\"publisher\":{\"@id\":\"https:\\\/\\\/www.meydan.tv\\\/az\\\/#organization\"},\"image\":{\"@id\":\"https:\\\/\\\/www.meydan.tv\\\/az\\\/article\\\/nefcalada-belediyye-sedrine-etiraz-eden-daha-6-sakin-cerimelenib\\\/#primaryimage\"},\"thumbnailUrl\":\"https:\\\/\\\/www.meydan.tv\\\/wp-content\\\/uploads\\\/w_161572001424843055081_1000x669.jpg\",\"articleSection\":[\"B\u00f6lg\u0259\"],\"inLanguage\":\"az\"},{\"@type\":\"WebPage\",\"@id\":\"https:\\\/\\\/www.meydan.tv\\\/az\\\/article\\\/nefcalada-belediyye-sedrine-etiraz-eden-daha-6-sakin-cerimelenib\\\/\",\"url\":\"https:\\\/\\\/www.meydan.tv\\\/az\\\/article\\\/nefcalada-belediyye-sedrine-etiraz-eden-daha-6-sakin-cerimelenib\\\/\",\"name\":\"Nef\u00e7alada b\u0259l\u0259diyy\u0259 s\u0259drin\u0259 etiraz ed\u0259n daha 6 sakin c\u0259rim\u0259l\u0259nib - MEYDAN.TV\",\"isPartOf\":{\"@id\":\"https:\\\/\\\/www.meydan.tv\\\/az\\\/#website\"},\"primaryImageOfPage\":{\"@id\":\"https:\\\/\\\/www.meydan.tv\\\/az\\\/article\\\/nefcalada-belediyye-sedrine-etiraz-eden-daha-6-sakin-cerimelenib\\\/#primaryimage\"},\"image\":{\"@id\":\"https:\\\/\\\/www.meydan.tv\\\/az\\\/article\\\/nefcalada-belediyye-sedrine-etiraz-eden-daha-6-sakin-cerimelenib\\\/#primaryimage\"},\"thumbnailUrl\":\"https:\\\/\\\/www.meydan.tv\\\/wp-content\\\/uploads\\\/w_161572001424843055081_1000x669.jpg\",\"datePublished\":\"2020-11-03T11:59:47+00:00\",\"breadcrumb\":{\"@id\":\"https:\\\/\\\/www.meydan.tv\\\/az\\\/article\\\/nefcalada-belediyye-sedrine-etiraz-eden-daha-6-sakin-cerimelenib\\\/#breadcrumb\"},\"inLanguage\":\"az\",\"potentialAction\":[{\"@type\":\"ReadAction\",\"target\":[\"https:\\\/\\\/www.meydan.tv\\\/az\\\/article\\\/nefcalada-belediyye-sedrine-etiraz-eden-daha-6-sakin-cerimelenib\\\/\"]}]},{\"@type\":\"ImageObject\",\"inLanguage\":\"az\",\"@id\":\"https:\\\/\\\/www.meydan.tv\\\/az\\\/article\\\/nefcalada-belediyye-sedrine-etiraz-eden-daha-6-sakin-cerimelenib\\\/#primaryimage\",\"url\":\"https:\\\/\\\/www.meydan.tv\\\/wp-content\\\/uploads\\\/w_161572001424843055081_1000x669.jpg\",\"contentUrl\":\"https:\\\/\\\/www.meydan.tv\\\/wp-content\\\/uploads\\\/w_161572001424843055081_1000x669.jpg\",\"width\":1000,\"height\":562,\"caption\":\"Source: google.az\"},{\"@type\":\"BreadcrumbList\",\"@id\":\"https:\\\/\\\/www.meydan.tv\\\/az\\\/article\\\/nefcalada-belediyye-sedrine-etiraz-eden-daha-6-sakin-cerimelenib\\\/#breadcrumb\",\"itemListElement\":[{\"@type\":\"ListItem\",\"position\":1,\"name\":\"Ana s\u0259hif\u0259\",\"item\":\"https:\\\/\\\/www.meydan.tv\\\/az\\\/\"},{\"@type\":\"ListItem\",\"position\":2,\"name\":\"B\u00f6lg\u0259\",\"item\":\"https:\\\/\\\/www.meydan.tv\\\/az\\\/section\\\/bolge\\\/\"},{\"@type\":\"ListItem\",\"position\":3,\"name\":\"Nef\u00e7alada b\u0259l\u0259diyy\u0259 s\u0259drin\u0259 etiraz ed\u0259n daha 6 sakin c\u0259rim\u0259l\u0259nib\"}]},{\"@type\":\"WebSite\",\"@id\":\"https:\\\/\\\/www.meydan.tv\\\/az\\\/#website\",\"url\":\"https:\\\/\\\/www.meydan.tv\\\/az\\\/\",\"name\":\"MEYDAN.TV\",\"description\":\"Meydan TV Az\u0259rbaycan\u0131n media m\u0259kan\u0131ndak\u0131 alternativ s\u0259sidir\",\"publisher\":{\"@id\":\"https:\\\/\\\/www.meydan.tv\\\/az\\\/#organization\"},\"potentialAction\":[{\"@type\":\"SearchAction\",\"target\":{\"@type\":\"EntryPoint\",\"urlTemplate\":\"https:\\\/\\\/www.meydan.tv\\\/az\\\/?s={search_term_string}\"},\"query-input\":{\"@type\":\"PropertyValueSpecification\",\"valueRequired\":true,\"valueName\":\"search_term_string\"}}],\"inLanguage\":\"az\"},{\"@type\":\"Organization\",\"@id\":\"https:\\\/\\\/www.meydan.tv\\\/az\\\/#organization\",\"name\":\"Meydan TV\",\"url\":\"https:\\\/\\\/www.meydan.tv\\\/az\\\/\",\"logo\":{\"@type\":\"ImageObject\",\"inLanguage\":\"az\",\"@id\":\"https:\\\/\\\/www.meydan.tv\\\/az\\\/#\\\/schema\\\/logo\\\/image\\\/\",\"url\":\"https:\\\/\\\/www.meydan.tv\\\/wp-content\\\/uploads\\\/2021\\\/07\\\/meydan-logo.svg\",\"contentUrl\":\"https:\\\/\\\/www.meydan.tv\\\/wp-content\\\/uploads\\\/2021\\\/07\\\/meydan-logo.svg\",\"width\":195,\"height\":46,\"caption\":\"Meydan TV\"},\"image\":{\"@id\":\"https:\\\/\\\/www.meydan.tv\\\/az\\\/#\\\/schema\\\/logo\\\/image\\\/\"}},{\"@type\":\"Person\",\"@id\":\"https:\\\/\\\/www.meydan.tv\\\/az\\\/#\\\/schema\\\/person\\\/10d11eccf6da3662cf5fdab9806ea91a\",\"name\":\"user-manager\"}]}<\/script>\n<!-- \/ Yoast SEO plugin. -->","yoast_head_json":{"title":"Nef\u00e7alada b\u0259l\u0259diyy\u0259 s\u0259drin\u0259 etiraz ed\u0259n daha 6 sakin c\u0259rim\u0259l\u0259nib - MEYDAN.TV","robots":{"index":"index","follow":"follow","max-snippet":"max-snippet:-1","max-image-preview":"max-image-preview:large","max-video-preview":"max-video-preview:-1"},"canonical":"https:\/\/www.meydan.tv\/az\/article\/nefcalada-belediyye-sedrine-etiraz-eden-daha-6-sakin-cerimelenib\/","og_locale":"az_AZ","og_type":"article","og_title":"Nef\u00e7alada b\u0259l\u0259diyy\u0259 s\u0259drin\u0259 etiraz ed\u0259n daha 6 sakin c\u0259rim\u0259l\u0259nib - MEYDAN.TV","og_description":"\u00dcmumilikd\u0259 indiy\u0259 q\u0259d\u0259r aksiyaya g\u00f6r\u0259, 10 n\u0259f\u0259r 50 manat, 6 n\u0259f\u0259r is\u0259 200 manatad\u0259k c\u0259rim\u0259l\u0259nib.","og_url":"https:\/\/www.meydan.tv\/az\/article\/nefcalada-belediyye-sedrine-etiraz-eden-daha-6-sakin-cerimelenib\/","og_site_name":"MEYDAN.TV","article_published_time":"2020-11-03T11:59:47+00:00","og_image":[{"width":1000,"height":562,"url":"https:\/\/www.meydan.tv\/wp-content\/uploads\/w_161572001424843055081_1000x669.jpg","type":"image\/jpeg"}],"author":"user-manager","twitter_card":"summary_large_image","schema":{"@context":"https:\/\/schema.org","@graph":[{"@type":"Article","@id":"https:\/\/www.meydan.tv\/az\/article\/nefcalada-belediyye-sedrine-etiraz-eden-daha-6-sakin-cerimelenib\/#article","isPartOf":{"@id":"https:\/\/www.meydan.tv\/az\/article\/nefcalada-belediyye-sedrine-etiraz-eden-daha-6-sakin-cerimelenib\/"},"author":{"name":"user-manager","@id":"https:\/\/www.meydan.tv\/az\/#\/schema\/person\/10d11eccf6da3662cf5fdab9806ea91a"},"headline":"Nef\u00e7alada b\u0259l\u0259diyy\u0259 s\u0259drin\u0259 etiraz ed\u0259n daha 6 sakin c\u0259rim\u0259l\u0259nib","datePublished":"2020-11-03T11:59:47+00:00","mainEntityOfPage":{"@id":"https:\/\/www.meydan.tv\/az\/article\/nefcalada-belediyye-sedrine-etiraz-eden-daha-6-sakin-cerimelenib\/"},"wordCount":702,"publisher":{"@id":"https:\/\/www.meydan.tv\/az\/#organization"},"image":{"@id":"https:\/\/www.meydan.tv\/az\/article\/nefcalada-belediyye-sedrine-etiraz-eden-daha-6-sakin-cerimelenib\/#primaryimage"},"thumbnailUrl":"https:\/\/www.meydan.tv\/wp-content\/uploads\/w_161572001424843055081_1000x669.jpg","articleSection":["B\u00f6lg\u0259"],"inLanguage":"az"},{"@type":"WebPage","@id":"https:\/\/www.meydan.tv\/az\/article\/nefcalada-belediyye-sedrine-etiraz-eden-daha-6-sakin-cerimelenib\/","url":"https:\/\/www.meydan.tv\/az\/article\/nefcalada-belediyye-sedrine-etiraz-eden-daha-6-sakin-cerimelenib\/","name":"Nef\u00e7alada b\u0259l\u0259diyy\u0259 s\u0259drin\u0259 etiraz ed\u0259n daha 6 sakin c\u0259rim\u0259l\u0259nib - MEYDAN.TV","isPartOf":{"@id":"https:\/\/www.meydan.tv\/az\/#website"},"primaryImageOfPage":{"@id":"https:\/\/www.meydan.tv\/az\/article\/nefcalada-belediyye-sedrine-etiraz-eden-daha-6-sakin-cerimelenib\/#primaryimage"},"image":{"@id":"https:\/\/www.meydan.tv\/az\/article\/nefcalada-belediyye-sedrine-etiraz-eden-daha-6-sakin-cerimelenib\/#primaryimage"},"thumbnailUrl":"https:\/\/www.meydan.tv\/wp-content\/uploads\/w_161572001424843055081_1000x669.jpg","datePublished":"2020-11-03T11:59:47+00:00","breadcrumb":{"@id":"https:\/\/www.meydan.tv\/az\/article\/nefcalada-belediyye-sedrine-etiraz-eden-daha-6-sakin-cerimelenib\/#breadcrumb"},"inLanguage":"az","potentialAction":[{"@type":"ReadAction","target":["https:\/\/www.meydan.tv\/az\/article\/nefcalada-belediyye-sedrine-etiraz-eden-daha-6-sakin-cerimelenib\/"]}]},{"@type":"ImageObject","inLanguage":"az","@id":"https:\/\/www.meydan.tv\/az\/article\/nefcalada-belediyye-sedrine-etiraz-eden-daha-6-sakin-cerimelenib\/#primaryimage","url":"https:\/\/www.meydan.tv\/wp-content\/uploads\/w_161572001424843055081_1000x669.jpg","contentUrl":"https:\/\/www.meydan.tv\/wp-content\/uploads\/w_161572001424843055081_1000x669.jpg","width":1000,"height":562,"caption":"Source: google.az"},{"@type":"BreadcrumbList","@id":"https:\/\/www.meydan.tv\/az\/article\/nefcalada-belediyye-sedrine-etiraz-eden-daha-6-sakin-cerimelenib\/#breadcrumb","itemListElement":[{"@type":"ListItem","position":1,"name":"Ana s\u0259hif\u0259","item":"https:\/\/www.meydan.tv\/az\/"},{"@type":"ListItem","position":2,"name":"B\u00f6lg\u0259","item":"https:\/\/www.meydan.tv\/az\/section\/bolge\/"},{"@type":"ListItem","position":3,"name":"Nef\u00e7alada b\u0259l\u0259diyy\u0259 s\u0259drin\u0259 etiraz ed\u0259n daha 6 sakin c\u0259rim\u0259l\u0259nib"}]},{"@type":"WebSite","@id":"https:\/\/www.meydan.tv\/az\/#website","url":"https:\/\/www.meydan.tv\/az\/","name":"MEYDAN.TV","description":"Meydan TV Az\u0259rbaycan\u0131n media m\u0259kan\u0131ndak\u0131 alternativ s\u0259sidir","publisher":{"@id":"https:\/\/www.meydan.tv\/az\/#organization"},"potentialAction":[{"@type":"SearchAction","target":{"@type":"EntryPoint","urlTemplate":"https:\/\/www.meydan.tv\/az\/?s={search_term_string}"},"query-input":{"@type":"PropertyValueSpecification","valueRequired":true,"valueName":"search_term_string"}}],"inLanguage":"az"},{"@type":"Organization","@id":"https:\/\/www.meydan.tv\/az\/#organization","name":"Meydan TV","url":"https:\/\/www.meydan.tv\/az\/","logo":{"@type":"ImageObject","inLanguage":"az","@id":"https:\/\/www.meydan.tv\/az\/#\/schema\/logo\/image\/","url":"https:\/\/www.meydan.tv\/wp-content\/uploads\/2021\/07\/meydan-logo.svg","contentUrl":"https:\/\/www.meydan.tv\/wp-content\/uploads\/2021\/07\/meydan-logo.svg","width":195,"height":46,"caption":"Meydan TV"},"image":{"@id":"https:\/\/www.meydan.tv\/az\/#\/schema\/logo\/image\/"}},{"@type":"Person","@id":"https:\/\/www.meydan.tv\/az\/#\/schema\/person\/10d11eccf6da3662cf5fdab9806ea91a","name":"user-manager"}]}},"_links":{"self":[{"href":"https:\/\/www.meydan.tv\/az\/wp-json\/wp\/v2\/posts\/203378","targetHints":{"allow":["GET"]}}],"collection":[{"href":"https:\/\/www.meydan.tv\/az\/wp-json\/wp\/v2\/posts"}],"about":[{"href":"https:\/\/www.meydan.tv\/az\/wp-json\/wp\/v2\/types\/post"}],"author":[{"embeddable":true,"href":"https:\/\/www.meydan.tv\/az\/wp-json\/wp\/v2\/users\/11"}],"replies":[{"embeddable":true,"href":"https:\/\/www.meydan.tv\/az\/wp-json\/wp\/v2\/comments?post=203378"}],"version-history":[{"count":0,"href":"https:\/\/www.meydan.tv\/az\/wp-json\/wp\/v2\/posts\/203378\/revisions"}],"wp:featuredmedia":[{"embeddable":true,"href":"https:\/\/www.meydan.tv\/az\/wp-json\/wp\/v2\/media\/150930"}],"wp:attachment":[{"href":"https:\/\/www.meydan.tv\/az\/wp-json\/wp\/v2\/media?parent=203378"}],"wp:term":[{"taxonomy":"category","embeddable":true,"href":"https:\/\/www.meydan.tv\/az\/wp-json\/wp\/v2\/categories?post=203378"},{"taxonomy":"post_tag","embeddable":true,"href":"https:\/\/www.meydan.tv\/az\/wp-json\/wp\/v2\/tags?post=203378"}],"curies":[{"name":"wp","href":"https:\/\/api.w.org\/{rel}","templated":true}]}}