{"id":203360,"date":"2020-11-02T11:04:30","date_gmt":"2020-11-02T11:04:30","guid":{"rendered":"https:\/\/www.meydan.tv\/article\/berdede-cinayetin-qurbani-olan-aile-evsiz-tehsilden-kenarda-qalan-usaqlar\/"},"modified":"2020-11-02T11:04:30","modified_gmt":"2020-11-02T11:04:30","slug":"berdede-cinayetin-qurbani-olan-aile-evsiz-tehsilden-kenarda-qalan-usaqlar","status":"publish","type":"post","link":"https:\/\/www.meydan.tv\/az\/article\/berdede-cinayetin-qurbani-olan-aile-evsiz-tehsilden-kenarda-qalan-usaqlar\/","title":{"rendered":"B\u0259rd\u0259d\u0259 cinay\u0259tin qurban\u0131 olan ail\u0259: evsiz, t\u0259hsild\u0259n k\u0259narda qalan u\u015faqlar"},"content":{"rendered":"<p>\n  <i><br \/>\n    Nicat Qarayev: \u201cYolda\u015f\u0131m a\u011f\u0131r x\u0259st\u0259dir, amma h\u0259kim\u0259 aparma\u011fa, d\u0259rman aparma\u011fa pul yoxdur\u201d<br \/>\n  <\/i>\n<\/p>\n<p>\n  B\u0259rd\u0259 rayonunun K\u0259t\u0259lparaq k\u0259ndinin sakinl\u0259ri olan Qarayevl\u0259r ail\u0259si ilyar\u0131md\u0131r qohum-\u0259qr\u0259ban\u0131n evind\u0259 qal\u0131r. \u00c7\u00fcnki ail\u0259nin k\u0259ndd\u0259ki evi il yar\u0131m \u0259vv\u0259l yand\u0131r\u0131l\u0131b.\n<\/p>\n<p>\n  32 ya\u015fl\u0131 Nicat Qarayev dan\u0131\u015f\u0131r ki, f\u0259hl\u0259likl\u0259 qazand\u0131\u011f\u0131 pula iki azya\u015fl\u0131 u\u015fa\u011f\u0131 da daxil, be\u015f n\u0259f\u0259rlik ail\u0259sinin yem\u0259yini \u00e7\u0259tinlikl\u0259 \u00e7atd\u0131r\u0131r. Ev bir yana, he\u00e7 u\u015faqlara paltar-ayaqqab\u0131 ala bilm\u0259yib ki, bu il onlar\u0131 m\u0259kt\u0259b\u0259 g\u00f6nd\u0259rsin.\n<\/p>\n<p>\n  Hadis\u0259 2019-cu il mart\u0131n 1-d\u0259n 2-n\u0259 ke\u00e7\u0259n gec\u0259 ba\u015f verib. Nicat Qarayevin 27 ya\u015fl\u0131 bac\u0131s\u0131 \u0259rind\u0259n bo\u015fanmaq ist\u0259yib, 6 ya\u015fl\u0131 u\u015fa\u011f\u0131n\u0131 da g\u00f6t\u00fcr\u00fcb anas\u0131n\u0131n evin\u0259 qay\u0131d\u0131b. H\u0259yat yolda\u015f\u0131, \u0130mi\u015fli sakini El\u00e7in Qurbanov daha bir tan\u0131\u015f\u0131 il\u0259 g\u0259lib qad\u0131n\u0131 q\u0259tl\u0259 yetirib, anas\u0131n\u0131 da balta il\u0259 yaralay\u0131b. Rahil\u0259 Qarayevan\u0131 vaxt\u0131nda x\u0259st\u0259xanaya \u00e7atd\u0131r\u0131blar, onun h\u0259yat\u0131n\u0131 xilas etm\u0259k m\u00fcmk\u00fcn olub.\n<\/p>\n<p>\n  El\u00e7in Qurbanov bununla kifay\u0259tl\u0259nm\u0259yib, evi d\u0259 yand\u0131r\u0131b, 6 ya\u015fl\u0131 u\u015fa\u011f\u0131n\u0131 da g\u00f6t\u00fcr\u00fcb gedib. Sonradan \u00f6z\u00fc k\u00f6n\u00fcll\u00fc polis\u0259 t\u0259slim olub. Ona 19 il, hadis\u0259 vaxt\u0131 yan\u0131nda olmu\u015f tan\u0131\u015f\u0131na is\u0259 18 il 6 ay h\u0259bs c\u0259zas\u0131 k\u0259silib.\n<\/p>\n<p>\n  <b><br \/>\n    \u201cAnam reanimasiyada olanda kredit g\u00f6t\u00fcr\u00fcb m\u00fcalic\u0259sin\u0259 x\u0259rcl\u0259dik\u201d<br \/>\n  <\/b>\n<\/p>\n<p>\n  \u201cBe\u015f n\u0259f\u0259rik \u2013 anam, m\u0259n h\u0259yat yolda\u015f\u0131m v\u0259 iki \u00f6vlad\u0131m. \u0130lyar\u0131md\u0131r \u00e7\u00f6ll\u0259rd\u0259yik. \u00dc\u00e7 g\u00fcn birinin evind\u0259, \u00fc\u00e7 g\u00fcn ba\u015fqas\u0131n\u0131n. Anam o c\u00fcr a\u011f\u0131r v\u0259ziyy\u0259td\u0259n \u00e7\u0131x\u0131b. Yolda\u015f\u0131m da a\u011f\u0131r x\u0259st\u0259dir. Q\u0131z\u0131m\u0131n g\u00f6z\u00fcnd\u0259 problem var. Ail\u0259nin t\u0259k qazanc g\u0259tir\u0259ni m\u0259n\u0259m. M\u0259n d\u0259 f\u0259hl\u0259likl\u0259 n\u0259 q\u0259d\u0259r pul qazana bil\u0259r\u0259m? U\u015faqlar\u0131n biri 7-ci, biri d\u0259 5-ci sinifd\u0259 oxumal\u0131d\u0131r. Amma oxutdura bilmir\u0259m. Paltar, d\u0259ft\u0259r-kitab ala bilmir\u0259ms\u0259, nec\u0259 oxutdurum? Yolda\u015f\u0131m o q\u0259d\u0259r a\u011f\u0131r x\u0259st\u0259dir ki&#8230; Amma pul yoxdur ki, h\u0259kim\u0259 apar\u0131m, d\u0259rmanlar\u0131n\u0131 al\u0131m. N\u0259 d\u0259rman varsa, at\u0131r, \u00fcmid el\u0259yirik ki, Allah b\u00f6y\u00fckd\u00fc, yax\u015f\u0131 olacaq&#8230;\u201d, &#8211; Nicat Qarayev \u00e7ar\u0259siz v\u0259ziyy\u0259td\u0259 olduqlar\u0131n\u0131 deyir.\n<\/p>\n<p>\n  Dan\u0131\u015f\u0131r ki, anas\u0131 Rahil\u0259 Qarayeva 130 manat pensiya al\u0131r, bunun da 80 manat\u0131 kredit \u00f6d\u0259ni\u015fin\u0259 gedir. Kreditin g\u00f6t\u00fcr\u00fclm\u0259 s\u0259b\u0259bini d\u0259 a\u00e7\u0131qlay\u0131r: \u201cAnam yaralananda B\u0259rd\u0259d\u0259 x\u0259st\u0259xanada t\u0259kc\u0259 23 g\u00fcn reanimasiyada qald\u0131. O vaxt pula ehtiyac oldu dey\u0259, m\u0259cbur qal\u0131b kredit g\u00f6t\u00fcrd\u00fck. \u0130ndi h\u0259min pulu \u00f6d\u0259yirik\u201d.\n<\/p>\n<p>\n  Nicat Qarayevin dediyin\u0259 g\u00f6r\u0259, b\u0259z\u0259n el\u0259 olur ki, ail\u0259nin bir hiss\u0259si bir qohumun evind\u0259 qal\u0131r, qalan\u0131 ba\u015fqas\u0131n\u0131n: \u201cYan\u011f\u0131nda h\u0259r \u015feyimizi itirmi\u015fik. \u018fynimizin paltar\u0131na q\u0259d\u0259r yan\u0131b. \u0130ki ildir z\u00fclm i\u00e7ind\u0259 ya\u015fay\u0131r\u0131q. Kims\u0259 n\u0259s\u0259 vers\u0259, geyinib birt\u0259h\u0259r ke\u00e7inirik\u201d.\n<\/p>\n<figure class=\"wp-block-image size-large\">\n  <img decoding=\"async\" src=\"https:\/\/www.meydan.tv\/az\/photo-2020-10-20-17-39-15-jpg\/\" alt=\"photo-2020-10-20-17-39-15.jpg\" class=\"wp-image-150158\"\/><figcaption>\n    B\u0259rd\u0259 R\u0130H-nin I m\u00fcavini Vahid Qarayevin cavab m\u0259ktubu<br \/>\n  <\/figcaption><\/figure>\n<p>\n  <b><br \/>\n    \u201cM\u0259murlar d\u0259f\u0259l\u0259rl\u0259 bizi aldad\u0131blar\u201d<br \/>\n  <\/b>\n<\/p>\n<p>\n  Qarayevl\u0259r d\u00f6vl\u0259td\u0259n \u00fcnvanl\u0131 sosial yard\u0131m alma\u011fa c\u0259hd el\u0259yibl\u0259r, amma al\u0131nmay\u0131b: \u201cV\u00d6EN-i b\u0259han\u0259 el\u0259dil\u0259r. Bunu a\u00e7d\u0131rma\u011fa getdim, m\u0259lum oldu ki, ayda 30 manat \u00f6d\u0259m\u0259liy\u0259m. Baxd\u0131m ki, al\u0131nm\u0131r. H\u0259l\u0259 VOEN olsa da, verib-verm\u0259y\u0259c\u0259kl\u0259ri bilinmir. Yen\u0259 kor-pe\u015fman qay\u0131td\u0131m\u201d.\n<\/p>\n<p>\n  Nicat Qarayev B\u0259rd\u0259 Rayon \u0130cra Hakimiyy\u0259tinin ba\u015f\u00e7\u0131s\u0131, onun m\u00fcavinl\u0259ril\u0259 g\u00f6r\u00fc\u015f\u00fcb, v\u0259ziyy\u0259ti \u00e7atd\u0131rmaq \u00fc\u00e7\u00fcn d\u0259f\u0259l\u0259rl\u0259 c\u0259hd g\u00f6st\u0259rdiyini deyir. H\u0259m \u00f6z\u00fc, h\u0259m d\u0259 anas\u0131 B\u0259rd\u0259nin deputat\u0131 Zahid Orucun da q\u0259buluna d\u00fc\u015fm\u0259y\u0259 \u00e7al\u0131\u015f\u0131b:\n<\/p>\n<p>\n  \u201c\u0130cra ba\u015f\u00e7\u0131s\u0131n\u0131n m\u00fcavini Vahid Qarayev d\u0259f\u0259l\u0259rl\u0259 bizi q\u0259bul el\u0259y\u0259c\u0259yin\u0259 s\u00f6z verib, yerin\u0259 yetirm\u0259di. M\u0259murlar d\u0259f\u0259l\u0259rl\u0259 bizi aldad\u0131blar. Be\u015f n\u0259f\u0259r v\u0259t\u0259nda\u015f a\u011f\u0131r v\u0259ziyy\u0259td\u0259 k\u00fc\u00e7\u0259l\u0259rd\u0259dir, d\u00f6vl\u0259t orqanlar\u0131 bir \u0259ncam \u00e7\u0259k\u0259 bilm\u0259zl\u0259r? M\u0259n demir\u0259m ki, biz\u0259 villa tiksinl\u0259r. \u0130ki ota\u011f\u0131n t\u0259mirin\u0259 k\u00f6m\u0259k el\u0259sinl\u0259r, u\u015faqlar\u0131n ba\u015f\u0131n\u0131n \u00fcst\u00fcnd\u0259 dam olsun, he\u00e7 olmasa. Ail\u0259 bir yer\u0259 y\u0131\u011f\u0131ls\u0131n, bil\u0259k ki, \u00f6z evimizd\u0259yik. \u0130nsan\u0131n ail\u0259si qar\u015f\u0131s\u0131nda \u00e7ar\u0259siz v\u0259ziyy\u0259td\u0259 qalmas\u0131 \u00e7ox a\u011f\u0131rd\u0131r&#8230;\u201d\n<\/p>\n<p>\n  <b><br \/>\n    Deputat v\u0259 icra ba\u015f\u00e7\u0131s\u0131n\u0131n m\u00fcavininin cavab\u0131<br \/>\n  <\/b>\n<\/p>\n<p>\n  Rahil\u0259 Qarayevan\u0131n sentyabrda Milli M\u0259clis\u0259 \u00fcnvanlad\u0131\u011f\u0131 \u0259riz\u0259ni B\u0259rd\u0259nin deputat\u0131 Zahid Oruc da bax\u0131lmas\u0131 \u00fc\u00e7\u00fcn B\u0259rd\u0259 Rayon \u0130cra Hakimiyy\u0259tinin ba\u015f\u00e7\u0131s\u0131 Vidadi \u0130sayev\u0259 \u00fcnvanlay\u0131b. \u0130cra ba\u015f\u00e7\u0131s\u0131ndan n\u0259tic\u0259 bar\u0259d\u0259 h\u0259m Milli M\u0259clis\u0259, h\u0259m d\u0259 \u015fikay\u0259t\u00e7i Rahil\u0259 Qarayevan\u0131n \u00f6z\u00fcn\u0259 m\u0259lumat verm\u0259si ist\u0259nilib. H\u0259l\u0259 ki, Qarayevl\u0259r\u0259 n\u0259tic\u0259 bar\u0259d\u0259 m\u0259ktub g\u0259lm\u0259yib.\n<\/p>\n<p>\n  B\u0259rd\u0259 Rayon \u0130cra Hakimiyy\u0259t ba\u015f\u00e7\u0131s\u0131n\u0131n birinci m\u00fcavini Vahid Qarayev \u00f6t\u0259n ilin avqustunda ail\u0259y\u0259 g\u00f6nd\u0259rdiyi cavab m\u0259ktubunda yaz\u0131b ki, haz\u0131rda rayonda bo\u015f m\u0259nzil fondu yoxdur. \u0130cra ba\u015f\u00e7\u0131s\u0131n\u0131n birinci m\u00fcavini bu ilin fevral\u0131ndak\u0131 cavab\u0131nda yen\u0259 eyni c\u00fcml\u0259ni yaz\u0131b. Vahid Qarayevin bu ilin iyulunda g\u00f6nd\u0259rdiyi sonuncu cavab\u0131 is\u0259 bel\u0259 olub: \u201cF\u0259rdi ya\u015fay\u0131\u015f evinizin t\u0259mir olunmas\u0131na k\u00f6m\u0259klik g\u00f6st\u0259rilm\u0259si bar\u0259d\u0259 \u0259riz\u0259nizl\u0259 \u0259laq\u0259dar bildiririk ki, v\u0259t\u0259nda\u015flar\u0131n f\u0259rdi ya\u015fay\u0131\u015f evl\u0259rinin t\u0259miri, tikintisi v\u0259 b\u0259rpas\u0131na k\u00f6m\u0259klik g\u00f6st\u0259rilm\u0259si m\u0259qs\u0259dil\u0259 rayon icra hakimiyy\u0259tin\u0259 v\u0259sait ayr\u0131lm\u0131r\u201d.\n<\/p>\n<figure class=\"wp-block-image size-large\">\n  <img decoding=\"async\" src=\"https:\/\/www.meydan.tv\/az\/photo-2020-10-20-17-37-22-jpg\/\" alt=\"photo-2020-10-20-17-37-22.jpg\" class=\"wp-image-150161\"\/><figcaption>\n    Deputat Zahid Orucun cavab\u0131<br \/>\n  <\/figcaption><\/figure>\n","protected":false},"excerpt":{"rendered":"<p>\u201c\u0130cra ba\u015f\u00e7\u0131s\u0131n\u0131n m\u00fcavini Vahid Qarayev d\u0259f\u0259l\u0259rl\u0259 bizi q\u0259bul el\u0259y\u0259c\u0259yin\u0259 s\u00f6z verib, yerin\u0259 yetirm\u0259di&#8221;<\/p>\n","protected":false},"author":11,"featured_media":150152,"comment_status":"closed","ping_status":"open","sticky":false,"template":"","format":"standard","meta":{"_acf_changed":false,"_sitemap_exclude":false,"_sitemap_priority":"","_sitemap_frequency":"","footnotes":""},"categories":[60],"tags":[],"class_list":["post-203360","post","type-post","status-publish","format-standard","has-post-thumbnail","hentry","category-bolge","infinite-scroll-item","generate-columns","tablet-grid-50","mobile-grid-100","grid-parent","grid-33","no-featured-image-padding"],"acf":[],"yoast_head":"<!-- This site is optimized with the Yoast SEO plugin v27.5 - https:\/\/yoast.com\/product\/yoast-seo-wordpress\/ -->\n<title>B\u0259rd\u0259d\u0259 cinay\u0259tin qurban\u0131 olan ail\u0259: evsiz, t\u0259hsild\u0259n k\u0259narda qalan u\u015faqlar - MEYDAN.TV<\/title>\n<meta name=\"robots\" content=\"index, follow, max-snippet:-1, max-image-preview:large, max-video-preview:-1\" \/>\n<link rel=\"canonical\" href=\"https:\/\/www.meydan.tv\/az\/article\/berdede-cinayetin-qurbani-olan-aile-evsiz-tehsilden-kenarda-qalan-usaqlar\/\" \/>\n<meta property=\"og:locale\" content=\"az_AZ\" \/>\n<meta property=\"og:type\" content=\"article\" \/>\n<meta property=\"og:title\" content=\"B\u0259rd\u0259d\u0259 cinay\u0259tin qurban\u0131 olan ail\u0259: evsiz, t\u0259hsild\u0259n k\u0259narda qalan u\u015faqlar - MEYDAN.TV\" \/>\n<meta property=\"og:description\" content=\"\u201c\u0130cra ba\u015f\u00e7\u0131s\u0131n\u0131n m\u00fcavini Vahid Qarayev d\u0259f\u0259l\u0259rl\u0259 bizi q\u0259bul el\u0259y\u0259c\u0259yin\u0259 s\u00f6z verib, yerin\u0259 yetirm\u0259di&quot;\" \/>\n<meta property=\"og:url\" content=\"https:\/\/www.meydan.tv\/az\/article\/berdede-cinayetin-qurbani-olan-aile-evsiz-tehsilden-kenarda-qalan-usaqlar\/\" \/>\n<meta property=\"og:site_name\" content=\"MEYDAN.TV\" \/>\n<meta property=\"article:published_time\" content=\"2020-11-02T11:04:30+00:00\" \/>\n<meta property=\"og:image\" content=\"https:\/\/www.meydan.tv\/wp-content\/uploads\/nicat_qarayev.png\" \/>\n\t<meta property=\"og:image:width\" content=\"1020\" \/>\n\t<meta property=\"og:image:height\" content=\"573\" \/>\n\t<meta property=\"og:image:type\" content=\"image\/png\" \/>\n<meta name=\"author\" content=\"user-manager\" \/>\n<meta name=\"twitter:card\" content=\"summary_large_image\" \/>\n<script type=\"application\/ld+json\" class=\"yoast-schema-graph\">{\"@context\":\"https:\\\/\\\/schema.org\",\"@graph\":[{\"@type\":\"Article\",\"@id\":\"https:\\\/\\\/www.meydan.tv\\\/az\\\/article\\\/berdede-cinayetin-qurbani-olan-aile-evsiz-tehsilden-kenarda-qalan-usaqlar\\\/#article\",\"isPartOf\":{\"@id\":\"https:\\\/\\\/www.meydan.tv\\\/az\\\/article\\\/berdede-cinayetin-qurbani-olan-aile-evsiz-tehsilden-kenarda-qalan-usaqlar\\\/\"},\"author\":{\"name\":\"user-manager\",\"@id\":\"https:\\\/\\\/www.meydan.tv\\\/az\\\/#\\\/schema\\\/person\\\/10d11eccf6da3662cf5fdab9806ea91a\"},\"headline\":\"B\u0259rd\u0259d\u0259 cinay\u0259tin qurban\u0131 olan ail\u0259: evsiz, t\u0259hsild\u0259n k\u0259narda qalan u\u015faqlar\",\"datePublished\":\"2020-11-02T11:04:30+00:00\",\"mainEntityOfPage\":{\"@id\":\"https:\\\/\\\/www.meydan.tv\\\/az\\\/article\\\/berdede-cinayetin-qurbani-olan-aile-evsiz-tehsilden-kenarda-qalan-usaqlar\\\/\"},\"wordCount\":1060,\"publisher\":{\"@id\":\"https:\\\/\\\/www.meydan.tv\\\/az\\\/#organization\"},\"image\":{\"@id\":\"https:\\\/\\\/www.meydan.tv\\\/az\\\/article\\\/berdede-cinayetin-qurbani-olan-aile-evsiz-tehsilden-kenarda-qalan-usaqlar\\\/#primaryimage\"},\"thumbnailUrl\":\"https:\\\/\\\/www.meydan.tv\\\/wp-content\\\/uploads\\\/nicat_qarayev.png\",\"articleSection\":[\"B\u00f6lg\u0259\"],\"inLanguage\":\"az\"},{\"@type\":\"WebPage\",\"@id\":\"https:\\\/\\\/www.meydan.tv\\\/az\\\/article\\\/berdede-cinayetin-qurbani-olan-aile-evsiz-tehsilden-kenarda-qalan-usaqlar\\\/\",\"url\":\"https:\\\/\\\/www.meydan.tv\\\/az\\\/article\\\/berdede-cinayetin-qurbani-olan-aile-evsiz-tehsilden-kenarda-qalan-usaqlar\\\/\",\"name\":\"B\u0259rd\u0259d\u0259 cinay\u0259tin qurban\u0131 olan ail\u0259: evsiz, t\u0259hsild\u0259n k\u0259narda qalan u\u015faqlar - MEYDAN.TV\",\"isPartOf\":{\"@id\":\"https:\\\/\\\/www.meydan.tv\\\/az\\\/#website\"},\"primaryImageOfPage\":{\"@id\":\"https:\\\/\\\/www.meydan.tv\\\/az\\\/article\\\/berdede-cinayetin-qurbani-olan-aile-evsiz-tehsilden-kenarda-qalan-usaqlar\\\/#primaryimage\"},\"image\":{\"@id\":\"https:\\\/\\\/www.meydan.tv\\\/az\\\/article\\\/berdede-cinayetin-qurbani-olan-aile-evsiz-tehsilden-kenarda-qalan-usaqlar\\\/#primaryimage\"},\"thumbnailUrl\":\"https:\\\/\\\/www.meydan.tv\\\/wp-content\\\/uploads\\\/nicat_qarayev.png\",\"datePublished\":\"2020-11-02T11:04:30+00:00\",\"breadcrumb\":{\"@id\":\"https:\\\/\\\/www.meydan.tv\\\/az\\\/article\\\/berdede-cinayetin-qurbani-olan-aile-evsiz-tehsilden-kenarda-qalan-usaqlar\\\/#breadcrumb\"},\"inLanguage\":\"az\",\"potentialAction\":[{\"@type\":\"ReadAction\",\"target\":[\"https:\\\/\\\/www.meydan.tv\\\/az\\\/article\\\/berdede-cinayetin-qurbani-olan-aile-evsiz-tehsilden-kenarda-qalan-usaqlar\\\/\"]}]},{\"@type\":\"ImageObject\",\"inLanguage\":\"az\",\"@id\":\"https:\\\/\\\/www.meydan.tv\\\/az\\\/article\\\/berdede-cinayetin-qurbani-olan-aile-evsiz-tehsilden-kenarda-qalan-usaqlar\\\/#primaryimage\",\"url\":\"https:\\\/\\\/www.meydan.tv\\\/wp-content\\\/uploads\\\/nicat_qarayev.png\",\"contentUrl\":\"https:\\\/\\\/www.meydan.tv\\\/wp-content\\\/uploads\\\/nicat_qarayev.png\",\"width\":1020,\"height\":573,\"caption\":\"Source: Meydan TV\"},{\"@type\":\"BreadcrumbList\",\"@id\":\"https:\\\/\\\/www.meydan.tv\\\/az\\\/article\\\/berdede-cinayetin-qurbani-olan-aile-evsiz-tehsilden-kenarda-qalan-usaqlar\\\/#breadcrumb\",\"itemListElement\":[{\"@type\":\"ListItem\",\"position\":1,\"name\":\"Ana s\u0259hif\u0259\",\"item\":\"https:\\\/\\\/www.meydan.tv\\\/az\\\/\"},{\"@type\":\"ListItem\",\"position\":2,\"name\":\"B\u00f6lg\u0259\",\"item\":\"https:\\\/\\\/www.meydan.tv\\\/az\\\/section\\\/bolge\\\/\"},{\"@type\":\"ListItem\",\"position\":3,\"name\":\"B\u0259rd\u0259d\u0259 cinay\u0259tin qurban\u0131 olan ail\u0259: evsiz, t\u0259hsild\u0259n k\u0259narda qalan u\u015faqlar\"}]},{\"@type\":\"WebSite\",\"@id\":\"https:\\\/\\\/www.meydan.tv\\\/az\\\/#website\",\"url\":\"https:\\\/\\\/www.meydan.tv\\\/az\\\/\",\"name\":\"MEYDAN.TV\",\"description\":\"Meydan TV Az\u0259rbaycan\u0131n media m\u0259kan\u0131ndak\u0131 alternativ s\u0259sidir\",\"publisher\":{\"@id\":\"https:\\\/\\\/www.meydan.tv\\\/az\\\/#organization\"},\"potentialAction\":[{\"@type\":\"SearchAction\",\"target\":{\"@type\":\"EntryPoint\",\"urlTemplate\":\"https:\\\/\\\/www.meydan.tv\\\/az\\\/?s={search_term_string}\"},\"query-input\":{\"@type\":\"PropertyValueSpecification\",\"valueRequired\":true,\"valueName\":\"search_term_string\"}}],\"inLanguage\":\"az\"},{\"@type\":\"Organization\",\"@id\":\"https:\\\/\\\/www.meydan.tv\\\/az\\\/#organization\",\"name\":\"Meydan TV\",\"url\":\"https:\\\/\\\/www.meydan.tv\\\/az\\\/\",\"logo\":{\"@type\":\"ImageObject\",\"inLanguage\":\"az\",\"@id\":\"https:\\\/\\\/www.meydan.tv\\\/az\\\/#\\\/schema\\\/logo\\\/image\\\/\",\"url\":\"https:\\\/\\\/www.meydan.tv\\\/wp-content\\\/uploads\\\/2021\\\/07\\\/meydan-logo.svg\",\"contentUrl\":\"https:\\\/\\\/www.meydan.tv\\\/wp-content\\\/uploads\\\/2021\\\/07\\\/meydan-logo.svg\",\"width\":195,\"height\":46,\"caption\":\"Meydan TV\"},\"image\":{\"@id\":\"https:\\\/\\\/www.meydan.tv\\\/az\\\/#\\\/schema\\\/logo\\\/image\\\/\"}},{\"@type\":\"Person\",\"@id\":\"https:\\\/\\\/www.meydan.tv\\\/az\\\/#\\\/schema\\\/person\\\/10d11eccf6da3662cf5fdab9806ea91a\",\"name\":\"user-manager\"}]}<\/script>\n<!-- \/ Yoast SEO plugin. -->","yoast_head_json":{"title":"B\u0259rd\u0259d\u0259 cinay\u0259tin qurban\u0131 olan ail\u0259: evsiz, t\u0259hsild\u0259n k\u0259narda qalan u\u015faqlar - MEYDAN.TV","robots":{"index":"index","follow":"follow","max-snippet":"max-snippet:-1","max-image-preview":"max-image-preview:large","max-video-preview":"max-video-preview:-1"},"canonical":"https:\/\/www.meydan.tv\/az\/article\/berdede-cinayetin-qurbani-olan-aile-evsiz-tehsilden-kenarda-qalan-usaqlar\/","og_locale":"az_AZ","og_type":"article","og_title":"B\u0259rd\u0259d\u0259 cinay\u0259tin qurban\u0131 olan ail\u0259: evsiz, t\u0259hsild\u0259n k\u0259narda qalan u\u015faqlar - MEYDAN.TV","og_description":"\u201c\u0130cra ba\u015f\u00e7\u0131s\u0131n\u0131n m\u00fcavini Vahid Qarayev d\u0259f\u0259l\u0259rl\u0259 bizi q\u0259bul el\u0259y\u0259c\u0259yin\u0259 s\u00f6z verib, yerin\u0259 yetirm\u0259di\"","og_url":"https:\/\/www.meydan.tv\/az\/article\/berdede-cinayetin-qurbani-olan-aile-evsiz-tehsilden-kenarda-qalan-usaqlar\/","og_site_name":"MEYDAN.TV","article_published_time":"2020-11-02T11:04:30+00:00","og_image":[{"width":1020,"height":573,"url":"https:\/\/www.meydan.tv\/wp-content\/uploads\/nicat_qarayev.png","type":"image\/png"}],"author":"user-manager","twitter_card":"summary_large_image","schema":{"@context":"https:\/\/schema.org","@graph":[{"@type":"Article","@id":"https:\/\/www.meydan.tv\/az\/article\/berdede-cinayetin-qurbani-olan-aile-evsiz-tehsilden-kenarda-qalan-usaqlar\/#article","isPartOf":{"@id":"https:\/\/www.meydan.tv\/az\/article\/berdede-cinayetin-qurbani-olan-aile-evsiz-tehsilden-kenarda-qalan-usaqlar\/"},"author":{"name":"user-manager","@id":"https:\/\/www.meydan.tv\/az\/#\/schema\/person\/10d11eccf6da3662cf5fdab9806ea91a"},"headline":"B\u0259rd\u0259d\u0259 cinay\u0259tin qurban\u0131 olan ail\u0259: evsiz, t\u0259hsild\u0259n k\u0259narda qalan u\u015faqlar","datePublished":"2020-11-02T11:04:30+00:00","mainEntityOfPage":{"@id":"https:\/\/www.meydan.tv\/az\/article\/berdede-cinayetin-qurbani-olan-aile-evsiz-tehsilden-kenarda-qalan-usaqlar\/"},"wordCount":1060,"publisher":{"@id":"https:\/\/www.meydan.tv\/az\/#organization"},"image":{"@id":"https:\/\/www.meydan.tv\/az\/article\/berdede-cinayetin-qurbani-olan-aile-evsiz-tehsilden-kenarda-qalan-usaqlar\/#primaryimage"},"thumbnailUrl":"https:\/\/www.meydan.tv\/wp-content\/uploads\/nicat_qarayev.png","articleSection":["B\u00f6lg\u0259"],"inLanguage":"az"},{"@type":"WebPage","@id":"https:\/\/www.meydan.tv\/az\/article\/berdede-cinayetin-qurbani-olan-aile-evsiz-tehsilden-kenarda-qalan-usaqlar\/","url":"https:\/\/www.meydan.tv\/az\/article\/berdede-cinayetin-qurbani-olan-aile-evsiz-tehsilden-kenarda-qalan-usaqlar\/","name":"B\u0259rd\u0259d\u0259 cinay\u0259tin qurban\u0131 olan ail\u0259: evsiz, t\u0259hsild\u0259n k\u0259narda qalan u\u015faqlar - MEYDAN.TV","isPartOf":{"@id":"https:\/\/www.meydan.tv\/az\/#website"},"primaryImageOfPage":{"@id":"https:\/\/www.meydan.tv\/az\/article\/berdede-cinayetin-qurbani-olan-aile-evsiz-tehsilden-kenarda-qalan-usaqlar\/#primaryimage"},"image":{"@id":"https:\/\/www.meydan.tv\/az\/article\/berdede-cinayetin-qurbani-olan-aile-evsiz-tehsilden-kenarda-qalan-usaqlar\/#primaryimage"},"thumbnailUrl":"https:\/\/www.meydan.tv\/wp-content\/uploads\/nicat_qarayev.png","datePublished":"2020-11-02T11:04:30+00:00","breadcrumb":{"@id":"https:\/\/www.meydan.tv\/az\/article\/berdede-cinayetin-qurbani-olan-aile-evsiz-tehsilden-kenarda-qalan-usaqlar\/#breadcrumb"},"inLanguage":"az","potentialAction":[{"@type":"ReadAction","target":["https:\/\/www.meydan.tv\/az\/article\/berdede-cinayetin-qurbani-olan-aile-evsiz-tehsilden-kenarda-qalan-usaqlar\/"]}]},{"@type":"ImageObject","inLanguage":"az","@id":"https:\/\/www.meydan.tv\/az\/article\/berdede-cinayetin-qurbani-olan-aile-evsiz-tehsilden-kenarda-qalan-usaqlar\/#primaryimage","url":"https:\/\/www.meydan.tv\/wp-content\/uploads\/nicat_qarayev.png","contentUrl":"https:\/\/www.meydan.tv\/wp-content\/uploads\/nicat_qarayev.png","width":1020,"height":573,"caption":"Source: Meydan TV"},{"@type":"BreadcrumbList","@id":"https:\/\/www.meydan.tv\/az\/article\/berdede-cinayetin-qurbani-olan-aile-evsiz-tehsilden-kenarda-qalan-usaqlar\/#breadcrumb","itemListElement":[{"@type":"ListItem","position":1,"name":"Ana s\u0259hif\u0259","item":"https:\/\/www.meydan.tv\/az\/"},{"@type":"ListItem","position":2,"name":"B\u00f6lg\u0259","item":"https:\/\/www.meydan.tv\/az\/section\/bolge\/"},{"@type":"ListItem","position":3,"name":"B\u0259rd\u0259d\u0259 cinay\u0259tin qurban\u0131 olan ail\u0259: evsiz, t\u0259hsild\u0259n k\u0259narda qalan u\u015faqlar"}]},{"@type":"WebSite","@id":"https:\/\/www.meydan.tv\/az\/#website","url":"https:\/\/www.meydan.tv\/az\/","name":"MEYDAN.TV","description":"Meydan TV Az\u0259rbaycan\u0131n media m\u0259kan\u0131ndak\u0131 alternativ s\u0259sidir","publisher":{"@id":"https:\/\/www.meydan.tv\/az\/#organization"},"potentialAction":[{"@type":"SearchAction","target":{"@type":"EntryPoint","urlTemplate":"https:\/\/www.meydan.tv\/az\/?s={search_term_string}"},"query-input":{"@type":"PropertyValueSpecification","valueRequired":true,"valueName":"search_term_string"}}],"inLanguage":"az"},{"@type":"Organization","@id":"https:\/\/www.meydan.tv\/az\/#organization","name":"Meydan TV","url":"https:\/\/www.meydan.tv\/az\/","logo":{"@type":"ImageObject","inLanguage":"az","@id":"https:\/\/www.meydan.tv\/az\/#\/schema\/logo\/image\/","url":"https:\/\/www.meydan.tv\/wp-content\/uploads\/2021\/07\/meydan-logo.svg","contentUrl":"https:\/\/www.meydan.tv\/wp-content\/uploads\/2021\/07\/meydan-logo.svg","width":195,"height":46,"caption":"Meydan TV"},"image":{"@id":"https:\/\/www.meydan.tv\/az\/#\/schema\/logo\/image\/"}},{"@type":"Person","@id":"https:\/\/www.meydan.tv\/az\/#\/schema\/person\/10d11eccf6da3662cf5fdab9806ea91a","name":"user-manager"}]}},"_links":{"self":[{"href":"https:\/\/www.meydan.tv\/az\/wp-json\/wp\/v2\/posts\/203360","targetHints":{"allow":["GET"]}}],"collection":[{"href":"https:\/\/www.meydan.tv\/az\/wp-json\/wp\/v2\/posts"}],"about":[{"href":"https:\/\/www.meydan.tv\/az\/wp-json\/wp\/v2\/types\/post"}],"author":[{"embeddable":true,"href":"https:\/\/www.meydan.tv\/az\/wp-json\/wp\/v2\/users\/11"}],"replies":[{"embeddable":true,"href":"https:\/\/www.meydan.tv\/az\/wp-json\/wp\/v2\/comments?post=203360"}],"version-history":[{"count":0,"href":"https:\/\/www.meydan.tv\/az\/wp-json\/wp\/v2\/posts\/203360\/revisions"}],"wp:featuredmedia":[{"embeddable":true,"href":"https:\/\/www.meydan.tv\/az\/wp-json\/wp\/v2\/media\/150152"}],"wp:attachment":[{"href":"https:\/\/www.meydan.tv\/az\/wp-json\/wp\/v2\/media?parent=203360"}],"wp:term":[{"taxonomy":"category","embeddable":true,"href":"https:\/\/www.meydan.tv\/az\/wp-json\/wp\/v2\/categories?post=203360"},{"taxonomy":"post_tag","embeddable":true,"href":"https:\/\/www.meydan.tv\/az\/wp-json\/wp\/v2\/tags?post=203360"}],"curies":[{"name":"wp","href":"https:\/\/api.w.org\/{rel}","templated":true}]}}