{"id":203350,"date":"2020-11-01T16:59:08","date_gmt":"2020-11-01T16:59:08","guid":{"rendered":"https:\/\/www.meydan.tv\/article\/rusiyanin-tezyiq-gostermemesinin-sebebleri\/"},"modified":"2020-11-01T16:59:08","modified_gmt":"2020-11-01T16:59:08","slug":"rusiyanin-tezyiq-gostermemesinin-sebebleri","status":"publish","type":"post","link":"https:\/\/www.meydan.tv\/az\/article\/rusiyanin-tezyiq-gostermemesinin-sebebleri\/","title":{"rendered":"Rusiyan\u0131n t\u0259zyiq g\u00f6st\u0259rm\u0259m\u0259sinin s\u0259b\u0259bl\u0259ri"},"content":{"rendered":"<p>\n  <i><br \/>\n    Status-kvonun b\u0259rpas\u0131 \u00fc\u00e7\u00fcn Kreml\u0259 \u0259vv\u0259lc\u0259 Pa\u015finyan\u0131n \u201cgetm\u0259si\u201d v\u0259 onun \u00e7a\u011f\u0131r\u0131\u015f\u0131 laz\u0131md\u0131r<br \/>\n  <\/i>\n<\/p>\n<p>\n  Da\u011fl\u0131q Qaraba\u011f \u0259traf\u0131nda m\u00fcnaqi\u015f\u0259nin h\u0259lli Az\u0259rbaycan v\u0259 Erm\u0259nistan\u0131n maraqlar\u0131 aras\u0131nda tarazl\u0131q tap\u0131lmas\u0131ndan ibar\u0259tdir. Bu fikri Rusiya Prezidenti Vladimir Putin c\u00fcm\u0259 ax\u015fam\u0131 \u201cVTB Kapital\u201d\u0131n \u201cRusiya \u00e7a\u011f\u0131r\u0131r!\u201d forumunda \u00e7\u0131x\u0131\u015f ed\u0259rk\u0259n bildirib.\n<\/p>\n<p>\n  \u201cUzunm\u00fcdd\u0259tli h\u0259ll n\u0259d\u0259 v\u0259 ya haradad\u0131r? H\u0259r iki t\u0259r\u0259fi \u2013 h\u0259m d\u0259yi\u015fm\u0259z h\u00f6rm\u0259tl\u0259 yana\u015fd\u0131\u011f\u0131m\u0131z Az\u0259rbaycan xalq\u0131n\u0131n, h\u0259m d\u0259 erm\u0259ni xalq\u0131n\u0131 qane ed\u0259c\u0259k maraqlar balans\u0131n\u0131 tapmaqdad\u0131r\u201d, &#8211; dey\u0259n Putin \u0259lav\u0259 edib ki, Az\u0259rbaycan etnik m\u00fcnaqi\u015f\u0259 il\u0259 \u0259laq\u0259si olmayan yeddi rayonu qaytarmaq h\u00fcququnda v\u0259 daha sonra Da\u011fl\u0131q Qaraba\u011f\u0131n m\u0259nsubiyy\u0259tinin h\u0259ll edilm\u0259sind\u0259 israr edir. \u201cH\u0259r k\u0259sin \u00f6z do\u011frusu var, &#8211; dey\u0259 Rusiya lideri qeyd edib. \u2013 Burada sad\u0259 h\u0259ll yoxdur, \u00e7\u00fcnki \u00e7ox m\u00fcr\u0259kk\u0259b bir d\u00fcy\u00fcn yaran\u0131b\u201d.\n<\/p>\n<p>\n  Daha sonra Putin m\u00fcnaqi\u015f\u0259nin Rusiyan\u0131n t\u0259klif etdiyi h\u0259llini xat\u0131rlad\u0131b. \u201cBiz ilk g\u00fcnd\u0259n Qaraba\u011f zonas\u0131n\u0131n m\u00fc\u0259yy\u0259n rejimi t\u0259min edilm\u0259kl\u0259, Erm\u0259nistanla qar\u015f\u0131l\u0131ql\u0131 f\u0259aliyy\u0259t g\u00f6st\u0259rm\u0259kl\u0259, be\u015f + iki rayonun Az\u0259rbaycana verilm\u0259si m\u00fcmk\u00fcnl\u00fcy\u00fc haqq\u0131nda dan\u0131\u015fmaq z\u0259rur\u0259tin\u0259 \u0259saslan\u0131rd\u0131q\u201d, &#8211; dey\u0259 o bildirib.\n<\/p>\n<p>\n  Bununla da Putin bizi Qaraba\u011fla ba\u011fl\u0131 Madrid prinsipl\u0259rin\u0259 ((ing. Madrid proposals) 2007-ci ilin noyabr\u0131nda Madridd\u0259 m\u00fcnaqi\u015f\u0259 t\u0259r\u0259fl\u0259rin\u0259 t\u0259klif edilmi\u015f Da\u011fl\u0131q Qaraba\u011f m\u00fcnaqi\u015f\u0259sinin nizamlanmas\u0131 \u00fczr\u0259 t\u0259m\u0259l prinsipl\u0259rin \u015f\u0259rti ad\u0131) y\u00f6nl\u0259ndirib. Bu prinsipl\u0259r a\u015fa\u011f\u0131dak\u0131lar\u0131 n\u0259z\u0259rd\u0259 tutub:\n<\/p>\n<p>\n  <b><br \/>\n    <i><br \/>\n      &#8211; Da\u011fl\u0131q Qaraba\u011f \u0259traf\u0131ndak\u0131 \u0259razil\u0259rin Az\u0259rbaycan\u0131n n\u0259zar\u0259ti alt\u0131na qaytar\u0131lmas\u0131;<br \/>\n    <\/i><br \/>\n  <\/b>\n<\/p>\n<p>\n  <b><br \/>\n    <i><br \/>\n      &#8211; Da\u011fl\u0131q Qaraba\u011fa t\u0259hl\u00fck\u0259sizlik v\u0259 \u00f6z\u00fcn\u00fcidar\u0259 z\u0259man\u0259ti ver\u0259n m\u00fcv\u0259qq\u0259ti statusun verilm\u0259si;<br \/>\n    <\/i><br \/>\n  <\/b>\n<\/p>\n<p>\n  <b><br \/>\n    <i><br \/>\n      &#8211; Erm\u0259nistan v\u0259 Da\u011fl\u0131q Qaraba\u011f aras\u0131ndak\u0131 d\u0259hliz a\u00e7\u0131lmas\u0131;<br \/>\n    <\/i><br \/>\n  <\/b>\n<\/p>\n<p>\n  <b><br \/>\n    <i><br \/>\n      &#8211; G\u0259l\u0259c\u0259kd\u0259 Da\u011fl\u0131q Qaraba\u011f\u0131n yekun h\u00fcquqi statusunun h\u00fcquqi c\u0259h\u0259td\u0259n m\u0259cburi olan referendum \u0259sas\u0131nda m\u00fc\u0259yy\u0259n edilm\u0259si;<br \/>\n    <\/i><br \/>\n  <\/b>\n<\/p>\n<p>\n  <b><br \/>\n    <i><br \/>\n      &#8211; b\u00fct\u00fcn daxili m\u0259cburi k\u00f6\u00e7k\u00fcnl\u0259rin v\u0259 qa\u00e7q\u0131nlar\u0131n \u0259vv\u0259lki ya\u015fay\u0131\u015f yerl\u0259rin\u0259 qaytar\u0131lmas\u0131n\u0131n t\u0259min edilm\u0259si;<br \/>\n    <\/i><br \/>\n  <\/b>\n<\/p>\n<p>\n  <b><br \/>\n    <i><br \/>\n      &#8211; s\u00fclh\u00fcn qorunub saxlanmas\u0131 \u00fczr\u0259 \u0259m\u0259liyyatlar\u0131 da ehtiva ed\u0259n beyn\u0259lxalq t\u0259hl\u00fck\u0259sizlik z\u0259man\u0259ti.<br \/>\n    <\/i><br \/>\n  <\/b>\n<\/p>\n<p>\n  G\u00f6rd\u00fcy\u00fcm\u00fcz kimi, Rusiya Prezidenti (yeri g\u0259lmi\u015fk\u0259n, MQ-y\u0259 h\u0259ms\u0259dr \u00f6lk\u0259l\u0259rin dig\u0259r r\u0259hb\u0259rl\u0259ri v\u0259 n\u00fcmay\u0259nd\u0259l\u0259ri d\u0259) yeni reall\u0131\u011f\u0131n yaranmas\u0131 \u2013 Az\u0259rbaycan\u0131n BMT Nizamnam\u0259sinin VII Hiss\u0259sinin 51-ci madd\u0259sin\u0259 uy\u011fun olaraq \u201cF\u0259rdi v\u0259 ya kollektiv \u00f6z\u00fcn\u00fcm\u00fcdafi\u0259 h\u00fcququ\u201dnu h\u0259yata ke\u00e7irm\u0259si fakt\u0131na m\u0259h\u0259l qoymama\u011fa \u00e7al\u0131\u015f\u0131r. Az\u0259rbaycan \u00f6z\u00fc BMT v\u0259 ya MQ t\u0259r\u0259find\u0259n he\u00e7 bir k\u00f6m\u0259k olmadan art\u0131q \u00f6lk\u0259nin Erm\u0259nistan t\u0259r\u0259find\u0259n i\u015f\u011fal edilmi\u015f 4 rayonunu tamam\u0259n v\u0259 3 rayonunu qism\u0259n azad etm\u0259y\u0259 m\u00fcv\u0259ff\u0259q olub. H\u0259m\u00e7inin, Putin BMT T\u015e-nin Qaraba\u011fla ba\u011fl\u0131 i\u015f\u011fal\u00e7\u0131 q\u00fcvv\u0259l\u0259rin Az\u0259rbaycan \u0259razil\u0259rind\u0259n \u00e7\u0131xar\u0131lmas\u0131n\u0131 n\u0259z\u0259rd\u0259 tutan d\u00f6rd q\u0259tnam\u0259sin\u0259 (30 aprel 1993-c\u00fc il tarixli 822 sayl\u0131, 29 iyul 1993-c\u00fc il tarixli 853 sayl\u0131, 14 oktyabr 1993-c\u00fc il tarixli 874 sayl\u0131 v\u0259 12 noyabr 1993-c\u00fc il tarixli 884 sayl\u0131) m\u0259h\u0259l qoymama\u011fa \u00e7al\u0131\u015f\u0131r (\u0259vv\u0259lki kimi) v\u0259 MQ \u00fczv\u00fc olan \u00f6lk\u0259nin q\u0259r\u0259zsizliyi prinsipin\u0259 zidd olaraq t\u0259cav\u00fczkar\u0131 (Erm\u0259nistan) v\u0259 t\u0259cav\u00fcz qurban\u0131n\u0131 (Az\u0259rbaycan) bir tutur.\n<\/p>\n<p>\n  Bununla bel\u0259, sentyabr\u0131n 27-d\u0259 ba\u015flayan Erm\u0259nistan SQ-nin darmada\u011f\u0131n edilm\u0259sin\u0259 Moskva kifay\u0259t q\u0259d\u0259r sakit reaksiya verib. Bak\u0131n\u0131n \u00fcnvan\u0131na he\u00e7 bir h\u0259rbi ritorika, h\u0259rbi \u0259m\u0259liyyatlar\u0131 dayand\u0131rmaq \u00fc\u00e7\u00fcn he\u00e7 bir siyasi t\u0259zyiq olmay\u0131b.\n<\/p>\n<p>\n  <b><br \/>\n    Moskva niy\u0259 t\u0259zyiq g\u00f6st\u0259rmir?<br \/>\n  <\/b>\n<\/p>\n<p>\n  Ayd\u0131nd\u0131r ki, bu, haz\u0131rda xo\u015fag\u0259lm\u0259z ssenarini dayand\u0131rma\u011f\u0131n kifay\u0259t q\u0259d\u0259r \u00e7\u0259tin olmas\u0131 il\u0259 \u0259laq\u0259dard\u0131r. Birincisi, m\u00fcdaxil\u0259 \u00fc\u00e7\u00fcn he\u00e7 bir formal \u0259sas yoxdur, ikincisi is\u0259, Suriya, Liviya v\u0259 Ukraynadak\u0131 i\u015ftirak\u0131n onsuz da yordu\u011fu Kreml bu d\u0259f\u0259 d\u0259 C\u0259nubi Qafqazda Rusiya v\u0259 T\u00fcrkiy\u0259 il\u0259 strateji \u0259laq\u0259l\u0259ri olan Az\u0259rbaycanla daha bir m\u00fcnaqi\u015f\u0259y\u0259 daxil olmaq ist\u0259mir.\n<\/p>\n<p>\n  Bundan ba\u015fqa, Moskvan\u0131n Yerevan\u0131 m\u00fcdafi\u0259 etm\u0259k ist\u0259m\u0259m\u0259sini \u0259h\u0259miyy\u0259tli d\u0259r\u0259c\u0259d\u0259 Erm\u0259nistan Ba\u015f naziri Nikol Pa\u015finyan\u0131n tutdu\u011fu siyasi kursla da \u015f\u0259rtl\u0259ndirir. Birincisi, o, Qaraba\u011f\u0131n r\u0259hb\u0259rl\u0259rind\u0259n biri v\u0259 Vladimir Putinin \u015f\u0259xsi dostu olan Robert Ko\u00e7aryan\u0131 h\u0259bs edib. H\u0259m d\u0259 Putin \u015f\u0259xs\u0259n Pa\u015finyandan Ko\u00e7aryan\u0131 azad etm\u0259sini xahi\u015f edib, amma q\u0259ti r\u0259dd cavab\u0131 al\u0131b. Bu, \u0259lb\u0259tt\u0259 ki, Nikol Vovaevi\u00e7l\u0259 Vladimir Vladimirovi\u00e7 aras\u0131nda yax\u015f\u0131 \u015f\u0259xsi m\u00fcnasib\u0259tl\u0259r qurulmas\u0131n\u0131 tamamil\u0259 qeyri-m\u00fcmk\u00fcn edib.\n<\/p>\n<p>\n  Daha sonra Pa\u015finyan KTMT Ba\u015f katibi Yuri Xa\u00e7aturovu da h\u0259bs etm\u0259y\u0259 \u00e7al\u0131\u015f\u0131b. Kremld\u0259 hesab edirl\u0259r ki, b\u00fct\u00fcn bunlar Yerevan\u0131n kuratorlar\u0131n\u0131n Potomak sahill\u0259rind\u0259n \u00f6yr\u0259dilm\u0259si il\u0259 edilib. Bel\u0259likl\u0259, Erm\u0259nistanda KTMT-nin \u2013 \u015f\u0259xs\u0259n Putinin yaratd\u0131\u011f\u0131 t\u0259\u015fkilat\u0131n rolu he\u00e7\u0259 endirilib.\n<\/p>\n<p>\n  Daha sonra yeni se\u00e7ilmi\u015f Ba\u015f nazir Erm\u0259nistan x\u00fcsusi xidm\u0259tl\u0259rind\u0259n Rusiyay\u00f6n\u00fcml\u00fc kadrlar\u0131, dem\u0259k olar ki, tamamil\u0259 t\u0259mizl\u0259yib. Bundan ba\u015fqa, o, Erm\u0259nistan hakimiyy\u0259tinin y\u00fcks\u0259k v\u0259zif\u0259l\u0259rin\u0259 Kremld\u0259 AB\u015e-\u0131n casuslar\u0131 hesab olunan \u015f\u0259xsl\u0259ri g\u0259tirib. H\u0259m\u00e7inin, Pa\u015finyan Ba\u015f Q\u0259rargah\u0131 v\u0259 generaliteti t\u0259mizl\u0259yib, Rusiya ali h\u0259rbi m\u0259kt\u0259bl\u0259rind\u0259 t\u0259hsil alan generallar\u0131 v\u0259zif\u0259d\u0259n k\u0259narla\u015fd\u0131r\u0131b.\n<\/p>\n<p>\n  Eyni zamanda, o, \u0130stintaq Komit\u0259sinin sor\u011fusu \u0259sas\u0131nda Rusiya x\u00fcsusi t\u0259yinatl\u0131s\u0131 Belyakinin qatilini Rusiyaya ekstradisiya etm\u0259kd\u0259n imtina edib. H\u0259m\u00e7inin, Rusiya \u015firk\u0259tl\u0259rinin Erm\u0259nistandak\u0131 t\u00f6r\u0259m\u0259 \u015firk\u0259tl\u0259rin\u0259 qar\u015f\u0131 cinay\u0259t i\u015fl\u0259ri a\u00e7\u0131l\u0131b.\n<\/p>\n<p>\n  Putinin s\u0259br kasas\u0131n\u0131 da\u015f\u0131ran son damla is\u0259 Erm\u0259nistanda rus kanallar\u0131n\u0131n pulsuz yay\u0131nlanmas\u0131n\u0131n qada\u011fan edilm\u0259si olub. A\u00e7\u0131q-a\u015fkar Erm\u0259nistanda Rusiyan\u0131n t\u0259sirin\u0259 qar\u015f\u0131 y\u00f6n\u0259lmi\u015f bu add\u0131m Rusiyan\u0131n siyasi istebli\u015fmentind\u0259 tamamil\u0259 Erm\u0259nistan hakimiyy\u0259tinin \u0259leyhin\u0259 bir \u0259hval-ruhiyy\u0259 yaratd\u0131.\n<\/p>\n<p>\n  \u018fslind\u0259, sanki az\u011f\u0131n Pa\u015finyan\u0131 devirm\u0259k Moskvan\u0131n \u0259lind\u0259 he\u00e7 n\u0259dir. Amma bunu etm\u0259k m\u00fcmk\u00fcn olmay\u0131b \u2013 Nikol, s\u00f6z\u00fcn \u0259sl m\u0259nas\u0131nda, Erm\u0259nistandak\u0131 b\u00fct\u00fcn Rusiyap\u0259r\u0259st istebli\u015fmentin k\u00f6k\u00fcn\u00fc k\u0259sib. \u018fn \u0259sas\u0131 is\u0259 Pa\u015finyan\u0131n se\u00e7imi \u0259slind\u0259 erm\u0259ni xalq\u0131n\u0131n se\u00e7imi idi. V\u0259 h\u0259l\u0259lik erm\u0259ni c\u0259miyy\u0259tind\u0259 yeni r\u0259hb\u0259r\u0259 ictimai t\u0259l\u0259b yoxdur. Erm\u0259nil\u0259r h\u0259l\u0259lik \u00f6z liderl\u0259rind\u0259n imtina etm\u0259y\u0259 haz\u0131r deyill\u0259r. Buna g\u00f6r\u0259, ayd\u0131nd\u0131r ki, n\u0259 q\u0259d\u0259r ki, Pa\u015finyan Erm\u0259nistanda hakimiyy\u0259td\u0259dir, Putin onu xilas etm\u0259k \u00fc\u00e7\u00fcn barma\u011f\u0131n\u0131 bel\u0259 oynatmayacaq. \u018flb\u0259tt\u0259, Putin Erm\u0259nistan\u0131 qoruma\u011fa haz\u0131rd\u0131r, amma yaln\u0131z Pa\u015finyan rejimi devrildikd\u0259n sonra. Amma, h\u0259l\u0259lik Pa\u015finyan \u00f6z k\u00fcrs\u00fcs\u00fcnd\u0259 kifay\u0259t q\u0259d\u0259r m\u00f6hk\u0259m oturub. Yaln\u0131z indi, Erm\u0259nistan ordusunun c\u0259bh\u0259d\u0259 u\u011frad\u0131\u011f\u0131 m\u0259\u011flubiyy\u0259tl\u0259r fonunda Yerevanda ona qar\u015f\u0131 fronda formala\u015fma\u011fa ba\u015flay\u0131b.\n<\/p>\n<p>\n  Az\u0259rbaycana g\u0259linc\u0259, onun Qaraba\u011f problemini h\u0259ll etm\u0259si \u00fc\u00e7\u00fcn \u201cimkanlar aynas\u0131\u201d yaran\u0131b. V\u0259 \u0259lb\u0259tt\u0259 ki, uzun m\u00fcdd\u0259tdir m\u0259s\u0259l\u0259nin g\u00fcc yolu il\u0259 h\u0259llin\u0259 haz\u0131rla\u015fan \u00f6lk\u0259 r\u0259hb\u0259rliyi bundan faydalanmaya bilm\u0259zdi.\n<\/p>\n<p>\n  Amma, art\u0131q deyildiyi kimi, Qaraba\u011f probleminin h\u0259lli Rusiyan\u0131n maraqlar\u0131na uy\u011fun deyil. Bu halda o, Az\u0259rbaycana v\u0259 Erm\u0259nistana v\u0259 bunun n\u0259tic\u0259si olaraq da b\u00fct\u00fcn C\u0259nubi Qafqaza t\u0259sirini itirir. Buna g\u00f6r\u0259 o, status-kvonun b\u0259rpas\u0131n\u0131 ist\u0259y\u0259rdi. Putinin \u201cq\u0259rib\u0259\u201d ritorikas\u0131n\u0131 m\u0259hz bu izah edir.\n<\/p>\n<p>\n  <b><br \/>\n    Status-kvonu nec\u0259 b\u0259rpa etm\u0259k olar?<br \/>\n  <\/b>\n<\/p>\n<p>\n  Amma status-kvonun b\u0259rpas\u0131 \u00fc\u00e7\u00fcn Kreml\u0259 \u0259vv\u0259lc\u0259 Pa\u015finyan\u0131n \u201cgetm\u0259si\u201d v\u0259 onun \u00e7a\u011f\u0131r\u0131\u015f\u0131 laz\u0131md\u0131r. Yaln\u0131z bundan sonra Bak\u0131n\u0131 \u201cinand\u0131rma\u011fa\u201d ba\u015flamaq olar ki, sizin (az\u0259rbaycanl\u0131lar\u0131n) imiciniz \u00fc\u00e7\u00fcn q\u0259l\u0259b\u0259l\u0259r art\u0131q kifay\u0259t edir.\n<\/p>\n<p>\n  Amma, sanki inad\u0131na, h\u0259r \u015fey \u0259ks ard\u0131c\u0131ll\u0131qla ba\u015f verir. Buna g\u00f6r\u0259 Az\u0259rbaycan\u0131n h\u0259yata ke\u00e7irdiyi h\u0259rbi \u0259m\u0259liyyat\u0131n gedi\u015fat\u0131n\u0131 bir az olsun l\u0259ngitm\u0259k \u00fc\u00e7\u00fcn Rusiya Erm\u0259nistana h\u0259rbi yard\u0131m g\u00f6st\u0259rir. Humanitar y\u00fck ad\u0131 alt\u0131nda m\u00fclki t\u0259yyar\u0259l\u0259rl\u0259 bu \u00f6lk\u0259y\u0259 silah sisteml\u0259ri g\u00f6nd\u0259rilir v\u0259 bu silahlar Az\u0259rbaycan\u0131n h\u00fccumunu l\u0259ngitm\u0259y\u0259 imkan verir. Flightradar 24 aviau\u00e7u\u015flar\u0131n izl\u0259nilm\u0259si sistemi son g\u00fcnl\u0259r Erm\u0259nistana m\u0259xsus n\u0259qliyyat t\u0259yyar\u0259l\u0259rinin intensiv olaraq Rostov-na-Donu v\u0259 Mineraln\u0131e Vod\u0131 aeroportlar\u0131na endiyini m\u00fc\u0259yy\u0259n etm\u0259y\u0259 imkan verib.\n<\/p>\n<p>\n  Bununla \u0259laq\u0259dar Az\u0259rbaycan h\u00f6kum\u0259ti r\u0259smi olaraq \u0130KAO-ya \u2013 Beyn\u0259lxalq M\u00fclki Aviasiya T\u0259\u015fkilat\u0131na Erm\u0259nistan h\u00f6kum\u0259tinin qeydiyyatdan ke\u00e7irdiyi m\u00fclki hava g\u0259mil\u0259rind\u0259n istifad\u0259 il\u0259 Erm\u0259nistana silah da\u015f\u0131nmas\u0131 faktlar\u0131n\u0131n ara\u015fd\u0131r\u0131lmas\u0131 bar\u0259d\u0259 v\u0259sat\u0259tl\u0259 m\u00fcraci\u0259t edib.\n<\/p>\n<p>\n  \u0130\u015f o yer\u0259 \u00e7at\u0131b ki, oktyabr\u0131n 27-d\u0259 Az\u0259rbaycan Prezidenti \u0130lham \u018fliyev a\u00e7\u0131q m\u0259tnl\u0259 Rusiyan\u0131 Erm\u0259nistan ordusuna silah g\u00f6nd\u0259rm\u0259kd\u0259 ittiham edib. \u201cRusiya m\u00fcnt\u0259z\u0259m olaraq erm\u0259ni ordusunun Da\u011fl\u0131q Qaraba\u011f \u0259razisind\u0259 h\u0259rbi \u0259m\u0259liyyatlar h\u0259yata ke\u00e7ir\u0259n b\u00f6lm\u0259l\u0259rin\u0259 silah g\u00f6nd\u0259rir. Silahlar G\u00fcmr\u00fcd\u0259ki Rusiya h\u0259rbi bazas\u0131ndan g\u00f6nd\u0259rilir\u201d, &#8211; dey\u0259 o, \u0130taliyan\u0131n Rai-1 telekanal\u0131na m\u00fcsahib\u0259sind\u0259 bildirib v\u0259 \u0259lav\u0259 edib ki, k\u0259nardan k\u00f6m\u0259k olmasa, Rusiyadan silah g\u00f6nd\u0259rilm\u0259s\u0259, Erm\u0259nistan bir g\u00fcn bel\u0259 dayana bilm\u0259zdi.\n<\/p>\n<p>\n  \u201c(&#8230;) bu g\u00fcn k\u0259nardan k\u00f6m\u0259k olmasa Erm\u0259nistan i\u015f\u011fal edilmi\u015f \u0259razil\u0259rd\u0259 birc\u0259 g\u00fcn d\u0259 dayana bilm\u0259zdi. H\u0259m siyasi d\u0259st\u0259k, h\u0259m h\u0259rbi, h\u0259m d\u0259 m\u0259n\u0259vi d\u0259st\u0259k, \u00f6z\u00fc d\u0259 bunlar bit\u0259r\u0259fliy\u0259 riay\u0259t etm\u0259li olan \u00f6lk\u0259l\u0259r t\u0259r\u0259find\u0259n g\u0259lir\u201d,- dey\u0259 o bildirib.\n<\/p>\n<p>\n  Yeri g\u0259lmi\u015fk\u0259n, h\u0259ms\u0259dr \u00f6lk\u0259l\u0259rin at\u0259\u015fk\u0259s \u00e7a\u011f\u0131r\u0131\u015flar\u0131n\u0131n s\u0259b\u0259bi d\u0259 budur. Bu fasil\u0259l\u0259r i\u015f\u011fal\u00e7\u0131lar\u0131n itirilmi\u015f \u0259razil\u0259ri geri alma\u011fa \u00e7al\u0131\u015fmaq \u00fc\u00e7\u00fcn \u00f6z q\u00fcvv\u0259l\u0259rini yenid\u0259n qrupla\u015fd\u0131rmas\u0131na imkan verir.\n<\/p>\n<p>\n  Amma Rusiyan\u0131n Erm\u0259nistana yard\u0131m\u0131na baxmayaraq, hadis\u0259l\u0259r el\u0259 s\u00fcr\u0259tl\u0259 v\u0259 el\u0259 ard\u0131c\u0131ll\u0131qla inki\u015faf edir ki, Moskva onlara yeti\u015f\u0259 bilmir. G\u00f6r\u00fcn\u00fcr, bu g\u00fcn-sabah Qaraba\u011fda Erm\u0259nistan\u0131n h\u0259rbi m\u00fcsib\u0259ti reall\u0131q olacaq. Onda Kremlin Erm\u0259nistan\u0131 manipulyasiya etm\u0259k imkan\u0131 minimuma en\u0259c\u0259k v\u0259 n\u0259hay\u0259t, \u00e7oxdan g\u00f6zl\u0259nil\u0259n s\u00fclh b\u0259rq\u0259rar olacaq.<\/p>\n","protected":false},"excerpt":{"rendered":"<p>Amma Rusiyan\u0131n Erm\u0259nistana yard\u0131m\u0131na baxmayaraq, hadis\u0259l\u0259r el\u0259 s\u00fcr\u0259tl\u0259 v\u0259 el\u0259 ard\u0131c\u0131ll\u0131qla inki\u015faf edir ki, Moskva onlara yeti\u015f\u0259 bilmir.<\/p>\n","protected":false},"author":11,"featured_media":150813,"comment_status":"closed","ping_status":"open","sticky":false,"template":"","format":"standard","meta":{"_acf_changed":false,"_sitemap_exclude":false,"_sitemap_priority":"","_sitemap_frequency":"","footnotes":""},"categories":[51],"tags":[],"class_list":["post-203350","post","type-post","status-publish","format-standard","has-post-thumbnail","hentry","category-analitika","infinite-scroll-item","generate-columns","tablet-grid-50","mobile-grid-100","grid-parent","grid-33","no-featured-image-padding"],"acf":[],"yoast_head":"<!-- This site is optimized with the Yoast SEO plugin v27.4 - https:\/\/yoast.com\/product\/yoast-seo-wordpress\/ -->\n<title>Rusiyan\u0131n t\u0259zyiq g\u00f6st\u0259rm\u0259m\u0259sinin s\u0259b\u0259bl\u0259ri - MEYDAN.TV<\/title>\n<meta name=\"robots\" content=\"index, follow, max-snippet:-1, max-image-preview:large, max-video-preview:-1\" \/>\n<link rel=\"canonical\" href=\"https:\/\/www.meydan.tv\/az\/article\/rusiyanin-tezyiq-gostermemesinin-sebebleri\/\" \/>\n<meta property=\"og:locale\" content=\"az_AZ\" \/>\n<meta property=\"og:type\" content=\"article\" \/>\n<meta property=\"og:title\" content=\"Rusiyan\u0131n t\u0259zyiq g\u00f6st\u0259rm\u0259m\u0259sinin s\u0259b\u0259bl\u0259ri - MEYDAN.TV\" \/>\n<meta property=\"og:description\" content=\"Amma Rusiyan\u0131n Erm\u0259nistana yard\u0131m\u0131na baxmayaraq, hadis\u0259l\u0259r el\u0259 s\u00fcr\u0259tl\u0259 v\u0259 el\u0259 ard\u0131c\u0131ll\u0131qla inki\u015faf edir ki, Moskva onlara yeti\u015f\u0259 bilmir.\" \/>\n<meta property=\"og:url\" content=\"https:\/\/www.meydan.tv\/az\/article\/rusiyanin-tezyiq-gostermemesinin-sebebleri\/\" \/>\n<meta property=\"og:site_name\" content=\"MEYDAN.TV\" \/>\n<meta property=\"article:published_time\" content=\"2020-11-01T16:59:08+00:00\" \/>\n<meta property=\"og:image\" content=\"https:\/\/www.meydan.tv\/wp-content\/uploads\/image_from_ios_7_wryqp6h-scaled.jpg\" \/>\n\t<meta property=\"og:image:width\" content=\"2560\" \/>\n\t<meta property=\"og:image:height\" content=\"1707\" \/>\n\t<meta property=\"og:image:type\" content=\"image\/jpeg\" \/>\n<meta name=\"author\" content=\"user-manager\" \/>\n<meta name=\"twitter:card\" content=\"summary_large_image\" \/>\n<script type=\"application\/ld+json\" class=\"yoast-schema-graph\">{\"@context\":\"https:\\\/\\\/schema.org\",\"@graph\":[{\"@type\":\"Article\",\"@id\":\"https:\\\/\\\/www.meydan.tv\\\/az\\\/article\\\/rusiyanin-tezyiq-gostermemesinin-sebebleri\\\/#article\",\"isPartOf\":{\"@id\":\"https:\\\/\\\/www.meydan.tv\\\/az\\\/article\\\/rusiyanin-tezyiq-gostermemesinin-sebebleri\\\/\"},\"author\":{\"name\":\"user-manager\",\"@id\":\"https:\\\/\\\/www.meydan.tv\\\/az\\\/#\\\/schema\\\/person\\\/10d11eccf6da3662cf5fdab9806ea91a\"},\"headline\":\"Rusiyan\u0131n t\u0259zyiq g\u00f6st\u0259rm\u0259m\u0259sinin s\u0259b\u0259bl\u0259ri\",\"datePublished\":\"2020-11-01T16:59:08+00:00\",\"mainEntityOfPage\":{\"@id\":\"https:\\\/\\\/www.meydan.tv\\\/az\\\/article\\\/rusiyanin-tezyiq-gostermemesinin-sebebleri\\\/\"},\"wordCount\":2012,\"publisher\":{\"@id\":\"https:\\\/\\\/www.meydan.tv\\\/az\\\/#organization\"},\"image\":{\"@id\":\"https:\\\/\\\/www.meydan.tv\\\/az\\\/article\\\/rusiyanin-tezyiq-gostermemesinin-sebebleri\\\/#primaryimage\"},\"thumbnailUrl\":\"https:\\\/\\\/www.meydan.tv\\\/wp-content\\\/uploads\\\/image_from_ios_7_wryqp6h-scaled-e1645526715974.jpg\",\"articleSection\":[\"Analitika\"],\"inLanguage\":\"az\"},{\"@type\":\"WebPage\",\"@id\":\"https:\\\/\\\/www.meydan.tv\\\/az\\\/article\\\/rusiyanin-tezyiq-gostermemesinin-sebebleri\\\/\",\"url\":\"https:\\\/\\\/www.meydan.tv\\\/az\\\/article\\\/rusiyanin-tezyiq-gostermemesinin-sebebleri\\\/\",\"name\":\"Rusiyan\u0131n t\u0259zyiq g\u00f6st\u0259rm\u0259m\u0259sinin s\u0259b\u0259bl\u0259ri - MEYDAN.TV\",\"isPartOf\":{\"@id\":\"https:\\\/\\\/www.meydan.tv\\\/az\\\/#website\"},\"primaryImageOfPage\":{\"@id\":\"https:\\\/\\\/www.meydan.tv\\\/az\\\/article\\\/rusiyanin-tezyiq-gostermemesinin-sebebleri\\\/#primaryimage\"},\"image\":{\"@id\":\"https:\\\/\\\/www.meydan.tv\\\/az\\\/article\\\/rusiyanin-tezyiq-gostermemesinin-sebebleri\\\/#primaryimage\"},\"thumbnailUrl\":\"https:\\\/\\\/www.meydan.tv\\\/wp-content\\\/uploads\\\/image_from_ios_7_wryqp6h-scaled-e1645526715974.jpg\",\"datePublished\":\"2020-11-01T16:59:08+00:00\",\"breadcrumb\":{\"@id\":\"https:\\\/\\\/www.meydan.tv\\\/az\\\/article\\\/rusiyanin-tezyiq-gostermemesinin-sebebleri\\\/#breadcrumb\"},\"inLanguage\":\"az\",\"potentialAction\":[{\"@type\":\"ReadAction\",\"target\":[\"https:\\\/\\\/www.meydan.tv\\\/az\\\/article\\\/rusiyanin-tezyiq-gostermemesinin-sebebleri\\\/\"]}]},{\"@type\":\"ImageObject\",\"inLanguage\":\"az\",\"@id\":\"https:\\\/\\\/www.meydan.tv\\\/az\\\/article\\\/rusiyanin-tezyiq-gostermemesinin-sebebleri\\\/#primaryimage\",\"url\":\"https:\\\/\\\/www.meydan.tv\\\/wp-content\\\/uploads\\\/image_from_ios_7_wryqp6h-scaled-e1645526715974.jpg\",\"contentUrl\":\"https:\\\/\\\/www.meydan.tv\\\/wp-content\\\/uploads\\\/image_from_ios_7_wryqp6h-scaled-e1645526715974.jpg\",\"width\":2560,\"height\":1312,\"caption\":\"Foto: Meydan TV\"},{\"@type\":\"BreadcrumbList\",\"@id\":\"https:\\\/\\\/www.meydan.tv\\\/az\\\/article\\\/rusiyanin-tezyiq-gostermemesinin-sebebleri\\\/#breadcrumb\",\"itemListElement\":[{\"@type\":\"ListItem\",\"position\":1,\"name\":\"Ana s\u0259hif\u0259\",\"item\":\"https:\\\/\\\/www.meydan.tv\\\/az\\\/\"},{\"@type\":\"ListItem\",\"position\":2,\"name\":\"Analitika\",\"item\":\"https:\\\/\\\/www.meydan.tv\\\/az\\\/section\\\/analitika\\\/\"},{\"@type\":\"ListItem\",\"position\":3,\"name\":\"Rusiyan\u0131n t\u0259zyiq g\u00f6st\u0259rm\u0259m\u0259sinin s\u0259b\u0259bl\u0259ri\"}]},{\"@type\":\"WebSite\",\"@id\":\"https:\\\/\\\/www.meydan.tv\\\/az\\\/#website\",\"url\":\"https:\\\/\\\/www.meydan.tv\\\/az\\\/\",\"name\":\"MEYDAN.TV\",\"description\":\"Meydan TV Az\u0259rbaycan\u0131n media m\u0259kan\u0131ndak\u0131 alternativ s\u0259sidir\",\"publisher\":{\"@id\":\"https:\\\/\\\/www.meydan.tv\\\/az\\\/#organization\"},\"potentialAction\":[{\"@type\":\"SearchAction\",\"target\":{\"@type\":\"EntryPoint\",\"urlTemplate\":\"https:\\\/\\\/www.meydan.tv\\\/az\\\/?s={search_term_string}\"},\"query-input\":{\"@type\":\"PropertyValueSpecification\",\"valueRequired\":true,\"valueName\":\"search_term_string\"}}],\"inLanguage\":\"az\"},{\"@type\":\"Organization\",\"@id\":\"https:\\\/\\\/www.meydan.tv\\\/az\\\/#organization\",\"name\":\"Meydan TV\",\"url\":\"https:\\\/\\\/www.meydan.tv\\\/az\\\/\",\"logo\":{\"@type\":\"ImageObject\",\"inLanguage\":\"az\",\"@id\":\"https:\\\/\\\/www.meydan.tv\\\/az\\\/#\\\/schema\\\/logo\\\/image\\\/\",\"url\":\"https:\\\/\\\/www.meydan.tv\\\/wp-content\\\/uploads\\\/2021\\\/07\\\/meydan-logo.svg\",\"contentUrl\":\"https:\\\/\\\/www.meydan.tv\\\/wp-content\\\/uploads\\\/2021\\\/07\\\/meydan-logo.svg\",\"width\":195,\"height\":46,\"caption\":\"Meydan TV\"},\"image\":{\"@id\":\"https:\\\/\\\/www.meydan.tv\\\/az\\\/#\\\/schema\\\/logo\\\/image\\\/\"}},{\"@type\":\"Person\",\"@id\":\"https:\\\/\\\/www.meydan.tv\\\/az\\\/#\\\/schema\\\/person\\\/10d11eccf6da3662cf5fdab9806ea91a\",\"name\":\"user-manager\"}]}<\/script>\n<!-- \/ Yoast SEO plugin. -->","yoast_head_json":{"title":"Rusiyan\u0131n t\u0259zyiq g\u00f6st\u0259rm\u0259m\u0259sinin s\u0259b\u0259bl\u0259ri - MEYDAN.TV","robots":{"index":"index","follow":"follow","max-snippet":"max-snippet:-1","max-image-preview":"max-image-preview:large","max-video-preview":"max-video-preview:-1"},"canonical":"https:\/\/www.meydan.tv\/az\/article\/rusiyanin-tezyiq-gostermemesinin-sebebleri\/","og_locale":"az_AZ","og_type":"article","og_title":"Rusiyan\u0131n t\u0259zyiq g\u00f6st\u0259rm\u0259m\u0259sinin s\u0259b\u0259bl\u0259ri - MEYDAN.TV","og_description":"Amma Rusiyan\u0131n Erm\u0259nistana yard\u0131m\u0131na baxmayaraq, hadis\u0259l\u0259r el\u0259 s\u00fcr\u0259tl\u0259 v\u0259 el\u0259 ard\u0131c\u0131ll\u0131qla inki\u015faf edir ki, Moskva onlara yeti\u015f\u0259 bilmir.","og_url":"https:\/\/www.meydan.tv\/az\/article\/rusiyanin-tezyiq-gostermemesinin-sebebleri\/","og_site_name":"MEYDAN.TV","article_published_time":"2020-11-01T16:59:08+00:00","og_image":[{"width":2560,"height":1707,"url":"https:\/\/www.meydan.tv\/wp-content\/uploads\/image_from_ios_7_wryqp6h-scaled.jpg","type":"image\/jpeg"}],"author":"user-manager","twitter_card":"summary_large_image","schema":{"@context":"https:\/\/schema.org","@graph":[{"@type":"Article","@id":"https:\/\/www.meydan.tv\/az\/article\/rusiyanin-tezyiq-gostermemesinin-sebebleri\/#article","isPartOf":{"@id":"https:\/\/www.meydan.tv\/az\/article\/rusiyanin-tezyiq-gostermemesinin-sebebleri\/"},"author":{"name":"user-manager","@id":"https:\/\/www.meydan.tv\/az\/#\/schema\/person\/10d11eccf6da3662cf5fdab9806ea91a"},"headline":"Rusiyan\u0131n t\u0259zyiq g\u00f6st\u0259rm\u0259m\u0259sinin s\u0259b\u0259bl\u0259ri","datePublished":"2020-11-01T16:59:08+00:00","mainEntityOfPage":{"@id":"https:\/\/www.meydan.tv\/az\/article\/rusiyanin-tezyiq-gostermemesinin-sebebleri\/"},"wordCount":2012,"publisher":{"@id":"https:\/\/www.meydan.tv\/az\/#organization"},"image":{"@id":"https:\/\/www.meydan.tv\/az\/article\/rusiyanin-tezyiq-gostermemesinin-sebebleri\/#primaryimage"},"thumbnailUrl":"https:\/\/www.meydan.tv\/wp-content\/uploads\/image_from_ios_7_wryqp6h-scaled-e1645526715974.jpg","articleSection":["Analitika"],"inLanguage":"az"},{"@type":"WebPage","@id":"https:\/\/www.meydan.tv\/az\/article\/rusiyanin-tezyiq-gostermemesinin-sebebleri\/","url":"https:\/\/www.meydan.tv\/az\/article\/rusiyanin-tezyiq-gostermemesinin-sebebleri\/","name":"Rusiyan\u0131n t\u0259zyiq g\u00f6st\u0259rm\u0259m\u0259sinin s\u0259b\u0259bl\u0259ri - MEYDAN.TV","isPartOf":{"@id":"https:\/\/www.meydan.tv\/az\/#website"},"primaryImageOfPage":{"@id":"https:\/\/www.meydan.tv\/az\/article\/rusiyanin-tezyiq-gostermemesinin-sebebleri\/#primaryimage"},"image":{"@id":"https:\/\/www.meydan.tv\/az\/article\/rusiyanin-tezyiq-gostermemesinin-sebebleri\/#primaryimage"},"thumbnailUrl":"https:\/\/www.meydan.tv\/wp-content\/uploads\/image_from_ios_7_wryqp6h-scaled-e1645526715974.jpg","datePublished":"2020-11-01T16:59:08+00:00","breadcrumb":{"@id":"https:\/\/www.meydan.tv\/az\/article\/rusiyanin-tezyiq-gostermemesinin-sebebleri\/#breadcrumb"},"inLanguage":"az","potentialAction":[{"@type":"ReadAction","target":["https:\/\/www.meydan.tv\/az\/article\/rusiyanin-tezyiq-gostermemesinin-sebebleri\/"]}]},{"@type":"ImageObject","inLanguage":"az","@id":"https:\/\/www.meydan.tv\/az\/article\/rusiyanin-tezyiq-gostermemesinin-sebebleri\/#primaryimage","url":"https:\/\/www.meydan.tv\/wp-content\/uploads\/image_from_ios_7_wryqp6h-scaled-e1645526715974.jpg","contentUrl":"https:\/\/www.meydan.tv\/wp-content\/uploads\/image_from_ios_7_wryqp6h-scaled-e1645526715974.jpg","width":2560,"height":1312,"caption":"Foto: Meydan TV"},{"@type":"BreadcrumbList","@id":"https:\/\/www.meydan.tv\/az\/article\/rusiyanin-tezyiq-gostermemesinin-sebebleri\/#breadcrumb","itemListElement":[{"@type":"ListItem","position":1,"name":"Ana s\u0259hif\u0259","item":"https:\/\/www.meydan.tv\/az\/"},{"@type":"ListItem","position":2,"name":"Analitika","item":"https:\/\/www.meydan.tv\/az\/section\/analitika\/"},{"@type":"ListItem","position":3,"name":"Rusiyan\u0131n t\u0259zyiq g\u00f6st\u0259rm\u0259m\u0259sinin s\u0259b\u0259bl\u0259ri"}]},{"@type":"WebSite","@id":"https:\/\/www.meydan.tv\/az\/#website","url":"https:\/\/www.meydan.tv\/az\/","name":"MEYDAN.TV","description":"Meydan TV Az\u0259rbaycan\u0131n media m\u0259kan\u0131ndak\u0131 alternativ s\u0259sidir","publisher":{"@id":"https:\/\/www.meydan.tv\/az\/#organization"},"potentialAction":[{"@type":"SearchAction","target":{"@type":"EntryPoint","urlTemplate":"https:\/\/www.meydan.tv\/az\/?s={search_term_string}"},"query-input":{"@type":"PropertyValueSpecification","valueRequired":true,"valueName":"search_term_string"}}],"inLanguage":"az"},{"@type":"Organization","@id":"https:\/\/www.meydan.tv\/az\/#organization","name":"Meydan TV","url":"https:\/\/www.meydan.tv\/az\/","logo":{"@type":"ImageObject","inLanguage":"az","@id":"https:\/\/www.meydan.tv\/az\/#\/schema\/logo\/image\/","url":"https:\/\/www.meydan.tv\/wp-content\/uploads\/2021\/07\/meydan-logo.svg","contentUrl":"https:\/\/www.meydan.tv\/wp-content\/uploads\/2021\/07\/meydan-logo.svg","width":195,"height":46,"caption":"Meydan TV"},"image":{"@id":"https:\/\/www.meydan.tv\/az\/#\/schema\/logo\/image\/"}},{"@type":"Person","@id":"https:\/\/www.meydan.tv\/az\/#\/schema\/person\/10d11eccf6da3662cf5fdab9806ea91a","name":"user-manager"}]}},"_links":{"self":[{"href":"https:\/\/www.meydan.tv\/az\/wp-json\/wp\/v2\/posts\/203350","targetHints":{"allow":["GET"]}}],"collection":[{"href":"https:\/\/www.meydan.tv\/az\/wp-json\/wp\/v2\/posts"}],"about":[{"href":"https:\/\/www.meydan.tv\/az\/wp-json\/wp\/v2\/types\/post"}],"author":[{"embeddable":true,"href":"https:\/\/www.meydan.tv\/az\/wp-json\/wp\/v2\/users\/11"}],"replies":[{"embeddable":true,"href":"https:\/\/www.meydan.tv\/az\/wp-json\/wp\/v2\/comments?post=203350"}],"version-history":[{"count":0,"href":"https:\/\/www.meydan.tv\/az\/wp-json\/wp\/v2\/posts\/203350\/revisions"}],"wp:featuredmedia":[{"embeddable":true,"href":"https:\/\/www.meydan.tv\/az\/wp-json\/wp\/v2\/media\/150813"}],"wp:attachment":[{"href":"https:\/\/www.meydan.tv\/az\/wp-json\/wp\/v2\/media?parent=203350"}],"wp:term":[{"taxonomy":"category","embeddable":true,"href":"https:\/\/www.meydan.tv\/az\/wp-json\/wp\/v2\/categories?post=203350"},{"taxonomy":"post_tag","embeddable":true,"href":"https:\/\/www.meydan.tv\/az\/wp-json\/wp\/v2\/tags?post=203350"}],"curies":[{"name":"wp","href":"https:\/\/api.w.org\/{rel}","templated":true}]}}