{"id":203342,"date":"2020-10-31T18:35:43","date_gmt":"2020-10-31T18:35:43","guid":{"rendered":"https:\/\/www.meydan.tv\/article\/fermer-ekin-sahesine-gede-bilmirik-mermi-heyvanlarimizi-oldurub\/"},"modified":"2020-10-31T18:35:43","modified_gmt":"2020-10-31T18:35:43","slug":"fermer-ekin-sahesine-gede-bilmirik-mermi-heyvanlarimizi-oldurub","status":"publish","type":"post","link":"https:\/\/www.meydan.tv\/az\/article\/fermer-ekin-sahesine-gede-bilmirik-mermi-heyvanlarimizi-oldurub\/","title":{"rendered":"Fermer: \u018fkin sah\u0259sin\u0259 ged\u0259 bilmirik, m\u0259rmi heyvanlar\u0131m\u0131z\u0131 \u00f6ld\u00fcr\u00fcb"},"content":{"rendered":"<p>\n  <i><br \/>\n    \u201cT\u0259kc\u0259 pamb\u0131q\u00e7\u0131l\u0131q deyil, b\u00fct\u00fcn sah\u0259l\u0259rd\u0259 z\u0259r\u0259r var\u201d<br \/>\n  <\/i>\n<\/p>\n<p>\n  Erm\u0259nistan silahl\u0131 q\u00fcvv\u0259l\u0259ri bir ne\u00e7\u0259 g\u00fcnd\u00fcr A\u011fc\u0259b\u0259di rayonunun ya\u015fay\u0131\u015f m\u0259nt\u0259q\u0259l\u0259ri il\u0259 yana\u015f\u0131 t\u0259s\u0259rr\u00fcfat sah\u0259l\u0259rini d\u0259 davaml\u0131 at\u0259\u015f\u0259 tutur. A\u011fcab\u0259dili fermerl\u0259r deyirl\u0259r ki, son 15 g\u00fcnd\u00fcr \u0259kin sah\u0259l\u0259rin\u0259 ged\u0259 bilmirl\u0259r. Bir ne\u00e7\u0259 fermerin is\u0259 mal-qaras\u0131 t\u0259l\u0259f olub.\n<\/p>\n<p>\n  Fermer Anar M\u0259mm\u0259dov deyib ki, 30 hektar sah\u0259d\u0259 pamb\u0131q \u0259kibl\u0259r. H\u0259r hektara t\u0259xmin\u0259n 1200-1300 manat x\u0259rc \u00e7\u0259kib. Bu il pamb\u0131qdan yax\u015f\u0131 qazanc g\u00f6t\u00fcr\u0259c\u0259yini \u00fcmid edib, amma m\u0259rmil\u0259r birba\u015fa \u0259kin sah\u0259sin\u0259 d\u00fc\u015fd\u00fcy\u00fcnd\u0259n ziyan \u00e7\u0259kib.\n<\/p>\n<p>\n  \u201cM\u0259n d\u0259 dig\u0259r fermerl\u0259r kimi xarici sortlara \u00fcst\u00fcnl\u00fck verir\u0259m, \u00e7\u00fcnki xarici sortlar\u0131n m\u0259hsuldarl\u0131\u011f\u0131 y\u00fcks\u0259k olur. Bu il hava \u015f\u0259raiti d\u0259 pamb\u0131q \u00fc\u00e7\u00fcn \u0259lveri\u015fli olub. Di g\u0259l ki, \u0259kin sah\u0259l\u0259ri d\u0259 davaml\u0131 at\u0259\u015f alt\u0131ndad\u0131r. Fermerl\u0259rin \u0259ks\u0259riyy\u0259ti kredit g\u00f6t\u00fcr\u0259r\u0259k \u0259kin-bi\u00e7inl\u0259 m\u0259\u015f\u011ful olur. T\u0259kc\u0259 pamb\u0131q\u00e7\u0131l\u0131q deyil, b\u00fct\u00fcn sah\u0259l\u0259rd\u0259 z\u0259r\u0259r var\u201d,- fermer deyib. \u018flav\u0259 edib ki, \u00fcst\u0259lik anas\u0131gilin ya\u015fad\u0131\u011f\u0131 ev da\u011f\u0131l\u0131b v\u0259 haz\u0131rda valideynl\u0259ri v\u0259 bac\u0131lar\u0131n\u0131n dolan\u0131\u015f\u0131\u011f\u0131 da onun \u00fcst\u00fcnd\u0259dir. \u201c\u00c7oxunun evi da\u011f\u0131l\u0131b, indi z\u0259r\u0259rin m\u0259bl\u0259\u011find\u0259n dan\u0131\u015fmaq tezdir. \u00dcmid edirik ki, tezlikl\u0259 m\u00fcharib\u0259 ba\u015fa \u00e7atacaq. Bundan sonra z\u0259r\u0259r d\u0259 hesablanacaq\u201d.\n<\/p>\n<p>\n  Dig\u0259r fermer is\u0259 deyib ki, onlara m\u0259rmil\u0259rin d\u00fc\u015fd\u00fcy\u00fc sah\u0259l\u0259r\u0259 getm\u0259m\u0259yi tap\u015f\u0131r\u0131blar. Sah\u0259l\u0259r \u0259vv\u0259lc\u0259 m\u00fct\u0259x\u0259ssisl\u0259r t\u0259r\u0259find\u0259n t\u0259mizl\u0259nm\u0259lidir: \u201cTap\u015f\u0131r\u0131blar ki, \u018frazil\u0259rin Minadan T\u0259mizl\u0259nm\u0259si \u00fczr\u0259 Milli Agentliy\u0259 m\u0259lumat ver\u0259k\u201d.\n<\/p>\n<p>\n  A\u011fcab\u0259di rayon m\u0259rk\u0259zi v\u0259 rayonun Qaradolaq, A\u011fg\u00f6l, Av\u015far, Hac\u0131lar, Boyat k\u0259ndl\u0259rin\u0259 m\u0259rmil\u0259r d\u00fc\u015f\u00fcb.\n<\/p>\n<p>\n  Fermerl\u0259rd\u0259n biri is\u0259 bildirib ki, onun 12 ba\u015f mal-qaras\u0131 t\u0259l\u0259f olub:\n<\/p>\n<p>\n  \u201cM\u0259rmi d\u00fcz h\u0259y\u0259tim\u0259 d\u00fc\u015fd\u00fc. Heyvanlar t\u0259l\u0259f oldular. Do\u011frudur, \u00f6l\u0259n olmad\u0131\u011f\u0131na g\u00f6r\u0259 sevindik, amma mal-qara m\u0259nim yegan\u0259 qazanc yerimdir\u201d.\n<\/p>\n<p>\n  Fermerl\u0259r \u0259lav\u0259 edibl\u0259r ki, h\u0259l\u0259lik onlara d\u0259ymi\u015f z\u0259r\u0259ri hesablamay\u0131blar, amma yerli k\u0259nd t\u0259s\u0259rr\u00fcfat\u0131 idar\u0259sin\u0259 m\u0259lumat verilib.\n<\/p>\n<p>\n  K\u0259nd T\u0259s\u0259rr\u00fcfat\u0131 Nazirliyinin m\u0259lumat\u0131nda is\u0259 deyilir ki, Erm\u0259nistan silahl\u0131 q\u00fcvv\u0259l\u0259ri t\u0259r\u0259find\u0259n \u0259kin sah\u0259l\u0259rinin at\u0259\u015f\u0259 tutulmas\u0131 n\u0259tic\u0259sind\u0259 100 mind\u0259n \u00e7ox fermer z\u0259r\u0259r \u00e7\u0259kib. \u00c7ox sayda heyvan t\u0259l\u0259f olub, fermerl\u0259rin yem ehtiyat\u0131 yand\u0131r\u0131l\u0131b. 10 minl\u0259rl\u0259 hektar sah\u0259d\u0259 bi\u00e7in m\u0259hdudla\u015fd\u0131r\u0131l\u0131b, suvarma sisteml\u0259ri da\u011f\u0131d\u0131l\u0131b. Nazirlik z\u0259r\u0259r\u00e7\u0259kmi\u015f fermerl\u0259rin siyah\u0131s\u0131n\u0131 haz\u0131rlay\u0131r.\n<\/p>\n<p>\n  Lakin nazirliyin a\u00e7\u0131qlamas\u0131nda m\u00fcharib\u0259d\u0259n z\u0259r\u0259r\u00e7\u0259kmi\u015f fermerl\u0259r\u0259 d\u0259ymi\u015f ziyan\u0131n \u00f6d\u0259nilib-\u00f6d\u0259nilm\u0259y\u0259c\u0259yi il\u0259 ba\u011fl\u0131 m\u0259s\u0259l\u0259 \u0259ksini tapmay\u0131b. M\u0259rmil\u0259n d\u00fc\u015fd\u00fcy\u00fc \u0259kin sah\u0259l\u0259ri \u00e7irkl\u0259nmi\u015f hesab edilir.<\/p>\n","protected":false},"excerpt":{"rendered":"<p>Dig\u0259r fermer is\u0259 deyib ki, onlara m\u0259rmil\u0259rin d\u00fc\u015fd\u00fcy\u00fc sah\u0259l\u0259r\u0259 getm\u0259m\u0259yi tap\u015f\u0131r\u0131blar.<\/p>\n","protected":false},"author":11,"featured_media":150783,"comment_status":"closed","ping_status":"open","sticky":false,"template":"","format":"standard","meta":{"_acf_changed":false,"_sitemap_exclude":false,"_sitemap_priority":"","_sitemap_frequency":"","footnotes":""},"categories":[60],"tags":[],"class_list":["post-203342","post","type-post","status-publish","format-standard","has-post-thumbnail","hentry","category-bolge","infinite-scroll-item","generate-columns","tablet-grid-50","mobile-grid-100","grid-parent","grid-33","no-featured-image-padding"],"acf":[],"yoast_head":"<!-- This site is optimized with the Yoast SEO plugin v27.5 - https:\/\/yoast.com\/product\/yoast-seo-wordpress\/ -->\n<title>Fermer: \u018fkin sah\u0259sin\u0259 ged\u0259 bilmirik, m\u0259rmi heyvanlar\u0131m\u0131z\u0131 \u00f6ld\u00fcr\u00fcb - MEYDAN.TV<\/title>\n<meta name=\"robots\" content=\"index, follow, max-snippet:-1, max-image-preview:large, max-video-preview:-1\" \/>\n<link rel=\"canonical\" href=\"https:\/\/www.meydan.tv\/az\/article\/fermer-ekin-sahesine-gede-bilmirik-mermi-heyvanlarimizi-oldurub\/\" \/>\n<meta property=\"og:locale\" content=\"az_AZ\" \/>\n<meta property=\"og:type\" content=\"article\" \/>\n<meta property=\"og:title\" content=\"Fermer: \u018fkin sah\u0259sin\u0259 ged\u0259 bilmirik, m\u0259rmi heyvanlar\u0131m\u0131z\u0131 \u00f6ld\u00fcr\u00fcb - MEYDAN.TV\" \/>\n<meta property=\"og:description\" content=\"Dig\u0259r fermer is\u0259 deyib ki, onlara m\u0259rmil\u0259rin d\u00fc\u015fd\u00fcy\u00fc sah\u0259l\u0259r\u0259 getm\u0259m\u0259yi tap\u015f\u0131r\u0131blar.\" \/>\n<meta property=\"og:url\" content=\"https:\/\/www.meydan.tv\/az\/article\/fermer-ekin-sahesine-gede-bilmirik-mermi-heyvanlarimizi-oldurub\/\" \/>\n<meta property=\"og:site_name\" content=\"MEYDAN.TV\" \/>\n<meta property=\"article:published_time\" content=\"2020-10-31T18:35:43+00:00\" \/>\n<meta property=\"og:image\" content=\"https:\/\/www.meydan.tv\/wp-content\/uploads\/15414166064827549109_1000x669.jpg\" \/>\n\t<meta property=\"og:image:width\" content=\"1000\" \/>\n\t<meta property=\"og:image:height\" content=\"569\" \/>\n\t<meta property=\"og:image:type\" content=\"image\/jpeg\" \/>\n<meta name=\"author\" content=\"user-manager\" \/>\n<meta name=\"twitter:card\" content=\"summary_large_image\" \/>\n<script type=\"application\/ld+json\" class=\"yoast-schema-graph\">{\"@context\":\"https:\\\/\\\/schema.org\",\"@graph\":[{\"@type\":\"Article\",\"@id\":\"https:\\\/\\\/www.meydan.tv\\\/az\\\/article\\\/fermer-ekin-sahesine-gede-bilmirik-mermi-heyvanlarimizi-oldurub\\\/#article\",\"isPartOf\":{\"@id\":\"https:\\\/\\\/www.meydan.tv\\\/az\\\/article\\\/fermer-ekin-sahesine-gede-bilmirik-mermi-heyvanlarimizi-oldurub\\\/\"},\"author\":{\"name\":\"user-manager\",\"@id\":\"https:\\\/\\\/www.meydan.tv\\\/az\\\/#\\\/schema\\\/person\\\/10d11eccf6da3662cf5fdab9806ea91a\"},\"headline\":\"Fermer: \u018fkin sah\u0259sin\u0259 ged\u0259 bilmirik, m\u0259rmi heyvanlar\u0131m\u0131z\u0131 \u00f6ld\u00fcr\u00fcb\",\"datePublished\":\"2020-10-31T18:35:43+00:00\",\"mainEntityOfPage\":{\"@id\":\"https:\\\/\\\/www.meydan.tv\\\/az\\\/article\\\/fermer-ekin-sahesine-gede-bilmirik-mermi-heyvanlarimizi-oldurub\\\/\"},\"wordCount\":593,\"publisher\":{\"@id\":\"https:\\\/\\\/www.meydan.tv\\\/az\\\/#organization\"},\"image\":{\"@id\":\"https:\\\/\\\/www.meydan.tv\\\/az\\\/article\\\/fermer-ekin-sahesine-gede-bilmirik-mermi-heyvanlarimizi-oldurub\\\/#primaryimage\"},\"thumbnailUrl\":\"https:\\\/\\\/www.meydan.tv\\\/wp-content\\\/uploads\\\/15414166064827549109_1000x669.jpg\",\"articleSection\":[\"B\u00f6lg\u0259\"],\"inLanguage\":\"az\"},{\"@type\":\"WebPage\",\"@id\":\"https:\\\/\\\/www.meydan.tv\\\/az\\\/article\\\/fermer-ekin-sahesine-gede-bilmirik-mermi-heyvanlarimizi-oldurub\\\/\",\"url\":\"https:\\\/\\\/www.meydan.tv\\\/az\\\/article\\\/fermer-ekin-sahesine-gede-bilmirik-mermi-heyvanlarimizi-oldurub\\\/\",\"name\":\"Fermer: \u018fkin sah\u0259sin\u0259 ged\u0259 bilmirik, m\u0259rmi heyvanlar\u0131m\u0131z\u0131 \u00f6ld\u00fcr\u00fcb - MEYDAN.TV\",\"isPartOf\":{\"@id\":\"https:\\\/\\\/www.meydan.tv\\\/az\\\/#website\"},\"primaryImageOfPage\":{\"@id\":\"https:\\\/\\\/www.meydan.tv\\\/az\\\/article\\\/fermer-ekin-sahesine-gede-bilmirik-mermi-heyvanlarimizi-oldurub\\\/#primaryimage\"},\"image\":{\"@id\":\"https:\\\/\\\/www.meydan.tv\\\/az\\\/article\\\/fermer-ekin-sahesine-gede-bilmirik-mermi-heyvanlarimizi-oldurub\\\/#primaryimage\"},\"thumbnailUrl\":\"https:\\\/\\\/www.meydan.tv\\\/wp-content\\\/uploads\\\/15414166064827549109_1000x669.jpg\",\"datePublished\":\"2020-10-31T18:35:43+00:00\",\"breadcrumb\":{\"@id\":\"https:\\\/\\\/www.meydan.tv\\\/az\\\/article\\\/fermer-ekin-sahesine-gede-bilmirik-mermi-heyvanlarimizi-oldurub\\\/#breadcrumb\"},\"inLanguage\":\"az\",\"potentialAction\":[{\"@type\":\"ReadAction\",\"target\":[\"https:\\\/\\\/www.meydan.tv\\\/az\\\/article\\\/fermer-ekin-sahesine-gede-bilmirik-mermi-heyvanlarimizi-oldurub\\\/\"]}]},{\"@type\":\"ImageObject\",\"inLanguage\":\"az\",\"@id\":\"https:\\\/\\\/www.meydan.tv\\\/az\\\/article\\\/fermer-ekin-sahesine-gede-bilmirik-mermi-heyvanlarimizi-oldurub\\\/#primaryimage\",\"url\":\"https:\\\/\\\/www.meydan.tv\\\/wp-content\\\/uploads\\\/15414166064827549109_1000x669.jpg\",\"contentUrl\":\"https:\\\/\\\/www.meydan.tv\\\/wp-content\\\/uploads\\\/15414166064827549109_1000x669.jpg\",\"width\":1000,\"height\":569,\"caption\":\"Source: Specify Source\"},{\"@type\":\"BreadcrumbList\",\"@id\":\"https:\\\/\\\/www.meydan.tv\\\/az\\\/article\\\/fermer-ekin-sahesine-gede-bilmirik-mermi-heyvanlarimizi-oldurub\\\/#breadcrumb\",\"itemListElement\":[{\"@type\":\"ListItem\",\"position\":1,\"name\":\"Ana s\u0259hif\u0259\",\"item\":\"https:\\\/\\\/www.meydan.tv\\\/az\\\/\"},{\"@type\":\"ListItem\",\"position\":2,\"name\":\"B\u00f6lg\u0259\",\"item\":\"https:\\\/\\\/www.meydan.tv\\\/az\\\/section\\\/bolge\\\/\"},{\"@type\":\"ListItem\",\"position\":3,\"name\":\"Fermer: \u018fkin sah\u0259sin\u0259 ged\u0259 bilmirik, m\u0259rmi heyvanlar\u0131m\u0131z\u0131 \u00f6ld\u00fcr\u00fcb\"}]},{\"@type\":\"WebSite\",\"@id\":\"https:\\\/\\\/www.meydan.tv\\\/az\\\/#website\",\"url\":\"https:\\\/\\\/www.meydan.tv\\\/az\\\/\",\"name\":\"MEYDAN.TV\",\"description\":\"Meydan TV Az\u0259rbaycan\u0131n media m\u0259kan\u0131ndak\u0131 alternativ s\u0259sidir\",\"publisher\":{\"@id\":\"https:\\\/\\\/www.meydan.tv\\\/az\\\/#organization\"},\"potentialAction\":[{\"@type\":\"SearchAction\",\"target\":{\"@type\":\"EntryPoint\",\"urlTemplate\":\"https:\\\/\\\/www.meydan.tv\\\/az\\\/?s={search_term_string}\"},\"query-input\":{\"@type\":\"PropertyValueSpecification\",\"valueRequired\":true,\"valueName\":\"search_term_string\"}}],\"inLanguage\":\"az\"},{\"@type\":\"Organization\",\"@id\":\"https:\\\/\\\/www.meydan.tv\\\/az\\\/#organization\",\"name\":\"Meydan TV\",\"url\":\"https:\\\/\\\/www.meydan.tv\\\/az\\\/\",\"logo\":{\"@type\":\"ImageObject\",\"inLanguage\":\"az\",\"@id\":\"https:\\\/\\\/www.meydan.tv\\\/az\\\/#\\\/schema\\\/logo\\\/image\\\/\",\"url\":\"https:\\\/\\\/www.meydan.tv\\\/wp-content\\\/uploads\\\/2021\\\/07\\\/meydan-logo.svg\",\"contentUrl\":\"https:\\\/\\\/www.meydan.tv\\\/wp-content\\\/uploads\\\/2021\\\/07\\\/meydan-logo.svg\",\"width\":195,\"height\":46,\"caption\":\"Meydan TV\"},\"image\":{\"@id\":\"https:\\\/\\\/www.meydan.tv\\\/az\\\/#\\\/schema\\\/logo\\\/image\\\/\"}},{\"@type\":\"Person\",\"@id\":\"https:\\\/\\\/www.meydan.tv\\\/az\\\/#\\\/schema\\\/person\\\/10d11eccf6da3662cf5fdab9806ea91a\",\"name\":\"user-manager\"}]}<\/script>\n<!-- \/ Yoast SEO plugin. -->","yoast_head_json":{"title":"Fermer: \u018fkin sah\u0259sin\u0259 ged\u0259 bilmirik, m\u0259rmi heyvanlar\u0131m\u0131z\u0131 \u00f6ld\u00fcr\u00fcb - MEYDAN.TV","robots":{"index":"index","follow":"follow","max-snippet":"max-snippet:-1","max-image-preview":"max-image-preview:large","max-video-preview":"max-video-preview:-1"},"canonical":"https:\/\/www.meydan.tv\/az\/article\/fermer-ekin-sahesine-gede-bilmirik-mermi-heyvanlarimizi-oldurub\/","og_locale":"az_AZ","og_type":"article","og_title":"Fermer: \u018fkin sah\u0259sin\u0259 ged\u0259 bilmirik, m\u0259rmi heyvanlar\u0131m\u0131z\u0131 \u00f6ld\u00fcr\u00fcb - MEYDAN.TV","og_description":"Dig\u0259r fermer is\u0259 deyib ki, onlara m\u0259rmil\u0259rin d\u00fc\u015fd\u00fcy\u00fc sah\u0259l\u0259r\u0259 getm\u0259m\u0259yi tap\u015f\u0131r\u0131blar.","og_url":"https:\/\/www.meydan.tv\/az\/article\/fermer-ekin-sahesine-gede-bilmirik-mermi-heyvanlarimizi-oldurub\/","og_site_name":"MEYDAN.TV","article_published_time":"2020-10-31T18:35:43+00:00","og_image":[{"width":1000,"height":569,"url":"https:\/\/www.meydan.tv\/wp-content\/uploads\/15414166064827549109_1000x669.jpg","type":"image\/jpeg"}],"author":"user-manager","twitter_card":"summary_large_image","schema":{"@context":"https:\/\/schema.org","@graph":[{"@type":"Article","@id":"https:\/\/www.meydan.tv\/az\/article\/fermer-ekin-sahesine-gede-bilmirik-mermi-heyvanlarimizi-oldurub\/#article","isPartOf":{"@id":"https:\/\/www.meydan.tv\/az\/article\/fermer-ekin-sahesine-gede-bilmirik-mermi-heyvanlarimizi-oldurub\/"},"author":{"name":"user-manager","@id":"https:\/\/www.meydan.tv\/az\/#\/schema\/person\/10d11eccf6da3662cf5fdab9806ea91a"},"headline":"Fermer: \u018fkin sah\u0259sin\u0259 ged\u0259 bilmirik, m\u0259rmi heyvanlar\u0131m\u0131z\u0131 \u00f6ld\u00fcr\u00fcb","datePublished":"2020-10-31T18:35:43+00:00","mainEntityOfPage":{"@id":"https:\/\/www.meydan.tv\/az\/article\/fermer-ekin-sahesine-gede-bilmirik-mermi-heyvanlarimizi-oldurub\/"},"wordCount":593,"publisher":{"@id":"https:\/\/www.meydan.tv\/az\/#organization"},"image":{"@id":"https:\/\/www.meydan.tv\/az\/article\/fermer-ekin-sahesine-gede-bilmirik-mermi-heyvanlarimizi-oldurub\/#primaryimage"},"thumbnailUrl":"https:\/\/www.meydan.tv\/wp-content\/uploads\/15414166064827549109_1000x669.jpg","articleSection":["B\u00f6lg\u0259"],"inLanguage":"az"},{"@type":"WebPage","@id":"https:\/\/www.meydan.tv\/az\/article\/fermer-ekin-sahesine-gede-bilmirik-mermi-heyvanlarimizi-oldurub\/","url":"https:\/\/www.meydan.tv\/az\/article\/fermer-ekin-sahesine-gede-bilmirik-mermi-heyvanlarimizi-oldurub\/","name":"Fermer: \u018fkin sah\u0259sin\u0259 ged\u0259 bilmirik, m\u0259rmi heyvanlar\u0131m\u0131z\u0131 \u00f6ld\u00fcr\u00fcb - MEYDAN.TV","isPartOf":{"@id":"https:\/\/www.meydan.tv\/az\/#website"},"primaryImageOfPage":{"@id":"https:\/\/www.meydan.tv\/az\/article\/fermer-ekin-sahesine-gede-bilmirik-mermi-heyvanlarimizi-oldurub\/#primaryimage"},"image":{"@id":"https:\/\/www.meydan.tv\/az\/article\/fermer-ekin-sahesine-gede-bilmirik-mermi-heyvanlarimizi-oldurub\/#primaryimage"},"thumbnailUrl":"https:\/\/www.meydan.tv\/wp-content\/uploads\/15414166064827549109_1000x669.jpg","datePublished":"2020-10-31T18:35:43+00:00","breadcrumb":{"@id":"https:\/\/www.meydan.tv\/az\/article\/fermer-ekin-sahesine-gede-bilmirik-mermi-heyvanlarimizi-oldurub\/#breadcrumb"},"inLanguage":"az","potentialAction":[{"@type":"ReadAction","target":["https:\/\/www.meydan.tv\/az\/article\/fermer-ekin-sahesine-gede-bilmirik-mermi-heyvanlarimizi-oldurub\/"]}]},{"@type":"ImageObject","inLanguage":"az","@id":"https:\/\/www.meydan.tv\/az\/article\/fermer-ekin-sahesine-gede-bilmirik-mermi-heyvanlarimizi-oldurub\/#primaryimage","url":"https:\/\/www.meydan.tv\/wp-content\/uploads\/15414166064827549109_1000x669.jpg","contentUrl":"https:\/\/www.meydan.tv\/wp-content\/uploads\/15414166064827549109_1000x669.jpg","width":1000,"height":569,"caption":"Source: Specify Source"},{"@type":"BreadcrumbList","@id":"https:\/\/www.meydan.tv\/az\/article\/fermer-ekin-sahesine-gede-bilmirik-mermi-heyvanlarimizi-oldurub\/#breadcrumb","itemListElement":[{"@type":"ListItem","position":1,"name":"Ana s\u0259hif\u0259","item":"https:\/\/www.meydan.tv\/az\/"},{"@type":"ListItem","position":2,"name":"B\u00f6lg\u0259","item":"https:\/\/www.meydan.tv\/az\/section\/bolge\/"},{"@type":"ListItem","position":3,"name":"Fermer: \u018fkin sah\u0259sin\u0259 ged\u0259 bilmirik, m\u0259rmi heyvanlar\u0131m\u0131z\u0131 \u00f6ld\u00fcr\u00fcb"}]},{"@type":"WebSite","@id":"https:\/\/www.meydan.tv\/az\/#website","url":"https:\/\/www.meydan.tv\/az\/","name":"MEYDAN.TV","description":"Meydan TV Az\u0259rbaycan\u0131n media m\u0259kan\u0131ndak\u0131 alternativ s\u0259sidir","publisher":{"@id":"https:\/\/www.meydan.tv\/az\/#organization"},"potentialAction":[{"@type":"SearchAction","target":{"@type":"EntryPoint","urlTemplate":"https:\/\/www.meydan.tv\/az\/?s={search_term_string}"},"query-input":{"@type":"PropertyValueSpecification","valueRequired":true,"valueName":"search_term_string"}}],"inLanguage":"az"},{"@type":"Organization","@id":"https:\/\/www.meydan.tv\/az\/#organization","name":"Meydan TV","url":"https:\/\/www.meydan.tv\/az\/","logo":{"@type":"ImageObject","inLanguage":"az","@id":"https:\/\/www.meydan.tv\/az\/#\/schema\/logo\/image\/","url":"https:\/\/www.meydan.tv\/wp-content\/uploads\/2021\/07\/meydan-logo.svg","contentUrl":"https:\/\/www.meydan.tv\/wp-content\/uploads\/2021\/07\/meydan-logo.svg","width":195,"height":46,"caption":"Meydan TV"},"image":{"@id":"https:\/\/www.meydan.tv\/az\/#\/schema\/logo\/image\/"}},{"@type":"Person","@id":"https:\/\/www.meydan.tv\/az\/#\/schema\/person\/10d11eccf6da3662cf5fdab9806ea91a","name":"user-manager"}]}},"_links":{"self":[{"href":"https:\/\/www.meydan.tv\/az\/wp-json\/wp\/v2\/posts\/203342","targetHints":{"allow":["GET"]}}],"collection":[{"href":"https:\/\/www.meydan.tv\/az\/wp-json\/wp\/v2\/posts"}],"about":[{"href":"https:\/\/www.meydan.tv\/az\/wp-json\/wp\/v2\/types\/post"}],"author":[{"embeddable":true,"href":"https:\/\/www.meydan.tv\/az\/wp-json\/wp\/v2\/users\/11"}],"replies":[{"embeddable":true,"href":"https:\/\/www.meydan.tv\/az\/wp-json\/wp\/v2\/comments?post=203342"}],"version-history":[{"count":0,"href":"https:\/\/www.meydan.tv\/az\/wp-json\/wp\/v2\/posts\/203342\/revisions"}],"wp:featuredmedia":[{"embeddable":true,"href":"https:\/\/www.meydan.tv\/az\/wp-json\/wp\/v2\/media\/150783"}],"wp:attachment":[{"href":"https:\/\/www.meydan.tv\/az\/wp-json\/wp\/v2\/media?parent=203342"}],"wp:term":[{"taxonomy":"category","embeddable":true,"href":"https:\/\/www.meydan.tv\/az\/wp-json\/wp\/v2\/categories?post=203342"},{"taxonomy":"post_tag","embeddable":true,"href":"https:\/\/www.meydan.tv\/az\/wp-json\/wp\/v2\/tags?post=203342"}],"curies":[{"name":"wp","href":"https:\/\/api.w.org\/{rel}","templated":true}]}}