{"id":203340,"date":"2020-10-31T18:16:24","date_gmt":"2020-10-31T18:16:24","guid":{"rendered":"https:\/\/www.meydan.tv\/article\/xesaret-almis-doyuscu-yarali-doyus-yoldaslarima-komek-eleye-bilmemeyim-haqda-dusunende-cox-sarsiliram\/"},"modified":"2020-10-31T18:16:24","modified_gmt":"2020-10-31T18:16:24","slug":"xesaret-almis-doyuscu-yarali-doyus-yoldaslarima-komek-eleye-bilmemeyim-haqda-dusunende-cox-sarsiliram","status":"publish","type":"post","link":"https:\/\/www.meydan.tv\/az\/article\/xesaret-almis-doyuscu-yarali-doyus-yoldaslarima-komek-eleye-bilmemeyim-haqda-dusunende-cox-sarsiliram\/","title":{"rendered":"X\u0259sar\u0259t alm\u0131\u015f d\u00f6y\u00fc\u015f\u00e7\u00fc: Yaral\u0131 d\u00f6y\u00fc\u015f yolda\u015flar\u0131ma k\u00f6m\u0259k el\u0259y\u0259 bilm\u0259m\u0259yim haqda d\u00fc\u015f\u00fcn\u0259nd\u0259 \u00e7ox sars\u0131l\u0131ram"},"content":{"rendered":"<p>\n  <i><br \/>\n    \u201cM\u0259rmi s\u0259si g\u0259ldi, bir d\u0259 baxd\u0131m ki, qolum yoxdu, m\u00f6hk\u0259m qan ax\u0131r\u201d<br \/>\n  <\/i>\n<\/p>\n<p>\n  A\u011fda\u015f\u0131n K\u00fck\u0259l k\u0259ndinin sakini V\u00fcsal Mehdiyev A\u011fd\u0259r\u0259 d\u00f6y\u00fc\u015fl\u0259rind\u0259 ehtiyatda olan h\u0259rbi qulluq\u00e7u kimi i\u015ftirak edib. 20 ya\u015fl\u0131 d\u00f6y\u00fc\u015f\u00e7\u00fc artilleriya z\u0259rb\u0259sind\u0259n sonra sa\u011f qolunu itirib.\n<\/p>\n<p>\n  <b><br \/>\n    \u201cQolu yerind\u0259 olsa, indi d\u0259 d\u00f6y\u00fc\u015fm\u0259y\u0259 haz\u0131rd\u0131r\u201d<br \/>\n  <\/b>\n<\/p>\n<p>\n  V\u00fcsal Mehdiyev sentyabr\u0131n 21-d\u0259 h\u0259rbi t\u0259liml\u0259r\u0259 \u00e7a\u011f\u0131r\u0131l\u0131b. D\u00f6y\u00fc\u015f\u00e7\u00fcn\u00fcn anas\u0131 K\u00f6n\u00fcl Mehdiyeva deyir ki, o\u011flu h\u0259rbi komissarl\u0131\u011fa b\u00f6y\u00fck h\u0259v\u0259sl\u0259 gedib.\n<\/p>\n<p>\n  \u201cT\u0259lim\u0259 apar\u0131lmaq m\u0259s\u0259l\u0259sini e\u015fid\u0259nd\u0259 m\u0259n\u0259 dedi ki, s\u0259n narahat olma, \u00f6z\u00fcm ged\u0259c\u0259m. Bir d\u0259qiq\u0259 d\u0259 t\u0259r\u0259dd\u00fcd el\u0259m\u0259di. Qolu yerind\u0259 olsa, indi d\u0259 vuru\u015fma\u011fa haz\u0131rd\u0131r\u201d.\n<\/p>\n<p>\n  V\u00fcsal h\u0259rbi xidm\u0259td\u0259n 2019-cu ilin oktyabr\u0131nda g\u0259ldiyini bildirir. \u018fsg\u0259rlik m\u00fcdd\u0259tini d\u0259 t\u0259mas x\u0259ttin\u0259 yax\u0131n ke\u00e7iribmi\u015f. Sentyabrda 5 g\u00fcnl\u00fck t\u0259limd\u0259 i\u015ftirak edib. Sonra d\u00f6y\u00fc\u015fl\u0259r\u0259 qo\u015fulmaq laz\u0131m g\u0259lib:\n<\/p>\n<p>\n  \u201c\u018fvv\u0259l apar\u0131ld\u0131\u011f\u0131m\u0131z yerin ad\u0131n\u0131 unutmu\u015fam. Sonra ir\u0259lil\u0259dik. \u018fsas\u0259n da\u011fl\u0131q \u0259razil\u0259r idi. H\u0259tta bir g\u00fcn me\u015f\u0259d\u0259 yatd\u0131q\u201d.\n<\/p>\n<p>\n  V\u00fcsal oktyabr\u0131n 1-d\u0259 x\u0259sar\u0259t al\u0131b. Dediyin\u0259 g\u00f6r\u0259, daha \u0259vv\u0259l yaralana bil\u0259rmi\u015f. Amma erm\u0259nil\u0259rin atd\u0131\u011f\u0131 bir ne\u00e7\u0259 m\u0259rmi onun yax\u0131nl\u0131\u011f\u0131na d\u00fc\u015fs\u0259 d\u0259, partlamay\u0131b.\n<\/p>\n<p>\n  <b><br \/>\n    \u201cYaral\u0131 d\u00f6y\u00fc\u015f yolda\u015flar\u0131ma k\u00f6m\u0259k el\u0259y\u0259 bilm\u0259m\u0259yim haqda d\u00fc\u015f\u00fcn\u0259nd\u0259 \u00e7ox sars\u0131l\u0131ram\u201d<br \/>\n  <\/b>\n<\/p>\n<p>\n  D\u00f6y\u00fc\u015f\u00e7\u00fc qolunu itirdiyi an\u0131 yax\u015f\u0131 xat\u0131rlay\u0131r. H\u0259r \u015fey g\u00f6zl\u0259nilm\u0259d\u0259n ba\u015f verib.\n<\/p>\n<p>\n  \u201cAvtomat\u0131 sa\u011f qoluma ke\u00e7irmi\u015fdim. M\u0259rmi s\u0259si g\u0259ldi, bir d\u0259 baxd\u0131m ki, qolum yoxdu, m\u00f6hk\u0259m qan ax\u0131r. \u00d6z\u00fcm\u00fc itirm\u0259dim. Kollu\u011fa t\u0259r\u0259f qa\u00e7\u0131b yer\u0259 uzand\u0131m. \u0130ki \u0259sg\u0259r k\u00f6m\u0259y\u0259 g\u0259ldi. M\u0259ni g\u00f6t\u00fcr\u00fcb sanitar ma\u015f\u0131n\u0131na t\u0259r\u0259f qa\u00e7d\u0131lar. Bir d\u0259 oyand\u0131m ki, G\u0259nc\u0259d\u0259 x\u0259st\u0259xanadayam\u201d.\n<\/p>\n<p>\n  V\u00fcsal d\u00f6y\u00fc\u015f yolda\u015flar\u0131n\u0131 he\u00e7 unutmur. Q\u0131sa zamanda onlarla \u00e7ox do\u011fmala\u015f\u0131b.\n<\/p>\n<p>\n  \u201cH\u0259mi\u015f\u0259 onlar haqda d\u00fc\u015f\u00fcn\u00fcr\u0259m. G\u00f6z\u00fcm\u00fcn qaba\u011f\u0131nda ne\u00e7\u0259si yaraland\u0131, tibbi savad\u0131m olmad\u0131\u011f\u0131ndan k\u00f6m\u0259k el\u0259y\u0259 bilm\u0259dim. Bu haqda d\u00fc\u015f\u00fcn\u0259nd\u0259 \u00e7ox sars\u0131l\u0131ram\u201d.\n<\/p>\n<p>\n  D\u00f6y\u00fc\u015f\u00e7\u00fc orada \u00e7ox c\u0259sur adamlarla tan\u0131\u015f oldu\u011funu bildirir. Deyir ki, bir zabiti he\u00e7 vaxt yaddan \u00e7\u0131xarmayacaq.\n<\/p>\n<p>\n  \u201cAya\u011f\u0131ndan yaralanm\u0131\u015fd\u0131, ondan ba\u015fqa da yaralanan \u0259sg\u0259rl\u0259r vard\u0131. Dedi, m\u0259n\u0259 vaxt itirm\u0259yin, u\u015faqlar\u0131 xilas el\u0259yin. \u0130st\u0259yir\u0259m bil\u0259siz ki, nec\u0259 v\u0259t\u0259np\u0259rv\u0259r adamlar var\u201d.\n<\/p>\n<p>\n  <b><br \/>\n    \u201cEv\u0259 m\u0259nd\u0259n ba\u015fqa pul g\u0259tir\u0259n yoxdu\u201d<br \/>\n  <\/b>\n<\/p>\n<p>\n  V\u00fcsal d\u00f6y\u00fc\u015fl\u0259r\u0259 q\u0259d\u0259r ma\u015f\u0131n yumaqla ail\u0259y\u0259 k\u00f6m\u0259k edirmi\u015f. Evd\u0259 ondan ba\u015fqa yaln\u0131z anas\u0131 i\u015fl\u0259yirmi\u015f. K\u00f6n\u00fcl Mehdiyeva deyir ki, indi ail\u0259nin b\u00fct\u00fcn y\u00fck\u00fc t\u0259kc\u0259 onun \u00fcz\u0259rind\u0259 qal\u0131b.\n<\/p>\n<figure class=\"wp-block-image size-large\">\n  <img decoding=\"async\" src=\"https:\/\/www.meydan.tv\/az\/untitled-design-6-png-5\/\" alt=\"Untitled design (6).png\" class=\"wp-image-150780\"\/><figcaption>\n    K\u00f6n\u00fcl Mehdiyeva<br \/>\n  <\/figcaption><\/figure>\n<p>\n  \u201cBe\u015f n\u0259f\u0259rik. Bir q\u0131z\u0131m h\u0259yat yolda\u015f\u0131ndan ayr\u0131l\u0131b, k\u00f6rp\u0259si il\u0259 biz\u0259 s\u0131\u011f\u0131n\u0131b. Ki\u00e7ik q\u0131z\u0131m doqquzuncu sinifd\u0259 oxuyur. Hadis\u0259l\u0259r bel\u0259 oldu\u011fundan, he\u00e7 m\u0259kt\u0259b\u0259 d\u0259 ged\u0259 bilmir. \u0130ndi ev\u0259 m\u0259nd\u0259n ba\u015fqa pul g\u0259tir\u0259n yoxdu. T\u0259ndir sexind\u0259 i\u015fl\u0259yir\u0259m. M\u0259nim qazanc\u0131mla be\u015f n\u0259f\u0259rlik ail\u0259nin dolanmas\u0131 m\u00fcmk\u00fcn deyil\u201d.\n<\/p>\n<p>\n  K\u00f6n\u00fcl xan\u0131m dan\u0131\u015f\u0131r ki, h\u0259yat yolda\u015f\u0131 uzun m\u00fcdd\u0259tdir Rusiyadad\u0131r. Pandemiyaya g\u00f6r\u0259 ev\u0259 he\u00e7 bir k\u00f6m\u0259k ed\u0259 bilmir, \u00f6lk\u0259y\u0259 qay\u0131tmaq imkan\u0131 da yoxdur.\n<\/p>\n<p>\n  \u201cEv d\u0259 bizim deyil, h\u0259yat yolda\u015f\u0131m\u0131n bibisinindi. Bir m\u00fcdd\u0259t \u015f\u0259h\u0259rd\u0259 kiray\u0259 qal\u0131b ya\u015fam\u0131\u015fd\u0131q. K\u0259ndd\u0259 dolanmaq m\u00fcmk\u00fcn deyil. V\u00fcsal m\u00fcharib\u0259y\u0259 apar\u0131landan sonra k\u0259nd\u0259 qay\u0131td\u0131q. \u0130ndi yen\u0259 i\u015f \u00fc\u00e7\u00fcn \u015f\u0259h\u0259r\u0259 \u00fcz tutmaq m\u0259cburiyy\u0259tind\u0259yik\u201d.\n<\/p>\n<p>\n  V\u00fcsal\u0131 tez-tez h\u0259rbi hospitala aparmaq laz\u0131m g\u0259lir. Ana o\u011flunun sar\u011f\u0131lar\u0131n\u0131 evd\u0259 \u00f6z\u00fc d\u0259yi\u015fir. Deyir ki, sa\u011f qolunu itirm\u0259k V\u00fcsala daha \u00e7ox problem yarad\u0131r. \u00c7\u00fcnki sol \u0259li he\u00e7 vaxt \u00e7ox i\u015fl\u0259k olmay\u0131b.\n<\/p>\n<p>\n  V\u00fcsal qolunun yoxlu\u011fundan \u015fikay\u0259t etm\u0259yi xo\u015flam\u0131r. T\u0259kc\u0259 paltar d\u0259yi\u015f\u0259nd\u0259 a\u011fr\u0131 verir. V\u00fcsal ham\u0131ya t\u0259s\u0259lli verir ki, zamanla yaran\u0131n yeri daha bel\u0259 a\u011fr\u0131mayacaq&#8230;<\/p>\n","protected":false},"excerpt":{"rendered":"<p>\u201cM\u0259nim qazanc\u0131mla be\u015f n\u0259f\u0259rlik ail\u0259nin dolanmas\u0131 m\u00fcmk\u00fcn deyil\u201d.<\/p>\n","protected":false},"author":11,"featured_media":150789,"comment_status":"closed","ping_status":"open","sticky":false,"template":"","format":"standard","meta":{"_acf_changed":false,"_sitemap_exclude":false,"_sitemap_priority":"","_sitemap_frequency":"","footnotes":""},"categories":[60],"tags":[],"class_list":["post-203340","post","type-post","status-publish","format-standard","has-post-thumbnail","hentry","category-bolge","infinite-scroll-item","generate-columns","tablet-grid-50","mobile-grid-100","grid-parent","grid-33","no-featured-image-padding"],"acf":[],"yoast_head":"<!-- This site is optimized with the Yoast SEO plugin v27.5 - https:\/\/yoast.com\/product\/yoast-seo-wordpress\/ -->\n<title>X\u0259sar\u0259t alm\u0131\u015f d\u00f6y\u00fc\u015f\u00e7\u00fc: Yaral\u0131 d\u00f6y\u00fc\u015f yolda\u015flar\u0131ma k\u00f6m\u0259k el\u0259y\u0259 bilm\u0259m\u0259yim haqda d\u00fc\u015f\u00fcn\u0259nd\u0259 \u00e7ox sars\u0131l\u0131ram - MEYDAN.TV<\/title>\n<meta name=\"robots\" content=\"index, follow, max-snippet:-1, max-image-preview:large, max-video-preview:-1\" \/>\n<link rel=\"canonical\" href=\"https:\/\/www.meydan.tv\/az\/article\/xesaret-almis-doyuscu-yarali-doyus-yoldaslarima-komek-eleye-bilmemeyim-haqda-dusunende-cox-sarsiliram\/\" \/>\n<meta property=\"og:locale\" content=\"az_AZ\" \/>\n<meta property=\"og:type\" content=\"article\" \/>\n<meta property=\"og:title\" content=\"X\u0259sar\u0259t alm\u0131\u015f d\u00f6y\u00fc\u015f\u00e7\u00fc: Yaral\u0131 d\u00f6y\u00fc\u015f yolda\u015flar\u0131ma k\u00f6m\u0259k el\u0259y\u0259 bilm\u0259m\u0259yim haqda d\u00fc\u015f\u00fcn\u0259nd\u0259 \u00e7ox sars\u0131l\u0131ram - MEYDAN.TV\" \/>\n<meta property=\"og:description\" content=\"\u201cM\u0259nim qazanc\u0131mla be\u015f n\u0259f\u0259rlik ail\u0259nin dolanmas\u0131 m\u00fcmk\u00fcn deyil\u201d.\" \/>\n<meta property=\"og:url\" content=\"https:\/\/www.meydan.tv\/az\/article\/xesaret-almis-doyuscu-yarali-doyus-yoldaslarima-komek-eleye-bilmemeyim-haqda-dusunende-cox-sarsiliram\/\" \/>\n<meta property=\"og:site_name\" content=\"MEYDAN.TV\" \/>\n<meta property=\"article:published_time\" content=\"2020-10-31T18:16:24+00:00\" \/>\n<meta property=\"og:image\" content=\"https:\/\/www.meydan.tv\/wp-content\/uploads\/untitled_design_7_jehc4hg.png\" \/>\n\t<meta property=\"og:image:width\" content=\"1920\" \/>\n\t<meta property=\"og:image:height\" content=\"1080\" \/>\n\t<meta property=\"og:image:type\" content=\"image\/png\" \/>\n<meta name=\"author\" content=\"user-manager\" \/>\n<meta name=\"twitter:card\" content=\"summary_large_image\" \/>\n<script type=\"application\/ld+json\" class=\"yoast-schema-graph\">{\"@context\":\"https:\\\/\\\/schema.org\",\"@graph\":[{\"@type\":\"Article\",\"@id\":\"https:\\\/\\\/www.meydan.tv\\\/az\\\/article\\\/xesaret-almis-doyuscu-yarali-doyus-yoldaslarima-komek-eleye-bilmemeyim-haqda-dusunende-cox-sarsiliram\\\/#article\",\"isPartOf\":{\"@id\":\"https:\\\/\\\/www.meydan.tv\\\/az\\\/article\\\/xesaret-almis-doyuscu-yarali-doyus-yoldaslarima-komek-eleye-bilmemeyim-haqda-dusunende-cox-sarsiliram\\\/\"},\"author\":{\"name\":\"user-manager\",\"@id\":\"https:\\\/\\\/www.meydan.tv\\\/az\\\/#\\\/schema\\\/person\\\/10d11eccf6da3662cf5fdab9806ea91a\"},\"headline\":\"X\u0259sar\u0259t alm\u0131\u015f d\u00f6y\u00fc\u015f\u00e7\u00fc: Yaral\u0131 d\u00f6y\u00fc\u015f yolda\u015flar\u0131ma k\u00f6m\u0259k el\u0259y\u0259 bilm\u0259m\u0259yim haqda d\u00fc\u015f\u00fcn\u0259nd\u0259 \u00e7ox sars\u0131l\u0131ram\",\"datePublished\":\"2020-10-31T18:16:24+00:00\",\"mainEntityOfPage\":{\"@id\":\"https:\\\/\\\/www.meydan.tv\\\/az\\\/article\\\/xesaret-almis-doyuscu-yarali-doyus-yoldaslarima-komek-eleye-bilmemeyim-haqda-dusunende-cox-sarsiliram\\\/\"},\"wordCount\":847,\"publisher\":{\"@id\":\"https:\\\/\\\/www.meydan.tv\\\/az\\\/#organization\"},\"image\":{\"@id\":\"https:\\\/\\\/www.meydan.tv\\\/az\\\/article\\\/xesaret-almis-doyuscu-yarali-doyus-yoldaslarima-komek-eleye-bilmemeyim-haqda-dusunende-cox-sarsiliram\\\/#primaryimage\"},\"thumbnailUrl\":\"https:\\\/\\\/www.meydan.tv\\\/wp-content\\\/uploads\\\/untitled_design_7_jehc4hg.png\",\"articleSection\":[\"B\u00f6lg\u0259\"],\"inLanguage\":\"az\"},{\"@type\":\"WebPage\",\"@id\":\"https:\\\/\\\/www.meydan.tv\\\/az\\\/article\\\/xesaret-almis-doyuscu-yarali-doyus-yoldaslarima-komek-eleye-bilmemeyim-haqda-dusunende-cox-sarsiliram\\\/\",\"url\":\"https:\\\/\\\/www.meydan.tv\\\/az\\\/article\\\/xesaret-almis-doyuscu-yarali-doyus-yoldaslarima-komek-eleye-bilmemeyim-haqda-dusunende-cox-sarsiliram\\\/\",\"name\":\"X\u0259sar\u0259t alm\u0131\u015f d\u00f6y\u00fc\u015f\u00e7\u00fc: Yaral\u0131 d\u00f6y\u00fc\u015f yolda\u015flar\u0131ma k\u00f6m\u0259k el\u0259y\u0259 bilm\u0259m\u0259yim haqda d\u00fc\u015f\u00fcn\u0259nd\u0259 \u00e7ox sars\u0131l\u0131ram - MEYDAN.TV\",\"isPartOf\":{\"@id\":\"https:\\\/\\\/www.meydan.tv\\\/az\\\/#website\"},\"primaryImageOfPage\":{\"@id\":\"https:\\\/\\\/www.meydan.tv\\\/az\\\/article\\\/xesaret-almis-doyuscu-yarali-doyus-yoldaslarima-komek-eleye-bilmemeyim-haqda-dusunende-cox-sarsiliram\\\/#primaryimage\"},\"image\":{\"@id\":\"https:\\\/\\\/www.meydan.tv\\\/az\\\/article\\\/xesaret-almis-doyuscu-yarali-doyus-yoldaslarima-komek-eleye-bilmemeyim-haqda-dusunende-cox-sarsiliram\\\/#primaryimage\"},\"thumbnailUrl\":\"https:\\\/\\\/www.meydan.tv\\\/wp-content\\\/uploads\\\/untitled_design_7_jehc4hg.png\",\"datePublished\":\"2020-10-31T18:16:24+00:00\",\"breadcrumb\":{\"@id\":\"https:\\\/\\\/www.meydan.tv\\\/az\\\/article\\\/xesaret-almis-doyuscu-yarali-doyus-yoldaslarima-komek-eleye-bilmemeyim-haqda-dusunende-cox-sarsiliram\\\/#breadcrumb\"},\"inLanguage\":\"az\",\"potentialAction\":[{\"@type\":\"ReadAction\",\"target\":[\"https:\\\/\\\/www.meydan.tv\\\/az\\\/article\\\/xesaret-almis-doyuscu-yarali-doyus-yoldaslarima-komek-eleye-bilmemeyim-haqda-dusunende-cox-sarsiliram\\\/\"]}]},{\"@type\":\"ImageObject\",\"inLanguage\":\"az\",\"@id\":\"https:\\\/\\\/www.meydan.tv\\\/az\\\/article\\\/xesaret-almis-doyuscu-yarali-doyus-yoldaslarima-komek-eleye-bilmemeyim-haqda-dusunende-cox-sarsiliram\\\/#primaryimage\",\"url\":\"https:\\\/\\\/www.meydan.tv\\\/wp-content\\\/uploads\\\/untitled_design_7_jehc4hg.png\",\"contentUrl\":\"https:\\\/\\\/www.meydan.tv\\\/wp-content\\\/uploads\\\/untitled_design_7_jehc4hg.png\",\"width\":1920,\"height\":1080,\"caption\":\"Source: Specify Source\"},{\"@type\":\"BreadcrumbList\",\"@id\":\"https:\\\/\\\/www.meydan.tv\\\/az\\\/article\\\/xesaret-almis-doyuscu-yarali-doyus-yoldaslarima-komek-eleye-bilmemeyim-haqda-dusunende-cox-sarsiliram\\\/#breadcrumb\",\"itemListElement\":[{\"@type\":\"ListItem\",\"position\":1,\"name\":\"Ana s\u0259hif\u0259\",\"item\":\"https:\\\/\\\/www.meydan.tv\\\/az\\\/\"},{\"@type\":\"ListItem\",\"position\":2,\"name\":\"B\u00f6lg\u0259\",\"item\":\"https:\\\/\\\/www.meydan.tv\\\/az\\\/section\\\/bolge\\\/\"},{\"@type\":\"ListItem\",\"position\":3,\"name\":\"X\u0259sar\u0259t alm\u0131\u015f d\u00f6y\u00fc\u015f\u00e7\u00fc: Yaral\u0131 d\u00f6y\u00fc\u015f yolda\u015flar\u0131ma k\u00f6m\u0259k el\u0259y\u0259 bilm\u0259m\u0259yim haqda d\u00fc\u015f\u00fcn\u0259nd\u0259 \u00e7ox sars\u0131l\u0131ram\"}]},{\"@type\":\"WebSite\",\"@id\":\"https:\\\/\\\/www.meydan.tv\\\/az\\\/#website\",\"url\":\"https:\\\/\\\/www.meydan.tv\\\/az\\\/\",\"name\":\"MEYDAN.TV\",\"description\":\"Meydan TV Az\u0259rbaycan\u0131n media m\u0259kan\u0131ndak\u0131 alternativ s\u0259sidir\",\"publisher\":{\"@id\":\"https:\\\/\\\/www.meydan.tv\\\/az\\\/#organization\"},\"potentialAction\":[{\"@type\":\"SearchAction\",\"target\":{\"@type\":\"EntryPoint\",\"urlTemplate\":\"https:\\\/\\\/www.meydan.tv\\\/az\\\/?s={search_term_string}\"},\"query-input\":{\"@type\":\"PropertyValueSpecification\",\"valueRequired\":true,\"valueName\":\"search_term_string\"}}],\"inLanguage\":\"az\"},{\"@type\":\"Organization\",\"@id\":\"https:\\\/\\\/www.meydan.tv\\\/az\\\/#organization\",\"name\":\"Meydan TV\",\"url\":\"https:\\\/\\\/www.meydan.tv\\\/az\\\/\",\"logo\":{\"@type\":\"ImageObject\",\"inLanguage\":\"az\",\"@id\":\"https:\\\/\\\/www.meydan.tv\\\/az\\\/#\\\/schema\\\/logo\\\/image\\\/\",\"url\":\"https:\\\/\\\/www.meydan.tv\\\/wp-content\\\/uploads\\\/2021\\\/07\\\/meydan-logo.svg\",\"contentUrl\":\"https:\\\/\\\/www.meydan.tv\\\/wp-content\\\/uploads\\\/2021\\\/07\\\/meydan-logo.svg\",\"width\":195,\"height\":46,\"caption\":\"Meydan TV\"},\"image\":{\"@id\":\"https:\\\/\\\/www.meydan.tv\\\/az\\\/#\\\/schema\\\/logo\\\/image\\\/\"}},{\"@type\":\"Person\",\"@id\":\"https:\\\/\\\/www.meydan.tv\\\/az\\\/#\\\/schema\\\/person\\\/10d11eccf6da3662cf5fdab9806ea91a\",\"name\":\"user-manager\"}]}<\/script>\n<!-- \/ Yoast SEO plugin. -->","yoast_head_json":{"title":"X\u0259sar\u0259t alm\u0131\u015f d\u00f6y\u00fc\u015f\u00e7\u00fc: Yaral\u0131 d\u00f6y\u00fc\u015f yolda\u015flar\u0131ma k\u00f6m\u0259k el\u0259y\u0259 bilm\u0259m\u0259yim haqda d\u00fc\u015f\u00fcn\u0259nd\u0259 \u00e7ox sars\u0131l\u0131ram - MEYDAN.TV","robots":{"index":"index","follow":"follow","max-snippet":"max-snippet:-1","max-image-preview":"max-image-preview:large","max-video-preview":"max-video-preview:-1"},"canonical":"https:\/\/www.meydan.tv\/az\/article\/xesaret-almis-doyuscu-yarali-doyus-yoldaslarima-komek-eleye-bilmemeyim-haqda-dusunende-cox-sarsiliram\/","og_locale":"az_AZ","og_type":"article","og_title":"X\u0259sar\u0259t alm\u0131\u015f d\u00f6y\u00fc\u015f\u00e7\u00fc: Yaral\u0131 d\u00f6y\u00fc\u015f yolda\u015flar\u0131ma k\u00f6m\u0259k el\u0259y\u0259 bilm\u0259m\u0259yim haqda d\u00fc\u015f\u00fcn\u0259nd\u0259 \u00e7ox sars\u0131l\u0131ram - MEYDAN.TV","og_description":"\u201cM\u0259nim qazanc\u0131mla be\u015f n\u0259f\u0259rlik ail\u0259nin dolanmas\u0131 m\u00fcmk\u00fcn deyil\u201d.","og_url":"https:\/\/www.meydan.tv\/az\/article\/xesaret-almis-doyuscu-yarali-doyus-yoldaslarima-komek-eleye-bilmemeyim-haqda-dusunende-cox-sarsiliram\/","og_site_name":"MEYDAN.TV","article_published_time":"2020-10-31T18:16:24+00:00","og_image":[{"width":1920,"height":1080,"url":"https:\/\/www.meydan.tv\/wp-content\/uploads\/untitled_design_7_jehc4hg.png","type":"image\/png"}],"author":"user-manager","twitter_card":"summary_large_image","schema":{"@context":"https:\/\/schema.org","@graph":[{"@type":"Article","@id":"https:\/\/www.meydan.tv\/az\/article\/xesaret-almis-doyuscu-yarali-doyus-yoldaslarima-komek-eleye-bilmemeyim-haqda-dusunende-cox-sarsiliram\/#article","isPartOf":{"@id":"https:\/\/www.meydan.tv\/az\/article\/xesaret-almis-doyuscu-yarali-doyus-yoldaslarima-komek-eleye-bilmemeyim-haqda-dusunende-cox-sarsiliram\/"},"author":{"name":"user-manager","@id":"https:\/\/www.meydan.tv\/az\/#\/schema\/person\/10d11eccf6da3662cf5fdab9806ea91a"},"headline":"X\u0259sar\u0259t alm\u0131\u015f d\u00f6y\u00fc\u015f\u00e7\u00fc: Yaral\u0131 d\u00f6y\u00fc\u015f yolda\u015flar\u0131ma k\u00f6m\u0259k el\u0259y\u0259 bilm\u0259m\u0259yim haqda d\u00fc\u015f\u00fcn\u0259nd\u0259 \u00e7ox sars\u0131l\u0131ram","datePublished":"2020-10-31T18:16:24+00:00","mainEntityOfPage":{"@id":"https:\/\/www.meydan.tv\/az\/article\/xesaret-almis-doyuscu-yarali-doyus-yoldaslarima-komek-eleye-bilmemeyim-haqda-dusunende-cox-sarsiliram\/"},"wordCount":847,"publisher":{"@id":"https:\/\/www.meydan.tv\/az\/#organization"},"image":{"@id":"https:\/\/www.meydan.tv\/az\/article\/xesaret-almis-doyuscu-yarali-doyus-yoldaslarima-komek-eleye-bilmemeyim-haqda-dusunende-cox-sarsiliram\/#primaryimage"},"thumbnailUrl":"https:\/\/www.meydan.tv\/wp-content\/uploads\/untitled_design_7_jehc4hg.png","articleSection":["B\u00f6lg\u0259"],"inLanguage":"az"},{"@type":"WebPage","@id":"https:\/\/www.meydan.tv\/az\/article\/xesaret-almis-doyuscu-yarali-doyus-yoldaslarima-komek-eleye-bilmemeyim-haqda-dusunende-cox-sarsiliram\/","url":"https:\/\/www.meydan.tv\/az\/article\/xesaret-almis-doyuscu-yarali-doyus-yoldaslarima-komek-eleye-bilmemeyim-haqda-dusunende-cox-sarsiliram\/","name":"X\u0259sar\u0259t alm\u0131\u015f d\u00f6y\u00fc\u015f\u00e7\u00fc: Yaral\u0131 d\u00f6y\u00fc\u015f yolda\u015flar\u0131ma k\u00f6m\u0259k el\u0259y\u0259 bilm\u0259m\u0259yim haqda d\u00fc\u015f\u00fcn\u0259nd\u0259 \u00e7ox sars\u0131l\u0131ram - MEYDAN.TV","isPartOf":{"@id":"https:\/\/www.meydan.tv\/az\/#website"},"primaryImageOfPage":{"@id":"https:\/\/www.meydan.tv\/az\/article\/xesaret-almis-doyuscu-yarali-doyus-yoldaslarima-komek-eleye-bilmemeyim-haqda-dusunende-cox-sarsiliram\/#primaryimage"},"image":{"@id":"https:\/\/www.meydan.tv\/az\/article\/xesaret-almis-doyuscu-yarali-doyus-yoldaslarima-komek-eleye-bilmemeyim-haqda-dusunende-cox-sarsiliram\/#primaryimage"},"thumbnailUrl":"https:\/\/www.meydan.tv\/wp-content\/uploads\/untitled_design_7_jehc4hg.png","datePublished":"2020-10-31T18:16:24+00:00","breadcrumb":{"@id":"https:\/\/www.meydan.tv\/az\/article\/xesaret-almis-doyuscu-yarali-doyus-yoldaslarima-komek-eleye-bilmemeyim-haqda-dusunende-cox-sarsiliram\/#breadcrumb"},"inLanguage":"az","potentialAction":[{"@type":"ReadAction","target":["https:\/\/www.meydan.tv\/az\/article\/xesaret-almis-doyuscu-yarali-doyus-yoldaslarima-komek-eleye-bilmemeyim-haqda-dusunende-cox-sarsiliram\/"]}]},{"@type":"ImageObject","inLanguage":"az","@id":"https:\/\/www.meydan.tv\/az\/article\/xesaret-almis-doyuscu-yarali-doyus-yoldaslarima-komek-eleye-bilmemeyim-haqda-dusunende-cox-sarsiliram\/#primaryimage","url":"https:\/\/www.meydan.tv\/wp-content\/uploads\/untitled_design_7_jehc4hg.png","contentUrl":"https:\/\/www.meydan.tv\/wp-content\/uploads\/untitled_design_7_jehc4hg.png","width":1920,"height":1080,"caption":"Source: Specify Source"},{"@type":"BreadcrumbList","@id":"https:\/\/www.meydan.tv\/az\/article\/xesaret-almis-doyuscu-yarali-doyus-yoldaslarima-komek-eleye-bilmemeyim-haqda-dusunende-cox-sarsiliram\/#breadcrumb","itemListElement":[{"@type":"ListItem","position":1,"name":"Ana s\u0259hif\u0259","item":"https:\/\/www.meydan.tv\/az\/"},{"@type":"ListItem","position":2,"name":"B\u00f6lg\u0259","item":"https:\/\/www.meydan.tv\/az\/section\/bolge\/"},{"@type":"ListItem","position":3,"name":"X\u0259sar\u0259t alm\u0131\u015f d\u00f6y\u00fc\u015f\u00e7\u00fc: Yaral\u0131 d\u00f6y\u00fc\u015f yolda\u015flar\u0131ma k\u00f6m\u0259k el\u0259y\u0259 bilm\u0259m\u0259yim haqda d\u00fc\u015f\u00fcn\u0259nd\u0259 \u00e7ox sars\u0131l\u0131ram"}]},{"@type":"WebSite","@id":"https:\/\/www.meydan.tv\/az\/#website","url":"https:\/\/www.meydan.tv\/az\/","name":"MEYDAN.TV","description":"Meydan TV Az\u0259rbaycan\u0131n media m\u0259kan\u0131ndak\u0131 alternativ s\u0259sidir","publisher":{"@id":"https:\/\/www.meydan.tv\/az\/#organization"},"potentialAction":[{"@type":"SearchAction","target":{"@type":"EntryPoint","urlTemplate":"https:\/\/www.meydan.tv\/az\/?s={search_term_string}"},"query-input":{"@type":"PropertyValueSpecification","valueRequired":true,"valueName":"search_term_string"}}],"inLanguage":"az"},{"@type":"Organization","@id":"https:\/\/www.meydan.tv\/az\/#organization","name":"Meydan TV","url":"https:\/\/www.meydan.tv\/az\/","logo":{"@type":"ImageObject","inLanguage":"az","@id":"https:\/\/www.meydan.tv\/az\/#\/schema\/logo\/image\/","url":"https:\/\/www.meydan.tv\/wp-content\/uploads\/2021\/07\/meydan-logo.svg","contentUrl":"https:\/\/www.meydan.tv\/wp-content\/uploads\/2021\/07\/meydan-logo.svg","width":195,"height":46,"caption":"Meydan TV"},"image":{"@id":"https:\/\/www.meydan.tv\/az\/#\/schema\/logo\/image\/"}},{"@type":"Person","@id":"https:\/\/www.meydan.tv\/az\/#\/schema\/person\/10d11eccf6da3662cf5fdab9806ea91a","name":"user-manager"}]}},"_links":{"self":[{"href":"https:\/\/www.meydan.tv\/az\/wp-json\/wp\/v2\/posts\/203340","targetHints":{"allow":["GET"]}}],"collection":[{"href":"https:\/\/www.meydan.tv\/az\/wp-json\/wp\/v2\/posts"}],"about":[{"href":"https:\/\/www.meydan.tv\/az\/wp-json\/wp\/v2\/types\/post"}],"author":[{"embeddable":true,"href":"https:\/\/www.meydan.tv\/az\/wp-json\/wp\/v2\/users\/11"}],"replies":[{"embeddable":true,"href":"https:\/\/www.meydan.tv\/az\/wp-json\/wp\/v2\/comments?post=203340"}],"version-history":[{"count":0,"href":"https:\/\/www.meydan.tv\/az\/wp-json\/wp\/v2\/posts\/203340\/revisions"}],"wp:featuredmedia":[{"embeddable":true,"href":"https:\/\/www.meydan.tv\/az\/wp-json\/wp\/v2\/media\/150789"}],"wp:attachment":[{"href":"https:\/\/www.meydan.tv\/az\/wp-json\/wp\/v2\/media?parent=203340"}],"wp:term":[{"taxonomy":"category","embeddable":true,"href":"https:\/\/www.meydan.tv\/az\/wp-json\/wp\/v2\/categories?post=203340"},{"taxonomy":"post_tag","embeddable":true,"href":"https:\/\/www.meydan.tv\/az\/wp-json\/wp\/v2\/tags?post=203340"}],"curies":[{"name":"wp","href":"https:\/\/api.w.org\/{rel}","templated":true}]}}