{"id":203330,"date":"2020-10-30T18:03:58","date_gmt":"2020-10-30T18:03:58","guid":{"rendered":"https:\/\/www.meydan.tv\/article\/pasinyan-rusiya-sulhmeqamlilarini-muharibeni-dayandirmaga-cagirib\/"},"modified":"2020-10-30T18:03:58","modified_gmt":"2020-10-30T18:03:58","slug":"pasinyan-rusiya-sulhmeqamlilarini-muharibeni-dayandirmaga-cagirib","status":"publish","type":"post","link":"https:\/\/www.meydan.tv\/az\/article\/pasinyan-rusiya-sulhmeqamlilarini-muharibeni-dayandirmaga-cagirib\/","title":{"rendered":"Pa\u015finyan Rusiya s\u00fclhm\u0259raml\u0131lar\u0131n\u0131 m\u00fcharib\u0259ni dayand\u0131rma\u011fa \u00e7a\u011f\u0131r\u0131b"},"content":{"rendered":"<p>\n  <i><br \/>\n    Ekspert: \u201c S\u00fclhm\u0259raml\u0131lar region \u00f6lk\u0259l\u0259rini yox, k\u0259nar d\u00f6vl\u0259tl\u0259ri t\u0259msil etm\u0259lidir\u201d<br \/>\n  <\/i>\n<\/p>\n<p>\n  Erm\u0259nistan\u0131n Ba\u015f naziri Rusiya s\u00fclhm\u0259raml\u0131lar\u0131n\u0131 Da\u011fl\u0131q Qaraba\u011fdak\u0131 m\u00fcnaqi\u015f\u0259ni dayand\u0131rma\u011fa \u00e7a\u011f\u0131r\u0131b.\n<\/p>\n<p>\n  Nikol Pa\u015finyan \u201cThe Telegraph\u201d<br \/>\n  <a href=\"https:\/\/www.telegraph.co.uk\/news\/2020\/10\/30\/armenias-prime-minister-calls-russian-peacekeepers-halt-war\/\"><br \/>\n    q\u0259zeti<br \/>\n  <\/a><br \/>\n  n\u0259 m\u00fcsahib\u0259sind\u0259 Moskvan\u0131n r\u0259hb\u0259rliyi alt\u0131ndak\u0131 s\u00fclhm\u0259raml\u0131lar\u0131n Az\u0259rbaycanla m\u00fcharib\u0259y\u0259 son qoyma\u011f\u0131n yegan\u0259 vasit\u0259\u00e7isi ola bil\u0259c\u0259yini bildirib.\n<\/p>\n<p>\n  <b><br \/>\n    Pa\u015finyan\u0131n \u201coptimal h\u0259ll\u201d yolu<br \/>\n  <\/b>\n<\/p>\n<p>\n  Ba\u015f nazir \u00f6lk\u0259siyl\u0259 Az\u0259rbaycan aras\u0131nda getdikc\u0259 alovlanan m\u00fcharib\u0259y\u0259 son qoyularsa, m\u00fcbahis\u0259li Da\u011fl\u0131q Qaraba\u011f b\u00f6lg\u0259sind\u0259 rus s\u00fclhm\u0259raml\u0131lar\u0131n\u0131n yerl\u0259\u015fdirilm\u0259sini q\u0259bul ed\u0259c\u0259yini bildirib.\n<\/p>\n<p>\n  Nikol Pa\u015finyan Rusiya qo\u015funlar\u0131n\u0131n bit\u0259r\u0259f q\u00fcvv\u0259l\u0259rinin indi q\u0259tiyy\u0259tli \u015f\u0259kild\u0259 Az\u0259rbaycan\u0131n xeyrin\u0259 y\u00f6n\u0259l\u0259n m\u00fcnaqi\u015f\u0259d\u0259 &quot;optimal h\u0259ll&quot; oldu\u011funu deyib.\n<\/p>\n<p>\n  Q\u0259zet yaz\u0131r ki, onun Da\u011fl\u0131q Qaraba\u011f\u0131n g\u0259l\u0259c\u0259yi il\u0259 ba\u011fl\u0131 bel\u0259 bir m\u00fch\u00fcm rolu Moskvaya verm\u0259k ist\u0259m\u0259sini yaln\u0131z bir ayl\u0131q d\u00f6y\u00fc\u015fl\u0259r \u0259rzind\u0259 1000-d\u0259n \u00e7ox h\u0259rb\u00e7isini v\u0259 \u0259n az\u0131 100 tank\u0131n\u0131 itir\u0259n Erm\u0259nistan\u0131n s\u0259ssiz \u00e7ar\u0259sizliyinin bir \u0259lam\u0259ti olaraq g\u00f6rm\u0259k olar.\n<\/p>\n<p>\n  \u201cH\u0259rbi drondan \u00fcst\u00fcn olan silahlara sahib olan v\u0259 T\u00fcrkiy\u0259nin d\u0259st\u0259yini alan Az\u0259rbaycan Erm\u0259nistan\u0131n n\u0259zar\u0259tind\u0259 olan \u0259razil\u0259rinin geni\u015f hiss\u0259sini geri al\u0131b v\u0259 g\u00f6r\u00fcn\u00fcr b\u00fct\u00fcn b\u00f6lg\u0259ni qaytarmaq niyy\u0259tind\u0259dir. Az\u0259rbaycan art\u0131q Rusiya s\u00fclhm\u0259raml\u0131lar\u0131 ideyas\u0131ndan imtina ets\u0259 d\u0259, Erm\u0259nistan onlar\u0131 indi daha \u00e7ox torpaq v\u0259 can itkisinin qar\u015f\u0131s\u0131n\u0131 k\u0259sm\u0259k \u00fc\u00e7\u00fcn t\u0259k yol kimi g\u00f6r\u00fcr\u201d, &#8211; q\u0259zet yaz\u0131r.\n<\/p>\n<p>\n  <b><br \/>\n    S\u00fclhm\u0259raml\u0131lara m\u00fcraci\u0259t<br \/>\n  <\/b>\n<\/p>\n<p>\n  &quot;M\u0259n rus s\u00fclhm\u0259raml\u0131lar\u0131n m\u00fcnaqi\u015f\u0259 b\u00f6lg\u0259sind\u0259 yerl\u0259\u015fdirilm\u0259sini d\u0259st\u0259kl\u0259yir\u0259m&quot;, &#8211; dey\u0259 Pa\u015finyan Erm\u0259nistan\u0131n paytaxt\u0131 Yerevan \u015f\u0259h\u0259rind\u0259 verdiyi m\u00fcsahib\u0259d\u0259 qeyd edib: &quot;Ancaq m\u0259s\u0259l\u0259 budur ki, Rusiya s\u00fclhm\u0259raml\u0131lar\u0131n\u0131n m\u00fcnaqi\u015f\u0259 zonas\u0131nda yerl\u0259\u015fdirilm\u0259si m\u00fcnaqi\u015f\u0259nin b\u00fct\u00fcn t\u0259r\u0259fl\u0259ri \u00fc\u00e7\u00fcn m\u0259qbul hesab olunmal\u0131d\u0131r&quot;.\n<\/p>\n<p>\n  H\u0259r iki \u00f6lk\u0259 il\u0259 yax\u015f\u0131 m\u00fcnasib\u0259tl\u0259ri olan v\u0259 \u00f6z\u00fcn\u00fc regional bir g\u00fcc vasit\u0259si kimi g\u00f6r\u0259n Rusiya, bu ay\u0131n \u0259vv\u0259lind\u0259 m\u00fcharib\u0259ni sonland\u0131rmaq \u00fc\u00e7\u00fcn s\u00fclhm\u0259raml\u0131lardan ibar\u0259t q\u00fcvv\u0259 g\u00f6nd\u0259rm\u0259y\u0259 haz\u0131r oldu\u011funu bildirib. Lakin Az\u0259rbaycan indiy\u0259 kimi bu ideyadan imtina ed\u0259r\u0259k qanun \u00e7\u0259r\u00e7iv\u0259sind\u0259 Da\u011fl\u0131q Qaraba\u011f\u0131n h\u0259l\u0259 d\u0259 Az\u0259rbaycan\u0131n bir hiss\u0259si oldu\u011funu v\u0259 orada \u00fc\u00e7\u00fcnc\u00fc t\u0259r\u0259fl\u0259rin \u0259sg\u0259rl\u0259rini q\u0259bul etm\u0259y\u0259 borclu olmad\u0131\u011f\u0131n\u0131 qeyd edib. Az\u0259rbaycan Prezidenti \u0130lham \u018fliyev xarici s\u00fclhm\u0259raml\u0131lar\u0131n yaln\u0131z Erm\u0259nistan qo\u015funlar\u0131n\u0131n b\u00f6lg\u0259ni t\u0259rk etdikd\u0259n sonra n\u0259z\u0259r\u0259 al\u0131naca\u011f\u0131n\u0259 s\u00f6yl\u0259yib. Erm\u0259nistan is\u0259 bundan tamamil\u0259 imtina edib.\n<\/p>\n<p>\n  Rusiyan\u0131n Erm\u0259nistanda h\u0259rbi bazalar\u0131 var v\u0259 bu uzun m\u00fcdd\u0259t \u0259rzind\u0259 ke\u00e7mi\u015f Sovet Respublikas\u0131n\u0131n t\u0259hl\u00fck\u0259sizliyinin \u0259sas z\u0259man\u0259ti hesab olunub. Ancaq Da\u011fl\u0131q Qaraba\u011fda s\u00fclh t\u0259minat\u00e7\u0131s\u0131 rolunun Moskvaya verilm\u0259si, iki \u00f6lk\u0259nin f\u0259rqli siyasi yollarda ir\u0259lil\u0259diyi bir zamanda Rusiyan\u0131n Erm\u0259nistanda siyasi m\u00f6vqeyini xeyli art\u0131racaq.\n<\/p>\n<p>\n  <b><br \/>\n    Ekspert deyir ki&#8230;<br \/>\n  <\/b>\n<\/p>\n<p>\n  Kral Birl\u0259\u015fmi\u015f Xidm\u0259tl\u0259r \u0130nstitutunun (Royal United Services Institute) beyn\u0259lxalq t\u0259hl\u00fck\u0259sizlik t\u0259dqiqatlar\u0131 \u00fczr\u0259 direktoru Neil Melvin \u201cThe Telegraph\u201da bildirib ki, Erm\u0259nistan indi Qaraba\u011fda \u00fczl\u0259\u015fdikl\u0259ri \u00fcmidsiz v\u0259ziyy\u0259tin \u0259ksi olaraq Rusiyan\u0131n s\u00fclhm\u0259raml\u0131 q\u00fcvv\u0259l\u0259rinin yerl\u0259\u015fdirilm\u0259si fikrini q\u0259bul edib:\n<\/p>\n<figure class=\"wp-block-image size-large\">\n  <img decoding=\"async\" src=\"https:\/\/www.meydan.tv\/az\/dsc_4992_1-jpg\/\" alt=\"dsc_4992_1.jpg\" class=\"wp-image-150744\"\/><figcaption>\n    Neil Melvin<br \/>\n  <\/figcaption><\/figure>\n<p>\n  \u201cOnlar bu q\u00fcvv\u0259l\u0259ri v\u0259ziyy\u0259ti dondurmaq v\u0259 h\u0259l\u0259 d\u0259 n\u0259zar\u0259td\u0259 saxlad\u0131qlar\u0131 torpaqlarda yeni bir status-kvo yaratmaq m\u0259qs\u0259dil\u0259r istifad\u0259 etm\u0259k ist\u0259yirl\u0259r&quot;.\n<\/p>\n<p>\n  \u201cBu m\u00fcnaqi\u015f\u0259l\u0259r 1990-c\u0131 ill\u0259rin \u0259vv\u0259ll\u0259rind\u0259 erm\u0259nil\u0259rin \u00fcst\u00fcnl\u00fck t\u0259\u015fkil etdiyi Da\u011fl\u0131q Qaraba\u011f\u0131n Az\u0259rbaycandan ayr\u0131lmas\u0131ndan bu yana b\u00f6lg\u0259d\u0259 g\u00f6r\u00fcl\u0259n \u0259n s\u0259rt m\u00fcnaqi\u015f\u0259dir. Da\u011fl\u0131q Qaraba\u011f r\u0259smil\u0259ri 1119 \u0259sg\u0259rin v\u0259 39 m\u00fclki \u015f\u0259xsin \u00f6ld\u00fcy\u00fcn\u00fc bildirir. Az\u0259rbaycan r\u0259smil\u0259ri h\u0259rbi itkil\u0259ri a\u00e7\u0131qlamaqdan imtina ets\u0259 d\u0259, ancaq 90 m\u00fclki \u015f\u0259xsin \u00f6ld\u00fcy\u00fc iddias\u0131n\u0131 ir\u0259li s\u00fcr\u00fcr. H\u0259r iki t\u0259r\u0259f bir-birini f\u0259rq qoyulmadan bombalamaqla v\u0259 Rusiyan\u0131n vasit\u0259\u00e7iliyi il\u0259 ba\u011flanan iki at\u0259\u015fk\u0259si pozmaqla ittiham edir.\n<\/p>\n<p>\n  Bununla yana\u015f\u0131, Az\u0259rbaycan T\u00fcrkiy\u0259 v\u0259 \u0130srail\u0259 m\u0259xsus pilotsuz t\u0259yyar\u0259l\u0259r say\u0259sind\u0259 Erm\u0259nistan\u0131n Sovet d\u00f6vr\u00fcnd\u0259n qalan Da\u011fl\u0131q Qaraba\u011f da\u011flar\u0131ndak\u0131 m\u00fcdafi\u0259l\u0259rini m\u0259\u011flub ed\u0259r\u0259k m\u00fcnaqi\u015f\u0259d\u0259 \u00fcst\u00fcnl\u00fcy\u00fc \u0259l\u0259 al\u0131b. Az\u0259rbaycan q\u00fcvv\u0259l\u0259ri haz\u0131rda Da\u011fl\u0131q Qaraba\u011f\u0131 Erm\u0259nistana birl\u0259\u015fdir\u0259n \u0259sas t\u0259chizat mar\u015furutu olan La\u00e7\u0131n koridorunu tutmaq \u0259r\u0259f\u0259sind\u0259dir. H\u0259rbi m\u00fct\u0259x\u0259ssisl\u0259r d\u00fc\u015f\u00fcn\u00fcrl\u0259r ki, Prezident \u018fliyev m\u00fcharib\u0259ni \u00e7\u0259tinl\u0259\u015fdir\u0259c\u0259k q\u0131\u015f f\u0259sli g\u0259lm\u0259d\u0259n \u00f6nc\u0259 Da\u011fl\u0131q Qaraba\u011f\u0131n \u0259sas \u015f\u0259h\u0259rl\u0259rind\u0259 b\u00f6y\u00fck \u00f6l\u00e7\u00fcd\u0259 h\u0259rbi ir\u0259lil\u0259yi\u015f edilm\u0259sini n\u0259z\u0259rd\u0259 tutur\u201d, &#8211; q\u0259zet yaz\u0131r.\n<\/p>\n<p>\n  <b><br \/>\n    Akif Na\u011f\u0131: \u201cPa\u015finyan son \u00fcmid yeri kimi bax\u0131r\u201d<br \/>\n  <\/b>\n<\/p>\n<p>\n  Qaraba\u011f Azadl\u0131q T\u0259\u015fkilat\u0131n\u0131n s\u0259dri Akif Na\u011f\u0131 Erm\u0259nistan Ba\u015f naziri Nikol Pa\u015finyan\u0131n a\u00e7\u0131qlamas\u0131n\u0131 ikiba\u015fl\u0131 yana\u015fma adland\u0131r\u0131b:\n<\/p>\n<p>\n  \u201cBa\u015f nazir anlay\u0131r ki, Az\u0259rbaycan t\u0259r\u0259fi raz\u0131la\u015fmasa, b\u00f6lg\u0259y\u0259 h\u0259r hans\u0131 \u00f6lk\u0259nin s\u00fclhm\u0259raml\u0131s\u0131 g\u0259l\u0259 bilm\u0259z, amma bunun lehin\u0259dir\u201d.\n<\/p>\n<p>\n  Akif Na\u011f\u0131 deyir ki, Erm\u0259nistan Ba\u015f naziri Rusiya s\u00fclhm\u0259raml\u0131lar\u0131na son \u00fcmid yeri bax\u0131r:\n<\/p>\n<figure class=\"wp-block-image size-large\">\n  <img decoding=\"async\" src=\"https:\/\/www.meydan.tv\/az\/akif-nagi-foto-sosial-sebeke\/\" alt=\"Akif Na\u011f\u0131 foto sosial \u015f\u0259b\u0259k\u0259\" class=\"wp-image-70670\"\/><figcaption>\n    Akif Na\u011f\u0131<br \/>\n  <\/figcaption><\/figure>\n<p>\n  \u201c\u00c7\u00fcnki Erm\u0259nistanda siyasi-iqtisadi b\u00f6hran h\u0259r g\u00fcn art\u0131r v\u0259 \u00fcst\u0259lik Az\u0259rbaycana da h\u0259rb meydan\u0131nda m\u00fcqavim\u0259t g\u00f6st\u0259r\u0259 bilmirl\u0259r. Bel\u0259 bir \u015f\u0259raitd\u0259 Erm\u0259nistan\u0131n nicat\u0131 Rusiyan\u0131n m\u0259s\u0259l\u0259y\u0259 m\u00fcdaxil\u0259sidir. Amma bunu da a\u00e7\u0131q \u015f\u0259kild\u0259 dey\u0259 bilmirl\u0259r. H\u0259tta Rusiya s\u00fclhm\u0259raml\u0131lar\u0131 g\u0259ls\u0259 d\u0259, problem tezlikl\u0259 h\u0259ll olunan deyil. Yaxud yaln\u0131z rus s\u00fclhm\u0259raml\u0131lar\u0131 da g\u0259l\u0259 bilm\u0259z, AT\u018fT Minsk Qrupu v\u0259 T\u00fcrkiy\u0259 il\u0259 raz\u0131la\u015fma olmal\u0131d\u0131r. Ona g\u00f6r\u0259 d\u0259 Erm\u0259nistan\u0131n xilas\u0131 \u00fc\u00e7\u00fcn Pa\u015finyan\u0131n \u00e7\u0131x\u0131\u015f yolu a\u011f bayraq qald\u0131r\u0131b t\u0259slim olmas\u0131d\u0131r\u201d.\n<\/p>\n<p>\n  <b><br \/>\n    \u201cS\u00fclhm\u0259raml\u0131lar region \u00f6lk\u0259l\u0259rini yox, k\u0259nar d\u00f6vl\u0259tl\u0259ri t\u0259msil etm\u0259lidir\u201d<br \/>\n  <\/b>\n<\/p>\n<p>\n  Siyasi icmal\u00e7\u0131 \u018fhm\u0259d \u018flilinin s\u00f6zl\u0259rin\u0259 g\u00f6r\u0259, Nikol Pa\u015finyan m\u00fcnaqi\u015f\u0259nin indiki h\u0259rbi m\u0259rh\u0259l\u0259sind\u0259 Rusiyan\u0131n onun arxas\u0131ndan \u00e7\u0259kildiyini yax\u015f\u0131 bilir:\n<\/p>\n<p>\n  \u201cM\u0259s\u0259l\u0259 ondad\u0131r ki, \u0259vv\u0259lki ill\u0259rd\u0259 Erm\u0259nistan da, Az\u0259rbaycan da Rusiya s\u00fclhm\u0259raml\u0131lar\u0131n\u0131n regiona g\u0259lm\u0259sin\u0259 birlikd\u0259 yox deyirdil\u0259r v\u0259 Budape\u015ft Sammitind\u0259 q\u0259rar q\u0259bul edilib ki, bunun \u00fc\u00e7\u00fcn t\u0259r\u0259fl\u0259rin raz\u0131l\u0131\u011f\u0131 olmal\u0131d\u0131r. \u0130kinci, s\u00fclhm\u0259raml\u0131lar region \u00f6lk\u0259l\u0259rini yox, k\u0259nar d\u00f6vl\u0259tl\u0259ri t\u0259msil etm\u0259lidir. Haz\u0131rda Ba\u015f nazir Pa\u015finyan Rusiyan\u0131 Az\u0259rbaycan\u0131n \u0259leyhin\u0259 y\u00f6n\u0259ltm\u0259yin yegan\u0259 yolunun bu t\u0259klifi s\u0259sl\u0259ndirm\u0259kd\u0259 g\u00f6r\u00fcr. O bilir ki, Bak\u0131 bu t\u0259klif\u0259 r\u0259dd cavab\u0131 ver\u0259c\u0259k, bel\u0259likl\u0259 d\u0259, Yerevan Moskvan\u0131n g\u00f6z\u00fcnd\u0259 yax\u015f\u0131 t\u0259r\u0259fda\u015f olacaq. Bununla Pa\u015finyan Rusiyadan yard\u0131mlar\u0131 daha da art\u0131rmaq niyy\u0259ti g\u00fcd\u00fcr\u201d.\n<\/p>\n<figure class=\"wp-block-image size-large\">\n  <img decoding=\"async\" src=\"https:\/\/www.meydan.tv\/az\/118645451_620172385184536_7703387997886241163_n-jpg\/\" alt=\"118645451_620172385184536_7703387997886241163_n.jpg\" class=\"wp-image-149966\"\/><figcaption>\n    \u018fhm\u0259d \u018flili<br \/>\n  <\/figcaption><\/figure>\n<p>\n  Sentyabr\u0131n 27-d\u0259 Az\u0259rbaycan v\u0259 Erm\u0259nistan aras\u0131nda at\u0259\u015fk\u0259s pozulub.\n<\/p>\n<p>\n  1 aydan \u00e7oxdur davam ed\u0259n h\u0259rbi \u0259m\u0259liyyatlar n\u0259tic\u0259sind\u0259 4 \u015f\u0259h\u0259r \u2013 C\u0259bray\u0131l, F\u00fczuli, Z\u0259ngilan, Qubadl\u0131; 3 q\u0259s\u0259b\u0259 &#8211; Hadrut, Mincivan, A\u011fb\u0259nd azad olunub.\n<\/p>\n<p>\n  Da\u011fl\u0131q Qaraba\u011f m\u00fcnaqi\u015f\u0259sinin m\u00fcasir m\u0259rh\u0259l\u0259si 1988-ci ild\u0259 Erm\u0259nistan SSR-in Az\u0259rbaycan SSR-\u0259 qar\u015f\u0131 \u0259razi iddialar\u0131 \u0259sas\u0131nda ba\u015flay\u0131b.\n<\/p>\n<p>\n  1991-1994-c\u00fc ill\u0259rd\u0259 Az\u0259rbaycan\u0131n Da\u011fl\u0131q Qaraba\u011f (1991-ci ild\u0259 Az\u0259rbaycan Milli M\u0259clisi muxtar vilay\u0259ti l\u0259\u011fv edib. Az\u0259rbaycan BMT-y\u0259 \u00fczv olduqda art\u0131q bu status yox idi &#8211; red) \u0259razisi u\u011frunda Erm\u0259nistanla Az\u0259rbaycan aras\u0131nda m\u00fcharib\u0259 ba\u015f verib.\n<\/p>\n<p>\n  N\u0259tic\u0259d\u0259 Az\u0259rbaycan \u0259razil\u0259rinin 20 faizi &#8211; Da\u011fl\u0131q Qaraba\u011f v\u0259 \u0259traf 7 inzibati rayon (La\u00e7\u0131n, K\u0259lb\u0259c\u0259r, A\u011fdam, F\u00fczuli, C\u0259bray\u0131l, Qubadl\u0131, Z\u0259ngilan) Erm\u0259nistan Silahl\u0131 Q\u00fcvv\u0259l\u0259ri t\u0259r\u0259find\u0259n i\u015f\u011fal olunub, 1 milyondan art\u0131q insan qa\u00e7q\u0131n v\u0259 m\u0259cburi k\u00f6\u00e7k\u00fcn v\u0259ziyy\u0259tin\u0259 d\u00fc\u015f\u00fcb.\n<\/p>\n<p>\n  H\u0259rbi \u0259m\u0259liyyatlar 1994-c\u00fc ilin may ay\u0131nda Bi\u015fkekd\u0259 Az\u0259rbaycan v\u0259 Erm\u0259nistan aras\u0131nda imzalanm\u0131\u015f at\u0259\u015fk\u0259s sazi\u015fi il\u0259 ba\u015fa \u00e7at\u0131b.\n<\/p>\n<p>\n  Da\u011fl\u0131q Qaraba\u011f m\u00fcnaqi\u015f\u0259sinin h\u0259lli il\u0259 AT\u018fT-in Minsk Qrupu v\u0259 Rusiya, AB\u015e, Fransadan ibar\u0259t h\u0259ms\u0259drl\u0259ri m\u0259\u015f\u011ful olur.<\/p>\n","protected":false},"excerpt":{"rendered":"<p>&#8220;H\u0259rbi m\u00fct\u0259x\u0259ssisl\u0259r d\u00fc\u015f\u00fcn\u00fcrl\u0259r ki, Prezident \u018fliyev m\u00fcharib\u0259ni \u00e7\u0259tinl\u0259\u015fdir\u0259c\u0259k q\u0131\u015f f\u0259sli g\u0259lm\u0259d\u0259n \u00f6nc\u0259 Da\u011fl\u0131q Qaraba\u011f\u0131n \u0259sas \u015f\u0259h\u0259rl\u0259rind\u0259 b\u00f6y\u00fck \u00f6l\u00e7\u00fcd\u0259 h\u0259rbi ir\u0259lil\u0259yi\u015f edilm\u0259sini n\u0259z\u0259rd\u0259 tutur\u201d, &#8211; q\u0259zet yaz\u0131r.<\/p>\n","protected":false},"author":11,"featured_media":150747,"comment_status":"closed","ping_status":"open","sticky":false,"template":"","format":"standard","meta":{"_acf_changed":false,"_sitemap_exclude":false,"_sitemap_priority":"","_sitemap_frequency":"","footnotes":""},"categories":[59],"tags":[],"class_list":["post-203330","post","type-post","status-publish","format-standard","has-post-thumbnail","hentry","category-siyaset","infinite-scroll-item","generate-columns","tablet-grid-50","mobile-grid-100","grid-parent","grid-33","no-featured-image-padding"],"acf":[],"yoast_head":"<!-- This site is optimized with the Yoast SEO plugin v27.5 - https:\/\/yoast.com\/product\/yoast-seo-wordpress\/ -->\n<title>Pa\u015finyan Rusiya s\u00fclhm\u0259raml\u0131lar\u0131n\u0131 m\u00fcharib\u0259ni dayand\u0131rma\u011fa \u00e7a\u011f\u0131r\u0131b - MEYDAN.TV<\/title>\n<meta name=\"robots\" content=\"index, follow, max-snippet:-1, max-image-preview:large, max-video-preview:-1\" \/>\n<link rel=\"canonical\" href=\"https:\/\/www.meydan.tv\/az\/article\/pasinyan-rusiya-sulhmeqamlilarini-muharibeni-dayandirmaga-cagirib\/\" \/>\n<meta property=\"og:locale\" content=\"az_AZ\" \/>\n<meta property=\"og:type\" content=\"article\" \/>\n<meta property=\"og:title\" content=\"Pa\u015finyan Rusiya s\u00fclhm\u0259raml\u0131lar\u0131n\u0131 m\u00fcharib\u0259ni dayand\u0131rma\u011fa \u00e7a\u011f\u0131r\u0131b - MEYDAN.TV\" \/>\n<meta property=\"og:description\" content=\"&quot;H\u0259rbi m\u00fct\u0259x\u0259ssisl\u0259r d\u00fc\u015f\u00fcn\u00fcrl\u0259r ki, Prezident \u018fliyev m\u00fcharib\u0259ni \u00e7\u0259tinl\u0259\u015fdir\u0259c\u0259k q\u0131\u015f f\u0259sli g\u0259lm\u0259d\u0259n \u00f6nc\u0259 Da\u011fl\u0131q Qaraba\u011f\u0131n \u0259sas \u015f\u0259h\u0259rl\u0259rind\u0259 b\u00f6y\u00fck \u00f6l\u00e7\u00fcd\u0259 h\u0259rbi ir\u0259lil\u0259yi\u015f edilm\u0259sini n\u0259z\u0259rd\u0259 tutur\u201d, - q\u0259zet yaz\u0131r.\" \/>\n<meta property=\"og:url\" content=\"https:\/\/www.meydan.tv\/az\/article\/pasinyan-rusiya-sulhmeqamlilarini-muharibeni-dayandirmaga-cagirib\/\" \/>\n<meta property=\"og:site_name\" content=\"MEYDAN.TV\" \/>\n<meta property=\"article:published_time\" content=\"2020-10-30T18:03:58+00:00\" \/>\n<meta property=\"og:image\" content=\"https:\/\/www.meydan.tv\/wp-content\/uploads\/image_from_ios_1_kzzhmby-scaled.jpg\" \/>\n\t<meta property=\"og:image:width\" content=\"2560\" \/>\n\t<meta property=\"og:image:height\" content=\"1707\" \/>\n\t<meta property=\"og:image:type\" content=\"image\/jpeg\" \/>\n<meta name=\"author\" content=\"user-manager\" \/>\n<meta name=\"twitter:card\" content=\"summary_large_image\" \/>\n<script type=\"application\/ld+json\" class=\"yoast-schema-graph\">{\"@context\":\"https:\\\/\\\/schema.org\",\"@graph\":[{\"@type\":\"Article\",\"@id\":\"https:\\\/\\\/www.meydan.tv\\\/az\\\/article\\\/pasinyan-rusiya-sulhmeqamlilarini-muharibeni-dayandirmaga-cagirib\\\/#article\",\"isPartOf\":{\"@id\":\"https:\\\/\\\/www.meydan.tv\\\/az\\\/article\\\/pasinyan-rusiya-sulhmeqamlilarini-muharibeni-dayandirmaga-cagirib\\\/\"},\"author\":{\"name\":\"user-manager\",\"@id\":\"https:\\\/\\\/www.meydan.tv\\\/az\\\/#\\\/schema\\\/person\\\/10d11eccf6da3662cf5fdab9806ea91a\"},\"headline\":\"Pa\u015finyan Rusiya s\u00fclhm\u0259raml\u0131lar\u0131n\u0131 m\u00fcharib\u0259ni dayand\u0131rma\u011fa \u00e7a\u011f\u0131r\u0131b\",\"datePublished\":\"2020-10-30T18:03:58+00:00\",\"mainEntityOfPage\":{\"@id\":\"https:\\\/\\\/www.meydan.tv\\\/az\\\/article\\\/pasinyan-rusiya-sulhmeqamlilarini-muharibeni-dayandirmaga-cagirib\\\/\"},\"wordCount\":1658,\"publisher\":{\"@id\":\"https:\\\/\\\/www.meydan.tv\\\/az\\\/#organization\"},\"image\":{\"@id\":\"https:\\\/\\\/www.meydan.tv\\\/az\\\/article\\\/pasinyan-rusiya-sulhmeqamlilarini-muharibeni-dayandirmaga-cagirib\\\/#primaryimage\"},\"thumbnailUrl\":\"https:\\\/\\\/www.meydan.tv\\\/wp-content\\\/uploads\\\/image_from_ios_1_kzzhmby-scaled-e1656416278975.jpg\",\"articleSection\":[\"Siyas\u0259t\"],\"inLanguage\":\"az\"},{\"@type\":\"WebPage\",\"@id\":\"https:\\\/\\\/www.meydan.tv\\\/az\\\/article\\\/pasinyan-rusiya-sulhmeqamlilarini-muharibeni-dayandirmaga-cagirib\\\/\",\"url\":\"https:\\\/\\\/www.meydan.tv\\\/az\\\/article\\\/pasinyan-rusiya-sulhmeqamlilarini-muharibeni-dayandirmaga-cagirib\\\/\",\"name\":\"Pa\u015finyan Rusiya s\u00fclhm\u0259raml\u0131lar\u0131n\u0131 m\u00fcharib\u0259ni dayand\u0131rma\u011fa \u00e7a\u011f\u0131r\u0131b - MEYDAN.TV\",\"isPartOf\":{\"@id\":\"https:\\\/\\\/www.meydan.tv\\\/az\\\/#website\"},\"primaryImageOfPage\":{\"@id\":\"https:\\\/\\\/www.meydan.tv\\\/az\\\/article\\\/pasinyan-rusiya-sulhmeqamlilarini-muharibeni-dayandirmaga-cagirib\\\/#primaryimage\"},\"image\":{\"@id\":\"https:\\\/\\\/www.meydan.tv\\\/az\\\/article\\\/pasinyan-rusiya-sulhmeqamlilarini-muharibeni-dayandirmaga-cagirib\\\/#primaryimage\"},\"thumbnailUrl\":\"https:\\\/\\\/www.meydan.tv\\\/wp-content\\\/uploads\\\/image_from_ios_1_kzzhmby-scaled-e1656416278975.jpg\",\"datePublished\":\"2020-10-30T18:03:58+00:00\",\"breadcrumb\":{\"@id\":\"https:\\\/\\\/www.meydan.tv\\\/az\\\/article\\\/pasinyan-rusiya-sulhmeqamlilarini-muharibeni-dayandirmaga-cagirib\\\/#breadcrumb\"},\"inLanguage\":\"az\",\"potentialAction\":[{\"@type\":\"ReadAction\",\"target\":[\"https:\\\/\\\/www.meydan.tv\\\/az\\\/article\\\/pasinyan-rusiya-sulhmeqamlilarini-muharibeni-dayandirmaga-cagirib\\\/\"]}]},{\"@type\":\"ImageObject\",\"inLanguage\":\"az\",\"@id\":\"https:\\\/\\\/www.meydan.tv\\\/az\\\/article\\\/pasinyan-rusiya-sulhmeqamlilarini-muharibeni-dayandirmaga-cagirib\\\/#primaryimage\",\"url\":\"https:\\\/\\\/www.meydan.tv\\\/wp-content\\\/uploads\\\/image_from_ios_1_kzzhmby-scaled-e1656416278975.jpg\",\"contentUrl\":\"https:\\\/\\\/www.meydan.tv\\\/wp-content\\\/uploads\\\/image_from_ios_1_kzzhmby-scaled-e1656416278975.jpg\",\"width\":2560,\"height\":1408,\"caption\":\"Nikol Pa\u015finyan. Foto: Meydan TV\"},{\"@type\":\"BreadcrumbList\",\"@id\":\"https:\\\/\\\/www.meydan.tv\\\/az\\\/article\\\/pasinyan-rusiya-sulhmeqamlilarini-muharibeni-dayandirmaga-cagirib\\\/#breadcrumb\",\"itemListElement\":[{\"@type\":\"ListItem\",\"position\":1,\"name\":\"Ana s\u0259hif\u0259\",\"item\":\"https:\\\/\\\/www.meydan.tv\\\/az\\\/\"},{\"@type\":\"ListItem\",\"position\":2,\"name\":\"Siyas\u0259t\",\"item\":\"https:\\\/\\\/www.meydan.tv\\\/az\\\/section\\\/siyaset\\\/\"},{\"@type\":\"ListItem\",\"position\":3,\"name\":\"Pa\u015finyan Rusiya s\u00fclhm\u0259raml\u0131lar\u0131n\u0131 m\u00fcharib\u0259ni dayand\u0131rma\u011fa \u00e7a\u011f\u0131r\u0131b\"}]},{\"@type\":\"WebSite\",\"@id\":\"https:\\\/\\\/www.meydan.tv\\\/az\\\/#website\",\"url\":\"https:\\\/\\\/www.meydan.tv\\\/az\\\/\",\"name\":\"MEYDAN.TV\",\"description\":\"Meydan TV Az\u0259rbaycan\u0131n media m\u0259kan\u0131ndak\u0131 alternativ s\u0259sidir\",\"publisher\":{\"@id\":\"https:\\\/\\\/www.meydan.tv\\\/az\\\/#organization\"},\"potentialAction\":[{\"@type\":\"SearchAction\",\"target\":{\"@type\":\"EntryPoint\",\"urlTemplate\":\"https:\\\/\\\/www.meydan.tv\\\/az\\\/?s={search_term_string}\"},\"query-input\":{\"@type\":\"PropertyValueSpecification\",\"valueRequired\":true,\"valueName\":\"search_term_string\"}}],\"inLanguage\":\"az\"},{\"@type\":\"Organization\",\"@id\":\"https:\\\/\\\/www.meydan.tv\\\/az\\\/#organization\",\"name\":\"Meydan TV\",\"url\":\"https:\\\/\\\/www.meydan.tv\\\/az\\\/\",\"logo\":{\"@type\":\"ImageObject\",\"inLanguage\":\"az\",\"@id\":\"https:\\\/\\\/www.meydan.tv\\\/az\\\/#\\\/schema\\\/logo\\\/image\\\/\",\"url\":\"https:\\\/\\\/www.meydan.tv\\\/wp-content\\\/uploads\\\/2021\\\/07\\\/meydan-logo.svg\",\"contentUrl\":\"https:\\\/\\\/www.meydan.tv\\\/wp-content\\\/uploads\\\/2021\\\/07\\\/meydan-logo.svg\",\"width\":195,\"height\":46,\"caption\":\"Meydan TV\"},\"image\":{\"@id\":\"https:\\\/\\\/www.meydan.tv\\\/az\\\/#\\\/schema\\\/logo\\\/image\\\/\"}},{\"@type\":\"Person\",\"@id\":\"https:\\\/\\\/www.meydan.tv\\\/az\\\/#\\\/schema\\\/person\\\/10d11eccf6da3662cf5fdab9806ea91a\",\"name\":\"user-manager\"}]}<\/script>\n<!-- \/ Yoast SEO plugin. -->","yoast_head_json":{"title":"Pa\u015finyan Rusiya s\u00fclhm\u0259raml\u0131lar\u0131n\u0131 m\u00fcharib\u0259ni dayand\u0131rma\u011fa \u00e7a\u011f\u0131r\u0131b - MEYDAN.TV","robots":{"index":"index","follow":"follow","max-snippet":"max-snippet:-1","max-image-preview":"max-image-preview:large","max-video-preview":"max-video-preview:-1"},"canonical":"https:\/\/www.meydan.tv\/az\/article\/pasinyan-rusiya-sulhmeqamlilarini-muharibeni-dayandirmaga-cagirib\/","og_locale":"az_AZ","og_type":"article","og_title":"Pa\u015finyan Rusiya s\u00fclhm\u0259raml\u0131lar\u0131n\u0131 m\u00fcharib\u0259ni dayand\u0131rma\u011fa \u00e7a\u011f\u0131r\u0131b - MEYDAN.TV","og_description":"\"H\u0259rbi m\u00fct\u0259x\u0259ssisl\u0259r d\u00fc\u015f\u00fcn\u00fcrl\u0259r ki, Prezident \u018fliyev m\u00fcharib\u0259ni \u00e7\u0259tinl\u0259\u015fdir\u0259c\u0259k q\u0131\u015f f\u0259sli g\u0259lm\u0259d\u0259n \u00f6nc\u0259 Da\u011fl\u0131q Qaraba\u011f\u0131n \u0259sas \u015f\u0259h\u0259rl\u0259rind\u0259 b\u00f6y\u00fck \u00f6l\u00e7\u00fcd\u0259 h\u0259rbi ir\u0259lil\u0259yi\u015f edilm\u0259sini n\u0259z\u0259rd\u0259 tutur\u201d, - q\u0259zet yaz\u0131r.","og_url":"https:\/\/www.meydan.tv\/az\/article\/pasinyan-rusiya-sulhmeqamlilarini-muharibeni-dayandirmaga-cagirib\/","og_site_name":"MEYDAN.TV","article_published_time":"2020-10-30T18:03:58+00:00","og_image":[{"width":2560,"height":1707,"url":"https:\/\/www.meydan.tv\/wp-content\/uploads\/image_from_ios_1_kzzhmby-scaled.jpg","type":"image\/jpeg"}],"author":"user-manager","twitter_card":"summary_large_image","schema":{"@context":"https:\/\/schema.org","@graph":[{"@type":"Article","@id":"https:\/\/www.meydan.tv\/az\/article\/pasinyan-rusiya-sulhmeqamlilarini-muharibeni-dayandirmaga-cagirib\/#article","isPartOf":{"@id":"https:\/\/www.meydan.tv\/az\/article\/pasinyan-rusiya-sulhmeqamlilarini-muharibeni-dayandirmaga-cagirib\/"},"author":{"name":"user-manager","@id":"https:\/\/www.meydan.tv\/az\/#\/schema\/person\/10d11eccf6da3662cf5fdab9806ea91a"},"headline":"Pa\u015finyan Rusiya s\u00fclhm\u0259raml\u0131lar\u0131n\u0131 m\u00fcharib\u0259ni dayand\u0131rma\u011fa \u00e7a\u011f\u0131r\u0131b","datePublished":"2020-10-30T18:03:58+00:00","mainEntityOfPage":{"@id":"https:\/\/www.meydan.tv\/az\/article\/pasinyan-rusiya-sulhmeqamlilarini-muharibeni-dayandirmaga-cagirib\/"},"wordCount":1658,"publisher":{"@id":"https:\/\/www.meydan.tv\/az\/#organization"},"image":{"@id":"https:\/\/www.meydan.tv\/az\/article\/pasinyan-rusiya-sulhmeqamlilarini-muharibeni-dayandirmaga-cagirib\/#primaryimage"},"thumbnailUrl":"https:\/\/www.meydan.tv\/wp-content\/uploads\/image_from_ios_1_kzzhmby-scaled-e1656416278975.jpg","articleSection":["Siyas\u0259t"],"inLanguage":"az"},{"@type":"WebPage","@id":"https:\/\/www.meydan.tv\/az\/article\/pasinyan-rusiya-sulhmeqamlilarini-muharibeni-dayandirmaga-cagirib\/","url":"https:\/\/www.meydan.tv\/az\/article\/pasinyan-rusiya-sulhmeqamlilarini-muharibeni-dayandirmaga-cagirib\/","name":"Pa\u015finyan Rusiya s\u00fclhm\u0259raml\u0131lar\u0131n\u0131 m\u00fcharib\u0259ni dayand\u0131rma\u011fa \u00e7a\u011f\u0131r\u0131b - MEYDAN.TV","isPartOf":{"@id":"https:\/\/www.meydan.tv\/az\/#website"},"primaryImageOfPage":{"@id":"https:\/\/www.meydan.tv\/az\/article\/pasinyan-rusiya-sulhmeqamlilarini-muharibeni-dayandirmaga-cagirib\/#primaryimage"},"image":{"@id":"https:\/\/www.meydan.tv\/az\/article\/pasinyan-rusiya-sulhmeqamlilarini-muharibeni-dayandirmaga-cagirib\/#primaryimage"},"thumbnailUrl":"https:\/\/www.meydan.tv\/wp-content\/uploads\/image_from_ios_1_kzzhmby-scaled-e1656416278975.jpg","datePublished":"2020-10-30T18:03:58+00:00","breadcrumb":{"@id":"https:\/\/www.meydan.tv\/az\/article\/pasinyan-rusiya-sulhmeqamlilarini-muharibeni-dayandirmaga-cagirib\/#breadcrumb"},"inLanguage":"az","potentialAction":[{"@type":"ReadAction","target":["https:\/\/www.meydan.tv\/az\/article\/pasinyan-rusiya-sulhmeqamlilarini-muharibeni-dayandirmaga-cagirib\/"]}]},{"@type":"ImageObject","inLanguage":"az","@id":"https:\/\/www.meydan.tv\/az\/article\/pasinyan-rusiya-sulhmeqamlilarini-muharibeni-dayandirmaga-cagirib\/#primaryimage","url":"https:\/\/www.meydan.tv\/wp-content\/uploads\/image_from_ios_1_kzzhmby-scaled-e1656416278975.jpg","contentUrl":"https:\/\/www.meydan.tv\/wp-content\/uploads\/image_from_ios_1_kzzhmby-scaled-e1656416278975.jpg","width":2560,"height":1408,"caption":"Nikol Pa\u015finyan. Foto: Meydan TV"},{"@type":"BreadcrumbList","@id":"https:\/\/www.meydan.tv\/az\/article\/pasinyan-rusiya-sulhmeqamlilarini-muharibeni-dayandirmaga-cagirib\/#breadcrumb","itemListElement":[{"@type":"ListItem","position":1,"name":"Ana s\u0259hif\u0259","item":"https:\/\/www.meydan.tv\/az\/"},{"@type":"ListItem","position":2,"name":"Siyas\u0259t","item":"https:\/\/www.meydan.tv\/az\/section\/siyaset\/"},{"@type":"ListItem","position":3,"name":"Pa\u015finyan Rusiya s\u00fclhm\u0259raml\u0131lar\u0131n\u0131 m\u00fcharib\u0259ni dayand\u0131rma\u011fa \u00e7a\u011f\u0131r\u0131b"}]},{"@type":"WebSite","@id":"https:\/\/www.meydan.tv\/az\/#website","url":"https:\/\/www.meydan.tv\/az\/","name":"MEYDAN.TV","description":"Meydan TV Az\u0259rbaycan\u0131n media m\u0259kan\u0131ndak\u0131 alternativ s\u0259sidir","publisher":{"@id":"https:\/\/www.meydan.tv\/az\/#organization"},"potentialAction":[{"@type":"SearchAction","target":{"@type":"EntryPoint","urlTemplate":"https:\/\/www.meydan.tv\/az\/?s={search_term_string}"},"query-input":{"@type":"PropertyValueSpecification","valueRequired":true,"valueName":"search_term_string"}}],"inLanguage":"az"},{"@type":"Organization","@id":"https:\/\/www.meydan.tv\/az\/#organization","name":"Meydan TV","url":"https:\/\/www.meydan.tv\/az\/","logo":{"@type":"ImageObject","inLanguage":"az","@id":"https:\/\/www.meydan.tv\/az\/#\/schema\/logo\/image\/","url":"https:\/\/www.meydan.tv\/wp-content\/uploads\/2021\/07\/meydan-logo.svg","contentUrl":"https:\/\/www.meydan.tv\/wp-content\/uploads\/2021\/07\/meydan-logo.svg","width":195,"height":46,"caption":"Meydan TV"},"image":{"@id":"https:\/\/www.meydan.tv\/az\/#\/schema\/logo\/image\/"}},{"@type":"Person","@id":"https:\/\/www.meydan.tv\/az\/#\/schema\/person\/10d11eccf6da3662cf5fdab9806ea91a","name":"user-manager"}]}},"_links":{"self":[{"href":"https:\/\/www.meydan.tv\/az\/wp-json\/wp\/v2\/posts\/203330","targetHints":{"allow":["GET"]}}],"collection":[{"href":"https:\/\/www.meydan.tv\/az\/wp-json\/wp\/v2\/posts"}],"about":[{"href":"https:\/\/www.meydan.tv\/az\/wp-json\/wp\/v2\/types\/post"}],"author":[{"embeddable":true,"href":"https:\/\/www.meydan.tv\/az\/wp-json\/wp\/v2\/users\/11"}],"replies":[{"embeddable":true,"href":"https:\/\/www.meydan.tv\/az\/wp-json\/wp\/v2\/comments?post=203330"}],"version-history":[{"count":0,"href":"https:\/\/www.meydan.tv\/az\/wp-json\/wp\/v2\/posts\/203330\/revisions"}],"wp:featuredmedia":[{"embeddable":true,"href":"https:\/\/www.meydan.tv\/az\/wp-json\/wp\/v2\/media\/150747"}],"wp:attachment":[{"href":"https:\/\/www.meydan.tv\/az\/wp-json\/wp\/v2\/media?parent=203330"}],"wp:term":[{"taxonomy":"category","embeddable":true,"href":"https:\/\/www.meydan.tv\/az\/wp-json\/wp\/v2\/categories?post=203330"},{"taxonomy":"post_tag","embeddable":true,"href":"https:\/\/www.meydan.tv\/az\/wp-json\/wp\/v2\/tags?post=203330"}],"curies":[{"name":"wp","href":"https:\/\/api.w.org\/{rel}","templated":true}]}}