{"id":203325,"date":"2020-10-30T13:31:32","date_gmt":"2020-10-30T13:31:32","guid":{"rendered":"https:\/\/www.meydan.tv\/article\/oglum-intihar-etmeyib-onu-oldurubler\/"},"modified":"2020-10-30T13:31:32","modified_gmt":"2020-10-30T13:31:32","slug":"oglum-intihar-etmeyib-onu-oldurubler","status":"publish","type":"post","link":"https:\/\/www.meydan.tv\/az\/article\/oglum-intihar-etmeyib-onu-oldurubler\/","title":{"rendered":"\u201cO\u011flum intihar etm\u0259yib, onu \u00f6ld\u00fcr\u00fcbl\u0259r\u201d"},"content":{"rendered":"<p>\n  <i><br \/>\n    \u018fsg\u0259r atas\u0131 o\u011flunun \u00f6l\u00fcm\u00fc il\u0259 ba\u011fl\u0131 istintaq\u0131n gedi\u015find\u0259n naraz\u0131d\u0131r<br \/>\n  <\/i>\n<\/p>\n<p>\n  \u201cO\u011flumu \u00f6ld\u00fcr\u00fcb, indi d\u0259 qan\u0131n\u0131 bat\u0131rmaq ist\u0259yirl\u0259r. \u00d6vlad\u0131m he\u00e7 vaxt \u00f6z\u00fcn\u00fc g\u00fcll\u0259l\u0259m\u0259zdi. Yalandan deyirl\u0259r ki, guya sevdiyi q\u0131za g\u00f6r\u0259 \u00f6z\u00fcn\u00fc vurub\u201d.\n<\/p>\n<p>\n  Bu il may\u0131n 7-d\u0259 15 sayl\u0131 c\u0259za\u00e7\u0259km\u0259 m\u00fc\u0259ssis\u0259sind\u0259 Penitensiar Xidm\u0259tin \u0259sg\u0259ri, 2001-ci il t\u0259v\u0259ll\u00fcdl\u00fc Polad Na\u011f\u0131 o\u011flu Salmanov aln\u0131ndan ald\u0131\u011f\u0131 g\u00fcll\u0259 yaras\u0131ndan 1 sayl\u0131 \u015e\u0259h\u0259r Kliniki X\u0259st\u0259xanas\u0131na apar\u0131lark\u0259n yolda ke\u00e7inib. Hadis\u0259 il\u0259 ba\u011fl\u0131 Bak\u0131 H\u0259rbi Prokurorlu\u011funda Cinay\u0259t M\u0259c\u0259ll\u0259sinin 125-ci (\u00f6z\u00fcn\u00fc \u00f6ld\u00fcrm\u0259 h\u0259ddin\u0259 \u00e7atd\u0131rma) madd\u0259si il\u0259 cinay\u0259t i\u015fi ba\u015flay\u0131b.\n<\/p>\n<p>\n  \u018fsg\u0259rin atas\u0131, Xa\u00e7maz rayon Bostan\u00e7\u0131 k\u0259nd sakini Na\u011f\u0131 Salmanov o\u011flunun intihar etm\u0259diyini, \u00f6ld\u00fcr\u00fcld\u00fcy\u00fcn\u00fc iddia edir. Bir ne\u00e7\u0259 ayd\u0131r faktla ba\u011fl\u0131 a\u00e7\u0131lan cinay\u0259t i\u015finin qeyri-obyektiv apar\u0131ld\u0131\u011f\u0131n\u0131 s\u00f6yl\u0259yir:\n<\/p>\n<p>\n  \u201cH\u0259rbi xidm\u0259ti ba\u015fa vurub, ev\u0259 g\u0259lm\u0259yin\u0259 d\u00f6rd ay qalm\u0131\u015fd\u0131. \u00d6l\u00fcm\u00fcnd\u0259n on g\u00fcn qabaq dan\u0131\u015fd\u0131q, dedi ki, h\u0259r \u015fey yax\u015f\u0131d\u0131r. May\u0131n 7-d\u0259 ax\u015fam Polad\u0131n xidm\u0259t etdiyi h\u0259rbi hiss\u0259d\u0259n z\u0259ng g\u0259ldi ki, o\u011flunuz \u00f6l\u00fcb. S\u0259b\u0259bini soru\u015fanda telefonda dedil\u0259r ki, bilmirik. M\u0259n\u0259 deyildi ki, sabah h\u0259rbi hiss\u0259y\u0259 g\u0259lin. T\u0259krar ba\u015fqa bir n\u00f6mr\u0259d\u0259n z\u0259ng g\u0259ldi. Bildirdil\u0259r ki, biz\u0259 Bak\u0131dan z\u0259ng edibl\u0259r, o\u011flunuz x\u0259st\u0259xanadad\u0131r, son n\u0259f\u0259sidir, sizi g\u00f6rm\u0259k ist\u0259yir. Etiraz etdim ki, b\u0259s m\u0259n\u0259 dedil\u0259r ki, o\u011flum \u00f6l\u00fcb? Dedil\u0259r ki, sa\u011fd\u0131r. M\u0259ni h\u0259rbi prokurorlu\u011fa apard\u0131lar. \u0130zahat ald\u0131lar, sonra da dedil\u0259r ki, qol \u00e7\u0259k. \u0130zahat\u0131 yazanda da dedim ki, m\u0259nim o\u011flum he\u00e7 vaxt \u00f6z\u00fcn\u00fc g\u00fcll\u0259l\u0259y\u0259 bilm\u0259z. Oradan m\u0259ni morqa apard\u0131lar. O\u011flumun meyitini g\u00f6t\u00fcr\u00fcb, onlarla birg\u0259 k\u0259nd\u0259 qay\u0131td\u0131q\u201d.\n<\/p>\n<p>\n  M\u0259rhumun atas\u0131 deyir ki, i\u015fi m\u00fcst\u0259ntiq Arif F\u0259rz\u0259liyev apar\u0131b. M\u00fcst\u0259ntiq Bostan\u00e7\u0131ya g\u0259l\u0259r\u0259k, k\u0259nd sakinl\u0259rind\u0259n, qon\u015fulardan izahat al\u0131b:\n<\/p>\n<p>\n  \u201cCamaat da sa\u011f olsun, oldu\u011fu kimi dan\u0131\u015fm\u0131\u015fd\u0131lar. Sonra ruhi dispanserd\u0259n bel\u0259, b\u00fct\u00fcn x\u0259st\u0259xanalar\u0131 g\u0259zdil\u0259r. N\u0259 axtar\u0131rd\u0131lar, n\u0259yi s\u00fcbut etm\u0259k ist\u0259yirdil\u0259r, anlamad\u0131m. El\u0259 bil, balaca u\u015faq ba\u015f\u0131 aldad\u0131rlar. O\u011flum aylard\u0131r, h\u0259rbi xidm\u0259td\u0259 qulluq edib, d\u0259li oldu\u011fu bilinm\u0259yib. N\u0259 oldu, sonradan d\u0259li olub, \u00f6z\u00fcn\u00fc vurdu? \u0130nsan niy\u0259 dayand\u0131\u011f\u0131 yerd\u0259 \u00f6z\u00fcn\u00fc g\u00fcll\u0259l\u0259sin? Bizi d\u0259f\u0259l\u0259rl\u0259 H\u0259rbi Prokurorlu\u011fa apard\u0131lar-g\u0259tirdil\u0259r. Sonra da dedil\u0259r ki, b\u0259s o\u011flunuz q\u0131z \u00fcst\u00fcnd\u0259 \u00f6z\u00fcn\u00fc g\u00fcll\u0259l\u0259yib. M\u0259n d\u0259 t\u0259l\u0259b etdim ki, hans\u0131 q\u0131zd\u0131r, deyin, biz d\u0259 bil\u0259k. O\u011flumun ist\u0259diyi olsa, ail\u0259si bunu bil\u0259rdi. Dedil\u0259r ki, b\u0259s day\u0131s\u0131 q\u0131z\u0131n\u0131 ist\u0259yib. M\u0259n d\u0259 dedim ki, s\u00fcbut et. M\u00fcst\u0259ntiq cavab\u0131nda dedi ki, s\u00fcbut yoxdur. Sonra da o\u011flumun \u00f6l\u00fcm\u00fcn\u00fc atd\u0131lar bizim \u00fcst\u00fcm\u00fcz\u0259. Dedil\u0259r ki, ail\u0259 problemi var. K\u0259nd camaat\u0131 da izahat verdi ki, \u00e7ox normal ail\u0259d\u0259 b\u00f6y\u00fcy\u00fcb. Ail\u0259sind\u0259 problem olan u\u015faq \u00f6z\u00fcn\u00fc h\u0259rbi hiss\u0259d\u0259 niy\u0259 g\u00fcll\u0259l\u0259yir?\u201d\n<\/p>\n<figure class=\"wp-block-image size-large\">\n  <img decoding=\"async\" src=\"https:\/\/www.meydan.tv\/az\/photo-2020-10-30-15-15-38-jpg\/\" alt=\"photo-2020-10-30-15-15-38.jpg\" class=\"wp-image-150720\"\/><figcaption>\n    Polad Salmanov<br \/>\n  <\/figcaption><\/figure>\n<p>\n  Ail\u0259 \u00f6vladlar\u0131n\u0131n \u00f6l\u00fcm\u00fcnd\u0259n sonra qarovul binas\u0131nda olan videoqeydiyyat blokundan g\u00f6r\u00fcnt\u00fcl\u0259r\u0259 bax\u0131\u015f ke\u00e7irilm\u0259sini t\u0259l\u0259b edib. Ata iddia edir ki, g\u00f6r\u00fcnt\u00fcl\u0259rin bir hiss\u0259si silinib:\n<\/p>\n<p>\n  \u201cHadis\u0259 ba\u015f ver\u0259n\u0259 q\u0259d\u0259r olan g\u00f6r\u00fcnt\u00fcl\u0259r silinm\u0259yib. O\u011flum postu t\u0259hvil alandan t\u0259xmin\u0259n 10 d\u0259qiq\u0259 sonra \u0259lini qap\u0131n\u0131n d\u0259st\u0259yin\u0259 uzad\u0131r v\u0259 a\u00e7\u0131r. Qap\u0131dan i\u00e7\u0259ri h\u0259rbi geyimd\u0259 k\u00f6k bir adam girir. Bu adam i\u00e7\u0259ri gir\u0259nd\u0259n sonra \u00e7\u0259kili\u015f pozulur. Onlara demi\u015f\u0259m ki, m\u0259n\u0259 yalan dan\u0131\u015fmay\u0131n. O\u011flumu kim \u00f6ld\u00fcr\u00fcbs\u0259, c\u0259zas\u0131n\u0131 \u00e7\u0259ksin. Dedil\u0259r ki, avtomat\u0131 aln\u0131na dayayayaraq \u00f6z\u00fcn\u00fc vurub. \u0130ki qa\u015f\u0131n\u0131n aras\u0131nda \u00e7e\u00e7\u0259l\u0259 barma\u011f\u0131n ucu d\u0259rinliyind\u0259 g\u00fcll\u0259 yaras\u0131 vard\u0131. Avtomat yox, tapan\u00e7a yaras\u0131na ox\u015fay\u0131rd\u0131. \u018fg\u0259r avtomatla \u00f6z\u00fcn\u00fc vursayd\u0131, ba\u015f\u0131 par\u00e7alanm\u0131\u015fd\u0131. Yaraya baxan \u0259n na\u015f\u0131 adam da ba\u015fa d\u00fc\u015f\u0259rdi ki, at\u0259\u015f 10 metr m\u0259saf\u0259d\u0259n vurulub. Yan\u0131na gir\u0259n adam vurub. Kameradak\u0131 g\u00f6r\u00fcnt\u00fcl\u0259r d\u0259 silinib\u201d.\n<\/p>\n<p>\n  Na\u011f\u0131 Salmanov n\u0259 q\u0259d\u0259r israr ets\u0259 d\u0259, \u00f6l\u0259n o\u011flunun \u015f\u0259xsi \u0259\u015fyalar\u0131 ona verilm\u0259yib. Ata bu haqs\u0131zl\u0131\u011fa d\u00f6z\u0259 bilm\u0259diyini deyir:\n<\/p>\n<p>\n  \u201cO\u011flumun cibind\u0259n \u00e7\u0131xan q\u0259l\u0259m-d\u0259ft\u0259rini, qanl\u0131 paltar\u0131n\u0131 verm\u0259dil\u0259r. Dedim ki, m\u0259n valideyn\u0259m, s\u0259n\u0259 u\u015faq vermi\u015f\u0259m, indi d\u0259 t\u0259l\u0259b edir\u0259m. Onlara demi\u015f\u0259m ki, o\u011fluma \u015f\u0259hid ad\u0131 verin. \u00d6vlad\u0131m orada xainlik etm\u0259yib. D\u00f6vl\u0259tim, v\u0259t\u0259nim \u00fc\u00e7\u00fcn xidm\u0259t g\u00f6st\u0259rib. U\u015fa\u011f\u0131m Qaraba\u011fda \u00f6ls\u0259ydi, bu q\u0259d\u0259r yanmazd\u0131m. Dey\u0259rdim ki, v\u0259t\u0259n sa\u011f olsun. O\u011flum Bak\u0131da, az\u0259rbaycanl\u0131lar\u0131n gur yerind\u0259, \u00f6z\u00fc d\u0259 M\u00fchafiz\u0259 Alay\u0131nda vurulub. M\u0259ni aldatd\u0131lar ki, b\u0259s siz\u0259 h\u0259lak olmu\u015f h\u0259rbi qulluq\u00e7uya g\u00f6r\u0259 11 min manat \u00f6d\u0259nil\u0259c\u0259k. \u018flav\u0259 d\u0259 3 min manat d\u0259fn \u00fc\u00e7\u00fcn veril\u0259c\u0259k. Bunu m\u0259n\u0259 H\u0259rbi Prokurorluqda dedil\u0259r. S\u00f6yl\u0259dil\u0259r ki, narahat olmay\u0131n, Xa\u00e7maz Rayon H\u0259rbi Komissarl\u0131\u011f\u0131na tap\u015f\u0131rm\u0131\u015f\u0131q, siz\u0259 pulu ver\u0259c\u0259kl\u0259r. Rayon komissarl\u0131\u011f\u0131nda m\u0259lum oldu ki, m\u0259ni aldad\u0131blar. H\u0259min pul \u015f\u0259hid ail\u0259sin\u0259 verilirmi\u015f. D\u0259f\u0259l\u0259rl\u0259 Prezident \u0130lham \u018fliyev\u0259 v\u0259 Birinci vitse-prezident Mehriban \u018fliyevaya m\u0259ktub yazm\u0131\u015fam. H\u0259rbi Prokurorluq m\u0259n\u0259 deyir ki, s\u0259n hara ist\u0259yirs\u0259n, \u015fikay\u0259t et, \u0259riz\u0259l\u0259r bizim \u00fcst\u00fcm\u00fcz\u0259 g\u0259lir. \u0130\u015f burada h\u0259ll olunacaq\u201d.\n<\/p>\n<p>\n  Na\u011f\u0131 Salmanovun cinay\u0259t i\u015fi \u00fczr\u0259 istintaq\u0131n qeyri-obyektiv apar\u0131lmas\u0131 il\u0259 ba\u011fl\u0131 Birinci vitse-prezident Mehriban \u018fliyevaya \u00fcnvanlad\u0131\u011f\u0131 \u015fikay\u0259t m\u0259ktubuna cavab olaraq, H\u0259rbi Prokurorluqlarda istintaqa n\u0259zar\u0259t \u015f\u00f6b\u0259sinin r\u0259isi Oktay A\u011fayev bildirib ki, m\u00fcraci\u0259t \u00fczr\u0259 ara\u015fd\u0131rma apar\u0131l\u0131b. Cinay\u0259t i\u015finin qeyri-obyektiv istintaq olunmas\u0131 v\u0259 ya i\u015f \u00fczr\u0259 qanunsuz q\u0259rarlar\u0131n q\u0259bul olunmas\u0131 m\u00fc\u0259yy\u0259n olunmay\u0131b.\n<\/p>\n<p>\n  \u201cBu, bizim i\u015fimizdir. \u018flb\u0259tt\u0259 ki, camaat aras\u0131nda sor\u011fu apar\u0131b, dindir\u0259c\u0259yik. Qald\u0131 ki, dig\u0259r m\u0259s\u0259l\u0259l\u0259r\u0259, m\u0259n h\u0259min i\u015fi q\u0131sa bir m\u00fcdd\u0259t apard\u0131m. \u0130stintaq\u0131n \u0259sas hiss\u0259sini Rafael \u0130smay\u0131lov apar\u0131b\u201d, &#8211; m\u00fcst\u0259ntiq Arif F\u0259rz\u0259liyev Meydan TV-y\u0259 deyib.\n<\/p>\n<p>\n  M\u00fcst\u0259ntiq Rafael \u0130smay\u0131lov m\u0259s\u0259l\u0259 il\u0259 ba\u011fl\u0131 dan\u0131\u015fmaq ist\u0259m\u0259yib. H\u0259rbi Prokurorlu\u011fun m\u0259tbuat xidm\u0259tind\u0259n m\u00fcnasib\u0259t \u00f6yr\u0259nm\u0259k m\u00fcmk\u00fcn olmay\u0131b.\n<\/p>\n<figure class=\"wp-block-image size-large\">\n  <img decoding=\"async\" src=\"https:\/\/www.meydan.tv\/az\/photo-2020-10-30-15-15-36-jpg-2\/\" alt=\"photo-2020-10-30-15-15-36.jpg\" class=\"wp-image-150723\"\/><figcaption>\n    H\u0259rbi prokurorlu\u011fun cavab m\u0259ktubu<br \/>\n  <\/figcaption><\/figure>\n","protected":false},"excerpt":{"rendered":"<p>\u201cO\u011flumun cibind\u0259n \u00e7\u0131xan q\u0259l\u0259m-d\u0259ft\u0259rini, qanl\u0131 paltar\u0131n\u0131 verm\u0259dil\u0259r&#8221;.<\/p>\n","protected":false},"author":11,"featured_media":150717,"comment_status":"closed","ping_status":"open","sticky":false,"template":"","format":"standard","meta":{"_acf_changed":false,"_sitemap_exclude":false,"_sitemap_priority":"","_sitemap_frequency":"","footnotes":""},"categories":[60],"tags":[],"class_list":["post-203325","post","type-post","status-publish","format-standard","has-post-thumbnail","hentry","category-bolge","infinite-scroll-item","generate-columns","tablet-grid-50","mobile-grid-100","grid-parent","grid-33","no-featured-image-padding"],"acf":[],"yoast_head":"<!-- This site is optimized with the Yoast SEO plugin v27.5 - https:\/\/yoast.com\/product\/yoast-seo-wordpress\/ -->\n<title>\u201cO\u011flum intihar etm\u0259yib, onu \u00f6ld\u00fcr\u00fcbl\u0259r\u201d - MEYDAN.TV<\/title>\n<meta name=\"robots\" content=\"index, follow, max-snippet:-1, max-image-preview:large, max-video-preview:-1\" \/>\n<link rel=\"canonical\" href=\"https:\/\/www.meydan.tv\/az\/article\/oglum-intihar-etmeyib-onu-oldurubler\/\" \/>\n<meta property=\"og:locale\" content=\"az_AZ\" \/>\n<meta property=\"og:type\" content=\"article\" \/>\n<meta property=\"og:title\" content=\"\u201cO\u011flum intihar etm\u0259yib, onu \u00f6ld\u00fcr\u00fcbl\u0259r\u201d - MEYDAN.TV\" \/>\n<meta property=\"og:description\" content=\"\u201cO\u011flumun cibind\u0259n \u00e7\u0131xan q\u0259l\u0259m-d\u0259ft\u0259rini, qanl\u0131 paltar\u0131n\u0131 verm\u0259dil\u0259r&quot;.\" \/>\n<meta property=\"og:url\" content=\"https:\/\/www.meydan.tv\/az\/article\/oglum-intihar-etmeyib-onu-oldurubler\/\" \/>\n<meta property=\"og:site_name\" content=\"MEYDAN.TV\" \/>\n<meta property=\"article:published_time\" content=\"2020-10-30T13:31:32+00:00\" \/>\n<meta property=\"og:image\" content=\"https:\/\/www.meydan.tv\/wp-content\/uploads\/photo-2020-10-30-15-15-37.jpg\" \/>\n\t<meta property=\"og:image:width\" content=\"1040\" \/>\n\t<meta property=\"og:image:height\" content=\"780\" \/>\n\t<meta property=\"og:image:type\" content=\"image\/jpeg\" \/>\n<meta name=\"author\" content=\"user-manager\" \/>\n<meta name=\"twitter:card\" content=\"summary_large_image\" \/>\n<script type=\"application\/ld+json\" class=\"yoast-schema-graph\">{\"@context\":\"https:\\\/\\\/schema.org\",\"@graph\":[{\"@type\":\"Article\",\"@id\":\"https:\\\/\\\/www.meydan.tv\\\/az\\\/article\\\/oglum-intihar-etmeyib-onu-oldurubler\\\/#article\",\"isPartOf\":{\"@id\":\"https:\\\/\\\/www.meydan.tv\\\/az\\\/article\\\/oglum-intihar-etmeyib-onu-oldurubler\\\/\"},\"author\":{\"name\":\"user-manager\",\"@id\":\"https:\\\/\\\/www.meydan.tv\\\/az\\\/#\\\/schema\\\/person\\\/10d11eccf6da3662cf5fdab9806ea91a\"},\"headline\":\"\u201cO\u011flum intihar etm\u0259yib, onu \u00f6ld\u00fcr\u00fcbl\u0259r\u201d\",\"datePublished\":\"2020-10-30T13:31:32+00:00\",\"mainEntityOfPage\":{\"@id\":\"https:\\\/\\\/www.meydan.tv\\\/az\\\/article\\\/oglum-intihar-etmeyib-onu-oldurubler\\\/\"},\"wordCount\":1285,\"publisher\":{\"@id\":\"https:\\\/\\\/www.meydan.tv\\\/az\\\/#organization\"},\"image\":{\"@id\":\"https:\\\/\\\/www.meydan.tv\\\/az\\\/article\\\/oglum-intihar-etmeyib-onu-oldurubler\\\/#primaryimage\"},\"thumbnailUrl\":\"https:\\\/\\\/www.meydan.tv\\\/wp-content\\\/uploads\\\/photo-2020-10-30-15-15-37.jpg\",\"articleSection\":[\"B\u00f6lg\u0259\"],\"inLanguage\":\"az\"},{\"@type\":\"WebPage\",\"@id\":\"https:\\\/\\\/www.meydan.tv\\\/az\\\/article\\\/oglum-intihar-etmeyib-onu-oldurubler\\\/\",\"url\":\"https:\\\/\\\/www.meydan.tv\\\/az\\\/article\\\/oglum-intihar-etmeyib-onu-oldurubler\\\/\",\"name\":\"\u201cO\u011flum intihar etm\u0259yib, onu \u00f6ld\u00fcr\u00fcbl\u0259r\u201d - MEYDAN.TV\",\"isPartOf\":{\"@id\":\"https:\\\/\\\/www.meydan.tv\\\/az\\\/#website\"},\"primaryImageOfPage\":{\"@id\":\"https:\\\/\\\/www.meydan.tv\\\/az\\\/article\\\/oglum-intihar-etmeyib-onu-oldurubler\\\/#primaryimage\"},\"image\":{\"@id\":\"https:\\\/\\\/www.meydan.tv\\\/az\\\/article\\\/oglum-intihar-etmeyib-onu-oldurubler\\\/#primaryimage\"},\"thumbnailUrl\":\"https:\\\/\\\/www.meydan.tv\\\/wp-content\\\/uploads\\\/photo-2020-10-30-15-15-37.jpg\",\"datePublished\":\"2020-10-30T13:31:32+00:00\",\"breadcrumb\":{\"@id\":\"https:\\\/\\\/www.meydan.tv\\\/az\\\/article\\\/oglum-intihar-etmeyib-onu-oldurubler\\\/#breadcrumb\"},\"inLanguage\":\"az\",\"potentialAction\":[{\"@type\":\"ReadAction\",\"target\":[\"https:\\\/\\\/www.meydan.tv\\\/az\\\/article\\\/oglum-intihar-etmeyib-onu-oldurubler\\\/\"]}]},{\"@type\":\"ImageObject\",\"inLanguage\":\"az\",\"@id\":\"https:\\\/\\\/www.meydan.tv\\\/az\\\/article\\\/oglum-intihar-etmeyib-onu-oldurubler\\\/#primaryimage\",\"url\":\"https:\\\/\\\/www.meydan.tv\\\/wp-content\\\/uploads\\\/photo-2020-10-30-15-15-37.jpg\",\"contentUrl\":\"https:\\\/\\\/www.meydan.tv\\\/wp-content\\\/uploads\\\/photo-2020-10-30-15-15-37.jpg\",\"width\":1040,\"height\":780,\"caption\":\"Source: Specify Source\"},{\"@type\":\"BreadcrumbList\",\"@id\":\"https:\\\/\\\/www.meydan.tv\\\/az\\\/article\\\/oglum-intihar-etmeyib-onu-oldurubler\\\/#breadcrumb\",\"itemListElement\":[{\"@type\":\"ListItem\",\"position\":1,\"name\":\"Ana s\u0259hif\u0259\",\"item\":\"https:\\\/\\\/www.meydan.tv\\\/az\\\/\"},{\"@type\":\"ListItem\",\"position\":2,\"name\":\"B\u00f6lg\u0259\",\"item\":\"https:\\\/\\\/www.meydan.tv\\\/az\\\/section\\\/bolge\\\/\"},{\"@type\":\"ListItem\",\"position\":3,\"name\":\"\u201cO\u011flum intihar etm\u0259yib, onu \u00f6ld\u00fcr\u00fcbl\u0259r\u201d\"}]},{\"@type\":\"WebSite\",\"@id\":\"https:\\\/\\\/www.meydan.tv\\\/az\\\/#website\",\"url\":\"https:\\\/\\\/www.meydan.tv\\\/az\\\/\",\"name\":\"MEYDAN.TV\",\"description\":\"Meydan TV Az\u0259rbaycan\u0131n media m\u0259kan\u0131ndak\u0131 alternativ s\u0259sidir\",\"publisher\":{\"@id\":\"https:\\\/\\\/www.meydan.tv\\\/az\\\/#organization\"},\"potentialAction\":[{\"@type\":\"SearchAction\",\"target\":{\"@type\":\"EntryPoint\",\"urlTemplate\":\"https:\\\/\\\/www.meydan.tv\\\/az\\\/?s={search_term_string}\"},\"query-input\":{\"@type\":\"PropertyValueSpecification\",\"valueRequired\":true,\"valueName\":\"search_term_string\"}}],\"inLanguage\":\"az\"},{\"@type\":\"Organization\",\"@id\":\"https:\\\/\\\/www.meydan.tv\\\/az\\\/#organization\",\"name\":\"Meydan TV\",\"url\":\"https:\\\/\\\/www.meydan.tv\\\/az\\\/\",\"logo\":{\"@type\":\"ImageObject\",\"inLanguage\":\"az\",\"@id\":\"https:\\\/\\\/www.meydan.tv\\\/az\\\/#\\\/schema\\\/logo\\\/image\\\/\",\"url\":\"https:\\\/\\\/www.meydan.tv\\\/wp-content\\\/uploads\\\/2021\\\/07\\\/meydan-logo.svg\",\"contentUrl\":\"https:\\\/\\\/www.meydan.tv\\\/wp-content\\\/uploads\\\/2021\\\/07\\\/meydan-logo.svg\",\"width\":195,\"height\":46,\"caption\":\"Meydan TV\"},\"image\":{\"@id\":\"https:\\\/\\\/www.meydan.tv\\\/az\\\/#\\\/schema\\\/logo\\\/image\\\/\"}},{\"@type\":\"Person\",\"@id\":\"https:\\\/\\\/www.meydan.tv\\\/az\\\/#\\\/schema\\\/person\\\/10d11eccf6da3662cf5fdab9806ea91a\",\"name\":\"user-manager\"}]}<\/script>\n<!-- \/ Yoast SEO plugin. -->","yoast_head_json":{"title":"\u201cO\u011flum intihar etm\u0259yib, onu \u00f6ld\u00fcr\u00fcbl\u0259r\u201d - MEYDAN.TV","robots":{"index":"index","follow":"follow","max-snippet":"max-snippet:-1","max-image-preview":"max-image-preview:large","max-video-preview":"max-video-preview:-1"},"canonical":"https:\/\/www.meydan.tv\/az\/article\/oglum-intihar-etmeyib-onu-oldurubler\/","og_locale":"az_AZ","og_type":"article","og_title":"\u201cO\u011flum intihar etm\u0259yib, onu \u00f6ld\u00fcr\u00fcbl\u0259r\u201d - MEYDAN.TV","og_description":"\u201cO\u011flumun cibind\u0259n \u00e7\u0131xan q\u0259l\u0259m-d\u0259ft\u0259rini, qanl\u0131 paltar\u0131n\u0131 verm\u0259dil\u0259r\".","og_url":"https:\/\/www.meydan.tv\/az\/article\/oglum-intihar-etmeyib-onu-oldurubler\/","og_site_name":"MEYDAN.TV","article_published_time":"2020-10-30T13:31:32+00:00","og_image":[{"width":1040,"height":780,"url":"https:\/\/www.meydan.tv\/wp-content\/uploads\/photo-2020-10-30-15-15-37.jpg","type":"image\/jpeg"}],"author":"user-manager","twitter_card":"summary_large_image","schema":{"@context":"https:\/\/schema.org","@graph":[{"@type":"Article","@id":"https:\/\/www.meydan.tv\/az\/article\/oglum-intihar-etmeyib-onu-oldurubler\/#article","isPartOf":{"@id":"https:\/\/www.meydan.tv\/az\/article\/oglum-intihar-etmeyib-onu-oldurubler\/"},"author":{"name":"user-manager","@id":"https:\/\/www.meydan.tv\/az\/#\/schema\/person\/10d11eccf6da3662cf5fdab9806ea91a"},"headline":"\u201cO\u011flum intihar etm\u0259yib, onu \u00f6ld\u00fcr\u00fcbl\u0259r\u201d","datePublished":"2020-10-30T13:31:32+00:00","mainEntityOfPage":{"@id":"https:\/\/www.meydan.tv\/az\/article\/oglum-intihar-etmeyib-onu-oldurubler\/"},"wordCount":1285,"publisher":{"@id":"https:\/\/www.meydan.tv\/az\/#organization"},"image":{"@id":"https:\/\/www.meydan.tv\/az\/article\/oglum-intihar-etmeyib-onu-oldurubler\/#primaryimage"},"thumbnailUrl":"https:\/\/www.meydan.tv\/wp-content\/uploads\/photo-2020-10-30-15-15-37.jpg","articleSection":["B\u00f6lg\u0259"],"inLanguage":"az"},{"@type":"WebPage","@id":"https:\/\/www.meydan.tv\/az\/article\/oglum-intihar-etmeyib-onu-oldurubler\/","url":"https:\/\/www.meydan.tv\/az\/article\/oglum-intihar-etmeyib-onu-oldurubler\/","name":"\u201cO\u011flum intihar etm\u0259yib, onu \u00f6ld\u00fcr\u00fcbl\u0259r\u201d - MEYDAN.TV","isPartOf":{"@id":"https:\/\/www.meydan.tv\/az\/#website"},"primaryImageOfPage":{"@id":"https:\/\/www.meydan.tv\/az\/article\/oglum-intihar-etmeyib-onu-oldurubler\/#primaryimage"},"image":{"@id":"https:\/\/www.meydan.tv\/az\/article\/oglum-intihar-etmeyib-onu-oldurubler\/#primaryimage"},"thumbnailUrl":"https:\/\/www.meydan.tv\/wp-content\/uploads\/photo-2020-10-30-15-15-37.jpg","datePublished":"2020-10-30T13:31:32+00:00","breadcrumb":{"@id":"https:\/\/www.meydan.tv\/az\/article\/oglum-intihar-etmeyib-onu-oldurubler\/#breadcrumb"},"inLanguage":"az","potentialAction":[{"@type":"ReadAction","target":["https:\/\/www.meydan.tv\/az\/article\/oglum-intihar-etmeyib-onu-oldurubler\/"]}]},{"@type":"ImageObject","inLanguage":"az","@id":"https:\/\/www.meydan.tv\/az\/article\/oglum-intihar-etmeyib-onu-oldurubler\/#primaryimage","url":"https:\/\/www.meydan.tv\/wp-content\/uploads\/photo-2020-10-30-15-15-37.jpg","contentUrl":"https:\/\/www.meydan.tv\/wp-content\/uploads\/photo-2020-10-30-15-15-37.jpg","width":1040,"height":780,"caption":"Source: Specify Source"},{"@type":"BreadcrumbList","@id":"https:\/\/www.meydan.tv\/az\/article\/oglum-intihar-etmeyib-onu-oldurubler\/#breadcrumb","itemListElement":[{"@type":"ListItem","position":1,"name":"Ana s\u0259hif\u0259","item":"https:\/\/www.meydan.tv\/az\/"},{"@type":"ListItem","position":2,"name":"B\u00f6lg\u0259","item":"https:\/\/www.meydan.tv\/az\/section\/bolge\/"},{"@type":"ListItem","position":3,"name":"\u201cO\u011flum intihar etm\u0259yib, onu \u00f6ld\u00fcr\u00fcbl\u0259r\u201d"}]},{"@type":"WebSite","@id":"https:\/\/www.meydan.tv\/az\/#website","url":"https:\/\/www.meydan.tv\/az\/","name":"MEYDAN.TV","description":"Meydan TV Az\u0259rbaycan\u0131n media m\u0259kan\u0131ndak\u0131 alternativ s\u0259sidir","publisher":{"@id":"https:\/\/www.meydan.tv\/az\/#organization"},"potentialAction":[{"@type":"SearchAction","target":{"@type":"EntryPoint","urlTemplate":"https:\/\/www.meydan.tv\/az\/?s={search_term_string}"},"query-input":{"@type":"PropertyValueSpecification","valueRequired":true,"valueName":"search_term_string"}}],"inLanguage":"az"},{"@type":"Organization","@id":"https:\/\/www.meydan.tv\/az\/#organization","name":"Meydan TV","url":"https:\/\/www.meydan.tv\/az\/","logo":{"@type":"ImageObject","inLanguage":"az","@id":"https:\/\/www.meydan.tv\/az\/#\/schema\/logo\/image\/","url":"https:\/\/www.meydan.tv\/wp-content\/uploads\/2021\/07\/meydan-logo.svg","contentUrl":"https:\/\/www.meydan.tv\/wp-content\/uploads\/2021\/07\/meydan-logo.svg","width":195,"height":46,"caption":"Meydan TV"},"image":{"@id":"https:\/\/www.meydan.tv\/az\/#\/schema\/logo\/image\/"}},{"@type":"Person","@id":"https:\/\/www.meydan.tv\/az\/#\/schema\/person\/10d11eccf6da3662cf5fdab9806ea91a","name":"user-manager"}]}},"_links":{"self":[{"href":"https:\/\/www.meydan.tv\/az\/wp-json\/wp\/v2\/posts\/203325","targetHints":{"allow":["GET"]}}],"collection":[{"href":"https:\/\/www.meydan.tv\/az\/wp-json\/wp\/v2\/posts"}],"about":[{"href":"https:\/\/www.meydan.tv\/az\/wp-json\/wp\/v2\/types\/post"}],"author":[{"embeddable":true,"href":"https:\/\/www.meydan.tv\/az\/wp-json\/wp\/v2\/users\/11"}],"replies":[{"embeddable":true,"href":"https:\/\/www.meydan.tv\/az\/wp-json\/wp\/v2\/comments?post=203325"}],"version-history":[{"count":0,"href":"https:\/\/www.meydan.tv\/az\/wp-json\/wp\/v2\/posts\/203325\/revisions"}],"wp:featuredmedia":[{"embeddable":true,"href":"https:\/\/www.meydan.tv\/az\/wp-json\/wp\/v2\/media\/150717"}],"wp:attachment":[{"href":"https:\/\/www.meydan.tv\/az\/wp-json\/wp\/v2\/media?parent=203325"}],"wp:term":[{"taxonomy":"category","embeddable":true,"href":"https:\/\/www.meydan.tv\/az\/wp-json\/wp\/v2\/categories?post=203325"},{"taxonomy":"post_tag","embeddable":true,"href":"https:\/\/www.meydan.tv\/az\/wp-json\/wp\/v2\/tags?post=203325"}],"curies":[{"name":"wp","href":"https:\/\/api.w.org\/{rel}","templated":true}]}}