{"id":203314,"date":"2020-10-30T10:51:05","date_gmt":"2020-10-30T10:51:05","guid":{"rendered":"https:\/\/www.meydan.tv\/article\/ele-vaxt-olur-ki-pensiya-kartim-aylarla-elime-gelib-catmir-aptekden-goturub-erzaq-dukanina-verirem\/"},"modified":"2020-10-30T10:51:05","modified_gmt":"2020-10-30T10:51:05","slug":"ele-vaxt-olur-ki-pensiya-kartim-aylarla-elime-gelib-catmir-aptekden-goturub-erzaq-dukanina-verirem","status":"publish","type":"post","link":"https:\/\/www.meydan.tv\/az\/article\/ele-vaxt-olur-ki-pensiya-kartim-aylarla-elime-gelib-catmir-aptekden-goturub-erzaq-dukanina-verirem\/","title":{"rendered":"\u201cEl\u0259 vaxt olur ki, pensiya kart\u0131m aylarla \u0259lim\u0259 g\u0259lib \u00e7atm\u0131r, aptekd\u0259n g\u00f6t\u00fcr\u00fcb \u0259rzaq d\u00fckan\u0131na verir\u0259m&#8230;\u201d"},"content":{"rendered":"<p>\n  <i><br \/>\n    G\u00f6ranboy sakini: \u201c\u018flilliyim\u0259 g\u00f6r\u0259 m\u0259n\u0259 i\u015f vermirl\u0259r\u201d<br \/>\n  <\/i>\n<\/p>\n<p>\n  \u201cD\u0259f\u0259l\u0259rl\u0259 Goranboy Rayon \u0130cra Hakimiyy\u0259tin\u0259 v\u0259 dig\u0259r aidiyy\u0259ti qurumlara h\u0259m \u015fifahi, h\u0259m d\u0259 yaz\u0131l\u0131 m\u00fcraci\u0259t el\u0259mi\u015f\u0259m. Ancaq el\u0259 bil s\u00f6z\u00fcn da\u015fa d\u0259yib, \u00f6z \u00fcst\u00fcn\u0259 qay\u0131d\u0131r. \u0130st\u0259diyim odur ki, bir \u0259lil olaraq m\u0259n\u0259 uy\u011fun i\u015fl\u0259 t\u0259min etsinl\u0259r, g\u00fcz\u0259\u015ftl\u0259rd\u0259n istifad\u0259 ed\u0259 bilim\u201d.\n<\/p>\n<p>\n  Goranboy rayon sakini, 62 ya\u015fl\u0131 Elbrus Sad\u0131xov 3-c\u00fc qrup \u0259lildir. Meydan TV-y\u0259 \u0259lilliyin onun h\u0259yat\u0131na yaratd\u0131\u011f\u0131 probleml\u0259rd\u0259n dan\u0131\u015f\u0131r. Deyir, 50 ildir ki, \u0259lildir, ancaq indiy\u0259d\u0259k d\u00f6vl\u0259tin m\u0259nzil, avtomobil, torpaq imtiyazlar\u0131ndan istifad\u0259 ed\u0259 bilm\u0259yib. Daha do\u011frusu, verm\u0259yibl\u0259r. Deyir ki, h\u0259tta ail\u0259 h\u0259yat\u0131 da \u0259lilliyinin qurban\u0131 olub. Ancaq indi ya\u015f 60-\u0131 \u00f6t\u00fcb, \u015f\u0259raitsiz evd\u0259 ya\u015fay\u0131r. Bu, h\u0259m d\u0259 t\u0259nha bir \u0259lil \u00fc\u00e7\u00fcn \u00e7ox \u00e7\u0259tindir. Bunun \u00fcst\u00fcn\u0259 bir d\u0259 i\u015fsizliyi g\u0259l\u0259nd\u0259 durum daha da a\u011f\u0131rla\u015f\u0131r.\n<\/p>\n<p>\n  <b><br \/>\n    \u201cQanundan dan\u0131\u015fanda \u00fcz-g\u00f6zl\u0259rini tur\u015fudurlar\u201d<br \/>\n  <\/b>\n<\/p>\n<p>\n  \u201c12 ya\u015f\u0131ndan \u0259lil\u0259m. \u018flilliyim bundan ibar\u0259tdir ki, sol qolum sa\u011f qolumdan 12 santimetr ki\u00e7ikdir. Bu \u00e7at\u0131\u015fmazl\u0131\u011fa g\u00f6r\u0259 15 ya\u015f\u0131ndan \u0259lillik t\u0259qa\u00fcd\u00fc al\u0131ram. Ancaq bu t\u0259qa\u00fcdl\u0259 dolana bilmir\u0259m. Deyirl\u0259r, bir qolun o birind\u0259n uzundur, s\u0259n\u0259 n\u0259 i\u015f ver\u0259k, bizd\u0259 s\u0259n\u0259 uy\u011fun i\u015f yoxdur. M\u0259murlara \u0259lill\u0259rin h\u00fcquqlar\u0131n\u0131n m\u00fcdafi\u0259si haqq\u0131nda qanundan, \u018fm\u0259k M\u0259c\u0259ll\u0259sind\u0259n dan\u0131\u015fanda is\u0259 \u00fcz-g\u00f6zl\u0259rini tur\u015fudurlar. \u00c7oxu m\u0259nd\u0259n soru\u015fur, \u0259lill\u0259rl\u0259 ba\u011fl\u0131 qanun var ki? M\u0259n d\u0259 onlara Prezidentin \u0259lill\u0259rl\u0259 ba\u011fl\u0131 imzalad\u0131\u011f\u0131 qanunlar\u0131, f\u0259rmanlar\u0131 xat\u0131rlad\u0131ram. Bir m\u0259mur vard\u0131, dedi, get, qanunu kim \u00e7\u0131xard\u0131b, o da s\u0259n\u0259 i\u015f versin, he\u00e7 \u0259li-aya\u011f\u0131 \u00fcst\u00fcnd\u0259 olana i\u015f tap\u0131lm\u0131r, m\u0259nd\u0259 s\u0259n\u0259 g\u00f6r\u0259 i\u015f hardan? Ancaq anlam\u0131rlar ki, t\u0259k-t\u0259nha \u0259lil d\u0259 ba\u015f\u0131n\u0131 n\u0259 il\u0259s\u0259 qatmal\u0131d\u0131r bu h\u0259yatda&#8230; Ki\u00e7ik bir i\u015fim olsa, h\u0259m ba\u015f\u0131m qar\u0131\u015far, h\u0259m d\u0259 c\u00fczi pensiyadan as\u0131l\u0131 v\u0259ziyy\u0259td\u0259 qalmaram\u201d, &#8211; \u015fikay\u0259t\u00e7i deyir.\n<\/p>\n<p>\n  <b><br \/>\n    \u201cDeyir, ail\u0259n da\u011f\u0131l\u0131b, biz na\u011fayraq?\u201d<br \/>\n  <\/b>\n<\/p>\n<p>\n  Elbrus Sad\u0131xov deyir, \u0259lilliyin\u0259 g\u00f6r\u0259 ail\u0259si da\u011f\u0131l\u0131b, indi t\u0259nha ya\u015fay\u0131r v\u0259 ona \u00e7ox \u00e7\u0259tindir:\n<\/p>\n<p>\n  \u201cBu yax\u0131nlarda bir m\u0259murun q\u0259buluna getmi\u015fdim, i\u015f ist\u0259yirdim. Deyir\u0259m, ail\u0259m yoxdur, \u00e7\u00fcnki onlara g\u00fcn a\u011flaya bilm\u0259dim, da\u011f\u0131ld\u0131 ail\u0259m&#8230; \u00dc\u00e7 \u00f6vlad\u0131m \u00e7\u00f6ll\u0259rd\u0259 qal\u0131b. \u00d6z\u00fcm d\u0259 bir s\u00f6k\u00fck dam\u0131n alt\u0131nda ac qalm\u0131\u015fam. S\u0259hh\u0259tim a\u011f\u0131rla\u015fan kimi qa\u00e7\u0131ram qarda\u015f\u0131m\u0131n, bac\u0131m\u0131n \u00fcst\u00fcn\u0259&#8230; Deyir, s\u0259nin ail\u0259n da\u011f\u0131l\u0131b, bu s\u0259nin ail\u0259daxili i\u015findir, biz na\u011fayraq? Deyir\u0259m, ail\u0259l\u0259rin da\u011f\u0131lmas\u0131n\u0131n s\u0259b\u0259bkar\u0131 birba\u015fa sizsiniz. Siz ail\u0259 ba\u015f\u00e7\u0131s\u0131n\u0131 i\u015fsiz, maa\u015fs\u0131z qoymaqla \u00fcz\u00fcn\u00fc ail\u0259 yan\u0131nda \u00fcz\u00fcqara el\u0259m\u0259s\u0259niz, o ail\u0259 davaml\u0131 olar&#8230;\u201d\n<\/p>\n<p>\n  <b><br \/>\n    \u201cPensiya kart\u0131m \u0259lim\u0259 \u00e7atm\u0131r\u201d<br \/>\n  <\/b>\n<\/p>\n<p>\n  Elbrus Sad\u0131xovun s\u00f6zl\u0259rin\u0259 g\u00f6r\u0259, 62 ya\u015f\u0131 olmas\u0131na baxmayaraq, indiy\u0259d\u0259k d\u00f6vl\u0259t t\u0259r\u0259find\u0259n n\u0259 m\u0259nzill\u0259, n\u0259 i\u015fl\u0259, n\u0259 torpaq sah\u0259siyl\u0259 t\u0259min olunub:\n<\/p>\n<p>\n  \u201c\u0130nsan\u0131 ayaqda saxlayan da evdir, i\u015fdir, torpaqd\u0131r&#8230; Bunlar olmayandan sonra hans\u0131 rahat h\u0259yatdan dan\u0131\u015fmaq olar? \u018flil x\u0259st\u0259l\u0259nir, gedir pensiya kart\u0131n\u0131 aptekd\u0259 qoyub, d\u0259rman g\u00f6t\u00fcr\u00fcr. El\u0259 vaxt olur ki, pensiya kart\u0131m aylarla \u0259lim\u0259 g\u0259lib \u00e7atm\u0131r, aptekd\u0259n g\u00f6t\u00fcr\u00fcb \u0259rzaq d\u00fckan\u0131na verir\u0259m, orda borcum azalan kimi g\u00f6t\u00fcr\u00fcb aptek\u0259 qaytar\u0131ram&#8230; Nec\u0259 ola bil\u0259r ki, ya\u015fay\u0131\u015f minimumu 280 manat oldu\u011fu halda, m\u0259n h\u0259l\u0259 d\u0259 110 manat pensiya al\u0131ram? Prezidentin \u0259lill\u0259rin t\u0259qa\u00fcd\u00fc il\u0259 ba\u011fl\u0131 f\u0259rmanlar\u0131, \u0259mrl\u0259ri n\u0259d\u0259ns\u0259 m\u0259nim pensiyama t\u0259tbiq olunmay\u0131b. Pensiya Fonduna z\u0259ng vururam, deyirl\u0259r, narahat olma, artacaq&#8230; Bu, \u0259lili \u0259l\u0259 salmaqd\u0131r\u201d.\n<\/p>\n<p>\n  <b><br \/>\n    H\u00fcquq\u015f\u00fcnas: \u201cQanunlar\u0131m\u0131z var, amma&#8230;\u201d<br \/>\n  <\/b>\n<\/p>\n<p>\n  H\u00fcquq\u015f\u00fcnas Namiz\u0259d S\u0259f\u0259rov deyir, \u0259lill\u0259rin sosial rifah\u0131n\u0131n yax\u015f\u0131la\u015fd\u0131r\u0131lmas\u0131 \u00fc\u00e7\u00fcn kifay\u0259t q\u0259d\u0259r qanunlar\u0131m\u0131z var. Ancaq \u0259lill\u0259rin giley-g\u00fczar\u0131ndan m\u0259lum olur ki, bu qanunlar \u00e7ox vaxt i\u015fl\u0259mir:\n<\/p>\n<p>\n  &quot;\u018flilliyi olan \u015f\u0259xsl\u0259rin h\u00fcquqlar\u0131 haqq\u0131nda\u201d Qanun \u0259lilliyi olan \u015f\u0259xsl\u0259r bar\u0259sind\u0259 d\u00f6vl\u0259t siyas\u0259tinin \u0259saslar\u0131n\u0131 v\u0259 onlar\u0131n h\u00fcquqlar\u0131n\u0131n m\u00fcdafi\u0259si sah\u0259sind\u0259 d\u00f6vl\u0259tin v\u0259zif\u0259l\u0259rini m\u00fc\u0259yy\u0259n edir. Bu qanunla h\u0259r bir \u0259lilliyi olan \u015f\u0259xsin dig\u0259r insanlarla birlikd\u0259 b\u0259rab\u0259r h\u00fcquqlar\u0131 var. Lakin bu g\u00fcn \u0259lill\u0259rin c\u0259miyy\u0259t\u0259 inteqrasiyas\u0131nda ciddi probleml\u0259r m\u00f6vcuddur. \u018fn b\u00f6y\u00fck probleml\u0259rd\u0259n biri d\u0259 onlar\u0131n m\u0259\u015f\u011fullu\u011fudur. Bel\u0259 ki, \u201c\u018flill\u0259rin i\u015fl\u0259 t\u0259min olunmas\u0131 kvotas\u0131 haqq\u0131nda\u201d qanuna \u0259sas\u0259n, b\u00fct\u00fcn idar\u0259 v\u0259 t\u0259\u015fkilatlar \u0259m\u0259k qabiliyy\u0259ti olan \u0259lill\u0259ri i\u015fl\u0259 t\u0259min etm\u0259y\u0259 m\u0259cburdurlar. Qanuna \u0259sas\u0259n, m\u00fc\u0259ssis\u0259 v\u0259 t\u0259\u015fkilatlarda \u00e7al\u0131\u015fan i\u015f\u00e7il\u0259rin 3%-ni \u0259lilliyi olan \u015f\u0259xsl\u0259r t\u0259\u015fkil etm\u0259lidirl\u0259r. Ancaq m\u00fc\u0259ssis\u0259 r\u0259hb\u0259rl\u0259ri bu kvotaya \u0259m\u0259l etmirl\u0259r. El\u0259c\u0259 d\u0259 \u0259lill\u0259rin dig\u0259r m\u0259s\u0259l\u0259l\u0259rd\u0259 h\u00fcquqlar\u0131 qanunla qorunmal\u0131d\u0131r, ancaq gileyl\u0259rd\u0259n g\u00f6r\u00fcn\u00fcr ki, \u0259ks\u0259r hallarda qorunmur\u201d.\n<\/p>\n<p>\n  Goranboy Rayon \u0130cra Hakimiyy\u0259tind\u0259n bildirilib ki, m\u0259nzil yaln\u0131z Qaraba\u011f d\u00f6y\u00fc\u015fl\u0259rind\u0259 \u0259lil olmu\u015f \u015f\u0259xsl\u0259r\u0259 v\u0259 \u015f\u0259hid olanlar\u0131n ail\u0259l\u0259rin\u0259 verilir. \u0130\u015fsizlikl\u0259 ba\u011fl\u0131 is\u0259 \u0259lil rayonun M\u0259\u015f\u011fulluq M\u0259rk\u0259zin\u0259 m\u00fcraci\u0259t ed\u0259 bil\u0259r. D\u00f6vl\u0259t Sosial M\u00fcdafi\u0259 Fondunun Goranboy rayon \u015e\u00f6b\u0259sind\u0259n is\u0259 bildirilib ki, \u0259lil t\u0259qa\u00fcd\u00fc il\u0259 ba\u011fl\u0131 r\u0259smi \u015f\u0259kild\u0259 Fonda m\u00fcraci\u0259t ets\u0259, ara\u015fd\u0131r\u0131l\u0131b t\u0259dbir g\u00f6r\u00fcl\u0259r.<\/p>\n","protected":false},"excerpt":{"rendered":"<p>&#8220;Bu, \u0259lili \u0259l\u0259 salmaqd\u0131r\u201d.<\/p>\n","protected":false},"author":11,"featured_media":150699,"comment_status":"closed","ping_status":"open","sticky":false,"template":"","format":"standard","meta":{"_acf_changed":false,"_sitemap_exclude":false,"_sitemap_priority":"","_sitemap_frequency":"","footnotes":""},"categories":[60],"tags":[],"class_list":["post-203314","post","type-post","status-publish","format-standard","has-post-thumbnail","hentry","category-bolge","infinite-scroll-item","generate-columns","tablet-grid-50","mobile-grid-100","grid-parent","grid-33","no-featured-image-padding"],"acf":[],"yoast_head":"<!-- This site is optimized with the Yoast SEO plugin v27.5 - https:\/\/yoast.com\/product\/yoast-seo-wordpress\/ -->\n<title>\u201cEl\u0259 vaxt olur ki, pensiya kart\u0131m aylarla \u0259lim\u0259 g\u0259lib \u00e7atm\u0131r, aptekd\u0259n g\u00f6t\u00fcr\u00fcb \u0259rzaq d\u00fckan\u0131na verir\u0259m...\u201d - MEYDAN.TV<\/title>\n<meta name=\"robots\" content=\"index, follow, max-snippet:-1, max-image-preview:large, max-video-preview:-1\" \/>\n<link rel=\"canonical\" href=\"https:\/\/www.meydan.tv\/az\/article\/ele-vaxt-olur-ki-pensiya-kartim-aylarla-elime-gelib-catmir-aptekden-goturub-erzaq-dukanina-verirem\/\" \/>\n<meta property=\"og:locale\" content=\"az_AZ\" \/>\n<meta property=\"og:type\" content=\"article\" \/>\n<meta property=\"og:title\" content=\"\u201cEl\u0259 vaxt olur ki, pensiya kart\u0131m aylarla \u0259lim\u0259 g\u0259lib \u00e7atm\u0131r, aptekd\u0259n g\u00f6t\u00fcr\u00fcb \u0259rzaq d\u00fckan\u0131na verir\u0259m...\u201d - MEYDAN.TV\" \/>\n<meta property=\"og:description\" content=\"&quot;Bu, \u0259lili \u0259l\u0259 salmaqd\u0131r\u201d.\" \/>\n<meta property=\"og:url\" content=\"https:\/\/www.meydan.tv\/az\/article\/ele-vaxt-olur-ki-pensiya-kartim-aylarla-elime-gelib-catmir-aptekden-goturub-erzaq-dukanina-verirem\/\" \/>\n<meta property=\"og:site_name\" content=\"MEYDAN.TV\" \/>\n<meta property=\"article:published_time\" content=\"2020-10-30T10:51:05+00:00\" \/>\n<meta property=\"og:image\" content=\"https:\/\/www.meydan.tv\/wp-content\/uploads\/untitled_design_2_8q5uhho.png\" \/>\n\t<meta property=\"og:image:width\" content=\"1920\" \/>\n\t<meta property=\"og:image:height\" content=\"1080\" \/>\n\t<meta property=\"og:image:type\" content=\"image\/png\" \/>\n<meta name=\"author\" content=\"user-manager\" \/>\n<meta name=\"twitter:card\" content=\"summary_large_image\" \/>\n<script type=\"application\/ld+json\" class=\"yoast-schema-graph\">{\"@context\":\"https:\\\/\\\/schema.org\",\"@graph\":[{\"@type\":\"Article\",\"@id\":\"https:\\\/\\\/www.meydan.tv\\\/az\\\/article\\\/ele-vaxt-olur-ki-pensiya-kartim-aylarla-elime-gelib-catmir-aptekden-goturub-erzaq-dukanina-verirem\\\/#article\",\"isPartOf\":{\"@id\":\"https:\\\/\\\/www.meydan.tv\\\/az\\\/article\\\/ele-vaxt-olur-ki-pensiya-kartim-aylarla-elime-gelib-catmir-aptekden-goturub-erzaq-dukanina-verirem\\\/\"},\"author\":{\"name\":\"user-manager\",\"@id\":\"https:\\\/\\\/www.meydan.tv\\\/az\\\/#\\\/schema\\\/person\\\/10d11eccf6da3662cf5fdab9806ea91a\"},\"headline\":\"\u201cEl\u0259 vaxt olur ki, pensiya kart\u0131m aylarla \u0259lim\u0259 g\u0259lib \u00e7atm\u0131r, aptekd\u0259n g\u00f6t\u00fcr\u00fcb \u0259rzaq d\u00fckan\u0131na verir\u0259m&#8230;\u201d\",\"datePublished\":\"2020-10-30T10:51:05+00:00\",\"mainEntityOfPage\":{\"@id\":\"https:\\\/\\\/www.meydan.tv\\\/az\\\/article\\\/ele-vaxt-olur-ki-pensiya-kartim-aylarla-elime-gelib-catmir-aptekden-goturub-erzaq-dukanina-verirem\\\/\"},\"wordCount\":1082,\"publisher\":{\"@id\":\"https:\\\/\\\/www.meydan.tv\\\/az\\\/#organization\"},\"image\":{\"@id\":\"https:\\\/\\\/www.meydan.tv\\\/az\\\/article\\\/ele-vaxt-olur-ki-pensiya-kartim-aylarla-elime-gelib-catmir-aptekden-goturub-erzaq-dukanina-verirem\\\/#primaryimage\"},\"thumbnailUrl\":\"https:\\\/\\\/www.meydan.tv\\\/wp-content\\\/uploads\\\/untitled_design_2_8q5uhho.png\",\"articleSection\":[\"B\u00f6lg\u0259\"],\"inLanguage\":\"az\"},{\"@type\":\"WebPage\",\"@id\":\"https:\\\/\\\/www.meydan.tv\\\/az\\\/article\\\/ele-vaxt-olur-ki-pensiya-kartim-aylarla-elime-gelib-catmir-aptekden-goturub-erzaq-dukanina-verirem\\\/\",\"url\":\"https:\\\/\\\/www.meydan.tv\\\/az\\\/article\\\/ele-vaxt-olur-ki-pensiya-kartim-aylarla-elime-gelib-catmir-aptekden-goturub-erzaq-dukanina-verirem\\\/\",\"name\":\"\u201cEl\u0259 vaxt olur ki, pensiya kart\u0131m aylarla \u0259lim\u0259 g\u0259lib \u00e7atm\u0131r, aptekd\u0259n g\u00f6t\u00fcr\u00fcb \u0259rzaq d\u00fckan\u0131na verir\u0259m...\u201d - MEYDAN.TV\",\"isPartOf\":{\"@id\":\"https:\\\/\\\/www.meydan.tv\\\/az\\\/#website\"},\"primaryImageOfPage\":{\"@id\":\"https:\\\/\\\/www.meydan.tv\\\/az\\\/article\\\/ele-vaxt-olur-ki-pensiya-kartim-aylarla-elime-gelib-catmir-aptekden-goturub-erzaq-dukanina-verirem\\\/#primaryimage\"},\"image\":{\"@id\":\"https:\\\/\\\/www.meydan.tv\\\/az\\\/article\\\/ele-vaxt-olur-ki-pensiya-kartim-aylarla-elime-gelib-catmir-aptekden-goturub-erzaq-dukanina-verirem\\\/#primaryimage\"},\"thumbnailUrl\":\"https:\\\/\\\/www.meydan.tv\\\/wp-content\\\/uploads\\\/untitled_design_2_8q5uhho.png\",\"datePublished\":\"2020-10-30T10:51:05+00:00\",\"breadcrumb\":{\"@id\":\"https:\\\/\\\/www.meydan.tv\\\/az\\\/article\\\/ele-vaxt-olur-ki-pensiya-kartim-aylarla-elime-gelib-catmir-aptekden-goturub-erzaq-dukanina-verirem\\\/#breadcrumb\"},\"inLanguage\":\"az\",\"potentialAction\":[{\"@type\":\"ReadAction\",\"target\":[\"https:\\\/\\\/www.meydan.tv\\\/az\\\/article\\\/ele-vaxt-olur-ki-pensiya-kartim-aylarla-elime-gelib-catmir-aptekden-goturub-erzaq-dukanina-verirem\\\/\"]}]},{\"@type\":\"ImageObject\",\"inLanguage\":\"az\",\"@id\":\"https:\\\/\\\/www.meydan.tv\\\/az\\\/article\\\/ele-vaxt-olur-ki-pensiya-kartim-aylarla-elime-gelib-catmir-aptekden-goturub-erzaq-dukanina-verirem\\\/#primaryimage\",\"url\":\"https:\\\/\\\/www.meydan.tv\\\/wp-content\\\/uploads\\\/untitled_design_2_8q5uhho.png\",\"contentUrl\":\"https:\\\/\\\/www.meydan.tv\\\/wp-content\\\/uploads\\\/untitled_design_2_8q5uhho.png\",\"width\":1920,\"height\":1080,\"caption\":\"Source: Specify Source\"},{\"@type\":\"BreadcrumbList\",\"@id\":\"https:\\\/\\\/www.meydan.tv\\\/az\\\/article\\\/ele-vaxt-olur-ki-pensiya-kartim-aylarla-elime-gelib-catmir-aptekden-goturub-erzaq-dukanina-verirem\\\/#breadcrumb\",\"itemListElement\":[{\"@type\":\"ListItem\",\"position\":1,\"name\":\"Ana s\u0259hif\u0259\",\"item\":\"https:\\\/\\\/www.meydan.tv\\\/az\\\/\"},{\"@type\":\"ListItem\",\"position\":2,\"name\":\"B\u00f6lg\u0259\",\"item\":\"https:\\\/\\\/www.meydan.tv\\\/az\\\/section\\\/bolge\\\/\"},{\"@type\":\"ListItem\",\"position\":3,\"name\":\"\u201cEl\u0259 vaxt olur ki, pensiya kart\u0131m aylarla \u0259lim\u0259 g\u0259lib \u00e7atm\u0131r, aptekd\u0259n g\u00f6t\u00fcr\u00fcb \u0259rzaq d\u00fckan\u0131na verir\u0259m&#8230;\u201d\"}]},{\"@type\":\"WebSite\",\"@id\":\"https:\\\/\\\/www.meydan.tv\\\/az\\\/#website\",\"url\":\"https:\\\/\\\/www.meydan.tv\\\/az\\\/\",\"name\":\"MEYDAN.TV\",\"description\":\"Meydan TV Az\u0259rbaycan\u0131n media m\u0259kan\u0131ndak\u0131 alternativ s\u0259sidir\",\"publisher\":{\"@id\":\"https:\\\/\\\/www.meydan.tv\\\/az\\\/#organization\"},\"potentialAction\":[{\"@type\":\"SearchAction\",\"target\":{\"@type\":\"EntryPoint\",\"urlTemplate\":\"https:\\\/\\\/www.meydan.tv\\\/az\\\/?s={search_term_string}\"},\"query-input\":{\"@type\":\"PropertyValueSpecification\",\"valueRequired\":true,\"valueName\":\"search_term_string\"}}],\"inLanguage\":\"az\"},{\"@type\":\"Organization\",\"@id\":\"https:\\\/\\\/www.meydan.tv\\\/az\\\/#organization\",\"name\":\"Meydan TV\",\"url\":\"https:\\\/\\\/www.meydan.tv\\\/az\\\/\",\"logo\":{\"@type\":\"ImageObject\",\"inLanguage\":\"az\",\"@id\":\"https:\\\/\\\/www.meydan.tv\\\/az\\\/#\\\/schema\\\/logo\\\/image\\\/\",\"url\":\"https:\\\/\\\/www.meydan.tv\\\/wp-content\\\/uploads\\\/2021\\\/07\\\/meydan-logo.svg\",\"contentUrl\":\"https:\\\/\\\/www.meydan.tv\\\/wp-content\\\/uploads\\\/2021\\\/07\\\/meydan-logo.svg\",\"width\":195,\"height\":46,\"caption\":\"Meydan TV\"},\"image\":{\"@id\":\"https:\\\/\\\/www.meydan.tv\\\/az\\\/#\\\/schema\\\/logo\\\/image\\\/\"}},{\"@type\":\"Person\",\"@id\":\"https:\\\/\\\/www.meydan.tv\\\/az\\\/#\\\/schema\\\/person\\\/10d11eccf6da3662cf5fdab9806ea91a\",\"name\":\"user-manager\"}]}<\/script>\n<!-- \/ Yoast SEO plugin. -->","yoast_head_json":{"title":"\u201cEl\u0259 vaxt olur ki, pensiya kart\u0131m aylarla \u0259lim\u0259 g\u0259lib \u00e7atm\u0131r, aptekd\u0259n g\u00f6t\u00fcr\u00fcb \u0259rzaq d\u00fckan\u0131na verir\u0259m...\u201d - MEYDAN.TV","robots":{"index":"index","follow":"follow","max-snippet":"max-snippet:-1","max-image-preview":"max-image-preview:large","max-video-preview":"max-video-preview:-1"},"canonical":"https:\/\/www.meydan.tv\/az\/article\/ele-vaxt-olur-ki-pensiya-kartim-aylarla-elime-gelib-catmir-aptekden-goturub-erzaq-dukanina-verirem\/","og_locale":"az_AZ","og_type":"article","og_title":"\u201cEl\u0259 vaxt olur ki, pensiya kart\u0131m aylarla \u0259lim\u0259 g\u0259lib \u00e7atm\u0131r, aptekd\u0259n g\u00f6t\u00fcr\u00fcb \u0259rzaq d\u00fckan\u0131na verir\u0259m...\u201d - MEYDAN.TV","og_description":"\"Bu, \u0259lili \u0259l\u0259 salmaqd\u0131r\u201d.","og_url":"https:\/\/www.meydan.tv\/az\/article\/ele-vaxt-olur-ki-pensiya-kartim-aylarla-elime-gelib-catmir-aptekden-goturub-erzaq-dukanina-verirem\/","og_site_name":"MEYDAN.TV","article_published_time":"2020-10-30T10:51:05+00:00","og_image":[{"width":1920,"height":1080,"url":"https:\/\/www.meydan.tv\/wp-content\/uploads\/untitled_design_2_8q5uhho.png","type":"image\/png"}],"author":"user-manager","twitter_card":"summary_large_image","schema":{"@context":"https:\/\/schema.org","@graph":[{"@type":"Article","@id":"https:\/\/www.meydan.tv\/az\/article\/ele-vaxt-olur-ki-pensiya-kartim-aylarla-elime-gelib-catmir-aptekden-goturub-erzaq-dukanina-verirem\/#article","isPartOf":{"@id":"https:\/\/www.meydan.tv\/az\/article\/ele-vaxt-olur-ki-pensiya-kartim-aylarla-elime-gelib-catmir-aptekden-goturub-erzaq-dukanina-verirem\/"},"author":{"name":"user-manager","@id":"https:\/\/www.meydan.tv\/az\/#\/schema\/person\/10d11eccf6da3662cf5fdab9806ea91a"},"headline":"\u201cEl\u0259 vaxt olur ki, pensiya kart\u0131m aylarla \u0259lim\u0259 g\u0259lib \u00e7atm\u0131r, aptekd\u0259n g\u00f6t\u00fcr\u00fcb \u0259rzaq d\u00fckan\u0131na verir\u0259m&#8230;\u201d","datePublished":"2020-10-30T10:51:05+00:00","mainEntityOfPage":{"@id":"https:\/\/www.meydan.tv\/az\/article\/ele-vaxt-olur-ki-pensiya-kartim-aylarla-elime-gelib-catmir-aptekden-goturub-erzaq-dukanina-verirem\/"},"wordCount":1082,"publisher":{"@id":"https:\/\/www.meydan.tv\/az\/#organization"},"image":{"@id":"https:\/\/www.meydan.tv\/az\/article\/ele-vaxt-olur-ki-pensiya-kartim-aylarla-elime-gelib-catmir-aptekden-goturub-erzaq-dukanina-verirem\/#primaryimage"},"thumbnailUrl":"https:\/\/www.meydan.tv\/wp-content\/uploads\/untitled_design_2_8q5uhho.png","articleSection":["B\u00f6lg\u0259"],"inLanguage":"az"},{"@type":"WebPage","@id":"https:\/\/www.meydan.tv\/az\/article\/ele-vaxt-olur-ki-pensiya-kartim-aylarla-elime-gelib-catmir-aptekden-goturub-erzaq-dukanina-verirem\/","url":"https:\/\/www.meydan.tv\/az\/article\/ele-vaxt-olur-ki-pensiya-kartim-aylarla-elime-gelib-catmir-aptekden-goturub-erzaq-dukanina-verirem\/","name":"\u201cEl\u0259 vaxt olur ki, pensiya kart\u0131m aylarla \u0259lim\u0259 g\u0259lib \u00e7atm\u0131r, aptekd\u0259n g\u00f6t\u00fcr\u00fcb \u0259rzaq d\u00fckan\u0131na verir\u0259m...\u201d - MEYDAN.TV","isPartOf":{"@id":"https:\/\/www.meydan.tv\/az\/#website"},"primaryImageOfPage":{"@id":"https:\/\/www.meydan.tv\/az\/article\/ele-vaxt-olur-ki-pensiya-kartim-aylarla-elime-gelib-catmir-aptekden-goturub-erzaq-dukanina-verirem\/#primaryimage"},"image":{"@id":"https:\/\/www.meydan.tv\/az\/article\/ele-vaxt-olur-ki-pensiya-kartim-aylarla-elime-gelib-catmir-aptekden-goturub-erzaq-dukanina-verirem\/#primaryimage"},"thumbnailUrl":"https:\/\/www.meydan.tv\/wp-content\/uploads\/untitled_design_2_8q5uhho.png","datePublished":"2020-10-30T10:51:05+00:00","breadcrumb":{"@id":"https:\/\/www.meydan.tv\/az\/article\/ele-vaxt-olur-ki-pensiya-kartim-aylarla-elime-gelib-catmir-aptekden-goturub-erzaq-dukanina-verirem\/#breadcrumb"},"inLanguage":"az","potentialAction":[{"@type":"ReadAction","target":["https:\/\/www.meydan.tv\/az\/article\/ele-vaxt-olur-ki-pensiya-kartim-aylarla-elime-gelib-catmir-aptekden-goturub-erzaq-dukanina-verirem\/"]}]},{"@type":"ImageObject","inLanguage":"az","@id":"https:\/\/www.meydan.tv\/az\/article\/ele-vaxt-olur-ki-pensiya-kartim-aylarla-elime-gelib-catmir-aptekden-goturub-erzaq-dukanina-verirem\/#primaryimage","url":"https:\/\/www.meydan.tv\/wp-content\/uploads\/untitled_design_2_8q5uhho.png","contentUrl":"https:\/\/www.meydan.tv\/wp-content\/uploads\/untitled_design_2_8q5uhho.png","width":1920,"height":1080,"caption":"Source: Specify Source"},{"@type":"BreadcrumbList","@id":"https:\/\/www.meydan.tv\/az\/article\/ele-vaxt-olur-ki-pensiya-kartim-aylarla-elime-gelib-catmir-aptekden-goturub-erzaq-dukanina-verirem\/#breadcrumb","itemListElement":[{"@type":"ListItem","position":1,"name":"Ana s\u0259hif\u0259","item":"https:\/\/www.meydan.tv\/az\/"},{"@type":"ListItem","position":2,"name":"B\u00f6lg\u0259","item":"https:\/\/www.meydan.tv\/az\/section\/bolge\/"},{"@type":"ListItem","position":3,"name":"\u201cEl\u0259 vaxt olur ki, pensiya kart\u0131m aylarla \u0259lim\u0259 g\u0259lib \u00e7atm\u0131r, aptekd\u0259n g\u00f6t\u00fcr\u00fcb \u0259rzaq d\u00fckan\u0131na verir\u0259m&#8230;\u201d"}]},{"@type":"WebSite","@id":"https:\/\/www.meydan.tv\/az\/#website","url":"https:\/\/www.meydan.tv\/az\/","name":"MEYDAN.TV","description":"Meydan TV Az\u0259rbaycan\u0131n media m\u0259kan\u0131ndak\u0131 alternativ s\u0259sidir","publisher":{"@id":"https:\/\/www.meydan.tv\/az\/#organization"},"potentialAction":[{"@type":"SearchAction","target":{"@type":"EntryPoint","urlTemplate":"https:\/\/www.meydan.tv\/az\/?s={search_term_string}"},"query-input":{"@type":"PropertyValueSpecification","valueRequired":true,"valueName":"search_term_string"}}],"inLanguage":"az"},{"@type":"Organization","@id":"https:\/\/www.meydan.tv\/az\/#organization","name":"Meydan TV","url":"https:\/\/www.meydan.tv\/az\/","logo":{"@type":"ImageObject","inLanguage":"az","@id":"https:\/\/www.meydan.tv\/az\/#\/schema\/logo\/image\/","url":"https:\/\/www.meydan.tv\/wp-content\/uploads\/2021\/07\/meydan-logo.svg","contentUrl":"https:\/\/www.meydan.tv\/wp-content\/uploads\/2021\/07\/meydan-logo.svg","width":195,"height":46,"caption":"Meydan TV"},"image":{"@id":"https:\/\/www.meydan.tv\/az\/#\/schema\/logo\/image\/"}},{"@type":"Person","@id":"https:\/\/www.meydan.tv\/az\/#\/schema\/person\/10d11eccf6da3662cf5fdab9806ea91a","name":"user-manager"}]}},"_links":{"self":[{"href":"https:\/\/www.meydan.tv\/az\/wp-json\/wp\/v2\/posts\/203314","targetHints":{"allow":["GET"]}}],"collection":[{"href":"https:\/\/www.meydan.tv\/az\/wp-json\/wp\/v2\/posts"}],"about":[{"href":"https:\/\/www.meydan.tv\/az\/wp-json\/wp\/v2\/types\/post"}],"author":[{"embeddable":true,"href":"https:\/\/www.meydan.tv\/az\/wp-json\/wp\/v2\/users\/11"}],"replies":[{"embeddable":true,"href":"https:\/\/www.meydan.tv\/az\/wp-json\/wp\/v2\/comments?post=203314"}],"version-history":[{"count":0,"href":"https:\/\/www.meydan.tv\/az\/wp-json\/wp\/v2\/posts\/203314\/revisions"}],"wp:featuredmedia":[{"embeddable":true,"href":"https:\/\/www.meydan.tv\/az\/wp-json\/wp\/v2\/media\/150699"}],"wp:attachment":[{"href":"https:\/\/www.meydan.tv\/az\/wp-json\/wp\/v2\/media?parent=203314"}],"wp:term":[{"taxonomy":"category","embeddable":true,"href":"https:\/\/www.meydan.tv\/az\/wp-json\/wp\/v2\/categories?post=203314"},{"taxonomy":"post_tag","embeddable":true,"href":"https:\/\/www.meydan.tv\/az\/wp-json\/wp\/v2\/tags?post=203314"}],"curies":[{"name":"wp","href":"https:\/\/api.w.org\/{rel}","templated":true}]}}