{"id":203290,"date":"2020-10-29T11:02:49","date_gmt":"2020-10-29T11:02:49","guid":{"rendered":"https:\/\/www.meydan.tv\/article\/kend-sakinleri-belediyye-sedrinden-sikayet-etdiyimiz-ucun-hebs-tehlukemiz-var\/"},"modified":"2020-10-29T11:02:49","modified_gmt":"2020-10-29T11:02:49","slug":"kend-sakinleri-belediyye-sedrinden-sikayet-etdiyimiz-ucun-hebs-tehlukemiz-var","status":"publish","type":"post","link":"https:\/\/www.meydan.tv\/az\/article\/kend-sakinleri-belediyye-sedrinden-sikayet-etdiyimiz-ucun-hebs-tehlukemiz-var\/","title":{"rendered":"K\u0259nd sakinl\u0259ri: B\u0259l\u0259diyy\u0259 s\u0259drind\u0259n \u015fikay\u0259t etdiyimiz \u00fc\u00e7\u00fcn h\u0259bs t\u0259hl\u00fck\u0259miz var"},"content":{"rendered":"<p>\n  <i><br \/>\n    \u018flibala S\u0259limovla o\u011flu 3 k\u0259nd sakinini m\u0259hk\u0259m\u0259y\u0259 verib<br \/>\n  <\/i>\n<\/p>\n<p>\n  Neft\u00e7alan\u0131n M\u00fcrs\u0259qulu k\u0259ndinin 3 sakinini b\u0259l\u0259diyy\u0259 s\u0259dri \u018flibala S\u0259limov v\u0259 o\u011flu \u00d6zal S\u0259limov m\u0259hk\u0259m\u0259y\u0259 verib.\n<\/p>\n<p>\n  H\u0259min sakinl\u0259r \u00c7ingiz S\u0259m\u0259dov, H\u0259mid Usubov v\u0259 R\u00f6v\u015f\u0259n Abdullayev v\u0259 daha 7 n\u0259f\u0259rdir.\n<\/p>\n<p>\n  Meydan TV-y\u0259 m\u0259lumat ver\u0259n k\u0259nd sakinl\u0259ri deyirl\u0259r ki, onlar\u0131n m\u0259hk\u0259m\u0259y\u0259 verilm\u0259 s\u0259b\u0259bi ittiham edildikl\u0259ri xuliqanl\u0131q madd\u0259sin\u0259 g\u00f6r\u0259 deyil. \u018fsl s\u0259b\u0259b ill\u0259rdir b\u0259l\u0259diyy\u0259 s\u0259dri olan \u018flibala S\u0259limov bar\u0259sind\u0259 aidiyyat\u0131 qurumlara \u015fikay\u0259t m\u0259ktublar\u0131 g\u00f6nd\u0259rm\u0259l\u0259ridir.\n<\/p>\n<p>\n  \u201c\u018fsas 3 n\u0259f\u0259rin ad\u0131 ke\u00e7ir, ancaq \u00fcmumilikd\u0259 10 n\u0259f\u0259rin h\u0259bs v\u0259 c\u0259rim\u0259l\u0259nm\u0259 t\u0259hl\u00fck\u0259si var. Biz apreld\u0259 \u018flibala S\u0259limovun \u0259m\u0259ll\u0259rind\u0259n bo\u011faza y\u0131\u011f\u0131laraq etiraz etmi\u015fdik. S\u0259b\u0259b d\u0259 \u018flibala S\u0259limovun k\u0259ndin inki\u015faf fondunun 63 hektarl\u0131q torpa\u011f\u0131n\u0131 m\u0259nims\u0259m\u0259si olub. O, torpaq islahatlar\u0131 d\u00f6vr\u00fcnd\u0259 k\u0259nd \u0259halisinin \u00f6z pay torpaqlar\u0131ndan k\u0259sib k\u0259ndin inki\u015faf torpa\u011f\u0131 fonduna ba\u011f\u0131\u015flad\u0131\u011f\u0131 \u0259razil\u0259ri \u0259kib-bec\u0259rir, g\u0259liri m\u0259nims\u0259yir. \u00dcst\u0259lik, he\u00e7 h\u0259min g\u0259lird\u0259n vergi d\u0259 vermir\u201d, &#8211; \u00c7ingiz S\u0259m\u0259dov deyir.\n<\/p>\n<p>\n  O \u0259lav\u0259 edir ki, \u018flibala S\u0259limov k\u0259ndlil\u0259r\u0259 h\u0259min torpaqdan istifad\u0259y\u0259 imkan vermir:\n<\/p>\n<p>\n  \u201cH\u0259tta h\u0259min torpa\u011f\u0131n 9 hektar\u0131n\u0131 o\u011flu \u00d6zal S\u0259limovun ad\u0131na r\u0259smil\u0259\u015fdirib. Guya h\u0259rrac ke\u00e7irilib v\u0259 h\u0259min h\u0259rracda 9 hektar torpaq sah\u0259sini \u00d6zal S\u0259limov al\u0131b. Halbuki k\u0259ndlil\u0259rin heyvan\u0131n\u0131 otarma\u011fa torpa\u011f\u0131 yoxdur, \u0259ziyy\u0259t \u00e7\u0259kirik. N\u0259 q\u0259d\u0259r deyirik, b\u0259l\u0259diyy\u0259 s\u0259dri bizi vecin\u0259 alm\u0131r. Torpaqlar\u0131 ist\u0259diyi kimi, \u00f6z\u00fcn\u0259 yax\u0131n olan insanlara paylay\u0131r, ancaq biz\u0259 \u00f6r\u00fc\u015f sah\u0259si ay\u0131rm\u0131r. N\u0259inki \u00f6r\u00fc\u015f sah\u0259si, yeni evl\u0259n\u0259n ail\u0259l\u0259r\u0259 d\u0259 \u201ctorpaq yoxdur\u201d, &#8211; deyir. Ancaq o\u011flu budur ne\u00e7\u0259 ill\u0259rdir saxta yolla m\u0259nims\u0259diyi h\u0259min 9 hektar \u0259razini \u0259kib bec\u0259rir. Yaz\u0131q k\u0259ndli d\u0259 heyvan\u0131n\u0131 bilmir harada otars\u0131n\u201d.\n<\/p>\n<figure class=\"wp-block-image size-large\">\n  <img decoding=\"async\" src=\"https:\/\/www.meydan.tv\/az\/img_2566-jpg\/\" alt=\"img_2566.jpg\" class=\"wp-image-150611\"\/><figcaption>\n    &#8220;O, torpaq islahatlar\u0131 d\u00f6vr\u00fcnd\u0259 k\u0259nd \u0259halisinin \u00f6z pay torpaqlar\u0131ndan k\u0259sib k\u0259ndin inki\u015faf torpa\u011f\u0131 fonduna ba\u011f\u0131\u015flad\u0131\u011f\u0131 \u0259razil\u0259ri \u0259kib-bec\u0259rir, g\u0259liri m\u0259nims\u0259yir&#8221;<br \/>\n  <\/figcaption><\/figure>\n<p>\n  \u00c7ingiz S\u0259m\u0259dov deyir ki, apreld\u0259 k\u0259nd camaat\u0131 b\u0259l\u0259diyy\u0259 s\u0259drinin b\u00fct\u00fcn bu \u0259m\u0259ll\u0259rin\u0259 etiraz edib:\n<\/p>\n<p>\n  \u201cH\u0259min zaman \u018flibala S\u0259limovun bac\u0131s\u0131 o\u011flu topla\u015f\u0131b etiraz ed\u0259n k\u0259ndlil\u0259ri t\u0259hqir etdi. Xan\u0131ml\u0131, ki\u015fili ham\u0131 \u0259kin sah\u0259sinin yax\u0131nl\u0131\u011f\u0131nda topla\u015fm\u0131\u015fd\u0131, polis d\u0259 g\u0259lmi\u015fdi. N\u0259 is\u0259 bu o\u011flan biz\u0259 dedi ki, i\u00e7inizd\u0259 ki\u015fi yoxdur dey\u0259s\u0259n, qad\u0131nlar\u0131 qaba\u011fa vermisiz. Onun bu s\u00f6z\u00fcnd\u0259n q\u0259z\u0259bl\u0259n\u0259n insanlar h\u0259min \u0259kin sah\u0259sinin qap\u0131s\u0131n\u0131 vurub a\u00e7d\u0131. K\u00f6hn\u0259d\u0259n, Sovet d\u00f6vr\u00fcnd\u0259n qalma qap\u0131 idi, pis g\u00fcnd\u0259. H\u0259min qap\u0131 q\u0131r\u0131ld\u0131. \u0130ndi \u018flibala S\u0259limov bizi polis\u0259, m\u0259hk\u0259m\u0259y\u0259 verib ki, guya biz bunun qap\u0131s\u0131n\u0131 q\u0131rm\u0131\u015f\u0131q, xuliqanl\u0131q etmi\u015fik. \u00dcst\u0259lik, bununla da kifay\u0259tl\u0259nmir. Deyir, budur ne\u00e7\u0259 ildir biz onun o\u011flunu h\u0259min 9 hektar \u0259razid\u0259 \u0259kin-bi\u00e7in etm\u0259y\u0259 imkan verm\u0259mi\u015fik v\u0259 onlara ziyan vurmu\u015fuq. Buna g\u00f6r\u0259 d\u0259 bizd\u0259n 50 min manat t\u0259l\u0259b edir\u201d.\n<\/p>\n<p>\n  Sakinl\u0259r deyirl\u0259r ki, \u018flibala S\u0259limov indiy\u0259 q\u0259d\u0259r h\u0259min \u0259razil\u0259ri qanunsuz \u0259kib-bec\u0259rib, he\u00e7 kim d\u0259 buna naraz\u0131l\u0131q etm\u0259yib. O, h\u0259min torpaqdan az\u0131 1-2 milyon pul \u0259ld\u0259 edib. H\u0259l\u0259 azm\u0131\u015f kimi bir d\u0259 xalqdan pul ist\u0259yir:\n<\/p>\n<p>\n  \u201cCamaat \u0259kinl\u0259-bi\u00e7inl\u0259, heyvandarl\u0131qla \u00e7\u0259tinlikl\u0259 dolan\u0131r. He\u00e7 heyvan\u0131m\u0131z\u0131 otlatma\u011fa \u00f6r\u00fc\u015f sah\u0259si, \u0259kib-bec\u0259rm\u0259y\u0259 onun q\u0259d\u0259r yer d\u0259 tapm\u0131r\u0131q, hardan alaq o q\u0259d\u0259r pulu? Dey\u0259s\u0259n a\u011fl\u0131 \u00f6z\u00fcn\u00fcn var-d\u00f6vl\u0259tin\u0259 gedib. El\u0259 bilir ham\u0131n\u0131n 50 minl\u0259ri var\u201d, &#8211; k\u0259nd sakinl\u0259ri \u0259lav\u0259 edir.\n<\/p>\n<figure class=\"wp-block-image size-large\">\n  <img decoding=\"async\" src=\"https:\/\/www.meydan.tv\/az\/img_2485-jpg\/\" alt=\"img_2485.jpg\" class=\"wp-image-150602\"\/><figcaption>\n    \u201cCamaat \u0259kinl\u0259-bi\u00e7inl\u0259, heyvandarl\u0131qla \u00e7\u0259tinlikl\u0259 dolan\u0131r&#8221;<br \/>\n  <\/figcaption><\/figure>\n<p>\n  \u018flibala S\u0259limov da Meydan TV-y\u0259 o\u011flunun h\u0259rracda icar\u0259y\u0259 9 hektar torpaq sah\u0259si g\u00f6t\u00fcrd\u00fcy\u00fcn\u00fc t\u0259sdiql\u0259yib. Bildirib ki, burada qanunsuz he\u00e7 n\u0259 yoxdur:\n<\/p>\n<p>\n  \u201cQanunsuzluq ed\u0259n s\u0259n\u0259dli-s\u00fcbutlu icar\u0259y\u0259 g\u00f6t\u00fcrd\u00fcy\u00fcm\u00fcz torpaqlarda \u0259kin-bi\u00e7in etm\u0259y\u0259 imkan verm\u0259y\u0259n k\u0259nd sakinl\u0259ridir. H\u0259l\u0259 azm\u0131\u015f kimi apreld\u0259 vurub biz\u0259 aid torpaq sah\u0259sinin qap\u0131s\u0131n\u0131 da q\u0131r\u0131blar. Bu, xuliqanl\u0131qd\u0131r. M\u0259n d\u0259 haql\u0131 olaraq onlar\u0131 polis\u0259, m\u0259hk\u0259m\u0259y\u0259 vermi\u015f\u0259m. D\u00fczd\u00fcr ki, onlardan 50 min manat da t\u0259zminat ist\u0259mi\u015f\u0259m. \u00c7\u00fcnki bizim orada \u0259kib-bec\u0259rm\u0259miz\u0259 imkan vermir, biz\u0259 ziyan vururlar\u201d.\n<\/p>\n<p>\n  \u018flibala S\u0259limov \u0259lav\u0259 edib ki, bu g\u00fcn onun \u0259vv\u0259lki kimi imkan\u0131 da yoxdur. O\u011flu Bak\u0131da kiray\u0259d\u0259 ya\u015fay\u0131r. O da \u00e7oxu kimi \u0259kin-bi\u00e7inl\u0259 dolanma\u011fa \u00e7al\u0131\u015f\u0131r. Ancaq buna k\u0259nd camaat\u0131 mane olur:\n<\/p>\n<p>\n  \u201cO vaxt torpaq islahatlar\u0131 d\u00f6vr\u00fcnd\u0259 m\u0259n k\u0259nd camaat\u0131na t\u0259klif etdim ki, h\u0259r\u0259 torpa\u011f\u0131ndan 1-2 sot versin. H\u0259min torpaqlar k\u0259ndin \u00f6r\u00fc\u015f sah\u0259si olsun v\u0259 ham\u0131 heyvan\u0131n\u0131 orada otars\u0131n. Ancaq bu g\u00fcn \u201c\u00f6r\u00fc\u015f sah\u0259miz yoxdur\u201d, &#8211; dey\u0259n sakinl\u0259r buna raz\u0131 olmad\u0131lar. \u0130\u00e7l\u0259rind\u0259n \u201cbiz heyvan\u0131m\u0131z\u0131 aya\u011f\u0131m\u0131za ba\u011flayaca\u011f\u0131q\u201d \u2013 dey\u0259nl\u0259r d\u0259 oldu. \u0130ndi n\u0259 ist\u0259yirl\u0259r, anlam\u0131ram\u201d.\n<\/p>\n<p>\n  K\u0259nd sakinl\u0259ri is\u0259 deyirl\u0259r ki, 20 ildir m\u00fcxt\u0259lif v\u0259zif\u0259l\u0259r tutan \u018flibala S\u0259limovdan ham\u0131 t\u0259ng\u0259 g\u0259lib. H\u0259r d\u0259f\u0259 saxta yolla se\u00e7ilir v\u0259 k\u0259ndd\u0259 ist\u0259diyini edir, kims\u0259 d\u0259 ona bata bilmir:\n<\/p>\n<p>\n  \u201cPrezident\u0259, Vitse-prezident\u0259 q\u0259d\u0259r ham\u0131ya, b\u00fct\u00fcn qurumlara yazm\u0131\u015f\u0131q. He\u00e7 kim bu adama bata bilmir. \u0130ndi d\u0259 yazd\u0131\u011f\u0131m\u0131z \u015fikay\u0259tl\u0259rin qar\u015f\u0131s\u0131n\u0131 almaq \u00fc\u00e7\u00fcn biz\u0259 qar\u015f\u0131 saxta ittiham ir\u0259li s\u00fcr\u00fcb ki, guya xuliqanl\u0131q etmi\u015fik. Biz\u0259 qar\u015f\u0131 saxta ittihamlar v\u0259 xuliqanl\u0131q madd\u0259si il\u0259 i\u015f a\u00e7\u0131l\u0131b. H\u0259bs t\u0259hl\u00fck\u0259si il\u0259 \u00fcz-\u00fcz\u0259yik. \u00dcst\u0259lik, hakimd\u0259n tutmu\u015f polis\u0259 q\u0259d\u0259r ham\u0131 onun s\u00f6z\u00fcn\u00fc deyir. M\u0259hk\u0259m\u0259nin haz\u0131rl\u0131q iclas\u0131nda g\u00f6rd\u00fck, ab-hava, t\u0259r\u0259fke\u015flik hiss edilirdi\u201d.\n<\/p>\n<p>\n  K\u0259nd sakinl\u0259ri n\u00f6vb\u0259ti m\u0259hk\u0259m\u0259 iclas\u0131n\u0131n noyabr\u0131n 4-n\u0259 t\u0259yin edildiyini s\u00f6yl\u0259yirl\u0259r.\n<\/p>\n<p>\n  \u018flibala S\u0259limov Nef\u00e7alan\u0131n Xolqaraqa\u015fl\u0131 k\u0259ndinin b\u0259l\u0259diyy\u0259 s\u0259dridir. Xolqaraqa\u015fl\u0131 v\u0259 Nef\u00e7alan\u0131n M\u00fcrs\u0259qulu k\u0259ndl\u0259ri eyni b\u0259l\u0259diyy\u0259y\u0259 tabedir. Bu b\u0259l\u0259diyy\u0259 s\u0259dri il\u0259 ictimai f\u0259al, h\u0259min \u0259razid\u0259n b\u0259l\u0259diyy\u0259 \u00fczv\u00fc se\u00e7ilmi\u015f V\u0259fa Na\u011f\u0131 aras\u0131nda da problem<br \/>\n  <a href=\"https:\/\/www.meydan.tv\/az\/article\/vefa-nagi-belediyye-uzvluyunden-uzaqlasdirilib\/?ref=search\"><br \/>\n    yaranm\u0131\u015fd\u0131<br \/>\n  <\/a><br \/>\n  .<\/p>\n","protected":false},"excerpt":{"rendered":"<p>K\u0259nd sakinl\u0259ri deyirl\u0259r ki, 20 ildir m\u00fcxt\u0259lif v\u0259zif\u0259l\u0259r tutan \u018flibala S\u0259limovdan ham\u0131 t\u0259ng\u0259 g\u0259lib.<\/p>\n","protected":false},"author":11,"featured_media":150605,"comment_status":"closed","ping_status":"open","sticky":false,"template":"","format":"standard","meta":{"_acf_changed":false,"_sitemap_exclude":false,"_sitemap_priority":"","_sitemap_frequency":"","footnotes":""},"categories":[60],"tags":[],"class_list":["post-203290","post","type-post","status-publish","format-standard","has-post-thumbnail","hentry","category-bolge","infinite-scroll-item","generate-columns","tablet-grid-50","mobile-grid-100","grid-parent","grid-33","no-featured-image-padding"],"acf":[],"yoast_head":"<!-- This site is optimized with the Yoast SEO plugin v27.5 - https:\/\/yoast.com\/product\/yoast-seo-wordpress\/ -->\n<title>K\u0259nd sakinl\u0259ri: B\u0259l\u0259diyy\u0259 s\u0259drind\u0259n \u015fikay\u0259t etdiyimiz \u00fc\u00e7\u00fcn h\u0259bs t\u0259hl\u00fck\u0259miz var - MEYDAN.TV<\/title>\n<meta name=\"robots\" content=\"index, follow, max-snippet:-1, max-image-preview:large, max-video-preview:-1\" \/>\n<link rel=\"canonical\" href=\"https:\/\/www.meydan.tv\/az\/article\/kend-sakinleri-belediyye-sedrinden-sikayet-etdiyimiz-ucun-hebs-tehlukemiz-var\/\" \/>\n<meta property=\"og:locale\" content=\"az_AZ\" \/>\n<meta property=\"og:type\" content=\"article\" \/>\n<meta property=\"og:title\" content=\"K\u0259nd sakinl\u0259ri: B\u0259l\u0259diyy\u0259 s\u0259drind\u0259n \u015fikay\u0259t etdiyimiz \u00fc\u00e7\u00fcn h\u0259bs t\u0259hl\u00fck\u0259miz var - MEYDAN.TV\" \/>\n<meta property=\"og:description\" content=\"K\u0259nd sakinl\u0259ri deyirl\u0259r ki, 20 ildir m\u00fcxt\u0259lif v\u0259zif\u0259l\u0259r tutan \u018flibala S\u0259limovdan ham\u0131 t\u0259ng\u0259 g\u0259lib.\" \/>\n<meta property=\"og:url\" content=\"https:\/\/www.meydan.tv\/az\/article\/kend-sakinleri-belediyye-sedrinden-sikayet-etdiyimiz-ucun-hebs-tehlukemiz-var\/\" \/>\n<meta property=\"og:site_name\" content=\"MEYDAN.TV\" \/>\n<meta property=\"article:published_time\" content=\"2020-10-29T11:02:49+00:00\" \/>\n<meta property=\"og:image\" content=\"https:\/\/www.meydan.tv\/wp-content\/uploads\/img_2481-scaled.jpg\" \/>\n\t<meta property=\"og:image:width\" content=\"2560\" \/>\n\t<meta property=\"og:image:height\" content=\"1920\" \/>\n\t<meta property=\"og:image:type\" content=\"image\/jpeg\" \/>\n<meta name=\"author\" content=\"user-manager\" \/>\n<meta name=\"twitter:card\" content=\"summary_large_image\" \/>\n<script type=\"application\/ld+json\" class=\"yoast-schema-graph\">{\"@context\":\"https:\\\/\\\/schema.org\",\"@graph\":[{\"@type\":\"Article\",\"@id\":\"https:\\\/\\\/www.meydan.tv\\\/az\\\/article\\\/kend-sakinleri-belediyye-sedrinden-sikayet-etdiyimiz-ucun-hebs-tehlukemiz-var\\\/#article\",\"isPartOf\":{\"@id\":\"https:\\\/\\\/www.meydan.tv\\\/az\\\/article\\\/kend-sakinleri-belediyye-sedrinden-sikayet-etdiyimiz-ucun-hebs-tehlukemiz-var\\\/\"},\"author\":{\"name\":\"user-manager\",\"@id\":\"https:\\\/\\\/www.meydan.tv\\\/az\\\/#\\\/schema\\\/person\\\/10d11eccf6da3662cf5fdab9806ea91a\"},\"headline\":\"K\u0259nd sakinl\u0259ri: B\u0259l\u0259diyy\u0259 s\u0259drind\u0259n \u015fikay\u0259t etdiyimiz \u00fc\u00e7\u00fcn h\u0259bs t\u0259hl\u00fck\u0259miz var\",\"datePublished\":\"2020-10-29T11:02:49+00:00\",\"mainEntityOfPage\":{\"@id\":\"https:\\\/\\\/www.meydan.tv\\\/az\\\/article\\\/kend-sakinleri-belediyye-sedrinden-sikayet-etdiyimiz-ucun-hebs-tehlukemiz-var\\\/\"},\"wordCount\":1229,\"publisher\":{\"@id\":\"https:\\\/\\\/www.meydan.tv\\\/az\\\/#organization\"},\"image\":{\"@id\":\"https:\\\/\\\/www.meydan.tv\\\/az\\\/article\\\/kend-sakinleri-belediyye-sedrinden-sikayet-etdiyimiz-ucun-hebs-tehlukemiz-var\\\/#primaryimage\"},\"thumbnailUrl\":\"https:\\\/\\\/www.meydan.tv\\\/wp-content\\\/uploads\\\/img_2481-scaled.jpg\",\"articleSection\":[\"B\u00f6lg\u0259\"],\"inLanguage\":\"az\"},{\"@type\":\"WebPage\",\"@id\":\"https:\\\/\\\/www.meydan.tv\\\/az\\\/article\\\/kend-sakinleri-belediyye-sedrinden-sikayet-etdiyimiz-ucun-hebs-tehlukemiz-var\\\/\",\"url\":\"https:\\\/\\\/www.meydan.tv\\\/az\\\/article\\\/kend-sakinleri-belediyye-sedrinden-sikayet-etdiyimiz-ucun-hebs-tehlukemiz-var\\\/\",\"name\":\"K\u0259nd sakinl\u0259ri: B\u0259l\u0259diyy\u0259 s\u0259drind\u0259n \u015fikay\u0259t etdiyimiz \u00fc\u00e7\u00fcn h\u0259bs t\u0259hl\u00fck\u0259miz var - MEYDAN.TV\",\"isPartOf\":{\"@id\":\"https:\\\/\\\/www.meydan.tv\\\/az\\\/#website\"},\"primaryImageOfPage\":{\"@id\":\"https:\\\/\\\/www.meydan.tv\\\/az\\\/article\\\/kend-sakinleri-belediyye-sedrinden-sikayet-etdiyimiz-ucun-hebs-tehlukemiz-var\\\/#primaryimage\"},\"image\":{\"@id\":\"https:\\\/\\\/www.meydan.tv\\\/az\\\/article\\\/kend-sakinleri-belediyye-sedrinden-sikayet-etdiyimiz-ucun-hebs-tehlukemiz-var\\\/#primaryimage\"},\"thumbnailUrl\":\"https:\\\/\\\/www.meydan.tv\\\/wp-content\\\/uploads\\\/img_2481-scaled.jpg\",\"datePublished\":\"2020-10-29T11:02:49+00:00\",\"breadcrumb\":{\"@id\":\"https:\\\/\\\/www.meydan.tv\\\/az\\\/article\\\/kend-sakinleri-belediyye-sedrinden-sikayet-etdiyimiz-ucun-hebs-tehlukemiz-var\\\/#breadcrumb\"},\"inLanguage\":\"az\",\"potentialAction\":[{\"@type\":\"ReadAction\",\"target\":[\"https:\\\/\\\/www.meydan.tv\\\/az\\\/article\\\/kend-sakinleri-belediyye-sedrinden-sikayet-etdiyimiz-ucun-hebs-tehlukemiz-var\\\/\"]}]},{\"@type\":\"ImageObject\",\"inLanguage\":\"az\",\"@id\":\"https:\\\/\\\/www.meydan.tv\\\/az\\\/article\\\/kend-sakinleri-belediyye-sedrinden-sikayet-etdiyimiz-ucun-hebs-tehlukemiz-var\\\/#primaryimage\",\"url\":\"https:\\\/\\\/www.meydan.tv\\\/wp-content\\\/uploads\\\/img_2481-scaled.jpg\",\"contentUrl\":\"https:\\\/\\\/www.meydan.tv\\\/wp-content\\\/uploads\\\/img_2481-scaled.jpg\",\"width\":2560,\"height\":1920,\"caption\":\"Source: Specify Source\"},{\"@type\":\"BreadcrumbList\",\"@id\":\"https:\\\/\\\/www.meydan.tv\\\/az\\\/article\\\/kend-sakinleri-belediyye-sedrinden-sikayet-etdiyimiz-ucun-hebs-tehlukemiz-var\\\/#breadcrumb\",\"itemListElement\":[{\"@type\":\"ListItem\",\"position\":1,\"name\":\"Ana s\u0259hif\u0259\",\"item\":\"https:\\\/\\\/www.meydan.tv\\\/az\\\/\"},{\"@type\":\"ListItem\",\"position\":2,\"name\":\"B\u00f6lg\u0259\",\"item\":\"https:\\\/\\\/www.meydan.tv\\\/az\\\/section\\\/bolge\\\/\"},{\"@type\":\"ListItem\",\"position\":3,\"name\":\"K\u0259nd sakinl\u0259ri: B\u0259l\u0259diyy\u0259 s\u0259drind\u0259n \u015fikay\u0259t etdiyimiz \u00fc\u00e7\u00fcn h\u0259bs t\u0259hl\u00fck\u0259miz var\"}]},{\"@type\":\"WebSite\",\"@id\":\"https:\\\/\\\/www.meydan.tv\\\/az\\\/#website\",\"url\":\"https:\\\/\\\/www.meydan.tv\\\/az\\\/\",\"name\":\"MEYDAN.TV\",\"description\":\"Meydan TV Az\u0259rbaycan\u0131n media m\u0259kan\u0131ndak\u0131 alternativ s\u0259sidir\",\"publisher\":{\"@id\":\"https:\\\/\\\/www.meydan.tv\\\/az\\\/#organization\"},\"potentialAction\":[{\"@type\":\"SearchAction\",\"target\":{\"@type\":\"EntryPoint\",\"urlTemplate\":\"https:\\\/\\\/www.meydan.tv\\\/az\\\/?s={search_term_string}\"},\"query-input\":{\"@type\":\"PropertyValueSpecification\",\"valueRequired\":true,\"valueName\":\"search_term_string\"}}],\"inLanguage\":\"az\"},{\"@type\":\"Organization\",\"@id\":\"https:\\\/\\\/www.meydan.tv\\\/az\\\/#organization\",\"name\":\"Meydan TV\",\"url\":\"https:\\\/\\\/www.meydan.tv\\\/az\\\/\",\"logo\":{\"@type\":\"ImageObject\",\"inLanguage\":\"az\",\"@id\":\"https:\\\/\\\/www.meydan.tv\\\/az\\\/#\\\/schema\\\/logo\\\/image\\\/\",\"url\":\"https:\\\/\\\/www.meydan.tv\\\/wp-content\\\/uploads\\\/2021\\\/07\\\/meydan-logo.svg\",\"contentUrl\":\"https:\\\/\\\/www.meydan.tv\\\/wp-content\\\/uploads\\\/2021\\\/07\\\/meydan-logo.svg\",\"width\":195,\"height\":46,\"caption\":\"Meydan TV\"},\"image\":{\"@id\":\"https:\\\/\\\/www.meydan.tv\\\/az\\\/#\\\/schema\\\/logo\\\/image\\\/\"}},{\"@type\":\"Person\",\"@id\":\"https:\\\/\\\/www.meydan.tv\\\/az\\\/#\\\/schema\\\/person\\\/10d11eccf6da3662cf5fdab9806ea91a\",\"name\":\"user-manager\"}]}<\/script>\n<!-- \/ Yoast SEO plugin. -->","yoast_head_json":{"title":"K\u0259nd sakinl\u0259ri: B\u0259l\u0259diyy\u0259 s\u0259drind\u0259n \u015fikay\u0259t etdiyimiz \u00fc\u00e7\u00fcn h\u0259bs t\u0259hl\u00fck\u0259miz var - MEYDAN.TV","robots":{"index":"index","follow":"follow","max-snippet":"max-snippet:-1","max-image-preview":"max-image-preview:large","max-video-preview":"max-video-preview:-1"},"canonical":"https:\/\/www.meydan.tv\/az\/article\/kend-sakinleri-belediyye-sedrinden-sikayet-etdiyimiz-ucun-hebs-tehlukemiz-var\/","og_locale":"az_AZ","og_type":"article","og_title":"K\u0259nd sakinl\u0259ri: B\u0259l\u0259diyy\u0259 s\u0259drind\u0259n \u015fikay\u0259t etdiyimiz \u00fc\u00e7\u00fcn h\u0259bs t\u0259hl\u00fck\u0259miz var - MEYDAN.TV","og_description":"K\u0259nd sakinl\u0259ri deyirl\u0259r ki, 20 ildir m\u00fcxt\u0259lif v\u0259zif\u0259l\u0259r tutan \u018flibala S\u0259limovdan ham\u0131 t\u0259ng\u0259 g\u0259lib.","og_url":"https:\/\/www.meydan.tv\/az\/article\/kend-sakinleri-belediyye-sedrinden-sikayet-etdiyimiz-ucun-hebs-tehlukemiz-var\/","og_site_name":"MEYDAN.TV","article_published_time":"2020-10-29T11:02:49+00:00","og_image":[{"width":2560,"height":1920,"url":"https:\/\/www.meydan.tv\/wp-content\/uploads\/img_2481-scaled.jpg","type":"image\/jpeg"}],"author":"user-manager","twitter_card":"summary_large_image","schema":{"@context":"https:\/\/schema.org","@graph":[{"@type":"Article","@id":"https:\/\/www.meydan.tv\/az\/article\/kend-sakinleri-belediyye-sedrinden-sikayet-etdiyimiz-ucun-hebs-tehlukemiz-var\/#article","isPartOf":{"@id":"https:\/\/www.meydan.tv\/az\/article\/kend-sakinleri-belediyye-sedrinden-sikayet-etdiyimiz-ucun-hebs-tehlukemiz-var\/"},"author":{"name":"user-manager","@id":"https:\/\/www.meydan.tv\/az\/#\/schema\/person\/10d11eccf6da3662cf5fdab9806ea91a"},"headline":"K\u0259nd sakinl\u0259ri: B\u0259l\u0259diyy\u0259 s\u0259drind\u0259n \u015fikay\u0259t etdiyimiz \u00fc\u00e7\u00fcn h\u0259bs t\u0259hl\u00fck\u0259miz var","datePublished":"2020-10-29T11:02:49+00:00","mainEntityOfPage":{"@id":"https:\/\/www.meydan.tv\/az\/article\/kend-sakinleri-belediyye-sedrinden-sikayet-etdiyimiz-ucun-hebs-tehlukemiz-var\/"},"wordCount":1229,"publisher":{"@id":"https:\/\/www.meydan.tv\/az\/#organization"},"image":{"@id":"https:\/\/www.meydan.tv\/az\/article\/kend-sakinleri-belediyye-sedrinden-sikayet-etdiyimiz-ucun-hebs-tehlukemiz-var\/#primaryimage"},"thumbnailUrl":"https:\/\/www.meydan.tv\/wp-content\/uploads\/img_2481-scaled.jpg","articleSection":["B\u00f6lg\u0259"],"inLanguage":"az"},{"@type":"WebPage","@id":"https:\/\/www.meydan.tv\/az\/article\/kend-sakinleri-belediyye-sedrinden-sikayet-etdiyimiz-ucun-hebs-tehlukemiz-var\/","url":"https:\/\/www.meydan.tv\/az\/article\/kend-sakinleri-belediyye-sedrinden-sikayet-etdiyimiz-ucun-hebs-tehlukemiz-var\/","name":"K\u0259nd sakinl\u0259ri: B\u0259l\u0259diyy\u0259 s\u0259drind\u0259n \u015fikay\u0259t etdiyimiz \u00fc\u00e7\u00fcn h\u0259bs t\u0259hl\u00fck\u0259miz var - MEYDAN.TV","isPartOf":{"@id":"https:\/\/www.meydan.tv\/az\/#website"},"primaryImageOfPage":{"@id":"https:\/\/www.meydan.tv\/az\/article\/kend-sakinleri-belediyye-sedrinden-sikayet-etdiyimiz-ucun-hebs-tehlukemiz-var\/#primaryimage"},"image":{"@id":"https:\/\/www.meydan.tv\/az\/article\/kend-sakinleri-belediyye-sedrinden-sikayet-etdiyimiz-ucun-hebs-tehlukemiz-var\/#primaryimage"},"thumbnailUrl":"https:\/\/www.meydan.tv\/wp-content\/uploads\/img_2481-scaled.jpg","datePublished":"2020-10-29T11:02:49+00:00","breadcrumb":{"@id":"https:\/\/www.meydan.tv\/az\/article\/kend-sakinleri-belediyye-sedrinden-sikayet-etdiyimiz-ucun-hebs-tehlukemiz-var\/#breadcrumb"},"inLanguage":"az","potentialAction":[{"@type":"ReadAction","target":["https:\/\/www.meydan.tv\/az\/article\/kend-sakinleri-belediyye-sedrinden-sikayet-etdiyimiz-ucun-hebs-tehlukemiz-var\/"]}]},{"@type":"ImageObject","inLanguage":"az","@id":"https:\/\/www.meydan.tv\/az\/article\/kend-sakinleri-belediyye-sedrinden-sikayet-etdiyimiz-ucun-hebs-tehlukemiz-var\/#primaryimage","url":"https:\/\/www.meydan.tv\/wp-content\/uploads\/img_2481-scaled.jpg","contentUrl":"https:\/\/www.meydan.tv\/wp-content\/uploads\/img_2481-scaled.jpg","width":2560,"height":1920,"caption":"Source: Specify Source"},{"@type":"BreadcrumbList","@id":"https:\/\/www.meydan.tv\/az\/article\/kend-sakinleri-belediyye-sedrinden-sikayet-etdiyimiz-ucun-hebs-tehlukemiz-var\/#breadcrumb","itemListElement":[{"@type":"ListItem","position":1,"name":"Ana s\u0259hif\u0259","item":"https:\/\/www.meydan.tv\/az\/"},{"@type":"ListItem","position":2,"name":"B\u00f6lg\u0259","item":"https:\/\/www.meydan.tv\/az\/section\/bolge\/"},{"@type":"ListItem","position":3,"name":"K\u0259nd sakinl\u0259ri: B\u0259l\u0259diyy\u0259 s\u0259drind\u0259n \u015fikay\u0259t etdiyimiz \u00fc\u00e7\u00fcn h\u0259bs t\u0259hl\u00fck\u0259miz var"}]},{"@type":"WebSite","@id":"https:\/\/www.meydan.tv\/az\/#website","url":"https:\/\/www.meydan.tv\/az\/","name":"MEYDAN.TV","description":"Meydan TV Az\u0259rbaycan\u0131n media m\u0259kan\u0131ndak\u0131 alternativ s\u0259sidir","publisher":{"@id":"https:\/\/www.meydan.tv\/az\/#organization"},"potentialAction":[{"@type":"SearchAction","target":{"@type":"EntryPoint","urlTemplate":"https:\/\/www.meydan.tv\/az\/?s={search_term_string}"},"query-input":{"@type":"PropertyValueSpecification","valueRequired":true,"valueName":"search_term_string"}}],"inLanguage":"az"},{"@type":"Organization","@id":"https:\/\/www.meydan.tv\/az\/#organization","name":"Meydan TV","url":"https:\/\/www.meydan.tv\/az\/","logo":{"@type":"ImageObject","inLanguage":"az","@id":"https:\/\/www.meydan.tv\/az\/#\/schema\/logo\/image\/","url":"https:\/\/www.meydan.tv\/wp-content\/uploads\/2021\/07\/meydan-logo.svg","contentUrl":"https:\/\/www.meydan.tv\/wp-content\/uploads\/2021\/07\/meydan-logo.svg","width":195,"height":46,"caption":"Meydan TV"},"image":{"@id":"https:\/\/www.meydan.tv\/az\/#\/schema\/logo\/image\/"}},{"@type":"Person","@id":"https:\/\/www.meydan.tv\/az\/#\/schema\/person\/10d11eccf6da3662cf5fdab9806ea91a","name":"user-manager"}]}},"_links":{"self":[{"href":"https:\/\/www.meydan.tv\/az\/wp-json\/wp\/v2\/posts\/203290","targetHints":{"allow":["GET"]}}],"collection":[{"href":"https:\/\/www.meydan.tv\/az\/wp-json\/wp\/v2\/posts"}],"about":[{"href":"https:\/\/www.meydan.tv\/az\/wp-json\/wp\/v2\/types\/post"}],"author":[{"embeddable":true,"href":"https:\/\/www.meydan.tv\/az\/wp-json\/wp\/v2\/users\/11"}],"replies":[{"embeddable":true,"href":"https:\/\/www.meydan.tv\/az\/wp-json\/wp\/v2\/comments?post=203290"}],"version-history":[{"count":0,"href":"https:\/\/www.meydan.tv\/az\/wp-json\/wp\/v2\/posts\/203290\/revisions"}],"wp:featuredmedia":[{"embeddable":true,"href":"https:\/\/www.meydan.tv\/az\/wp-json\/wp\/v2\/media\/150605"}],"wp:attachment":[{"href":"https:\/\/www.meydan.tv\/az\/wp-json\/wp\/v2\/media?parent=203290"}],"wp:term":[{"taxonomy":"category","embeddable":true,"href":"https:\/\/www.meydan.tv\/az\/wp-json\/wp\/v2\/categories?post=203290"},{"taxonomy":"post_tag","embeddable":true,"href":"https:\/\/www.meydan.tv\/az\/wp-json\/wp\/v2\/tags?post=203290"}],"curies":[{"name":"wp","href":"https:\/\/api.w.org\/{rel}","templated":true}]}}