{"id":203279,"date":"2020-10-28T17:42:14","date_gmt":"2020-10-28T17:42:14","guid":{"rendered":"https:\/\/www.meydan.tv\/article\/berde-yeniden-atese-tutuldu-olen-ve-yaralananlar-var\/"},"modified":"2020-10-28T17:42:14","modified_gmt":"2020-10-28T17:42:14","slug":"berde-yeniden-atese-tutuldu-olen-ve-yaralananlar-var","status":"publish","type":"post","link":"https:\/\/www.meydan.tv\/az\/article\/berde-yeniden-atese-tutuldu-olen-ve-yaralananlar-var\/","title":{"rendered":"B\u0259rd\u0259 yenid\u0259n at\u0259\u015f\u0259 tutuldu: Son iki g\u00fcnd\u0259 26 n\u0259f\u0259r \u00f6l\u00fcb, 70-dan \u00e7ox yaralanan var (yenil\u0259nir)"},"content":{"rendered":"<p>\n  <b><br \/>\n    20.33.<br \/>\n  <\/b><br \/>\n  <i><br \/>\n    Erm\u0259nistan\u0131n bu g\u00fcn B\u0259rd\u0259 rayonuna raket h\u00fccumu n\u0259tic\u0259sind\u0259 h\u0259lak olan \u015f\u0259xsl\u0259rin adlar\u0131 m\u0259lum olub<br \/>\n  <\/i><br \/>\n  :\n<\/p>\n<p>\n  <b><br \/>\n    B\u0259rd\u0259 rayonu L\u0259nb\u0259ran k\u0259nd sakini, 1961-ci il t\u0259v\u0259ll\u00fcdl\u00fc Qas\u0131mova Solmaz S\u0259dr\u0259ddin q\u0131z\u0131<br \/>\n  <\/b>\n<\/p>\n<p>\n  <b><br \/>\n    L\u0259nb\u0259ran k\u0259nd sakini, 1950-ci il t\u0259v\u0259ll\u00fcdl\u00fc S\u00fcleymanov H\u00fcmb\u0259t S\u00fcleyman o\u011flu<br \/>\n  <\/b>\n<\/p>\n<p>\n  <b><br \/>\n    B\u0259rd\u0259 \u015f\u0259h\u0259r sakini, 1969-cu il t\u0259v\u0259ll\u00fcdl\u00fc Mustafayeva Leyla Elmir q\u0131z\u0131<br \/>\n  <\/b>\n<\/p>\n<p>\n  <b><br \/>\n    \u00c7\u0259l\u0259bil\u0259r k\u0259nd sakini, 1972-ci il t\u0259v\u0259ll\u00fcdl\u00fc Mirz\u0259liyev \u00c7\u0259rk\u0259z Xanlar o\u011flu<br \/>\n  <\/b>\n<\/p>\n<p>\n  <b><br \/>\n    A\u011fdam \u015f\u0259h\u0259r sakini, 1972-ci il t\u0259v\u0259ll\u00fcdl\u00fc H\u00fcseynova G\u00fcl\u015f\u0259n Mehrab q\u0131z\u0131<br \/>\n  <\/b>\n<\/p>\n<p>\n  <b><br \/>\n    \u00c7\u0259l\u0259bil\u0259r k\u0259nd sakini, 1950-ci il t\u0259v\u0259ll\u00fcdl\u00fc Mirz\u0259liyeva T\u00fck\u0259zban \u00c7\u0259rk\u0259z q\u0131z\u0131<br \/>\n  <\/b>\n<\/p>\n<p>\n  <b><br \/>\n    B\u0259rd\u0259 \u015f\u0259h\u0259r sakini, 1983-c\u00fc il t\u0259v\u0259ll\u00fcdl\u00fc Allahverdiyev \u018fsg\u0259r Mahir o\u011flu<br \/>\n  <\/b>\n<\/p>\n<p>\n  <b><br \/>\n    B\u0259rd\u0259 \u015f\u0259h\u0259r sakini, 1990-c\u0131 il t\u0259v\u0259ll\u00fcdl\u00fc C\u0259f\u0259rov Amil Fazil o\u011flu<br \/>\n  <\/b>\n<\/p>\n<p>\n  <b><br \/>\n    Nif\u00e7i k\u0259nd sakini, 1969-cu il t\u0259v\u0259ll\u00fcdl\u00fc Hac\u0131yev Fazil Hac\u0131 o\u011flu<br \/>\n  <\/b>\n<\/p>\n<p>\n  <b><br \/>\n    B\u0259rd\u0259 \u015f\u0259h\u0259r sakini, 1975-ci il t\u0259v\u0259ll\u00fcdl\u00fc \u018fhm\u0259dov Mirsaqi Yusif o\u011flu<br \/>\n  <\/b>\n<\/p>\n<p>\n  <b><br \/>\n    B\u0259rd\u0259 \u015f\u0259h\u0259r sakini, 1990-c\u0131 il t\u0259v\u0259ll\u00fcdl\u00fc Kaz\u0131mov D\u0259yan\u0259t Tahir o\u011flu<br \/>\n  <\/b>\n<\/p>\n<p>\n  <b><br \/>\n    K\u00fcrdborak\u0131 k\u0259nd sakini, 1986-c\u0131 il t\u0259v\u0259ll\u00fcdl\u00fc \u018fliyev Sadiq Sahib o\u011flu<br \/>\n  <\/b>\n<\/p>\n<p>\n  <b><br \/>\n    B\u0259rd\u0259 \u015f\u0259h\u0259r sakini, 1984-c\u00fc il t\u0259v\u0259ll\u00fcdl\u00fc Abbasov Ruslan M\u0259h\u0259mm\u0259d o\u011flu<br \/>\n  <\/b>\n<\/p>\n<p>\n  <b><br \/>\n    B\u0259rd\u0259 \u015f\u0259h\u0259r sakini, 1977-ci il t\u0259v\u0259ll\u00fcdl\u00fc X\u0131d\u0131rov \u0130ntiqam \u018fl\u0259mdar o\u011flu<br \/>\n  <\/b>\n<\/p>\n<p>\n  <b><br \/>\n    G\u0259nc\u0259 \u015f\u0259h\u0259r sakini, 1991-ci il t\u0259v\u0259ll\u00fcdl\u00fc \u015e\u0259fiyev R\u0259\u015fad Vaqif o\u011flu<br \/>\n  <\/b>\n<\/p>\n<p>\n  <b><br \/>\n    A\u011fdam rayonu, Quzanl\u0131 q\u0259s\u0259b\u0259 sakini, 1990-c\u0131 il t\u0259v\u0259ll\u00fcdl\u00fc \u0130smay\u0131ll\u0131 Vasif Vaqif o\u011flu<br \/>\n  <\/b>\n<\/p>\n<p>\n  <b><br \/>\n    B\u0259rd\u0259 \u015f\u0259h\u0259r sakini, 1940-c\u0131 il t\u0259v\u0259ll\u00fcdl\u00fc \u0130sg\u0259nd\u0259rov Yal\u00e7\u0131n Rizvan o\u011flu<br \/>\n  <\/b>\n<\/p>\n<p>\n  <b><br \/>\n    B\u0259rd\u0259 \u015f\u0259h\u0259r sakini, 1947-ci il t\u0259v\u0259ll\u00fcdl\u00fc Quliyev A\u011famo\u011flan B\u0259yl\u0259r o\u011flu<br \/>\n  <\/b>\n<\/p>\n<p>\n  <b><br \/>\n    B\u0259rd\u0259 \u015f\u0259h\u0259r sakini, 1988-ci il t\u0259v\u0259ll\u00fcdl\u00fc \u0130smay\u0131lov Fuad \u0130sa o\u011flu<br \/>\n  <\/b>\n<\/p>\n<p>\n  <b><br \/>\n    B\u0259rd\u0259 \u015f\u0259h\u0259r sakini, 1971-ci il t\u0259v\u0259ll\u00fcdl\u00fc Mustafayev M\u0259h\u0259rr\u0259m \u018fnv\u0259r o\u011flu.<br \/>\n  <\/b>\n<\/p>\n<p>\n  ***\n<\/p>\n<p>\n  <b><br \/>\n    17.54.<br \/>\n  <\/b><br \/>\n  <i><br \/>\n    X\u0130N: Dinc \u0259halinin h\u0259d\u0259f\u0259 al\u0131nmas\u0131 insanl\u0131q \u0259leyhin\u0259 cinay\u0259tdir<br \/>\n  <\/i>\n<\/p>\n<p>\n  <i><br \/>\n    \u201cH\u0259rbi h\u0259d\u0259f \u0259lam\u0259tl\u0259ri olmayan, m\u00fcnaqi\u015f\u0259 zonas\u0131ndan \u00e7ox uzaqda yerl\u0259\u015f\u0259n \u015f\u0259h\u0259rd\u0259ki ya\u015fay\u0131\u015f m\u0259nt\u0259q\u0259l\u0259rinin n\u00f6vb\u0259ti d\u0259f\u0259 h\u0259d\u0259f\u0259 al\u0131nmas\u0131 Erm\u0259nistan\u0131n terror\u00e7u mahiyy\u0259tinin bir daha n\u00fcmayi\u015f etdirir. Erm\u0259nistan silahl\u0131 q\u00fcvv\u0259l\u0259ri t\u0259r\u0259find\u0259n B\u0259rd\u0259 \u015f\u0259h\u0259rind\u0259 dinc \u0259halinin m\u0259qs\u0259dy\u00f6nl\u00fc \u015f\u0259kild\u0259 q\u0259tl\u0259 yetirilm\u0259si soyq\u0131r\u0131m\u0131, m\u00fcharib\u0259 cinay\u0259ti v\u0259 insanl\u0131q \u0259leyhin\u0259 cinay\u0259tdir\u201d.<br \/>\n  <\/i>\n<\/p>\n<p>\n  <i><br \/>\n    Az\u0259rbaycan Xarici \u0130\u015fl\u0259r Nazirliyinin yayd\u0131\u011f\u0131 b\u0259yanatda bel\u0259 deyilir. Bildirilir ki, bu, Erm\u0259nistan t\u0259r\u0259find\u0259n beyn\u0259lxalq humanitar h\u00fcququn kobud \u015f\u0259kild\u0259 pozulmas\u0131d\u0131r v\u0259 bu cinay\u0259t\u0259 g\u00f6r\u0259 \u00f6lk\u0259nin Ba\u015f naziri v\u0259 M\u00fcdafi\u0259 naziri d\u0259 daxil olmaqla Erm\u0259nistan r\u0259hb\u0259rliyi tam \u015f\u0259kild\u0259 m\u0259suliyy\u0259t da\u015f\u0131y\u0131r:<br \/>\n  <\/i>\n<\/p>\n<p>\n  <i><br \/>\n    \u201cR\u0259smi olaraq elan edilmi\u015f humanitar at\u0259\u015fk\u0259s d\u00f6vr\u00fcnd\u0259 v\u0259 h\u0259r iki d\u00f6vl\u0259tin Xarici \u0130\u015fl\u0259r nazirl\u0259rinin AT\u018fT-in Minsk Qrupu h\u0259ms\u0259drl\u0259ri il\u0259 Cenevr\u0259 g\u00f6r\u00fc\u015f\u00fc \u0259r\u0259f\u0259sind\u0259 Az\u0259rbaycan\u0131n ya\u015fay\u0131\u015f m\u0259nt\u0259q\u0259l\u0259rin\u0259 v\u0259 m\u00fclki \u015f\u0259xsl\u0259r\u0259 h\u00fccumun edilm\u0259si, Erm\u0259nistan\u0131n m\u0259qs\u0259dinin dan\u0131\u015f\u0131qlar\u0131 pozmaq, g\u0259rginliyi art\u0131rmaq v\u0259 \u00fc\u00e7\u00fcnc\u00fc d\u00f6vl\u0259tl\u0259ri m\u00fcnaqi\u015f\u0259y\u0259 c\u0259lb etm\u0259k oldu\u011funu a\u00e7\u0131q \u015f\u0259kild\u0259 g\u00f6st\u0259rir\u201d.<br \/>\n  <\/i>\n<\/p>\n<p>\n  <i><br \/>\n    \u201cErm\u0259nistan\u0131n v\u0259h\u015fi \u0259m\u0259ll\u0259ri bar\u0259d\u0259 susmaq v\u0259 Az\u0259rbaycan dinc \u0259halisin\u0259 qar\u015f\u0131 t\u00f6r\u0259dil\u0259n bu cinay\u0259tl\u0259ri c\u0259zas\u0131z qoymaq, cinay\u0259tkarlar\u0131 n\u00f6vb\u0259ti v\u0259h\u015filikl\u0259r\u0259 t\u0259hrik etm\u0259y\u0259 b\u0259rab\u0259rdir. Beyn\u0259lxalq ictimaiyy\u0259t Erm\u0259nistan t\u0259r\u0259find\u0259n beyn\u0259lxalq h\u00fcququn pozulmas\u0131, m\u0259qs\u0259dy\u00f6nl\u00fc \u015f\u0259kild\u0259 m\u00fclki \u015f\u0259xsl\u0259rin q\u0259tl\u0259 yetirilm\u0259sinin qar\u015f\u0131s\u0131n\u0131n al\u0131nmas\u0131 \u00fc\u00e7\u00fcn z\u0259ruri add\u0131mlar atmal\u0131 v\u0259 bu \u00f6lk\u0259nin silahl\u0131 q\u00fcvv\u0259l\u0259rinin Az\u0259rbaycan\u0131n i\u015f\u011fal olunmu\u015f \u0259razil\u0259rind\u0259n \u00e7\u0131xar\u0131lmas\u0131n\u0131 t\u0259l\u0259b etm\u0259lidir.<br \/>\n  <\/i>\n<\/p>\n<p>\n  <i><br \/>\n    Az\u0259rbaycan bu qeyri-insani h\u0259r\u0259k\u0259tl\u0259r\u0259 g\u00f6r\u0259 cavabdeh olan \u015f\u0259xsl\u0259rin \u0259dal\u0259td\u0259n yay\u0131nmamas\u0131 v\u0259 m\u0259suliyy\u0259t\u0259 c\u0259lb olunmas\u0131 \u00fc\u00e7\u00fcn \u0259lind\u0259n g\u0259l\u0259ni \u0259sirg\u0259m\u0259y\u0259c\u0259k\u201d, &#8211;<br \/>\n  <\/i><br \/>\n  <a href=\"https:\/\/mfa.gov.az\/az\/news\/7003\/view\"><br \/>\n    <i><br \/>\n      b\u0259yanat<br \/>\n    <\/i><br \/>\n  <\/a><br \/>\n  <i><br \/>\n    da deyilir.<br \/>\n  <\/i>\n<\/p>\n<p>\n  ***\n<\/p>\n<p>\n  <b><br \/>\n    17.06.<br \/>\n  <\/b><br \/>\n  <i><br \/>\n    \u0130ran \u0130slam Respublikas\u0131n\u0131n Az\u0259rbaycandak\u0131 S\u0259firliyi Erm\u0259nistan\u0131n B\u0259rd\u0259 \u015f\u0259h\u0259rin\u0259 edil\u0259n raket h\u00fccumunu s\u0259rt \u015f\u0259kild\u0259 pisl\u0259y\u0259n b\u0259yanat yay\u0131b.<br \/>\n  <\/i>\n<\/p>\n<p>\n  <i><br \/>\n    M\u0259lumat\u0131 s\u0259firlik yay\u0131b: &quot;\u0130ran s\u0259firliyi bildirir ki, beyn\u0259lxalq h\u00fcquq normalar\u0131na \u0259sas\u0259n, \u015f\u0259h\u0259rl\u0259r\u0259 v\u0259 g\u00fcnahs\u0131z insanlara h\u00fccum etm\u0259k h\u0259rbi cinay\u0259tidir v\u0259 d\u0259rhal dayand\u0131r\u0131lmal\u0131d\u0131r&quot;.<br \/>\n  <\/i>\n<\/p>\n<p>\n  <i><br \/>\n    \u0130ran s\u0259firliyi h\u0259lak olanlar\u0131n ail\u0259l\u0259rinin d\u0259rdin\u0259 \u015f\u0259rik \u00e7\u0131x\u0131r v\u0259 yaral\u0131lara \u015f\u0259fa dil\u0259yir.<br \/>\n  <\/i>\n<\/p>\n<p>\n  ***\n<\/p>\n<p>\n  <b><br \/>\n    16.52.<br \/>\n  <\/b><br \/>\n  <i><br \/>\n    Az\u0259rbaycan Ba\u015f Prokurorlu\u011fu B\u0259rd\u0259 \u015f\u0259h\u0259rind\u0259 son 2 g\u00fcnd\u0259 \u00f6l\u0259nl\u0259rin say\u0131n\u0131n 26 n\u0259f\u0259r\u0259 \u00e7atd\u0131\u011f\u0131n\u0131 bildirib:<br \/>\n  <\/i>\n<\/p>\n<p>\n  <i><br \/>\n    &quot;70-d\u0259n \u00e7ox adam yaralan\u0131b&quot;.<br \/>\n  <\/i>\n<\/p>\n<p>\n  <i><br \/>\n    Eyni zamanda, B\u0259rd\u0259 \u015f\u0259h\u0259rind\u0259 d\u00fcn\u0259n raket z\u0259rb\u0259si n\u0259tic\u0259sind\u0259 yaralananlardan bir n\u0259f\u0259rin m\u00fcalic\u0259 ald\u0131\u011f\u0131 x\u0259st\u0259xanada \u00f6ld\u00fcy\u00fc qeyd olunub.<br \/>\n  <\/i>\n<\/p>\n<p>\n  ***\n<\/p>\n<p>\n  <b><br \/>\n    15.55.<br \/>\n  <\/b><br \/>\n  <i><br \/>\n    Az\u0259rbaycan Prezidentinin k\u00f6m\u0259k\u00e7isi Hikm\u0259t Hac\u0131yev d\u00fcn\u0259n v\u0259 bu g\u00fcn B\u0259rd\u0259nin at\u0259\u015f\u0259 tutulmas\u0131 il\u0259 ba\u011fl\u0131 beyn\u0259lxaq insan h\u00fcquqlar\u0131 m\u00fcdafi\u0259 t\u0259\u015fkilatlar\u0131na \u00e7a\u011f\u0131r\u0131\u015f edib.<br \/>\n  <\/i>\n<\/p>\n<p>\n  <i><br \/>\n    Bu bar\u0259d\u0259 Hikm\u0259t Hac\u0131yev \u201cTvitter\u201d s\u0259hif\u0259sind\u0259 yaz\u0131b:<br \/>\n  <\/i>\n<\/p>\n<p>\n  <i><br \/>\n    \u201cB\u0259rd\u0259 rayonun vurulmas\u0131nda Erm\u0259nistan ordusu \u201cSmer\u00e7\u201d kaset raketl\u0259rind\u0259n istifad\u0259 edib. \u201cHuman Right Watch\u201d v\u0259 \u201cAmnesty International\u201d\u0131 Erm\u0259nistan\u0131n bu c\u00fcr cinay\u0259tl\u0259rini yerind\u0259c\u0259 inc\u0259l\u0259m\u0259y\u0259 d\u0259v\u0259t edirik\u201d.<br \/>\n  <\/i>\n<\/p>\n<p>\n  ***\n<\/p>\n<p>\n  <b><br \/>\n    15.24<br \/>\n  <\/b><br \/>\n  .<br \/>\n  <i><br \/>\n    B\u0259rd\u0259d\u0259n Meydan TV-y\u0259 veril\u0259n m\u0259lumata g\u00f6r\u0259, \u00f6l\u0259nl\u0259rin say\u0131 21 n\u0259f\u0259r\u0259 \u00e7at\u0131b, 60-dan \u00e7ox adam yaralan\u0131b.<br \/>\n  <\/i>\n<\/p>\n<p>\n  ***\n<\/p>\n<p>\n  <b><br \/>\n    15.11.<br \/>\n  <\/b><br \/>\n  <i><br \/>\n    Az\u0259rbaycan Ba\u015f Prokurorlu\u011fu 19 n\u0259f\u0259rin \u00f6ld\u00fcy\u00fc, 60-a yax\u0131n \u015f\u0259xsin yaraland\u0131\u011f\u0131 haqda a\u00e7\u0131qlama yay\u0131b:<br \/>\n  <\/i>\n<\/p>\n<p>\n  <i><br \/>\n    &quot;Haz\u0131rda prokurorluq \u0259m\u0259kdas\u0327lar\u0131 t\u0259r\u0259find\u0259n mo\u0308vcud s\u0327\u0259raitd\u0259 mu\u0308mku\u0308n olan bu\u0308tu\u0308n istintaq t\u0259dbirl\u0259ri h\u0259yata kec\u0327irilm\u0259kl\u0259 z\u0259r\u0259r\u00e7\u0259kmi\u015f \u015f\u0259xsl\u0259rin siyah\u0131s\u0131n\u0131n d\u0259qiql\u0259\u015fdirilm\u0259si \u00fczr\u0259 i\u015fl\u0259r apar\u0131l\u0131r&quot;.<br \/>\n  <\/i>\n<\/p>\n<p>\n  ***\n<\/p>\n<p>\n  <b><br \/>\n    14.50.<br \/>\n  <\/b><br \/>\n  <i><br \/>\n    Son m\u0259lumata \u0259sas\u0259n, 14 n\u0259f\u0259r h\u0259lak olub, 40-dan \u00e7ox adam yaralan\u0131b. M\u0259lumat\u0131 &quot;Report.az&quot;<br \/>\n  <\/i><br \/>\n  <a href=\"https:\/\/report.az\/dagliq-qarabag-munaqishesi\/ermenilerin-berdeni-atese-tutmasi-neticesinde-helak-olanlarin-sayi-14-e-catib\/?fbclid=IwAR0FV8KJzkliijKhNwWZN5k1a2Ya1qQ3XY_CWPh4zrbLUP3exIqV2TYAIHw\"><br \/>\n    <i><br \/>\n      yay\u0131b<br \/>\n    <\/i><br \/>\n  <\/a><br \/>\n  <i><br \/>\n    .<br \/>\n  <\/i>\n<\/p>\n<p>\n  <i><br \/>\n    ***<br \/>\n  <\/i>\n<\/p>\n<p>\n  <i><br \/>\n    M\u00fclkl\u0259r\u0259, obyektl\u0259r\u0259 v\u0259 ma\u015f\u0131nlara ziyan d\u0259yib<br \/>\n  <\/i>\n<\/p>\n<p>\n  Oktyabr\u0131n 28-d\u0259 saat 1 rad\u0259l\u0259rind\u0259 B\u0259rd\u0259 \u015f\u0259h\u0259rinin m\u0259rk\u0259zin\u0259 m\u0259rmi at\u0131l\u0131b. M\u0259lumat\u0131 Az\u0259rbaycan M\u00fcdafi\u0259 Nazirliyi<br \/>\n  <a href=\"https:\/\/mod.gov.az\/az\/news\/dusmen-berde-seherini-raket-atesine-tutub-33413.html\"><br \/>\n    yay\u0131b<br \/>\n  <\/a><br \/>\n  .\n<\/p>\n<p>\n  \u0130lkin m\u0259lumata g\u00f6r\u0259, az\u0131 5 n\u0259f\u0259r h\u0259yat\u0131n\u0131 itirib, yaral\u0131lar var. M\u00fclkl\u0259r\u0259, obyektl\u0259r\u0259 v\u0259 ma\u015f\u0131nlara ziyan d\u0259yib.\n<\/p>\n<p>\n  Bundan bir g\u00fcn \u0259vv\u0259l is\u0259<br \/>\n  <a href=\"https:\/\/www.meydan.tv\/az\/article\/berdeye-atilan-raket-3-neferin-olumune-10-neferin-yaralanmasina-sebeb-olub\/?ref=list-news\"><br \/>\n    B\u0259rd\u0259<br \/>\n  <\/a><br \/>\n  nin Qarayusifli k\u0259ndin\u0259 at\u0131lan m\u0259rmi n\u0259tic\u0259sind\u0259 4 n\u0259f\u0259r \u00f6l\u00fcb, 13 n\u0259f\u0259r yaralan\u0131b.<\/p>\n","protected":false},"excerpt":{"rendered":"<p>\u0130lkin m\u0259lumata g\u00f6r\u0259, az\u0131 5 n\u0259f\u0259r h\u0259yat\u0131n\u0131 itirib, yaral\u0131lar var.<\/p>\n","protected":false},"author":11,"featured_media":150590,"comment_status":"closed","ping_status":"open","sticky":false,"template":"","format":"standard","meta":{"_acf_changed":false,"_sitemap_exclude":false,"_sitemap_priority":"","_sitemap_frequency":"","footnotes":""},"categories":[59],"tags":[],"class_list":["post-203279","post","type-post","status-publish","format-standard","has-post-thumbnail","hentry","category-siyaset","infinite-scroll-item","generate-columns","tablet-grid-50","mobile-grid-100","grid-parent","grid-33","no-featured-image-padding"],"acf":[],"yoast_head":"<!-- This site is optimized with the Yoast SEO plugin v27.5 - https:\/\/yoast.com\/product\/yoast-seo-wordpress\/ -->\n<title>B\u0259rd\u0259 yenid\u0259n at\u0259\u015f\u0259 tutuldu: Son iki g\u00fcnd\u0259 26 n\u0259f\u0259r \u00f6l\u00fcb, 70-dan \u00e7ox yaralanan var (yenil\u0259nir) - MEYDAN.TV<\/title>\n<meta name=\"robots\" content=\"index, follow, max-snippet:-1, max-image-preview:large, max-video-preview:-1\" \/>\n<link rel=\"canonical\" href=\"https:\/\/www.meydan.tv\/az\/article\/berde-yeniden-atese-tutuldu-olen-ve-yaralananlar-var\/\" \/>\n<meta property=\"og:locale\" content=\"az_AZ\" \/>\n<meta property=\"og:type\" content=\"article\" \/>\n<meta property=\"og:title\" content=\"B\u0259rd\u0259 yenid\u0259n at\u0259\u015f\u0259 tutuldu: Son iki g\u00fcnd\u0259 26 n\u0259f\u0259r \u00f6l\u00fcb, 70-dan \u00e7ox yaralanan var (yenil\u0259nir) - MEYDAN.TV\" \/>\n<meta property=\"og:description\" content=\"\u0130lkin m\u0259lumata g\u00f6r\u0259, az\u0131 5 n\u0259f\u0259r h\u0259yat\u0131n\u0131 itirib, yaral\u0131lar var.\" \/>\n<meta property=\"og:url\" content=\"https:\/\/www.meydan.tv\/az\/article\/berde-yeniden-atese-tutuldu-olen-ve-yaralananlar-var\/\" \/>\n<meta property=\"og:site_name\" content=\"MEYDAN.TV\" \/>\n<meta property=\"article:published_time\" content=\"2020-10-28T17:42:14+00:00\" \/>\n<meta property=\"og:image\" content=\"https:\/\/www.meydan.tv\/wp-content\/uploads\/screenshot_44_vjpgrtj-1200x708.png\" \/>\n\t<meta property=\"og:image:width\" content=\"1200\" \/>\n\t<meta property=\"og:image:height\" content=\"708\" \/>\n\t<meta property=\"og:image:type\" content=\"image\/png\" \/>\n<meta name=\"author\" content=\"user-manager\" \/>\n<meta name=\"twitter:card\" content=\"summary_large_image\" \/>\n<script type=\"application\/ld+json\" class=\"yoast-schema-graph\">{\"@context\":\"https:\\\/\\\/schema.org\",\"@graph\":[{\"@type\":\"Article\",\"@id\":\"https:\\\/\\\/www.meydan.tv\\\/az\\\/article\\\/berde-yeniden-atese-tutuldu-olen-ve-yaralananlar-var\\\/#article\",\"isPartOf\":{\"@id\":\"https:\\\/\\\/www.meydan.tv\\\/az\\\/article\\\/berde-yeniden-atese-tutuldu-olen-ve-yaralananlar-var\\\/\"},\"author\":{\"name\":\"user-manager\",\"@id\":\"https:\\\/\\\/www.meydan.tv\\\/az\\\/#\\\/schema\\\/person\\\/10d11eccf6da3662cf5fdab9806ea91a\"},\"headline\":\"B\u0259rd\u0259 yenid\u0259n at\u0259\u015f\u0259 tutuldu: Son iki g\u00fcnd\u0259 26 n\u0259f\u0259r \u00f6l\u00fcb, 70-dan \u00e7ox yaralanan var (yenil\u0259nir)\",\"datePublished\":\"2020-10-28T17:42:14+00:00\",\"mainEntityOfPage\":{\"@id\":\"https:\\\/\\\/www.meydan.tv\\\/az\\\/article\\\/berde-yeniden-atese-tutuldu-olen-ve-yaralananlar-var\\\/\"},\"wordCount\":1299,\"publisher\":{\"@id\":\"https:\\\/\\\/www.meydan.tv\\\/az\\\/#organization\"},\"image\":{\"@id\":\"https:\\\/\\\/www.meydan.tv\\\/az\\\/article\\\/berde-yeniden-atese-tutuldu-olen-ve-yaralananlar-var\\\/#primaryimage\"},\"thumbnailUrl\":\"https:\\\/\\\/www.meydan.tv\\\/wp-content\\\/uploads\\\/screenshot_44_vjpgrtj.png\",\"articleSection\":[\"Siyas\u0259t\"],\"inLanguage\":\"az\"},{\"@type\":\"WebPage\",\"@id\":\"https:\\\/\\\/www.meydan.tv\\\/az\\\/article\\\/berde-yeniden-atese-tutuldu-olen-ve-yaralananlar-var\\\/\",\"url\":\"https:\\\/\\\/www.meydan.tv\\\/az\\\/article\\\/berde-yeniden-atese-tutuldu-olen-ve-yaralananlar-var\\\/\",\"name\":\"B\u0259rd\u0259 yenid\u0259n at\u0259\u015f\u0259 tutuldu: Son iki g\u00fcnd\u0259 26 n\u0259f\u0259r \u00f6l\u00fcb, 70-dan \u00e7ox yaralanan var (yenil\u0259nir) - MEYDAN.TV\",\"isPartOf\":{\"@id\":\"https:\\\/\\\/www.meydan.tv\\\/az\\\/#website\"},\"primaryImageOfPage\":{\"@id\":\"https:\\\/\\\/www.meydan.tv\\\/az\\\/article\\\/berde-yeniden-atese-tutuldu-olen-ve-yaralananlar-var\\\/#primaryimage\"},\"image\":{\"@id\":\"https:\\\/\\\/www.meydan.tv\\\/az\\\/article\\\/berde-yeniden-atese-tutuldu-olen-ve-yaralananlar-var\\\/#primaryimage\"},\"thumbnailUrl\":\"https:\\\/\\\/www.meydan.tv\\\/wp-content\\\/uploads\\\/screenshot_44_vjpgrtj.png\",\"datePublished\":\"2020-10-28T17:42:14+00:00\",\"breadcrumb\":{\"@id\":\"https:\\\/\\\/www.meydan.tv\\\/az\\\/article\\\/berde-yeniden-atese-tutuldu-olen-ve-yaralananlar-var\\\/#breadcrumb\"},\"inLanguage\":\"az\",\"potentialAction\":[{\"@type\":\"ReadAction\",\"target\":[\"https:\\\/\\\/www.meydan.tv\\\/az\\\/article\\\/berde-yeniden-atese-tutuldu-olen-ve-yaralananlar-var\\\/\"]}]},{\"@type\":\"ImageObject\",\"inLanguage\":\"az\",\"@id\":\"https:\\\/\\\/www.meydan.tv\\\/az\\\/article\\\/berde-yeniden-atese-tutuldu-olen-ve-yaralananlar-var\\\/#primaryimage\",\"url\":\"https:\\\/\\\/www.meydan.tv\\\/wp-content\\\/uploads\\\/screenshot_44_vjpgrtj.png\",\"contentUrl\":\"https:\\\/\\\/www.meydan.tv\\\/wp-content\\\/uploads\\\/screenshot_44_vjpgrtj.png\",\"width\":1331,\"height\":785,\"caption\":\"Source: Reuters\"},{\"@type\":\"BreadcrumbList\",\"@id\":\"https:\\\/\\\/www.meydan.tv\\\/az\\\/article\\\/berde-yeniden-atese-tutuldu-olen-ve-yaralananlar-var\\\/#breadcrumb\",\"itemListElement\":[{\"@type\":\"ListItem\",\"position\":1,\"name\":\"Ana s\u0259hif\u0259\",\"item\":\"https:\\\/\\\/www.meydan.tv\\\/az\\\/\"},{\"@type\":\"ListItem\",\"position\":2,\"name\":\"Siyas\u0259t\",\"item\":\"https:\\\/\\\/www.meydan.tv\\\/az\\\/section\\\/siyaset\\\/\"},{\"@type\":\"ListItem\",\"position\":3,\"name\":\"B\u0259rd\u0259 yenid\u0259n at\u0259\u015f\u0259 tutuldu: Son iki g\u00fcnd\u0259 26 n\u0259f\u0259r \u00f6l\u00fcb, 70-dan \u00e7ox yaralanan var (yenil\u0259nir)\"}]},{\"@type\":\"WebSite\",\"@id\":\"https:\\\/\\\/www.meydan.tv\\\/az\\\/#website\",\"url\":\"https:\\\/\\\/www.meydan.tv\\\/az\\\/\",\"name\":\"MEYDAN.TV\",\"description\":\"Meydan TV Az\u0259rbaycan\u0131n media m\u0259kan\u0131ndak\u0131 alternativ s\u0259sidir\",\"publisher\":{\"@id\":\"https:\\\/\\\/www.meydan.tv\\\/az\\\/#organization\"},\"potentialAction\":[{\"@type\":\"SearchAction\",\"target\":{\"@type\":\"EntryPoint\",\"urlTemplate\":\"https:\\\/\\\/www.meydan.tv\\\/az\\\/?s={search_term_string}\"},\"query-input\":{\"@type\":\"PropertyValueSpecification\",\"valueRequired\":true,\"valueName\":\"search_term_string\"}}],\"inLanguage\":\"az\"},{\"@type\":\"Organization\",\"@id\":\"https:\\\/\\\/www.meydan.tv\\\/az\\\/#organization\",\"name\":\"Meydan TV\",\"url\":\"https:\\\/\\\/www.meydan.tv\\\/az\\\/\",\"logo\":{\"@type\":\"ImageObject\",\"inLanguage\":\"az\",\"@id\":\"https:\\\/\\\/www.meydan.tv\\\/az\\\/#\\\/schema\\\/logo\\\/image\\\/\",\"url\":\"https:\\\/\\\/www.meydan.tv\\\/wp-content\\\/uploads\\\/2021\\\/07\\\/meydan-logo.svg\",\"contentUrl\":\"https:\\\/\\\/www.meydan.tv\\\/wp-content\\\/uploads\\\/2021\\\/07\\\/meydan-logo.svg\",\"width\":195,\"height\":46,\"caption\":\"Meydan TV\"},\"image\":{\"@id\":\"https:\\\/\\\/www.meydan.tv\\\/az\\\/#\\\/schema\\\/logo\\\/image\\\/\"}},{\"@type\":\"Person\",\"@id\":\"https:\\\/\\\/www.meydan.tv\\\/az\\\/#\\\/schema\\\/person\\\/10d11eccf6da3662cf5fdab9806ea91a\",\"name\":\"user-manager\"}]}<\/script>\n<!-- \/ Yoast SEO plugin. -->","yoast_head_json":{"title":"B\u0259rd\u0259 yenid\u0259n at\u0259\u015f\u0259 tutuldu: Son iki g\u00fcnd\u0259 26 n\u0259f\u0259r \u00f6l\u00fcb, 70-dan \u00e7ox yaralanan var (yenil\u0259nir) - MEYDAN.TV","robots":{"index":"index","follow":"follow","max-snippet":"max-snippet:-1","max-image-preview":"max-image-preview:large","max-video-preview":"max-video-preview:-1"},"canonical":"https:\/\/www.meydan.tv\/az\/article\/berde-yeniden-atese-tutuldu-olen-ve-yaralananlar-var\/","og_locale":"az_AZ","og_type":"article","og_title":"B\u0259rd\u0259 yenid\u0259n at\u0259\u015f\u0259 tutuldu: Son iki g\u00fcnd\u0259 26 n\u0259f\u0259r \u00f6l\u00fcb, 70-dan \u00e7ox yaralanan var (yenil\u0259nir) - MEYDAN.TV","og_description":"\u0130lkin m\u0259lumata g\u00f6r\u0259, az\u0131 5 n\u0259f\u0259r h\u0259yat\u0131n\u0131 itirib, yaral\u0131lar var.","og_url":"https:\/\/www.meydan.tv\/az\/article\/berde-yeniden-atese-tutuldu-olen-ve-yaralananlar-var\/","og_site_name":"MEYDAN.TV","article_published_time":"2020-10-28T17:42:14+00:00","og_image":[{"width":1200,"height":708,"url":"https:\/\/www.meydan.tv\/wp-content\/uploads\/screenshot_44_vjpgrtj-1200x708.png","type":"image\/png"}],"author":"user-manager","twitter_card":"summary_large_image","schema":{"@context":"https:\/\/schema.org","@graph":[{"@type":"Article","@id":"https:\/\/www.meydan.tv\/az\/article\/berde-yeniden-atese-tutuldu-olen-ve-yaralananlar-var\/#article","isPartOf":{"@id":"https:\/\/www.meydan.tv\/az\/article\/berde-yeniden-atese-tutuldu-olen-ve-yaralananlar-var\/"},"author":{"name":"user-manager","@id":"https:\/\/www.meydan.tv\/az\/#\/schema\/person\/10d11eccf6da3662cf5fdab9806ea91a"},"headline":"B\u0259rd\u0259 yenid\u0259n at\u0259\u015f\u0259 tutuldu: Son iki g\u00fcnd\u0259 26 n\u0259f\u0259r \u00f6l\u00fcb, 70-dan \u00e7ox yaralanan var (yenil\u0259nir)","datePublished":"2020-10-28T17:42:14+00:00","mainEntityOfPage":{"@id":"https:\/\/www.meydan.tv\/az\/article\/berde-yeniden-atese-tutuldu-olen-ve-yaralananlar-var\/"},"wordCount":1299,"publisher":{"@id":"https:\/\/www.meydan.tv\/az\/#organization"},"image":{"@id":"https:\/\/www.meydan.tv\/az\/article\/berde-yeniden-atese-tutuldu-olen-ve-yaralananlar-var\/#primaryimage"},"thumbnailUrl":"https:\/\/www.meydan.tv\/wp-content\/uploads\/screenshot_44_vjpgrtj.png","articleSection":["Siyas\u0259t"],"inLanguage":"az"},{"@type":"WebPage","@id":"https:\/\/www.meydan.tv\/az\/article\/berde-yeniden-atese-tutuldu-olen-ve-yaralananlar-var\/","url":"https:\/\/www.meydan.tv\/az\/article\/berde-yeniden-atese-tutuldu-olen-ve-yaralananlar-var\/","name":"B\u0259rd\u0259 yenid\u0259n at\u0259\u015f\u0259 tutuldu: Son iki g\u00fcnd\u0259 26 n\u0259f\u0259r \u00f6l\u00fcb, 70-dan \u00e7ox yaralanan var (yenil\u0259nir) - MEYDAN.TV","isPartOf":{"@id":"https:\/\/www.meydan.tv\/az\/#website"},"primaryImageOfPage":{"@id":"https:\/\/www.meydan.tv\/az\/article\/berde-yeniden-atese-tutuldu-olen-ve-yaralananlar-var\/#primaryimage"},"image":{"@id":"https:\/\/www.meydan.tv\/az\/article\/berde-yeniden-atese-tutuldu-olen-ve-yaralananlar-var\/#primaryimage"},"thumbnailUrl":"https:\/\/www.meydan.tv\/wp-content\/uploads\/screenshot_44_vjpgrtj.png","datePublished":"2020-10-28T17:42:14+00:00","breadcrumb":{"@id":"https:\/\/www.meydan.tv\/az\/article\/berde-yeniden-atese-tutuldu-olen-ve-yaralananlar-var\/#breadcrumb"},"inLanguage":"az","potentialAction":[{"@type":"ReadAction","target":["https:\/\/www.meydan.tv\/az\/article\/berde-yeniden-atese-tutuldu-olen-ve-yaralananlar-var\/"]}]},{"@type":"ImageObject","inLanguage":"az","@id":"https:\/\/www.meydan.tv\/az\/article\/berde-yeniden-atese-tutuldu-olen-ve-yaralananlar-var\/#primaryimage","url":"https:\/\/www.meydan.tv\/wp-content\/uploads\/screenshot_44_vjpgrtj.png","contentUrl":"https:\/\/www.meydan.tv\/wp-content\/uploads\/screenshot_44_vjpgrtj.png","width":1331,"height":785,"caption":"Source: Reuters"},{"@type":"BreadcrumbList","@id":"https:\/\/www.meydan.tv\/az\/article\/berde-yeniden-atese-tutuldu-olen-ve-yaralananlar-var\/#breadcrumb","itemListElement":[{"@type":"ListItem","position":1,"name":"Ana s\u0259hif\u0259","item":"https:\/\/www.meydan.tv\/az\/"},{"@type":"ListItem","position":2,"name":"Siyas\u0259t","item":"https:\/\/www.meydan.tv\/az\/section\/siyaset\/"},{"@type":"ListItem","position":3,"name":"B\u0259rd\u0259 yenid\u0259n at\u0259\u015f\u0259 tutuldu: Son iki g\u00fcnd\u0259 26 n\u0259f\u0259r \u00f6l\u00fcb, 70-dan \u00e7ox yaralanan var (yenil\u0259nir)"}]},{"@type":"WebSite","@id":"https:\/\/www.meydan.tv\/az\/#website","url":"https:\/\/www.meydan.tv\/az\/","name":"MEYDAN.TV","description":"Meydan TV Az\u0259rbaycan\u0131n media m\u0259kan\u0131ndak\u0131 alternativ s\u0259sidir","publisher":{"@id":"https:\/\/www.meydan.tv\/az\/#organization"},"potentialAction":[{"@type":"SearchAction","target":{"@type":"EntryPoint","urlTemplate":"https:\/\/www.meydan.tv\/az\/?s={search_term_string}"},"query-input":{"@type":"PropertyValueSpecification","valueRequired":true,"valueName":"search_term_string"}}],"inLanguage":"az"},{"@type":"Organization","@id":"https:\/\/www.meydan.tv\/az\/#organization","name":"Meydan TV","url":"https:\/\/www.meydan.tv\/az\/","logo":{"@type":"ImageObject","inLanguage":"az","@id":"https:\/\/www.meydan.tv\/az\/#\/schema\/logo\/image\/","url":"https:\/\/www.meydan.tv\/wp-content\/uploads\/2021\/07\/meydan-logo.svg","contentUrl":"https:\/\/www.meydan.tv\/wp-content\/uploads\/2021\/07\/meydan-logo.svg","width":195,"height":46,"caption":"Meydan TV"},"image":{"@id":"https:\/\/www.meydan.tv\/az\/#\/schema\/logo\/image\/"}},{"@type":"Person","@id":"https:\/\/www.meydan.tv\/az\/#\/schema\/person\/10d11eccf6da3662cf5fdab9806ea91a","name":"user-manager"}]}},"_links":{"self":[{"href":"https:\/\/www.meydan.tv\/az\/wp-json\/wp\/v2\/posts\/203279","targetHints":{"allow":["GET"]}}],"collection":[{"href":"https:\/\/www.meydan.tv\/az\/wp-json\/wp\/v2\/posts"}],"about":[{"href":"https:\/\/www.meydan.tv\/az\/wp-json\/wp\/v2\/types\/post"}],"author":[{"embeddable":true,"href":"https:\/\/www.meydan.tv\/az\/wp-json\/wp\/v2\/users\/11"}],"replies":[{"embeddable":true,"href":"https:\/\/www.meydan.tv\/az\/wp-json\/wp\/v2\/comments?post=203279"}],"version-history":[{"count":0,"href":"https:\/\/www.meydan.tv\/az\/wp-json\/wp\/v2\/posts\/203279\/revisions"}],"wp:featuredmedia":[{"embeddable":true,"href":"https:\/\/www.meydan.tv\/az\/wp-json\/wp\/v2\/media\/150590"}],"wp:attachment":[{"href":"https:\/\/www.meydan.tv\/az\/wp-json\/wp\/v2\/media?parent=203279"}],"wp:term":[{"taxonomy":"category","embeddable":true,"href":"https:\/\/www.meydan.tv\/az\/wp-json\/wp\/v2\/categories?post=203279"},{"taxonomy":"post_tag","embeddable":true,"href":"https:\/\/www.meydan.tv\/az\/wp-json\/wp\/v2\/tags?post=203279"}],"curies":[{"name":"wp","href":"https:\/\/api.w.org\/{rel}","templated":true}]}}