{"id":203277,"date":"2020-10-28T14:24:40","date_gmt":"2020-10-28T14:24:40","guid":{"rendered":"https:\/\/www.meydan.tv\/article\/elektrik-sebeke-xeberdarliq-etmeden-oglumu-isden-cixardi\/"},"modified":"2020-10-28T14:24:40","modified_gmt":"2020-10-28T14:24:40","slug":"elektrik-sebeke-xeberdarliq-etmeden-oglumu-isden-cixardi","status":"publish","type":"post","link":"https:\/\/www.meydan.tv\/az\/article\/elektrik-sebeke-xeberdarliq-etmeden-oglumu-isden-cixardi\/","title":{"rendered":"\u201cElektrik \u015e\u0259b\u0259k\u0259 x\u0259b\u0259rdarl\u0131q etm\u0259d\u0259n o\u011flumu i\u015fd\u0259n \u00e7\u0131xard\u0131\u201d"},"content":{"rendered":"<p>\n  <i><br \/>\n    G\u00f6y\u00e7ay sakini: \u201cDedil\u0259r ki, idar\u0259nin r\u0259isi bel\u0259 laz\u0131m bilib\u201d<br \/>\n  <\/i>\n<\/p>\n<p>\n  G\u00f6y\u00e7ay sakini \u015e\u0259raf\u0259t M\u0259mm\u0259dova \u015fikay\u0259t\u00e7idir. Deyir ki, o\u011flu S\u0259nan Rzayev Teymur o\u011flu bir ildir i\u015fl\u0259diyi G\u00f6y\u00e7ay rayon Elektrik \u015e\u0259b\u0259k\u0259sind\u0259n bu ilin may\u0131nda x\u0259b\u0259rdarl\u0131q olunmadan \u00e7\u0131xar\u0131l\u0131b:\n<\/p>\n<p>\n  \u201cG\u00f6y\u00e7ay Rayon M\u0259\u015f\u011fulluq Xidm\u0259tin\u0259 m\u00fcraci\u0259t etmi\u015fdim. O\u011flumu i\u015fsiz kimi qeydiyyata alm\u0131\u015fld\u0131lar. \u00dcz\u0259rind\u0259n bir ne\u00e7\u0259 il ke\u00e7\u0259nd\u0259n sonra S\u0259nan\u0131 G\u00f6y\u00e7ay i\u015f\u0131q idar\u0259sind\u0259 sah\u0259 r\u0259isinin k\u00f6m\u0259k\u00e7isi i\u015fin\u0259 g\u00f6t\u00fcrd\u00fcl\u0259r. O\u011fluma 2019-cu ilin 7-d\u0259 \u00fc\u00e7illik m\u0259vacib kart\u0131 verildi. \u018fm\u0259khaqq\u0131 250 manat idi. Bu ilin may\u0131nda o\u011flum z\u0259ng etdi ki, m\u0259ni i\u015fd\u0259n \u00e7\u0131xar\u0131blar. \u0130\u015fd\u0259n qovulma s\u0259b\u0259bini soru\u015fdum. Dedi ki, i\u015f yolda\u015f\u0131m dem\u0259s\u0259, \u00e7\u0131xar\u0131ld\u0131\u011f\u0131m\u0131 bilm\u0259y\u0259c\u0259kdim. O\u011fluma dedim ki, s\u0259n\u0259 x\u0259b\u0259rdarl\u0131q g\u0259lm\u0259diyi halda, nec\u0259 i\u015fd\u0259n \u00e7\u0131xara bil\u0259rl\u0259r? \u018fg\u0259r bir s\u0259hvin varsa, t\u00f6hm\u0259t versinl\u0259r, x\u0259b\u0259rdarl\u0131q etsinl\u0259r, sonra i\u015fd\u0259n \u00e7\u0131xars\u0131nlar\u201d.\n<\/p>\n<p>\n  \u015e\u0259raf\u0259t M\u0259mm\u0259dova o\u011flu il\u0259 birg\u0259 idar\u0259y\u0259 gedib ki, i\u015fd\u0259n \u00e7\u0131xar\u0131lma s\u0259b\u0259bini \u00f6yr\u0259nsin. Kadrlar \u015f\u00f6b\u0259sind\u0259 ona bildirilib ki, o\u011flunu idar\u0259nin r\u0259isi \u00e7\u0131xar\u0131b:\n<\/p>\n<p>\n  \u201cKadrlar \u015f\u00f6b\u0259sind\u0259ki Seymur m\u00fc\u0259llimin q\u0259bulunda oldum. O\u011flumun x\u0259b\u0259rdarl\u0131q olunmadan i\u015fd\u0259n qovulmas\u0131n\u0131n s\u0259b\u0259bini soru\u015fdum. Ona o\u011flum i\u015f\u0259 vaxtl\u0131-vaxt\u0131nda g\u0259ldiyini s\u00f6yl\u0259dim. Tutarl\u0131 s\u0259b\u0259b t\u0259l\u0259b etdim. Seymur m\u00fc\u0259llim\u0259 xat\u0131rlatd\u0131m ki, o\u011flum i\u015fl\u0259diyi bir il \u0259rzind\u0259 \u00fc\u00e7 d\u0259f\u0259 i\u015f\u0259 g\u0259lm\u0259yib, ham\u0131s\u0131nda da izahat yaz\u0131b, \u0259m\u0259khaqq\u0131ndan pul tutmusunuz. Seymur m\u00fc\u0259llim cavab\u0131nda dedi ki, elektrik \u015f\u0259b\u0259k\u0259sinin r\u0259isi o\u011flunuzu i\u015fd\u0259n \u00e7\u0131xar\u0131b. Bildirdi ki, m\u0259nlik he\u00e7 n\u0259 yoxdur, idar\u0259nin r\u0259isi bel\u0259 laz\u0131m bilib\u201d.\n<\/p>\n<figure class=\"wp-block-image size-large\">\n  <img decoding=\"async\" src=\"https:\/\/www.meydan.tv\/az\/photo-2020-10-27-10-57-00-jpg\/\" alt=\"photo-2020-10-27-10-57-00.jpg\" class=\"wp-image-150572\"\/><figcaption>\n    &#8220;O\u011fluma dedim ki, s\u0259n\u0259 x\u0259b\u0259rdarl\u0131q g\u0259lm\u0259diyi halda, nec\u0259 i\u015fd\u0259n \u00e7\u0131xara bil\u0259rl\u0259r?&#8221;<br \/>\n  <\/figcaption><\/figure>\n<p>\n  \u015eikay\u0259t\u00e7i deyir ki, bir ne\u00e7\u0259 d\u0259f\u0259 o\u011flunun i\u015f\u0259 b\u0259rpa olunmas\u0131na c\u0259hd edib. \u00c7\u00fcnki S\u0259nan Rzayevl\u0259 idar\u0259 aras\u0131nda \u00fc\u00e7illik m\u00fcqavil\u0259 imzalan\u0131bm\u0131\u015f:\n<\/p>\n<p>\n  \u201cU\u015fa\u011f\u0131n i\u015fi il\u0259 \u0259laq\u0259dar Ming\u0259\u00e7evir\u0259 getdim, sa\u011f olsun, Saleh Abdullayev m\u0259ni q\u0259bul etdi. Oran\u0131n kadrlar \u015f\u00f6b\u0259sinin m\u0259sul \u015f\u0259xsini \u00e7a\u011f\u0131rd\u0131lar. O, biz\u0259 bildirdi ki, G\u00f6y\u00e7ay Rayon Elektrik \u015e\u0259b\u0259k\u0259sind\u0259n m\u0259lumat verilib ki, S\u0259nan Rzayev i\u015fd\u0259n m\u0259suliyy\u0259tsizlik etdiyi \u00fc\u00e7\u00fcn qovulub. Guya vaxtl\u0131-vaxt\u0131nda i\u015f\u0259 getmirmi\u015f. O\u011flum G\u00f6y\u00e7ay D\u00f6vl\u0259t \u0130dar\u0259etm\u0259 v\u0259 Texnologiya Kollecini bitirib. H\u0259l\u0259 u\u015faql\u0131qda komp\u00fcterl\u0259 maraqlan\u0131rd\u0131. Sonralar bununa ba\u011fl\u0131 kurslara getmi\u015fdi. Olduqca bacar\u0131ql\u0131d\u0131r. O\u011flumu i\u015fd\u0259n \u00e7\u0131xaranda n\u0259 yaz\u0131l\u0131, n\u0259 d\u0259 \u015fifahi formada m\u0259lumat verilib\u201d.\n<\/p>\n<p>\n  \u015eikay\u0259t\u00e7i s\u00f6yl\u0259yir ki, S\u0259nan Rzayev i\u015fl\u0259diyi bir il m\u00fcdd\u0259tind\u0259 \u00fc\u00e7 d\u0259f\u0259 icaz\u0259 al\u0131b. Qalan g\u00fcnl\u0259rd\u0259 vaxtl\u0131-vaxt\u0131nda i\u015fd\u0259 olub. N\u0259zar\u0259t\u00e7i il\u0259 birlikd\u0259 bildiri\u015fl\u0259ri paylay\u0131b:\n<\/p>\n<p>\n  \u201cS\u0259nan\u0131n i\u015find\u0259 he\u00e7 vaxt axsama olmay\u0131b. \u00d6vlad\u0131m\u0131 m\u0259suliyy\u0259tli b\u00f6y\u00fctm\u00fc\u015f\u0259m. \u0130ndiki kimi yad\u0131mdad\u0131r, 2020-ci ilin fevral\u0131nda bir d\u0259f\u0259 i\u015f\u0259 ged\u0259 bilm\u0259di. \u0130dar\u0259nin kadrlar \u015f\u00f6b\u0259sind\u0259n Seymur m\u00fc\u0259llim m\u0259n\u0259 z\u0259ng etdi. Dedi ki, o\u011flunuza m\u0259lumat verin, g\u0259lib, hans\u0131 s\u0259b\u0259b\u0259 g\u00f6r\u0259 i\u015f\u0259 g\u0259lm\u0259diyin\u0259 dair izahat yazs\u0131n. Bir d\u0259 mart ay\u0131nda, pandemiyan\u0131n yeni ba\u015flad\u0131\u011f\u0131 g\u00fcnl\u0259rd\u0259 iki g\u00fcn i\u015f\u0259 getm\u0259di. O\u011flumun k\u00f6rp\u0259 u\u015faqlar\u0131 var, onlar x\u0259st\u0259 oldu\u011fu \u00fc\u00e7\u00fcn i\u015fd\u0259n qalm\u0131\u015fd\u0131. M\u0259n d\u0259 Seymur m\u00fc\u0259llim\u0259 z\u0259ng edib v\u0259ziyy\u0259ti izah etdim, dedim ki, S\u0259nan daha sonra g\u0259lib, izahat yazacaq. Seymur m\u00fc\u0259llim d\u0259 m\u0259niml\u0259 raz\u0131la\u015fd\u0131, dedi ki, olar. U\u015faq da t\u0259z\u0259d\u0259n i\u015f\u0259 getdi, izahat\u0131n\u0131 yazd\u0131. Bununla da i\u015f \u00f6z qaydas\u0131 il\u0259 davam etdi. S\u0259nan\u0131n i\u015f\u0259 getm\u0259diyi g\u00fcnl\u0259rinin pulunu onun \u0259m\u0259khaqq\u0131ndan \u00e7\u0131x\u0131rd\u0131lar. \u0130\u015fd\u0259n \u00e7\u0131xar\u0131landan sonra ona verdikl\u0259r m\u0259vacib kart\u0131n\u0131 da geri almay\u0131blar, bizd\u0259dir, saxlam\u0131\u015fam\u201d.\n<\/p>\n<figure class=\"wp-block-image size-large\">\n  <img decoding=\"async\" src=\"https:\/\/www.meydan.tv\/az\/untitled-design-png-26\/\" alt=\"Untitled design.png\" class=\"wp-image-150560\"\/><figcaption>\n    S\u0259nan Rzayev G\u00f6y\u00e7ay rayon Elektrik \u015e\u0259b\u0259k\u0259sind\u0259n x\u0259b\u0259rdarl\u0131q olunmadan \u00e7\u0131xar\u0131l\u0131b<br \/>\n  <\/figcaption><\/figure>\n<p>\n  \u201cPandemiyaya g\u00f6r\u0259 yollar ba\u011fland\u0131. N\u0259 Bak\u0131ya ged\u0259 bildik, n\u0259 d\u0259 ki, yenid\u0259n Ming\u0259\u00e7evir\u0259 qay\u0131da bildik. Bel\u0259c\u0259, o\u011flum haqs\u0131z yer\u0259 i\u015fd\u0259n \u00e7\u0131xar\u0131ld\u0131\u201d, &#8211; \u015e\u0259raf\u0259t M\u0259mm\u0259dova deyir. Maddi v\u0259ziyy\u0259tl\u0259rinin yax\u015f\u0131 olmad\u0131\u011f\u0131n\u0131 s\u00f6yl\u0259yir:\n<\/p>\n<p>\n  \u201cPrezident d\u0259f\u0259l\u0259rl\u0259 \u00e7\u0131x\u0131\u015f\u0131nda deyir ki, azt\u0259minatl\u0131 ail\u0259l\u0259rin sosial v\u0259ziyy\u0259tinin yax\u015f\u0131la\u015fd\u0131r\u0131lmas\u0131 \u00fc\u00e7\u00fcn yeni i\u015f yerl\u0259ri a\u00e7\u0131l\u0131r. Lakin biz h\u0259min imkanlardan istifad\u0259 ed\u0259 bilmirik. \u018fhalinin ya\u015fay\u0131\u015f s\u0259viyy\u0259sinin y\u00fcks\u0259ldilm\u0259si \u00fc\u00e7\u00fcn azt\u0259minatl\u0131 ail\u0259l\u0259r\u0259 sosial yard\u0131m kimi i\u015fl\u0259r verilm\u0259lidir. Bunlar da o\u011flumu i\u015fd\u0259n \u00e7\u0131xar\u0131r. G\u00f6y\u00e7ayda, Atat\u00fcrk k\u00fc\u00e7\u0259sind\u0259 yerl\u0259\u015f\u0259n u\u00e7ub-da\u011f\u0131lm\u0131\u015f 58 sayl\u0131 pe\u015f\u0259 m\u0259kt\u0259binin bir ota\u011f\u0131nda ya\u015fay\u0131r\u0131q. U\u00e7mu\u015f binad\u0131r, xarabal\u0131\u011fa ox\u015fay\u0131r. Alt\u0131 n\u0259f\u0259r &#8211; o\u011flum, g\u0259linim, iki k\u00f6rp\u0259 n\u0259v\u0259m, m\u0259n v\u0259 h\u0259yat yolda\u015f\u0131m h\u0259min bir otaqda ya\u015fay\u0131r\u0131q. Yolda\u015f\u0131m Qaraba\u011f m\u00fcharib\u0259si i\u015ftirak\u00e7\u0131s\u0131d\u0131r. D\u00f6vl\u0259td\u0259n 80 manat veteran pensiyas\u0131 al\u0131r. H\u0259min pulla ail\u0259 doland\u0131rmaq olmur. K\u00f6hn\u0259 bir \u201cVAZ-2106\u201d-s\u0131 var, taksi s\u00fcr\u00fcr, o da m\u00fc\u015ft\u0259ri olanda. M\u0259n he\u00e7 bir yerd\u0259 i\u015fl\u0259mir\u0259m. G\u0259linim d\u0259 x\u0259st\u0259xanada tibb bac\u0131s\u0131 i\u015fl\u0259yir. S\u0259nan\u0131n iki azya\u015fl\u0131 k\u00f6rp\u0259si var. M\u0259n haqs\u0131z yer\u0259 i\u015fd\u0259n \u00e7\u0131xar\u0131lan o\u011flumun yenid\u0259n \u00f6z yerin\u0259 b\u0259rpa olunmas\u0131n\u0131 ist\u0259yir\u0259m\u201d.\n<\/p>\n<p>\n  S\u0259nan Rzayev \u00fc\u00e7\u00fcnc\u00fc qrup \u0259lildir. Anas\u0131 deyir ki, o\u011flu 14 ya\u015f\u0131ndayk\u0259n, ke\u00e7irdiyi ki\u00e7ik q\u0259za n\u0259tic\u0259sind\u0259 ald\u0131\u011f\u0131 z\u0259d\u0259d\u0259n fiziki q\u00fcsuru yaran\u0131b:\n<\/p>\n<p>\n  \u201cEv telefonu z\u0259ng \u00e7alanda, u\u015faq qa\u00e7\u0131b ki, d\u0259st\u0259yi g\u00f6t\u00fcrs\u00fcn. Aya\u011f\u0131 b\u00fcdr\u0259yib, sol \u0259li \u015f\u00fc\u015f\u0259b\u0259nd\u0259 d\u0259yib. \u015e\u00fc\u015f\u0259 bil\u0259yini k\u0259smi\u015fdi. \u018flind\u0259 \u00fc\u00e7 barma\u011f\u0131 i\u015fl\u0259mir. D\u00f6vl\u0259td\u0259n 110 manat pensiya al\u0131r, 85 manat\u0131n\u0131 kredit\u0259 \u00e7\u0131x\u0131rlar. N\u0259v\u0259m epilepsiya ke\u00e7irdi, imkans\u0131zl\u0131qdan kredit g\u00f6t\u00fcrd\u00fck. Krediti verm\u0259zd\u0259n \u00f6nc\u0259, h\u0259tta bank i\u015f\u00e7isi Seymur m\u00fc\u0259llim\u0259 z\u0259ng etdi, o, da dedi ki, kredit verin. Sonra da i\u015fd\u0259n \u00e7\u0131xard\u0131lar\u201d.\n<\/p>\n<figure class=\"wp-block-image size-large\">\n  <img decoding=\"async\" src=\"https:\/\/www.meydan.tv\/az\/photo-2020-10-27-10-58-06-jpg\/\" alt=\"photo-2020-10-27-10-58-06.jpg\" class=\"wp-image-150563\"\/><figcaption>\n    &#8220;Alt\u0131 n\u0259f\u0259r &#8211; o\u011flum, g\u0259linim, iki k\u00f6rp\u0259 n\u0259v\u0259m, m\u0259n v\u0259 h\u0259yat yolda\u015f\u0131m h\u0259min bir otaqda ya\u015fay\u0131r\u0131q&#8221;<br \/>\n  <\/figcaption><\/figure>\n<p>\n  S\u0259nan Rzayev is\u0259 deyir ki, G\u00f6y\u00e7ay Elektrik \u015e\u0259b\u0259k\u0259sind\u0259 i\u015fl\u0259diyi m\u00fcdd\u0259td\u0259 bir s\u0131ra qanun pozuntular\u0131 il\u0259 \u00fczl\u0259\u015fm\u0259li olub. \u0130ddia edir ki, bir \u00e7ox i\u015f\u00e7i s\u0259h\u0259r i\u015f\u0259 g\u0259lib, tabel\u0259 qol \u00e7\u0259kib, \u00e7\u0131x\u0131b gedir:\n<\/p>\n<p>\n  \u201c\u0130dar\u0259d\u0259 adamlar vard\u0131, tabeld\u0259 ad\u0131n\u0131 g\u00f6rm\u00fc\u015fd\u00fcm, amma i\u015fd\u0259 \u00fcz\u00fcn\u00fc g\u00f6rm\u0259mi\u015fdim. B\u0259s h\u0259min adamlara niy\u0259 x\u0259b\u0259rdarl\u0131q olunmay\u0131b, i\u015fd\u0259n \u00e7\u0131xar\u0131lmay\u0131b? Haz\u0131rda h\u0259min idar\u0259d\u0259 bu \u00f6zba\u015f\u0131nal\u0131q davam edir. M\u0259n he\u00e7 kimin \u00e7\u00f6r\u0259yin\u0259 bais olmaq ist\u0259mir\u0259m. Amma bu g\u00fcn d\u0259 idar\u0259y\u0259 gedib, tabel\u0259 qol \u00e7\u0259kib, sonra ordan ged\u0259nl\u0259r var ki, h\u0259r ay kartdan maa\u015f\u0131n\u0131 \u00e7\u0131xar\u0131r. M\u0259n\u0259 n\u0259 x\u0259b\u0259rdarl\u0131q, n\u0259 d\u0259 t\u00f6hm\u0259t g\u0259ldi ki, sabahdan i\u015f\u0259 g\u0259lm\u0259. \u0130\u015f yolda\u015f\u0131m z\u0259ng edib dedi ki, s\u0259ni i\u015fd\u0259n \u00e7\u0131xard\u0131lar. H\u0259mi\u015f\u0259 vaxtl\u0131-vaxt\u0131nda i\u015f\u0259 gedirdim, bildiri\u015fl\u0259ri paylay\u0131rd\u0131m. Seymur m\u00fc\u0259llim m\u0259n\u0259 dedi ki, i\u015fd\u0259n qald\u0131\u011f\u0131m m\u00fcdd\u0259td\u0259 yaln\u0131z birind\u0259 izahat yazm\u0131\u015fam. Bu yaland\u0131r. Bir ild\u0259 \u00fc\u00e7 d\u0259f\u0259 i\u015f\u0259 getm\u0259mi\u015f\u0259m, buna g\u00f6r\u0259 d\u0259 icaz\u0259 al\u0131b, izahat yazm\u0131\u015fam. Bir g\u00fcn\u0259 g\u00f6r\u0259 12 manat maa\u015f\u0131mdan pul tutublar. Bel\u0259 haqs\u0131zl\u0131q olmaz. X\u0259b\u0259rdarl\u0131q olunmadan m\u0259ni i\u015fd\u0259n \u00e7\u0131xarma\u011fa ixtiyarlar\u0131 yoxdur\u201d.\n<\/p>\n<p>\n  G\u00f6y\u00e7ay Rayon Elektrik \u015e\u0259b\u0259k\u0259sinin r\u0259isi Ruslan M\u0259mm\u0259dov Meydan TV-y\u0259 bildirib ki, v\u0259t\u0259nda\u015f G\u00f6y\u00e7ay Rayon M\u0259\u015f\u011fulluq Xidm\u0259tinin x\u0259tti il\u0259 i\u015f\u0259 g\u00f6t\u00fcr\u00fcl\u00fcb:\n<\/p>\n<p>\n  \u201cS\u0259nan Rzayevin i\u015f m\u0259s\u0259l\u0259si m\u0259nd\u0259n \u00f6nc\u0259ki t\u0259yinatda olub. \u00dcmumiyy\u0259tl\u0259 is\u0259 buna biz baxm\u0131r\u0131q. \u0130\u015f\u0259 g\u00f6t\u00fcr\u0259n d\u0259, \u00e7\u0131xaran da, \u201cAz\u0259ri\u015f\u0131q\u201dd\u0131r\u201d.\n<\/p>\n<p>\n  \u201cAz\u0259ri\u015f\u0131q\u201d S\u0259hmdar C\u0259miyy\u0259tinin m\u0259tbuat xidm\u0259ti z\u0259ngimiz\u0259 cavab verm\u0259yib.\n<\/p>\n<p>\n  V\u0259t\u0259nda\u015flar\u0131n \u018fm\u0259k H\u00fcquqlar\u0131n\u0131 M\u00fcdafi\u0259 Liqas\u0131 \u0130craiyy\u0259 Komit\u0259sinin s\u0259dri Sahib M\u0259mm\u0259dov Meydan TV-y\u0259 deyib ki, g\u00f6r\u00fcn\u00fcr, v\u0259t\u0259nda\u015fla birillik \u0259m\u0259k m\u00fcqavil\u0259si ba\u011flan\u0131bm\u0131\u015f:\n<\/p>\n<p>\n  \u201cDaha sonra m\u00fcqavil\u0259ni uzatmay\u0131blar. \u018fslind\u0259, elektrik \u015f\u0259b\u0259k\u0259sind\u0259 i\u015f daimi oldu\u011fu \u00fc\u00e7\u00fcn m\u00fcdd\u0259tli m\u00fcqavil\u0259 ba\u011flamal\u0131 deyill\u0259r. M\u0259vacib kart\u0131n\u0131n \u00fc\u00e7illik olmas\u0131 h\u00fcquqi \u0259sas vermir v\u0259 \u0259m\u0259k m\u00fcqavil\u0259sinin m\u00fcdd\u0259ti il\u0259 \u00fcst-\u00fcst\u0259 d\u00fc\u015fm\u0259y\u0259 bil\u0259r. M\u00fcdd\u0259t bit\u0259, yaxud da ba\u015fqa s\u0259b\u0259bl\u0259 i\u015f\u00e7inin \u0259m\u0259k m\u00fcqavil\u0259sin\u0259 xitam veril\u0259 bil\u0259r. M\u00fcqavil\u0259 m\u00fcdd\u0259tinin ba\u015fa \u00e7atmas\u0131ndan s\u00f6hb\u0259t getdiyi halda, bununla ba\u011fl\u0131 i\u015f\u00e7iy\u0259 x\u0259b\u0259rdarl\u0131q olunmaya bil\u0259r. \u015eikay\u0259t\u00e7i \u015f\u0259b\u0259k\u0259ni m\u0259hk\u0259m\u0259y\u0259 ver\u0259 bil\u0259r ki, \u00e7al\u0131\u015fd\u0131\u011f\u0131m yerd\u0259 i\u015f daimi xarakter da\u015f\u0131d\u0131\u011f\u0131 halda niy\u0259 m\u0259niml\u0259 m\u00fcdd\u0259tli m\u00fcqavil\u0259 ba\u011flan\u0131l\u0131b? H\u00fcquqi yolu budur, ki, amma n\u0259 d\u0259r\u0259c\u0259d\u0259 perspektivi var, bunu dey\u0259 bilm\u0259r\u0259m\u201d.\n<\/p>\n<figure class=\"wp-block-image size-large\">\n  <img decoding=\"async\" src=\"https:\/\/www.meydan.tv\/az\/photo-2020-10-27-10-58-05-jpg\/\" alt=\"photo-2020-10-27-10-58-05.jpg\" class=\"wp-image-150566\"\/><figcaption>\n    &#8220;U\u00e7mu\u015f binad\u0131r, xarabal\u0131\u011fa ox\u015fay\u0131r&#8221;.<br \/>\n  <\/figcaption><\/figure>\n","protected":false},"excerpt":{"rendered":"<p>&#8220;Seymur m\u00fc\u0259llim\u0259 xat\u0131rlatd\u0131m ki, o\u011flum i\u015fl\u0259diyi bir il \u0259rzind\u0259 \u00fc\u00e7 d\u0259f\u0259 i\u015f\u0259 g\u0259lm\u0259yib, ham\u0131s\u0131nda da izahat yaz\u0131b, \u0259m\u0259khaqq\u0131ndan pul tutmusunuz&#8221;<\/p>\n","protected":false},"author":11,"featured_media":150569,"comment_status":"closed","ping_status":"open","sticky":false,"template":"","format":"standard","meta":{"_acf_changed":false,"_sitemap_exclude":false,"_sitemap_priority":"","_sitemap_frequency":"","footnotes":""},"categories":[60],"tags":[],"class_list":["post-203277","post","type-post","status-publish","format-standard","has-post-thumbnail","hentry","category-bolge","infinite-scroll-item","generate-columns","tablet-grid-50","mobile-grid-100","grid-parent","grid-33","no-featured-image-padding"],"acf":[],"yoast_head":"<!-- This site is optimized with the Yoast SEO plugin v27.5 - https:\/\/yoast.com\/product\/yoast-seo-wordpress\/ -->\n<title>\u201cElektrik \u015e\u0259b\u0259k\u0259 x\u0259b\u0259rdarl\u0131q etm\u0259d\u0259n o\u011flumu i\u015fd\u0259n \u00e7\u0131xard\u0131\u201d - MEYDAN.TV<\/title>\n<meta name=\"robots\" content=\"index, follow, max-snippet:-1, max-image-preview:large, max-video-preview:-1\" \/>\n<link rel=\"canonical\" href=\"https:\/\/www.meydan.tv\/az\/article\/elektrik-sebeke-xeberdarliq-etmeden-oglumu-isden-cixardi\/\" \/>\n<meta property=\"og:locale\" content=\"az_AZ\" \/>\n<meta property=\"og:type\" content=\"article\" \/>\n<meta property=\"og:title\" content=\"\u201cElektrik \u015e\u0259b\u0259k\u0259 x\u0259b\u0259rdarl\u0131q etm\u0259d\u0259n o\u011flumu i\u015fd\u0259n \u00e7\u0131xard\u0131\u201d - MEYDAN.TV\" \/>\n<meta property=\"og:description\" content=\"&quot;Seymur m\u00fc\u0259llim\u0259 xat\u0131rlatd\u0131m ki, o\u011flum i\u015fl\u0259diyi bir il \u0259rzind\u0259 \u00fc\u00e7 d\u0259f\u0259 i\u015f\u0259 g\u0259lm\u0259yib, ham\u0131s\u0131nda da izahat yaz\u0131b, \u0259m\u0259khaqq\u0131ndan pul tutmusunuz&quot;\" \/>\n<meta property=\"og:url\" content=\"https:\/\/www.meydan.tv\/az\/article\/elektrik-sebeke-xeberdarliq-etmeden-oglumu-isden-cixardi\/\" \/>\n<meta property=\"og:site_name\" content=\"MEYDAN.TV\" \/>\n<meta property=\"article:published_time\" content=\"2020-10-28T14:24:40+00:00\" \/>\n<meta property=\"og:image\" content=\"https:\/\/www.meydan.tv\/wp-content\/uploads\/photo-2020-10-27-10-58-07.jpg\" \/>\n\t<meta property=\"og:image:width\" content=\"1000\" \/>\n\t<meta property=\"og:image:height\" content=\"486\" \/>\n\t<meta property=\"og:image:type\" content=\"image\/jpeg\" \/>\n<meta name=\"author\" content=\"user-manager\" \/>\n<meta name=\"twitter:card\" content=\"summary_large_image\" \/>\n<script type=\"application\/ld+json\" class=\"yoast-schema-graph\">{\"@context\":\"https:\\\/\\\/schema.org\",\"@graph\":[{\"@type\":\"Article\",\"@id\":\"https:\\\/\\\/www.meydan.tv\\\/az\\\/article\\\/elektrik-sebeke-xeberdarliq-etmeden-oglumu-isden-cixardi\\\/#article\",\"isPartOf\":{\"@id\":\"https:\\\/\\\/www.meydan.tv\\\/az\\\/article\\\/elektrik-sebeke-xeberdarliq-etmeden-oglumu-isden-cixardi\\\/\"},\"author\":{\"name\":\"user-manager\",\"@id\":\"https:\\\/\\\/www.meydan.tv\\\/az\\\/#\\\/schema\\\/person\\\/10d11eccf6da3662cf5fdab9806ea91a\"},\"headline\":\"\u201cElektrik \u015e\u0259b\u0259k\u0259 x\u0259b\u0259rdarl\u0131q etm\u0259d\u0259n o\u011flumu i\u015fd\u0259n \u00e7\u0131xard\u0131\u201d\",\"datePublished\":\"2020-10-28T14:24:40+00:00\",\"mainEntityOfPage\":{\"@id\":\"https:\\\/\\\/www.meydan.tv\\\/az\\\/article\\\/elektrik-sebeke-xeberdarliq-etmeden-oglumu-isden-cixardi\\\/\"},\"wordCount\":1812,\"publisher\":{\"@id\":\"https:\\\/\\\/www.meydan.tv\\\/az\\\/#organization\"},\"image\":{\"@id\":\"https:\\\/\\\/www.meydan.tv\\\/az\\\/article\\\/elektrik-sebeke-xeberdarliq-etmeden-oglumu-isden-cixardi\\\/#primaryimage\"},\"thumbnailUrl\":\"https:\\\/\\\/www.meydan.tv\\\/wp-content\\\/uploads\\\/photo-2020-10-27-10-58-07.jpg\",\"articleSection\":[\"B\u00f6lg\u0259\"],\"inLanguage\":\"az\"},{\"@type\":\"WebPage\",\"@id\":\"https:\\\/\\\/www.meydan.tv\\\/az\\\/article\\\/elektrik-sebeke-xeberdarliq-etmeden-oglumu-isden-cixardi\\\/\",\"url\":\"https:\\\/\\\/www.meydan.tv\\\/az\\\/article\\\/elektrik-sebeke-xeberdarliq-etmeden-oglumu-isden-cixardi\\\/\",\"name\":\"\u201cElektrik \u015e\u0259b\u0259k\u0259 x\u0259b\u0259rdarl\u0131q etm\u0259d\u0259n o\u011flumu i\u015fd\u0259n \u00e7\u0131xard\u0131\u201d - MEYDAN.TV\",\"isPartOf\":{\"@id\":\"https:\\\/\\\/www.meydan.tv\\\/az\\\/#website\"},\"primaryImageOfPage\":{\"@id\":\"https:\\\/\\\/www.meydan.tv\\\/az\\\/article\\\/elektrik-sebeke-xeberdarliq-etmeden-oglumu-isden-cixardi\\\/#primaryimage\"},\"image\":{\"@id\":\"https:\\\/\\\/www.meydan.tv\\\/az\\\/article\\\/elektrik-sebeke-xeberdarliq-etmeden-oglumu-isden-cixardi\\\/#primaryimage\"},\"thumbnailUrl\":\"https:\\\/\\\/www.meydan.tv\\\/wp-content\\\/uploads\\\/photo-2020-10-27-10-58-07.jpg\",\"datePublished\":\"2020-10-28T14:24:40+00:00\",\"breadcrumb\":{\"@id\":\"https:\\\/\\\/www.meydan.tv\\\/az\\\/article\\\/elektrik-sebeke-xeberdarliq-etmeden-oglumu-isden-cixardi\\\/#breadcrumb\"},\"inLanguage\":\"az\",\"potentialAction\":[{\"@type\":\"ReadAction\",\"target\":[\"https:\\\/\\\/www.meydan.tv\\\/az\\\/article\\\/elektrik-sebeke-xeberdarliq-etmeden-oglumu-isden-cixardi\\\/\"]}]},{\"@type\":\"ImageObject\",\"inLanguage\":\"az\",\"@id\":\"https:\\\/\\\/www.meydan.tv\\\/az\\\/article\\\/elektrik-sebeke-xeberdarliq-etmeden-oglumu-isden-cixardi\\\/#primaryimage\",\"url\":\"https:\\\/\\\/www.meydan.tv\\\/wp-content\\\/uploads\\\/photo-2020-10-27-10-58-07.jpg\",\"contentUrl\":\"https:\\\/\\\/www.meydan.tv\\\/wp-content\\\/uploads\\\/photo-2020-10-27-10-58-07.jpg\",\"width\":1000,\"height\":486,\"caption\":\"Source: Specify Source\"},{\"@type\":\"BreadcrumbList\",\"@id\":\"https:\\\/\\\/www.meydan.tv\\\/az\\\/article\\\/elektrik-sebeke-xeberdarliq-etmeden-oglumu-isden-cixardi\\\/#breadcrumb\",\"itemListElement\":[{\"@type\":\"ListItem\",\"position\":1,\"name\":\"Ana s\u0259hif\u0259\",\"item\":\"https:\\\/\\\/www.meydan.tv\\\/az\\\/\"},{\"@type\":\"ListItem\",\"position\":2,\"name\":\"B\u00f6lg\u0259\",\"item\":\"https:\\\/\\\/www.meydan.tv\\\/az\\\/section\\\/bolge\\\/\"},{\"@type\":\"ListItem\",\"position\":3,\"name\":\"\u201cElektrik \u015e\u0259b\u0259k\u0259 x\u0259b\u0259rdarl\u0131q etm\u0259d\u0259n o\u011flumu i\u015fd\u0259n \u00e7\u0131xard\u0131\u201d\"}]},{\"@type\":\"WebSite\",\"@id\":\"https:\\\/\\\/www.meydan.tv\\\/az\\\/#website\",\"url\":\"https:\\\/\\\/www.meydan.tv\\\/az\\\/\",\"name\":\"MEYDAN.TV\",\"description\":\"Meydan TV Az\u0259rbaycan\u0131n media m\u0259kan\u0131ndak\u0131 alternativ s\u0259sidir\",\"publisher\":{\"@id\":\"https:\\\/\\\/www.meydan.tv\\\/az\\\/#organization\"},\"potentialAction\":[{\"@type\":\"SearchAction\",\"target\":{\"@type\":\"EntryPoint\",\"urlTemplate\":\"https:\\\/\\\/www.meydan.tv\\\/az\\\/?s={search_term_string}\"},\"query-input\":{\"@type\":\"PropertyValueSpecification\",\"valueRequired\":true,\"valueName\":\"search_term_string\"}}],\"inLanguage\":\"az\"},{\"@type\":\"Organization\",\"@id\":\"https:\\\/\\\/www.meydan.tv\\\/az\\\/#organization\",\"name\":\"Meydan TV\",\"url\":\"https:\\\/\\\/www.meydan.tv\\\/az\\\/\",\"logo\":{\"@type\":\"ImageObject\",\"inLanguage\":\"az\",\"@id\":\"https:\\\/\\\/www.meydan.tv\\\/az\\\/#\\\/schema\\\/logo\\\/image\\\/\",\"url\":\"https:\\\/\\\/www.meydan.tv\\\/wp-content\\\/uploads\\\/2021\\\/07\\\/meydan-logo.svg\",\"contentUrl\":\"https:\\\/\\\/www.meydan.tv\\\/wp-content\\\/uploads\\\/2021\\\/07\\\/meydan-logo.svg\",\"width\":195,\"height\":46,\"caption\":\"Meydan TV\"},\"image\":{\"@id\":\"https:\\\/\\\/www.meydan.tv\\\/az\\\/#\\\/schema\\\/logo\\\/image\\\/\"}},{\"@type\":\"Person\",\"@id\":\"https:\\\/\\\/www.meydan.tv\\\/az\\\/#\\\/schema\\\/person\\\/10d11eccf6da3662cf5fdab9806ea91a\",\"name\":\"user-manager\"}]}<\/script>\n<!-- \/ Yoast SEO plugin. -->","yoast_head_json":{"title":"\u201cElektrik \u015e\u0259b\u0259k\u0259 x\u0259b\u0259rdarl\u0131q etm\u0259d\u0259n o\u011flumu i\u015fd\u0259n \u00e7\u0131xard\u0131\u201d - MEYDAN.TV","robots":{"index":"index","follow":"follow","max-snippet":"max-snippet:-1","max-image-preview":"max-image-preview:large","max-video-preview":"max-video-preview:-1"},"canonical":"https:\/\/www.meydan.tv\/az\/article\/elektrik-sebeke-xeberdarliq-etmeden-oglumu-isden-cixardi\/","og_locale":"az_AZ","og_type":"article","og_title":"\u201cElektrik \u015e\u0259b\u0259k\u0259 x\u0259b\u0259rdarl\u0131q etm\u0259d\u0259n o\u011flumu i\u015fd\u0259n \u00e7\u0131xard\u0131\u201d - MEYDAN.TV","og_description":"\"Seymur m\u00fc\u0259llim\u0259 xat\u0131rlatd\u0131m ki, o\u011flum i\u015fl\u0259diyi bir il \u0259rzind\u0259 \u00fc\u00e7 d\u0259f\u0259 i\u015f\u0259 g\u0259lm\u0259yib, ham\u0131s\u0131nda da izahat yaz\u0131b, \u0259m\u0259khaqq\u0131ndan pul tutmusunuz\"","og_url":"https:\/\/www.meydan.tv\/az\/article\/elektrik-sebeke-xeberdarliq-etmeden-oglumu-isden-cixardi\/","og_site_name":"MEYDAN.TV","article_published_time":"2020-10-28T14:24:40+00:00","og_image":[{"width":1000,"height":486,"url":"https:\/\/www.meydan.tv\/wp-content\/uploads\/photo-2020-10-27-10-58-07.jpg","type":"image\/jpeg"}],"author":"user-manager","twitter_card":"summary_large_image","schema":{"@context":"https:\/\/schema.org","@graph":[{"@type":"Article","@id":"https:\/\/www.meydan.tv\/az\/article\/elektrik-sebeke-xeberdarliq-etmeden-oglumu-isden-cixardi\/#article","isPartOf":{"@id":"https:\/\/www.meydan.tv\/az\/article\/elektrik-sebeke-xeberdarliq-etmeden-oglumu-isden-cixardi\/"},"author":{"name":"user-manager","@id":"https:\/\/www.meydan.tv\/az\/#\/schema\/person\/10d11eccf6da3662cf5fdab9806ea91a"},"headline":"\u201cElektrik \u015e\u0259b\u0259k\u0259 x\u0259b\u0259rdarl\u0131q etm\u0259d\u0259n o\u011flumu i\u015fd\u0259n \u00e7\u0131xard\u0131\u201d","datePublished":"2020-10-28T14:24:40+00:00","mainEntityOfPage":{"@id":"https:\/\/www.meydan.tv\/az\/article\/elektrik-sebeke-xeberdarliq-etmeden-oglumu-isden-cixardi\/"},"wordCount":1812,"publisher":{"@id":"https:\/\/www.meydan.tv\/az\/#organization"},"image":{"@id":"https:\/\/www.meydan.tv\/az\/article\/elektrik-sebeke-xeberdarliq-etmeden-oglumu-isden-cixardi\/#primaryimage"},"thumbnailUrl":"https:\/\/www.meydan.tv\/wp-content\/uploads\/photo-2020-10-27-10-58-07.jpg","articleSection":["B\u00f6lg\u0259"],"inLanguage":"az"},{"@type":"WebPage","@id":"https:\/\/www.meydan.tv\/az\/article\/elektrik-sebeke-xeberdarliq-etmeden-oglumu-isden-cixardi\/","url":"https:\/\/www.meydan.tv\/az\/article\/elektrik-sebeke-xeberdarliq-etmeden-oglumu-isden-cixardi\/","name":"\u201cElektrik \u015e\u0259b\u0259k\u0259 x\u0259b\u0259rdarl\u0131q etm\u0259d\u0259n o\u011flumu i\u015fd\u0259n \u00e7\u0131xard\u0131\u201d - MEYDAN.TV","isPartOf":{"@id":"https:\/\/www.meydan.tv\/az\/#website"},"primaryImageOfPage":{"@id":"https:\/\/www.meydan.tv\/az\/article\/elektrik-sebeke-xeberdarliq-etmeden-oglumu-isden-cixardi\/#primaryimage"},"image":{"@id":"https:\/\/www.meydan.tv\/az\/article\/elektrik-sebeke-xeberdarliq-etmeden-oglumu-isden-cixardi\/#primaryimage"},"thumbnailUrl":"https:\/\/www.meydan.tv\/wp-content\/uploads\/photo-2020-10-27-10-58-07.jpg","datePublished":"2020-10-28T14:24:40+00:00","breadcrumb":{"@id":"https:\/\/www.meydan.tv\/az\/article\/elektrik-sebeke-xeberdarliq-etmeden-oglumu-isden-cixardi\/#breadcrumb"},"inLanguage":"az","potentialAction":[{"@type":"ReadAction","target":["https:\/\/www.meydan.tv\/az\/article\/elektrik-sebeke-xeberdarliq-etmeden-oglumu-isden-cixardi\/"]}]},{"@type":"ImageObject","inLanguage":"az","@id":"https:\/\/www.meydan.tv\/az\/article\/elektrik-sebeke-xeberdarliq-etmeden-oglumu-isden-cixardi\/#primaryimage","url":"https:\/\/www.meydan.tv\/wp-content\/uploads\/photo-2020-10-27-10-58-07.jpg","contentUrl":"https:\/\/www.meydan.tv\/wp-content\/uploads\/photo-2020-10-27-10-58-07.jpg","width":1000,"height":486,"caption":"Source: Specify Source"},{"@type":"BreadcrumbList","@id":"https:\/\/www.meydan.tv\/az\/article\/elektrik-sebeke-xeberdarliq-etmeden-oglumu-isden-cixardi\/#breadcrumb","itemListElement":[{"@type":"ListItem","position":1,"name":"Ana s\u0259hif\u0259","item":"https:\/\/www.meydan.tv\/az\/"},{"@type":"ListItem","position":2,"name":"B\u00f6lg\u0259","item":"https:\/\/www.meydan.tv\/az\/section\/bolge\/"},{"@type":"ListItem","position":3,"name":"\u201cElektrik \u015e\u0259b\u0259k\u0259 x\u0259b\u0259rdarl\u0131q etm\u0259d\u0259n o\u011flumu i\u015fd\u0259n \u00e7\u0131xard\u0131\u201d"}]},{"@type":"WebSite","@id":"https:\/\/www.meydan.tv\/az\/#website","url":"https:\/\/www.meydan.tv\/az\/","name":"MEYDAN.TV","description":"Meydan TV Az\u0259rbaycan\u0131n media m\u0259kan\u0131ndak\u0131 alternativ s\u0259sidir","publisher":{"@id":"https:\/\/www.meydan.tv\/az\/#organization"},"potentialAction":[{"@type":"SearchAction","target":{"@type":"EntryPoint","urlTemplate":"https:\/\/www.meydan.tv\/az\/?s={search_term_string}"},"query-input":{"@type":"PropertyValueSpecification","valueRequired":true,"valueName":"search_term_string"}}],"inLanguage":"az"},{"@type":"Organization","@id":"https:\/\/www.meydan.tv\/az\/#organization","name":"Meydan TV","url":"https:\/\/www.meydan.tv\/az\/","logo":{"@type":"ImageObject","inLanguage":"az","@id":"https:\/\/www.meydan.tv\/az\/#\/schema\/logo\/image\/","url":"https:\/\/www.meydan.tv\/wp-content\/uploads\/2021\/07\/meydan-logo.svg","contentUrl":"https:\/\/www.meydan.tv\/wp-content\/uploads\/2021\/07\/meydan-logo.svg","width":195,"height":46,"caption":"Meydan TV"},"image":{"@id":"https:\/\/www.meydan.tv\/az\/#\/schema\/logo\/image\/"}},{"@type":"Person","@id":"https:\/\/www.meydan.tv\/az\/#\/schema\/person\/10d11eccf6da3662cf5fdab9806ea91a","name":"user-manager"}]}},"_links":{"self":[{"href":"https:\/\/www.meydan.tv\/az\/wp-json\/wp\/v2\/posts\/203277","targetHints":{"allow":["GET"]}}],"collection":[{"href":"https:\/\/www.meydan.tv\/az\/wp-json\/wp\/v2\/posts"}],"about":[{"href":"https:\/\/www.meydan.tv\/az\/wp-json\/wp\/v2\/types\/post"}],"author":[{"embeddable":true,"href":"https:\/\/www.meydan.tv\/az\/wp-json\/wp\/v2\/users\/11"}],"replies":[{"embeddable":true,"href":"https:\/\/www.meydan.tv\/az\/wp-json\/wp\/v2\/comments?post=203277"}],"version-history":[{"count":0,"href":"https:\/\/www.meydan.tv\/az\/wp-json\/wp\/v2\/posts\/203277\/revisions"}],"wp:featuredmedia":[{"embeddable":true,"href":"https:\/\/www.meydan.tv\/az\/wp-json\/wp\/v2\/media\/150569"}],"wp:attachment":[{"href":"https:\/\/www.meydan.tv\/az\/wp-json\/wp\/v2\/media?parent=203277"}],"wp:term":[{"taxonomy":"category","embeddable":true,"href":"https:\/\/www.meydan.tv\/az\/wp-json\/wp\/v2\/categories?post=203277"},{"taxonomy":"post_tag","embeddable":true,"href":"https:\/\/www.meydan.tv\/az\/wp-json\/wp\/v2\/tags?post=203277"}],"curies":[{"name":"wp","href":"https:\/\/api.w.org\/{rel}","templated":true}]}}