{"id":203275,"date":"2020-10-28T14:39:20","date_gmt":"2020-10-28T14:39:20","guid":{"rendered":"https:\/\/www.meydan.tv\/article\/xsusi-karantin-rejimi-uzadld\/"},"modified":"2020-10-28T14:39:20","modified_gmt":"2020-10-28T14:39:20","slug":"xsusi-karantin-rejimi-uzadld","status":"publish","type":"post","link":"https:\/\/www.meydan.tv\/az\/article\/xsusi-karantin-rejimi-uzadld\/","title":{"rendered":"X\u00fcsusi karantin rejimi uzad\u0131ld\u0131"},"content":{"rendered":"<p>\n  <i><br \/>\n    Q\u0259rar 2020-ci il 2 noyabr saat 06:00-dan q\u00fcvv\u0259y\u0259 minir<br \/>\n  <\/i>\n<\/p>\n<p>\n  Az\u0259rbaycanda x\u00fcsusi karantin rejiminin m\u00fcdd\u0259ti dekabr\u0131n 1-d\u0259k uzad\u0131l\u0131b.\n<\/p>\n<p>\n  Ba\u015f Nazir \u018fli \u018fs\u0259dov bununla ba\u011fl\u0131 q\u0259rar imzalay\u0131b.\n<\/p>\n<p>\n  Q\u0259rarda bildirilib ki, koronavirus (COVID-19) infeksiyas\u0131n\u0131n \u00f6lk\u0259 \u0259razisind\u0259 yay\u0131lmas\u0131n\u0131n, onun t\u00f6r\u0259d\u0259 bil\u0259c\u0259yi f\u0259sadlar\u0131n qar\u015f\u0131s\u0131n\u0131n al\u0131nmas\u0131 m\u0259qs\u0259dil\u0259 Az\u0259rbaycanda x\u00fcsusi karantin rejiminin m\u00fcdd\u0259ti 2020-ci il 1 dekabr saat 06:00-d\u0259k uzad\u0131l\u0131b.\n<\/p>\n<p>\n  Eyni zamanda, G\u0259nc\u0259, Yevlax, Ming\u0259\u00e7evir, L\u0259nk\u0259ran, \u015e\u0259ki, \u015eirvan \u015f\u0259h\u0259rl\u0259rind\u0259 v\u0259 G\u00f6yg\u00f6l, Samux, Sabirabad, Quba, A\u011fstafa, Bil\u0259suvar, Xa\u00e7maz, \u0130smay\u0131ll\u0131, Qax, Zaqatala, C\u0259lilabad, Masall\u0131 rayonlar\u0131nda 7 noyabr saat 00:00-dan 9 noyabr saat 06:00-d\u0259k, 14 noyabr saat 00:00-dan 16 noyabr saat 06:00-d\u0259k, 21 noyabr saat 00:00-dan 23 noyabr saat 06:00-d\u0259k v\u0259 28 noyabr saat 00:00-dan 30 noyabr saat 06:00-d\u0259k ictimai n\u0259qliyyat\u0131n h\u0259r\u0259k\u0259ti dayand\u0131r\u0131l\u0131r.\n<\/p>\n<p>\n  M\u0259lumatda bildirilir ki, q\u0259rar 2020-ci il 2 noyabr saat 06:00-dan q\u00fcvv\u0259y\u0259 minir.\n<\/p>\n<p>\n  Az\u0259rbaycanda x\u00fcsusi karantin rejimi sentyabr\u0131n 28-d\u0259 noyabr\u0131n 2-n\u0259 q\u0259d\u0259r uzad\u0131l\u0131b.\n<\/p>\n<p>\n  COV\u0130D-19 pandemiyas\u0131 il\u0259 ba\u011fl\u0131 bu il mart\u0131n 24-d\u0259n Az\u0259rbaycanda karantin rejimi elan edilib.\n<\/p>\n<p>\n  Karantin avqustun 31-n\u0259 kimi uzad\u0131l\u0131b.\n<\/p>\n<p>\n  G\u00fcnd\u0259lik yoluxmada azalma oldu\u011fundan rejim aprelin 27-d\u0259n m\u0259rh\u0259l\u0259l\u0259rl\u0259 yum\u015fald\u0131lm\u0131\u015fd\u0131. Amma bu, \u0259ks proses do\u011furdu\u011fundan iyunun 21-d\u0259n Bak\u0131 v\u0259 \u00f6lk\u0259nin bir \u00e7ox yerl\u0259rind\u0259 karantin yenid\u0259n s\u0259rtl\u0259\u015fdirilib.<\/p>\n","protected":false},"excerpt":{"rendered":"<p>Q\u0259rarda bildirilib ki, koronavirus (COVID-19) infeksiyas\u0131n\u0131n \u00f6lk\u0259 \u0259razisind\u0259 yay\u0131lmas\u0131n\u0131n, onun t\u00f6r\u0259d\u0259 bil\u0259c\u0259yi f\u0259sadlar\u0131n qar\u015f\u0131s\u0131n\u0131n al\u0131nmas\u0131 m\u0259qs\u0259dil\u0259 Az\u0259rbaycanda x\u00fcsusi karantin rejiminin m\u00fcdd\u0259ti 2020-ci il 1 dekabr saat 06:00-d\u0259k uzad\u0131l\u0131b.<\/p>\n","protected":false},"author":11,"featured_media":144692,"comment_status":"closed","ping_status":"open","sticky":false,"template":"","format":"standard","meta":{"_acf_changed":false,"_sitemap_exclude":false,"_sitemap_priority":"","_sitemap_frequency":"","footnotes":""},"categories":[62],"tags":[],"class_list":["post-203275","post","type-post","status-publish","format-standard","has-post-thumbnail","hentry","category-sosial","infinite-scroll-item","generate-columns","tablet-grid-50","mobile-grid-100","grid-parent","grid-33","no-featured-image-padding"],"acf":[],"yoast_head":"<!-- This site is optimized with the Yoast SEO plugin v27.5 - https:\/\/yoast.com\/product\/yoast-seo-wordpress\/ -->\n<title>X\u00fcsusi karantin rejimi uzad\u0131ld\u0131 - MEYDAN.TV<\/title>\n<meta name=\"robots\" content=\"index, follow, max-snippet:-1, max-image-preview:large, max-video-preview:-1\" \/>\n<link rel=\"canonical\" href=\"https:\/\/www.meydan.tv\/az\/article\/xsusi-karantin-rejimi-uzadld\/\" \/>\n<meta property=\"og:locale\" content=\"az_AZ\" \/>\n<meta property=\"og:type\" content=\"article\" \/>\n<meta property=\"og:title\" content=\"X\u00fcsusi karantin rejimi uzad\u0131ld\u0131 - MEYDAN.TV\" \/>\n<meta property=\"og:description\" content=\"Q\u0259rarda bildirilib ki, koronavirus (COVID-19) infeksiyas\u0131n\u0131n \u00f6lk\u0259 \u0259razisind\u0259 yay\u0131lmas\u0131n\u0131n, onun t\u00f6r\u0259d\u0259 bil\u0259c\u0259yi f\u0259sadlar\u0131n qar\u015f\u0131s\u0131n\u0131n al\u0131nmas\u0131 m\u0259qs\u0259dil\u0259 Az\u0259rbaycanda x\u00fcsusi karantin rejiminin m\u00fcdd\u0259ti 2020-ci il 1 dekabr saat 06:00-d\u0259k uzad\u0131l\u0131b.\" \/>\n<meta property=\"og:url\" content=\"https:\/\/www.meydan.tv\/az\/article\/xsusi-karantin-rejimi-uzadld\/\" \/>\n<meta property=\"og:site_name\" content=\"MEYDAN.TV\" \/>\n<meta property=\"article:published_time\" content=\"2020-10-28T14:39:20+00:00\" \/>\n<meta property=\"og:image\" content=\"https:\/\/www.meydan.tv\/wp-content\/uploads\/image_from_ios_2_toznxtg.jpg\" \/>\n\t<meta property=\"og:image:width\" content=\"2048\" \/>\n\t<meta property=\"og:image:height\" content=\"2048\" \/>\n\t<meta property=\"og:image:type\" content=\"image\/jpeg\" \/>\n<meta name=\"author\" content=\"user-manager\" \/>\n<meta name=\"twitter:card\" content=\"summary_large_image\" \/>\n<script type=\"application\/ld+json\" class=\"yoast-schema-graph\">{\"@context\":\"https:\\\/\\\/schema.org\",\"@graph\":[{\"@type\":\"Article\",\"@id\":\"https:\\\/\\\/www.meydan.tv\\\/az\\\/article\\\/xsusi-karantin-rejimi-uzadld\\\/#article\",\"isPartOf\":{\"@id\":\"https:\\\/\\\/www.meydan.tv\\\/az\\\/article\\\/xsusi-karantin-rejimi-uzadld\\\/\"},\"author\":{\"name\":\"user-manager\",\"@id\":\"https:\\\/\\\/www.meydan.tv\\\/az\\\/#\\\/schema\\\/person\\\/10d11eccf6da3662cf5fdab9806ea91a\"},\"headline\":\"X\u00fcsusi karantin rejimi uzad\u0131ld\u0131\",\"datePublished\":\"2020-10-28T14:39:20+00:00\",\"mainEntityOfPage\":{\"@id\":\"https:\\\/\\\/www.meydan.tv\\\/az\\\/article\\\/xsusi-karantin-rejimi-uzadld\\\/\"},\"wordCount\":277,\"publisher\":{\"@id\":\"https:\\\/\\\/www.meydan.tv\\\/az\\\/#organization\"},\"image\":{\"@id\":\"https:\\\/\\\/www.meydan.tv\\\/az\\\/article\\\/xsusi-karantin-rejimi-uzadld\\\/#primaryimage\"},\"thumbnailUrl\":\"https:\\\/\\\/www.meydan.tv\\\/wp-content\\\/uploads\\\/image_from_ios_2_toznxtg.jpg\",\"articleSection\":[\"Sosial\"],\"inLanguage\":\"az\"},{\"@type\":\"WebPage\",\"@id\":\"https:\\\/\\\/www.meydan.tv\\\/az\\\/article\\\/xsusi-karantin-rejimi-uzadld\\\/\",\"url\":\"https:\\\/\\\/www.meydan.tv\\\/az\\\/article\\\/xsusi-karantin-rejimi-uzadld\\\/\",\"name\":\"X\u00fcsusi karantin rejimi uzad\u0131ld\u0131 - MEYDAN.TV\",\"isPartOf\":{\"@id\":\"https:\\\/\\\/www.meydan.tv\\\/az\\\/#website\"},\"primaryImageOfPage\":{\"@id\":\"https:\\\/\\\/www.meydan.tv\\\/az\\\/article\\\/xsusi-karantin-rejimi-uzadld\\\/#primaryimage\"},\"image\":{\"@id\":\"https:\\\/\\\/www.meydan.tv\\\/az\\\/article\\\/xsusi-karantin-rejimi-uzadld\\\/#primaryimage\"},\"thumbnailUrl\":\"https:\\\/\\\/www.meydan.tv\\\/wp-content\\\/uploads\\\/image_from_ios_2_toznxtg.jpg\",\"datePublished\":\"2020-10-28T14:39:20+00:00\",\"breadcrumb\":{\"@id\":\"https:\\\/\\\/www.meydan.tv\\\/az\\\/article\\\/xsusi-karantin-rejimi-uzadld\\\/#breadcrumb\"},\"inLanguage\":\"az\",\"potentialAction\":[{\"@type\":\"ReadAction\",\"target\":[\"https:\\\/\\\/www.meydan.tv\\\/az\\\/article\\\/xsusi-karantin-rejimi-uzadld\\\/\"]}]},{\"@type\":\"ImageObject\",\"inLanguage\":\"az\",\"@id\":\"https:\\\/\\\/www.meydan.tv\\\/az\\\/article\\\/xsusi-karantin-rejimi-uzadld\\\/#primaryimage\",\"url\":\"https:\\\/\\\/www.meydan.tv\\\/wp-content\\\/uploads\\\/image_from_ios_2_toznxtg.jpg\",\"contentUrl\":\"https:\\\/\\\/www.meydan.tv\\\/wp-content\\\/uploads\\\/image_from_ios_2_toznxtg.jpg\",\"width\":2048,\"height\":2048,\"caption\":\"Foto: Meydan TV\"},{\"@type\":\"BreadcrumbList\",\"@id\":\"https:\\\/\\\/www.meydan.tv\\\/az\\\/article\\\/xsusi-karantin-rejimi-uzadld\\\/#breadcrumb\",\"itemListElement\":[{\"@type\":\"ListItem\",\"position\":1,\"name\":\"Ana s\u0259hif\u0259\",\"item\":\"https:\\\/\\\/www.meydan.tv\\\/az\\\/\"},{\"@type\":\"ListItem\",\"position\":2,\"name\":\"Sosial\",\"item\":\"https:\\\/\\\/www.meydan.tv\\\/az\\\/section\\\/sosial\\\/\"},{\"@type\":\"ListItem\",\"position\":3,\"name\":\"X\u00fcsusi karantin rejimi uzad\u0131ld\u0131\"}]},{\"@type\":\"WebSite\",\"@id\":\"https:\\\/\\\/www.meydan.tv\\\/az\\\/#website\",\"url\":\"https:\\\/\\\/www.meydan.tv\\\/az\\\/\",\"name\":\"MEYDAN.TV\",\"description\":\"Meydan TV Az\u0259rbaycan\u0131n media m\u0259kan\u0131ndak\u0131 alternativ s\u0259sidir\",\"publisher\":{\"@id\":\"https:\\\/\\\/www.meydan.tv\\\/az\\\/#organization\"},\"potentialAction\":[{\"@type\":\"SearchAction\",\"target\":{\"@type\":\"EntryPoint\",\"urlTemplate\":\"https:\\\/\\\/www.meydan.tv\\\/az\\\/?s={search_term_string}\"},\"query-input\":{\"@type\":\"PropertyValueSpecification\",\"valueRequired\":true,\"valueName\":\"search_term_string\"}}],\"inLanguage\":\"az\"},{\"@type\":\"Organization\",\"@id\":\"https:\\\/\\\/www.meydan.tv\\\/az\\\/#organization\",\"name\":\"Meydan TV\",\"url\":\"https:\\\/\\\/www.meydan.tv\\\/az\\\/\",\"logo\":{\"@type\":\"ImageObject\",\"inLanguage\":\"az\",\"@id\":\"https:\\\/\\\/www.meydan.tv\\\/az\\\/#\\\/schema\\\/logo\\\/image\\\/\",\"url\":\"https:\\\/\\\/www.meydan.tv\\\/wp-content\\\/uploads\\\/2021\\\/07\\\/meydan-logo.svg\",\"contentUrl\":\"https:\\\/\\\/www.meydan.tv\\\/wp-content\\\/uploads\\\/2021\\\/07\\\/meydan-logo.svg\",\"width\":195,\"height\":46,\"caption\":\"Meydan TV\"},\"image\":{\"@id\":\"https:\\\/\\\/www.meydan.tv\\\/az\\\/#\\\/schema\\\/logo\\\/image\\\/\"}},{\"@type\":\"Person\",\"@id\":\"https:\\\/\\\/www.meydan.tv\\\/az\\\/#\\\/schema\\\/person\\\/10d11eccf6da3662cf5fdab9806ea91a\",\"name\":\"user-manager\"}]}<\/script>\n<!-- \/ Yoast SEO plugin. -->","yoast_head_json":{"title":"X\u00fcsusi karantin rejimi uzad\u0131ld\u0131 - MEYDAN.TV","robots":{"index":"index","follow":"follow","max-snippet":"max-snippet:-1","max-image-preview":"max-image-preview:large","max-video-preview":"max-video-preview:-1"},"canonical":"https:\/\/www.meydan.tv\/az\/article\/xsusi-karantin-rejimi-uzadld\/","og_locale":"az_AZ","og_type":"article","og_title":"X\u00fcsusi karantin rejimi uzad\u0131ld\u0131 - MEYDAN.TV","og_description":"Q\u0259rarda bildirilib ki, koronavirus (COVID-19) infeksiyas\u0131n\u0131n \u00f6lk\u0259 \u0259razisind\u0259 yay\u0131lmas\u0131n\u0131n, onun t\u00f6r\u0259d\u0259 bil\u0259c\u0259yi f\u0259sadlar\u0131n qar\u015f\u0131s\u0131n\u0131n al\u0131nmas\u0131 m\u0259qs\u0259dil\u0259 Az\u0259rbaycanda x\u00fcsusi karantin rejiminin m\u00fcdd\u0259ti 2020-ci il 1 dekabr saat 06:00-d\u0259k uzad\u0131l\u0131b.","og_url":"https:\/\/www.meydan.tv\/az\/article\/xsusi-karantin-rejimi-uzadld\/","og_site_name":"MEYDAN.TV","article_published_time":"2020-10-28T14:39:20+00:00","og_image":[{"width":2048,"height":2048,"url":"https:\/\/www.meydan.tv\/wp-content\/uploads\/image_from_ios_2_toznxtg.jpg","type":"image\/jpeg"}],"author":"user-manager","twitter_card":"summary_large_image","schema":{"@context":"https:\/\/schema.org","@graph":[{"@type":"Article","@id":"https:\/\/www.meydan.tv\/az\/article\/xsusi-karantin-rejimi-uzadld\/#article","isPartOf":{"@id":"https:\/\/www.meydan.tv\/az\/article\/xsusi-karantin-rejimi-uzadld\/"},"author":{"name":"user-manager","@id":"https:\/\/www.meydan.tv\/az\/#\/schema\/person\/10d11eccf6da3662cf5fdab9806ea91a"},"headline":"X\u00fcsusi karantin rejimi uzad\u0131ld\u0131","datePublished":"2020-10-28T14:39:20+00:00","mainEntityOfPage":{"@id":"https:\/\/www.meydan.tv\/az\/article\/xsusi-karantin-rejimi-uzadld\/"},"wordCount":277,"publisher":{"@id":"https:\/\/www.meydan.tv\/az\/#organization"},"image":{"@id":"https:\/\/www.meydan.tv\/az\/article\/xsusi-karantin-rejimi-uzadld\/#primaryimage"},"thumbnailUrl":"https:\/\/www.meydan.tv\/wp-content\/uploads\/image_from_ios_2_toznxtg.jpg","articleSection":["Sosial"],"inLanguage":"az"},{"@type":"WebPage","@id":"https:\/\/www.meydan.tv\/az\/article\/xsusi-karantin-rejimi-uzadld\/","url":"https:\/\/www.meydan.tv\/az\/article\/xsusi-karantin-rejimi-uzadld\/","name":"X\u00fcsusi karantin rejimi uzad\u0131ld\u0131 - MEYDAN.TV","isPartOf":{"@id":"https:\/\/www.meydan.tv\/az\/#website"},"primaryImageOfPage":{"@id":"https:\/\/www.meydan.tv\/az\/article\/xsusi-karantin-rejimi-uzadld\/#primaryimage"},"image":{"@id":"https:\/\/www.meydan.tv\/az\/article\/xsusi-karantin-rejimi-uzadld\/#primaryimage"},"thumbnailUrl":"https:\/\/www.meydan.tv\/wp-content\/uploads\/image_from_ios_2_toznxtg.jpg","datePublished":"2020-10-28T14:39:20+00:00","breadcrumb":{"@id":"https:\/\/www.meydan.tv\/az\/article\/xsusi-karantin-rejimi-uzadld\/#breadcrumb"},"inLanguage":"az","potentialAction":[{"@type":"ReadAction","target":["https:\/\/www.meydan.tv\/az\/article\/xsusi-karantin-rejimi-uzadld\/"]}]},{"@type":"ImageObject","inLanguage":"az","@id":"https:\/\/www.meydan.tv\/az\/article\/xsusi-karantin-rejimi-uzadld\/#primaryimage","url":"https:\/\/www.meydan.tv\/wp-content\/uploads\/image_from_ios_2_toznxtg.jpg","contentUrl":"https:\/\/www.meydan.tv\/wp-content\/uploads\/image_from_ios_2_toznxtg.jpg","width":2048,"height":2048,"caption":"Foto: Meydan TV"},{"@type":"BreadcrumbList","@id":"https:\/\/www.meydan.tv\/az\/article\/xsusi-karantin-rejimi-uzadld\/#breadcrumb","itemListElement":[{"@type":"ListItem","position":1,"name":"Ana s\u0259hif\u0259","item":"https:\/\/www.meydan.tv\/az\/"},{"@type":"ListItem","position":2,"name":"Sosial","item":"https:\/\/www.meydan.tv\/az\/section\/sosial\/"},{"@type":"ListItem","position":3,"name":"X\u00fcsusi karantin rejimi uzad\u0131ld\u0131"}]},{"@type":"WebSite","@id":"https:\/\/www.meydan.tv\/az\/#website","url":"https:\/\/www.meydan.tv\/az\/","name":"MEYDAN.TV","description":"Meydan TV Az\u0259rbaycan\u0131n media m\u0259kan\u0131ndak\u0131 alternativ s\u0259sidir","publisher":{"@id":"https:\/\/www.meydan.tv\/az\/#organization"},"potentialAction":[{"@type":"SearchAction","target":{"@type":"EntryPoint","urlTemplate":"https:\/\/www.meydan.tv\/az\/?s={search_term_string}"},"query-input":{"@type":"PropertyValueSpecification","valueRequired":true,"valueName":"search_term_string"}}],"inLanguage":"az"},{"@type":"Organization","@id":"https:\/\/www.meydan.tv\/az\/#organization","name":"Meydan TV","url":"https:\/\/www.meydan.tv\/az\/","logo":{"@type":"ImageObject","inLanguage":"az","@id":"https:\/\/www.meydan.tv\/az\/#\/schema\/logo\/image\/","url":"https:\/\/www.meydan.tv\/wp-content\/uploads\/2021\/07\/meydan-logo.svg","contentUrl":"https:\/\/www.meydan.tv\/wp-content\/uploads\/2021\/07\/meydan-logo.svg","width":195,"height":46,"caption":"Meydan TV"},"image":{"@id":"https:\/\/www.meydan.tv\/az\/#\/schema\/logo\/image\/"}},{"@type":"Person","@id":"https:\/\/www.meydan.tv\/az\/#\/schema\/person\/10d11eccf6da3662cf5fdab9806ea91a","name":"user-manager"}]}},"_links":{"self":[{"href":"https:\/\/www.meydan.tv\/az\/wp-json\/wp\/v2\/posts\/203275","targetHints":{"allow":["GET"]}}],"collection":[{"href":"https:\/\/www.meydan.tv\/az\/wp-json\/wp\/v2\/posts"}],"about":[{"href":"https:\/\/www.meydan.tv\/az\/wp-json\/wp\/v2\/types\/post"}],"author":[{"embeddable":true,"href":"https:\/\/www.meydan.tv\/az\/wp-json\/wp\/v2\/users\/11"}],"replies":[{"embeddable":true,"href":"https:\/\/www.meydan.tv\/az\/wp-json\/wp\/v2\/comments?post=203275"}],"version-history":[{"count":0,"href":"https:\/\/www.meydan.tv\/az\/wp-json\/wp\/v2\/posts\/203275\/revisions"}],"wp:featuredmedia":[{"embeddable":true,"href":"https:\/\/www.meydan.tv\/az\/wp-json\/wp\/v2\/media\/144692"}],"wp:attachment":[{"href":"https:\/\/www.meydan.tv\/az\/wp-json\/wp\/v2\/media?parent=203275"}],"wp:term":[{"taxonomy":"category","embeddable":true,"href":"https:\/\/www.meydan.tv\/az\/wp-json\/wp\/v2\/categories?post=203275"},{"taxonomy":"post_tag","embeddable":true,"href":"https:\/\/www.meydan.tv\/az\/wp-json\/wp\/v2\/tags?post=203275"}],"curies":[{"name":"wp","href":"https:\/\/api.w.org\/{rel}","templated":true}]}}