{"id":203266,"date":"2020-10-28T10:33:13","date_gmt":"2020-10-28T10:33:13","guid":{"rendered":"https:\/\/www.meydan.tv\/article\/serhedsiz-reportyorlar-ermenistan-euronews-telekanalinin-cekilis-qrupunun-atese-tutulmasini-arasdirmalidir\/"},"modified":"2020-10-28T10:33:13","modified_gmt":"2020-10-28T10:33:13","slug":"serhedsiz-reportyorlar-ermenistan-euronews-telekanalinin-cekilis-qrupunun-atese-tutulmasini-arasdirmalidir","status":"publish","type":"post","link":"https:\/\/www.meydan.tv\/az\/article\/serhedsiz-reportyorlar-ermenistan-euronews-telekanalinin-cekilis-qrupunun-atese-tutulmasini-arasdirmalidir\/","title":{"rendered":"\u201cS\u0259rh\u0259dsiz Reportyorlar\u201d: Erm\u0259nistan \u201cEuronews\u201d telekanal\u0131n\u0131n \u00e7\u0259kili\u015f qrupunun at\u0259\u015f\u0259 tutulmas\u0131n\u0131 ara\u015fd\u0131rmal\u0131d\u0131r"},"content":{"rendered":"<p>\n  <i><br \/>\n    T\u0259\u015fkilat b\u0259yanat yayd\u0131<br \/>\n  <\/i>\n<\/p>\n<p>\n  \u201c\u201cEuronews\u201d telekanal\u0131n\u0131n \u00e7\u0259kili\u015f qrupu az qala Da\u011fl\u0131q Qaraba\u011fda h\u0259lak olacaqd\u0131. Bu, Da\u011fl\u0131q Qaraba\u011fda Tal\u0131\u015f k\u0259ndi \u0259razisind\u0259 i\u00e7\u0259risind\u0259 reportyorun v\u0259 operatorun oldu\u011fu avtomobil\u0259 tank \u0259leyhin\u0259 raketl\u0259 at\u0259\u015f a\u00e7\u0131lmas\u0131 n\u0259tic\u0259sind\u0259 ba\u015f verib.\n<\/p>\n<p>\n  \u201cS\u0259rh\u0259dsiz Reportyorlar\u201d Erm\u0259nistan\u0131 Az\u0259rbaycan istiqam\u0259tin\u0259 a\u00e7\u0131lan bu at\u0259\u015fi ara\u015fd\u0131rma\u011fa \u00e7a\u011f\u0131r\u0131r\u201d, &#8211; dey\u0259 t\u0259\u015fkilat\u0131n Tvitter hesab\u0131nda yer alan m\u0259lumatda bildirilir.\n<\/p>\n<p>\n  Hadis\u0259 oktyabr\u0131n 26-da ba\u015f verib. (\u201cTuran\u201d \u0130A)<\/p>\n","protected":false},"excerpt":{"rendered":"<p>\u201cS\u0259rh\u0259dsiz Reportyorlar\u201d Erm\u0259nistan\u0131 Az\u0259rbaycan istiqam\u0259tin\u0259 a\u00e7\u0131lan bu at\u0259\u015fi ara\u015fd\u0131rma\u011fa \u00e7a\u011f\u0131r\u0131r\u201d, &#8211; dey\u0259 t\u0259\u015fkilat\u0131n Tvitter hesab\u0131nda yer alan m\u0259lumatda bildirilir.<\/p>\n","protected":false},"author":11,"featured_media":142109,"comment_status":"closed","ping_status":"open","sticky":false,"template":"","format":"standard","meta":{"_acf_changed":false,"_sitemap_exclude":false,"_sitemap_priority":"","_sitemap_frequency":"","footnotes":""},"categories":[59],"tags":[],"class_list":["post-203266","post","type-post","status-publish","format-standard","has-post-thumbnail","hentry","category-siyaset","infinite-scroll-item","generate-columns","tablet-grid-50","mobile-grid-100","grid-parent","grid-33","no-featured-image-padding"],"acf":[],"yoast_head":"<!-- This site is optimized with the Yoast SEO plugin v28.4 - https:\/\/yoast.com\/product\/yoast-seo-wordpress\/ -->\n<title>\u201cS\u0259rh\u0259dsiz Reportyorlar\u201d: Erm\u0259nistan \u201cEuronews\u201d telekanal\u0131n\u0131n \u00e7\u0259kili\u015f qrupunun at\u0259\u015f\u0259 tutulmas\u0131n\u0131 ara\u015fd\u0131rmal\u0131d\u0131r - MEYDAN.TV<\/title>\n<meta name=\"robots\" content=\"index, follow, max-snippet:-1, max-image-preview:large, max-video-preview:-1\" \/>\n<link rel=\"canonical\" href=\"https:\/\/www.meydan.tv\/az\/article\/serhedsiz-reportyorlar-ermenistan-euronews-telekanalinin-cekilis-qrupunun-atese-tutulmasini-arasdirmalidir\/\" \/>\n<meta property=\"og:locale\" content=\"az_AZ\" \/>\n<meta property=\"og:type\" content=\"article\" \/>\n<meta property=\"og:title\" content=\"\u201cS\u0259rh\u0259dsiz Reportyorlar\u201d: Erm\u0259nistan \u201cEuronews\u201d telekanal\u0131n\u0131n \u00e7\u0259kili\u015f qrupunun at\u0259\u015f\u0259 tutulmas\u0131n\u0131 ara\u015fd\u0131rmal\u0131d\u0131r - MEYDAN.TV\" \/>\n<meta property=\"og:description\" content=\"\u201cS\u0259rh\u0259dsiz Reportyorlar\u201d Erm\u0259nistan\u0131 Az\u0259rbaycan istiqam\u0259tin\u0259 a\u00e7\u0131lan bu at\u0259\u015fi ara\u015fd\u0131rma\u011fa \u00e7a\u011f\u0131r\u0131r\u201d, - dey\u0259 t\u0259\u015fkilat\u0131n Tvitter hesab\u0131nda yer alan m\u0259lumatda bildirilir.\" \/>\n<meta property=\"og:url\" content=\"https:\/\/www.meydan.tv\/az\/article\/serhedsiz-reportyorlar-ermenistan-euronews-telekanalinin-cekilis-qrupunun-atese-tutulmasini-arasdirmalidir\/\" \/>\n<meta property=\"og:site_name\" content=\"MEYDAN.TV\" \/>\n<meta property=\"article:published_time\" content=\"2020-10-28T10:33:13+00:00\" \/>\n<meta property=\"og:image\" content=\"https:\/\/www.meydan.tv\/wp-content\/uploads\/45809.width-1024.jpg\" \/>\n\t<meta property=\"og:image:width\" content=\"1023\" \/>\n\t<meta property=\"og:image:height\" content=\"575\" \/>\n\t<meta property=\"og:image:type\" content=\"image\/jpeg\" \/>\n<meta name=\"twitter:card\" content=\"summary_large_image\" \/>\n<!-- \/ Yoast SEO plugin. -->","yoast_head_json":{"title":"\u201cS\u0259rh\u0259dsiz Reportyorlar\u201d: Erm\u0259nistan \u201cEuronews\u201d telekanal\u0131n\u0131n \u00e7\u0259kili\u015f qrupunun at\u0259\u015f\u0259 tutulmas\u0131n\u0131 ara\u015fd\u0131rmal\u0131d\u0131r - MEYDAN.TV","robots":{"index":"index","follow":"follow","max-snippet":"max-snippet:-1","max-image-preview":"max-image-preview:large","max-video-preview":"max-video-preview:-1"},"canonical":"https:\/\/www.meydan.tv\/az\/article\/serhedsiz-reportyorlar-ermenistan-euronews-telekanalinin-cekilis-qrupunun-atese-tutulmasini-arasdirmalidir\/","og_locale":"az_AZ","og_type":"article","og_title":"\u201cS\u0259rh\u0259dsiz Reportyorlar\u201d: Erm\u0259nistan \u201cEuronews\u201d telekanal\u0131n\u0131n \u00e7\u0259kili\u015f qrupunun at\u0259\u015f\u0259 tutulmas\u0131n\u0131 ara\u015fd\u0131rmal\u0131d\u0131r - MEYDAN.TV","og_description":"\u201cS\u0259rh\u0259dsiz Reportyorlar\u201d Erm\u0259nistan\u0131 Az\u0259rbaycan istiqam\u0259tin\u0259 a\u00e7\u0131lan bu at\u0259\u015fi ara\u015fd\u0131rma\u011fa \u00e7a\u011f\u0131r\u0131r\u201d, - dey\u0259 t\u0259\u015fkilat\u0131n Tvitter hesab\u0131nda yer alan m\u0259lumatda bildirilir.","og_url":"https:\/\/www.meydan.tv\/az\/article\/serhedsiz-reportyorlar-ermenistan-euronews-telekanalinin-cekilis-qrupunun-atese-tutulmasini-arasdirmalidir\/","og_site_name":"MEYDAN.TV","article_published_time":"2020-10-28T10:33:13+00:00","og_image":[{"width":1023,"height":575,"url":"https:\/\/www.meydan.tv\/wp-content\/uploads\/45809.width-1024.jpg","type":"image\/jpeg"}],"twitter_card":"summary_large_image","schema":{"@context":"https:\/\/schema.org","@graph":[{"@type":"Article","@id":"https:\/\/www.meydan.tv\/az\/article\/serhedsiz-reportyorlar-ermenistan-euronews-telekanalinin-cekilis-qrupunun-atese-tutulmasini-arasdirmalidir\/#article","isPartOf":{"@id":"https:\/\/www.meydan.tv\/az\/article\/serhedsiz-reportyorlar-ermenistan-euronews-telekanalinin-cekilis-qrupunun-atese-tutulmasini-arasdirmalidir\/"},"author":{"name":"user-manager","@id":"https:\/\/www.meydan.tv\/az\/#\/schema\/person\/10d11eccf6da3662cf5fdab9806ea91a"},"headline":"\u201cS\u0259rh\u0259dsiz Reportyorlar\u201d: Erm\u0259nistan \u201cEuronews\u201d telekanal\u0131n\u0131n \u00e7\u0259kili\u015f qrupunun at\u0259\u015f\u0259 tutulmas\u0131n\u0131 ara\u015fd\u0131rmal\u0131d\u0131r","datePublished":"2020-10-28T10:33:13+00:00","mainEntityOfPage":{"@id":"https:\/\/www.meydan.tv\/az\/article\/serhedsiz-reportyorlar-ermenistan-euronews-telekanalinin-cekilis-qrupunun-atese-tutulmasini-arasdirmalidir\/"},"wordCount":113,"publisher":{"@id":"https:\/\/www.meydan.tv\/az\/#organization"},"image":{"@id":"https:\/\/www.meydan.tv\/az\/article\/serhedsiz-reportyorlar-ermenistan-euronews-telekanalinin-cekilis-qrupunun-atese-tutulmasini-arasdirmalidir\/#primaryimage"},"thumbnailUrl":"https:\/\/www.meydan.tv\/wp-content\/uploads\/45809.width-1024.jpg","articleSection":["Siyas\u0259t"],"inLanguage":"az"},{"@type":"WebPage","@id":"https:\/\/www.meydan.tv\/az\/article\/serhedsiz-reportyorlar-ermenistan-euronews-telekanalinin-cekilis-qrupunun-atese-tutulmasini-arasdirmalidir\/","url":"https:\/\/www.meydan.tv\/az\/article\/serhedsiz-reportyorlar-ermenistan-euronews-telekanalinin-cekilis-qrupunun-atese-tutulmasini-arasdirmalidir\/","name":"\u201cS\u0259rh\u0259dsiz Reportyorlar\u201d: Erm\u0259nistan \u201cEuronews\u201d telekanal\u0131n\u0131n \u00e7\u0259kili\u015f qrupunun at\u0259\u015f\u0259 tutulmas\u0131n\u0131 ara\u015fd\u0131rmal\u0131d\u0131r - MEYDAN.TV","isPartOf":{"@id":"https:\/\/www.meydan.tv\/az\/#website"},"primaryImageOfPage":{"@id":"https:\/\/www.meydan.tv\/az\/article\/serhedsiz-reportyorlar-ermenistan-euronews-telekanalinin-cekilis-qrupunun-atese-tutulmasini-arasdirmalidir\/#primaryimage"},"image":{"@id":"https:\/\/www.meydan.tv\/az\/article\/serhedsiz-reportyorlar-ermenistan-euronews-telekanalinin-cekilis-qrupunun-atese-tutulmasini-arasdirmalidir\/#primaryimage"},"thumbnailUrl":"https:\/\/www.meydan.tv\/wp-content\/uploads\/45809.width-1024.jpg","datePublished":"2020-10-28T10:33:13+00:00","breadcrumb":{"@id":"https:\/\/www.meydan.tv\/az\/article\/serhedsiz-reportyorlar-ermenistan-euronews-telekanalinin-cekilis-qrupunun-atese-tutulmasini-arasdirmalidir\/#breadcrumb"},"inLanguage":"az","potentialAction":[{"@type":"ReadAction","target":["https:\/\/www.meydan.tv\/az\/article\/serhedsiz-reportyorlar-ermenistan-euronews-telekanalinin-cekilis-qrupunun-atese-tutulmasini-arasdirmalidir\/"]}]},{"@type":"ImageObject","inLanguage":"az","@id":"https:\/\/www.meydan.tv\/az\/article\/serhedsiz-reportyorlar-ermenistan-euronews-telekanalinin-cekilis-qrupunun-atese-tutulmasini-arasdirmalidir\/#primaryimage","url":"https:\/\/www.meydan.tv\/wp-content\/uploads\/45809.width-1024.jpg","contentUrl":"https:\/\/www.meydan.tv\/wp-content\/uploads\/45809.width-1024.jpg","width":1023,"height":575,"caption":"Foto: \u201cS\u0259rh\u0259dsiz Reportyorlar\u201d"},{"@type":"BreadcrumbList","@id":"https:\/\/www.meydan.tv\/az\/article\/serhedsiz-reportyorlar-ermenistan-euronews-telekanalinin-cekilis-qrupunun-atese-tutulmasini-arasdirmalidir\/#breadcrumb","itemListElement":[{"@type":"ListItem","position":1,"name":"Ana s\u0259hif\u0259","item":"https:\/\/www.meydan.tv\/az\/"},{"@type":"ListItem","position":2,"name":"Siyas\u0259t","item":"https:\/\/www.meydan.tv\/az\/section\/siyaset\/"},{"@type":"ListItem","position":3,"name":"\u201cS\u0259rh\u0259dsiz Reportyorlar\u201d: Erm\u0259nistan \u201cEuronews\u201d telekanal\u0131n\u0131n \u00e7\u0259kili\u015f qrupunun at\u0259\u015f\u0259 tutulmas\u0131n\u0131 ara\u015fd\u0131rmal\u0131d\u0131r"}]},{"@type":"WebSite","@id":"https:\/\/www.meydan.tv\/az\/#website","url":"https:\/\/www.meydan.tv\/az\/","name":"MEYDAN.TV","description":"Meydan TV Az\u0259rbaycan\u0131n media m\u0259kan\u0131ndak\u0131 alternativ s\u0259sidir","publisher":{"@id":"https:\/\/www.meydan.tv\/az\/#organization"},"potentialAction":[{"@type":"SearchAction","target":{"@type":"EntryPoint","urlTemplate":"https:\/\/www.meydan.tv\/az\/?s={search_term_string}"},"query-input":{"@type":"PropertyValueSpecification","valueRequired":true,"valueName":"search_term_string"}}],"inLanguage":"az"},{"@type":"Organization","@id":"https:\/\/www.meydan.tv\/az\/#organization","name":"Meydan TV","url":"https:\/\/www.meydan.tv\/az\/","logo":{"@type":"ImageObject","inLanguage":"az","@id":"https:\/\/www.meydan.tv\/az\/#\/schema\/logo\/image\/","url":"https:\/\/www.meydan.tv\/wp-content\/uploads\/2021\/07\/meydan-logo.svg","contentUrl":"https:\/\/www.meydan.tv\/wp-content\/uploads\/2021\/07\/meydan-logo.svg","width":195,"height":46,"caption":"Meydan TV"},"image":{"@id":"https:\/\/www.meydan.tv\/az\/#\/schema\/logo\/image\/"}},{"@type":"Person","@id":"https:\/\/www.meydan.tv\/az\/#\/schema\/person\/10d11eccf6da3662cf5fdab9806ea91a","name":"user-manager"}]}},"_links":{"self":[{"href":"https:\/\/www.meydan.tv\/az\/wp-json\/wp\/v2\/posts\/203266","targetHints":{"allow":["GET"]}}],"collection":[{"href":"https:\/\/www.meydan.tv\/az\/wp-json\/wp\/v2\/posts"}],"about":[{"href":"https:\/\/www.meydan.tv\/az\/wp-json\/wp\/v2\/types\/post"}],"author":[{"embeddable":true,"href":"https:\/\/www.meydan.tv\/az\/wp-json\/wp\/v2\/users\/11"}],"replies":[{"embeddable":true,"href":"https:\/\/www.meydan.tv\/az\/wp-json\/wp\/v2\/comments?post=203266"}],"version-history":[{"count":0,"href":"https:\/\/www.meydan.tv\/az\/wp-json\/wp\/v2\/posts\/203266\/revisions"}],"wp:featuredmedia":[{"embeddable":true,"href":"https:\/\/www.meydan.tv\/az\/wp-json\/wp\/v2\/media\/142109"}],"wp:attachment":[{"href":"https:\/\/www.meydan.tv\/az\/wp-json\/wp\/v2\/media?parent=203266"}],"wp:term":[{"taxonomy":"category","embeddable":true,"href":"https:\/\/www.meydan.tv\/az\/wp-json\/wp\/v2\/categories?post=203266"},{"taxonomy":"post_tag","embeddable":true,"href":"https:\/\/www.meydan.tv\/az\/wp-json\/wp\/v2\/tags?post=203266"}],"curies":[{"name":"wp","href":"https:\/\/api.w.org\/{rel}","templated":true}]}}