{"id":203263,"date":"2020-10-28T09:52:13","date_gmt":"2020-10-28T09:52:13","guid":{"rendered":"https:\/\/www.meydan.tv\/article\/pasa-holdinqin-adindan-istifade-edib-torpaqlarimizi-elimizden-alirlar\/"},"modified":"2020-10-28T09:52:13","modified_gmt":"2020-10-28T09:52:13","slug":"pasa-holdinqin-adindan-istifade-edib-torpaqlarimizi-elimizden-alirlar","status":"publish","type":"post","link":"https:\/\/www.meydan.tv\/az\/article\/pasa-holdinqin-adindan-istifade-edib-torpaqlarimizi-elimizden-alirlar\/","title":{"rendered":"\u201cPa\u015fa Holdinq\u201din ad\u0131ndan istifad\u0259 edib torpaqlar\u0131m\u0131z\u0131 \u0259limizd\u0259n al\u0131rlar\u201d"},"content":{"rendered":"<p>\n  <i><br \/>\n    O\u011fuzun Xa\u00e7mazq\u0131\u015flaq k\u0259nd sakini iddia edir ki, k\u0259ndlil\u0259r bu yolla \u00f6z torpaqlar\u0131ndan m\u0259hrum olurlar<br \/>\n  <\/i>\n<\/p>\n<p>\n  \u201cBir qrup \u015f\u0259xs \u00f6z\u00fcn\u00fc \u201cPa\u015fa Holdinq\u201din n\u00fcmay\u0259nd\u0259si kimi t\u0259qdim ed\u0259r\u0259k k\u0259ndlil\u0259rin \u0259kin yerl\u0259rini \u0259l\u0259 ke\u00e7irir. Torpa\u011f\u0131n\u0131 verm\u0259k ist\u0259m\u0259y\u0259ni h\u0259d\u0259l\u0259yirl\u0259r, m\u00fcxt\u0259lif yollarla t\u0259zyiq g\u00f6st\u0259rirl\u0259r\u201d.\n<\/p>\n<p>\n  O\u011fuz rayonunun Xa\u00e7mazq\u0131\u015flaq k\u0259nd sakini \u018fmrah H\u0259midli deyir, atas\u0131 \u0130mran H\u0259midli 3-c\u00fc qrup Qaraba\u011f \u0259lilidir. \u0130ll\u0259rdir ki, k\u0259ndd\u0259ki 4,5 hektar tax\u0131l sah\u0259sini \u0259kib, m\u0259hsul g\u00f6t\u00fcr\u00fcb dolan\u0131rlarm\u0131\u015f. 2019-cu ilin iyulundan is\u0259 torpa\u011fa yax\u0131n d\u00fc\u015f\u0259 bilmirl\u0259r.\n<\/p>\n<p>\n  <b><br \/>\n    \u201cHektarlarla \u0259kin sah\u0259l\u0259ri \u0259ld\u0259n \u00e7\u0131x\u0131b\u201d<br \/>\n  <\/b>\n<\/p>\n<p>\n  \u201cAtam 8 ildir ki, yataq x\u0259st\u0259sidir. Torpa\u011f\u0131m\u0131z\u0131 \u0259kib h\u0259m dolan\u0131rd\u0131q, h\u0259m d\u0259 atam\u0131n m\u00fcalic\u0259siyl\u0259 m\u0259\u015f\u011ful olurduq. 1 ild\u0259n \u00e7oxdur ki, bizi torpa\u011f\u0131m\u0131za yax\u0131n buraxm\u0131rlar. Biz d\u0259 m\u0259cburiyy\u0259t qar\u015f\u0131s\u0131nda Bak\u0131ya gedir, da\u015f karxanalar\u0131nda g\u00fcn\u0259muzd i\u015fl\u0259yib, qazand\u0131\u011f\u0131m\u0131z q\u0259pik-quru\u015fu atam\u0131n m\u00fcalic\u0259sin\u0259, iyn\u0259-d\u0259rman\u0131na x\u0259rcl\u0259yirik. S\u0259n\u0259dli torpa\u011f\u0131m\u0131z\u0131 is\u0259 ikinci ildir ki, ba\u015fqalar\u0131 \u0259kib, m\u0259hsul g\u00f6t\u00fcr\u00fcr. Bizi qorxudurlar ki, torpa\u011f\u0131 \u201cPa\u015fa Holdinq\u201d g\u00f6t\u00fcr\u00fcb, s\u0259sinizi \u00e7\u0131xarsan\u0131z, ba\u015f\u0131n\u0131z a\u011fr\u0131yar. K\u0259ndd\u0259 ya\u015fayanlar\u0131 bu yolla qorxudub, q\u0259pik-quru\u015f verib, hektarlarla \u0259kin sah\u0259l\u0259rini \u0259ll\u0259rind\u0259n ald\u0131lar. \u00d6zl\u0259rini d\u0259 da\u011fa-da\u015fa sald\u0131lar. Guya torpa\u011f\u0131n \u0259v\u0259zi olaraq k\u0259ndd\u0259n uzaqda, \u0259kin\u0259 yarars\u0131z torpaqlar verdil\u0259r. Kim s\u0259sini \u00e7\u0131xar\u0131rsa, deyirl\u0259r, Mehriban \u018fliyevan\u0131n g\u00f6st\u0259ri\u015fidir, sizin torpaqlarda Mehriban \u018fliyeva t\u0259s\u0259rr\u00fcfat yarad\u0131r\u201d, &#8211; \u015fikay\u0259t\u00e7i deyir.\n<\/p>\n<figure class=\"wp-block-image size-large\">\n  <img decoding=\"async\" src=\"https:\/\/www.meydan.tv\/az\/untitled-design-png-25\/\" alt=\"Untitled design.png\" class=\"wp-image-150524\"\/><figcaption>\n    &#8220;Torpa\u011f\u0131m\u0131z\u0131 \u0259kib h\u0259m dolan\u0131rd\u0131q, h\u0259m d\u0259 atam\u0131n m\u00fcalic\u0259siyl\u0259 m\u0259\u015f\u011ful olurduq&#8221;<br \/>\n  <\/figcaption><\/figure>\n<p>\n  <b><br \/>\n    \u201cBir k\u0259ndlid\u0259n vasit\u0259\u00e7i kimi istifad\u0259 edirl\u0259r\u201d<br \/>\n  <\/b>\n<\/p>\n<p>\n  \u018fmrah H\u0259midlinin s\u00f6zl\u0259rin\u0259 g\u00f6r\u0259, tan\u0131mad\u0131qlar\u0131 \u015f\u0259xsl\u0259r bu i\u015fd\u0259 vasit\u0259\u00e7i kimi el\u0259 bir k\u0259nd sakinind\u0259n istifad\u0259 edirl\u0259r:\n<\/p>\n<p>\n  \u201cSiz\u0259 telefon dan\u0131\u015f\u0131\u011f\u0131 g\u00f6nd\u0259rmi\u015f\u0259m, bax, bu i\u015fl\u0259r\u0259 vasit\u0259\u00e7iliyi h\u0259min adam edir. O adam da bizim kimi kas\u0131b bir k\u0259ndli idi, dolan\u0131\u015f\u0131\u011f\u0131 \u0259kind\u0259n, heyvandarl\u0131qdan \u00e7\u0131x\u0131rd\u0131. Ancaq bu i\u015f\u0259 qol qoyandan sonra varland\u0131. \u0130ndi \u00f6z\u00fc d\u0259, o\u011flanlar\u0131 da \u0259n bahal\u0131 ma\u015f\u0131nlar s\u00fcr\u00fcr, hektarlarla sah\u0259l\u0259ri, bahal\u0131 obyektl\u0259ri, m\u00fclkl\u0259ri var. Adama sual ver\u0259rl\u0259r ki, bu kas\u0131b k\u0259ndli \u00e7ox q\u0131sa m\u00fcdd\u0259td\u0259, q\u0259fil nec\u0259 varland\u0131? Bu adam\u0131 at\u0131blar ortal\u0131\u011fa, k\u0259ndlil\u0259rin torpaqlar\u0131n\u0131 al\u0131b verir tan\u0131mad\u0131\u011f\u0131m\u0131z adamlara&#8230;\u201d\n<\/p>\n<p>\n  <b><br \/>\n    \u201cZ\u0259ng vurub x\u0259st\u0259 atam\u0131 narahat edirl\u0259r\u201d<br \/>\n  <\/b>\n<\/p>\n<p>\n  \u0130mran H\u0259midlinin o\u011flu \u018fmrah H\u0259midli deyir, h\u0259min k\u0259nd sakini (Meydan TV h\u0259min \u015f\u0259xsd\u0259n m\u0259s\u0259l\u0259y\u0259 m\u00fcnasib\u0259t \u00f6yr\u0259n\u0259 bilm\u0259diyin\u0259 g\u00f6r\u0259 h\u0259l\u0259lik ad-soyad\u0131n\u0131 a\u00e7\u0131qlam\u0131r \u2013 red.) ona da bir ne\u00e7\u0259 d\u0259f\u0259 z\u0259ng vurub v\u0259 torpa\u011f\u0131n s\u0259n\u0259dl\u0259rini t\u0259l\u0259b edib:\n<\/p>\n<figure class=\"wp-block-image size-large\">\n  <img decoding=\"async\" src=\"https:\/\/www.meydan.tv\/az\/photo-2020-10-28-12-11-41-jpg-2\/\" alt=\"photo-2020-10-28-12-11-41.jpg\" class=\"wp-image-150509\"\/><figcaption>\n    Torpaq sah\u0259sinin qaim\u0259si<br \/>\n  <\/figcaption><\/figure>\n<p>\n  \u201cDeyir, onsuz da torpa\u011fa yax\u0131n ged\u0259 bilm\u0259y\u0259c\u0259ksiz. O torpaq art\u0131q sizin deyil, g\u0259tirin ab\u0131r-h\u0259yan\u0131zla s\u0259n\u0259di t\u0259hvil verin, siz\u0259 ba\u015fqa yerd\u0259n torpaq verilsin, gedin \u0259kin. Atam x\u0259st\u0259 adamd\u0131r, ona \u0259s\u0259b, g\u0259rginlik, h\u0259y\u0259can ke\u00e7irm\u0259k olmaz, o is\u0259 tez-tez z\u0259ng vurub torpa\u011f\u0131n s\u0259n\u0259dl\u0259rini t\u0259l\u0259b edir. Bu yax\u0131nlarda atam\u0131n v\u0259ziyy\u0259ti yen\u0259 a\u011f\u0131rla\u015fm\u0131\u015fd\u0131. M\u0259lum oldu ki, o adam yen\u0259 z\u0259ng vurub. Bu d\u0259f\u0259 \u00f6z\u00fcm ona z\u0259ng vurdum, soru\u015fdum ki, atam s\u0259n\u0259dl\u0259ri niy\u0259 s\u0259n\u0259 verm\u0259lidir? Dedim, he\u00e7 k\u0259s\u0259 s\u0259n\u0259d ver\u0259si deyilik, torpa\u011f\u0131m\u0131zdan da \u00f6z\u00fcm\u00fcz istifad\u0259 ed\u0259c\u0259yik, dedi, bacar\u0131rsansa, get, istifad\u0259 el\u0259&#8230; M\u0259n siz\u0259 h\u0259min adamla telefon dan\u0131\u015f\u0131\u011f\u0131m\u0131z\u0131 da g\u00f6nd\u0259rmi\u015f\u0259m\u201d.\n<\/p>\n<p>\n  <b><br \/>\n    \u201cPolis d\u0259 bizi aldatd\u0131\u201d<br \/>\n  <\/b>\n<\/p>\n<p>\n  \u018fmrah H\u0259midlinin s\u00f6zl\u0259rin\u0259 g\u00f6r\u0259, h\u0259l\u0259 \u00f6t\u0259n ilin iyulunda torpaqdan istifad\u0259l\u0259rin\u0259 s\u00fcni \u0259ng\u0259ll\u0259r yarad\u0131lma\u011fa ba\u015flananda O\u011fuz Rayon Polis \u015e\u00f6b\u0259sin\u0259 m\u00fcraci\u0259t edib. \u015e\u00f6b\u0259d\u0259n ail\u0259y\u0259 \u00fcnvanlanan cavab m\u0259ktubunda g\u00f6st\u0259rilib ki, \u0259razid\u0259 apar\u0131lan qaz\u0131nt\u0131 i\u015fl\u0259ri yuxar\u0131dak\u0131 \u0259kin sah\u0259l\u0259rini suvarmaq \u00fc\u00e7\u00fcn su x\u0259tl\u0259rini yerl\u0259\u015fdirm\u0259k m\u0259qs\u0259dil\u0259dir. H\u0259midli ail\u0259si d\u0259 polisin bu cavab\u0131na arxay\u0131n olub:\n<\/p>\n<p>\n  \u201cSonra m\u0259lum oldu ki, polis d\u0259 bizi aldad\u0131b. Art\u0131q ikinci ildir ki, ba\u015fqalar\u0131 t\u0259r\u0259find\u0259n torpa\u011f\u0131m\u0131zdan m\u0259hsul g\u00f6t\u00fcr\u00fcl\u00fcr, \u00f6z\u00fcm\u00fcz is\u0259 ac\u0131ndan \u00f6l\u00fcr\u00fck. M\u0259n niy\u0259 m\u0259hsul ver\u0259n torpa\u011f\u0131m\u0131 bunlara q\u0259pik-quru\u015fa sat\u0131b, t\u0259klif etdikl\u0259ri \u0259kin\u0259 yarars\u0131z v\u0259 uzaq m\u0259saf\u0259d\u0259 yerl\u0259\u015f\u0259n, s\u0259n\u0259dsiz torpaqla raz\u0131la\u015fmal\u0131yam? Deyirl\u0259r ki, torpaqlar\u0131 \u201cPa\u015fa Holdinq\u201d \u00f6z t\u0259s\u0259rr\u00fcfat\u0131n\u0131 geni\u015fl\u0259ndirm\u0259k m\u0259qs\u0259dil\u0259 g\u00f6t\u00fcr\u00fcr. Guya i\u015fin arxas\u0131nda da vitse-prezident Mehriban \u018fliyeva dayan\u0131r. M\u0259n Heyd\u0259r \u018fliyev Fonduna da yazd\u0131m, ancaq h\u0259min vaxt polis bizi arxay\u0131n etmi\u015fdi ki, torpa\u011f\u0131n k\u0259nar\u0131ndan su x\u0259tti \u00e7\u0259kilir. Heyd\u0259r \u018fliyev Fondundan biz\u0259 z\u0259ng vurub probleml\u0259 maraqlananda bildirdik ki, anla\u015f\u0131lmazl\u0131q olubmu\u015f, su x\u0259tti \u00e7\u0259kilirmi\u015f. Hardan bil\u0259ydik ki, bizi aldad\u0131rlar\u201d.\n<\/p>\n<figure class=\"wp-block-image size-large\">\n  <img decoding=\"async\" src=\"https:\/\/www.meydan.tv\/az\/photo-2020-10-28-12-11-44-1-jpg\/\" alt=\"photo-2020-10-28-12-11-44 (1).jpg\" class=\"wp-image-150497\"\/><figcaption>\n    O\u011fuz Rayon Polis \u015e\u00f6b\u0259sinin r\u0259isinin m\u0259ktubu<br \/>\n  <\/figcaption><\/figure>\n<p>\n  <b><br \/>\n    \u201cH\u0259r il az\u0131 10 min manat itiririk\u201d<br \/>\n  <\/b>\n<\/p>\n<p>\n  H\u0259midli ail\u0259si torpaqlar\u0131 d\u0259y\u0259r-d\u0259ym\u0259zin\u0259 k\u0259ndlil\u0259rin \u0259lind\u0259n alan q\u00fcvv\u0259ni \u00fcz\u0259 \u00e7\u0131xarmaqda \u00e7\u0259tinlik \u00e7\u0259kir:\n<\/p>\n<p>\n  \u201cOrtada vasit\u0259\u00e7ilik ed\u0259nl\u0259r\u0259 deyirik ki, bu i\u015fin arxas\u0131ndak\u0131 kimdirs\u0259, \u00f6z\u00fc g\u0259lsin, biz torpa\u011fa \u00f6z qiym\u0259timizi dey\u0259k. Cavab\u0131nda deyirl\u0259r ki, Mehriban \u018fliyeva durub g\u0259lib sizinl\u0259 s\u00f6hb\u0259t ed\u0259si deyil ki&#8230; \u0130ndiy\u0259d\u0259k k\u0259ndd\u0259 torpaqlar\u0131 \u0259limizd\u0259n alanlar birc\u0259 d\u0259f\u0259 d\u0259 biz\u0259 \u201cPa\u015fa Holdinq\u201d MMC-nin s\u0259n\u0259dini g\u00f6st\u0259rm\u0259yibl\u0259r. B\u0259lk\u0259 d\u0259 o \u015firk\u0259tin ad\u0131ndan istifad\u0259 olunur, yen\u0259 d\u0259 bilmirik. Onu bilirik ki, icra hakimiyy\u0259ti d\u0259 bu i\u015fi g\u00f6r\u0259nl\u0259rin arxas\u0131ndad\u0131r. D\u0259f\u0259l\u0259rl\u0259 sah\u0259y\u0259 g\u0259lib deyibl\u0259r ki, \u201cPa\u015fa Holdinq\u201d torpaqlar\u0131 al\u0131r, n\u0259 verirl\u0259r, g\u00f6t\u00fcr\u00fcn, \u00e7\u0131x\u0131n\u201d.\n<\/p>\n<p>\n  \u018fmrah H\u0259midlinin s\u00f6zl\u0259rin\u0259 g\u00f6r\u0259, h\u0259r il az\u0131 10 min manatl\u0131q tax\u0131l g\u00f6t\u00fcrd\u00fckl\u0259ri 4,5 hektar sah\u0259y\u0259 14 min manat t\u0259klif edilir. O is\u0259 sah\u0259nin d\u0259y\u0259rinin 45 min manat oldu\u011funu deyir:\n<\/p>\n<p>\n  \u201c\u00d6t\u0259n il 10 min, bu il d\u0259 10 min manat dolan\u0131\u015f\u0131\u011f\u0131m\u0131zdan m\u0259hrum edibl\u0259r bizi&#8230; Torpa\u011f\u0131m\u0131za da qarovul\u00e7ular qoyublar, yax\u0131n ged\u0259n kimi bizi d\u00f6y\u00fcrl\u0259r. Bir s\u00f6zl\u0259, \u00f6z torpa\u011f\u0131m\u0131z\u0131 \u00f6z\u00fcm\u00fczd\u0259n qoruyurlar\u201d.\n<\/p>\n<p>\n  O\u011fuz Rayon \u0130cra Hakimiyy\u0259tind\u0259n Meydan TV-y\u0259 bildirilib ki, qurumun torpaq alq\u0131-satq\u0131s\u0131na qar\u0131\u015faca\u011f\u0131 yoxdur, Xa\u00e7mazq\u0131\u015flaq k\u0259ndind\u0259 torpaqlar\u0131n kimin t\u0259r\u0259find\u0259n al\u0131nmas\u0131 il\u0259 ba\u011fl\u0131 m\u0259lumata da malik deyill\u0259r. V\u0259t\u0259nda\u015f m\u00fclkiyy\u0259tind\u0259 olan torpaq sah\u0259sind\u0259n m\u0259hrumdursa, m\u0259hk\u0259m\u0259y\u0259 m\u00fcraci\u0259t ed\u0259 bil\u0259r.\n<\/p>\n<figure class=\"wp-block-image size-large\">\n  <img decoding=\"async\" src=\"https:\/\/www.meydan.tv\/az\/photo-2020-10-28-12-11-42-jpg\/\" alt=\"photo-2020-10-28-12-11-42.jpg\" class=\"wp-image-150515\"\/><figcaption>\n    Torpaq sah\u0259sinin plan\u0131<br \/>\n  <\/figcaption><\/figure>\n<figure class=\"wp-block-image size-large\">\n  <img decoding=\"async\" src=\"https:\/\/www.meydan.tv\/az\/photo-2020-10-28-12-11-43-jpg\/\" alt=\"photo-2020-10-28-12-11-43.jpg\" class=\"wp-image-150518\"\/><figcaption>\n    Torpaq sah\u0259sinin plan\u0131<br \/>\n  <\/figcaption><\/figure>\n","protected":false},"excerpt":{"rendered":"<p>H\u0259midli ail\u0259si torpaqlar\u0131 d\u0259y\u0259r-d\u0259ym\u0259zin\u0259 k\u0259ndlil\u0259rin \u0259lind\u0259n alan q\u00fcvv\u0259ni \u00fcz\u0259 \u00e7\u0131xarmaqda \u00e7\u0259tinlik \u00e7\u0259kir<\/p>\n","protected":false},"author":11,"featured_media":150536,"comment_status":"closed","ping_status":"open","sticky":false,"template":"","format":"standard","meta":{"_acf_changed":false,"_sitemap_exclude":false,"_sitemap_priority":"","_sitemap_frequency":"","footnotes":""},"categories":[60],"tags":[],"class_list":["post-203263","post","type-post","status-publish","format-standard","has-post-thumbnail","hentry","category-bolge","infinite-scroll-item","generate-columns","tablet-grid-50","mobile-grid-100","grid-parent","grid-33","no-featured-image-padding"],"acf":[],"yoast_head":"<!-- This site is optimized with the Yoast SEO plugin v27.5 - https:\/\/yoast.com\/product\/yoast-seo-wordpress\/ -->\n<title>\u201cPa\u015fa Holdinq\u201din ad\u0131ndan istifad\u0259 edib torpaqlar\u0131m\u0131z\u0131 \u0259limizd\u0259n al\u0131rlar\u201d - MEYDAN.TV<\/title>\n<meta name=\"robots\" content=\"index, follow, max-snippet:-1, max-image-preview:large, max-video-preview:-1\" \/>\n<link rel=\"canonical\" href=\"https:\/\/www.meydan.tv\/az\/article\/pasa-holdinqin-adindan-istifade-edib-torpaqlarimizi-elimizden-alirlar\/\" \/>\n<meta property=\"og:locale\" content=\"az_AZ\" \/>\n<meta property=\"og:type\" content=\"article\" \/>\n<meta property=\"og:title\" content=\"\u201cPa\u015fa Holdinq\u201din ad\u0131ndan istifad\u0259 edib torpaqlar\u0131m\u0131z\u0131 \u0259limizd\u0259n al\u0131rlar\u201d - MEYDAN.TV\" \/>\n<meta property=\"og:description\" content=\"H\u0259midli ail\u0259si torpaqlar\u0131 d\u0259y\u0259r-d\u0259ym\u0259zin\u0259 k\u0259ndlil\u0259rin \u0259lind\u0259n alan q\u00fcvv\u0259ni \u00fcz\u0259 \u00e7\u0131xarmaqda \u00e7\u0259tinlik \u00e7\u0259kir\" \/>\n<meta property=\"og:url\" content=\"https:\/\/www.meydan.tv\/az\/article\/pasa-holdinqin-adindan-istifade-edib-torpaqlarimizi-elimizden-alirlar\/\" \/>\n<meta property=\"og:site_name\" content=\"MEYDAN.TV\" \/>\n<meta property=\"article:published_time\" content=\"2020-10-28T09:52:13+00:00\" \/>\n<meta property=\"og:image\" content=\"https:\/\/www.meydan.tv\/wp-content\/uploads\/untitled_design_2_onea0ui.png\" \/>\n\t<meta property=\"og:image:width\" content=\"1920\" \/>\n\t<meta property=\"og:image:height\" content=\"1080\" \/>\n\t<meta property=\"og:image:type\" content=\"image\/png\" \/>\n<meta name=\"author\" content=\"user-manager\" \/>\n<meta name=\"twitter:card\" content=\"summary_large_image\" \/>\n<script type=\"application\/ld+json\" class=\"yoast-schema-graph\">{\"@context\":\"https:\\\/\\\/schema.org\",\"@graph\":[{\"@type\":\"Article\",\"@id\":\"https:\\\/\\\/www.meydan.tv\\\/az\\\/article\\\/pasa-holdinqin-adindan-istifade-edib-torpaqlarimizi-elimizden-alirlar\\\/#article\",\"isPartOf\":{\"@id\":\"https:\\\/\\\/www.meydan.tv\\\/az\\\/article\\\/pasa-holdinqin-adindan-istifade-edib-torpaqlarimizi-elimizden-alirlar\\\/\"},\"author\":{\"name\":\"user-manager\",\"@id\":\"https:\\\/\\\/www.meydan.tv\\\/az\\\/#\\\/schema\\\/person\\\/10d11eccf6da3662cf5fdab9806ea91a\"},\"headline\":\"\u201cPa\u015fa Holdinq\u201din ad\u0131ndan istifad\u0259 edib torpaqlar\u0131m\u0131z\u0131 \u0259limizd\u0259n al\u0131rlar\u201d\",\"datePublished\":\"2020-10-28T09:52:13+00:00\",\"mainEntityOfPage\":{\"@id\":\"https:\\\/\\\/www.meydan.tv\\\/az\\\/article\\\/pasa-holdinqin-adindan-istifade-edib-torpaqlarimizi-elimizden-alirlar\\\/\"},\"wordCount\":1328,\"publisher\":{\"@id\":\"https:\\\/\\\/www.meydan.tv\\\/az\\\/#organization\"},\"image\":{\"@id\":\"https:\\\/\\\/www.meydan.tv\\\/az\\\/article\\\/pasa-holdinqin-adindan-istifade-edib-torpaqlarimizi-elimizden-alirlar\\\/#primaryimage\"},\"thumbnailUrl\":\"https:\\\/\\\/www.meydan.tv\\\/wp-content\\\/uploads\\\/untitled_design_2_onea0ui.png\",\"articleSection\":[\"B\u00f6lg\u0259\"],\"inLanguage\":\"az\"},{\"@type\":\"WebPage\",\"@id\":\"https:\\\/\\\/www.meydan.tv\\\/az\\\/article\\\/pasa-holdinqin-adindan-istifade-edib-torpaqlarimizi-elimizden-alirlar\\\/\",\"url\":\"https:\\\/\\\/www.meydan.tv\\\/az\\\/article\\\/pasa-holdinqin-adindan-istifade-edib-torpaqlarimizi-elimizden-alirlar\\\/\",\"name\":\"\u201cPa\u015fa Holdinq\u201din ad\u0131ndan istifad\u0259 edib torpaqlar\u0131m\u0131z\u0131 \u0259limizd\u0259n al\u0131rlar\u201d - MEYDAN.TV\",\"isPartOf\":{\"@id\":\"https:\\\/\\\/www.meydan.tv\\\/az\\\/#website\"},\"primaryImageOfPage\":{\"@id\":\"https:\\\/\\\/www.meydan.tv\\\/az\\\/article\\\/pasa-holdinqin-adindan-istifade-edib-torpaqlarimizi-elimizden-alirlar\\\/#primaryimage\"},\"image\":{\"@id\":\"https:\\\/\\\/www.meydan.tv\\\/az\\\/article\\\/pasa-holdinqin-adindan-istifade-edib-torpaqlarimizi-elimizden-alirlar\\\/#primaryimage\"},\"thumbnailUrl\":\"https:\\\/\\\/www.meydan.tv\\\/wp-content\\\/uploads\\\/untitled_design_2_onea0ui.png\",\"datePublished\":\"2020-10-28T09:52:13+00:00\",\"breadcrumb\":{\"@id\":\"https:\\\/\\\/www.meydan.tv\\\/az\\\/article\\\/pasa-holdinqin-adindan-istifade-edib-torpaqlarimizi-elimizden-alirlar\\\/#breadcrumb\"},\"inLanguage\":\"az\",\"potentialAction\":[{\"@type\":\"ReadAction\",\"target\":[\"https:\\\/\\\/www.meydan.tv\\\/az\\\/article\\\/pasa-holdinqin-adindan-istifade-edib-torpaqlarimizi-elimizden-alirlar\\\/\"]}]},{\"@type\":\"ImageObject\",\"inLanguage\":\"az\",\"@id\":\"https:\\\/\\\/www.meydan.tv\\\/az\\\/article\\\/pasa-holdinqin-adindan-istifade-edib-torpaqlarimizi-elimizden-alirlar\\\/#primaryimage\",\"url\":\"https:\\\/\\\/www.meydan.tv\\\/wp-content\\\/uploads\\\/untitled_design_2_onea0ui.png\",\"contentUrl\":\"https:\\\/\\\/www.meydan.tv\\\/wp-content\\\/uploads\\\/untitled_design_2_onea0ui.png\",\"width\":1920,\"height\":1080,\"caption\":\"Foto Meydan TV\"},{\"@type\":\"BreadcrumbList\",\"@id\":\"https:\\\/\\\/www.meydan.tv\\\/az\\\/article\\\/pasa-holdinqin-adindan-istifade-edib-torpaqlarimizi-elimizden-alirlar\\\/#breadcrumb\",\"itemListElement\":[{\"@type\":\"ListItem\",\"position\":1,\"name\":\"Ana s\u0259hif\u0259\",\"item\":\"https:\\\/\\\/www.meydan.tv\\\/az\\\/\"},{\"@type\":\"ListItem\",\"position\":2,\"name\":\"B\u00f6lg\u0259\",\"item\":\"https:\\\/\\\/www.meydan.tv\\\/az\\\/section\\\/bolge\\\/\"},{\"@type\":\"ListItem\",\"position\":3,\"name\":\"\u201cPa\u015fa Holdinq\u201din ad\u0131ndan istifad\u0259 edib torpaqlar\u0131m\u0131z\u0131 \u0259limizd\u0259n al\u0131rlar\u201d\"}]},{\"@type\":\"WebSite\",\"@id\":\"https:\\\/\\\/www.meydan.tv\\\/az\\\/#website\",\"url\":\"https:\\\/\\\/www.meydan.tv\\\/az\\\/\",\"name\":\"MEYDAN.TV\",\"description\":\"Meydan TV Az\u0259rbaycan\u0131n media m\u0259kan\u0131ndak\u0131 alternativ s\u0259sidir\",\"publisher\":{\"@id\":\"https:\\\/\\\/www.meydan.tv\\\/az\\\/#organization\"},\"potentialAction\":[{\"@type\":\"SearchAction\",\"target\":{\"@type\":\"EntryPoint\",\"urlTemplate\":\"https:\\\/\\\/www.meydan.tv\\\/az\\\/?s={search_term_string}\"},\"query-input\":{\"@type\":\"PropertyValueSpecification\",\"valueRequired\":true,\"valueName\":\"search_term_string\"}}],\"inLanguage\":\"az\"},{\"@type\":\"Organization\",\"@id\":\"https:\\\/\\\/www.meydan.tv\\\/az\\\/#organization\",\"name\":\"Meydan TV\",\"url\":\"https:\\\/\\\/www.meydan.tv\\\/az\\\/\",\"logo\":{\"@type\":\"ImageObject\",\"inLanguage\":\"az\",\"@id\":\"https:\\\/\\\/www.meydan.tv\\\/az\\\/#\\\/schema\\\/logo\\\/image\\\/\",\"url\":\"https:\\\/\\\/www.meydan.tv\\\/wp-content\\\/uploads\\\/2021\\\/07\\\/meydan-logo.svg\",\"contentUrl\":\"https:\\\/\\\/www.meydan.tv\\\/wp-content\\\/uploads\\\/2021\\\/07\\\/meydan-logo.svg\",\"width\":195,\"height\":46,\"caption\":\"Meydan TV\"},\"image\":{\"@id\":\"https:\\\/\\\/www.meydan.tv\\\/az\\\/#\\\/schema\\\/logo\\\/image\\\/\"}},{\"@type\":\"Person\",\"@id\":\"https:\\\/\\\/www.meydan.tv\\\/az\\\/#\\\/schema\\\/person\\\/10d11eccf6da3662cf5fdab9806ea91a\",\"name\":\"user-manager\"}]}<\/script>\n<!-- \/ Yoast SEO plugin. -->","yoast_head_json":{"title":"\u201cPa\u015fa Holdinq\u201din ad\u0131ndan istifad\u0259 edib torpaqlar\u0131m\u0131z\u0131 \u0259limizd\u0259n al\u0131rlar\u201d - MEYDAN.TV","robots":{"index":"index","follow":"follow","max-snippet":"max-snippet:-1","max-image-preview":"max-image-preview:large","max-video-preview":"max-video-preview:-1"},"canonical":"https:\/\/www.meydan.tv\/az\/article\/pasa-holdinqin-adindan-istifade-edib-torpaqlarimizi-elimizden-alirlar\/","og_locale":"az_AZ","og_type":"article","og_title":"\u201cPa\u015fa Holdinq\u201din ad\u0131ndan istifad\u0259 edib torpaqlar\u0131m\u0131z\u0131 \u0259limizd\u0259n al\u0131rlar\u201d - MEYDAN.TV","og_description":"H\u0259midli ail\u0259si torpaqlar\u0131 d\u0259y\u0259r-d\u0259ym\u0259zin\u0259 k\u0259ndlil\u0259rin \u0259lind\u0259n alan q\u00fcvv\u0259ni \u00fcz\u0259 \u00e7\u0131xarmaqda \u00e7\u0259tinlik \u00e7\u0259kir","og_url":"https:\/\/www.meydan.tv\/az\/article\/pasa-holdinqin-adindan-istifade-edib-torpaqlarimizi-elimizden-alirlar\/","og_site_name":"MEYDAN.TV","article_published_time":"2020-10-28T09:52:13+00:00","og_image":[{"width":1920,"height":1080,"url":"https:\/\/www.meydan.tv\/wp-content\/uploads\/untitled_design_2_onea0ui.png","type":"image\/png"}],"author":"user-manager","twitter_card":"summary_large_image","schema":{"@context":"https:\/\/schema.org","@graph":[{"@type":"Article","@id":"https:\/\/www.meydan.tv\/az\/article\/pasa-holdinqin-adindan-istifade-edib-torpaqlarimizi-elimizden-alirlar\/#article","isPartOf":{"@id":"https:\/\/www.meydan.tv\/az\/article\/pasa-holdinqin-adindan-istifade-edib-torpaqlarimizi-elimizden-alirlar\/"},"author":{"name":"user-manager","@id":"https:\/\/www.meydan.tv\/az\/#\/schema\/person\/10d11eccf6da3662cf5fdab9806ea91a"},"headline":"\u201cPa\u015fa Holdinq\u201din ad\u0131ndan istifad\u0259 edib torpaqlar\u0131m\u0131z\u0131 \u0259limizd\u0259n al\u0131rlar\u201d","datePublished":"2020-10-28T09:52:13+00:00","mainEntityOfPage":{"@id":"https:\/\/www.meydan.tv\/az\/article\/pasa-holdinqin-adindan-istifade-edib-torpaqlarimizi-elimizden-alirlar\/"},"wordCount":1328,"publisher":{"@id":"https:\/\/www.meydan.tv\/az\/#organization"},"image":{"@id":"https:\/\/www.meydan.tv\/az\/article\/pasa-holdinqin-adindan-istifade-edib-torpaqlarimizi-elimizden-alirlar\/#primaryimage"},"thumbnailUrl":"https:\/\/www.meydan.tv\/wp-content\/uploads\/untitled_design_2_onea0ui.png","articleSection":["B\u00f6lg\u0259"],"inLanguage":"az"},{"@type":"WebPage","@id":"https:\/\/www.meydan.tv\/az\/article\/pasa-holdinqin-adindan-istifade-edib-torpaqlarimizi-elimizden-alirlar\/","url":"https:\/\/www.meydan.tv\/az\/article\/pasa-holdinqin-adindan-istifade-edib-torpaqlarimizi-elimizden-alirlar\/","name":"\u201cPa\u015fa Holdinq\u201din ad\u0131ndan istifad\u0259 edib torpaqlar\u0131m\u0131z\u0131 \u0259limizd\u0259n al\u0131rlar\u201d - MEYDAN.TV","isPartOf":{"@id":"https:\/\/www.meydan.tv\/az\/#website"},"primaryImageOfPage":{"@id":"https:\/\/www.meydan.tv\/az\/article\/pasa-holdinqin-adindan-istifade-edib-torpaqlarimizi-elimizden-alirlar\/#primaryimage"},"image":{"@id":"https:\/\/www.meydan.tv\/az\/article\/pasa-holdinqin-adindan-istifade-edib-torpaqlarimizi-elimizden-alirlar\/#primaryimage"},"thumbnailUrl":"https:\/\/www.meydan.tv\/wp-content\/uploads\/untitled_design_2_onea0ui.png","datePublished":"2020-10-28T09:52:13+00:00","breadcrumb":{"@id":"https:\/\/www.meydan.tv\/az\/article\/pasa-holdinqin-adindan-istifade-edib-torpaqlarimizi-elimizden-alirlar\/#breadcrumb"},"inLanguage":"az","potentialAction":[{"@type":"ReadAction","target":["https:\/\/www.meydan.tv\/az\/article\/pasa-holdinqin-adindan-istifade-edib-torpaqlarimizi-elimizden-alirlar\/"]}]},{"@type":"ImageObject","inLanguage":"az","@id":"https:\/\/www.meydan.tv\/az\/article\/pasa-holdinqin-adindan-istifade-edib-torpaqlarimizi-elimizden-alirlar\/#primaryimage","url":"https:\/\/www.meydan.tv\/wp-content\/uploads\/untitled_design_2_onea0ui.png","contentUrl":"https:\/\/www.meydan.tv\/wp-content\/uploads\/untitled_design_2_onea0ui.png","width":1920,"height":1080,"caption":"Foto Meydan TV"},{"@type":"BreadcrumbList","@id":"https:\/\/www.meydan.tv\/az\/article\/pasa-holdinqin-adindan-istifade-edib-torpaqlarimizi-elimizden-alirlar\/#breadcrumb","itemListElement":[{"@type":"ListItem","position":1,"name":"Ana s\u0259hif\u0259","item":"https:\/\/www.meydan.tv\/az\/"},{"@type":"ListItem","position":2,"name":"B\u00f6lg\u0259","item":"https:\/\/www.meydan.tv\/az\/section\/bolge\/"},{"@type":"ListItem","position":3,"name":"\u201cPa\u015fa Holdinq\u201din ad\u0131ndan istifad\u0259 edib torpaqlar\u0131m\u0131z\u0131 \u0259limizd\u0259n al\u0131rlar\u201d"}]},{"@type":"WebSite","@id":"https:\/\/www.meydan.tv\/az\/#website","url":"https:\/\/www.meydan.tv\/az\/","name":"MEYDAN.TV","description":"Meydan TV Az\u0259rbaycan\u0131n media m\u0259kan\u0131ndak\u0131 alternativ s\u0259sidir","publisher":{"@id":"https:\/\/www.meydan.tv\/az\/#organization"},"potentialAction":[{"@type":"SearchAction","target":{"@type":"EntryPoint","urlTemplate":"https:\/\/www.meydan.tv\/az\/?s={search_term_string}"},"query-input":{"@type":"PropertyValueSpecification","valueRequired":true,"valueName":"search_term_string"}}],"inLanguage":"az"},{"@type":"Organization","@id":"https:\/\/www.meydan.tv\/az\/#organization","name":"Meydan TV","url":"https:\/\/www.meydan.tv\/az\/","logo":{"@type":"ImageObject","inLanguage":"az","@id":"https:\/\/www.meydan.tv\/az\/#\/schema\/logo\/image\/","url":"https:\/\/www.meydan.tv\/wp-content\/uploads\/2021\/07\/meydan-logo.svg","contentUrl":"https:\/\/www.meydan.tv\/wp-content\/uploads\/2021\/07\/meydan-logo.svg","width":195,"height":46,"caption":"Meydan TV"},"image":{"@id":"https:\/\/www.meydan.tv\/az\/#\/schema\/logo\/image\/"}},{"@type":"Person","@id":"https:\/\/www.meydan.tv\/az\/#\/schema\/person\/10d11eccf6da3662cf5fdab9806ea91a","name":"user-manager"}]}},"_links":{"self":[{"href":"https:\/\/www.meydan.tv\/az\/wp-json\/wp\/v2\/posts\/203263","targetHints":{"allow":["GET"]}}],"collection":[{"href":"https:\/\/www.meydan.tv\/az\/wp-json\/wp\/v2\/posts"}],"about":[{"href":"https:\/\/www.meydan.tv\/az\/wp-json\/wp\/v2\/types\/post"}],"author":[{"embeddable":true,"href":"https:\/\/www.meydan.tv\/az\/wp-json\/wp\/v2\/users\/11"}],"replies":[{"embeddable":true,"href":"https:\/\/www.meydan.tv\/az\/wp-json\/wp\/v2\/comments?post=203263"}],"version-history":[{"count":0,"href":"https:\/\/www.meydan.tv\/az\/wp-json\/wp\/v2\/posts\/203263\/revisions"}],"wp:featuredmedia":[{"embeddable":true,"href":"https:\/\/www.meydan.tv\/az\/wp-json\/wp\/v2\/media\/150536"}],"wp:attachment":[{"href":"https:\/\/www.meydan.tv\/az\/wp-json\/wp\/v2\/media?parent=203263"}],"wp:term":[{"taxonomy":"category","embeddable":true,"href":"https:\/\/www.meydan.tv\/az\/wp-json\/wp\/v2\/categories?post=203263"},{"taxonomy":"post_tag","embeddable":true,"href":"https:\/\/www.meydan.tv\/az\/wp-json\/wp\/v2\/tags?post=203263"}],"curies":[{"name":"wp","href":"https:\/\/api.w.org\/{rel}","templated":true}]}}