{"id":203256,"date":"2020-10-27T14:11:24","date_gmt":"2020-10-27T14:11:24","guid":{"rendered":"https:\/\/www.meydan.tv\/article\/ovladini-itiren-ana-oglumun-doyus-yoldasina-hele-de-zeng-vururam\/"},"modified":"2020-10-27T14:11:24","modified_gmt":"2020-10-27T14:11:24","slug":"ovladini-itiren-ana-oglumun-doyus-yoldasina-hele-de-zeng-vururam","status":"publish","type":"post","link":"https:\/\/www.meydan.tv\/az\/article\/ovladini-itiren-ana-oglumun-doyus-yoldasina-hele-de-zeng-vururam\/","title":{"rendered":"\u00d6vlad\u0131n\u0131 itir\u0259n ana: O\u011flumun d\u00f6y\u00fc\u015f yolda\u015f\u0131na h\u0259l\u0259 d\u0259 z\u0259ng vururam&#8230;"},"content":{"rendered":"<p>\n  <i><br \/>\n    Dostlardan biri F\u00fczuli, dig\u0259ri C\u0259bray\u0131l u\u011frunda ged\u0259n d\u00f6y\u00fc\u015fl\u0259rd\u0259 h\u0259yat\u0131n\u0131 itirib<br \/>\n  <\/i>\n<\/p>\n<p>\n  Siy\u0259z\u0259nd\u0259 \u015f\u0259h\u0259r m\u0259rk\u0259zind\u0259n \u00e7ox da uzaq olmayan Yenik\u0259nd\u0259 Qaraba\u011f d\u00f6y\u00fc\u015fl\u0259rind\u0259 h\u0259lak olan iki n\u0259f\u0259rin tabutu g\u0259tirilib. M\u0259tl\u0259b \u018fkb\u0259rov v\u0259 \u00dclvi Mirz\u0259yev sinif yolda\u015f\u0131 olub, 11 il birlikd\u0259 oxuyub.\n<\/p>\n<p>\n  <b><br \/>\n    \u201cErm\u0259nil\u0259rd\u0259n binokl g\u00f6t\u00fcrm\u00fc\u015fd\u00fc\u201d<br \/>\n  <\/b>\n<\/p>\n<p>\n  M\u0259tl\u0259b \u0259sg\u0259rlik borcunu ba\u015fa vurandan sonra el\u0259 xidm\u0259t \u00e7\u0259kdiyi h\u0259rbi hiss\u0259d\u0259 i\u015fl\u0259yib. Yenik\u0259ndin 19 ya\u015fl\u0131 sakini sentyabr\u0131n 27-d\u0259 d\u00f6y\u00fc\u015fl\u0259r\u0259 yollan\u0131b. Ax\u0131r\u0131nc\u0131 d\u0259f\u0259 anas\u0131 il\u0259 oktyabr\u0131n 7-d\u0259 telefonla dan\u0131\u015f\u0131b. Bundan iki g\u00fcn sonra k\u0259nd\u0259 \u00f6l\u00fcm x\u0259b\u0259ri yay\u0131l\u0131b.\n<\/p>\n<p>\n  M\u0259tl\u0259bin anas\u0131 \u0130rad\u0259 \u018fkb\u0259rova dan\u0131\u015f\u0131r: \u201cH\u0259r g\u00fcn z\u0259ng el\u0259yirdi. El\u0259 g\u00fcn olurdu ki, \u00fc\u00e7 d\u0259f\u0259 dan\u0131\u015f\u0131rd\u0131q. Sonra dedi ki, bir h\u0259ft\u0259 z\u0259ng el\u0259y\u0259 bilm\u0259y\u0259c\u0259m. M\u0259nc\u0259, b\u0259han\u0259 el\u0259yirdi, d\u00f6y\u00fc\u015f\u0259 gedirdil\u0259r. Dedi ki, telefonlar\u0131 \u201czaryadka\u201dya qoya bilmirl\u0259r, ma\u015f\u0131nlar \u00e7ox uzaqla\u015f\u0131b. \u0130ki g\u00fcn z\u0259ng g\u00f6zl\u0259dim, \u00f6l\u00fcm x\u0259b\u0259ri g\u0259ldi. Qon\u015fuda idim, e\u015fid\u0259nd\u0259 y\u0131x\u0131ld\u0131m&#8230;\u201d\n<\/p>\n<p>\n  Ata Z\u00fclf\u00fcqar \u018fkb\u0259rov deyir ki, k\u0259nd\u0259 o\u011flunun sinif yolda\u015f\u0131 \u00dclvi Mirz\u0259yevin tabutu g\u0259tiril\u0259nd\u0259n sonra yuxusu \u0259r\u015f\u0259 \u00e7\u0259kilib, daha yata bilm\u0259yib: \u201cSentyabr\u0131n 1-i be\u015fg\u00fcnl\u00fck m\u0259zuniyy\u0259t\u0259 g\u0259lmi\u015fdi. Ax\u0131r\u0131nc\u0131 d\u0259f\u0259 onda g\u00f6rd\u00fck. Eyni operatorun n\u00f6mr\u0259l\u0259rini i\u015fl\u0259tdikl\u0259rin\u0259 g\u00f6r\u0259, daha \u00e7ox anas\u0131 il\u0259 dan\u0131\u015f\u0131rd\u0131. Yeni al\u0131nan yerl\u0259rd\u0259n x\u0259b\u0259r verirdi. Erm\u0259nil\u0259rd\u0259n bir binokl g\u00f6t\u00fcrm\u00fc\u015fd\u00fc, pulemyotunun \u00fcst\u00fcn\u0259 taxm\u0131\u015fd\u0131. M\u0259n\u0259 deyirdi ki, qorxmay\u0131n, ir\u0259li ged\u0259c\u0259yik\u201d.\n<\/p>\n<p>\n  \u0130rad\u0259 xan\u0131m dan\u0131\u015f\u0131r ki, o\u011flunun \u00f6l\u00fcm\u00fcnd\u0259n \u0259vv\u0259l pis yuxu g\u00f6r\u00fcb, bundan sonra narahatl\u0131\u011f\u0131 xeyli art\u0131b: \u201cYuxuda evd\u0259 m\u0259clis verirdik. He\u00e7 kim g\u0259lm\u0259mi\u015fdi. Heyvan k\u0259smi\u015fdik, ortal\u0131qda qalm\u0131\u015fd\u0131. \u018fti apar\u0131b satm\u0131\u015fd\u0131lar, amma pulunu g\u0259tirm\u0259mi\u015fdil\u0259r. Sonra g\u00f6rd\u00fcm ki, o\u011flumun ba\u015f\u0131 \u0259zilib, apar\u0131rlar\u201d.\n<\/p>\n<p>\n  <b><br \/>\n    \u201cTabutu a\u00e7d\u0131rma\u011fa israr el\u0259m\u0259dim\u201d<br \/>\n  <\/b>\n<\/p>\n<p>\n  Z\u00fclf\u00fcqar \u018fkb\u0259rov deyir ki, o\u011fluna h\u0259mi\u015f\u0259 \u00e7ox g\u00fcv\u0259nib. Ar\u0131q olsa da, he\u00e7 n\u0259d\u0259n qorxmazm\u0131\u015f:\n<\/p>\n<p>\n  \u201cOnu yax\u015f\u0131 tan\u0131y\u0131rd\u0131m, bilirdim ki, n\u0259 q\u0259d\u0259r \u00e7\u0259tinlik d\u0259 olsa, \u0259zils\u0259 d\u0259, h\u0259tta yaralansa da, dil\u0259 g\u0259tirm\u0259z. Atayam, \u0259sg\u0259rlikd\u0259n sonra dedim ki, qay\u0131t g\u0259l. Dedi, yox, h\u0259rbid\u0259 qalmaq ist\u0259yir\u0259m\u201d.\n<\/p>\n<p>\n  Ail\u0259y\u0259 M\u0259tl\u0259b \u018fkb\u0259rovun F\u00fczulid\u0259 h\u0259lak oldu\u011fu bildirilib. Qaraba\u011f d\u00f6y\u00fc\u015fl\u0259rinin i\u015ftirak\u00e7\u0131s\u0131 oktyabr\u0131n 9-da d\u0259fn olunub. Meyit valideynl\u0259r\u0259 g\u00f6st\u0259rilm\u0259yib. Hiss olunur ki, \u0130rad\u0259 xan\u0131mda \u015f\u00fcbh\u0259l\u0259r var. Ata is\u0259 deyir ki, ona \u015f\u0259kill\u0259r g\u00f6st\u0259ribl\u0259r: \u201cQ\u0259lp\u0259 sa\u011f qa\u015f\u0131ndan gir\u0259r\u0259k beynini s\u0131radan \u00e7\u0131xar\u0131b. \u015e\u0259kild\u0259 \u00f6z\u00fcm d\u0259 g\u00f6rd\u00fcm. Tabutu a\u00e7d\u0131rma\u011fa israr el\u0259m\u0259dim. Dedim, x\u0259sar\u0259ti b\u00f6y\u00fck olar, qohum-\u0259qr\u0259ba ham\u0131s\u0131 sars\u0131lar. \u0130nsanlara daha pis t\u0259sir el\u0259y\u0259 bil\u0259rdi\u201d.\n<\/p>\n<figure class=\"wp-block-image size-large\">\n  <img decoding=\"async\" src=\"https:\/\/www.meydan.tv\/az\/image_from_ios-9-jpg-34\/\" alt=\"image_from_ios (9).jpg\" class=\"wp-image-150464\"\/><figcaption>\n    \u0130rad\u0259 \u018fkb\u0259rova v\u0259 Z\u00fclf\u00fcqar \u018fkb\u0259rov<br \/>\n  <\/figcaption><\/figure>\n<p>\n  <b><br \/>\n    \u201cKa\u015f ax\u0131r\u0131nc\u0131 \u00f6l\u0259n m\u0259nim o\u011flum olsun\u201d<br \/>\n  <\/b>\n<\/p>\n<p>\n  \u0130rad\u0259 xan\u0131m yen\u0259 fotodan s\u00f6z sal\u0131r. Z\u00fclf\u00fcqar \u018fkb\u0259rov h\u0259yat yolda\u015f\u0131n\u0131n h\u0259min \u015f\u0259kill\u0259ri g\u00f6rm\u0259sini ist\u0259mir. M\u0259tl\u0259bin bac\u0131s\u0131 Nahid\u0259 M\u0259mm\u0259dova s\u00f6hb\u0259ti d\u0259yi\u015fir. O, qarda\u015f\u0131n\u0131n g\u00f6z\u0259l r\u0259qs etdiyini xat\u0131rlay\u0131r: \u201cH\u0259mi\u015f\u0259 \u015f\u0259n olurdu. He\u00e7 kimin x\u0259trin\u0259 d\u0259ym\u0259k ist\u0259m\u0259zdi. Onun tabutunu g\u0259tir\u0259nd\u0259 atam h\u0259y\u0259td\u0259 dedi ki, ka\u015f, sonuncu \u00f6l\u0259n m\u0259nim o\u011flum olsun&#8230;\u201d\n<\/p>\n<p>\n  Ail\u0259y\u0259 h\u0259lak olmu\u015f h\u0259rbi qulluq\u00e7uya g\u00f6r\u0259 bird\u0259f\u0259lik \u00f6d\u0259m\u0259 kimi 11 min manat verilib. Bundan ba\u015fqa, d\u0259fn x\u0259rcl\u0259ri \u00fc\u00e7\u00fcn 3 min ayr\u0131l\u0131b. Heyd\u0259r \u018fliyev Fondundan da 10 min manat g\u0259tiribl\u0259r.\n<\/p>\n<p>\n  \u201cN\u0259y\u0259 qol \u00e7\u0259kdiyim\u0259 he\u00e7 baxmad\u0131m da. Bir d\u0259f\u0259 g\u00f6t\u00fcr\u00fcb saymam\u0131\u015fam. O\u011flum olmayandan sonra o pulu neyl\u0259yir\u0259m?! Bu d\u0259qiq\u0259 kim g\u0259lib des\u0259 ki, o\u011flun sa\u011fd\u0131, d\u00f6y\u00fc\u015fd\u0259di, b\u00fct\u00fcn pullar\u0131 qaytararam\u201d, &#8211; ata dan\u0131\u015f\u0131r.\n<\/p>\n<p>\n  Ail\u0259 d\u00fcn\u0259n d\u00f6y\u00fc\u015f b\u00f6lg\u0259sind\u0259n sentyabrda \u00e7\u0259kilmi\u015f bir video \u0259ld\u0259 edib. Burada M\u0259tl\u0259b d\u0259 g\u00f6z\u0259 d\u0259yir, \u0259l el\u0259yir&#8230;\n<\/p>\n<p>\n  <b><br \/>\n    \u201cB\u0259lk\u0259 d\u0259, birlikd\u0259 h\u0259lak olublar\u201d<br \/>\n  <\/b>\n<\/p>\n<p>\n  \u00dclvinin anas\u0131 S\u00fcdab\u0259 Mirz\u0259yevan\u0131 is\u0259 qohumlar\u0131n evind\u0259 tap\u0131r\u0131q. Onu t\u0259k qoymamaq q\u0259rar\u0131na g\u0259libl\u0259r. Qad\u0131n\u0131n a\u011flamaqdan heyi qalmay\u0131b, \u00e7ox \u00e7\u0259tinlikl\u0259 dan\u0131\u015f\u0131r: \u201cTabutunu oktyabr\u0131n 6-da g\u0259tirdil\u0259r. Be\u015f ay \u0259vv\u0259l h\u0259rbi xidm\u0259td\u0259n g\u0259lmi\u015fdi. Ehtiyatda olan h\u0259rbi qulluq\u00e7u kimi apar\u0131lm\u0131\u015fd\u0131. Ay\u0131n 5-i qarda\u015f\u0131m\u0131n o\u011flu il\u0259 dan\u0131\u015f\u0131b. Demi\u015fdi ki, anam i\u015fd\u0259n g\u0259l\u0259nd\u0259 m\u0259n\u0259 z\u0259ng el\u0259sin. G\u0259lib z\u0259ng vurdum, telefona cavab ver\u0259n olmad\u0131\u201d.\n<\/p>\n<p>\n  S\u00fcdab\u0259 xanma o\u011flunun C\u0259bray\u0131lda h\u0259lak oldu\u011funu deyibl\u0259r. \u00dclvi telefon dan\u0131\u015f\u0131qlar\u0131 zaman\u0131 d\u00f6y\u00fc\u015f yerl\u0259ri bar\u0259d\u0259 he\u00e7 n\u0259 demirmi\u015f: \u201cEl\u0259 rahat idim ki&#8230; \u00c7\u0259tin \u015f\u0259raitd\u0259 h\u0259rbi xidm\u0259t ke\u00e7mi\u015fdi, erm\u0259nil\u0259rl\u0259 ilyar\u0131m \u00fczb\u0259\u00fcz dayanm\u0131\u015fd\u0131. He\u00e7 qorxmaq yox idi onda. M\u0259nim narahatl\u0131\u011f\u0131ma s\u0259b\u0259b olacaq n\u0259yis\u0259 dilin\u0259 g\u0259tirm\u0259zdi\u201d.\n<\/p>\n<p>\n  \u00dclvi ev\u0259 d\u00f6y\u00fc\u015f yolda\u015f\u0131n\u0131n telefonu il\u0259 z\u0259ng vururmu\u015f. H\u0259min g\u00fcnd\u0259n o mobil n\u00f6mr\u0259y\u0259 d\u0259 z\u0259ng \u00e7atm\u0131r.\n<\/p>\n<p>\n  \u201cO\u011flumun d\u00f6y\u00fc\u015f yolda\u015f\u0131na h\u0259l\u0259 d\u0259 z\u0259ng vururam. Soru\u015furlar ki, niy\u0259 z\u0259ng vurursan? Deyir\u0259m, o da m\u0259nim balam. Bilmir\u0259m, h\u0259yatdad\u0131, ya yox. B\u0259lk\u0259 d\u0259, birlikd\u0259 h\u0259lak olublar. D\u00fcn\u0259n d\u0259 z\u0259ng vurdum, z\u0259ng \u00e7atm\u0131rd\u0131\u201d, &#8211; S\u00fcdab\u0259 xan\u0131m dan\u0131\u015f\u0131r.\n<\/p>\n<p>\n  \u00dclvinin anas\u0131 M\u0259tl\u0259bl\u0259 nec\u0259 m\u00f6hk\u0259m dostluq etdikl\u0259rini xat\u0131rlay\u0131r. O\u011fluna g\u00f6r\u0259 veril\u0259n pula he\u00e7 g\u00f6z\u00fcn\u00fcn ucu il\u0259 d\u0259 baxmay\u0131b. S\u00fcdab\u0259 xan\u0131m \u00e7ox dan\u0131\u015fa bilmir, s\u00f6hb\u0259ti saxlamal\u0131 oluruq. T\u0259kc\u0259 onu deyir ki, indi daha ona he\u00e7 n\u0259 t\u0259s\u0259lli ola bilm\u0259z&#8230;\n<\/p>\n<figure class=\"wp-block-image size-large\">\n  <img decoding=\"async\" src=\"https:\/\/www.meydan.tv\/az\/image_from_ios-10-jpg-24\/\" alt=\"image_from_ios (10).jpg\" class=\"wp-image-150467\"\/><figcaption>\n    Z\u00fclf\u00fcqar \u018fkb\u0259rov: Atayam, \u0259sg\u0259rlikd\u0259n sonra dedim ki, qay\u0131t g\u0259l.<br \/>\n  <\/figcaption><\/figure>\n","protected":false},"excerpt":{"rendered":"<p>&#8220;D\u00fcn\u0259n d\u0259 z\u0259ng vurdum, z\u0259ng \u00e7atm\u0131rd\u0131\u201d, &#8211; S\u00fcdab\u0259 xan\u0131m dan\u0131\u015f\u0131r.<\/p>\n","protected":false},"author":11,"featured_media":150476,"comment_status":"closed","ping_status":"open","sticky":false,"template":"","format":"standard","meta":{"_acf_changed":false,"_sitemap_exclude":false,"_sitemap_priority":"","_sitemap_frequency":"","footnotes":""},"categories":[60],"tags":[],"class_list":["post-203256","post","type-post","status-publish","format-standard","has-post-thumbnail","hentry","category-bolge","infinite-scroll-item","generate-columns","tablet-grid-50","mobile-grid-100","grid-parent","grid-33","no-featured-image-padding"],"acf":[],"yoast_head":"<!-- This site is optimized with the Yoast SEO plugin v27.5 - https:\/\/yoast.com\/product\/yoast-seo-wordpress\/ -->\n<title>\u00d6vlad\u0131n\u0131 itir\u0259n ana: O\u011flumun d\u00f6y\u00fc\u015f yolda\u015f\u0131na h\u0259l\u0259 d\u0259 z\u0259ng vururam... - MEYDAN.TV<\/title>\n<meta name=\"robots\" content=\"index, follow, max-snippet:-1, max-image-preview:large, max-video-preview:-1\" \/>\n<link rel=\"canonical\" href=\"https:\/\/www.meydan.tv\/az\/article\/ovladini-itiren-ana-oglumun-doyus-yoldasina-hele-de-zeng-vururam\/\" \/>\n<meta property=\"og:locale\" content=\"az_AZ\" \/>\n<meta property=\"og:type\" content=\"article\" \/>\n<meta property=\"og:title\" content=\"\u00d6vlad\u0131n\u0131 itir\u0259n ana: O\u011flumun d\u00f6y\u00fc\u015f yolda\u015f\u0131na h\u0259l\u0259 d\u0259 z\u0259ng vururam... - MEYDAN.TV\" \/>\n<meta property=\"og:description\" content=\"&quot;D\u00fcn\u0259n d\u0259 z\u0259ng vurdum, z\u0259ng \u00e7atm\u0131rd\u0131\u201d, - S\u00fcdab\u0259 xan\u0131m dan\u0131\u015f\u0131r.\" \/>\n<meta property=\"og:url\" content=\"https:\/\/www.meydan.tv\/az\/article\/ovladini-itiren-ana-oglumun-doyus-yoldasina-hele-de-zeng-vururam\/\" \/>\n<meta property=\"og:site_name\" content=\"MEYDAN.TV\" \/>\n<meta property=\"article:published_time\" content=\"2020-10-27T14:11:24+00:00\" \/>\n<meta property=\"og:image\" content=\"https:\/\/www.meydan.tv\/wp-content\/uploads\/image_from_ios_12_euywsj0-scaled.jpg\" \/>\n\t<meta property=\"og:image:width\" content=\"2560\" \/>\n\t<meta property=\"og:image:height\" content=\"1707\" \/>\n\t<meta property=\"og:image:type\" content=\"image\/jpeg\" \/>\n<meta name=\"author\" content=\"user-manager\" \/>\n<meta name=\"twitter:card\" content=\"summary_large_image\" \/>\n<script type=\"application\/ld+json\" class=\"yoast-schema-graph\">{\"@context\":\"https:\\\/\\\/schema.org\",\"@graph\":[{\"@type\":\"Article\",\"@id\":\"https:\\\/\\\/www.meydan.tv\\\/az\\\/article\\\/ovladini-itiren-ana-oglumun-doyus-yoldasina-hele-de-zeng-vururam\\\/#article\",\"isPartOf\":{\"@id\":\"https:\\\/\\\/www.meydan.tv\\\/az\\\/article\\\/ovladini-itiren-ana-oglumun-doyus-yoldasina-hele-de-zeng-vururam\\\/\"},\"author\":{\"name\":\"user-manager\",\"@id\":\"https:\\\/\\\/www.meydan.tv\\\/az\\\/#\\\/schema\\\/person\\\/10d11eccf6da3662cf5fdab9806ea91a\"},\"headline\":\"\u00d6vlad\u0131n\u0131 itir\u0259n ana: O\u011flumun d\u00f6y\u00fc\u015f yolda\u015f\u0131na h\u0259l\u0259 d\u0259 z\u0259ng vururam&#8230;\",\"datePublished\":\"2020-10-27T14:11:24+00:00\",\"mainEntityOfPage\":{\"@id\":\"https:\\\/\\\/www.meydan.tv\\\/az\\\/article\\\/ovladini-itiren-ana-oglumun-doyus-yoldasina-hele-de-zeng-vururam\\\/\"},\"wordCount\":1174,\"publisher\":{\"@id\":\"https:\\\/\\\/www.meydan.tv\\\/az\\\/#organization\"},\"image\":{\"@id\":\"https:\\\/\\\/www.meydan.tv\\\/az\\\/article\\\/ovladini-itiren-ana-oglumun-doyus-yoldasina-hele-de-zeng-vururam\\\/#primaryimage\"},\"thumbnailUrl\":\"https:\\\/\\\/www.meydan.tv\\\/wp-content\\\/uploads\\\/image_from_ios_12_euywsj0-scaled.jpg\",\"articleSection\":[\"B\u00f6lg\u0259\"],\"inLanguage\":\"az\"},{\"@type\":\"WebPage\",\"@id\":\"https:\\\/\\\/www.meydan.tv\\\/az\\\/article\\\/ovladini-itiren-ana-oglumun-doyus-yoldasina-hele-de-zeng-vururam\\\/\",\"url\":\"https:\\\/\\\/www.meydan.tv\\\/az\\\/article\\\/ovladini-itiren-ana-oglumun-doyus-yoldasina-hele-de-zeng-vururam\\\/\",\"name\":\"\u00d6vlad\u0131n\u0131 itir\u0259n ana: O\u011flumun d\u00f6y\u00fc\u015f yolda\u015f\u0131na h\u0259l\u0259 d\u0259 z\u0259ng vururam... - MEYDAN.TV\",\"isPartOf\":{\"@id\":\"https:\\\/\\\/www.meydan.tv\\\/az\\\/#website\"},\"primaryImageOfPage\":{\"@id\":\"https:\\\/\\\/www.meydan.tv\\\/az\\\/article\\\/ovladini-itiren-ana-oglumun-doyus-yoldasina-hele-de-zeng-vururam\\\/#primaryimage\"},\"image\":{\"@id\":\"https:\\\/\\\/www.meydan.tv\\\/az\\\/article\\\/ovladini-itiren-ana-oglumun-doyus-yoldasina-hele-de-zeng-vururam\\\/#primaryimage\"},\"thumbnailUrl\":\"https:\\\/\\\/www.meydan.tv\\\/wp-content\\\/uploads\\\/image_from_ios_12_euywsj0-scaled.jpg\",\"datePublished\":\"2020-10-27T14:11:24+00:00\",\"breadcrumb\":{\"@id\":\"https:\\\/\\\/www.meydan.tv\\\/az\\\/article\\\/ovladini-itiren-ana-oglumun-doyus-yoldasina-hele-de-zeng-vururam\\\/#breadcrumb\"},\"inLanguage\":\"az\",\"potentialAction\":[{\"@type\":\"ReadAction\",\"target\":[\"https:\\\/\\\/www.meydan.tv\\\/az\\\/article\\\/ovladini-itiren-ana-oglumun-doyus-yoldasina-hele-de-zeng-vururam\\\/\"]}]},{\"@type\":\"ImageObject\",\"inLanguage\":\"az\",\"@id\":\"https:\\\/\\\/www.meydan.tv\\\/az\\\/article\\\/ovladini-itiren-ana-oglumun-doyus-yoldasina-hele-de-zeng-vururam\\\/#primaryimage\",\"url\":\"https:\\\/\\\/www.meydan.tv\\\/wp-content\\\/uploads\\\/image_from_ios_12_euywsj0-scaled.jpg\",\"contentUrl\":\"https:\\\/\\\/www.meydan.tv\\\/wp-content\\\/uploads\\\/image_from_ios_12_euywsj0-scaled.jpg\",\"width\":2560,\"height\":1707,\"caption\":\"Source: Specify Source\"},{\"@type\":\"BreadcrumbList\",\"@id\":\"https:\\\/\\\/www.meydan.tv\\\/az\\\/article\\\/ovladini-itiren-ana-oglumun-doyus-yoldasina-hele-de-zeng-vururam\\\/#breadcrumb\",\"itemListElement\":[{\"@type\":\"ListItem\",\"position\":1,\"name\":\"Ana s\u0259hif\u0259\",\"item\":\"https:\\\/\\\/www.meydan.tv\\\/az\\\/\"},{\"@type\":\"ListItem\",\"position\":2,\"name\":\"B\u00f6lg\u0259\",\"item\":\"https:\\\/\\\/www.meydan.tv\\\/az\\\/section\\\/bolge\\\/\"},{\"@type\":\"ListItem\",\"position\":3,\"name\":\"\u00d6vlad\u0131n\u0131 itir\u0259n ana: O\u011flumun d\u00f6y\u00fc\u015f yolda\u015f\u0131na h\u0259l\u0259 d\u0259 z\u0259ng vururam&#8230;\"}]},{\"@type\":\"WebSite\",\"@id\":\"https:\\\/\\\/www.meydan.tv\\\/az\\\/#website\",\"url\":\"https:\\\/\\\/www.meydan.tv\\\/az\\\/\",\"name\":\"MEYDAN.TV\",\"description\":\"Meydan TV Az\u0259rbaycan\u0131n media m\u0259kan\u0131ndak\u0131 alternativ s\u0259sidir\",\"publisher\":{\"@id\":\"https:\\\/\\\/www.meydan.tv\\\/az\\\/#organization\"},\"potentialAction\":[{\"@type\":\"SearchAction\",\"target\":{\"@type\":\"EntryPoint\",\"urlTemplate\":\"https:\\\/\\\/www.meydan.tv\\\/az\\\/?s={search_term_string}\"},\"query-input\":{\"@type\":\"PropertyValueSpecification\",\"valueRequired\":true,\"valueName\":\"search_term_string\"}}],\"inLanguage\":\"az\"},{\"@type\":\"Organization\",\"@id\":\"https:\\\/\\\/www.meydan.tv\\\/az\\\/#organization\",\"name\":\"Meydan TV\",\"url\":\"https:\\\/\\\/www.meydan.tv\\\/az\\\/\",\"logo\":{\"@type\":\"ImageObject\",\"inLanguage\":\"az\",\"@id\":\"https:\\\/\\\/www.meydan.tv\\\/az\\\/#\\\/schema\\\/logo\\\/image\\\/\",\"url\":\"https:\\\/\\\/www.meydan.tv\\\/wp-content\\\/uploads\\\/2021\\\/07\\\/meydan-logo.svg\",\"contentUrl\":\"https:\\\/\\\/www.meydan.tv\\\/wp-content\\\/uploads\\\/2021\\\/07\\\/meydan-logo.svg\",\"width\":195,\"height\":46,\"caption\":\"Meydan TV\"},\"image\":{\"@id\":\"https:\\\/\\\/www.meydan.tv\\\/az\\\/#\\\/schema\\\/logo\\\/image\\\/\"}},{\"@type\":\"Person\",\"@id\":\"https:\\\/\\\/www.meydan.tv\\\/az\\\/#\\\/schema\\\/person\\\/10d11eccf6da3662cf5fdab9806ea91a\",\"name\":\"user-manager\"}]}<\/script>\n<!-- \/ Yoast SEO plugin. -->","yoast_head_json":{"title":"\u00d6vlad\u0131n\u0131 itir\u0259n ana: O\u011flumun d\u00f6y\u00fc\u015f yolda\u015f\u0131na h\u0259l\u0259 d\u0259 z\u0259ng vururam... - MEYDAN.TV","robots":{"index":"index","follow":"follow","max-snippet":"max-snippet:-1","max-image-preview":"max-image-preview:large","max-video-preview":"max-video-preview:-1"},"canonical":"https:\/\/www.meydan.tv\/az\/article\/ovladini-itiren-ana-oglumun-doyus-yoldasina-hele-de-zeng-vururam\/","og_locale":"az_AZ","og_type":"article","og_title":"\u00d6vlad\u0131n\u0131 itir\u0259n ana: O\u011flumun d\u00f6y\u00fc\u015f yolda\u015f\u0131na h\u0259l\u0259 d\u0259 z\u0259ng vururam... - MEYDAN.TV","og_description":"\"D\u00fcn\u0259n d\u0259 z\u0259ng vurdum, z\u0259ng \u00e7atm\u0131rd\u0131\u201d, - S\u00fcdab\u0259 xan\u0131m dan\u0131\u015f\u0131r.","og_url":"https:\/\/www.meydan.tv\/az\/article\/ovladini-itiren-ana-oglumun-doyus-yoldasina-hele-de-zeng-vururam\/","og_site_name":"MEYDAN.TV","article_published_time":"2020-10-27T14:11:24+00:00","og_image":[{"width":2560,"height":1707,"url":"https:\/\/www.meydan.tv\/wp-content\/uploads\/image_from_ios_12_euywsj0-scaled.jpg","type":"image\/jpeg"}],"author":"user-manager","twitter_card":"summary_large_image","schema":{"@context":"https:\/\/schema.org","@graph":[{"@type":"Article","@id":"https:\/\/www.meydan.tv\/az\/article\/ovladini-itiren-ana-oglumun-doyus-yoldasina-hele-de-zeng-vururam\/#article","isPartOf":{"@id":"https:\/\/www.meydan.tv\/az\/article\/ovladini-itiren-ana-oglumun-doyus-yoldasina-hele-de-zeng-vururam\/"},"author":{"name":"user-manager","@id":"https:\/\/www.meydan.tv\/az\/#\/schema\/person\/10d11eccf6da3662cf5fdab9806ea91a"},"headline":"\u00d6vlad\u0131n\u0131 itir\u0259n ana: O\u011flumun d\u00f6y\u00fc\u015f yolda\u015f\u0131na h\u0259l\u0259 d\u0259 z\u0259ng vururam&#8230;","datePublished":"2020-10-27T14:11:24+00:00","mainEntityOfPage":{"@id":"https:\/\/www.meydan.tv\/az\/article\/ovladini-itiren-ana-oglumun-doyus-yoldasina-hele-de-zeng-vururam\/"},"wordCount":1174,"publisher":{"@id":"https:\/\/www.meydan.tv\/az\/#organization"},"image":{"@id":"https:\/\/www.meydan.tv\/az\/article\/ovladini-itiren-ana-oglumun-doyus-yoldasina-hele-de-zeng-vururam\/#primaryimage"},"thumbnailUrl":"https:\/\/www.meydan.tv\/wp-content\/uploads\/image_from_ios_12_euywsj0-scaled.jpg","articleSection":["B\u00f6lg\u0259"],"inLanguage":"az"},{"@type":"WebPage","@id":"https:\/\/www.meydan.tv\/az\/article\/ovladini-itiren-ana-oglumun-doyus-yoldasina-hele-de-zeng-vururam\/","url":"https:\/\/www.meydan.tv\/az\/article\/ovladini-itiren-ana-oglumun-doyus-yoldasina-hele-de-zeng-vururam\/","name":"\u00d6vlad\u0131n\u0131 itir\u0259n ana: O\u011flumun d\u00f6y\u00fc\u015f yolda\u015f\u0131na h\u0259l\u0259 d\u0259 z\u0259ng vururam... - MEYDAN.TV","isPartOf":{"@id":"https:\/\/www.meydan.tv\/az\/#website"},"primaryImageOfPage":{"@id":"https:\/\/www.meydan.tv\/az\/article\/ovladini-itiren-ana-oglumun-doyus-yoldasina-hele-de-zeng-vururam\/#primaryimage"},"image":{"@id":"https:\/\/www.meydan.tv\/az\/article\/ovladini-itiren-ana-oglumun-doyus-yoldasina-hele-de-zeng-vururam\/#primaryimage"},"thumbnailUrl":"https:\/\/www.meydan.tv\/wp-content\/uploads\/image_from_ios_12_euywsj0-scaled.jpg","datePublished":"2020-10-27T14:11:24+00:00","breadcrumb":{"@id":"https:\/\/www.meydan.tv\/az\/article\/ovladini-itiren-ana-oglumun-doyus-yoldasina-hele-de-zeng-vururam\/#breadcrumb"},"inLanguage":"az","potentialAction":[{"@type":"ReadAction","target":["https:\/\/www.meydan.tv\/az\/article\/ovladini-itiren-ana-oglumun-doyus-yoldasina-hele-de-zeng-vururam\/"]}]},{"@type":"ImageObject","inLanguage":"az","@id":"https:\/\/www.meydan.tv\/az\/article\/ovladini-itiren-ana-oglumun-doyus-yoldasina-hele-de-zeng-vururam\/#primaryimage","url":"https:\/\/www.meydan.tv\/wp-content\/uploads\/image_from_ios_12_euywsj0-scaled.jpg","contentUrl":"https:\/\/www.meydan.tv\/wp-content\/uploads\/image_from_ios_12_euywsj0-scaled.jpg","width":2560,"height":1707,"caption":"Source: Specify Source"},{"@type":"BreadcrumbList","@id":"https:\/\/www.meydan.tv\/az\/article\/ovladini-itiren-ana-oglumun-doyus-yoldasina-hele-de-zeng-vururam\/#breadcrumb","itemListElement":[{"@type":"ListItem","position":1,"name":"Ana s\u0259hif\u0259","item":"https:\/\/www.meydan.tv\/az\/"},{"@type":"ListItem","position":2,"name":"B\u00f6lg\u0259","item":"https:\/\/www.meydan.tv\/az\/section\/bolge\/"},{"@type":"ListItem","position":3,"name":"\u00d6vlad\u0131n\u0131 itir\u0259n ana: O\u011flumun d\u00f6y\u00fc\u015f yolda\u015f\u0131na h\u0259l\u0259 d\u0259 z\u0259ng vururam&#8230;"}]},{"@type":"WebSite","@id":"https:\/\/www.meydan.tv\/az\/#website","url":"https:\/\/www.meydan.tv\/az\/","name":"MEYDAN.TV","description":"Meydan TV Az\u0259rbaycan\u0131n media m\u0259kan\u0131ndak\u0131 alternativ s\u0259sidir","publisher":{"@id":"https:\/\/www.meydan.tv\/az\/#organization"},"potentialAction":[{"@type":"SearchAction","target":{"@type":"EntryPoint","urlTemplate":"https:\/\/www.meydan.tv\/az\/?s={search_term_string}"},"query-input":{"@type":"PropertyValueSpecification","valueRequired":true,"valueName":"search_term_string"}}],"inLanguage":"az"},{"@type":"Organization","@id":"https:\/\/www.meydan.tv\/az\/#organization","name":"Meydan TV","url":"https:\/\/www.meydan.tv\/az\/","logo":{"@type":"ImageObject","inLanguage":"az","@id":"https:\/\/www.meydan.tv\/az\/#\/schema\/logo\/image\/","url":"https:\/\/www.meydan.tv\/wp-content\/uploads\/2021\/07\/meydan-logo.svg","contentUrl":"https:\/\/www.meydan.tv\/wp-content\/uploads\/2021\/07\/meydan-logo.svg","width":195,"height":46,"caption":"Meydan TV"},"image":{"@id":"https:\/\/www.meydan.tv\/az\/#\/schema\/logo\/image\/"}},{"@type":"Person","@id":"https:\/\/www.meydan.tv\/az\/#\/schema\/person\/10d11eccf6da3662cf5fdab9806ea91a","name":"user-manager"}]}},"_links":{"self":[{"href":"https:\/\/www.meydan.tv\/az\/wp-json\/wp\/v2\/posts\/203256","targetHints":{"allow":["GET"]}}],"collection":[{"href":"https:\/\/www.meydan.tv\/az\/wp-json\/wp\/v2\/posts"}],"about":[{"href":"https:\/\/www.meydan.tv\/az\/wp-json\/wp\/v2\/types\/post"}],"author":[{"embeddable":true,"href":"https:\/\/www.meydan.tv\/az\/wp-json\/wp\/v2\/users\/11"}],"replies":[{"embeddable":true,"href":"https:\/\/www.meydan.tv\/az\/wp-json\/wp\/v2\/comments?post=203256"}],"version-history":[{"count":0,"href":"https:\/\/www.meydan.tv\/az\/wp-json\/wp\/v2\/posts\/203256\/revisions"}],"wp:featuredmedia":[{"embeddable":true,"href":"https:\/\/www.meydan.tv\/az\/wp-json\/wp\/v2\/media\/150476"}],"wp:attachment":[{"href":"https:\/\/www.meydan.tv\/az\/wp-json\/wp\/v2\/media?parent=203256"}],"wp:term":[{"taxonomy":"category","embeddable":true,"href":"https:\/\/www.meydan.tv\/az\/wp-json\/wp\/v2\/categories?post=203256"},{"taxonomy":"post_tag","embeddable":true,"href":"https:\/\/www.meydan.tv\/az\/wp-json\/wp\/v2\/tags?post=203256"}],"curies":[{"name":"wp","href":"https:\/\/api.w.org\/{rel}","templated":true}]}}