{"id":203243,"date":"2020-10-27T11:54:02","date_gmt":"2020-10-27T11:54:02","guid":{"rendered":"https:\/\/www.meydan.tv\/article\/goycay-sakini-gilan-orchards-pandemiya-dovrunde-meni-isden-cixardi\/"},"modified":"2020-10-27T11:54:02","modified_gmt":"2020-10-27T11:54:02","slug":"goycay-sakini-gilan-orchards-pandemiya-dovrunde-meni-isden-cixardi","status":"publish","type":"post","link":"https:\/\/www.meydan.tv\/az\/article\/goycay-sakini-gilan-orchards-pandemiya-dovrunde-meni-isden-cixardi\/","title":{"rendered":"G\u00f6y\u00e7ay sakini: \u201cGilan Orchards\u201d pandemiya d\u00f6vr\u00fcnd\u0259 m\u0259ni i\u015fd\u0259n \u00e7\u0131xard\u0131"},"content":{"rendered":"<p>\n  <i><br \/>\n    \u201c\u015eirk\u0259t h\u0259tta prezidentin tap\u015f\u0131r\u0131\u011f\u0131na da \u0259m\u0259l etmir\u201d<br \/>\n  <\/i>\n<\/p>\n<p>\n  G\u00f6y\u00e7ay\u0131n B\u0131\u011f\u0131r k\u0259ndinin sakini 36 ya\u015fl\u0131 Tural B\u0259dirovun \u015fikay\u0259ti var. Deyir, 11 il i\u015fl\u0259diyi \u201cGilan Holding\u201dd\u0259n (sonradan ad\u0131 Gilan Orchards MMC kimi d\u0259yi\u015fdirilib) x\u0259b\u0259ri olmadan i\u015fd\u0259n \u00e7\u0131xar\u0131l\u0131b. \u00d6z\u00fc d\u0259 pandemiya d\u00f6vr\u00fcnd\u0259.\n<\/p>\n<p>\n  \u201cMayda xeyli yer ba\u011fl\u0131 idi. Biz\u0259 d\u0259 deyilmi\u015fdi ki, laz\u0131m olanda i\u015f\u0259 \u00e7a\u011f\u0131r\u0131lacaqs\u0131n\u0131z, t\u0259hl\u00fck\u0259sizliyiniz \u00fc\u00e7\u00fcn evd\u0259 oturun. Kart\u0131mdan maa\u015f\u0131m\u0131 \u00e7\u0131xarmaq ist\u0259y\u0259nd\u0259 g\u00f6rd\u00fcm ki, i\u00e7ind\u0259 he\u00e7 n\u0259 yoxdur. M\u00fcraci\u0259t etdim, dedil\u0259r, \u201ciclas t\u0259\u015fkil edilmi\u015fdi, xeyli adam\u0131 i\u015fd\u0259n azad etdil\u0259r, i\u00e7ind\u0259 s\u0259n d\u0259 varsan\u201d. Bu, r\u0259zillik deyil, n\u0259dir? Bel\u0259 durumda da adam\u0131 i\u015fsiz qoyarlar?\u201d\n<\/p>\n<p>\n  Tural B\u0259dirov deyir ki, \u201cGilan Orchards\u201d MMC-nin nar ba\u011flar\u0131nda g\u00f6z\u0259t\u00e7i kimi \u00e7al\u0131\u015f\u0131rm\u0131\u015f. Burada 11 il \u00e7al\u0131\u015fmas\u0131na baxmayaraq i\u015f staj\u0131n\u0131 da 3 il yaz\u0131blar. O, buna \u0259h\u0259miyy\u0259t vermir, amma i\u015fsiz qalmas\u0131na g\u00f6r\u0259 \u00e7ox \u00fcz\u00fcl\u00fcr:\n<\/p>\n<p>\n  \u201cAtam, 3 \u00f6vlad\u0131m, h\u0259yat yolda\u015f\u0131m, m\u0259n &#8211; b\u00f6y\u00fck ail\u0259yik. \u0130\u015fl\u0259y\u0259nd\u0259 yen\u0259 birt\u0259h\u0259r dolan\u0131rd\u0131q. Art\u0131q 5 ayd\u0131r ki, i\u015fsiz\u0259m v\u0259 ya\u015famaq \u00e7\u0259tinl\u0259\u015fib. H\u0259m d\u0259 ata kimi p\u0259rt oluram u\u015faqlar\u0131m\u0131n qar\u015f\u0131s\u0131nda. N\u0259s\u0259 ist\u0259yirl\u0259r, ala bilmir\u0259m. Bu, m\u0259ni \u00fcz\u00fcr\u201d.\n<\/p>\n<p>\n  Pandemiya d\u00f6vr\u00fcnd\u0259 Prezident \u0130lham \u018fliyev a\u00e7\u0131qlamas\u0131nda bildirmi\u015fdi ki, insanlar\u0131n i\u015fd\u0259n \u00e7\u0131xar\u0131lmas\u0131na yol verm\u0259k olmaz. Bel\u0259 bir d\u00f6vrd\u0259 he\u00e7 bir qurum i\u015f\u00e7il\u0259ri ixtisar etm\u0259m\u0259lidir.\n<\/p>\n<p>\n  El\u0259 Tural B\u0259dirov da prezidentin h\u0259min \u00e7\u0131x\u0131\u015f\u0131n\u0131 dinl\u0259yib. Deyir, \u00e7al\u0131\u015fd\u0131\u011f\u0131 \u015firk\u0259t h\u0259tta prezidenti d\u0259 saymay\u0131b:\n<\/p>\n<p>\n  \u201c3 \u00f6vlad\u0131m var. Atam 2-ci qrup \u0259lildir. M\u0259n h\u0259m ail\u0259m\u0259, h\u0259m atama bax\u0131ram. \u0130ndi onlara baxma\u011fa bir i\u015fim d\u0259 yoxdur v\u0259 yeni i\u015f tapmaq da \u00e7\u0259tindir. Bel\u0259 bir zamanda, m\u00fcharib\u0259 d\u00f6vr\u00fcnd\u0259 \u015fikay\u0259t etm\u0259k ist\u0259m\u0259zdim. Ancaq m\u0259cburam. \u00c7\u00fcnki problemiml\u0259 ba\u011fl\u0131 h\u0259r yer\u0259 yazm\u0131\u015fam. Aidiyyat\u0131 qurumara, h\u0259tta Prezident Administrasiyas\u0131na&#8230; Bir n\u0259tic\u0259si olmay\u0131b\u201d.\n<\/p>\n<p>\n  Tural B\u0259dirov deyir ki, onda olan m\u0259lumata g\u00f6r\u0259 i\u015f\u00e7il\u0259rind\u0259n 3-4 n\u0259f\u0259ri saxlay\u0131blar. Arada idar\u0259y\u0259 gedir. Yeni bir x\u0259b\u0259rin olub-olmamas\u0131n\u0131 soru\u015fur:\n<\/p>\n<p>\n  \u201cDeyir\u0259m, n\u0259 x\u0259b\u0259r var bizim i\u015fd\u0259n? M\u0259ni yola verirl\u0259r. M\u0259n qanunsuz i\u015fd\u0259n azad edilmi\u015f\u0259m. Xahi\u015f edir\u0259m ki, m\u0259ni i\u015fl\u0259 t\u0259min etsinl\u0259r. Bu etdikl\u0259ri qanunsuz \u0259m\u0259ldir\u201d.\n<\/p>\n<p>\n  \u201cGilan Orchards\u201d MMC-d\u0259n Meydan TV-y\u0259 kims\u0259ni i\u015fd\u0259n azad etm\u0259dikl\u0259rini s\u00f6yl\u0259yibl\u0259r: \u201cKiml\u0259rs\u0259 \u00f6z \u0259riz\u0259si il\u0259 i\u015fd\u0259n ayr\u0131l\u0131rsa, bu, ba\u015fqa m\u0259s\u0259l\u0259. Bunun \u00fc\u00e7\u00fcn he\u00e7 n\u0259 ed\u0259 bilm\u0259rik\u201d.\n<\/p>\n<p>\n  Tural B\u0259dirov is\u0259 bildirir ki, \u015firk\u0259t m\u0259suliyy\u0259ti boynundan atmaq \u00fc\u00e7\u00fcn h\u0259r \u015fey edir. H\u0259tta vergid\u0259n yay\u0131nmaq \u00fc\u00e7\u00fcn i\u015f\u00e7il\u0259rin staj\u0131n\u0131 tam yazm\u0131r, g\u00fcnd\u0259 ad\u0131n\u0131 d\u0259yi\u015fir:\n<\/p>\n<p>\n  \u201cOnlar \u00e7ox qazanmaq \u00fc\u00e7\u00fcn \u0259ll\u0259rind\u0259n g\u0259l\u0259ni edirl\u0259r. M\u0259nim is\u0259 \u00e7ox b\u00f6y\u00fck x\u0259yallar\u0131m yoxdur. Ev al\u0131m, ma\u015f\u0131n al\u0131m v\u0259 s. kimi. \u015e\u00fck\u00fcr, pis-yax\u015f\u0131 \u015f\u0259raitimiz var, ya\u015fay\u0131r\u0131q. T\u0259k ist\u0259diyim qanunsuz azad edildiyim i\u015fim\u0259 b\u0259rpa olunmaqd\u0131r. U\u015faqlar\u0131m\u0131 normal doland\u0131rmaq ist\u0259yir\u0259m. Ba\u015fqa he\u00e7 n\u0259. \u0130st\u0259yim budur. Bu g\u00fcn u\u015faqlar\u0131m\u0131n ist\u0259diyi \u0259n x\u0131rda \u015feyl\u0259ri bel\u0259 qar\u015f\u0131laya bilmir\u0259m. \u0130st\u0259yir\u0259m ki, onlar\u0131n ist\u0259yini t\u0259min ed\u0259 bilim\u201d.<\/p>\n","protected":false},"excerpt":{"rendered":"<p>Deyir, \u00e7al\u0131\u015fd\u0131\u011f\u0131 \u015firk\u0259t h\u0259tta prezidenti d\u0259 saymay\u0131b:<\/p>\n","protected":false},"author":11,"featured_media":150440,"comment_status":"closed","ping_status":"open","sticky":false,"template":"","format":"standard","meta":{"_acf_changed":false,"_sitemap_exclude":false,"_sitemap_priority":"","_sitemap_frequency":"","footnotes":""},"categories":[60],"tags":[],"class_list":["post-203243","post","type-post","status-publish","format-standard","has-post-thumbnail","hentry","category-bolge","infinite-scroll-item","generate-columns","tablet-grid-50","mobile-grid-100","grid-parent","grid-33","no-featured-image-padding"],"acf":[],"yoast_head":"<!-- This site is optimized with the Yoast SEO plugin v27.5 - https:\/\/yoast.com\/product\/yoast-seo-wordpress\/ -->\n<title>G\u00f6y\u00e7ay sakini: \u201cGilan Orchards\u201d pandemiya d\u00f6vr\u00fcnd\u0259 m\u0259ni i\u015fd\u0259n \u00e7\u0131xard\u0131 - MEYDAN.TV<\/title>\n<meta name=\"robots\" content=\"index, follow, max-snippet:-1, max-image-preview:large, max-video-preview:-1\" \/>\n<link rel=\"canonical\" href=\"https:\/\/www.meydan.tv\/az\/article\/goycay-sakini-gilan-orchards-pandemiya-dovrunde-meni-isden-cixardi\/\" \/>\n<meta property=\"og:locale\" content=\"az_AZ\" \/>\n<meta property=\"og:type\" content=\"article\" \/>\n<meta property=\"og:title\" content=\"G\u00f6y\u00e7ay sakini: \u201cGilan Orchards\u201d pandemiya d\u00f6vr\u00fcnd\u0259 m\u0259ni i\u015fd\u0259n \u00e7\u0131xard\u0131 - MEYDAN.TV\" \/>\n<meta property=\"og:description\" content=\"Deyir, \u00e7al\u0131\u015fd\u0131\u011f\u0131 \u015firk\u0259t h\u0259tta prezidenti d\u0259 saymay\u0131b:\" \/>\n<meta property=\"og:url\" content=\"https:\/\/www.meydan.tv\/az\/article\/goycay-sakini-gilan-orchards-pandemiya-dovrunde-meni-isden-cixardi\/\" \/>\n<meta property=\"og:site_name\" content=\"MEYDAN.TV\" \/>\n<meta property=\"article:published_time\" content=\"2020-10-27T11:54:02+00:00\" \/>\n<meta property=\"og:image\" content=\"https:\/\/www.meydan.tv\/wp-content\/uploads\/image_from_ios_7_muv4535-scaled.jpg\" \/>\n\t<meta property=\"og:image:width\" content=\"2560\" \/>\n\t<meta property=\"og:image:height\" content=\"1920\" \/>\n\t<meta property=\"og:image:type\" content=\"image\/jpeg\" \/>\n<meta name=\"author\" content=\"user-manager\" \/>\n<meta name=\"twitter:card\" content=\"summary_large_image\" \/>\n<script type=\"application\/ld+json\" class=\"yoast-schema-graph\">{\"@context\":\"https:\\\/\\\/schema.org\",\"@graph\":[{\"@type\":\"Article\",\"@id\":\"https:\\\/\\\/www.meydan.tv\\\/az\\\/article\\\/goycay-sakini-gilan-orchards-pandemiya-dovrunde-meni-isden-cixardi\\\/#article\",\"isPartOf\":{\"@id\":\"https:\\\/\\\/www.meydan.tv\\\/az\\\/article\\\/goycay-sakini-gilan-orchards-pandemiya-dovrunde-meni-isden-cixardi\\\/\"},\"author\":{\"name\":\"user-manager\",\"@id\":\"https:\\\/\\\/www.meydan.tv\\\/az\\\/#\\\/schema\\\/person\\\/10d11eccf6da3662cf5fdab9806ea91a\"},\"headline\":\"G\u00f6y\u00e7ay sakini: \u201cGilan Orchards\u201d pandemiya d\u00f6vr\u00fcnd\u0259 m\u0259ni i\u015fd\u0259n \u00e7\u0131xard\u0131\",\"datePublished\":\"2020-10-27T11:54:02+00:00\",\"mainEntityOfPage\":{\"@id\":\"https:\\\/\\\/www.meydan.tv\\\/az\\\/article\\\/goycay-sakini-gilan-orchards-pandemiya-dovrunde-meni-isden-cixardi\\\/\"},\"wordCount\":674,\"publisher\":{\"@id\":\"https:\\\/\\\/www.meydan.tv\\\/az\\\/#organization\"},\"image\":{\"@id\":\"https:\\\/\\\/www.meydan.tv\\\/az\\\/article\\\/goycay-sakini-gilan-orchards-pandemiya-dovrunde-meni-isden-cixardi\\\/#primaryimage\"},\"thumbnailUrl\":\"https:\\\/\\\/www.meydan.tv\\\/wp-content\\\/uploads\\\/image_from_ios_7_muv4535-scaled.jpg\",\"articleSection\":[\"B\u00f6lg\u0259\"],\"inLanguage\":\"az\"},{\"@type\":\"WebPage\",\"@id\":\"https:\\\/\\\/www.meydan.tv\\\/az\\\/article\\\/goycay-sakini-gilan-orchards-pandemiya-dovrunde-meni-isden-cixardi\\\/\",\"url\":\"https:\\\/\\\/www.meydan.tv\\\/az\\\/article\\\/goycay-sakini-gilan-orchards-pandemiya-dovrunde-meni-isden-cixardi\\\/\",\"name\":\"G\u00f6y\u00e7ay sakini: \u201cGilan Orchards\u201d pandemiya d\u00f6vr\u00fcnd\u0259 m\u0259ni i\u015fd\u0259n \u00e7\u0131xard\u0131 - MEYDAN.TV\",\"isPartOf\":{\"@id\":\"https:\\\/\\\/www.meydan.tv\\\/az\\\/#website\"},\"primaryImageOfPage\":{\"@id\":\"https:\\\/\\\/www.meydan.tv\\\/az\\\/article\\\/goycay-sakini-gilan-orchards-pandemiya-dovrunde-meni-isden-cixardi\\\/#primaryimage\"},\"image\":{\"@id\":\"https:\\\/\\\/www.meydan.tv\\\/az\\\/article\\\/goycay-sakini-gilan-orchards-pandemiya-dovrunde-meni-isden-cixardi\\\/#primaryimage\"},\"thumbnailUrl\":\"https:\\\/\\\/www.meydan.tv\\\/wp-content\\\/uploads\\\/image_from_ios_7_muv4535-scaled.jpg\",\"datePublished\":\"2020-10-27T11:54:02+00:00\",\"breadcrumb\":{\"@id\":\"https:\\\/\\\/www.meydan.tv\\\/az\\\/article\\\/goycay-sakini-gilan-orchards-pandemiya-dovrunde-meni-isden-cixardi\\\/#breadcrumb\"},\"inLanguage\":\"az\",\"potentialAction\":[{\"@type\":\"ReadAction\",\"target\":[\"https:\\\/\\\/www.meydan.tv\\\/az\\\/article\\\/goycay-sakini-gilan-orchards-pandemiya-dovrunde-meni-isden-cixardi\\\/\"]}]},{\"@type\":\"ImageObject\",\"inLanguage\":\"az\",\"@id\":\"https:\\\/\\\/www.meydan.tv\\\/az\\\/article\\\/goycay-sakini-gilan-orchards-pandemiya-dovrunde-meni-isden-cixardi\\\/#primaryimage\",\"url\":\"https:\\\/\\\/www.meydan.tv\\\/wp-content\\\/uploads\\\/image_from_ios_7_muv4535-scaled.jpg\",\"contentUrl\":\"https:\\\/\\\/www.meydan.tv\\\/wp-content\\\/uploads\\\/image_from_ios_7_muv4535-scaled.jpg\",\"width\":2560,\"height\":1920,\"caption\":\"Source: Specify Source\"},{\"@type\":\"BreadcrumbList\",\"@id\":\"https:\\\/\\\/www.meydan.tv\\\/az\\\/article\\\/goycay-sakini-gilan-orchards-pandemiya-dovrunde-meni-isden-cixardi\\\/#breadcrumb\",\"itemListElement\":[{\"@type\":\"ListItem\",\"position\":1,\"name\":\"Ana s\u0259hif\u0259\",\"item\":\"https:\\\/\\\/www.meydan.tv\\\/az\\\/\"},{\"@type\":\"ListItem\",\"position\":2,\"name\":\"B\u00f6lg\u0259\",\"item\":\"https:\\\/\\\/www.meydan.tv\\\/az\\\/section\\\/bolge\\\/\"},{\"@type\":\"ListItem\",\"position\":3,\"name\":\"G\u00f6y\u00e7ay sakini: \u201cGilan Orchards\u201d pandemiya d\u00f6vr\u00fcnd\u0259 m\u0259ni i\u015fd\u0259n \u00e7\u0131xard\u0131\"}]},{\"@type\":\"WebSite\",\"@id\":\"https:\\\/\\\/www.meydan.tv\\\/az\\\/#website\",\"url\":\"https:\\\/\\\/www.meydan.tv\\\/az\\\/\",\"name\":\"MEYDAN.TV\",\"description\":\"Meydan TV Az\u0259rbaycan\u0131n media m\u0259kan\u0131ndak\u0131 alternativ s\u0259sidir\",\"publisher\":{\"@id\":\"https:\\\/\\\/www.meydan.tv\\\/az\\\/#organization\"},\"potentialAction\":[{\"@type\":\"SearchAction\",\"target\":{\"@type\":\"EntryPoint\",\"urlTemplate\":\"https:\\\/\\\/www.meydan.tv\\\/az\\\/?s={search_term_string}\"},\"query-input\":{\"@type\":\"PropertyValueSpecification\",\"valueRequired\":true,\"valueName\":\"search_term_string\"}}],\"inLanguage\":\"az\"},{\"@type\":\"Organization\",\"@id\":\"https:\\\/\\\/www.meydan.tv\\\/az\\\/#organization\",\"name\":\"Meydan TV\",\"url\":\"https:\\\/\\\/www.meydan.tv\\\/az\\\/\",\"logo\":{\"@type\":\"ImageObject\",\"inLanguage\":\"az\",\"@id\":\"https:\\\/\\\/www.meydan.tv\\\/az\\\/#\\\/schema\\\/logo\\\/image\\\/\",\"url\":\"https:\\\/\\\/www.meydan.tv\\\/wp-content\\\/uploads\\\/2021\\\/07\\\/meydan-logo.svg\",\"contentUrl\":\"https:\\\/\\\/www.meydan.tv\\\/wp-content\\\/uploads\\\/2021\\\/07\\\/meydan-logo.svg\",\"width\":195,\"height\":46,\"caption\":\"Meydan TV\"},\"image\":{\"@id\":\"https:\\\/\\\/www.meydan.tv\\\/az\\\/#\\\/schema\\\/logo\\\/image\\\/\"}},{\"@type\":\"Person\",\"@id\":\"https:\\\/\\\/www.meydan.tv\\\/az\\\/#\\\/schema\\\/person\\\/10d11eccf6da3662cf5fdab9806ea91a\",\"name\":\"user-manager\"}]}<\/script>\n<!-- \/ Yoast SEO plugin. -->","yoast_head_json":{"title":"G\u00f6y\u00e7ay sakini: \u201cGilan Orchards\u201d pandemiya d\u00f6vr\u00fcnd\u0259 m\u0259ni i\u015fd\u0259n \u00e7\u0131xard\u0131 - MEYDAN.TV","robots":{"index":"index","follow":"follow","max-snippet":"max-snippet:-1","max-image-preview":"max-image-preview:large","max-video-preview":"max-video-preview:-1"},"canonical":"https:\/\/www.meydan.tv\/az\/article\/goycay-sakini-gilan-orchards-pandemiya-dovrunde-meni-isden-cixardi\/","og_locale":"az_AZ","og_type":"article","og_title":"G\u00f6y\u00e7ay sakini: \u201cGilan Orchards\u201d pandemiya d\u00f6vr\u00fcnd\u0259 m\u0259ni i\u015fd\u0259n \u00e7\u0131xard\u0131 - MEYDAN.TV","og_description":"Deyir, \u00e7al\u0131\u015fd\u0131\u011f\u0131 \u015firk\u0259t h\u0259tta prezidenti d\u0259 saymay\u0131b:","og_url":"https:\/\/www.meydan.tv\/az\/article\/goycay-sakini-gilan-orchards-pandemiya-dovrunde-meni-isden-cixardi\/","og_site_name":"MEYDAN.TV","article_published_time":"2020-10-27T11:54:02+00:00","og_image":[{"width":2560,"height":1920,"url":"https:\/\/www.meydan.tv\/wp-content\/uploads\/image_from_ios_7_muv4535-scaled.jpg","type":"image\/jpeg"}],"author":"user-manager","twitter_card":"summary_large_image","schema":{"@context":"https:\/\/schema.org","@graph":[{"@type":"Article","@id":"https:\/\/www.meydan.tv\/az\/article\/goycay-sakini-gilan-orchards-pandemiya-dovrunde-meni-isden-cixardi\/#article","isPartOf":{"@id":"https:\/\/www.meydan.tv\/az\/article\/goycay-sakini-gilan-orchards-pandemiya-dovrunde-meni-isden-cixardi\/"},"author":{"name":"user-manager","@id":"https:\/\/www.meydan.tv\/az\/#\/schema\/person\/10d11eccf6da3662cf5fdab9806ea91a"},"headline":"G\u00f6y\u00e7ay sakini: \u201cGilan Orchards\u201d pandemiya d\u00f6vr\u00fcnd\u0259 m\u0259ni i\u015fd\u0259n \u00e7\u0131xard\u0131","datePublished":"2020-10-27T11:54:02+00:00","mainEntityOfPage":{"@id":"https:\/\/www.meydan.tv\/az\/article\/goycay-sakini-gilan-orchards-pandemiya-dovrunde-meni-isden-cixardi\/"},"wordCount":674,"publisher":{"@id":"https:\/\/www.meydan.tv\/az\/#organization"},"image":{"@id":"https:\/\/www.meydan.tv\/az\/article\/goycay-sakini-gilan-orchards-pandemiya-dovrunde-meni-isden-cixardi\/#primaryimage"},"thumbnailUrl":"https:\/\/www.meydan.tv\/wp-content\/uploads\/image_from_ios_7_muv4535-scaled.jpg","articleSection":["B\u00f6lg\u0259"],"inLanguage":"az"},{"@type":"WebPage","@id":"https:\/\/www.meydan.tv\/az\/article\/goycay-sakini-gilan-orchards-pandemiya-dovrunde-meni-isden-cixardi\/","url":"https:\/\/www.meydan.tv\/az\/article\/goycay-sakini-gilan-orchards-pandemiya-dovrunde-meni-isden-cixardi\/","name":"G\u00f6y\u00e7ay sakini: \u201cGilan Orchards\u201d pandemiya d\u00f6vr\u00fcnd\u0259 m\u0259ni i\u015fd\u0259n \u00e7\u0131xard\u0131 - MEYDAN.TV","isPartOf":{"@id":"https:\/\/www.meydan.tv\/az\/#website"},"primaryImageOfPage":{"@id":"https:\/\/www.meydan.tv\/az\/article\/goycay-sakini-gilan-orchards-pandemiya-dovrunde-meni-isden-cixardi\/#primaryimage"},"image":{"@id":"https:\/\/www.meydan.tv\/az\/article\/goycay-sakini-gilan-orchards-pandemiya-dovrunde-meni-isden-cixardi\/#primaryimage"},"thumbnailUrl":"https:\/\/www.meydan.tv\/wp-content\/uploads\/image_from_ios_7_muv4535-scaled.jpg","datePublished":"2020-10-27T11:54:02+00:00","breadcrumb":{"@id":"https:\/\/www.meydan.tv\/az\/article\/goycay-sakini-gilan-orchards-pandemiya-dovrunde-meni-isden-cixardi\/#breadcrumb"},"inLanguage":"az","potentialAction":[{"@type":"ReadAction","target":["https:\/\/www.meydan.tv\/az\/article\/goycay-sakini-gilan-orchards-pandemiya-dovrunde-meni-isden-cixardi\/"]}]},{"@type":"ImageObject","inLanguage":"az","@id":"https:\/\/www.meydan.tv\/az\/article\/goycay-sakini-gilan-orchards-pandemiya-dovrunde-meni-isden-cixardi\/#primaryimage","url":"https:\/\/www.meydan.tv\/wp-content\/uploads\/image_from_ios_7_muv4535-scaled.jpg","contentUrl":"https:\/\/www.meydan.tv\/wp-content\/uploads\/image_from_ios_7_muv4535-scaled.jpg","width":2560,"height":1920,"caption":"Source: Specify Source"},{"@type":"BreadcrumbList","@id":"https:\/\/www.meydan.tv\/az\/article\/goycay-sakini-gilan-orchards-pandemiya-dovrunde-meni-isden-cixardi\/#breadcrumb","itemListElement":[{"@type":"ListItem","position":1,"name":"Ana s\u0259hif\u0259","item":"https:\/\/www.meydan.tv\/az\/"},{"@type":"ListItem","position":2,"name":"B\u00f6lg\u0259","item":"https:\/\/www.meydan.tv\/az\/section\/bolge\/"},{"@type":"ListItem","position":3,"name":"G\u00f6y\u00e7ay sakini: \u201cGilan Orchards\u201d pandemiya d\u00f6vr\u00fcnd\u0259 m\u0259ni i\u015fd\u0259n \u00e7\u0131xard\u0131"}]},{"@type":"WebSite","@id":"https:\/\/www.meydan.tv\/az\/#website","url":"https:\/\/www.meydan.tv\/az\/","name":"MEYDAN.TV","description":"Meydan TV Az\u0259rbaycan\u0131n media m\u0259kan\u0131ndak\u0131 alternativ s\u0259sidir","publisher":{"@id":"https:\/\/www.meydan.tv\/az\/#organization"},"potentialAction":[{"@type":"SearchAction","target":{"@type":"EntryPoint","urlTemplate":"https:\/\/www.meydan.tv\/az\/?s={search_term_string}"},"query-input":{"@type":"PropertyValueSpecification","valueRequired":true,"valueName":"search_term_string"}}],"inLanguage":"az"},{"@type":"Organization","@id":"https:\/\/www.meydan.tv\/az\/#organization","name":"Meydan TV","url":"https:\/\/www.meydan.tv\/az\/","logo":{"@type":"ImageObject","inLanguage":"az","@id":"https:\/\/www.meydan.tv\/az\/#\/schema\/logo\/image\/","url":"https:\/\/www.meydan.tv\/wp-content\/uploads\/2021\/07\/meydan-logo.svg","contentUrl":"https:\/\/www.meydan.tv\/wp-content\/uploads\/2021\/07\/meydan-logo.svg","width":195,"height":46,"caption":"Meydan TV"},"image":{"@id":"https:\/\/www.meydan.tv\/az\/#\/schema\/logo\/image\/"}},{"@type":"Person","@id":"https:\/\/www.meydan.tv\/az\/#\/schema\/person\/10d11eccf6da3662cf5fdab9806ea91a","name":"user-manager"}]}},"_links":{"self":[{"href":"https:\/\/www.meydan.tv\/az\/wp-json\/wp\/v2\/posts\/203243","targetHints":{"allow":["GET"]}}],"collection":[{"href":"https:\/\/www.meydan.tv\/az\/wp-json\/wp\/v2\/posts"}],"about":[{"href":"https:\/\/www.meydan.tv\/az\/wp-json\/wp\/v2\/types\/post"}],"author":[{"embeddable":true,"href":"https:\/\/www.meydan.tv\/az\/wp-json\/wp\/v2\/users\/11"}],"replies":[{"embeddable":true,"href":"https:\/\/www.meydan.tv\/az\/wp-json\/wp\/v2\/comments?post=203243"}],"version-history":[{"count":0,"href":"https:\/\/www.meydan.tv\/az\/wp-json\/wp\/v2\/posts\/203243\/revisions"}],"wp:featuredmedia":[{"embeddable":true,"href":"https:\/\/www.meydan.tv\/az\/wp-json\/wp\/v2\/media\/150440"}],"wp:attachment":[{"href":"https:\/\/www.meydan.tv\/az\/wp-json\/wp\/v2\/media?parent=203243"}],"wp:term":[{"taxonomy":"category","embeddable":true,"href":"https:\/\/www.meydan.tv\/az\/wp-json\/wp\/v2\/categories?post=203243"},{"taxonomy":"post_tag","embeddable":true,"href":"https:\/\/www.meydan.tv\/az\/wp-json\/wp\/v2\/tags?post=203243"}],"curies":[{"name":"wp","href":"https:\/\/api.w.org\/{rel}","templated":true}]}}