{"id":203224,"date":"2020-10-26T14:33:13","date_gmt":"2020-10-26T14:33:13","guid":{"rendered":"https:\/\/www.meydan.tv\/article\/meydan-tv-nin-muracieti\/"},"modified":"2020-10-26T14:33:13","modified_gmt":"2020-10-26T14:33:13","slug":"meydan-tv-nin-muracieti","status":"publish","type":"post","link":"https:\/\/www.meydan.tv\/az\/article\/meydan-tv-nin-muracieti\/","title":{"rendered":"Meydan TV-nin m\u00fcraci\u0259ti"},"content":{"rendered":"<p>\n  27 sentyabrda ba\u015flayan m\u00fcharib\u0259d\u0259n sonra Meydan TV-nin sosial \u015f\u0259b\u0259k\u0259 hesablar\u0131n\u0131n r\u0259y b\u00f6lm\u0259sind\u0259 eyni m\u0259rk\u0259zd\u0259n idar\u0259 olundu\u011fu b\u0259lli olan, insanlar\u0131n emosiyalar\u0131n\u0131 istismar etm\u0259y\u0259 \u00e7al\u0131\u015fan \u015f\u0259rhl\u0259r g\u00f6r\u00fcnm\u0259y\u0259 ba\u015fland\u0131. Zamanla bu \u015f\u0259rhl\u0259r yerini h\u0259min vahid m\u0259rk\u0259zin f\u0259rqli internet saytlar\u0131na verdi.\n<\/p>\n<p>\n  \u201cQafqazinfo.az\u201d v\u0259 \u201capa.az\u201d, \u201cmusavat.com\u201d kimi internet resurslar\u0131nda \u00e7\u0131xan, m\u00fc\u0259llifi b\u0259lli olmayan yaz\u0131larda Meydan TV-y\u0259 a\u00e7\u0131q-a\u015fkar h\u00fccum edilir, d\u0259f\u0259l\u0259rl\u0259 yalanlanm\u0131\u015f &quot;erm\u0259ni r\u0259hb\u0259r&quot; iddias\u0131 yenid\u0259n tirajlan\u0131rd\u0131. Lakin \u201cazvision.az\u201d sayt\u0131nda yay\u0131mlanan yaz\u0131 m\u0259rk\u0259zin planlar\u0131n\u0131n daha b\u00f6y\u00fck oldu\u011funu ortaya qoydu. Meydan TV il\u0259 \u0259m\u0259kda\u015fl\u0131q etmi\u015f, etm\u0259mi\u015f m\u00fcxt\u0259lif m\u00fcst\u0259qil jurnalistl\u0259rin foto v\u0259 adlar\u0131 payla\u015f\u0131laraq, onlara qar\u015f\u0131 t\u0259xribat t\u00f6r\u0259dildi.\n<\/p>\n<p>\n  Oktyabr\u0131n 25-d\u0259 is\u0259 \u201cReal Tv\u201d Meydan TV-ni h\u0259d\u0259f\u0259 ald\u0131, onun \u0259m\u0259kda\u015f\u0131 il\u0259 ba\u011fl\u0131 yalan m\u0259lumat verdi.\n<\/p>\n<p>\n  B\u00fct\u00fcn bunlar he\u00e7 \u015f\u00fcbh\u0259siz ki, insanlar\u0131n emosiyalar\u0131ndan istifad\u0259 ed\u0259r\u0259k h\u0259min \u015f\u0259xsl\u0259rin h\u0259yat\u0131n\u0131 t\u0259hl\u00fck\u0259y\u0259 atmaq c\u0259hdi idi v\u0259 Meydan TV ad\u0131ndan bu m\u00fcraci\u0259ti yay\u0131mlama\u011f\u0131m\u0131za s\u0259b\u0259b oldu.\n<\/p>\n<p>\n  Meydan TV m\u00fcharib\u0259 ba\u015flayandan M\u00fcdafi\u0259 Nazirliyinin m\u00fc\u0259yy\u0259n etdiyi b\u00fct\u00fcn qaydalara riay\u0259t edir, h\u0259rbi sirr say\u0131lacaq, \u00fcmumiyy\u0259tl\u0259, t\u0259sdiql\u0259nm\u0259mi\u015f informasiya yaym\u0131r, yaln\u0131z r\u0259smi qurumlara istinad edir. H\u0259tta sosial \u015f\u0259b\u0259k\u0259l\u0259rd\u0259 dola\u015fan, amma zabit v\u0259 \u0259sg\u0259rl\u0259rin h\u0259yat\u0131n\u0131 t\u0259hl\u00fck\u0259y\u0259 atacaq videolardan da tamamil\u0259 imtina edib.\n<\/p>\n<p>\n  Meydan TV m\u00fcharib\u0259 d\u00f6vr\u00fcnd\u0259 d\u0259 \u0259sas prinsipl\u0259rin\u0259 sadiqdir; etnik, milli, dini, irqi ayr\u0131-se\u00e7kilik yaradacaq yaz\u0131lar yay\u0131mlam\u0131r. Media qurumu olaraq c\u0259miyy\u0259tin \u00e7oxr\u0259ngli oldu\u011funa inan\u0131r v\u0259 b\u00fct\u00fcn fikirl\u0259ri oxuculara \u00e7atd\u0131rma\u011fa \u00e7al\u0131\u015f\u0131r. M\u00fcharib\u0259y\u0259 d\u0259st\u0259k ver\u0259nl\u0259rl\u0259 b\u0259rab\u0259r, onun \u0259leyhin\u0259 \u00e7\u0131x\u0131\u015f ed\u0259nl\u0259r d\u0259 var v\u0259 Meydan TV sad\u0259c\u0259 bu m\u00fchiti g\u00f6st\u0259rdiyi \u00fc\u00e7\u00fcn h\u0259min saytlar t\u0259r\u0259find\u0259n &quot;xain&quot;, &quot;satq\u0131n&quot;, &quot;d\u00fc\u015fm\u0259n&quot; adland\u0131r\u0131l\u0131r. Bununla bel\u0259, Meydan TV media prinsipl\u0259rin\u0259 sadiq qalaraq, nifr\u0259t nitqini yaymamaqda israrl\u0131d\u0131r.\n<\/p>\n<p>\n  Meydan TV birliyin, b\u0259rab\u0259rliyin \u0259n \u00fcst s\u0259viyy\u0259l\u0259rd\u0259n elan edildiyi bug\u00fcnl\u0259rd\u0259 bel\u0259 \u0259n m\u00fcxt\u0259lif ayr\u0131-se\u00e7kilikl\u0259r\u0259 m\u0259ruz qal\u0131r. Kanalla \u0259m\u0259kda\u015fl\u0131q etmi\u015f v\u0259 etm\u0259k niyy\u0259tind\u0259 olan m\u00fcst\u0259qil jurnalistl\u0259r\u0259 c\u0259bh\u0259 x\u0259ttind\u0259 f\u0259aliyy\u0259t g\u00f6st\u0259rm\u0259k imkan\u0131 tan\u0131nm\u0131r. H\u0259tta kanala yax\u0131n olan \u015f\u0259xsl\u0259r Erm\u0259nistan silahl\u0131 q\u00fcvv\u0259l\u0259ri t\u0259r\u0259find\u0259n h\u00fccuma m\u0259ruz qalan c\u0259bh\u0259\u0259traf\u0131 rayonlara bel\u0259 burax\u0131lm\u0131r. Bununla bel\u0259, Meydan TV h\u0259min b\u00f6lg\u0259l\u0259rd\u0259n onlarla reportaj haz\u0131rlay\u0131b Az\u0259rbaycan v\u0259 d\u00fcnya izl\u0259yicil\u0259rin\u0259 \u00e7atd\u0131ra bildi.\n<\/p>\n<p>\n  M\u00fcharib\u0259 ba\u015flayandan bu g\u00fcn\u0259 q\u0259d\u0259r Meydan TV ingilis v\u0259 rus dill\u0259rind\u0259 50-y\u0259 yax\u0131n material haz\u0131rlay\u0131b, \u0259m\u0259kda\u015fl\u0131q etdiyi beyn\u0259lxalq saytlarda da yay\u0131lmas\u0131na nail olub. Bu videolar\u0131n m\u00fctl\u0259q \u0259ks\u0259riyy\u0259ti B\u0259rd\u0259, T\u0259rt\u0259r, A\u011fdam, F\u00fczuli, G\u0259nc\u0259 v\u0259 dig\u0259r \u015f\u0259h\u0259rl\u0259rd\u0259 Erm\u0259nistan SQ t\u0259r\u0259find\u0259n h\u00fccuma m\u0259ruz qalan m\u00fclki sakinl\u0259r bar\u0259d\u0259dir. Bu g\u00fcn minl\u0259rl\u0259 insan h\u0259min videolar\u0131 izl\u0259yir, payla\u015f\u0131r v\u0259 m\u00fclki sakinl\u0259rin h\u00fccuma m\u0259ruz qald\u0131\u011f\u0131n\u0131 d\u00fcnya ictimaiyy\u0259tin\u0259 \u00e7atd\u0131r\u0131r.\n<\/p>\n<p>\n  Meydan TV, h\u0259m\u00e7inin \u0259m\u0259kda\u015fl\u0131q etdiyi \u201cReuters\u201d, \u201cRuptly\u201d kimi beyn\u0259lxalq media qurumlar\u0131 say\u0259sind\u0259 qar\u015f\u0131 t\u0259r\u0259fd\u0259 ba\u015f ver\u0259n hadis\u0259l\u0259ri d\u0259 Az\u0259rbaycan ictimaiyy\u0259tin\u0259 \u00e7atd\u0131r\u0131r. B\u00fct\u00fcn bunlar\u0131 media borcu, i\u015fi olaraq g\u00f6r\u00fcr v\u0259 g\u00f6rm\u0259y\u0259 davam ed\u0259c\u0259k. Lakin adlar\u0131 \u00e7\u0259kil\u0259n v\u0259 \u00e7\u0259kilm\u0259y\u0259n internet resurslar\u0131nda m\u00fcst\u0259qil jurnalistl\u0259ri ictimaiyy\u0259t\u0259 t\u0259xribat\u00e7\u0131, d\u00fc\u015fm\u0259n kimi t\u0259qdim ed\u0259nl\u0259r, h\u0259m d\u0259 bu f\u0259aliyy\u0259t\u0259 mane olma\u011fa \u00e7al\u0131\u015f\u0131rlar.\n<\/p>\n<p>\n  Meydan TV aidiyy\u0259ti qurumlardan m\u0259s\u0259l\u0259 il\u0259 ba\u011fl\u0131 t\u0259dbir g\u00f6rm\u0259yi t\u0259l\u0259b edir, jurnalistl\u0259rin ya\u015fayacaqlar\u0131 ist\u0259nil\u0259n arzuolunmaz hadis\u0259d\u0259 onlar\u0131n m\u0259suliyy\u0259t da\u015f\u0131d\u0131\u011f\u0131n\u0131 vur\u011fulay\u0131r.\n<\/p>\n<p>\n  Meydan TV izl\u0259yicil\u0259rind\u0259n d\u0259 y\u00f6nl\u0259ndirm\u0259 m\u0259zmunlu r\u0259yl\u0259r\u0259 \u0259h\u0259miyy\u0259t verm\u0259m\u0259yi, materiallar\u0131 sonad\u0259k izl\u0259m\u0259yi v\u0259 b\u00fct\u00fcn m\u0259zmunlar\u0131 media prinsipl\u0259ri kontekstind\u0259 d\u0259y\u0259rl\u0259ndirm\u0259yi xahi\u015f edir.\n<\/p>\n<p>\n  Meydan TV ail\u0259si d\u00fcn\u0259n oldu\u011fu kimi, bu g\u00fcn d\u0259 c\u0259miyy\u0259tin h\u0259r t\u0259b\u0259q\u0259sinin s\u0259si olma\u011fa \u00e7al\u0131\u015f\u0131r v\u0259 buna nail olmaq \u00fc\u00e7\u00fcn \u0259lind\u0259n g\u0259l\u0259ni edir.\n<\/p>\n<p>\n  Bir daha xat\u0131rlad\u0131r\u0131q ki, bu, Meydan TV-y\u0259 qar\u015f\u0131 edil\u0259n ilk h\u00fccum deyil. Beyn\u0259lxalq media orqan\u0131 olaraq hadis\u0259l\u0259ri h\u0259rt\u0259r\u0259fli, obyektiv i\u015f\u0131qland\u0131rmaq Meydan TV-nin borcudur.\n<\/p>\n<p>\n  Meydan TV bir daha b\u0259yan edir ki, Erm\u0259nistan x\u00fcsusi xidm\u0259t orqanlar\u0131 il\u0259 \u0259m\u0259kda\u015fl\u0131q etm\u0259si bar\u0259d\u0259 iddialar \u00e7irkin t\u0259x\u0259yy\u00fcl\u00fcn m\u0259hsuludur v\u0259 m\u00fcst\u0259qil median\u0131n susdurulmas\u0131na hesablan\u0131b. Bu c\u00fcr \u00e7irkin kampaniyalar Meydan TV-ni beyn\u0259lxalq media prinsipl\u0259rind\u0259n yay\u0131nd\u0131ra bilm\u0259z.<\/p>\n","protected":false},"excerpt":{"rendered":"<p>Meydan TV ail\u0259si d\u00fcn\u0259n oldu\u011fu kimi, bu g\u00fcn d\u0259 c\u0259miyy\u0259tin h\u0259r t\u0259b\u0259q\u0259sinin s\u0259si olma\u011fa \u00e7al\u0131\u015f\u0131r v\u0259 buna nail olmaq \u00fc\u00e7\u00fcn \u0259lind\u0259n g\u0259l\u0259ni edir<\/p>\n","protected":false},"author":11,"featured_media":150329,"comment_status":"closed","ping_status":"open","sticky":false,"template":"","format":"standard","meta":{"_acf_changed":false,"_sitemap_exclude":false,"_sitemap_priority":"","_sitemap_frequency":"","footnotes":""},"categories":[56],"tags":[],"class_list":["post-203224","post","type-post","status-publish","format-standard","has-post-thumbnail","hentry","category-xeberler","infinite-scroll-item","generate-columns","tablet-grid-50","mobile-grid-100","grid-parent","grid-33","no-featured-image-padding"],"acf":[],"yoast_head":"<!-- This site is optimized with the Yoast SEO plugin v27.5 - https:\/\/yoast.com\/product\/yoast-seo-wordpress\/ -->\n<title>Meydan TV-nin m\u00fcraci\u0259ti - MEYDAN.TV<\/title>\n<meta name=\"robots\" content=\"index, follow, max-snippet:-1, max-image-preview:large, max-video-preview:-1\" \/>\n<link rel=\"canonical\" href=\"https:\/\/www.meydan.tv\/az\/article\/meydan-tv-nin-muracieti\/\" \/>\n<meta property=\"og:locale\" content=\"az_AZ\" \/>\n<meta property=\"og:type\" content=\"article\" \/>\n<meta property=\"og:title\" content=\"Meydan TV-nin m\u00fcraci\u0259ti - MEYDAN.TV\" \/>\n<meta property=\"og:description\" content=\"Meydan TV ail\u0259si d\u00fcn\u0259n oldu\u011fu kimi, bu g\u00fcn d\u0259 c\u0259miyy\u0259tin h\u0259r t\u0259b\u0259q\u0259sinin s\u0259si olma\u011fa \u00e7al\u0131\u015f\u0131r v\u0259 buna nail olmaq \u00fc\u00e7\u00fcn \u0259lind\u0259n g\u0259l\u0259ni edir\" \/>\n<meta property=\"og:url\" content=\"https:\/\/www.meydan.tv\/az\/article\/meydan-tv-nin-muracieti\/\" \/>\n<meta property=\"og:site_name\" content=\"MEYDAN.TV\" \/>\n<meta property=\"article:published_time\" content=\"2020-10-26T14:33:13+00:00\" \/>\n<meta property=\"og:image\" content=\"https:\/\/www.meydan.tv\/wp-content\/uploads\/untitled_design_19_zrx54gr.png\" \/>\n\t<meta property=\"og:image:width\" content=\"1280\" \/>\n\t<meta property=\"og:image:height\" content=\"720\" \/>\n\t<meta property=\"og:image:type\" content=\"image\/png\" \/>\n<meta name=\"author\" content=\"user-manager\" \/>\n<meta name=\"twitter:card\" content=\"summary_large_image\" \/>\n<script type=\"application\/ld+json\" class=\"yoast-schema-graph\">{\"@context\":\"https:\\\/\\\/schema.org\",\"@graph\":[{\"@type\":\"Article\",\"@id\":\"https:\\\/\\\/www.meydan.tv\\\/az\\\/article\\\/meydan-tv-nin-muracieti\\\/#article\",\"isPartOf\":{\"@id\":\"https:\\\/\\\/www.meydan.tv\\\/az\\\/article\\\/meydan-tv-nin-muracieti\\\/\"},\"author\":{\"name\":\"user-manager\",\"@id\":\"https:\\\/\\\/www.meydan.tv\\\/az\\\/#\\\/schema\\\/person\\\/10d11eccf6da3662cf5fdab9806ea91a\"},\"headline\":\"Meydan TV-nin m\u00fcraci\u0259ti\",\"datePublished\":\"2020-10-26T14:33:13+00:00\",\"mainEntityOfPage\":{\"@id\":\"https:\\\/\\\/www.meydan.tv\\\/az\\\/article\\\/meydan-tv-nin-muracieti\\\/\"},\"wordCount\":982,\"publisher\":{\"@id\":\"https:\\\/\\\/www.meydan.tv\\\/az\\\/#organization\"},\"image\":{\"@id\":\"https:\\\/\\\/www.meydan.tv\\\/az\\\/article\\\/meydan-tv-nin-muracieti\\\/#primaryimage\"},\"thumbnailUrl\":\"https:\\\/\\\/www.meydan.tv\\\/wp-content\\\/uploads\\\/untitled_design_19_zrx54gr.png\",\"articleSection\":[\"X\u0259b\u0259rl\u0259r\"],\"inLanguage\":\"az\"},{\"@type\":\"WebPage\",\"@id\":\"https:\\\/\\\/www.meydan.tv\\\/az\\\/article\\\/meydan-tv-nin-muracieti\\\/\",\"url\":\"https:\\\/\\\/www.meydan.tv\\\/az\\\/article\\\/meydan-tv-nin-muracieti\\\/\",\"name\":\"Meydan TV-nin m\u00fcraci\u0259ti - MEYDAN.TV\",\"isPartOf\":{\"@id\":\"https:\\\/\\\/www.meydan.tv\\\/az\\\/#website\"},\"primaryImageOfPage\":{\"@id\":\"https:\\\/\\\/www.meydan.tv\\\/az\\\/article\\\/meydan-tv-nin-muracieti\\\/#primaryimage\"},\"image\":{\"@id\":\"https:\\\/\\\/www.meydan.tv\\\/az\\\/article\\\/meydan-tv-nin-muracieti\\\/#primaryimage\"},\"thumbnailUrl\":\"https:\\\/\\\/www.meydan.tv\\\/wp-content\\\/uploads\\\/untitled_design_19_zrx54gr.png\",\"datePublished\":\"2020-10-26T14:33:13+00:00\",\"breadcrumb\":{\"@id\":\"https:\\\/\\\/www.meydan.tv\\\/az\\\/article\\\/meydan-tv-nin-muracieti\\\/#breadcrumb\"},\"inLanguage\":\"az\",\"potentialAction\":[{\"@type\":\"ReadAction\",\"target\":[\"https:\\\/\\\/www.meydan.tv\\\/az\\\/article\\\/meydan-tv-nin-muracieti\\\/\"]}]},{\"@type\":\"ImageObject\",\"inLanguage\":\"az\",\"@id\":\"https:\\\/\\\/www.meydan.tv\\\/az\\\/article\\\/meydan-tv-nin-muracieti\\\/#primaryimage\",\"url\":\"https:\\\/\\\/www.meydan.tv\\\/wp-content\\\/uploads\\\/untitled_design_19_zrx54gr.png\",\"contentUrl\":\"https:\\\/\\\/www.meydan.tv\\\/wp-content\\\/uploads\\\/untitled_design_19_zrx54gr.png\",\"width\":1280,\"height\":720,\"caption\":\"Source: Meydan Tv\"},{\"@type\":\"BreadcrumbList\",\"@id\":\"https:\\\/\\\/www.meydan.tv\\\/az\\\/article\\\/meydan-tv-nin-muracieti\\\/#breadcrumb\",\"itemListElement\":[{\"@type\":\"ListItem\",\"position\":1,\"name\":\"Ana s\u0259hif\u0259\",\"item\":\"https:\\\/\\\/www.meydan.tv\\\/az\\\/\"},{\"@type\":\"ListItem\",\"position\":2,\"name\":\"X\u0259b\u0259rl\u0259r\",\"item\":\"https:\\\/\\\/www.meydan.tv\\\/az\\\/section\\\/xeberler\\\/\"},{\"@type\":\"ListItem\",\"position\":3,\"name\":\"Meydan TV-nin m\u00fcraci\u0259ti\"}]},{\"@type\":\"WebSite\",\"@id\":\"https:\\\/\\\/www.meydan.tv\\\/az\\\/#website\",\"url\":\"https:\\\/\\\/www.meydan.tv\\\/az\\\/\",\"name\":\"MEYDAN.TV\",\"description\":\"Meydan TV Az\u0259rbaycan\u0131n media m\u0259kan\u0131ndak\u0131 alternativ s\u0259sidir\",\"publisher\":{\"@id\":\"https:\\\/\\\/www.meydan.tv\\\/az\\\/#organization\"},\"potentialAction\":[{\"@type\":\"SearchAction\",\"target\":{\"@type\":\"EntryPoint\",\"urlTemplate\":\"https:\\\/\\\/www.meydan.tv\\\/az\\\/?s={search_term_string}\"},\"query-input\":{\"@type\":\"PropertyValueSpecification\",\"valueRequired\":true,\"valueName\":\"search_term_string\"}}],\"inLanguage\":\"az\"},{\"@type\":\"Organization\",\"@id\":\"https:\\\/\\\/www.meydan.tv\\\/az\\\/#organization\",\"name\":\"Meydan TV\",\"url\":\"https:\\\/\\\/www.meydan.tv\\\/az\\\/\",\"logo\":{\"@type\":\"ImageObject\",\"inLanguage\":\"az\",\"@id\":\"https:\\\/\\\/www.meydan.tv\\\/az\\\/#\\\/schema\\\/logo\\\/image\\\/\",\"url\":\"https:\\\/\\\/www.meydan.tv\\\/wp-content\\\/uploads\\\/2021\\\/07\\\/meydan-logo.svg\",\"contentUrl\":\"https:\\\/\\\/www.meydan.tv\\\/wp-content\\\/uploads\\\/2021\\\/07\\\/meydan-logo.svg\",\"width\":195,\"height\":46,\"caption\":\"Meydan TV\"},\"image\":{\"@id\":\"https:\\\/\\\/www.meydan.tv\\\/az\\\/#\\\/schema\\\/logo\\\/image\\\/\"}},{\"@type\":\"Person\",\"@id\":\"https:\\\/\\\/www.meydan.tv\\\/az\\\/#\\\/schema\\\/person\\\/10d11eccf6da3662cf5fdab9806ea91a\",\"name\":\"user-manager\"}]}<\/script>\n<!-- \/ Yoast SEO plugin. -->","yoast_head_json":{"title":"Meydan TV-nin m\u00fcraci\u0259ti - MEYDAN.TV","robots":{"index":"index","follow":"follow","max-snippet":"max-snippet:-1","max-image-preview":"max-image-preview:large","max-video-preview":"max-video-preview:-1"},"canonical":"https:\/\/www.meydan.tv\/az\/article\/meydan-tv-nin-muracieti\/","og_locale":"az_AZ","og_type":"article","og_title":"Meydan TV-nin m\u00fcraci\u0259ti - MEYDAN.TV","og_description":"Meydan TV ail\u0259si d\u00fcn\u0259n oldu\u011fu kimi, bu g\u00fcn d\u0259 c\u0259miyy\u0259tin h\u0259r t\u0259b\u0259q\u0259sinin s\u0259si olma\u011fa \u00e7al\u0131\u015f\u0131r v\u0259 buna nail olmaq \u00fc\u00e7\u00fcn \u0259lind\u0259n g\u0259l\u0259ni edir","og_url":"https:\/\/www.meydan.tv\/az\/article\/meydan-tv-nin-muracieti\/","og_site_name":"MEYDAN.TV","article_published_time":"2020-10-26T14:33:13+00:00","og_image":[{"width":1280,"height":720,"url":"https:\/\/www.meydan.tv\/wp-content\/uploads\/untitled_design_19_zrx54gr.png","type":"image\/png"}],"author":"user-manager","twitter_card":"summary_large_image","schema":{"@context":"https:\/\/schema.org","@graph":[{"@type":"Article","@id":"https:\/\/www.meydan.tv\/az\/article\/meydan-tv-nin-muracieti\/#article","isPartOf":{"@id":"https:\/\/www.meydan.tv\/az\/article\/meydan-tv-nin-muracieti\/"},"author":{"name":"user-manager","@id":"https:\/\/www.meydan.tv\/az\/#\/schema\/person\/10d11eccf6da3662cf5fdab9806ea91a"},"headline":"Meydan TV-nin m\u00fcraci\u0259ti","datePublished":"2020-10-26T14:33:13+00:00","mainEntityOfPage":{"@id":"https:\/\/www.meydan.tv\/az\/article\/meydan-tv-nin-muracieti\/"},"wordCount":982,"publisher":{"@id":"https:\/\/www.meydan.tv\/az\/#organization"},"image":{"@id":"https:\/\/www.meydan.tv\/az\/article\/meydan-tv-nin-muracieti\/#primaryimage"},"thumbnailUrl":"https:\/\/www.meydan.tv\/wp-content\/uploads\/untitled_design_19_zrx54gr.png","articleSection":["X\u0259b\u0259rl\u0259r"],"inLanguage":"az"},{"@type":"WebPage","@id":"https:\/\/www.meydan.tv\/az\/article\/meydan-tv-nin-muracieti\/","url":"https:\/\/www.meydan.tv\/az\/article\/meydan-tv-nin-muracieti\/","name":"Meydan TV-nin m\u00fcraci\u0259ti - MEYDAN.TV","isPartOf":{"@id":"https:\/\/www.meydan.tv\/az\/#website"},"primaryImageOfPage":{"@id":"https:\/\/www.meydan.tv\/az\/article\/meydan-tv-nin-muracieti\/#primaryimage"},"image":{"@id":"https:\/\/www.meydan.tv\/az\/article\/meydan-tv-nin-muracieti\/#primaryimage"},"thumbnailUrl":"https:\/\/www.meydan.tv\/wp-content\/uploads\/untitled_design_19_zrx54gr.png","datePublished":"2020-10-26T14:33:13+00:00","breadcrumb":{"@id":"https:\/\/www.meydan.tv\/az\/article\/meydan-tv-nin-muracieti\/#breadcrumb"},"inLanguage":"az","potentialAction":[{"@type":"ReadAction","target":["https:\/\/www.meydan.tv\/az\/article\/meydan-tv-nin-muracieti\/"]}]},{"@type":"ImageObject","inLanguage":"az","@id":"https:\/\/www.meydan.tv\/az\/article\/meydan-tv-nin-muracieti\/#primaryimage","url":"https:\/\/www.meydan.tv\/wp-content\/uploads\/untitled_design_19_zrx54gr.png","contentUrl":"https:\/\/www.meydan.tv\/wp-content\/uploads\/untitled_design_19_zrx54gr.png","width":1280,"height":720,"caption":"Source: Meydan Tv"},{"@type":"BreadcrumbList","@id":"https:\/\/www.meydan.tv\/az\/article\/meydan-tv-nin-muracieti\/#breadcrumb","itemListElement":[{"@type":"ListItem","position":1,"name":"Ana s\u0259hif\u0259","item":"https:\/\/www.meydan.tv\/az\/"},{"@type":"ListItem","position":2,"name":"X\u0259b\u0259rl\u0259r","item":"https:\/\/www.meydan.tv\/az\/section\/xeberler\/"},{"@type":"ListItem","position":3,"name":"Meydan TV-nin m\u00fcraci\u0259ti"}]},{"@type":"WebSite","@id":"https:\/\/www.meydan.tv\/az\/#website","url":"https:\/\/www.meydan.tv\/az\/","name":"MEYDAN.TV","description":"Meydan TV Az\u0259rbaycan\u0131n media m\u0259kan\u0131ndak\u0131 alternativ s\u0259sidir","publisher":{"@id":"https:\/\/www.meydan.tv\/az\/#organization"},"potentialAction":[{"@type":"SearchAction","target":{"@type":"EntryPoint","urlTemplate":"https:\/\/www.meydan.tv\/az\/?s={search_term_string}"},"query-input":{"@type":"PropertyValueSpecification","valueRequired":true,"valueName":"search_term_string"}}],"inLanguage":"az"},{"@type":"Organization","@id":"https:\/\/www.meydan.tv\/az\/#organization","name":"Meydan TV","url":"https:\/\/www.meydan.tv\/az\/","logo":{"@type":"ImageObject","inLanguage":"az","@id":"https:\/\/www.meydan.tv\/az\/#\/schema\/logo\/image\/","url":"https:\/\/www.meydan.tv\/wp-content\/uploads\/2021\/07\/meydan-logo.svg","contentUrl":"https:\/\/www.meydan.tv\/wp-content\/uploads\/2021\/07\/meydan-logo.svg","width":195,"height":46,"caption":"Meydan TV"},"image":{"@id":"https:\/\/www.meydan.tv\/az\/#\/schema\/logo\/image\/"}},{"@type":"Person","@id":"https:\/\/www.meydan.tv\/az\/#\/schema\/person\/10d11eccf6da3662cf5fdab9806ea91a","name":"user-manager"}]}},"_links":{"self":[{"href":"https:\/\/www.meydan.tv\/az\/wp-json\/wp\/v2\/posts\/203224","targetHints":{"allow":["GET"]}}],"collection":[{"href":"https:\/\/www.meydan.tv\/az\/wp-json\/wp\/v2\/posts"}],"about":[{"href":"https:\/\/www.meydan.tv\/az\/wp-json\/wp\/v2\/types\/post"}],"author":[{"embeddable":true,"href":"https:\/\/www.meydan.tv\/az\/wp-json\/wp\/v2\/users\/11"}],"replies":[{"embeddable":true,"href":"https:\/\/www.meydan.tv\/az\/wp-json\/wp\/v2\/comments?post=203224"}],"version-history":[{"count":0,"href":"https:\/\/www.meydan.tv\/az\/wp-json\/wp\/v2\/posts\/203224\/revisions"}],"wp:featuredmedia":[{"embeddable":true,"href":"https:\/\/www.meydan.tv\/az\/wp-json\/wp\/v2\/media\/150329"}],"wp:attachment":[{"href":"https:\/\/www.meydan.tv\/az\/wp-json\/wp\/v2\/media?parent=203224"}],"wp:term":[{"taxonomy":"category","embeddable":true,"href":"https:\/\/www.meydan.tv\/az\/wp-json\/wp\/v2\/categories?post=203224"},{"taxonomy":"post_tag","embeddable":true,"href":"https:\/\/www.meydan.tv\/az\/wp-json\/wp\/v2\/tags?post=203224"}],"curies":[{"name":"wp","href":"https:\/\/api.w.org\/{rel}","templated":true}]}}