{"id":203220,"date":"2020-10-26T11:57:14","date_gmt":"2020-10-26T11:57:14","guid":{"rendered":"https:\/\/www.meydan.tv\/article\/imisli-sakini-5-neferlik-aile-250-manatla-nece-dolansin\/"},"modified":"2020-10-26T11:57:14","modified_gmt":"2020-10-26T11:57:14","slug":"imisli-sakini-5-neferlik-aile-250-manatla-nece-dolansin","status":"publish","type":"post","link":"https:\/\/www.meydan.tv\/az\/article\/imisli-sakini-5-neferlik-aile-250-manatla-nece-dolansin\/","title":{"rendered":"\u0130mi\u015fli sakini: 5 n\u0259f\u0259rlik ail\u0259 250 manatla nec\u0259 dolans\u0131n?"},"content":{"rendered":"<p>\n  <i><br \/>\n    \u201cAzya\u015fl\u0131 a\u0131z\u0131m epilepsiyadan, o\u011flum is\u0259 qan t\u0259zyiqind\u0259n \u0259ziyy\u0259t \u00e7\u0259kir\u201d<br \/>\n  <\/i>\n<\/p>\n<p>\n  40 ya\u015fl\u0131 N\u0259cib\u0259ddin \u0130sg\u0259nd\u0259rov \u0130mi\u015flinin \u00c7ax\u0131rl\u0131 k\u0259ndind\u0259 ya\u015fay\u0131r. 5 n\u0259f\u0259rlik ail\u0259sini ayl\u0131q ald\u0131\u011f\u0131 250 manatla doland\u0131rma\u011fa \u00e7al\u0131\u015f\u0131r. Deyir, \u00fcst\u0259lik, bu ail\u0259nin h\u0259r bir \u00fczv\u00fcn\u00fcn ciddi sa\u011fl\u0131q probleml\u0259ri var. Bel\u0259 olan halda ya\u015famlar\u0131 daha da \u00e7\u0259tinl\u0259\u015fir.\n<\/p>\n<p>\n  \u201cQ\u0131z\u0131m epilepsiya x\u0259st\u0259sidir. Tez-tez \u00fcr\u0259kgetm\u0259l\u0259ri olur. Buna g\u00f6r\u0259 d\u0259f\u0259l\u0259rl\u0259 \u0130mi\u015fli Rayon M\u0259rk\u0259zi X\u0259st\u0259xanas\u0131na m\u00fcraci\u0259t etmi\u015fik, g\u00f6nd\u0259ri\u015f veribl\u0259r. H\u0259min g\u00f6nd\u0259ri\u015fl\u0259 u\u015fa\u011f\u0131 Bak\u0131ya m\u00fcalic\u0259y\u0259 aparmal\u0131y\u0131q, ancaq bu, m\u00fcmk\u00fcn deyil. \u00c7\u00fcnki hans\u0131 qap\u0131n\u0131 d\u00f6y\u00fcr\u00fck, pul ist\u0259yirl\u0259r. Bizim is\u0259 o q\u0259d\u0259r pulumuz yoxdur\u201d, &#8211; N\u0259cib\u0259ddin \u0130sg\u0259nd\u0259rov \u0259lav\u0259 edir.\n<\/p>\n<p>\n  Evin xan\u0131m\u0131 Nat\u0259van \u0130sg\u0259nd\u0259rova deyir ki, q\u0131z\u0131n\u0131n durumu yax\u015f\u0131 deyil. Adic\u0259 s\u00f6z dey\u0259nd\u0259 d\u0259 y\u0131x\u0131l\u0131b \u00f6z\u00fcnd\u0259n gedir:\n<\/p>\n<p>\n  \u201cO\u011flumun is\u0259 beyindaxili t\u0259zyiqi var, yadda\u015f\u0131 yoxdur, d\u0259rs oxuyur, yad\u0131nda qalm\u0131r. \u015eeirl\u0259ri, hekay\u0259l\u0259ri \u0259zb\u0259rl\u0259yir, dan\u0131\u015f\u0131r, 10 d\u0259qiq\u0259 sonra yad\u0131ndan \u00e7\u0131x\u0131r. K\u00f6rp\u0259 u\u015faqd\u0131r, tez-tez t\u0259zyiqi qalx\u0131r, pis g\u00fcn\u0259 d\u00fc\u015f\u00fcr. Yolda\u015f\u0131m da epilepsiya x\u0259st\u0259sidir. Bird\u0259n \u00fcr\u0259yi gedir, ay\u0131lda bilmirik. \u00dcst\u0259lik, onur\u011fas\u0131nda y\u0131rt\u0131q var. \u00d6z\u00fcm d\u0259 y\u00fcks\u0259k t\u0259zyiqd\u0259n, b\u00f6yr\u0259k \u00e7at\u0131\u015fmazl\u0131\u011f\u0131ndan \u0259ziyy\u0259t \u00e7\u0259kir\u0259m. Sonuncu \u00f6vlad\u0131m\u0131n hamil\u0259liyini he\u00e7 ba\u015fa vura bilm\u0259dim, u\u015faq 6 ayl\u0131q do\u011fuldu. Ona da daimi m\u00fcalic\u0259 laz\u0131md\u0131r. \u0130ndi m\u0259n dem\u0259yim, siz deyin, bu q\u0259d\u0259r x\u0259st\u0259nin m\u00fcalic\u0259sin\u0259 ayl\u0131q 250 manat b\u0259s ed\u0259rmi?\u201d\n<\/p>\n<p>\n  N\u0259cib\u0259ddin \u0130sg\u0259nd\u0259rov deyir ki, bir ne\u00e7\u0259 ay \u00f6nc\u0259sin\u0259d\u0259k he\u00e7 o 250 manat\u0131 da alm\u0131rm\u0131\u015f. V\u0259ziyy\u0259tl\u0259rinin a\u011f\u0131r olmas\u0131 il\u0259 ba\u011fl\u0131 televiziyalarda yay\u0131mlanan yard\u0131m proqramlar\u0131ndan birin\u0259 qat\u0131l\u0131blar. Bundan sonra onu \u018fm\u0259k v\u0259 \u018fhalinin Sosial M\u00fcdafi\u0259si Nazirliyinin tabeliyind\u0259 &quot;Dayan\u0131ql\u0131 v\u0259 Operativ Sosial T\u0259minat Agentliyi&quot;nd\u0259 (DOST) i\u015fl\u0259 t\u0259min edibl\u0259r:\n<\/p>\n<p>\n  \u201cO vaxta q\u0259d\u0259r \u00e7ox b\u0259rbad bir daxmada ya\u015fay\u0131rd\u0131q. Evin i\u00e7ind\u0259 si\u00e7an, k\u0259rt\u0259nk\u0259l\u0259, ilanla&#8230; Yalan demir\u0259m, inan\u0131n. 2 ya\u015fl\u0131 k\u00f6rp\u0259mi yatd\u0131\u011f\u0131 yerd\u0259 ilan \u00e7al\u0131b \u00f6ld\u00fcrd\u00fc. Sonra xeyirxah bir insan biz\u0259 ev tikib verdi. \u0130ndi normal evimiz, \u015f\u0259raitimiz var, amma yaman korluq \u00e7\u0259kirik\u201d.\n<\/p>\n<figure class=\"wp-block-image size-large\">\n  <img decoding=\"async\" src=\"https:\/\/www.meydan.tv\/az\/image_from_ios__4_-jpg-7\/\" alt=\"image_from_ios__4_.jpg\" class=\"wp-image-150305\"\/><figcaption>\n    &#8220;\u0130ndi normal evimiz, \u015f\u0259raitimiz var, amma yaman korluq \u00e7\u0259kirik\u201d<br \/>\n  <\/figcaption><\/figure>\n<p>\n  Nat\u0259van \u0130sg\u0259nd\u0259rova deyir ki, bir ne\u00e7\u0259 d\u0259f\u0259 \u00fcnvanl\u0131 sosial yard\u0131ma m\u00fcraci\u0259t edib, onlara d\u00fc\u015fm\u0259diyini deyibl\u0259r. Daha s\u0259n\u0259d y\u0131\u011fmaqdan da bezdikl\u0259rini deyirl\u0259r. N\u0259 ed\u0259c\u0259kl\u0259rini bilmirl\u0259r:\n<\/p>\n<p>\n  \u201cM\u00fcalic\u0259 olunma\u011fa pul yox, yard\u0131m verilmir, maa\u015f az. Normal bir i\u015f d\u0259 yoxdur ki, ged\u0259m i\u015fl\u0259y\u0259m. F\u0259hl\u0259likdir, ona da g\u00fcc\u00fcm \u00e7atm\u0131r, x\u0259st\u0259y\u0259m. \u0130nan\u0131n, art\u0131q n\u0259 ed\u0259c\u0259yimi bilmir\u0259m. H\u0259r d\u0259f\u0259 u\u015faqlar\u0131m a\u011fr\u0131dan s\u0131zlayanda, yaxud v\u0259ziyy\u0259tl\u0259ri g\u00fcn\u00fc-g\u00fcnd\u0259n a\u011f\u0131rla\u015fanda az qal\u0131ram intihar ed\u0259m. Ev tikibl\u0259r, sa\u011f olsun xeyirxah insanlar, amma d\u00f6vl\u0259t d\u0259 bir \u0259l atsa, ya \u00fcnvanl\u0131 sosial yard\u0131m ay\u0131rsa, ya da bizi ail\u0259likc\u0259 d\u00f6vl\u0259t hesab\u0131na m\u00fcalic\u0259 etdirs\u0259 yax\u015f\u0131 olar. Biz \u00e7ox pis durumday\u0131q\u201d.\n<\/p>\n<p>\n  \u0130mi\u015fli Rayon M\u0259rk\u0259zi X\u0259st\u0259xanas\u0131ndan Meydan TV-y\u0259 ail\u0259nin onlara m\u00fcraci\u0259t etm\u0259sini s\u00f6yl\u0259yibl\u0259r. Deyibl\u0259r ki, \u0259ll\u0259rind\u0259n g\u0259l\u0259n yard\u0131m\u0131 etm\u0259y\u0259 haz\u0131rd\u0131rlar. \u018fg\u0259r burada m\u00fcmk\u00fcn olmasa, Bak\u0131ya g\u00f6nd\u0259ri\u015f veril\u0259r:\n<\/p>\n<p>\n  \u201cD\u00f6vl\u0259t x\u0259st\u0259xanalar\u0131nda m\u00fcalic\u0259, m\u00fcayin\u0259 is\u0259 pulsuzdur. G\u00f6r\u00fcn\u00fcr, n\u0259s\u0259 yanl\u0131\u015f anlama olub\u201d.\n<\/p>\n<p>\n  D\u00f6vl\u0259t Sosial M\u00fcdafi\u0259 Fondunun \u0130mi\u015fli Rayon \u015e\u00f6b\u0259sind\u0259n is\u0259 bildirilib ki, ail\u0259 m\u00fcraci\u0259t etsin, onlar\u0131n v\u0259ziyy\u0259tini d\u0259y\u0259rl\u0259ndirsinl\u0259r. Ail\u0259d\u0259 u\u015faq \u00e7oxdur, b\u0259lk\u0259 d\u0259 onlara sosial yard\u0131m ayr\u0131lar:\n<\/p>\n<figure class=\"wp-block-image size-large\">\n  <img decoding=\"async\" src=\"https:\/\/www.meydan.tv\/az\/image_from_ios__1_-jpg-15\/\" alt=\"image_from_ios__1_.jpg\" class=\"wp-image-150317\"\/><figcaption>\n    &#8220;Daha s\u0259n\u0259d y\u0131\u011fmaqdan da bezdikl\u0259rini deyirl\u0259r&#8221;<br \/>\n  <\/figcaption><\/figure>\n<p>\n  \u201cAmma buna biz q\u0259rar vermirik. Onlayn m\u00fcraci\u0259t etm\u0259lidirl\u0259r. Nazirlik bax\u0131r v\u0259 q\u0259rar verir ki, bu insanlara yard\u0131m d\u00fc\u015f\u00fcr, yoxsa yox. \u018fg\u0259r m\u00fcraci\u0259t etm\u0259k qaydalar\u0131 v\u0259 s. il\u0259 ba\u011fl\u0131 k\u00f6m\u0259k laz\u0131md\u0131rsa, o zaman m\u0259rk\u0259z\u0259 yax\u0131nla\u015fs\u0131nlar. \u018flimizd\u0259n g\u0259l\u0259n k\u00f6m\u0259yi ed\u0259rik\u201d.\n<\/p>\n<p>\n  Sentyabr\u0131n 24-d\u0259 BMT Ba\u015f Assambleyas\u0131n\u0131n 75-ci sessiyas\u0131n\u0131n \u00fcmumi debatlar\u0131 ke\u00e7irilib. Prezident \u0130lham \u018fliyev h\u0259min deatda videoformatda \u00e7\u0131x\u0131\u015f edib. H\u0259mi\u015f \u00e7\u0131x\u0131\u015f\u0131nda Az\u0259rbaycan\u0131n s\u0259hiyy\u0259sind\u0259n d\u0259<br \/>\n  <a href=\"https:\/\/azertag.az\/xeber\/Prezident_Ilham_Aliyev_Biz_pandemiyanin_ohdesinden_yalniz_qarsiliqli_destek_ve_birge_seylerle_gele_bilerik_VIDEO-1594393\"><br \/>\n    dan\u0131\u015f\u0131b<br \/>\n  <\/a><br \/>\n  .\n<\/p>\n<p>\n  Deyib ki, Az\u0259rbaycanda s\u0259hiyy\u0259 infrastrukturu \u0259h\u0259miyy\u0259tli d\u0259r\u0259c\u0259d\u0259 inki\u015faf edib v\u0259 yenid\u0259n qurulub:\n<\/p>\n<p>\n  \u201cSon 17 ild\u0259 700-\u0259 yax\u0131n x\u0259st\u0259xana yenid\u0259n tikilib v\u0259 ya \u0259sasl\u0131 t\u0259mir edilib. G\u00f6r\u00fclm\u00fc\u015f t\u0259dbirl\u0259r n\u0259tic\u0259sind\u0259 \u00f6lk\u0259d\u0259 COVID-19 il\u0259 ba\u011fl\u0131 v\u0259ziyy\u0259t n\u0259zar\u0259t alt\u0131ndad\u0131r\u201d.\n<\/p>\n<p>\n  Prezident bildirib ki, pandemiyan\u0131n iqtisadi \u00e7\u0259tinlikl\u0259rin\u0259 baxmayaraq, v\u0259t\u0259nda\u015flar\u0131n h\u0259yat\u0131 v\u0259 sa\u011flaml\u0131\u011f\u0131 onun \u00fc\u00e7\u00fcn prioritet t\u0259\u015fkil edir:\n<\/p>\n<p>\n  \u201c\u0130qtisadi sabitlik, makroiqtisadi v\u0259 maliyy\u0259 dayan\u0131ql\u0131l\u0131\u011f\u0131n\u0131n t\u0259min olunmas\u0131, habel\u0259 i\u015fsizlikl\u0259 ba\u011fl\u0131 m\u0259s\u0259l\u0259l\u0259rin h\u0259lli m\u0259qs\u0259dil\u0259 2 milyard dollar h\u0259cmind\u0259 iqtisadi-sosial yard\u0131m paketi t\u0259qdim edilib. Sosial d\u0259st\u0259k t\u0259dbirl\u0259ri t\u0259qrib\u0259n 5 milyon v\u0259t\u0259nda\u015f\u0131, y\u0259ni, \u00f6lk\u0259 \u0259halisinin yar\u0131s\u0131n\u0131 \u0259hat\u0259 edir\u201d.\n<\/p>\n<figure class=\"wp-block-image size-large\">\n  <img decoding=\"async\" src=\"https:\/\/www.meydan.tv\/az\/image_from_ios-7-jpg-63\/\" alt=\"image_from_ios (7).jpg\" class=\"wp-image-150308\"\/><figcaption>\n    &#8220;Buna g\u00f6r\u0259 d\u0259f\u0259l\u0259rl\u0259 \u0130mi\u015fli Rayon M\u0259rk\u0259zi X\u0259st\u0259xanas\u0131na m\u00fcraci\u0259t etmi\u015fik&#8221;<br \/>\n  <\/figcaption><\/figure>\n<p>\n  Ancaq D\u00f6vl\u0259t Statistika Komit\u0259sinin &quot;Az\u0259rbaycan faktlar v\u0259 r\u0259q\u0259ml\u0259r&quot; burax\u0131l\u0131\u015f\u0131n\u0131n s\u0259hiyy\u0259<br \/>\n  <a href=\"https:\/\/www.stat.gov.az\/menu\/6\/buklet\/azerbaycan_faktlar_ve_reqemler_2020.pdf?fbclid=IwAR0i2RxqbQ461ovEXGTedzMZaom9Kv5PLd7YjIQDCtTWldluMV6ECUgqgn4\"><br \/>\n    b\u00f6lm\u0259si<br \/>\n  <\/a><br \/>\n  nd\u0259 g\u00f6st\u0259rilir ki, \u00f6lk\u0259d\u0259 1 yanvar 2020-ci il tarix\u0259 f\u0259aliyy\u0259td\u0259 olan x\u0259st\u0259xanalar\u0131n say\u0131 570-dir. Y\u0259ni 700 deyil.\n<\/p>\n<p>\n  Demokratiya v\u0259 Rifah H\u0259r\u0259kat\u0131n\u0131n s\u0259dri, iqtisad\u00e7\u0131 Qubad \u0130bado\u011flu deyir ki, Prezidentin dediyi kimi s\u0259hiyy\u0259 infrastrukturu \u0259h\u0259miyy\u0259tli d\u0259r\u0259c\u0259d\u0259 inki\u015faf etmi\u015f olsayd\u0131, az qala h\u0259r g\u00fcn 3 min, h\u0259r il orta hesabla 1 milyon x\u0259st\u0259 \u0130rana m\u00fcalic\u0259y\u0259 getm\u0259zdi.\n<\/p>\n<p>\n  \u0130qtisad\u00e7\u0131n\u0131n s\u00f6zl\u0259rin\u0259 g\u00f6r\u0259, 2020-ci il\u0259 q\u0259d\u0259r \u00f6lk\u0259d\u0259 tibbi s\u0131\u011fortan\u0131n t\u0259tbiq edilm\u0259m\u0259si s\u0259b\u0259bind\u0259n insanlar tibbi xidm\u0259td\u0259n k\u0259narda qal\u0131b: \u201cBu da sual do\u011furur: Niy\u0259 indiy\u0259 q\u0259d\u0259r \u00f6lk\u0259d\u0259 tibbi s\u0131\u011forta t\u0259tbiq olunmay\u0131b?\u201d<\/p>\n","protected":false},"excerpt":{"rendered":"<p>&#8220;Adic\u0259 s\u00f6z dey\u0259nd\u0259 d\u0259 y\u0131x\u0131l\u0131b \u00f6z\u00fcnd\u0259n gedir&#8221;<\/p>\n","protected":false},"author":11,"featured_media":150320,"comment_status":"closed","ping_status":"open","sticky":false,"template":"","format":"standard","meta":{"_acf_changed":false,"_sitemap_exclude":false,"_sitemap_priority":"","_sitemap_frequency":"","footnotes":""},"categories":[60],"tags":[],"class_list":["post-203220","post","type-post","status-publish","format-standard","has-post-thumbnail","hentry","category-bolge","infinite-scroll-item","generate-columns","tablet-grid-50","mobile-grid-100","grid-parent","grid-33","no-featured-image-padding"],"acf":[],"yoast_head":"<!-- This site is optimized with the Yoast SEO plugin v27.5 - https:\/\/yoast.com\/product\/yoast-seo-wordpress\/ -->\n<title>\u0130mi\u015fli sakini: 5 n\u0259f\u0259rlik ail\u0259 250 manatla nec\u0259 dolans\u0131n? - MEYDAN.TV<\/title>\n<meta name=\"robots\" content=\"index, follow, max-snippet:-1, max-image-preview:large, max-video-preview:-1\" \/>\n<link rel=\"canonical\" href=\"https:\/\/www.meydan.tv\/az\/article\/imisli-sakini-5-neferlik-aile-250-manatla-nece-dolansin\/\" \/>\n<meta property=\"og:locale\" content=\"az_AZ\" \/>\n<meta property=\"og:type\" content=\"article\" \/>\n<meta property=\"og:title\" content=\"\u0130mi\u015fli sakini: 5 n\u0259f\u0259rlik ail\u0259 250 manatla nec\u0259 dolans\u0131n? - MEYDAN.TV\" \/>\n<meta property=\"og:description\" content=\"&quot;Adic\u0259 s\u00f6z dey\u0259nd\u0259 d\u0259 y\u0131x\u0131l\u0131b \u00f6z\u00fcnd\u0259n gedir&quot;\" \/>\n<meta property=\"og:url\" content=\"https:\/\/www.meydan.tv\/az\/article\/imisli-sakini-5-neferlik-aile-250-manatla-nece-dolansin\/\" \/>\n<meta property=\"og:site_name\" content=\"MEYDAN.TV\" \/>\n<meta property=\"article:published_time\" content=\"2020-10-26T11:57:14+00:00\" \/>\n<meta property=\"og:image\" content=\"https:\/\/www.meydan.tv\/wp-content\/uploads\/image_from_ios__5__26kxzrj-scaled.jpg\" \/>\n\t<meta property=\"og:image:width\" content=\"2560\" \/>\n\t<meta property=\"og:image:height\" content=\"1920\" \/>\n\t<meta property=\"og:image:type\" content=\"image\/jpeg\" \/>\n<meta name=\"author\" content=\"user-manager\" \/>\n<meta name=\"twitter:card\" content=\"summary_large_image\" \/>\n<script type=\"application\/ld+json\" class=\"yoast-schema-graph\">{\"@context\":\"https:\\\/\\\/schema.org\",\"@graph\":[{\"@type\":\"Article\",\"@id\":\"https:\\\/\\\/www.meydan.tv\\\/az\\\/article\\\/imisli-sakini-5-neferlik-aile-250-manatla-nece-dolansin\\\/#article\",\"isPartOf\":{\"@id\":\"https:\\\/\\\/www.meydan.tv\\\/az\\\/article\\\/imisli-sakini-5-neferlik-aile-250-manatla-nece-dolansin\\\/\"},\"author\":{\"name\":\"user-manager\",\"@id\":\"https:\\\/\\\/www.meydan.tv\\\/az\\\/#\\\/schema\\\/person\\\/10d11eccf6da3662cf5fdab9806ea91a\"},\"headline\":\"\u0130mi\u015fli sakini: 5 n\u0259f\u0259rlik ail\u0259 250 manatla nec\u0259 dolans\u0131n?\",\"datePublished\":\"2020-10-26T11:57:14+00:00\",\"mainEntityOfPage\":{\"@id\":\"https:\\\/\\\/www.meydan.tv\\\/az\\\/article\\\/imisli-sakini-5-neferlik-aile-250-manatla-nece-dolansin\\\/\"},\"wordCount\":1221,\"publisher\":{\"@id\":\"https:\\\/\\\/www.meydan.tv\\\/az\\\/#organization\"},\"image\":{\"@id\":\"https:\\\/\\\/www.meydan.tv\\\/az\\\/article\\\/imisli-sakini-5-neferlik-aile-250-manatla-nece-dolansin\\\/#primaryimage\"},\"thumbnailUrl\":\"https:\\\/\\\/www.meydan.tv\\\/wp-content\\\/uploads\\\/image_from_ios__5__26kxzrj-scaled.jpg\",\"articleSection\":[\"B\u00f6lg\u0259\"],\"inLanguage\":\"az\"},{\"@type\":\"WebPage\",\"@id\":\"https:\\\/\\\/www.meydan.tv\\\/az\\\/article\\\/imisli-sakini-5-neferlik-aile-250-manatla-nece-dolansin\\\/\",\"url\":\"https:\\\/\\\/www.meydan.tv\\\/az\\\/article\\\/imisli-sakini-5-neferlik-aile-250-manatla-nece-dolansin\\\/\",\"name\":\"\u0130mi\u015fli sakini: 5 n\u0259f\u0259rlik ail\u0259 250 manatla nec\u0259 dolans\u0131n? - MEYDAN.TV\",\"isPartOf\":{\"@id\":\"https:\\\/\\\/www.meydan.tv\\\/az\\\/#website\"},\"primaryImageOfPage\":{\"@id\":\"https:\\\/\\\/www.meydan.tv\\\/az\\\/article\\\/imisli-sakini-5-neferlik-aile-250-manatla-nece-dolansin\\\/#primaryimage\"},\"image\":{\"@id\":\"https:\\\/\\\/www.meydan.tv\\\/az\\\/article\\\/imisli-sakini-5-neferlik-aile-250-manatla-nece-dolansin\\\/#primaryimage\"},\"thumbnailUrl\":\"https:\\\/\\\/www.meydan.tv\\\/wp-content\\\/uploads\\\/image_from_ios__5__26kxzrj-scaled.jpg\",\"datePublished\":\"2020-10-26T11:57:14+00:00\",\"breadcrumb\":{\"@id\":\"https:\\\/\\\/www.meydan.tv\\\/az\\\/article\\\/imisli-sakini-5-neferlik-aile-250-manatla-nece-dolansin\\\/#breadcrumb\"},\"inLanguage\":\"az\",\"potentialAction\":[{\"@type\":\"ReadAction\",\"target\":[\"https:\\\/\\\/www.meydan.tv\\\/az\\\/article\\\/imisli-sakini-5-neferlik-aile-250-manatla-nece-dolansin\\\/\"]}]},{\"@type\":\"ImageObject\",\"inLanguage\":\"az\",\"@id\":\"https:\\\/\\\/www.meydan.tv\\\/az\\\/article\\\/imisli-sakini-5-neferlik-aile-250-manatla-nece-dolansin\\\/#primaryimage\",\"url\":\"https:\\\/\\\/www.meydan.tv\\\/wp-content\\\/uploads\\\/image_from_ios__5__26kxzrj-scaled.jpg\",\"contentUrl\":\"https:\\\/\\\/www.meydan.tv\\\/wp-content\\\/uploads\\\/image_from_ios__5__26kxzrj-scaled.jpg\",\"width\":2560,\"height\":1920,\"caption\":\"Source: Specify Source\"},{\"@type\":\"BreadcrumbList\",\"@id\":\"https:\\\/\\\/www.meydan.tv\\\/az\\\/article\\\/imisli-sakini-5-neferlik-aile-250-manatla-nece-dolansin\\\/#breadcrumb\",\"itemListElement\":[{\"@type\":\"ListItem\",\"position\":1,\"name\":\"Ana s\u0259hif\u0259\",\"item\":\"https:\\\/\\\/www.meydan.tv\\\/az\\\/\"},{\"@type\":\"ListItem\",\"position\":2,\"name\":\"B\u00f6lg\u0259\",\"item\":\"https:\\\/\\\/www.meydan.tv\\\/az\\\/section\\\/bolge\\\/\"},{\"@type\":\"ListItem\",\"position\":3,\"name\":\"\u0130mi\u015fli sakini: 5 n\u0259f\u0259rlik ail\u0259 250 manatla nec\u0259 dolans\u0131n?\"}]},{\"@type\":\"WebSite\",\"@id\":\"https:\\\/\\\/www.meydan.tv\\\/az\\\/#website\",\"url\":\"https:\\\/\\\/www.meydan.tv\\\/az\\\/\",\"name\":\"MEYDAN.TV\",\"description\":\"Meydan TV Az\u0259rbaycan\u0131n media m\u0259kan\u0131ndak\u0131 alternativ s\u0259sidir\",\"publisher\":{\"@id\":\"https:\\\/\\\/www.meydan.tv\\\/az\\\/#organization\"},\"potentialAction\":[{\"@type\":\"SearchAction\",\"target\":{\"@type\":\"EntryPoint\",\"urlTemplate\":\"https:\\\/\\\/www.meydan.tv\\\/az\\\/?s={search_term_string}\"},\"query-input\":{\"@type\":\"PropertyValueSpecification\",\"valueRequired\":true,\"valueName\":\"search_term_string\"}}],\"inLanguage\":\"az\"},{\"@type\":\"Organization\",\"@id\":\"https:\\\/\\\/www.meydan.tv\\\/az\\\/#organization\",\"name\":\"Meydan TV\",\"url\":\"https:\\\/\\\/www.meydan.tv\\\/az\\\/\",\"logo\":{\"@type\":\"ImageObject\",\"inLanguage\":\"az\",\"@id\":\"https:\\\/\\\/www.meydan.tv\\\/az\\\/#\\\/schema\\\/logo\\\/image\\\/\",\"url\":\"https:\\\/\\\/www.meydan.tv\\\/wp-content\\\/uploads\\\/2021\\\/07\\\/meydan-logo.svg\",\"contentUrl\":\"https:\\\/\\\/www.meydan.tv\\\/wp-content\\\/uploads\\\/2021\\\/07\\\/meydan-logo.svg\",\"width\":195,\"height\":46,\"caption\":\"Meydan TV\"},\"image\":{\"@id\":\"https:\\\/\\\/www.meydan.tv\\\/az\\\/#\\\/schema\\\/logo\\\/image\\\/\"}},{\"@type\":\"Person\",\"@id\":\"https:\\\/\\\/www.meydan.tv\\\/az\\\/#\\\/schema\\\/person\\\/10d11eccf6da3662cf5fdab9806ea91a\",\"name\":\"user-manager\"}]}<\/script>\n<!-- \/ Yoast SEO plugin. -->","yoast_head_json":{"title":"\u0130mi\u015fli sakini: 5 n\u0259f\u0259rlik ail\u0259 250 manatla nec\u0259 dolans\u0131n? - MEYDAN.TV","robots":{"index":"index","follow":"follow","max-snippet":"max-snippet:-1","max-image-preview":"max-image-preview:large","max-video-preview":"max-video-preview:-1"},"canonical":"https:\/\/www.meydan.tv\/az\/article\/imisli-sakini-5-neferlik-aile-250-manatla-nece-dolansin\/","og_locale":"az_AZ","og_type":"article","og_title":"\u0130mi\u015fli sakini: 5 n\u0259f\u0259rlik ail\u0259 250 manatla nec\u0259 dolans\u0131n? - MEYDAN.TV","og_description":"\"Adic\u0259 s\u00f6z dey\u0259nd\u0259 d\u0259 y\u0131x\u0131l\u0131b \u00f6z\u00fcnd\u0259n gedir\"","og_url":"https:\/\/www.meydan.tv\/az\/article\/imisli-sakini-5-neferlik-aile-250-manatla-nece-dolansin\/","og_site_name":"MEYDAN.TV","article_published_time":"2020-10-26T11:57:14+00:00","og_image":[{"width":2560,"height":1920,"url":"https:\/\/www.meydan.tv\/wp-content\/uploads\/image_from_ios__5__26kxzrj-scaled.jpg","type":"image\/jpeg"}],"author":"user-manager","twitter_card":"summary_large_image","schema":{"@context":"https:\/\/schema.org","@graph":[{"@type":"Article","@id":"https:\/\/www.meydan.tv\/az\/article\/imisli-sakini-5-neferlik-aile-250-manatla-nece-dolansin\/#article","isPartOf":{"@id":"https:\/\/www.meydan.tv\/az\/article\/imisli-sakini-5-neferlik-aile-250-manatla-nece-dolansin\/"},"author":{"name":"user-manager","@id":"https:\/\/www.meydan.tv\/az\/#\/schema\/person\/10d11eccf6da3662cf5fdab9806ea91a"},"headline":"\u0130mi\u015fli sakini: 5 n\u0259f\u0259rlik ail\u0259 250 manatla nec\u0259 dolans\u0131n?","datePublished":"2020-10-26T11:57:14+00:00","mainEntityOfPage":{"@id":"https:\/\/www.meydan.tv\/az\/article\/imisli-sakini-5-neferlik-aile-250-manatla-nece-dolansin\/"},"wordCount":1221,"publisher":{"@id":"https:\/\/www.meydan.tv\/az\/#organization"},"image":{"@id":"https:\/\/www.meydan.tv\/az\/article\/imisli-sakini-5-neferlik-aile-250-manatla-nece-dolansin\/#primaryimage"},"thumbnailUrl":"https:\/\/www.meydan.tv\/wp-content\/uploads\/image_from_ios__5__26kxzrj-scaled.jpg","articleSection":["B\u00f6lg\u0259"],"inLanguage":"az"},{"@type":"WebPage","@id":"https:\/\/www.meydan.tv\/az\/article\/imisli-sakini-5-neferlik-aile-250-manatla-nece-dolansin\/","url":"https:\/\/www.meydan.tv\/az\/article\/imisli-sakini-5-neferlik-aile-250-manatla-nece-dolansin\/","name":"\u0130mi\u015fli sakini: 5 n\u0259f\u0259rlik ail\u0259 250 manatla nec\u0259 dolans\u0131n? - MEYDAN.TV","isPartOf":{"@id":"https:\/\/www.meydan.tv\/az\/#website"},"primaryImageOfPage":{"@id":"https:\/\/www.meydan.tv\/az\/article\/imisli-sakini-5-neferlik-aile-250-manatla-nece-dolansin\/#primaryimage"},"image":{"@id":"https:\/\/www.meydan.tv\/az\/article\/imisli-sakini-5-neferlik-aile-250-manatla-nece-dolansin\/#primaryimage"},"thumbnailUrl":"https:\/\/www.meydan.tv\/wp-content\/uploads\/image_from_ios__5__26kxzrj-scaled.jpg","datePublished":"2020-10-26T11:57:14+00:00","breadcrumb":{"@id":"https:\/\/www.meydan.tv\/az\/article\/imisli-sakini-5-neferlik-aile-250-manatla-nece-dolansin\/#breadcrumb"},"inLanguage":"az","potentialAction":[{"@type":"ReadAction","target":["https:\/\/www.meydan.tv\/az\/article\/imisli-sakini-5-neferlik-aile-250-manatla-nece-dolansin\/"]}]},{"@type":"ImageObject","inLanguage":"az","@id":"https:\/\/www.meydan.tv\/az\/article\/imisli-sakini-5-neferlik-aile-250-manatla-nece-dolansin\/#primaryimage","url":"https:\/\/www.meydan.tv\/wp-content\/uploads\/image_from_ios__5__26kxzrj-scaled.jpg","contentUrl":"https:\/\/www.meydan.tv\/wp-content\/uploads\/image_from_ios__5__26kxzrj-scaled.jpg","width":2560,"height":1920,"caption":"Source: Specify Source"},{"@type":"BreadcrumbList","@id":"https:\/\/www.meydan.tv\/az\/article\/imisli-sakini-5-neferlik-aile-250-manatla-nece-dolansin\/#breadcrumb","itemListElement":[{"@type":"ListItem","position":1,"name":"Ana s\u0259hif\u0259","item":"https:\/\/www.meydan.tv\/az\/"},{"@type":"ListItem","position":2,"name":"B\u00f6lg\u0259","item":"https:\/\/www.meydan.tv\/az\/section\/bolge\/"},{"@type":"ListItem","position":3,"name":"\u0130mi\u015fli sakini: 5 n\u0259f\u0259rlik ail\u0259 250 manatla nec\u0259 dolans\u0131n?"}]},{"@type":"WebSite","@id":"https:\/\/www.meydan.tv\/az\/#website","url":"https:\/\/www.meydan.tv\/az\/","name":"MEYDAN.TV","description":"Meydan TV Az\u0259rbaycan\u0131n media m\u0259kan\u0131ndak\u0131 alternativ s\u0259sidir","publisher":{"@id":"https:\/\/www.meydan.tv\/az\/#organization"},"potentialAction":[{"@type":"SearchAction","target":{"@type":"EntryPoint","urlTemplate":"https:\/\/www.meydan.tv\/az\/?s={search_term_string}"},"query-input":{"@type":"PropertyValueSpecification","valueRequired":true,"valueName":"search_term_string"}}],"inLanguage":"az"},{"@type":"Organization","@id":"https:\/\/www.meydan.tv\/az\/#organization","name":"Meydan TV","url":"https:\/\/www.meydan.tv\/az\/","logo":{"@type":"ImageObject","inLanguage":"az","@id":"https:\/\/www.meydan.tv\/az\/#\/schema\/logo\/image\/","url":"https:\/\/www.meydan.tv\/wp-content\/uploads\/2021\/07\/meydan-logo.svg","contentUrl":"https:\/\/www.meydan.tv\/wp-content\/uploads\/2021\/07\/meydan-logo.svg","width":195,"height":46,"caption":"Meydan TV"},"image":{"@id":"https:\/\/www.meydan.tv\/az\/#\/schema\/logo\/image\/"}},{"@type":"Person","@id":"https:\/\/www.meydan.tv\/az\/#\/schema\/person\/10d11eccf6da3662cf5fdab9806ea91a","name":"user-manager"}]}},"_links":{"self":[{"href":"https:\/\/www.meydan.tv\/az\/wp-json\/wp\/v2\/posts\/203220","targetHints":{"allow":["GET"]}}],"collection":[{"href":"https:\/\/www.meydan.tv\/az\/wp-json\/wp\/v2\/posts"}],"about":[{"href":"https:\/\/www.meydan.tv\/az\/wp-json\/wp\/v2\/types\/post"}],"author":[{"embeddable":true,"href":"https:\/\/www.meydan.tv\/az\/wp-json\/wp\/v2\/users\/11"}],"replies":[{"embeddable":true,"href":"https:\/\/www.meydan.tv\/az\/wp-json\/wp\/v2\/comments?post=203220"}],"version-history":[{"count":0,"href":"https:\/\/www.meydan.tv\/az\/wp-json\/wp\/v2\/posts\/203220\/revisions"}],"wp:featuredmedia":[{"embeddable":true,"href":"https:\/\/www.meydan.tv\/az\/wp-json\/wp\/v2\/media\/150320"}],"wp:attachment":[{"href":"https:\/\/www.meydan.tv\/az\/wp-json\/wp\/v2\/media?parent=203220"}],"wp:term":[{"taxonomy":"category","embeddable":true,"href":"https:\/\/www.meydan.tv\/az\/wp-json\/wp\/v2\/categories?post=203220"},{"taxonomy":"post_tag","embeddable":true,"href":"https:\/\/www.meydan.tv\/az\/wp-json\/wp\/v2\/tags?post=203220"}],"curies":[{"name":"wp","href":"https:\/\/api.w.org\/{rel}","templated":true}]}}