{"id":203209,"date":"2020-10-25T15:31:54","date_gmt":"2020-10-25T15:31:54","guid":{"rendered":"https:\/\/www.meydan.tv\/article\/gence-sakini-gece-yatdigim-yerde-evimi-basima-ucururlar\/"},"modified":"2020-10-25T15:31:54","modified_gmt":"2020-10-25T15:31:54","slug":"gence-sakini-gece-yatdigim-yerde-evimi-basima-ucururlar","status":"publish","type":"post","link":"https:\/\/www.meydan.tv\/az\/article\/gence-sakini-gece-yatdigim-yerde-evimi-basima-ucururlar\/","title":{"rendered":"G\u0259nc\u0259 sakini: Gec\u0259 yatd\u0131\u011f\u0131m yerd\u0259 evimi ba\u015f\u0131ma u\u00e7ururlar"},"content":{"rendered":"<p>\n  <b><br \/>\n    \u201cPartlay\u0131\u015f olan bina sanki yer yar\u0131l\u0131b i\u00e7in\u0259 girib\u201d<br \/>\n  <\/b>\n<\/p>\n<p>\n  \u201cEv yeni t\u0259mird\u0259n \u00e7\u0131xm\u0131\u015fd\u0131. \u0130\u00e7ind\u0259 he\u00e7 bir g\u00fcn d\u0259 ya\u015famam\u0131\u015fd\u0131q. Partlay\u0131\u015fdan sonra xaraba qald\u0131\u201d.\n<\/p>\n<p>\n  Bunu Meydan TV-y\u0259 G\u0259nc\u0259 \u015f\u0259h\u0259r sakini \u0130lah\u0259 Ad\u0131g\u00f6z\u0259lova deyir. Bildirir ki, oktyabr\u0131n 17-d\u0259 Erm\u0259nistan silahl\u0131 q\u00fcvv\u0259l\u0259ri t\u0259r\u0259find\u0259n \u015f\u0259h\u0259r\u0259 endiril\u0259n raket m\u0259rmisi n\u0259tic\u0259sind\u0259 \u0130n\u015faat\u00e7\u0131lar k\u00fc\u00e7\u0259si, m\u0259nzil 7 \u00fcnvan\u0131nda yerl\u0259\u015f\u0259n evin\u0259 ziyan d\u0259yib:\n<\/p>\n<p>\n  \u201cEv bac\u0131m\u0131nd\u0131r, o, Rusiya v\u0259t\u0259nda\u015f\u0131d\u0131r, burada ya\u015fam\u0131r. S\u0259h\u0259r z\u0259ng etdi ki, x\u0259b\u0259rin var, gec\u0259 \u201cArena\u201d\u00e7ay evinin yan\u0131na raket m\u0259rmisi d\u00fc\u015f\u00fcb. \u018ftrafda olan evl\u0259ri da\u011f\u0131d\u0131b. Qa\u00e7araq taksiy\u0259 minib bura g\u0259ldim. Ev\u0259 gir\u0259nd\u0259 g\u00f6zl\u0259rim\u0259 inanmad\u0131m, b\u00fct\u00fcn p\u0259nc\u0259r\u0259l\u0259r s\u0131n\u0131b-t\u00f6k\u00fcl\u00fcb. H\u0259y\u0259tin \u00e7arda\u011f\u0131 u\u00e7ub, qap\u0131-baca da\u011f\u0131l\u0131b. S\u0259kkiz \u0259d\u0259d \u00fc\u00e7g\u00f6zl\u00fc aynalar q\u0131r\u0131l\u0131b. Qap\u0131lar da\u011f\u0131l\u0131b. H\u0259y\u0259td\u0259 \u00e7arda\u011f\u0131n tavan hiss\u0259si u\u00e7ub\u201d.\n<\/p>\n<p>\n  \u0130lah\u0259 Ad\u0131g\u00f6z\u0259lova deyir ki, hadis\u0259 zaman\u0131 \u015f\u0259h\u0259rd\u0259 olan telekanallardan evind\u0259 \u00e7\u0259kili\u015f aparma\u011f\u0131 xahi\u015f edib:\n<\/p>\n<p>\n  \u201cDeyir\u0259m ki, g\u0259lin, g\u00f6r\u00fcn evim n\u0259 v\u0259ziyy\u0259t\u0259 d\u00fc\u015f\u00fcb. \u00c7\u0259kili\u015f apar\u0131n, \u00f6lk\u0259 ba\u015f\u00e7\u0131s\u0131 g\u00f6rs\u00fcn ki, di\u015fimiz-d\u0131rna\u011f\u0131m\u0131zla d\u00fcz\u0259ltdiyimiz ev n\u0259 haldad\u0131r. AzTV-nin m\u00fcxbiri \u00fcz\u00fcm\u0259 bax\u0131b, g\u00f6z\u00fcn\u00fc d\u00f6y\u00fcr. H\u0259tta cavab da verm\u0259di. \u018fg\u0259r \u00e7\u0259kili\u015f etmirl\u0259rs\u0259, biz prezident\u0259 s\u00f6z\u00fcm\u00fcz\u00fc nec\u0259 dey\u0259k? Evimiz hadis\u0259 ba\u015f ver\u0259n yerd\u0259n t\u0259xmin\u0259n 20 metr aral\u0131da yerl\u0259\u015fir. Bu \u0259razid\u0259 olan evl\u0259rin ham\u0131s\u0131 ziyan g\u00f6r\u00fcb. Partlay\u0131\u015f olan bina is\u0259 sanki yer yar\u0131l\u0131b i\u00e7in\u0259 girib\u201d.\n<\/p>\n<figure class=\"wp-block-image size-large\">\n  <img decoding=\"async\" src=\"https:\/\/www.meydan.tv\/az\/photo-2020-10-21-13-13-41-jpg\/\" alt=\"photo-2020-10-21-13-13-41.jpg\" class=\"wp-image-150239\"\/><figcaption>\n    \u201cDeyir\u0259m ki, g\u0259lin, g\u00f6r\u00fcn evim n\u0259 v\u0259ziyy\u0259t\u0259 d\u00fc\u015f\u00fcb&#8221;<br \/>\n  <\/figcaption><\/figure>\n<p>\n  \u201cQar\u015f\u0131dan q\u0131\u015f g\u0259lir, ya\u011f\u0131\u015f-qar evin i\u00e7in\u0259 dolacaq\u201d,- dey\u0259n \u015fikay\u0259t\u00e7i f\u0259rdi m\u0259nzill\u0259rin\u0259 d\u0259y\u0259n ziyan\u0131n \u00f6d\u0259nilm\u0259sini ist\u0259yir:\n<\/p>\n<p>\n  \u201cEv\u0259 t\u0259xmin\u0259n 5 min\u0259 yax\u0131n ziyan d\u0259yib. \u0130cra Hakimiyy\u0259tind\u0259n \u00fc\u00e7 n\u0259f\u0259r g\u0259ldi, ev\u0259 bax\u0131\u015f ke\u00e7irib, yaz\u0131b getdil\u0259r. Yazmaq m\u0259nim n\u0259yim\u0259 laz\u0131md\u0131r? Bac\u0131m\u0131n evi yeni t\u0259mird\u0259n \u00e7\u0131x\u0131b, i\u00e7\u0259risind\u0259 ya\u015famam\u0131\u015f\u0131q. Allah erm\u0259nil\u0259rin belini q\u0131rs\u0131n. Bel\u0259 z\u00fclm, v\u0259h\u015filik olar? M\u0259nim 70 ya\u015f\u0131m var. Gec\u0259 yatd\u0131\u011f\u0131m yerd\u0259 evimi ba\u015f\u0131ma u\u00e7ururlar. Prezident\u0259 yalvar\u0131ram, i\u015f\u011falda olan torpaqlar\u0131m\u0131z\u0131 son qar\u0131\u015f\u0131nad\u0259k azad etsin. \u015e\u0259h\u0259rd\u0259 bu boyda geni\u015fmiqyasl\u0131 hadis\u0259 olub, ba\u015f\u00e7\u0131 yoxdur. M\u00fcavinind\u0259n soru\u015furam ki, icra ba\u015f\u00e7\u0131s\u0131 han\u0131? Deyir ki, yerind\u0259. Deyir\u0259m ki, ilin-g\u00fcn\u00fcn bu vaxt\u0131nda ba\u015f\u00e7\u0131 da yerind\u0259 oturar? Mill\u0259t burdad\u0131r, ba\u015f\u00e7\u0131 yoxdur. Dedim ki, m\u0259n\u0259 ba\u015f\u00e7\u0131 laz\u0131md\u0131r, m\u00fcavinini neynir\u0259m?\u201d\n<\/p>\n<p>\n  G\u0259nc\u0259 \u015e\u0259h\u0259r \u0130cra Hakimiyy\u0259tinin m\u0259tbuat xidm\u0259tinin r\u0259hb\u0259ri G\u00fclnar Rzayeva Meydan TV-y\u0259 bildirib ki, z\u0259r\u0259r\u00e7\u0259k\u0259n v\u0259t\u0259nda\u015flar haz\u0131rda m\u00fcv\u0259qq\u0259ti olaraq, yataqxanaya yerl\u0259\u015fdirilibl\u0259r:\n<\/p>\n<p>\n  \u201cV\u0259t\u0259nda\u015flar\u0131n t\u0259hl\u00fck\u0259sizliyi bax\u0131m\u0131ndan yataqxanan\u0131n ad\u0131n\u0131 a\u00e7\u0131qlamaq ist\u0259mirik. Tam t\u0259mirli m\u00fcasir \u015f\u0259raiti olan yataqxanad\u0131r. F\u00f6vq\u0259lad\u0259 hallar naziri K\u0259mal\u0259ddin Heyd\u0259rov da m\u00fcsahib\u0259sind\u0259 bildirdi ki, h\u0259min insanlara evl\u0259r tikilib veril\u0259c\u0259k, ziyan g\u00f6r\u0259n evl\u0259r is\u0259 t\u0259mir olunacaq. T\u0259bii ki, buna m\u00fc\u0259yy\u0259n bir vaxt laz\u0131md\u0131r. D\u00f6vl\u0259t t\u0259r\u0259find\u0259n bu m\u0259s\u0259l\u0259 h\u0259ll olunacaq\u201d.\n<\/p>\n<figure class=\"wp-block-image size-large\">\n  <img decoding=\"async\" src=\"https:\/\/www.meydan.tv\/az\/photo-2020-10-21-13-17-06-jpg\/\" alt=\"photo-2020-10-21-13-17-06.jpg\" class=\"wp-image-150236\"\/><figcaption>\n    &#8220;Ev\u0259 gir\u0259nd\u0259 g\u00f6zl\u0259rim\u0259 inanmad\u0131m, b\u00fct\u00fcn p\u0259nc\u0259r\u0259l\u0259r s\u0131n\u0131b-t\u00f6k\u00fcl\u00fcb&#8221;<br \/>\n  <\/figcaption><\/figure>\n<p>\n  Erm\u0259nistan silahl\u0131 q\u00fcvv\u0259l\u0259ri oktyabr\u0131n 5, 11 v\u0259 17-d\u0259 G\u0259nc\u0259 \u015f\u0259h\u0259rinin m\u00fclki \u0259halisinin ya\u015fad\u0131\u011f\u0131 m\u0259nt\u0259q\u0259l\u0259ri a\u011f\u0131r artilleriyadan at\u0259\u015f\u0259 tutub.\n<\/p>\n<p>\n  Oktyabr\u0131n 5-d\u0259 G\u0259nc\u0259 Beyn\u0259lxalq X\u0259st\u0259xanas\u0131n\u0131n, 34 sayl\u0131 orta m\u0259kt\u0259bin, \u015eah \u0130smay\u0131l X\u0259tai k\u00fc\u00e7\u0259sind\u0259 yerl\u0259\u015f\u0259n mebel fabrikinin yax\u0131nl\u0131\u011f\u0131na, \u201cYevlax avtova\u011fzal\u0131\u201d deyil\u0259n \u0259raziy\u0259 v\u0259 m\u0259rk\u0259zi bazara raket at\u0131lmas\u0131 n\u0259tic\u0259sind\u0259 1 n\u0259f\u0259r dinc sakin h\u0259lak olub, 3 n\u0259f\u0259r m\u00fcxt\u0259lif d\u0259r\u0259c\u0259li b\u0259d\u0259n x\u0259sar\u0259tl\u0259ri alaraq x\u0259st\u0259xanaya yerl\u0259\u015fdirilib, m\u00fclki t\u0259yinatl\u0131 binalara v\u0259 \u015f\u0259h\u0259r infrastrukturuna k\u00fclli miqdarda ziyan d\u0259yib.\n<\/p>\n<p>\n  Oktyabr\u0131n 11-d\u0259 gec\u0259 saat 2 rad\u0259l\u0259rind\u0259 erm\u0259nil\u0259r ikinci d\u0259f\u0259 G\u0259nc\u0259ni raket at\u0259\u015fin\u0259 tutub. N\u0259tic\u0259d\u0259 9 n\u0259f\u0259r h\u0259lak olub, 35 n\u0259f\u0259r yaralan\u0131b, 10-dan art\u0131q \u00e7oxm\u0259nzilli binaya v\u0259 100-d\u0259n \u00e7ox m\u00fcxt\u0259lif t\u0259yinatl\u0131 obyekt\u0259 ziyan d\u0259yib. T\u0259hsil Nazirliyinin m\u0259lumat\u0131na g\u00f6r\u0259, G\u0259nc\u0259d\u0259 yaralanan u\u015faqlardan 2-si ikinci, 2-si \u00fc\u00e7\u00fcnc\u00fc, dig\u0259rl\u0259ri is\u0259 4, 6, 7, 10 v\u0259 11-ci sinif \u015fagirdl\u0259ridir.\n<\/p>\n<figure class=\"wp-block-image size-large\">\n  <img decoding=\"async\" src=\"https:\/\/www.meydan.tv\/az\/untitled-design-4-png-8\/\" alt=\"Untitled design (4).png\" class=\"wp-image-150260\"\/><figcaption>\n    &#8220;AzTV-nin m\u00fcxbiri \u00fcz\u00fcm\u0259 bax\u0131b, g\u00f6z\u00fcn\u00fc d\u00f6y\u00fcr&#8221;.<br \/>\n  <\/figcaption><\/figure>\n<p>\n  Oktyabr\u0131n 16-dan 17-n\u0259 ke\u00e7\u0259n gec\u0259 erm\u0259nil\u0259r \u015f\u0259h\u0259rin m\u0259rk\u0259zin\u0259 Cenevr\u0259 konvensiyas\u0131 il\u0259 qada\u011fan olunmu\u015f \u201cElbrus\u201d ballistik raketi at\u0131b. \u018frazid\u0259ki ya\u015fay\u0131\u015f evl\u0259rin\u0259 v\u0259 m\u00fclki obyektl\u0259r\u0259 b\u00f6y\u00fck ziyan d\u0259yib. N\u0259tic\u0259d\u0259 15 m\u00fclki \u015f\u0259xs h\u0259lak olub, 52 n\u0259f\u0259r yaralan\u0131b.\n<\/p>\n<p>\n  Ba\u015f Prokurorlu\u011fun son m\u0259lumat\u0131na g\u00f6r\u0259, Erm\u0259nistan silahl\u0131 q\u00fcvv\u0259l\u0259rinin h\u00fccumlar\u0131 n\u0259tic\u0259sind\u0259 sentyabr\u0131n 27-d\u0259n indiy\u0259d\u0259k 63 m\u00fclki \u015f\u0259xs q\u0259tl\u0259 yetrilib, 292 n\u0259f\u0259r is\u0259 yaralan\u0131b.\n<\/p>\n<figure class=\"wp-block-image size-large\">\n  <img decoding=\"async\" src=\"https:\/\/www.meydan.tv\/az\/untitled-design-3-png-17\/\" alt=\"Untitled design (3).png\" class=\"wp-image-150263\"\/><figcaption>\n    &#8220;Bel\u0259 z\u00fclm, v\u0259h\u015filik olar?&#8221;<br \/>\n  <\/figcaption><\/figure>\n<figure class=\"wp-block-image size-large\">\n  <img decoding=\"async\" src=\"https:\/\/www.meydan.tv\/az\/untitled-design-5-png-4\/\" alt=\"Untitled design (5).png\" class=\"wp-image-150266\"\/><figcaption>\n    \u201cQar\u015f\u0131dan q\u0131\u015f g\u0259lir, ya\u011f\u0131\u015f-qar evin i\u00e7in\u0259 dolacaq\u201d<br \/>\n  <\/figcaption><\/figure>\n","protected":false},"excerpt":{"rendered":"<p>\u201cQar\u015f\u0131dan q\u0131\u015f g\u0259lir, ya\u011f\u0131\u015f-qar evin i\u00e7in\u0259 dolacaq\u201d<\/p>\n","protected":false},"author":11,"featured_media":150254,"comment_status":"closed","ping_status":"open","sticky":false,"template":"","format":"standard","meta":{"_acf_changed":false,"_sitemap_exclude":false,"_sitemap_priority":"","_sitemap_frequency":"","footnotes":""},"categories":[60],"tags":[],"class_list":["post-203209","post","type-post","status-publish","format-standard","has-post-thumbnail","hentry","category-bolge","infinite-scroll-item","generate-columns","tablet-grid-50","mobile-grid-100","grid-parent","grid-33","no-featured-image-padding"],"acf":[],"yoast_head":"<!-- This site is optimized with the Yoast SEO plugin v27.5 - https:\/\/yoast.com\/product\/yoast-seo-wordpress\/ -->\n<title>G\u0259nc\u0259 sakini: Gec\u0259 yatd\u0131\u011f\u0131m yerd\u0259 evimi ba\u015f\u0131ma u\u00e7ururlar - MEYDAN.TV<\/title>\n<meta name=\"robots\" content=\"index, follow, max-snippet:-1, max-image-preview:large, max-video-preview:-1\" \/>\n<link rel=\"canonical\" href=\"https:\/\/www.meydan.tv\/az\/article\/gence-sakini-gece-yatdigim-yerde-evimi-basima-ucururlar\/\" \/>\n<meta property=\"og:locale\" content=\"az_AZ\" \/>\n<meta property=\"og:type\" content=\"article\" \/>\n<meta property=\"og:title\" content=\"G\u0259nc\u0259 sakini: Gec\u0259 yatd\u0131\u011f\u0131m yerd\u0259 evimi ba\u015f\u0131ma u\u00e7ururlar - MEYDAN.TV\" \/>\n<meta property=\"og:description\" content=\"\u201cQar\u015f\u0131dan q\u0131\u015f g\u0259lir, ya\u011f\u0131\u015f-qar evin i\u00e7in\u0259 dolacaq\u201d\" \/>\n<meta property=\"og:url\" content=\"https:\/\/www.meydan.tv\/az\/article\/gence-sakini-gece-yatdigim-yerde-evimi-basima-ucururlar\/\" \/>\n<meta property=\"og:site_name\" content=\"MEYDAN.TV\" \/>\n<meta property=\"article:published_time\" content=\"2020-10-25T15:31:54+00:00\" \/>\n<meta property=\"og:image\" content=\"https:\/\/www.meydan.tv\/wp-content\/uploads\/photo-2020-10-21-13-19-54.jpg\" \/>\n\t<meta property=\"og:image:width\" content=\"2048\" \/>\n\t<meta property=\"og:image:height\" content=\"1536\" \/>\n\t<meta property=\"og:image:type\" content=\"image\/jpeg\" \/>\n<meta name=\"author\" content=\"user-manager\" \/>\n<meta name=\"twitter:card\" content=\"summary_large_image\" \/>\n<script type=\"application\/ld+json\" class=\"yoast-schema-graph\">{\"@context\":\"https:\\\/\\\/schema.org\",\"@graph\":[{\"@type\":\"Article\",\"@id\":\"https:\\\/\\\/www.meydan.tv\\\/az\\\/article\\\/gence-sakini-gece-yatdigim-yerde-evimi-basima-ucururlar\\\/#article\",\"isPartOf\":{\"@id\":\"https:\\\/\\\/www.meydan.tv\\\/az\\\/article\\\/gence-sakini-gece-yatdigim-yerde-evimi-basima-ucururlar\\\/\"},\"author\":{\"name\":\"user-manager\",\"@id\":\"https:\\\/\\\/www.meydan.tv\\\/az\\\/#\\\/schema\\\/person\\\/10d11eccf6da3662cf5fdab9806ea91a\"},\"headline\":\"G\u0259nc\u0259 sakini: Gec\u0259 yatd\u0131\u011f\u0131m yerd\u0259 evimi ba\u015f\u0131ma u\u00e7ururlar\",\"datePublished\":\"2020-10-25T15:31:54+00:00\",\"mainEntityOfPage\":{\"@id\":\"https:\\\/\\\/www.meydan.tv\\\/az\\\/article\\\/gence-sakini-gece-yatdigim-yerde-evimi-basima-ucururlar\\\/\"},\"wordCount\":1018,\"publisher\":{\"@id\":\"https:\\\/\\\/www.meydan.tv\\\/az\\\/#organization\"},\"image\":{\"@id\":\"https:\\\/\\\/www.meydan.tv\\\/az\\\/article\\\/gence-sakini-gece-yatdigim-yerde-evimi-basima-ucururlar\\\/#primaryimage\"},\"thumbnailUrl\":\"https:\\\/\\\/www.meydan.tv\\\/wp-content\\\/uploads\\\/photo-2020-10-21-13-19-54.jpg\",\"articleSection\":[\"B\u00f6lg\u0259\"],\"inLanguage\":\"az\"},{\"@type\":\"WebPage\",\"@id\":\"https:\\\/\\\/www.meydan.tv\\\/az\\\/article\\\/gence-sakini-gece-yatdigim-yerde-evimi-basima-ucururlar\\\/\",\"url\":\"https:\\\/\\\/www.meydan.tv\\\/az\\\/article\\\/gence-sakini-gece-yatdigim-yerde-evimi-basima-ucururlar\\\/\",\"name\":\"G\u0259nc\u0259 sakini: Gec\u0259 yatd\u0131\u011f\u0131m yerd\u0259 evimi ba\u015f\u0131ma u\u00e7ururlar - MEYDAN.TV\",\"isPartOf\":{\"@id\":\"https:\\\/\\\/www.meydan.tv\\\/az\\\/#website\"},\"primaryImageOfPage\":{\"@id\":\"https:\\\/\\\/www.meydan.tv\\\/az\\\/article\\\/gence-sakini-gece-yatdigim-yerde-evimi-basima-ucururlar\\\/#primaryimage\"},\"image\":{\"@id\":\"https:\\\/\\\/www.meydan.tv\\\/az\\\/article\\\/gence-sakini-gece-yatdigim-yerde-evimi-basima-ucururlar\\\/#primaryimage\"},\"thumbnailUrl\":\"https:\\\/\\\/www.meydan.tv\\\/wp-content\\\/uploads\\\/photo-2020-10-21-13-19-54.jpg\",\"datePublished\":\"2020-10-25T15:31:54+00:00\",\"breadcrumb\":{\"@id\":\"https:\\\/\\\/www.meydan.tv\\\/az\\\/article\\\/gence-sakini-gece-yatdigim-yerde-evimi-basima-ucururlar\\\/#breadcrumb\"},\"inLanguage\":\"az\",\"potentialAction\":[{\"@type\":\"ReadAction\",\"target\":[\"https:\\\/\\\/www.meydan.tv\\\/az\\\/article\\\/gence-sakini-gece-yatdigim-yerde-evimi-basima-ucururlar\\\/\"]}]},{\"@type\":\"ImageObject\",\"inLanguage\":\"az\",\"@id\":\"https:\\\/\\\/www.meydan.tv\\\/az\\\/article\\\/gence-sakini-gece-yatdigim-yerde-evimi-basima-ucururlar\\\/#primaryimage\",\"url\":\"https:\\\/\\\/www.meydan.tv\\\/wp-content\\\/uploads\\\/photo-2020-10-21-13-19-54.jpg\",\"contentUrl\":\"https:\\\/\\\/www.meydan.tv\\\/wp-content\\\/uploads\\\/photo-2020-10-21-13-19-54.jpg\",\"width\":2048,\"height\":1536,\"caption\":\"Source: Specify Source\"},{\"@type\":\"BreadcrumbList\",\"@id\":\"https:\\\/\\\/www.meydan.tv\\\/az\\\/article\\\/gence-sakini-gece-yatdigim-yerde-evimi-basima-ucururlar\\\/#breadcrumb\",\"itemListElement\":[{\"@type\":\"ListItem\",\"position\":1,\"name\":\"Ana s\u0259hif\u0259\",\"item\":\"https:\\\/\\\/www.meydan.tv\\\/az\\\/\"},{\"@type\":\"ListItem\",\"position\":2,\"name\":\"B\u00f6lg\u0259\",\"item\":\"https:\\\/\\\/www.meydan.tv\\\/az\\\/section\\\/bolge\\\/\"},{\"@type\":\"ListItem\",\"position\":3,\"name\":\"G\u0259nc\u0259 sakini: Gec\u0259 yatd\u0131\u011f\u0131m yerd\u0259 evimi ba\u015f\u0131ma u\u00e7ururlar\"}]},{\"@type\":\"WebSite\",\"@id\":\"https:\\\/\\\/www.meydan.tv\\\/az\\\/#website\",\"url\":\"https:\\\/\\\/www.meydan.tv\\\/az\\\/\",\"name\":\"MEYDAN.TV\",\"description\":\"Meydan TV Az\u0259rbaycan\u0131n media m\u0259kan\u0131ndak\u0131 alternativ s\u0259sidir\",\"publisher\":{\"@id\":\"https:\\\/\\\/www.meydan.tv\\\/az\\\/#organization\"},\"potentialAction\":[{\"@type\":\"SearchAction\",\"target\":{\"@type\":\"EntryPoint\",\"urlTemplate\":\"https:\\\/\\\/www.meydan.tv\\\/az\\\/?s={search_term_string}\"},\"query-input\":{\"@type\":\"PropertyValueSpecification\",\"valueRequired\":true,\"valueName\":\"search_term_string\"}}],\"inLanguage\":\"az\"},{\"@type\":\"Organization\",\"@id\":\"https:\\\/\\\/www.meydan.tv\\\/az\\\/#organization\",\"name\":\"Meydan TV\",\"url\":\"https:\\\/\\\/www.meydan.tv\\\/az\\\/\",\"logo\":{\"@type\":\"ImageObject\",\"inLanguage\":\"az\",\"@id\":\"https:\\\/\\\/www.meydan.tv\\\/az\\\/#\\\/schema\\\/logo\\\/image\\\/\",\"url\":\"https:\\\/\\\/www.meydan.tv\\\/wp-content\\\/uploads\\\/2021\\\/07\\\/meydan-logo.svg\",\"contentUrl\":\"https:\\\/\\\/www.meydan.tv\\\/wp-content\\\/uploads\\\/2021\\\/07\\\/meydan-logo.svg\",\"width\":195,\"height\":46,\"caption\":\"Meydan TV\"},\"image\":{\"@id\":\"https:\\\/\\\/www.meydan.tv\\\/az\\\/#\\\/schema\\\/logo\\\/image\\\/\"}},{\"@type\":\"Person\",\"@id\":\"https:\\\/\\\/www.meydan.tv\\\/az\\\/#\\\/schema\\\/person\\\/10d11eccf6da3662cf5fdab9806ea91a\",\"name\":\"user-manager\"}]}<\/script>\n<!-- \/ Yoast SEO plugin. -->","yoast_head_json":{"title":"G\u0259nc\u0259 sakini: Gec\u0259 yatd\u0131\u011f\u0131m yerd\u0259 evimi ba\u015f\u0131ma u\u00e7ururlar - MEYDAN.TV","robots":{"index":"index","follow":"follow","max-snippet":"max-snippet:-1","max-image-preview":"max-image-preview:large","max-video-preview":"max-video-preview:-1"},"canonical":"https:\/\/www.meydan.tv\/az\/article\/gence-sakini-gece-yatdigim-yerde-evimi-basima-ucururlar\/","og_locale":"az_AZ","og_type":"article","og_title":"G\u0259nc\u0259 sakini: Gec\u0259 yatd\u0131\u011f\u0131m yerd\u0259 evimi ba\u015f\u0131ma u\u00e7ururlar - MEYDAN.TV","og_description":"\u201cQar\u015f\u0131dan q\u0131\u015f g\u0259lir, ya\u011f\u0131\u015f-qar evin i\u00e7in\u0259 dolacaq\u201d","og_url":"https:\/\/www.meydan.tv\/az\/article\/gence-sakini-gece-yatdigim-yerde-evimi-basima-ucururlar\/","og_site_name":"MEYDAN.TV","article_published_time":"2020-10-25T15:31:54+00:00","og_image":[{"width":2048,"height":1536,"url":"https:\/\/www.meydan.tv\/wp-content\/uploads\/photo-2020-10-21-13-19-54.jpg","type":"image\/jpeg"}],"author":"user-manager","twitter_card":"summary_large_image","schema":{"@context":"https:\/\/schema.org","@graph":[{"@type":"Article","@id":"https:\/\/www.meydan.tv\/az\/article\/gence-sakini-gece-yatdigim-yerde-evimi-basima-ucururlar\/#article","isPartOf":{"@id":"https:\/\/www.meydan.tv\/az\/article\/gence-sakini-gece-yatdigim-yerde-evimi-basima-ucururlar\/"},"author":{"name":"user-manager","@id":"https:\/\/www.meydan.tv\/az\/#\/schema\/person\/10d11eccf6da3662cf5fdab9806ea91a"},"headline":"G\u0259nc\u0259 sakini: Gec\u0259 yatd\u0131\u011f\u0131m yerd\u0259 evimi ba\u015f\u0131ma u\u00e7ururlar","datePublished":"2020-10-25T15:31:54+00:00","mainEntityOfPage":{"@id":"https:\/\/www.meydan.tv\/az\/article\/gence-sakini-gece-yatdigim-yerde-evimi-basima-ucururlar\/"},"wordCount":1018,"publisher":{"@id":"https:\/\/www.meydan.tv\/az\/#organization"},"image":{"@id":"https:\/\/www.meydan.tv\/az\/article\/gence-sakini-gece-yatdigim-yerde-evimi-basima-ucururlar\/#primaryimage"},"thumbnailUrl":"https:\/\/www.meydan.tv\/wp-content\/uploads\/photo-2020-10-21-13-19-54.jpg","articleSection":["B\u00f6lg\u0259"],"inLanguage":"az"},{"@type":"WebPage","@id":"https:\/\/www.meydan.tv\/az\/article\/gence-sakini-gece-yatdigim-yerde-evimi-basima-ucururlar\/","url":"https:\/\/www.meydan.tv\/az\/article\/gence-sakini-gece-yatdigim-yerde-evimi-basima-ucururlar\/","name":"G\u0259nc\u0259 sakini: Gec\u0259 yatd\u0131\u011f\u0131m yerd\u0259 evimi ba\u015f\u0131ma u\u00e7ururlar - MEYDAN.TV","isPartOf":{"@id":"https:\/\/www.meydan.tv\/az\/#website"},"primaryImageOfPage":{"@id":"https:\/\/www.meydan.tv\/az\/article\/gence-sakini-gece-yatdigim-yerde-evimi-basima-ucururlar\/#primaryimage"},"image":{"@id":"https:\/\/www.meydan.tv\/az\/article\/gence-sakini-gece-yatdigim-yerde-evimi-basima-ucururlar\/#primaryimage"},"thumbnailUrl":"https:\/\/www.meydan.tv\/wp-content\/uploads\/photo-2020-10-21-13-19-54.jpg","datePublished":"2020-10-25T15:31:54+00:00","breadcrumb":{"@id":"https:\/\/www.meydan.tv\/az\/article\/gence-sakini-gece-yatdigim-yerde-evimi-basima-ucururlar\/#breadcrumb"},"inLanguage":"az","potentialAction":[{"@type":"ReadAction","target":["https:\/\/www.meydan.tv\/az\/article\/gence-sakini-gece-yatdigim-yerde-evimi-basima-ucururlar\/"]}]},{"@type":"ImageObject","inLanguage":"az","@id":"https:\/\/www.meydan.tv\/az\/article\/gence-sakini-gece-yatdigim-yerde-evimi-basima-ucururlar\/#primaryimage","url":"https:\/\/www.meydan.tv\/wp-content\/uploads\/photo-2020-10-21-13-19-54.jpg","contentUrl":"https:\/\/www.meydan.tv\/wp-content\/uploads\/photo-2020-10-21-13-19-54.jpg","width":2048,"height":1536,"caption":"Source: Specify Source"},{"@type":"BreadcrumbList","@id":"https:\/\/www.meydan.tv\/az\/article\/gence-sakini-gece-yatdigim-yerde-evimi-basima-ucururlar\/#breadcrumb","itemListElement":[{"@type":"ListItem","position":1,"name":"Ana s\u0259hif\u0259","item":"https:\/\/www.meydan.tv\/az\/"},{"@type":"ListItem","position":2,"name":"B\u00f6lg\u0259","item":"https:\/\/www.meydan.tv\/az\/section\/bolge\/"},{"@type":"ListItem","position":3,"name":"G\u0259nc\u0259 sakini: Gec\u0259 yatd\u0131\u011f\u0131m yerd\u0259 evimi ba\u015f\u0131ma u\u00e7ururlar"}]},{"@type":"WebSite","@id":"https:\/\/www.meydan.tv\/az\/#website","url":"https:\/\/www.meydan.tv\/az\/","name":"MEYDAN.TV","description":"Meydan TV Az\u0259rbaycan\u0131n media m\u0259kan\u0131ndak\u0131 alternativ s\u0259sidir","publisher":{"@id":"https:\/\/www.meydan.tv\/az\/#organization"},"potentialAction":[{"@type":"SearchAction","target":{"@type":"EntryPoint","urlTemplate":"https:\/\/www.meydan.tv\/az\/?s={search_term_string}"},"query-input":{"@type":"PropertyValueSpecification","valueRequired":true,"valueName":"search_term_string"}}],"inLanguage":"az"},{"@type":"Organization","@id":"https:\/\/www.meydan.tv\/az\/#organization","name":"Meydan TV","url":"https:\/\/www.meydan.tv\/az\/","logo":{"@type":"ImageObject","inLanguage":"az","@id":"https:\/\/www.meydan.tv\/az\/#\/schema\/logo\/image\/","url":"https:\/\/www.meydan.tv\/wp-content\/uploads\/2021\/07\/meydan-logo.svg","contentUrl":"https:\/\/www.meydan.tv\/wp-content\/uploads\/2021\/07\/meydan-logo.svg","width":195,"height":46,"caption":"Meydan TV"},"image":{"@id":"https:\/\/www.meydan.tv\/az\/#\/schema\/logo\/image\/"}},{"@type":"Person","@id":"https:\/\/www.meydan.tv\/az\/#\/schema\/person\/10d11eccf6da3662cf5fdab9806ea91a","name":"user-manager"}]}},"_links":{"self":[{"href":"https:\/\/www.meydan.tv\/az\/wp-json\/wp\/v2\/posts\/203209","targetHints":{"allow":["GET"]}}],"collection":[{"href":"https:\/\/www.meydan.tv\/az\/wp-json\/wp\/v2\/posts"}],"about":[{"href":"https:\/\/www.meydan.tv\/az\/wp-json\/wp\/v2\/types\/post"}],"author":[{"embeddable":true,"href":"https:\/\/www.meydan.tv\/az\/wp-json\/wp\/v2\/users\/11"}],"replies":[{"embeddable":true,"href":"https:\/\/www.meydan.tv\/az\/wp-json\/wp\/v2\/comments?post=203209"}],"version-history":[{"count":0,"href":"https:\/\/www.meydan.tv\/az\/wp-json\/wp\/v2\/posts\/203209\/revisions"}],"wp:featuredmedia":[{"embeddable":true,"href":"https:\/\/www.meydan.tv\/az\/wp-json\/wp\/v2\/media\/150254"}],"wp:attachment":[{"href":"https:\/\/www.meydan.tv\/az\/wp-json\/wp\/v2\/media?parent=203209"}],"wp:term":[{"taxonomy":"category","embeddable":true,"href":"https:\/\/www.meydan.tv\/az\/wp-json\/wp\/v2\/categories?post=203209"},{"taxonomy":"post_tag","embeddable":true,"href":"https:\/\/www.meydan.tv\/az\/wp-json\/wp\/v2\/tags?post=203209"}],"curies":[{"name":"wp","href":"https:\/\/api.w.org\/{rel}","templated":true}]}}