{"id":203208,"date":"2020-10-25T15:09:55","date_gmt":"2020-10-25T15:09:55","guid":{"rendered":"https:\/\/www.meydan.tv\/article\/ado-fealiyyetini-berpa-edib\/"},"modified":"2020-10-25T15:09:55","modified_gmt":"2020-10-25T15:09:55","slug":"ado-fealiyyetini-berpa-edib","status":"publish","type":"post","link":"https:\/\/www.meydan.tv\/az\/article\/ado-fealiyyetini-berpa-edib\/","title":{"rendered":"ADO f\u0259aliyy\u0259tini b\u0259rpa edib"},"content":{"rendered":"<p>\n  <i><br \/>\n    Elmin B\u0259d\u0259lov Avropa M\u0259hk\u0259m\u0259sinin 10 ild\u0259n sonra q\u0259rar \u00e7\u0131xard\u0131\u011f\u0131n\u0131 deyir<br \/>\n  <\/i>\n<\/p>\n<p>\n  \u201c2010-cu ild\u0259 \u015e\u00fcv\u0259landa \u015eimal dres deyil\u0259n \u0259razid\u0259 foto\u00e7\u0259kili\u015f aparan zaman bizi \u00f6l\u00fcmc\u00fcl d\u00f6ym\u00fc\u015fd\u00fcl\u0259r. Bununla ba\u011fl\u0131 X\u0259z\u0259r Rayon M\u0259hk\u0259m\u0259sin\u0259 m\u00fcraci\u0259t etdik. Lakin m\u0259hk\u0259m\u0259nin m\u00fcsb\u0259t n\u0259tic\u0259si olmad\u0131\u201d.\n<\/p>\n<p>\n  Bu s\u00f6zl\u0259ri Meydan TV-y\u0259 Az\u0259rbaycan Da\u011f\u0131n\u0131q Oda Tear\u0131n\u0131n (ADO) r\u0259hb\u0259ri, ke\u00e7mi\u015f jurnalist Elmin B\u0259d\u0259lov deyir. Onun s\u00f6zl\u0259rin\u0259 g\u00f6r\u0259, jurnalist h\u0259mkar\u0131 Anar G\u0259rayl\u0131 il\u0259 birg\u0259 \u201cvarl\u0131lar m\u0259h\u0259ll\u0259si\u201d deyil\u0259n \u0259razid\u0259 \u00e7\u0259kili\u015f aparark\u0259n m\u00fchafiz\u0259\u00e7il\u0259r t\u0259r\u0259find\u0259n d\u00f6y\u00fcl\u00fcbl\u0259r:\n<\/p>\n<p>\n  \u201cOrada \u00e7ox maraql\u0131 malikan\u0259l\u0259r var idi. H\u0259tta malikan\u0259l\u0259rd\u0259n biri H\u00f6kum\u0259t Evinin binas\u0131 b\u00f6y\u00fckl\u00fckd\u0259 idi. \u00dcz\u0259rind\u0259 Misir ehramlar\u0131, h\u0259m\u00e7inin b\u00f6y\u00fck h\u0259rfl\u0259rl\u0259 NNZM yaz\u0131lm\u0131\u015fd\u0131. Y\u0259ni n\u0259qliyyat naziri Ziya M\u0259mm\u0259dov. H\u0259rfl\u0259rin h\u0259r biri m\u0259n boyda, \u00f6z\u00fc d\u0259 q\u0131z\u0131l\u0131 r\u0259ngd\u0259 idi. Daha bilm\u0259dim, q\u0131z\u0131ldan idi, ya yox. \u00c7\u0259kili\u015f aparanda bir d\u0259 g\u00f6rd\u00fck ki, ma\u015f\u0131nlarla g\u0259ldil\u0259r, s\u0259n dem\u0259, kamera varm\u0131\u015f fikir verm\u0259mi\u015fik. Ma\u015f\u0131nlardan d\u00fc\u015fd\u00fcl\u0259r, \u00e7atan kimi, aparat\u0131 \u0259limizd\u0259n ald\u0131lar, \u00f6z\u00fcm\u00fcz\u00fc d\u0259 d\u00f6ym\u0259y\u0259 ba\u015flad\u0131lar. Soru\u015fmad\u0131lar ki, kimsiniz, haradan g\u0259lmisiniz? H\u0259tta Anar\u0131 bo\u011fma\u011fa ba\u015flad\u0131lar. Biz\u0259 \u00fc\u00e7 saat i\u015fg\u0259nc\u0259 verdil\u0259r\u201d.\n<\/p>\n<p>\n  Elmin B\u0259d\u0259lovun dediyin\u0259 g\u00f6r\u0259, X\u0259z\u0259r Rayon M\u0259hk\u0259m\u0259si i\u015f\u0259 qeyri-obyektiv baxd\u0131\u011f\u0131 \u00fc\u00e7\u00fcn Avropa \u0130nsan H\u00fcquqlar\u0131 M\u0259hk\u0259m\u0259sin\u0259 m\u00fcraci\u0259t olunub:\n<\/p>\n<p>\n  \u201cEl\u0259 h\u0259min il v\u0259kill\u0259r \u015fikay\u0259timizi Avropa \u0130nsan H\u00fcquqlar\u0131 M\u0259hk\u0259m\u0259si g\u00f6nd\u0259rdil\u0259r. \u00d6t\u0259n ay q\u0259rar \u00e7\u0131xd\u0131 ki, \u201c\u0130nsan H\u00fcquqlar\u0131n\u0131n v\u0259 \u018fsas Azadl\u0131qlar\u0131n M\u00fcdafi\u0259si Haqq\u0131nda\u201d Konvensiyan\u0131n 3-c\u00fc madd\u0259sin\u0259 \u0259sas\u0259n, t\u0259r\u0259fl\u0259rin raz\u0131l\u0131\u011f\u0131 il\u0259 h\u00f6kum\u0259t t\u0259r\u0259find\u0259n biz\u0259 s\u0259kkiz min avro \u00f6d\u0259m\u0259lidir\u201d.\n<\/p>\n<p>\n  ADO-nun r\u0259hb\u0259ri onu da bildirib ki, koronavirusla \u0259laq\u0259dar \u00f6lk\u0259d\u0259 b\u00fct\u00fcn teatrlar f\u0259aliyy\u0259tini dayand\u0131rsa da, onlar sentyabr ay\u0131ndan tama\u015falar\u0131n n\u00fcmayi\u015fin\u0259 ba\u015flay\u0131blar:\n<\/p>\n<p>\n  \u201c\u00c7ox dar\u0131xm\u0131\u015fd\u0131q. \u0130st\u0259yirdik ki, tama\u015fa oynayaq. Yarad\u0131c\u0131 insan \u00f6z\u00fcn\u00fc s\u0259hn\u0259d\u0259 realiz\u0259 edir. G\u00f6r\u00fcrd\u00fcm ki, bu fasil\u0259 aktyorlara m\u0259nfi t\u0259sir etm\u0259y\u0259 ba\u015flay\u0131b. Fikirl\u0259\u015fdik ki, on n\u0259f\u0259r qrup hal\u0131nda haz\u0131rl\u0131\u011fa gedirs\u0259, insanlar art\u0131q kafe-restorana ged\u0259 bilirl\u0259rs\u0259, biz d\u0259 on bilet sat\u0131\u015fa \u00e7\u0131xaraq. Ara m\u0259saf\u0259 qoyaq. Fasil\u0259d\u0259n sonra insanlar\u0131n \u00fcz\u00fcnd\u0259 sanki yad\u0131r\u011fam\u0131\u015f bir yer\u0259 g\u0259ldikl\u0259ri ifad\u0259si var. Bir ne\u00e7\u0259 tama\u015fa oynam\u0131\u015f\u0131q\u201d.\n<\/p>\n<p>\n  Elmin B\u0259d\u0259lov Bak\u0131 \u015e\u0259h\u0259r \u0130cra Hakimiyy\u0259tinin teatr kollektivin\u0259 k\u00fc\u00e7\u0259 tama\u015falar\u0131na g\u00f6r\u0259 qoydu\u011fu qada\u011fadan da dan\u0131\u015f\u0131b:\n<\/p>\n<p>\n  \u201cBu m\u0259s\u0259l\u0259 \u00fc\u00e7 il\u0259 yax\u0131nd\u0131r davam edir. Biz M\u0259d\u0259niyy\u0259t Nazirliyin\u0259 m\u00fcraci\u0259t etmi\u015fdik ki, k\u00fc\u00e7\u0259 tama\u015falar\u0131 \u00fc\u00e7\u00fcn biz\u0259 icaz\u0259 versin. Nazirlik dedi ki, buna g\u00f6r\u0259 icaz\u0259ni Bak\u0131 \u015e\u0259h\u0259r \u0130cra Hakimiyy\u0259ti verm\u0259lidir. M\u0259cbur olub, 1 sayl\u0131 \u0130nzibati, \u0130qtisadi M\u0259hk\u0259m\u0259sin\u0259 m\u00fcraci\u0259t edib, prosesi udduq. Bak\u0131 \u015e\u0259h\u0259r \u0130cra Hakimiyy\u0259ti is\u0259 q\u0259rarla raz\u0131 olmay\u0131b, apelyasiya \u015fikay\u0259ti verdi. Apelyasiya M\u0259hk\u0259m\u0259si iddiam\u0131z\u0131 \u0259sass\u0131z hesab etdi. S\u00f6zl\u0259rind\u0259n bel\u0259 anla\u015f\u0131ld\u0131 ki, bu i\u015f\u0259 g\u00f6r\u0259 \u00fcmumiyy\u0259tl\u0259, m\u0259hk\u0259m\u0259y\u0259 m\u00fcraci\u0259t etm\u0259k \u0259sass\u0131zd\u0131r. Ali M\u0259hk\u0259m\u0259y\u0259 m\u00fcraci\u0259t etmi\u015fik. D\u00fc\u015f\u00fcn\u00fcr\u00fck ki, \u0259g\u0259r d\u00f6vl\u0259t qurumlar\u0131 \u015fikay\u0259tmiz\u0259 baxm\u0131rsa, \u0259sass\u0131z say\u0131rsa, Ali M\u0259hk\u0259m\u0259nin cavab\u0131ndan as\u0131l\u0131 olmayaraq, k\u00fc\u00e7\u0259l\u0259r\u0259 \u00e7\u0131x\u0131b oynayaca\u011f\u0131q. Bel\u0259 ba\u015fa d\u00fc\u015f\u0259c\u0259yik ki, icaz\u0259 alma\u011fa he\u00e7 ehtiyac yoxdur. Bu k\u00fc\u00e7\u0259l\u0259r bizim deyil? Biz bu \u00f6lk\u0259nin v\u0259t\u0259nda\u015f\u0131y\u0131qsa, \u00f6z k\u00fc\u00e7\u0259mizd\u0259 niy\u0259 oynamayaq? Azad, demokratik bir \u00f6lk\u0259dir. Biz \u00e7\u0131x\u0131b, k\u00fc\u00e7\u0259d\u0259 oyanaya bil\u0259rik. Buna y\u0259qin ki, d\u00f6vl\u0259t qurumlar\u0131 sevin\u0259c\u0259k. H\u0259tta tama\u015fa\u00e7\u0131lar bel\u0259 sosial \u015f\u0259b\u0259k\u0259l\u0259rd\u0259 yaz\u0131rlar ki, teatrdan niy\u0259 bu q\u0259d\u0259r qorxurlar? M\u0259n d\u0259 fikirl\u0259\u015fir\u0259m ki, niy\u0259 qorxurlar? Bu inc\u0259s\u0259n\u0259tdir, m\u0259d\u0259niyy\u0259tdir, bundan qorxmaq laz\u0131m deyil. Aktyordur, \u00e7\u0131x\u0131b k\u00fc\u00e7\u0259d\u0259 oynay\u0131r. Bu, d\u00fcnya \u00f6lk\u0259l\u0259rind\u0259 var. Frasnsa Oriak \u015f\u0259h\u0259rini s\u0131rf k\u00fc\u00e7\u0259 teatr\u0131 festival\u0131na ay\u0131r\u0131b. \u015e\u0259h\u0259rin min iki y\u00fcz yerind\u0259 s\u0259hn\u0259l\u0259r qura\u015fd\u0131r\u0131b ki, d\u00fcnyadan v\u0259 dig\u0259r \u00f6lk\u0259l\u0259rd\u0259n g\u0259l\u0259n aktyorlar, artsitl\u0259r orada oynas\u0131nlar. Bizd\u0259 is\u0259 bu olmaz. Q\u0259rib\u0259 tendensiyad\u0131r. S\u0259b\u0259bini anlamaqda \u00e7\u0259tinlik \u00e7\u0259kir\u0259m. Biz ist\u0259yirik ki, \u00f6lk\u0259mizin insanlar\u0131 m\u0259d\u0259niyy\u0259tin yeni bir m\u0259rh\u0259l\u0259sini g\u00f6rs\u00fcn. \u0130st\u0259yirik ki, \u0259n\u0259n\u0259vid\u0259n \u00e7\u0131xaq, m\u0259d\u0259niyy\u0259t\u0259 t\u0259kan olsun\u201d.<\/p>\n","protected":false},"excerpt":{"rendered":"<p>\u201c\u00c7ox dar\u0131xm\u0131\u015fd\u0131q. \u0130st\u0259yirdik ki, tama\u015fa oynayaq\u201d.<\/p>\n","protected":false},"author":11,"featured_media":134310,"comment_status":"closed","ping_status":"open","sticky":false,"template":"","format":"standard","meta":{"_acf_changed":false,"_sitemap_exclude":false,"_sitemap_priority":"","_sitemap_frequency":"","footnotes":""},"categories":[52],"tags":[],"class_list":["post-203208","post","type-post","status-publish","format-standard","has-post-thumbnail","hentry","category-medeniyyet","infinite-scroll-item","generate-columns","tablet-grid-50","mobile-grid-100","grid-parent","grid-33","no-featured-image-padding"],"acf":[],"yoast_head":"<!-- This site is optimized with the Yoast SEO plugin v27.4 - https:\/\/yoast.com\/product\/yoast-seo-wordpress\/ -->\n<title>ADO f\u0259aliyy\u0259tini b\u0259rpa edib - MEYDAN.TV<\/title>\n<meta name=\"robots\" content=\"index, follow, max-snippet:-1, max-image-preview:large, max-video-preview:-1\" \/>\n<link rel=\"canonical\" href=\"https:\/\/www.meydan.tv\/az\/article\/ado-fealiyyetini-berpa-edib\/\" \/>\n<meta property=\"og:locale\" content=\"az_AZ\" \/>\n<meta property=\"og:type\" content=\"article\" \/>\n<meta property=\"og:title\" content=\"ADO f\u0259aliyy\u0259tini b\u0259rpa edib - MEYDAN.TV\" \/>\n<meta property=\"og:description\" content=\"\u201c\u00c7ox dar\u0131xm\u0131\u015fd\u0131q. \u0130st\u0259yirdik ki, tama\u015fa oynayaq\u201d.\" \/>\n<meta property=\"og:url\" content=\"https:\/\/www.meydan.tv\/az\/article\/ado-fealiyyetini-berpa-edib\/\" \/>\n<meta property=\"og:site_name\" content=\"MEYDAN.TV\" \/>\n<meta property=\"article:published_time\" content=\"2020-10-25T15:09:55+00:00\" \/>\n<meta property=\"og:image\" content=\"https:\/\/www.meydan.tv\/wp-content\/uploads\/ado_yeni_logo.jpg\" \/>\n\t<meta property=\"og:image:width\" content=\"960\" \/>\n\t<meta property=\"og:image:height\" content=\"960\" \/>\n\t<meta property=\"og:image:type\" content=\"image\/jpeg\" \/>\n<meta name=\"author\" content=\"user-manager\" \/>\n<meta name=\"twitter:card\" content=\"summary_large_image\" \/>\n<script type=\"application\/ld+json\" class=\"yoast-schema-graph\">{\"@context\":\"https:\\\/\\\/schema.org\",\"@graph\":[{\"@type\":\"Article\",\"@id\":\"https:\\\/\\\/www.meydan.tv\\\/az\\\/article\\\/ado-fealiyyetini-berpa-edib\\\/#article\",\"isPartOf\":{\"@id\":\"https:\\\/\\\/www.meydan.tv\\\/az\\\/article\\\/ado-fealiyyetini-berpa-edib\\\/\"},\"author\":{\"name\":\"user-manager\",\"@id\":\"https:\\\/\\\/www.meydan.tv\\\/az\\\/#\\\/schema\\\/person\\\/10d11eccf6da3662cf5fdab9806ea91a\"},\"headline\":\"ADO f\u0259aliyy\u0259tini b\u0259rpa edib\",\"datePublished\":\"2020-10-25T15:09:55+00:00\",\"mainEntityOfPage\":{\"@id\":\"https:\\\/\\\/www.meydan.tv\\\/az\\\/article\\\/ado-fealiyyetini-berpa-edib\\\/\"},\"wordCount\":917,\"publisher\":{\"@id\":\"https:\\\/\\\/www.meydan.tv\\\/az\\\/#organization\"},\"image\":{\"@id\":\"https:\\\/\\\/www.meydan.tv\\\/az\\\/article\\\/ado-fealiyyetini-berpa-edib\\\/#primaryimage\"},\"thumbnailUrl\":\"https:\\\/\\\/www.meydan.tv\\\/wp-content\\\/uploads\\\/ado_yeni_logo.jpg\",\"articleSection\":[\"M\u0259d\u0259niyy\u0259t\"],\"inLanguage\":\"az\"},{\"@type\":\"WebPage\",\"@id\":\"https:\\\/\\\/www.meydan.tv\\\/az\\\/article\\\/ado-fealiyyetini-berpa-edib\\\/\",\"url\":\"https:\\\/\\\/www.meydan.tv\\\/az\\\/article\\\/ado-fealiyyetini-berpa-edib\\\/\",\"name\":\"ADO f\u0259aliyy\u0259tini b\u0259rpa edib - MEYDAN.TV\",\"isPartOf\":{\"@id\":\"https:\\\/\\\/www.meydan.tv\\\/az\\\/#website\"},\"primaryImageOfPage\":{\"@id\":\"https:\\\/\\\/www.meydan.tv\\\/az\\\/article\\\/ado-fealiyyetini-berpa-edib\\\/#primaryimage\"},\"image\":{\"@id\":\"https:\\\/\\\/www.meydan.tv\\\/az\\\/article\\\/ado-fealiyyetini-berpa-edib\\\/#primaryimage\"},\"thumbnailUrl\":\"https:\\\/\\\/www.meydan.tv\\\/wp-content\\\/uploads\\\/ado_yeni_logo.jpg\",\"datePublished\":\"2020-10-25T15:09:55+00:00\",\"breadcrumb\":{\"@id\":\"https:\\\/\\\/www.meydan.tv\\\/az\\\/article\\\/ado-fealiyyetini-berpa-edib\\\/#breadcrumb\"},\"inLanguage\":\"az\",\"potentialAction\":[{\"@type\":\"ReadAction\",\"target\":[\"https:\\\/\\\/www.meydan.tv\\\/az\\\/article\\\/ado-fealiyyetini-berpa-edib\\\/\"]}]},{\"@type\":\"ImageObject\",\"inLanguage\":\"az\",\"@id\":\"https:\\\/\\\/www.meydan.tv\\\/az\\\/article\\\/ado-fealiyyetini-berpa-edib\\\/#primaryimage\",\"url\":\"https:\\\/\\\/www.meydan.tv\\\/wp-content\\\/uploads\\\/ado_yeni_logo.jpg\",\"contentUrl\":\"https:\\\/\\\/www.meydan.tv\\\/wp-content\\\/uploads\\\/ado_yeni_logo.jpg\",\"width\":960,\"height\":960,\"caption\":\"Source: Foto: Meydan TV\"},{\"@type\":\"BreadcrumbList\",\"@id\":\"https:\\\/\\\/www.meydan.tv\\\/az\\\/article\\\/ado-fealiyyetini-berpa-edib\\\/#breadcrumb\",\"itemListElement\":[{\"@type\":\"ListItem\",\"position\":1,\"name\":\"Ana s\u0259hif\u0259\",\"item\":\"https:\\\/\\\/www.meydan.tv\\\/az\\\/\"},{\"@type\":\"ListItem\",\"position\":2,\"name\":\"M\u0259d\u0259niyy\u0259t\",\"item\":\"https:\\\/\\\/www.meydan.tv\\\/az\\\/section\\\/medeniyyet\\\/\"},{\"@type\":\"ListItem\",\"position\":3,\"name\":\"ADO f\u0259aliyy\u0259tini b\u0259rpa edib\"}]},{\"@type\":\"WebSite\",\"@id\":\"https:\\\/\\\/www.meydan.tv\\\/az\\\/#website\",\"url\":\"https:\\\/\\\/www.meydan.tv\\\/az\\\/\",\"name\":\"MEYDAN.TV\",\"description\":\"Meydan TV Az\u0259rbaycan\u0131n media m\u0259kan\u0131ndak\u0131 alternativ s\u0259sidir\",\"publisher\":{\"@id\":\"https:\\\/\\\/www.meydan.tv\\\/az\\\/#organization\"},\"potentialAction\":[{\"@type\":\"SearchAction\",\"target\":{\"@type\":\"EntryPoint\",\"urlTemplate\":\"https:\\\/\\\/www.meydan.tv\\\/az\\\/?s={search_term_string}\"},\"query-input\":{\"@type\":\"PropertyValueSpecification\",\"valueRequired\":true,\"valueName\":\"search_term_string\"}}],\"inLanguage\":\"az\"},{\"@type\":\"Organization\",\"@id\":\"https:\\\/\\\/www.meydan.tv\\\/az\\\/#organization\",\"name\":\"Meydan TV\",\"url\":\"https:\\\/\\\/www.meydan.tv\\\/az\\\/\",\"logo\":{\"@type\":\"ImageObject\",\"inLanguage\":\"az\",\"@id\":\"https:\\\/\\\/www.meydan.tv\\\/az\\\/#\\\/schema\\\/logo\\\/image\\\/\",\"url\":\"https:\\\/\\\/www.meydan.tv\\\/wp-content\\\/uploads\\\/2021\\\/07\\\/meydan-logo.svg\",\"contentUrl\":\"https:\\\/\\\/www.meydan.tv\\\/wp-content\\\/uploads\\\/2021\\\/07\\\/meydan-logo.svg\",\"width\":195,\"height\":46,\"caption\":\"Meydan TV\"},\"image\":{\"@id\":\"https:\\\/\\\/www.meydan.tv\\\/az\\\/#\\\/schema\\\/logo\\\/image\\\/\"}},{\"@type\":\"Person\",\"@id\":\"https:\\\/\\\/www.meydan.tv\\\/az\\\/#\\\/schema\\\/person\\\/10d11eccf6da3662cf5fdab9806ea91a\",\"name\":\"user-manager\"}]}<\/script>\n<!-- \/ Yoast SEO plugin. -->","yoast_head_json":{"title":"ADO f\u0259aliyy\u0259tini b\u0259rpa edib - MEYDAN.TV","robots":{"index":"index","follow":"follow","max-snippet":"max-snippet:-1","max-image-preview":"max-image-preview:large","max-video-preview":"max-video-preview:-1"},"canonical":"https:\/\/www.meydan.tv\/az\/article\/ado-fealiyyetini-berpa-edib\/","og_locale":"az_AZ","og_type":"article","og_title":"ADO f\u0259aliyy\u0259tini b\u0259rpa edib - MEYDAN.TV","og_description":"\u201c\u00c7ox dar\u0131xm\u0131\u015fd\u0131q. \u0130st\u0259yirdik ki, tama\u015fa oynayaq\u201d.","og_url":"https:\/\/www.meydan.tv\/az\/article\/ado-fealiyyetini-berpa-edib\/","og_site_name":"MEYDAN.TV","article_published_time":"2020-10-25T15:09:55+00:00","og_image":[{"width":960,"height":960,"url":"https:\/\/www.meydan.tv\/wp-content\/uploads\/ado_yeni_logo.jpg","type":"image\/jpeg"}],"author":"user-manager","twitter_card":"summary_large_image","schema":{"@context":"https:\/\/schema.org","@graph":[{"@type":"Article","@id":"https:\/\/www.meydan.tv\/az\/article\/ado-fealiyyetini-berpa-edib\/#article","isPartOf":{"@id":"https:\/\/www.meydan.tv\/az\/article\/ado-fealiyyetini-berpa-edib\/"},"author":{"name":"user-manager","@id":"https:\/\/www.meydan.tv\/az\/#\/schema\/person\/10d11eccf6da3662cf5fdab9806ea91a"},"headline":"ADO f\u0259aliyy\u0259tini b\u0259rpa edib","datePublished":"2020-10-25T15:09:55+00:00","mainEntityOfPage":{"@id":"https:\/\/www.meydan.tv\/az\/article\/ado-fealiyyetini-berpa-edib\/"},"wordCount":917,"publisher":{"@id":"https:\/\/www.meydan.tv\/az\/#organization"},"image":{"@id":"https:\/\/www.meydan.tv\/az\/article\/ado-fealiyyetini-berpa-edib\/#primaryimage"},"thumbnailUrl":"https:\/\/www.meydan.tv\/wp-content\/uploads\/ado_yeni_logo.jpg","articleSection":["M\u0259d\u0259niyy\u0259t"],"inLanguage":"az"},{"@type":"WebPage","@id":"https:\/\/www.meydan.tv\/az\/article\/ado-fealiyyetini-berpa-edib\/","url":"https:\/\/www.meydan.tv\/az\/article\/ado-fealiyyetini-berpa-edib\/","name":"ADO f\u0259aliyy\u0259tini b\u0259rpa edib - MEYDAN.TV","isPartOf":{"@id":"https:\/\/www.meydan.tv\/az\/#website"},"primaryImageOfPage":{"@id":"https:\/\/www.meydan.tv\/az\/article\/ado-fealiyyetini-berpa-edib\/#primaryimage"},"image":{"@id":"https:\/\/www.meydan.tv\/az\/article\/ado-fealiyyetini-berpa-edib\/#primaryimage"},"thumbnailUrl":"https:\/\/www.meydan.tv\/wp-content\/uploads\/ado_yeni_logo.jpg","datePublished":"2020-10-25T15:09:55+00:00","breadcrumb":{"@id":"https:\/\/www.meydan.tv\/az\/article\/ado-fealiyyetini-berpa-edib\/#breadcrumb"},"inLanguage":"az","potentialAction":[{"@type":"ReadAction","target":["https:\/\/www.meydan.tv\/az\/article\/ado-fealiyyetini-berpa-edib\/"]}]},{"@type":"ImageObject","inLanguage":"az","@id":"https:\/\/www.meydan.tv\/az\/article\/ado-fealiyyetini-berpa-edib\/#primaryimage","url":"https:\/\/www.meydan.tv\/wp-content\/uploads\/ado_yeni_logo.jpg","contentUrl":"https:\/\/www.meydan.tv\/wp-content\/uploads\/ado_yeni_logo.jpg","width":960,"height":960,"caption":"Source: Foto: Meydan TV"},{"@type":"BreadcrumbList","@id":"https:\/\/www.meydan.tv\/az\/article\/ado-fealiyyetini-berpa-edib\/#breadcrumb","itemListElement":[{"@type":"ListItem","position":1,"name":"Ana s\u0259hif\u0259","item":"https:\/\/www.meydan.tv\/az\/"},{"@type":"ListItem","position":2,"name":"M\u0259d\u0259niyy\u0259t","item":"https:\/\/www.meydan.tv\/az\/section\/medeniyyet\/"},{"@type":"ListItem","position":3,"name":"ADO f\u0259aliyy\u0259tini b\u0259rpa edib"}]},{"@type":"WebSite","@id":"https:\/\/www.meydan.tv\/az\/#website","url":"https:\/\/www.meydan.tv\/az\/","name":"MEYDAN.TV","description":"Meydan TV Az\u0259rbaycan\u0131n media m\u0259kan\u0131ndak\u0131 alternativ s\u0259sidir","publisher":{"@id":"https:\/\/www.meydan.tv\/az\/#organization"},"potentialAction":[{"@type":"SearchAction","target":{"@type":"EntryPoint","urlTemplate":"https:\/\/www.meydan.tv\/az\/?s={search_term_string}"},"query-input":{"@type":"PropertyValueSpecification","valueRequired":true,"valueName":"search_term_string"}}],"inLanguage":"az"},{"@type":"Organization","@id":"https:\/\/www.meydan.tv\/az\/#organization","name":"Meydan TV","url":"https:\/\/www.meydan.tv\/az\/","logo":{"@type":"ImageObject","inLanguage":"az","@id":"https:\/\/www.meydan.tv\/az\/#\/schema\/logo\/image\/","url":"https:\/\/www.meydan.tv\/wp-content\/uploads\/2021\/07\/meydan-logo.svg","contentUrl":"https:\/\/www.meydan.tv\/wp-content\/uploads\/2021\/07\/meydan-logo.svg","width":195,"height":46,"caption":"Meydan TV"},"image":{"@id":"https:\/\/www.meydan.tv\/az\/#\/schema\/logo\/image\/"}},{"@type":"Person","@id":"https:\/\/www.meydan.tv\/az\/#\/schema\/person\/10d11eccf6da3662cf5fdab9806ea91a","name":"user-manager"}]}},"_links":{"self":[{"href":"https:\/\/www.meydan.tv\/az\/wp-json\/wp\/v2\/posts\/203208","targetHints":{"allow":["GET"]}}],"collection":[{"href":"https:\/\/www.meydan.tv\/az\/wp-json\/wp\/v2\/posts"}],"about":[{"href":"https:\/\/www.meydan.tv\/az\/wp-json\/wp\/v2\/types\/post"}],"author":[{"embeddable":true,"href":"https:\/\/www.meydan.tv\/az\/wp-json\/wp\/v2\/users\/11"}],"replies":[{"embeddable":true,"href":"https:\/\/www.meydan.tv\/az\/wp-json\/wp\/v2\/comments?post=203208"}],"version-history":[{"count":0,"href":"https:\/\/www.meydan.tv\/az\/wp-json\/wp\/v2\/posts\/203208\/revisions"}],"wp:featuredmedia":[{"embeddable":true,"href":"https:\/\/www.meydan.tv\/az\/wp-json\/wp\/v2\/media\/134310"}],"wp:attachment":[{"href":"https:\/\/www.meydan.tv\/az\/wp-json\/wp\/v2\/media?parent=203208"}],"wp:term":[{"taxonomy":"category","embeddable":true,"href":"https:\/\/www.meydan.tv\/az\/wp-json\/wp\/v2\/categories?post=203208"},{"taxonomy":"post_tag","embeddable":true,"href":"https:\/\/www.meydan.tv\/az\/wp-json\/wp\/v2\/tags?post=203208"}],"curies":[{"name":"wp","href":"https:\/\/api.w.org\/{rel}","templated":true}]}}