{"id":203205,"date":"2020-10-24T21:29:48","date_gmt":"2020-10-24T21:29:48","guid":{"rendered":"https:\/\/www.meydan.tv\/article\/abs-sefirliyinden-oz-vetendaslarina-terror-tehdidi\/"},"modified":"2020-10-24T21:29:48","modified_gmt":"2020-10-24T21:29:48","slug":"abs-sefirliyinden-oz-vetendaslarina-terror-tehdidi","status":"publish","type":"post","link":"https:\/\/www.meydan.tv\/az\/article\/abs-sefirliyinden-oz-vetendaslarina-terror-tehdidi\/","title":{"rendered":"AB\u015e s\u0259firliyind\u0259n \u00f6z v\u0259t\u0259nda\u015flar\u0131na terror x\u0259b\u0259rdarl\u0131\u011f\u0131"},"content":{"rendered":"<p>\n  <i><br \/>\n    \u201cEhtiyatl\u0131 v\u0259 say\u0131q olun, k\u00fctl\u0259nin \u00e7ox oldu\u011fu yerl\u0259rd\u0259n yay\u0131n\u0131n\u201d<br \/>\n  <\/i>\n<\/p>\n<p>\n  AB\u015e-\u0131n Az\u0259rbaycandak\u0131 S\u0259firliyi \u00f6z v\u0259t\u0259nda\u015flar\u0131na x\u0259b\u0259rdarl\u0131q edib.\n<\/p>\n<p>\n  S\u0259firliyin sayt\u0131nda yerl\u0259\u015fdiril\u0259n m\u0259lumatda bildirilib ki, \u201cAb\u015feron J.W. Marriott\u201d kimi otell\u0259r d\u0259 daxil olmaqla, potensial olaraq Bak\u0131n\u0131n dig\u0259r yerl\u0259rind\u0259 AB\u015e v\u0259t\u0259nda\u015flar\u0131na v\u0259 xarici v\u0259t\u0259nda\u015flara qar\u015f\u0131 ba\u015f ver\u0259 bil\u0259c\u0259k terror h\u00fccumlar\u0131 v\u0259 qa\u00e7\u0131rmalar bar\u0259d\u0259 etibarl\u0131 m\u0259lumatlar \u0259ld\u0259 edib.\n<\/p>\n<p>\n  \u201cAB\u015e v\u0259t\u0259nda\u015flar\u0131na amerikal\u0131lar\u0131n v\u0259 ya \u0259cn\u0259bil\u0259rin topla\u015fa bil\u0259c\u0259yi yerl\u0259rd\u0259 \u00e7ox ehtiyatla davranmalar\u0131 t\u00f6vsiy\u0259 olunur. X\u0259b\u0259rdarl\u0131qda a\u015fa\u011f\u0131dak\u0131 t\u0259dbirl\u0259r qeyd edilib: Ehtiyatl\u0131 v\u0259 say\u0131q olun, k\u00fctl\u0259nin \u00e7ox oldu\u011fu yerl\u0259rd\u0259n yay\u0131n\u0131n, \u00f6z profilinizi b\u00fcruz\u0259 verm\u0259yin, \u0259traf\u0131n\u0131zdan x\u0259b\u0259rdar olun, \u0259cn\u0259bil\u0259rin s\u0131x oldu\u011fu yerl\u0259rd\u0259 diqq\u0259tli olun v\u0259 yerli median\u0131 diqq\u0259td\u0259 saxlay\u0131n\u201d.\n<\/p>\n<p>\n  Eyni zamanda, s\u0259firliyin t\u0259hl\u00fck\u0259sizlikl\u0259 ba\u011fl\u0131 v\u0259ziyy\u0259ti n\u0259z\u0259rd\u0259n ke\u00e7irm\u0259y\u0259 davam ed\u0259c\u0259yi v\u0259 ehtiyac oldu\u011fu t\u0259qdird\u0259 \u0259lav\u0259 m\u0259lumat ver\u0259c\u0259yi qeyd olunub.\n<\/p>\n<p>\n  Az\u0259rbaycan D\u00f6vl\u0259t T\u0259hl\u00fck\u0259sizlik Xidm\u0259ti bir m\u00fcdd\u0259t \u0259vv\u0259l g\u00f6zl\u0259nil\u0259n erm\u0259ni terroru il\u0259 ba\u011fl\u0131 v\u0259t\u0259nda\u015flara x\u0259b\u0259rdarl\u0131q<br \/>\n  <a href=\"https:\/\/www.meydan.tv\/az\/article\/dtx-azerbaycanin-boyuk-seherlerinde-terror-akti-kecirmek-niyyetindedirler\/?ref=list-news\"><br \/>\n    etmi\u015fdi<br \/>\n  <\/a><br \/>\n  .<\/p>\n","protected":false},"excerpt":{"rendered":"<p>Eyni zamanda, s\u0259firliyin t\u0259hl\u00fck\u0259sizlikl\u0259 ba\u011fl\u0131 v\u0259ziyy\u0259ti n\u0259z\u0259rd\u0259n ke\u00e7irm\u0259y\u0259 davam ed\u0259c\u0259yi v\u0259 ehtiyac oldu\u011fu t\u0259qdird\u0259 \u0259lav\u0259 m\u0259lumat ver\u0259c\u0259yi qeyd olunub.<\/p>\n","protected":false},"author":11,"featured_media":131900,"comment_status":"closed","ping_status":"open","sticky":false,"template":"","format":"standard","meta":{"_acf_changed":false,"_sitemap_exclude":false,"_sitemap_priority":"","_sitemap_frequency":"","footnotes":""},"categories":[59],"tags":[],"class_list":["post-203205","post","type-post","status-publish","format-standard","has-post-thumbnail","hentry","category-siyaset","infinite-scroll-item","generate-columns","tablet-grid-50","mobile-grid-100","grid-parent","grid-33","no-featured-image-padding"],"acf":[],"yoast_head":"<!-- This site is optimized with the Yoast SEO plugin v28.4 - https:\/\/yoast.com\/product\/yoast-seo-wordpress\/ -->\n<title>AB\u015e s\u0259firliyind\u0259n \u00f6z v\u0259t\u0259nda\u015flar\u0131na terror x\u0259b\u0259rdarl\u0131\u011f\u0131 - MEYDAN.TV<\/title>\n<meta name=\"robots\" content=\"index, follow, max-snippet:-1, max-image-preview:large, max-video-preview:-1\" \/>\n<link rel=\"canonical\" href=\"https:\/\/www.meydan.tv\/az\/article\/abs-sefirliyinden-oz-vetendaslarina-terror-tehdidi\/\" \/>\n<meta property=\"og:locale\" content=\"az_AZ\" \/>\n<meta property=\"og:type\" content=\"article\" \/>\n<meta property=\"og:title\" content=\"AB\u015e s\u0259firliyind\u0259n \u00f6z v\u0259t\u0259nda\u015flar\u0131na terror x\u0259b\u0259rdarl\u0131\u011f\u0131 - MEYDAN.TV\" \/>\n<meta property=\"og:description\" content=\"Eyni zamanda, s\u0259firliyin t\u0259hl\u00fck\u0259sizlikl\u0259 ba\u011fl\u0131 v\u0259ziyy\u0259ti n\u0259z\u0259rd\u0259n ke\u00e7irm\u0259y\u0259 davam ed\u0259c\u0259yi v\u0259 ehtiyac oldu\u011fu t\u0259qdird\u0259 \u0259lav\u0259 m\u0259lumat ver\u0259c\u0259yi qeyd olunub.\" \/>\n<meta property=\"og:url\" content=\"https:\/\/www.meydan.tv\/az\/article\/abs-sefirliyinden-oz-vetendaslarina-terror-tehdidi\/\" \/>\n<meta property=\"og:site_name\" content=\"MEYDAN.TV\" \/>\n<meta property=\"article:published_time\" content=\"2020-10-24T21:29:48+00:00\" \/>\n<meta property=\"og:image\" content=\"https:\/\/www.meydan.tv\/wp-content\/uploads\/8f41ff4b-73eb-4bf4-9dba-2bb38c5fb4eb_w1200_r1_s.jpg\" \/>\n\t<meta property=\"og:image:width\" content=\"1200\" \/>\n\t<meta property=\"og:image:height\" content=\"675\" \/>\n\t<meta property=\"og:image:type\" content=\"image\/jpeg\" \/>\n<meta name=\"twitter:card\" content=\"summary_large_image\" \/>\n<!-- \/ Yoast SEO plugin. -->","yoast_head_json":{"title":"AB\u015e s\u0259firliyind\u0259n \u00f6z v\u0259t\u0259nda\u015flar\u0131na terror x\u0259b\u0259rdarl\u0131\u011f\u0131 - MEYDAN.TV","robots":{"index":"index","follow":"follow","max-snippet":"max-snippet:-1","max-image-preview":"max-image-preview:large","max-video-preview":"max-video-preview:-1"},"canonical":"https:\/\/www.meydan.tv\/az\/article\/abs-sefirliyinden-oz-vetendaslarina-terror-tehdidi\/","og_locale":"az_AZ","og_type":"article","og_title":"AB\u015e s\u0259firliyind\u0259n \u00f6z v\u0259t\u0259nda\u015flar\u0131na terror x\u0259b\u0259rdarl\u0131\u011f\u0131 - MEYDAN.TV","og_description":"Eyni zamanda, s\u0259firliyin t\u0259hl\u00fck\u0259sizlikl\u0259 ba\u011fl\u0131 v\u0259ziyy\u0259ti n\u0259z\u0259rd\u0259n ke\u00e7irm\u0259y\u0259 davam ed\u0259c\u0259yi v\u0259 ehtiyac oldu\u011fu t\u0259qdird\u0259 \u0259lav\u0259 m\u0259lumat ver\u0259c\u0259yi qeyd olunub.","og_url":"https:\/\/www.meydan.tv\/az\/article\/abs-sefirliyinden-oz-vetendaslarina-terror-tehdidi\/","og_site_name":"MEYDAN.TV","article_published_time":"2020-10-24T21:29:48+00:00","og_image":[{"width":1200,"height":675,"url":"https:\/\/www.meydan.tv\/wp-content\/uploads\/8f41ff4b-73eb-4bf4-9dba-2bb38c5fb4eb_w1200_r1_s.jpg","type":"image\/jpeg"}],"twitter_card":"summary_large_image","schema":{"@context":"https:\/\/schema.org","@graph":[{"@type":"Article","@id":"https:\/\/www.meydan.tv\/az\/article\/abs-sefirliyinden-oz-vetendaslarina-terror-tehdidi\/#article","isPartOf":{"@id":"https:\/\/www.meydan.tv\/az\/article\/abs-sefirliyinden-oz-vetendaslarina-terror-tehdidi\/"},"author":{"name":"user-manager","@id":"https:\/\/www.meydan.tv\/az\/#\/schema\/person\/10d11eccf6da3662cf5fdab9806ea91a"},"headline":"AB\u015e s\u0259firliyind\u0259n \u00f6z v\u0259t\u0259nda\u015flar\u0131na terror x\u0259b\u0259rdarl\u0131\u011f\u0131","datePublished":"2020-10-24T21:29:48+00:00","mainEntityOfPage":{"@id":"https:\/\/www.meydan.tv\/az\/article\/abs-sefirliyinden-oz-vetendaslarina-terror-tehdidi\/"},"wordCount":274,"publisher":{"@id":"https:\/\/www.meydan.tv\/az\/#organization"},"image":{"@id":"https:\/\/www.meydan.tv\/az\/article\/abs-sefirliyinden-oz-vetendaslarina-terror-tehdidi\/#primaryimage"},"thumbnailUrl":"https:\/\/www.meydan.tv\/wp-content\/uploads\/8f41ff4b-73eb-4bf4-9dba-2bb38c5fb4eb_w1200_r1_s.jpg","articleSection":["Siyas\u0259t"],"inLanguage":"az"},{"@type":"WebPage","@id":"https:\/\/www.meydan.tv\/az\/article\/abs-sefirliyinden-oz-vetendaslarina-terror-tehdidi\/","url":"https:\/\/www.meydan.tv\/az\/article\/abs-sefirliyinden-oz-vetendaslarina-terror-tehdidi\/","name":"AB\u015e s\u0259firliyind\u0259n \u00f6z v\u0259t\u0259nda\u015flar\u0131na terror x\u0259b\u0259rdarl\u0131\u011f\u0131 - MEYDAN.TV","isPartOf":{"@id":"https:\/\/www.meydan.tv\/az\/#website"},"primaryImageOfPage":{"@id":"https:\/\/www.meydan.tv\/az\/article\/abs-sefirliyinden-oz-vetendaslarina-terror-tehdidi\/#primaryimage"},"image":{"@id":"https:\/\/www.meydan.tv\/az\/article\/abs-sefirliyinden-oz-vetendaslarina-terror-tehdidi\/#primaryimage"},"thumbnailUrl":"https:\/\/www.meydan.tv\/wp-content\/uploads\/8f41ff4b-73eb-4bf4-9dba-2bb38c5fb4eb_w1200_r1_s.jpg","datePublished":"2020-10-24T21:29:48+00:00","breadcrumb":{"@id":"https:\/\/www.meydan.tv\/az\/article\/abs-sefirliyinden-oz-vetendaslarina-terror-tehdidi\/#breadcrumb"},"inLanguage":"az","potentialAction":[{"@type":"ReadAction","target":["https:\/\/www.meydan.tv\/az\/article\/abs-sefirliyinden-oz-vetendaslarina-terror-tehdidi\/"]}]},{"@type":"ImageObject","inLanguage":"az","@id":"https:\/\/www.meydan.tv\/az\/article\/abs-sefirliyinden-oz-vetendaslarina-terror-tehdidi\/#primaryimage","url":"https:\/\/www.meydan.tv\/wp-content\/uploads\/8f41ff4b-73eb-4bf4-9dba-2bb38c5fb4eb_w1200_r1_s.jpg","contentUrl":"https:\/\/www.meydan.tv\/wp-content\/uploads\/8f41ff4b-73eb-4bf4-9dba-2bb38c5fb4eb_w1200_r1_s.jpg","width":1200,"height":675,"caption":"Foto: Meydan TV"},{"@type":"BreadcrumbList","@id":"https:\/\/www.meydan.tv\/az\/article\/abs-sefirliyinden-oz-vetendaslarina-terror-tehdidi\/#breadcrumb","itemListElement":[{"@type":"ListItem","position":1,"name":"Ana s\u0259hif\u0259","item":"https:\/\/www.meydan.tv\/az\/"},{"@type":"ListItem","position":2,"name":"Siyas\u0259t","item":"https:\/\/www.meydan.tv\/az\/section\/siyaset\/"},{"@type":"ListItem","position":3,"name":"AB\u015e s\u0259firliyind\u0259n \u00f6z v\u0259t\u0259nda\u015flar\u0131na terror x\u0259b\u0259rdarl\u0131\u011f\u0131"}]},{"@type":"WebSite","@id":"https:\/\/www.meydan.tv\/az\/#website","url":"https:\/\/www.meydan.tv\/az\/","name":"MEYDAN.TV","description":"Meydan TV Az\u0259rbaycan\u0131n media m\u0259kan\u0131ndak\u0131 alternativ s\u0259sidir","publisher":{"@id":"https:\/\/www.meydan.tv\/az\/#organization"},"potentialAction":[{"@type":"SearchAction","target":{"@type":"EntryPoint","urlTemplate":"https:\/\/www.meydan.tv\/az\/?s={search_term_string}"},"query-input":{"@type":"PropertyValueSpecification","valueRequired":true,"valueName":"search_term_string"}}],"inLanguage":"az"},{"@type":"Organization","@id":"https:\/\/www.meydan.tv\/az\/#organization","name":"Meydan TV","url":"https:\/\/www.meydan.tv\/az\/","logo":{"@type":"ImageObject","inLanguage":"az","@id":"https:\/\/www.meydan.tv\/az\/#\/schema\/logo\/image\/","url":"https:\/\/www.meydan.tv\/wp-content\/uploads\/2021\/07\/meydan-logo.svg","contentUrl":"https:\/\/www.meydan.tv\/wp-content\/uploads\/2021\/07\/meydan-logo.svg","width":195,"height":46,"caption":"Meydan TV"},"image":{"@id":"https:\/\/www.meydan.tv\/az\/#\/schema\/logo\/image\/"}},{"@type":"Person","@id":"https:\/\/www.meydan.tv\/az\/#\/schema\/person\/10d11eccf6da3662cf5fdab9806ea91a","name":"user-manager"}]}},"_links":{"self":[{"href":"https:\/\/www.meydan.tv\/az\/wp-json\/wp\/v2\/posts\/203205","targetHints":{"allow":["GET"]}}],"collection":[{"href":"https:\/\/www.meydan.tv\/az\/wp-json\/wp\/v2\/posts"}],"about":[{"href":"https:\/\/www.meydan.tv\/az\/wp-json\/wp\/v2\/types\/post"}],"author":[{"embeddable":true,"href":"https:\/\/www.meydan.tv\/az\/wp-json\/wp\/v2\/users\/11"}],"replies":[{"embeddable":true,"href":"https:\/\/www.meydan.tv\/az\/wp-json\/wp\/v2\/comments?post=203205"}],"version-history":[{"count":0,"href":"https:\/\/www.meydan.tv\/az\/wp-json\/wp\/v2\/posts\/203205\/revisions"}],"wp:featuredmedia":[{"embeddable":true,"href":"https:\/\/www.meydan.tv\/az\/wp-json\/wp\/v2\/media\/131900"}],"wp:attachment":[{"href":"https:\/\/www.meydan.tv\/az\/wp-json\/wp\/v2\/media?parent=203205"}],"wp:term":[{"taxonomy":"category","embeddable":true,"href":"https:\/\/www.meydan.tv\/az\/wp-json\/wp\/v2\/categories?post=203205"},{"taxonomy":"post_tag","embeddable":true,"href":"https:\/\/www.meydan.tv\/az\/wp-json\/wp\/v2\/tags?post=203205"}],"curies":[{"name":"wp","href":"https:\/\/api.w.org\/{rel}","templated":true}]}}