{"id":203187,"date":"2020-10-23T15:52:33","date_gmt":"2020-10-23T15:52:33","guid":{"rendered":"https:\/\/www.meydan.tv\/article\/xocavend-qubadli-zengilan-ve-cebrayilin-kendleri-geri-alinib\/"},"modified":"2020-10-23T15:52:33","modified_gmt":"2020-10-23T15:52:33","slug":"xocavend-qubadli-zengilan-ve-cebrayilin-kendleri-geri-alinib","status":"publish","type":"post","link":"https:\/\/www.meydan.tv\/az\/article\/xocavend-qubadli-zengilan-ve-cebrayilin-kendleri-geri-alinib\/","title":{"rendered":"Xocav\u0259nd, Qubadl\u0131, Z\u0259ngilan v\u0259 C\u0259bray\u0131l\u0131n k\u0259ndl\u0259ri geri al\u0131n\u0131b"},"content":{"rendered":"<p>\n  <i><br \/>\n    G\u00fcn \u0259rzind\u0259 13 k\u0259nd i\u015f\u011faldan azad olunub<br \/>\n  <\/i>\n<\/p>\n<p>\n  Oktyabr\u0131n 23-d\u0259 Az\u0259rbaycan ordusu Qubadl\u0131 rayonunun Zilanl\u0131, K\u00fcrd Mahr\u0131zl\u0131, Mu\u011fanl\u0131 v\u0259 Alaqur\u015faq k\u0259ndl\u0259rini i\u015f\u011faldan azad edib.\n<\/p>\n<p>\n  Bu bar\u0259d\u0259 Az\u0259rbaycan Prezidenti \u0130lham \u018fliyev \u00f6z\u00fcn\u00fcn \u201cTwitter\u201d hesab\u0131nda m\u0259lumat payla\u015f\u0131b.\n<\/p>\n<p>\n  Prezident eyni zamanda, Xocav\u0259nd, C\u0259bray\u0131l v\u0259 Z\u0259ngilan rayonlar\u0131n\u0131n da b\u0259zi k\u0259ndl\u0259rinin i\u015f\u011faldan azad edildiyini bildirib. H\u0259min k\u0259ndl\u0259r Xocav\u0259ndin Dolanar, B\u00fcnyadl\u0131, C\u0259bray\u0131l\u0131n Da\u011f Tumas, N\u00fcs\u00fcs, X\u0259l\u0259fli, Minba\u015f\u0131l\u0131, Veys\u0259lli, Z\u0259ngilan\u0131n V\u0259n\u0259dli v\u0259 Mirz\u0259h\u0259s\u0259nli k\u0259ndl\u0259ridir.\n<\/p>\n<p>\n  Az\u0259rbaycan v\u0259 Erm\u0259nistan silahl\u0131 q\u00fcvv\u0259l\u0259rinin t\u0259mas x\u0259ttind\u0259 sentyabr\u0131n 27-d\u0259n a\u011f\u0131r d\u00f6y\u00fc\u015fl\u0259rin getdiyi bildirilir. H\u0259r iki t\u0259r\u0259fd\u0259n itkil\u0259r var. Az\u0259rbaycan son g\u00fcnl\u0259r 140-dan \u00e7ox k\u0259ndi, C\u0259bray\u0131l, F\u00fczuli, Z\u0259ngilan \u015f\u0259h\u0259rl\u0259rini, Hadrut, Mincivan v\u0259 A\u011fb\u0259nd q\u0259s\u0259b\u0259l\u0259rini i\u015f\u011faldan azad etdiyini a\u00e7\u0131qlay\u0131b.\n<\/p>\n<p>\n  Qaraba\u011f m\u00fcnaqi\u015f\u0259si Erm\u0259nistan\u0131n Az\u0259rbaycana \u0259razi iddialar\u0131 il\u0259 1988-ci ild\u0259 ba\u015flay\u0131b. 1994-c\u00fc ild\u0259 ger\u00e7\u0259kl\u0259\u015f\u0259n at\u0259\u015fk\u0259s raz\u0131la\u015fmas\u0131na q\u0259d\u0259r Az\u0259rbaycan\u0131n Da\u011fl\u0131q Qaraba\u011f b\u00f6lg\u0259si v\u0259 ona biti\u015fik 7 rayonu i\u015f\u011fal edilmi\u015fdi.\n<\/p>\n<p>\n  Da\u011fl\u0131q Qaraba\u011f m\u00fcnaqi\u015f\u0259sinin h\u0259lli il\u0259 ba\u011fl\u0131 s\u00fclh dan\u0131\u015f\u0131qlar\u0131 AT\u018fT-in Minsk qrupu h\u0259ms\u0259drl\u0259rinin vasit\u0259\u00e7iliyi il\u0259 apar\u0131l\u0131r. AB\u015e, Rusiya v\u0259 Fransa h\u0259ms\u0259dr d\u00f6vl\u0259tl\u0259rdir.\n<\/p>\n<p>\n  Oktyabr\u0131n 1-d\u0259 bu qurumun h\u0259ms\u0259dr \u00f6lk\u0259l\u0259rinin liderl\u0259ri birg\u0259 b\u0259yanat yayaraq t\u0259r\u0259fl\u0259ri h\u0259rbi \u0259m\u0259liyyatlar\u0131 dayand\u0131r\u0131b, ilkin \u015f\u0259rtsiz s\u00fclh dan\u0131\u015f\u0131qlar\u0131n\u0131 b\u0259rpa etm\u0259y\u0259 \u00e7a\u011f\u0131r\u0131blar.<\/p>\n","protected":false},"excerpt":{"rendered":"<p>H\u0259min k\u0259ndl\u0259r Xocav\u0259ndin Dolanar, B\u00fcnyadl\u0131, C\u0259bray\u0131l\u0131n Da\u011f Tumas, N\u00fcs\u00fcs, X\u0259l\u0259fli, Minba\u015f\u0131l\u0131, Veys\u0259lli, Z\u0259ngilan\u0131n V\u0259n\u0259dli v\u0259 Mirz\u0259h\u0259s\u0259nli k\u0259ndl\u0259ridir.<\/p>\n","protected":false},"author":11,"featured_media":150122,"comment_status":"closed","ping_status":"open","sticky":false,"template":"","format":"standard","meta":{"_acf_changed":false,"_sitemap_exclude":false,"_sitemap_priority":"","_sitemap_frequency":"","footnotes":""},"categories":[59],"tags":[],"class_list":["post-203187","post","type-post","status-publish","format-standard","has-post-thumbnail","hentry","category-siyaset","infinite-scroll-item","generate-columns","tablet-grid-50","mobile-grid-100","grid-parent","grid-33","no-featured-image-padding"],"acf":[],"yoast_head":"<!-- This site is optimized with the Yoast SEO plugin v28.4 - https:\/\/yoast.com\/product\/yoast-seo-wordpress\/ -->\n<title>Xocav\u0259nd, Qubadl\u0131, Z\u0259ngilan v\u0259 C\u0259bray\u0131l\u0131n k\u0259ndl\u0259ri geri al\u0131n\u0131b - MEYDAN.TV<\/title>\n<meta name=\"robots\" content=\"index, follow, max-snippet:-1, max-image-preview:large, max-video-preview:-1\" \/>\n<link rel=\"canonical\" href=\"https:\/\/www.meydan.tv\/az\/article\/xocavend-qubadli-zengilan-ve-cebrayilin-kendleri-geri-alinib\/\" \/>\n<meta property=\"og:locale\" content=\"az_AZ\" \/>\n<meta property=\"og:type\" content=\"article\" \/>\n<meta property=\"og:title\" content=\"Xocav\u0259nd, Qubadl\u0131, Z\u0259ngilan v\u0259 C\u0259bray\u0131l\u0131n k\u0259ndl\u0259ri geri al\u0131n\u0131b - MEYDAN.TV\" \/>\n<meta property=\"og:description\" content=\"H\u0259min k\u0259ndl\u0259r Xocav\u0259ndin Dolanar, B\u00fcnyadl\u0131, C\u0259bray\u0131l\u0131n Da\u011f Tumas, N\u00fcs\u00fcs, X\u0259l\u0259fli, Minba\u015f\u0131l\u0131, Veys\u0259lli, Z\u0259ngilan\u0131n V\u0259n\u0259dli v\u0259 Mirz\u0259h\u0259s\u0259nli k\u0259ndl\u0259ridir.\" \/>\n<meta property=\"og:url\" content=\"https:\/\/www.meydan.tv\/az\/article\/xocavend-qubadli-zengilan-ve-cebrayilin-kendleri-geri-alinib\/\" \/>\n<meta property=\"og:site_name\" content=\"MEYDAN.TV\" \/>\n<meta property=\"article:published_time\" content=\"2020-10-23T15:52:33+00:00\" \/>\n<meta property=\"og:image\" content=\"https:\/\/www.meydan.tv\/wp-content\/uploads\/aliyev_qu9zhov-scaled.jpg\" \/>\n\t<meta property=\"og:image:width\" content=\"2560\" \/>\n\t<meta property=\"og:image:height\" content=\"1707\" \/>\n\t<meta property=\"og:image:type\" content=\"image\/jpeg\" \/>\n<meta name=\"twitter:card\" content=\"summary_large_image\" \/>\n<!-- \/ Yoast SEO plugin. -->","yoast_head_json":{"title":"Xocav\u0259nd, Qubadl\u0131, Z\u0259ngilan v\u0259 C\u0259bray\u0131l\u0131n k\u0259ndl\u0259ri geri al\u0131n\u0131b - MEYDAN.TV","robots":{"index":"index","follow":"follow","max-snippet":"max-snippet:-1","max-image-preview":"max-image-preview:large","max-video-preview":"max-video-preview:-1"},"canonical":"https:\/\/www.meydan.tv\/az\/article\/xocavend-qubadli-zengilan-ve-cebrayilin-kendleri-geri-alinib\/","og_locale":"az_AZ","og_type":"article","og_title":"Xocav\u0259nd, Qubadl\u0131, Z\u0259ngilan v\u0259 C\u0259bray\u0131l\u0131n k\u0259ndl\u0259ri geri al\u0131n\u0131b - MEYDAN.TV","og_description":"H\u0259min k\u0259ndl\u0259r Xocav\u0259ndin Dolanar, B\u00fcnyadl\u0131, C\u0259bray\u0131l\u0131n Da\u011f Tumas, N\u00fcs\u00fcs, X\u0259l\u0259fli, Minba\u015f\u0131l\u0131, Veys\u0259lli, Z\u0259ngilan\u0131n V\u0259n\u0259dli v\u0259 Mirz\u0259h\u0259s\u0259nli k\u0259ndl\u0259ridir.","og_url":"https:\/\/www.meydan.tv\/az\/article\/xocavend-qubadli-zengilan-ve-cebrayilin-kendleri-geri-alinib\/","og_site_name":"MEYDAN.TV","article_published_time":"2020-10-23T15:52:33+00:00","og_image":[{"width":2560,"height":1707,"url":"https:\/\/www.meydan.tv\/wp-content\/uploads\/aliyev_qu9zhov-scaled.jpg","type":"image\/jpeg"}],"twitter_card":"summary_large_image","schema":{"@context":"https:\/\/schema.org","@graph":[{"@type":"Article","@id":"https:\/\/www.meydan.tv\/az\/article\/xocavend-qubadli-zengilan-ve-cebrayilin-kendleri-geri-alinib\/#article","isPartOf":{"@id":"https:\/\/www.meydan.tv\/az\/article\/xocavend-qubadli-zengilan-ve-cebrayilin-kendleri-geri-alinib\/"},"author":{"name":"user-manager","@id":"https:\/\/www.meydan.tv\/az\/#\/schema\/person\/10d11eccf6da3662cf5fdab9806ea91a"},"headline":"Xocav\u0259nd, Qubadl\u0131, Z\u0259ngilan v\u0259 C\u0259bray\u0131l\u0131n k\u0259ndl\u0259ri geri al\u0131n\u0131b","datePublished":"2020-10-23T15:52:33+00:00","mainEntityOfPage":{"@id":"https:\/\/www.meydan.tv\/az\/article\/xocavend-qubadli-zengilan-ve-cebrayilin-kendleri-geri-alinib\/"},"wordCount":342,"publisher":{"@id":"https:\/\/www.meydan.tv\/az\/#organization"},"image":{"@id":"https:\/\/www.meydan.tv\/az\/article\/xocavend-qubadli-zengilan-ve-cebrayilin-kendleri-geri-alinib\/#primaryimage"},"thumbnailUrl":"https:\/\/www.meydan.tv\/wp-content\/uploads\/aliyev_qu9zhov-scaled.jpg","articleSection":["Siyas\u0259t"],"inLanguage":"az"},{"@type":"WebPage","@id":"https:\/\/www.meydan.tv\/az\/article\/xocavend-qubadli-zengilan-ve-cebrayilin-kendleri-geri-alinib\/","url":"https:\/\/www.meydan.tv\/az\/article\/xocavend-qubadli-zengilan-ve-cebrayilin-kendleri-geri-alinib\/","name":"Xocav\u0259nd, Qubadl\u0131, Z\u0259ngilan v\u0259 C\u0259bray\u0131l\u0131n k\u0259ndl\u0259ri geri al\u0131n\u0131b - MEYDAN.TV","isPartOf":{"@id":"https:\/\/www.meydan.tv\/az\/#website"},"primaryImageOfPage":{"@id":"https:\/\/www.meydan.tv\/az\/article\/xocavend-qubadli-zengilan-ve-cebrayilin-kendleri-geri-alinib\/#primaryimage"},"image":{"@id":"https:\/\/www.meydan.tv\/az\/article\/xocavend-qubadli-zengilan-ve-cebrayilin-kendleri-geri-alinib\/#primaryimage"},"thumbnailUrl":"https:\/\/www.meydan.tv\/wp-content\/uploads\/aliyev_qu9zhov-scaled.jpg","datePublished":"2020-10-23T15:52:33+00:00","breadcrumb":{"@id":"https:\/\/www.meydan.tv\/az\/article\/xocavend-qubadli-zengilan-ve-cebrayilin-kendleri-geri-alinib\/#breadcrumb"},"inLanguage":"az","potentialAction":[{"@type":"ReadAction","target":["https:\/\/www.meydan.tv\/az\/article\/xocavend-qubadli-zengilan-ve-cebrayilin-kendleri-geri-alinib\/"]}]},{"@type":"ImageObject","inLanguage":"az","@id":"https:\/\/www.meydan.tv\/az\/article\/xocavend-qubadli-zengilan-ve-cebrayilin-kendleri-geri-alinib\/#primaryimage","url":"https:\/\/www.meydan.tv\/wp-content\/uploads\/aliyev_qu9zhov-scaled.jpg","contentUrl":"https:\/\/www.meydan.tv\/wp-content\/uploads\/aliyev_qu9zhov-scaled.jpg","width":2560,"height":1707,"caption":"Source: \u0418\u043b\u043b\u044e\u0441\u0442\u0440\u0430\u0446\u0438\u044f \u041c\u0435\u0439\u0434\u0430\u043d \u0422\u0412"},{"@type":"BreadcrumbList","@id":"https:\/\/www.meydan.tv\/az\/article\/xocavend-qubadli-zengilan-ve-cebrayilin-kendleri-geri-alinib\/#breadcrumb","itemListElement":[{"@type":"ListItem","position":1,"name":"Ana s\u0259hif\u0259","item":"https:\/\/www.meydan.tv\/az\/"},{"@type":"ListItem","position":2,"name":"Siyas\u0259t","item":"https:\/\/www.meydan.tv\/az\/section\/siyaset\/"},{"@type":"ListItem","position":3,"name":"Xocav\u0259nd, Qubadl\u0131, Z\u0259ngilan v\u0259 C\u0259bray\u0131l\u0131n k\u0259ndl\u0259ri geri al\u0131n\u0131b"}]},{"@type":"WebSite","@id":"https:\/\/www.meydan.tv\/az\/#website","url":"https:\/\/www.meydan.tv\/az\/","name":"MEYDAN.TV","description":"Meydan TV Az\u0259rbaycan\u0131n media m\u0259kan\u0131ndak\u0131 alternativ s\u0259sidir","publisher":{"@id":"https:\/\/www.meydan.tv\/az\/#organization"},"potentialAction":[{"@type":"SearchAction","target":{"@type":"EntryPoint","urlTemplate":"https:\/\/www.meydan.tv\/az\/?s={search_term_string}"},"query-input":{"@type":"PropertyValueSpecification","valueRequired":true,"valueName":"search_term_string"}}],"inLanguage":"az"},{"@type":"Organization","@id":"https:\/\/www.meydan.tv\/az\/#organization","name":"Meydan TV","url":"https:\/\/www.meydan.tv\/az\/","logo":{"@type":"ImageObject","inLanguage":"az","@id":"https:\/\/www.meydan.tv\/az\/#\/schema\/logo\/image\/","url":"https:\/\/www.meydan.tv\/wp-content\/uploads\/2021\/07\/meydan-logo.svg","contentUrl":"https:\/\/www.meydan.tv\/wp-content\/uploads\/2021\/07\/meydan-logo.svg","width":195,"height":46,"caption":"Meydan TV"},"image":{"@id":"https:\/\/www.meydan.tv\/az\/#\/schema\/logo\/image\/"}},{"@type":"Person","@id":"https:\/\/www.meydan.tv\/az\/#\/schema\/person\/10d11eccf6da3662cf5fdab9806ea91a","name":"user-manager"}]}},"_links":{"self":[{"href":"https:\/\/www.meydan.tv\/az\/wp-json\/wp\/v2\/posts\/203187","targetHints":{"allow":["GET"]}}],"collection":[{"href":"https:\/\/www.meydan.tv\/az\/wp-json\/wp\/v2\/posts"}],"about":[{"href":"https:\/\/www.meydan.tv\/az\/wp-json\/wp\/v2\/types\/post"}],"author":[{"embeddable":true,"href":"https:\/\/www.meydan.tv\/az\/wp-json\/wp\/v2\/users\/11"}],"replies":[{"embeddable":true,"href":"https:\/\/www.meydan.tv\/az\/wp-json\/wp\/v2\/comments?post=203187"}],"version-history":[{"count":0,"href":"https:\/\/www.meydan.tv\/az\/wp-json\/wp\/v2\/posts\/203187\/revisions"}],"wp:featuredmedia":[{"embeddable":true,"href":"https:\/\/www.meydan.tv\/az\/wp-json\/wp\/v2\/media\/150122"}],"wp:attachment":[{"href":"https:\/\/www.meydan.tv\/az\/wp-json\/wp\/v2\/media?parent=203187"}],"wp:term":[{"taxonomy":"category","embeddable":true,"href":"https:\/\/www.meydan.tv\/az\/wp-json\/wp\/v2\/categories?post=203187"},{"taxonomy":"post_tag","embeddable":true,"href":"https:\/\/www.meydan.tv\/az\/wp-json\/wp\/v2\/tags?post=203187"}],"curies":[{"name":"wp","href":"https:\/\/api.w.org\/{rel}","templated":true}]}}