{"id":203172,"date":"2020-10-23T09:33:51","date_gmt":"2020-10-23T09:33:51","guid":{"rendered":"https:\/\/www.meydan.tv\/article\/mehkeme-evimi-heyetimi-ogurlayana-yungul-ceza-kesib\/"},"modified":"2020-10-23T09:33:51","modified_gmt":"2020-10-23T09:33:51","slug":"mehkeme-evimi-heyetimi-ogurlayana-yungul-ceza-kesib","status":"publish","type":"post","link":"https:\/\/www.meydan.tv\/az\/article\/mehkeme-evimi-heyetimi-ogurlayana-yungul-ceza-kesib\/","title":{"rendered":"\u201cM\u0259hk\u0259m\u0259 evimi, h\u0259y\u0259timi o\u011furlayana y\u00fcng\u00fcl c\u0259za k\u0259sib\u201d"},"content":{"rendered":"<p>\n  <i><br \/>\n    M\u0259tl\u0259b Qas\u0131mov deyir, m\u0259hk\u0259m\u0259 o\u011furluq n\u0259tic\u0259sind\u0259 ona d\u0259ymi\u015f 5 min manat z\u0259r\u0259ri d\u0259 n\u0259z\u0259r\u0259 almay\u0131b<br \/>\n  <\/i>\n<\/p>\n<p>\n  \u201cEvim, h\u0259y\u0259tim talan edilib, bu o\u011furluqla m\u0259n\u0259 5 min manatdan \u00e7ox maddi z\u0259r\u0259r d\u0259yib, h\u0259l\u0259 bunun m\u0259n\u0259vi z\u0259r\u0259rini qoyuram k\u0259nara. \u018fv\u0259zind\u0259 m\u0259hk\u0259m\u0259 qar\u015f\u0131 t\u0259r\u0259f\u0259 y\u00fcng\u00fcl c\u0259za verib. D\u0259ymi\u015f z\u0259r\u0259rin \u00f6d\u0259nilm\u0259sin\u0259 g\u00f6r\u0259 is\u0259 qar\u015f\u0131 t\u0259r\u0259fin \u00fcz\u0259rin\u0259 he\u00e7 bir \u00f6hd\u0259lik qoymay\u0131b\u201d.\n<\/p>\n<p>\n  Lerikin Hamarat k\u0259nd sakini M\u0259tl\u0259b Qas\u0131mov Meydan TV-y\u0259 dan\u0131\u015f\u0131r ki, bu ilin mart ay\u0131nda k\u0259ndd\u0259ki evind\u0259 o\u011furluq olub. Bu bar\u0259d\u0259 qon\u015fulu\u011funda ya\u015fayan yax\u0131n qohumu vasit\u0259sil\u0259 x\u0259b\u0259r tutub. Daxili \u0130\u015fl\u0259r Nazirliyinin 102 Xidm\u0259tin\u0259 m\u0259lumat vers\u0259 d\u0259, karantinl\u0259 \u0259laq\u0259dar Bak\u0131dan k\u0259nara \u00e7\u0131xa bilm\u0259diyi \u00fc\u00e7\u00fcn k\u0259ndd\u0259ki evin\u0259 yaln\u0131z may ay\u0131nda ged\u0259 bilib. Polisl\u0259 birlikd\u0259 h\u0259y\u0259t\u0259 v\u0259 ev\u0259 bax\u0131\u015f ke\u00e7iril\u0259rk\u0259n m\u0259lum olub ki, hasar\u0131 \u0259v\u0259z ed\u0259n 300 metrd\u0259n \u00e7ox d\u0259mir tor, 675 manatl\u0131q qurudulmu\u015f taxta paya, i\u015f\u0131q say\u011fac\u0131, elektrik kabell\u0259ri, evd\u0259ki texniki v\u0259 m\u0259i\u015f\u0259t \u0259\u015fyalar\u0131, bahal\u0131 usta al\u0259tl\u0259ri o\u011furlan\u0131b, qap\u0131lar yerind\u0259n \u00e7\u0131xar\u0131l\u0131b, p\u0259nc\u0259r\u0259l\u0259r s\u0131nd\u0131r\u0131l\u0131b. Polis bu cinay\u0259t\u0259 g\u00f6r\u0259 M\u0259tl\u0259b Qas\u0131movun yax\u0131n qohumu olan Qas\u0131m Qas\u0131movu m\u0259suliyy\u0259t\u0259 c\u0259lb edib. Ancaq bir ne\u00e7\u0259 g\u00fcn \u0259vv\u0259l m\u0259hk\u0259m\u0259nin h\u0259min \u015f\u0259xs bar\u0259sind\u0259 \u00e7\u0131xard\u0131\u011f\u0131 h\u00f6km M\u0259tl\u0259b Qas\u0131movu qane etmir.\n<\/p>\n<p>\n  <b><br \/>\n    \u201cM\u0259hk\u0259m\u0259 h\u00f6km\u00fc il\u0259 raz\u0131 deyil\u0259m\u201d<br \/>\n  <\/b>\n<\/p>\n<p>\n  \u201c\u018fvv\u0259la, cinay\u0259ti \u00f6z\u00fc yox, o\u011flanlar\u0131 t\u00f6r\u0259tmi\u015fdi, o\u011flanlar\u0131na cinay\u0259t i\u015fi a\u00e7\u0131lmas\u0131n dey\u0259, d\u0259rid\u0259n-qab\u0131qdan \u00e7\u0131xd\u0131, cinay\u0259ti \u00f6z \u00fcz\u0259rin\u0259 g\u00f6t\u00fcrd\u00fc. \u018fvv\u0259ld\u0259n bu i\u015f r\u00fc\u015fv\u0259tl\u0259 d\u00fcz\u00fcl\u00fcb qo\u015fuldu. El\u0259 m\u0259hk\u0259m\u0259 d\u0259 r\u00fc\u015fv\u0259t al\u0131b ona y\u00fcng\u00fcl c\u0259za verdi. Oktyabr\u0131n 14-d\u0259 is\u0259 ke\u00e7iril\u0259n sonuncu m\u0259hk\u0259m\u0259 iclas\u0131na \u00e7a\u011f\u0131r\u0131lsam da, qeyd olunan vaxtda m\u0259hk\u0259m\u0259 binas\u0131na \u00e7atanda m\u0259lum oldu ki, iclas t\u0259yin edildiyi vaxtdan tez ke\u00e7irilib. Naraz\u0131l\u0131\u011f\u0131m\u0131 bildirs\u0259m d\u0259, \u0259h\u0259miyy\u0259t verilm\u0259di. Birc\u0259 onu \u00f6yr\u0259n\u0259 bildim ki, Qas\u0131m Qas\u0131mova ev dustaql\u0131\u011f\u0131 c\u0259zas\u0131 k\u0259silib. M\u0259n\u0259 d\u0259ymi\u015f z\u0259r\u0259rin is\u0259 h\u00f6kmd\u0259 ad\u0131 da \u00e7\u0259kilm\u0259yib\u201d, &#8211; \u015fikay\u0259t\u00e7i deyir.\n<\/p>\n<p>\n  <b><br \/>\n    Deyib, m\u0259qs\u0259di o\u011furluq yox, ziyan vurmaq olub<br \/>\n  <\/b>\n<\/p>\n<p>\n  Qas\u0131m Qas\u0131mov bar\u0259sind\u0259 Cinay\u0259t M\u0259c\u0259ll\u0259sinin 177.2.3 (Ya\u015fay\u0131\u015f sah\u0259sin\u0259, habel\u0259, binaya, anbara v\u0259 ya ba\u015fqa saxlanc yerl\u0259rin\u0259 qanunsuz daxil olmaqla o\u011furluq t\u00f6r\u0259tm\u0259k) madd\u0259si il\u0259 cinay\u0259t i\u015fi ba\u015flan\u0131b, i\u015f yekunla\u015fd\u0131qdan sonra m\u0259hk\u0259m\u0259y\u0259 g\u00f6nd\u0259rilib.\n<\/p>\n<p>\n  Qas\u0131m Qas\u0131mov h\u0259m ibtidai istintaqda, h\u0259m d\u0259 m\u0259hk\u0259m\u0259d\u0259 bildirib ki, M\u0259tl\u0259b Qas\u0131movun hasara ald\u0131\u011f\u0131 torpaq sah\u0259si ata-babalar\u0131na m\u0259xsusdur. H\u0259min torpaq pay\u0131nda onun da pay\u0131 var. 2019-cu ilin yay\u0131nda M\u0259tl\u0259b Qas\u0131mov k\u0259nd\u0259 g\u0259l\u0259r\u0259k evini, h\u0259y\u0259t-bacan\u0131 t\u0259mir edib, 2 ay orada qal\u0131b, Bak\u0131ya qay\u0131d\u0131b. M\u0259tl\u0259b Qas\u0131mov k\u0259ndd\u0259 qald\u0131\u011f\u0131 m\u00fcdd\u0259td\u0259 Qas\u0131m Qas\u0131movun mal-qaras\u0131 bir ne\u00e7\u0259 d\u0259f\u0259 onun \u00e7\u0259p\u0259r\u0259 ald\u0131\u011f\u0131 h\u0259y\u0259tyan\u0131 sah\u0259y\u0259 girib, buna g\u00f6r\u0259 M\u0259tl\u0259b onu t\u0259hqir edib. M\u0259tl\u0259b Bak\u0131ya qay\u0131td\u0131qdan sonra say\u011fac\u0131 yerind\u0259n \u00e7\u0131xararaq k\u0259nara at\u0131b, elektrik kabell\u0259rini m\u0259nb\u0259d\u0259n ay\u0131r\u0131b, q\u0131raraq yer\u0259 tullay\u0131b ki, h\u0259y\u0259td\u0259 otlayan heyvanlar\u0131n\u0131 c\u0259r\u0259yan vurmas\u0131n. Evin dam\u0131na \u00e7\u0131xaraq dam \u00f6rt\u00fckl\u0259rini \u00e7\u0131xar\u0131b, evin a\u015fa\u011f\u0131 t\u0259r\u0259fin\u0259 at\u0131b. Tor \u00e7\u0259p\u0259ri v\u0259 usta al\u0259tl\u0259rini d\u0259 h\u0259min yer\u0259 at\u0131b. Evd\u0259ki m\u0259i\u015f\u0259t \u0259\u015fyalar\u0131 (televizor v\u0259 sair) \u0259vv\u0259l \u00f6z evin\u0259 apar\u0131b, M\u0259tl\u0259b Qas\u0131movun polis\u0259 \u015fikay\u0259t etdiyini e\u015fitdikd\u0259n sonra qorxuya d\u00fc\u015f\u0259r\u0259k g\u0259tirib dig\u0259r \u0259\u015fyalar\u0131n yan\u0131na at\u0131b. Taxta payalar\u0131n\u0131 is\u0259 \u00f6z evin\u0259 apararaq odun \u0259v\u0259zi yand\u0131r\u0131b. O, M\u0259tl\u0259b Qas\u0131mova ziyan vurmaq \u00fc\u00e7\u00fcn bel\u0259 etdiyini s\u00f6yl\u0259yib. O, h\u0259min \u0259\u015fyalar\u0131n atd\u0131\u011f\u0131 yerd\u0259n n\u0259 vaxt yoxa \u00e7\u0131xd\u0131\u011f\u0131n\u0131, kim t\u0259r\u0259find\u0259n v\u0259 hara da\u015f\u0131nd\u0131\u011f\u0131n\u0131 bilm\u0259diyini deyib.\n<\/p>\n<p>\n  Lerik Rayon M\u0259hk\u0259m\u0259sind\u0259n bildirilib ki, i\u015f\u0259 hakim Atab\u0259t Ki\u00e7ikb\u0259yovun s\u0259drliyi il\u0259 bax\u0131l\u0131b. Qas\u0131m Qas\u0131mov 1 il 6 ay m\u00fcdd\u0259tin\u0259 azadl\u0131\u011f\u0131n m\u0259hdudla\u015fd\u0131r\u0131lmas\u0131 c\u0259zas\u0131na m\u0259hkum edilib. M\u0259hk\u0259m\u0259 h\u00f6km\u00fc \u015f\u0259rh olunmur, M\u0259tl\u0259b Qas\u0131mov h\u00f6kml\u0259 raz\u0131la\u015fm\u0131rsa, apelyasiya \u015fikay\u0259ti ver\u0259 bil\u0259r.<\/p>\n","protected":false},"excerpt":{"rendered":"<p>Qas\u0131m Qas\u0131mov bar\u0259sind\u0259 Cinay\u0259t M\u0259c\u0259ll\u0259sinin 177.2.3 (Ya\u015fay\u0131\u015f sah\u0259sin\u0259, habel\u0259, binaya, anbara v\u0259 ya ba\u015fqa saxlanc yerl\u0259rin\u0259 qanunsuz daxil olmaqla o\u011furluq t\u00f6r\u0259tm\u0259k) madd\u0259si il\u0259 cinay\u0259t i\u015fi ba\u015flan\u0131b, i\u015f yekunla\u015fd\u0131qdan sonra m\u0259hk\u0259m\u0259y\u0259 g\u00f6nd\u0259rilib.<\/p>\n","protected":false},"author":11,"featured_media":150137,"comment_status":"closed","ping_status":"open","sticky":false,"template":"","format":"standard","meta":{"_acf_changed":false,"_sitemap_exclude":false,"_sitemap_priority":"","_sitemap_frequency":"","footnotes":""},"categories":[60],"tags":[],"class_list":["post-203172","post","type-post","status-publish","format-standard","has-post-thumbnail","hentry","category-bolge","infinite-scroll-item","generate-columns","tablet-grid-50","mobile-grid-100","grid-parent","grid-33","no-featured-image-padding"],"acf":[],"yoast_head":"<!-- This site is optimized with the Yoast SEO plugin v27.5 - https:\/\/yoast.com\/product\/yoast-seo-wordpress\/ -->\n<title>\u201cM\u0259hk\u0259m\u0259 evimi, h\u0259y\u0259timi o\u011furlayana y\u00fcng\u00fcl c\u0259za k\u0259sib\u201d - MEYDAN.TV<\/title>\n<meta name=\"robots\" content=\"index, follow, max-snippet:-1, max-image-preview:large, max-video-preview:-1\" \/>\n<link rel=\"canonical\" href=\"https:\/\/www.meydan.tv\/az\/article\/mehkeme-evimi-heyetimi-ogurlayana-yungul-ceza-kesib\/\" \/>\n<meta property=\"og:locale\" content=\"az_AZ\" \/>\n<meta property=\"og:type\" content=\"article\" \/>\n<meta property=\"og:title\" content=\"\u201cM\u0259hk\u0259m\u0259 evimi, h\u0259y\u0259timi o\u011furlayana y\u00fcng\u00fcl c\u0259za k\u0259sib\u201d - MEYDAN.TV\" \/>\n<meta property=\"og:description\" content=\"Qas\u0131m Qas\u0131mov bar\u0259sind\u0259 Cinay\u0259t M\u0259c\u0259ll\u0259sinin 177.2.3 (Ya\u015fay\u0131\u015f sah\u0259sin\u0259, habel\u0259, binaya, anbara v\u0259 ya ba\u015fqa saxlanc yerl\u0259rin\u0259 qanunsuz daxil olmaqla o\u011furluq t\u00f6r\u0259tm\u0259k) madd\u0259si il\u0259 cinay\u0259t i\u015fi ba\u015flan\u0131b, i\u015f yekunla\u015fd\u0131qdan sonra m\u0259hk\u0259m\u0259y\u0259 g\u00f6nd\u0259rilib.\" \/>\n<meta property=\"og:url\" content=\"https:\/\/www.meydan.tv\/az\/article\/mehkeme-evimi-heyetimi-ogurlayana-yungul-ceza-kesib\/\" \/>\n<meta property=\"og:site_name\" content=\"MEYDAN.TV\" \/>\n<meta property=\"article:published_time\" content=\"2020-10-23T09:33:51+00:00\" \/>\n<meta property=\"og:image\" content=\"https:\/\/www.meydan.tv\/wp-content\/uploads\/photo-2020-10-21-16-47-26_8yrysfx.jpg\" \/>\n\t<meta property=\"og:image:width\" content=\"713\" \/>\n\t<meta property=\"og:image:height\" content=\"534\" \/>\n\t<meta property=\"og:image:type\" content=\"image\/jpeg\" \/>\n<meta name=\"author\" content=\"user-manager\" \/>\n<meta name=\"twitter:card\" content=\"summary_large_image\" \/>\n<script type=\"application\/ld+json\" class=\"yoast-schema-graph\">{\"@context\":\"https:\\\/\\\/schema.org\",\"@graph\":[{\"@type\":\"Article\",\"@id\":\"https:\\\/\\\/www.meydan.tv\\\/az\\\/article\\\/mehkeme-evimi-heyetimi-ogurlayana-yungul-ceza-kesib\\\/#article\",\"isPartOf\":{\"@id\":\"https:\\\/\\\/www.meydan.tv\\\/az\\\/article\\\/mehkeme-evimi-heyetimi-ogurlayana-yungul-ceza-kesib\\\/\"},\"author\":{\"name\":\"user-manager\",\"@id\":\"https:\\\/\\\/www.meydan.tv\\\/az\\\/#\\\/schema\\\/person\\\/10d11eccf6da3662cf5fdab9806ea91a\"},\"headline\":\"\u201cM\u0259hk\u0259m\u0259 evimi, h\u0259y\u0259timi o\u011furlayana y\u00fcng\u00fcl c\u0259za k\u0259sib\u201d\",\"datePublished\":\"2020-10-23T09:33:51+00:00\",\"mainEntityOfPage\":{\"@id\":\"https:\\\/\\\/www.meydan.tv\\\/az\\\/article\\\/mehkeme-evimi-heyetimi-ogurlayana-yungul-ceza-kesib\\\/\"},\"wordCount\":891,\"publisher\":{\"@id\":\"https:\\\/\\\/www.meydan.tv\\\/az\\\/#organization\"},\"image\":{\"@id\":\"https:\\\/\\\/www.meydan.tv\\\/az\\\/article\\\/mehkeme-evimi-heyetimi-ogurlayana-yungul-ceza-kesib\\\/#primaryimage\"},\"thumbnailUrl\":\"https:\\\/\\\/www.meydan.tv\\\/wp-content\\\/uploads\\\/photo-2020-10-21-16-47-26_8yrysfx.jpg\",\"articleSection\":[\"B\u00f6lg\u0259\"],\"inLanguage\":\"az\"},{\"@type\":\"WebPage\",\"@id\":\"https:\\\/\\\/www.meydan.tv\\\/az\\\/article\\\/mehkeme-evimi-heyetimi-ogurlayana-yungul-ceza-kesib\\\/\",\"url\":\"https:\\\/\\\/www.meydan.tv\\\/az\\\/article\\\/mehkeme-evimi-heyetimi-ogurlayana-yungul-ceza-kesib\\\/\",\"name\":\"\u201cM\u0259hk\u0259m\u0259 evimi, h\u0259y\u0259timi o\u011furlayana y\u00fcng\u00fcl c\u0259za k\u0259sib\u201d - MEYDAN.TV\",\"isPartOf\":{\"@id\":\"https:\\\/\\\/www.meydan.tv\\\/az\\\/#website\"},\"primaryImageOfPage\":{\"@id\":\"https:\\\/\\\/www.meydan.tv\\\/az\\\/article\\\/mehkeme-evimi-heyetimi-ogurlayana-yungul-ceza-kesib\\\/#primaryimage\"},\"image\":{\"@id\":\"https:\\\/\\\/www.meydan.tv\\\/az\\\/article\\\/mehkeme-evimi-heyetimi-ogurlayana-yungul-ceza-kesib\\\/#primaryimage\"},\"thumbnailUrl\":\"https:\\\/\\\/www.meydan.tv\\\/wp-content\\\/uploads\\\/photo-2020-10-21-16-47-26_8yrysfx.jpg\",\"datePublished\":\"2020-10-23T09:33:51+00:00\",\"breadcrumb\":{\"@id\":\"https:\\\/\\\/www.meydan.tv\\\/az\\\/article\\\/mehkeme-evimi-heyetimi-ogurlayana-yungul-ceza-kesib\\\/#breadcrumb\"},\"inLanguage\":\"az\",\"potentialAction\":[{\"@type\":\"ReadAction\",\"target\":[\"https:\\\/\\\/www.meydan.tv\\\/az\\\/article\\\/mehkeme-evimi-heyetimi-ogurlayana-yungul-ceza-kesib\\\/\"]}]},{\"@type\":\"ImageObject\",\"inLanguage\":\"az\",\"@id\":\"https:\\\/\\\/www.meydan.tv\\\/az\\\/article\\\/mehkeme-evimi-heyetimi-ogurlayana-yungul-ceza-kesib\\\/#primaryimage\",\"url\":\"https:\\\/\\\/www.meydan.tv\\\/wp-content\\\/uploads\\\/photo-2020-10-21-16-47-26_8yrysfx.jpg\",\"contentUrl\":\"https:\\\/\\\/www.meydan.tv\\\/wp-content\\\/uploads\\\/photo-2020-10-21-16-47-26_8yrysfx.jpg\",\"width\":713,\"height\":534,\"caption\":\"Source: Meydan TV\"},{\"@type\":\"BreadcrumbList\",\"@id\":\"https:\\\/\\\/www.meydan.tv\\\/az\\\/article\\\/mehkeme-evimi-heyetimi-ogurlayana-yungul-ceza-kesib\\\/#breadcrumb\",\"itemListElement\":[{\"@type\":\"ListItem\",\"position\":1,\"name\":\"Ana s\u0259hif\u0259\",\"item\":\"https:\\\/\\\/www.meydan.tv\\\/az\\\/\"},{\"@type\":\"ListItem\",\"position\":2,\"name\":\"B\u00f6lg\u0259\",\"item\":\"https:\\\/\\\/www.meydan.tv\\\/az\\\/section\\\/bolge\\\/\"},{\"@type\":\"ListItem\",\"position\":3,\"name\":\"\u201cM\u0259hk\u0259m\u0259 evimi, h\u0259y\u0259timi o\u011furlayana y\u00fcng\u00fcl c\u0259za k\u0259sib\u201d\"}]},{\"@type\":\"WebSite\",\"@id\":\"https:\\\/\\\/www.meydan.tv\\\/az\\\/#website\",\"url\":\"https:\\\/\\\/www.meydan.tv\\\/az\\\/\",\"name\":\"MEYDAN.TV\",\"description\":\"Meydan TV Az\u0259rbaycan\u0131n media m\u0259kan\u0131ndak\u0131 alternativ s\u0259sidir\",\"publisher\":{\"@id\":\"https:\\\/\\\/www.meydan.tv\\\/az\\\/#organization\"},\"potentialAction\":[{\"@type\":\"SearchAction\",\"target\":{\"@type\":\"EntryPoint\",\"urlTemplate\":\"https:\\\/\\\/www.meydan.tv\\\/az\\\/?s={search_term_string}\"},\"query-input\":{\"@type\":\"PropertyValueSpecification\",\"valueRequired\":true,\"valueName\":\"search_term_string\"}}],\"inLanguage\":\"az\"},{\"@type\":\"Organization\",\"@id\":\"https:\\\/\\\/www.meydan.tv\\\/az\\\/#organization\",\"name\":\"Meydan TV\",\"url\":\"https:\\\/\\\/www.meydan.tv\\\/az\\\/\",\"logo\":{\"@type\":\"ImageObject\",\"inLanguage\":\"az\",\"@id\":\"https:\\\/\\\/www.meydan.tv\\\/az\\\/#\\\/schema\\\/logo\\\/image\\\/\",\"url\":\"https:\\\/\\\/www.meydan.tv\\\/wp-content\\\/uploads\\\/2021\\\/07\\\/meydan-logo.svg\",\"contentUrl\":\"https:\\\/\\\/www.meydan.tv\\\/wp-content\\\/uploads\\\/2021\\\/07\\\/meydan-logo.svg\",\"width\":195,\"height\":46,\"caption\":\"Meydan TV\"},\"image\":{\"@id\":\"https:\\\/\\\/www.meydan.tv\\\/az\\\/#\\\/schema\\\/logo\\\/image\\\/\"}},{\"@type\":\"Person\",\"@id\":\"https:\\\/\\\/www.meydan.tv\\\/az\\\/#\\\/schema\\\/person\\\/10d11eccf6da3662cf5fdab9806ea91a\",\"name\":\"user-manager\"}]}<\/script>\n<!-- \/ Yoast SEO plugin. -->","yoast_head_json":{"title":"\u201cM\u0259hk\u0259m\u0259 evimi, h\u0259y\u0259timi o\u011furlayana y\u00fcng\u00fcl c\u0259za k\u0259sib\u201d - MEYDAN.TV","robots":{"index":"index","follow":"follow","max-snippet":"max-snippet:-1","max-image-preview":"max-image-preview:large","max-video-preview":"max-video-preview:-1"},"canonical":"https:\/\/www.meydan.tv\/az\/article\/mehkeme-evimi-heyetimi-ogurlayana-yungul-ceza-kesib\/","og_locale":"az_AZ","og_type":"article","og_title":"\u201cM\u0259hk\u0259m\u0259 evimi, h\u0259y\u0259timi o\u011furlayana y\u00fcng\u00fcl c\u0259za k\u0259sib\u201d - MEYDAN.TV","og_description":"Qas\u0131m Qas\u0131mov bar\u0259sind\u0259 Cinay\u0259t M\u0259c\u0259ll\u0259sinin 177.2.3 (Ya\u015fay\u0131\u015f sah\u0259sin\u0259, habel\u0259, binaya, anbara v\u0259 ya ba\u015fqa saxlanc yerl\u0259rin\u0259 qanunsuz daxil olmaqla o\u011furluq t\u00f6r\u0259tm\u0259k) madd\u0259si il\u0259 cinay\u0259t i\u015fi ba\u015flan\u0131b, i\u015f yekunla\u015fd\u0131qdan sonra m\u0259hk\u0259m\u0259y\u0259 g\u00f6nd\u0259rilib.","og_url":"https:\/\/www.meydan.tv\/az\/article\/mehkeme-evimi-heyetimi-ogurlayana-yungul-ceza-kesib\/","og_site_name":"MEYDAN.TV","article_published_time":"2020-10-23T09:33:51+00:00","og_image":[{"width":713,"height":534,"url":"https:\/\/www.meydan.tv\/wp-content\/uploads\/photo-2020-10-21-16-47-26_8yrysfx.jpg","type":"image\/jpeg"}],"author":"user-manager","twitter_card":"summary_large_image","schema":{"@context":"https:\/\/schema.org","@graph":[{"@type":"Article","@id":"https:\/\/www.meydan.tv\/az\/article\/mehkeme-evimi-heyetimi-ogurlayana-yungul-ceza-kesib\/#article","isPartOf":{"@id":"https:\/\/www.meydan.tv\/az\/article\/mehkeme-evimi-heyetimi-ogurlayana-yungul-ceza-kesib\/"},"author":{"name":"user-manager","@id":"https:\/\/www.meydan.tv\/az\/#\/schema\/person\/10d11eccf6da3662cf5fdab9806ea91a"},"headline":"\u201cM\u0259hk\u0259m\u0259 evimi, h\u0259y\u0259timi o\u011furlayana y\u00fcng\u00fcl c\u0259za k\u0259sib\u201d","datePublished":"2020-10-23T09:33:51+00:00","mainEntityOfPage":{"@id":"https:\/\/www.meydan.tv\/az\/article\/mehkeme-evimi-heyetimi-ogurlayana-yungul-ceza-kesib\/"},"wordCount":891,"publisher":{"@id":"https:\/\/www.meydan.tv\/az\/#organization"},"image":{"@id":"https:\/\/www.meydan.tv\/az\/article\/mehkeme-evimi-heyetimi-ogurlayana-yungul-ceza-kesib\/#primaryimage"},"thumbnailUrl":"https:\/\/www.meydan.tv\/wp-content\/uploads\/photo-2020-10-21-16-47-26_8yrysfx.jpg","articleSection":["B\u00f6lg\u0259"],"inLanguage":"az"},{"@type":"WebPage","@id":"https:\/\/www.meydan.tv\/az\/article\/mehkeme-evimi-heyetimi-ogurlayana-yungul-ceza-kesib\/","url":"https:\/\/www.meydan.tv\/az\/article\/mehkeme-evimi-heyetimi-ogurlayana-yungul-ceza-kesib\/","name":"\u201cM\u0259hk\u0259m\u0259 evimi, h\u0259y\u0259timi o\u011furlayana y\u00fcng\u00fcl c\u0259za k\u0259sib\u201d - MEYDAN.TV","isPartOf":{"@id":"https:\/\/www.meydan.tv\/az\/#website"},"primaryImageOfPage":{"@id":"https:\/\/www.meydan.tv\/az\/article\/mehkeme-evimi-heyetimi-ogurlayana-yungul-ceza-kesib\/#primaryimage"},"image":{"@id":"https:\/\/www.meydan.tv\/az\/article\/mehkeme-evimi-heyetimi-ogurlayana-yungul-ceza-kesib\/#primaryimage"},"thumbnailUrl":"https:\/\/www.meydan.tv\/wp-content\/uploads\/photo-2020-10-21-16-47-26_8yrysfx.jpg","datePublished":"2020-10-23T09:33:51+00:00","breadcrumb":{"@id":"https:\/\/www.meydan.tv\/az\/article\/mehkeme-evimi-heyetimi-ogurlayana-yungul-ceza-kesib\/#breadcrumb"},"inLanguage":"az","potentialAction":[{"@type":"ReadAction","target":["https:\/\/www.meydan.tv\/az\/article\/mehkeme-evimi-heyetimi-ogurlayana-yungul-ceza-kesib\/"]}]},{"@type":"ImageObject","inLanguage":"az","@id":"https:\/\/www.meydan.tv\/az\/article\/mehkeme-evimi-heyetimi-ogurlayana-yungul-ceza-kesib\/#primaryimage","url":"https:\/\/www.meydan.tv\/wp-content\/uploads\/photo-2020-10-21-16-47-26_8yrysfx.jpg","contentUrl":"https:\/\/www.meydan.tv\/wp-content\/uploads\/photo-2020-10-21-16-47-26_8yrysfx.jpg","width":713,"height":534,"caption":"Source: Meydan TV"},{"@type":"BreadcrumbList","@id":"https:\/\/www.meydan.tv\/az\/article\/mehkeme-evimi-heyetimi-ogurlayana-yungul-ceza-kesib\/#breadcrumb","itemListElement":[{"@type":"ListItem","position":1,"name":"Ana s\u0259hif\u0259","item":"https:\/\/www.meydan.tv\/az\/"},{"@type":"ListItem","position":2,"name":"B\u00f6lg\u0259","item":"https:\/\/www.meydan.tv\/az\/section\/bolge\/"},{"@type":"ListItem","position":3,"name":"\u201cM\u0259hk\u0259m\u0259 evimi, h\u0259y\u0259timi o\u011furlayana y\u00fcng\u00fcl c\u0259za k\u0259sib\u201d"}]},{"@type":"WebSite","@id":"https:\/\/www.meydan.tv\/az\/#website","url":"https:\/\/www.meydan.tv\/az\/","name":"MEYDAN.TV","description":"Meydan TV Az\u0259rbaycan\u0131n media m\u0259kan\u0131ndak\u0131 alternativ s\u0259sidir","publisher":{"@id":"https:\/\/www.meydan.tv\/az\/#organization"},"potentialAction":[{"@type":"SearchAction","target":{"@type":"EntryPoint","urlTemplate":"https:\/\/www.meydan.tv\/az\/?s={search_term_string}"},"query-input":{"@type":"PropertyValueSpecification","valueRequired":true,"valueName":"search_term_string"}}],"inLanguage":"az"},{"@type":"Organization","@id":"https:\/\/www.meydan.tv\/az\/#organization","name":"Meydan TV","url":"https:\/\/www.meydan.tv\/az\/","logo":{"@type":"ImageObject","inLanguage":"az","@id":"https:\/\/www.meydan.tv\/az\/#\/schema\/logo\/image\/","url":"https:\/\/www.meydan.tv\/wp-content\/uploads\/2021\/07\/meydan-logo.svg","contentUrl":"https:\/\/www.meydan.tv\/wp-content\/uploads\/2021\/07\/meydan-logo.svg","width":195,"height":46,"caption":"Meydan TV"},"image":{"@id":"https:\/\/www.meydan.tv\/az\/#\/schema\/logo\/image\/"}},{"@type":"Person","@id":"https:\/\/www.meydan.tv\/az\/#\/schema\/person\/10d11eccf6da3662cf5fdab9806ea91a","name":"user-manager"}]}},"_links":{"self":[{"href":"https:\/\/www.meydan.tv\/az\/wp-json\/wp\/v2\/posts\/203172","targetHints":{"allow":["GET"]}}],"collection":[{"href":"https:\/\/www.meydan.tv\/az\/wp-json\/wp\/v2\/posts"}],"about":[{"href":"https:\/\/www.meydan.tv\/az\/wp-json\/wp\/v2\/types\/post"}],"author":[{"embeddable":true,"href":"https:\/\/www.meydan.tv\/az\/wp-json\/wp\/v2\/users\/11"}],"replies":[{"embeddable":true,"href":"https:\/\/www.meydan.tv\/az\/wp-json\/wp\/v2\/comments?post=203172"}],"version-history":[{"count":0,"href":"https:\/\/www.meydan.tv\/az\/wp-json\/wp\/v2\/posts\/203172\/revisions"}],"wp:featuredmedia":[{"embeddable":true,"href":"https:\/\/www.meydan.tv\/az\/wp-json\/wp\/v2\/media\/150137"}],"wp:attachment":[{"href":"https:\/\/www.meydan.tv\/az\/wp-json\/wp\/v2\/media?parent=203172"}],"wp:term":[{"taxonomy":"category","embeddable":true,"href":"https:\/\/www.meydan.tv\/az\/wp-json\/wp\/v2\/categories?post=203172"},{"taxonomy":"post_tag","embeddable":true,"href":"https:\/\/www.meydan.tv\/az\/wp-json\/wp\/v2\/tags?post=203172"}],"curies":[{"name":"wp","href":"https:\/\/api.w.org\/{rel}","templated":true}]}}